{"id":4992,"date":"2026-02-23T09:09:10","date_gmt":"2026-02-23T12:09:10","guid":{"rendered":"https:\/\/ellotv.com.br\/site\/?p=4992"},"modified":"2026-02-23T09:09:10","modified_gmt":"2026-02-23T12:09:10","slug":"marconi-santana-exalta-raquel-lyra-e-aponta-2026-como-o-carnaval-mais-seguro-da-historia-de-pernambuco","status":"publish","type":"post","link":"https:\/\/ellotv.com.br\/site\/2026\/02\/23\/marconi-santana-exalta-raquel-lyra-e-aponta-2026-como-o-carnaval-mais-seguro-da-historia-de-pernambuco\/","title":{"rendered":"Marconi Santana exalta Raquel Lyra e aponta 2026 como o Carnaval mais seguro da hist\u00f3ria de Pernambuco"},"content":{"rendered":"<p data-start=\"108\" data-end=\"407\">O pr\u00e9-candidato a deputado estadual <strong data-start=\"144\" data-end=\"185\"><span class=\"hover:entity-accent entity-underline inline cursor-pointer align-baseline\"><span class=\"whitespace-normal\">Marconi Santana<\/span><\/span><\/strong> utilizou suas redes sociais para parabenizar a governadora <strong data-start=\"245\" data-end=\"286\"><span class=\"hover:entity-accent entity-underline inline cursor-pointer align-baseline\"><span class=\"whitespace-normal\">Raquel Lyra<\/span><\/span><\/strong> pela condu\u00e7\u00e3o do que j\u00e1 \u00e9 apontado como o Carnaval mais seguro da hist\u00f3ria de <strong data-start=\"365\" data-end=\"406\"><span class=\"hover:entity-accent entity-underline inline cursor-pointer align-baseline\"><span class=\"whitespace-normal\">Pernambuco<\/span><\/span><\/strong>.<\/p>\n<p data-start=\"409\" data-end=\"720\">Mesmo antes da divulga\u00e7\u00e3o oficial dos n\u00fameros consolidados, Marconi destacou que a sensa\u00e7\u00e3o de tranquilidade foi percebida nas ruas, nos polos descentralizados e nos grandes corredores da folia, do Litoral ao Sert\u00e3o. \u201cA seguran\u00e7a n\u00e3o foi discurso, foi presen\u00e7a. E Pernambuco viu isso de ponta a ponta\u201d, afirmou.<\/p>\n<p data-start=\"722\" data-end=\"1032\">O Governo do Estado, por meio da <strong data-start=\"755\" data-end=\"796\"><span class=\"hover:entity-accent entity-underline inline cursor-pointer align-baseline\"><span class=\"whitespace-normal\">Secretaria de Defesa Social de Pernambuco<\/span><\/span><\/strong>, destinou cerca de R$ 12,2 milh\u00f5es \u00e0 Opera\u00e7\u00e3o Carnaval 2026. A a\u00e7\u00e3o mobilizou mais de 68 mil postos extras de trabalho, reunindo policiais, equipes operativas e apoio log\u00edstico antes, durante e ap\u00f3s os principais eventos carnavalescos.<\/p>\n<p data-start=\"1034\" data-end=\"1346\">Nas ruas, o refor\u00e7o foi ostensivo. A <strong data-start=\"1071\" data-end=\"1112\"><span class=\"hover:entity-accent entity-underline inline cursor-pointer align-baseline\"><span class=\"whitespace-normal\">Pol\u00edcia Militar de Pernambuco<\/span><\/span><\/strong> atuou de forma estrat\u00e9gica nos maiores polos, incluindo o tradicional <strong data-start=\"1183\" data-end=\"1224\"><span class=\"hover:entity-accent entity-underline inline cursor-pointer align-baseline\"><span class=\"whitespace-normal\">Galo da Madrugada<\/span><\/span><\/strong>, com cerca de 4 mil policiais distribu\u00eddos ao longo do percurso, al\u00e9m de plataformas elevadas e monitoramento permanente.<\/p>\n<p data-start=\"1348\" data-end=\"1601\">O investimento em tecnologia marcou a edi\u00e7\u00e3o de 2026: 449 c\u00e2meras de videomonitoramento foram instaladas nos polos de folia, dez vezes mais que no ano anterior, somadas \u00e0 amplia\u00e7\u00e3o do uso de drones, reconhecimento facial e monitoramento a\u00e9reo integrado.<\/p>\n<p data-start=\"1603\" data-end=\"1977\">Para Marconi Santana, o resultado evidencia a for\u00e7a do planejamento e da gest\u00e3o. \u201cParabenizo a governadora Raquel Lyra por demonstrar que planejamento, investimento e presen\u00e7a policial firme nas ruas fazem a diferen\u00e7a. \u00c9 poss\u00edvel realizar o maior Carnaval do mundo com responsabilidade, organiza\u00e7\u00e3o e compromisso com o povo. Pernambuco fez festa, e fez com ordem\u201d, declarou.<\/p>\n<p data-start=\"1979\" data-end=\"2317\">Ex-prefeito de <strong data-start=\"1994\" data-end=\"2035\"><span class=\"hover:entity-accent entity-underline inline cursor-pointer align-baseline\"><span class=\"whitespace-normal\">Flores<\/span><\/span><\/strong>, Marconi \u00e9 filiado ao <strong data-start=\"2058\" data-end=\"2099\"><span class=\"hover:entity-accent entity-underline inline cursor-pointer align-baseline\"><span class=\"whitespace-normal\">Partido Social Democr\u00e1tico<\/span><\/span><\/strong> (PSD), mesma legenda da governadora, e \u00e9 apontado nos bastidores como uma das principais apostas do Pal\u00e1cio do Campo das Princesas no Sert\u00e3o para a disputa por uma vaga na Assembleia Legislativa de Pernambuco (Alepe).<\/p>\n","protected":false},"excerpt":{"rendered":"<p>O pr\u00e9-candidato a deputado estadual Marconi Santana utilizou suas redes sociais para parabenizar a governadora Raquel Lyra pela<\/p>\n","protected":false},"author":2,"featured_media":4993,"comment_status":"open","ping_status":"open","sticky":false,"template":"","format":"standard","meta":{"footnotes":""},"categories":[12,9],"tags":[],"class_list":["post-4992","post","type-post","status-publish","format-standard","has-post-thumbnail","hentry","category-noticias","category-regional"],"yoast_head":"<!-- This site is optimized with the Yoast SEO plugin v28.3 - https:\/\/yoast.com\/product\/yoast-seo-wordpress\/ -->\n<title>Marconi Santana exalta Raquel Lyra e aponta 2026 como o Carnaval mais seguro da hist\u00f3ria de Pernambuco - Ello TV<\/title>\n<meta name=\"description\" content=\"Marconi Santana elogia Raquel Lyra e afirma que o Carnaval 2026 foi o mais seguro da hist\u00f3ria de Pernambuco, destacando investimentos, tecnologia e refor\u00e7o policial.\" \/>\n<meta name=\"robots\" content=\"index, follow, max-snippet:-1, max-image-preview:large, max-video-preview:-1\" \/>\n<link rel=\"canonical\" href=\"https:\/\/ellotv.com.br\/site\/2026\/02\/23\/marconi-santana-exalta-raquel-lyra-e-aponta-2026-como-o-carnaval-mais-seguro-da-historia-de-pernambuco\/\" \/>\n<meta property=\"og:locale\" content=\"pt_BR\" \/>\n<meta property=\"og:type\" content=\"article\" \/>\n<meta property=\"og:title\" content=\"Marconi Santana exalta Raquel Lyra e aponta 2026 como o Carnaval mais seguro da hist\u00f3ria de Pernambuco - Ello TV\" \/>\n<meta property=\"og:description\" content=\"Marconi Santana elogia Raquel Lyra e afirma que o Carnaval 2026 foi o mais seguro da hist\u00f3ria de Pernambuco, destacando investimentos, tecnologia e refor\u00e7o policial.\" \/>\n<meta property=\"og:url\" content=\"https:\/\/ellotv.com.br\/site\/2026\/02\/23\/marconi-santana-exalta-raquel-lyra-e-aponta-2026-como-o-carnaval-mais-seguro-da-historia-de-pernambuco\/\" \/>\n<meta property=\"og:site_name\" content=\"Ello TV\" \/>\n<meta property=\"article:published_time\" content=\"2026-02-23T12:09:10+00:00\" \/>\n<meta property=\"og:image\" content=\"https:\/\/ellotv.com.br\/site\/wp-content\/uploads\/2026\/02\/WhatsApp-Image-2026-02-19-at-08.06.45.jpeg\" \/>\n\t<meta property=\"og:image:width\" content=\"800\" \/>\n\t<meta property=\"og:image:height\" content=\"640\" \/>\n\t<meta property=\"og:image:type\" content=\"image\/jpeg\" \/>\n<meta name=\"author\" content=\"ELLO TV\" \/>\n<meta name=\"twitter:card\" content=\"summary_large_image\" \/>\n<meta name=\"twitter:label1\" content=\"Escrito por\" \/>\n\t<meta name=\"twitter:data1\" content=\"ELLO TV\" \/>\n\t<meta name=\"twitter:label2\" content=\"Est. tempo de leitura\" \/>\n\t<meta name=\"twitter:data2\" content=\"2 minutos\" \/>\n<script type=\"application\/ld+json\" class=\"yoast-schema-graph\">{\"@context\":\"https:\\\/\\\/schema.org\",\"@graph\":[{\"@type\":\"Article\",\"@id\":\"https:\\\/\\\/ellotv.com.br\\\/site\\\/2026\\\/02\\\/23\\\/marconi-santana-exalta-raquel-lyra-e-aponta-2026-como-o-carnaval-mais-seguro-da-historia-de-pernambuco\\\/#article\",\"isPartOf\":{\"@id\":\"https:\\\/\\\/ellotv.com.br\\\/site\\\/2026\\\/02\\\/23\\\/marconi-santana-exalta-raquel-lyra-e-aponta-2026-como-o-carnaval-mais-seguro-da-historia-de-pernambuco\\\/\"},\"author\":{\"name\":\"ELLO TV\",\"@id\":\"https:\\\/\\\/ellotv.com.br\\\/site\\\/#\\\/schema\\\/person\\\/2dbe3abaee38dcc7332fc8205cd2b15d\"},\"headline\":\"Marconi Santana exalta Raquel Lyra e aponta 2026 como o Carnaval mais seguro da hist\u00f3ria de Pernambuco\",\"datePublished\":\"2026-02-23T12:09:10+00:00\",\"mainEntityOfPage\":{\"@id\":\"https:\\\/\\\/ellotv.com.br\\\/site\\\/2026\\\/02\\\/23\\\/marconi-santana-exalta-raquel-lyra-e-aponta-2026-como-o-carnaval-mais-seguro-da-historia-de-pernambuco\\\/\"},\"wordCount\":350,\"commentCount\":0,\"publisher\":{\"@id\":\"https:\\\/\\\/ellotv.com.br\\\/site\\\/#organization\"},\"image\":{\"@id\":\"https:\\\/\\\/ellotv.com.br\\\/site\\\/2026\\\/02\\\/23\\\/marconi-santana-exalta-raquel-lyra-e-aponta-2026-como-o-carnaval-mais-seguro-da-historia-de-pernambuco\\\/#primaryimage\"},\"thumbnailUrl\":\"https:\\\/\\\/ellotv.com.br\\\/site\\\/wp-content\\\/uploads\\\/2026\\\/02\\\/WhatsApp-Image-2026-02-19-at-08.06.45.jpeg\",\"articleSection\":[\"Noticias\",\"Regional\"],\"inLanguage\":\"pt-BR\",\"potentialAction\":[{\"@type\":\"CommentAction\",\"name\":\"Comment\",\"target\":[\"https:\\\/\\\/ellotv.com.br\\\/site\\\/2026\\\/02\\\/23\\\/marconi-santana-exalta-raquel-lyra-e-aponta-2026-como-o-carnaval-mais-seguro-da-historia-de-pernambuco\\\/#respond\"]}]},{\"@type\":\"WebPage\",\"@id\":\"https:\\\/\\\/ellotv.com.br\\\/site\\\/2026\\\/02\\\/23\\\/marconi-santana-exalta-raquel-lyra-e-aponta-2026-como-o-carnaval-mais-seguro-da-historia-de-pernambuco\\\/\",\"url\":\"https:\\\/\\\/ellotv.com.br\\\/site\\\/2026\\\/02\\\/23\\\/marconi-santana-exalta-raquel-lyra-e-aponta-2026-como-o-carnaval-mais-seguro-da-historia-de-pernambuco\\\/\",\"name\":\"Marconi Santana exalta Raquel Lyra e aponta 2026 como o Carnaval mais seguro da hist\u00f3ria de Pernambuco - Ello TV\",\"isPartOf\":{\"@id\":\"https:\\\/\\\/ellotv.com.br\\\/site\\\/#website\"},\"primaryImageOfPage\":{\"@id\":\"https:\\\/\\\/ellotv.com.br\\\/site\\\/2026\\\/02\\\/23\\\/marconi-santana-exalta-raquel-lyra-e-aponta-2026-como-o-carnaval-mais-seguro-da-historia-de-pernambuco\\\/#primaryimage\"},\"image\":{\"@id\":\"https:\\\/\\\/ellotv.com.br\\\/site\\\/2026\\\/02\\\/23\\\/marconi-santana-exalta-raquel-lyra-e-aponta-2026-como-o-carnaval-mais-seguro-da-historia-de-pernambuco\\\/#primaryimage\"},\"thumbnailUrl\":\"https:\\\/\\\/ellotv.com.br\\\/site\\\/wp-content\\\/uploads\\\/2026\\\/02\\\/WhatsApp-Image-2026-02-19-at-08.06.45.jpeg\",\"datePublished\":\"2026-02-23T12:09:10+00:00\",\"description\":\"Marconi Santana elogia Raquel Lyra e afirma que o Carnaval 2026 foi o mais seguro da hist\u00f3ria de Pernambuco, destacando investimentos, tecnologia e refor\u00e7o policial.\",\"breadcrumb\":{\"@id\":\"https:\\\/\\\/ellotv.com.br\\\/site\\\/2026\\\/02\\\/23\\\/marconi-santana-exalta-raquel-lyra-e-aponta-2026-como-o-carnaval-mais-seguro-da-historia-de-pernambuco\\\/#breadcrumb\"},\"inLanguage\":\"pt-BR\",\"potentialAction\":[{\"@type\":\"ReadAction\",\"target\":[\"https:\\\/\\\/ellotv.com.br\\\/site\\\/2026\\\/02\\\/23\\\/marconi-santana-exalta-raquel-lyra-e-aponta-2026-como-o-carnaval-mais-seguro-da-historia-de-pernambuco\\\/\"]}]},{\"@type\":\"ImageObject\",\"inLanguage\":\"pt-BR\",\"@id\":\"https:\\\/\\\/ellotv.com.br\\\/site\\\/2026\\\/02\\\/23\\\/marconi-santana-exalta-raquel-lyra-e-aponta-2026-como-o-carnaval-mais-seguro-da-historia-de-pernambuco\\\/#primaryimage\",\"url\":\"https:\\\/\\\/ellotv.com.br\\\/site\\\/wp-content\\\/uploads\\\/2026\\\/02\\\/WhatsApp-Image-2026-02-19-at-08.06.45.jpeg\",\"contentUrl\":\"https:\\\/\\\/ellotv.com.br\\\/site\\\/wp-content\\\/uploads\\\/2026\\\/02\\\/WhatsApp-Image-2026-02-19-at-08.06.45.jpeg\",\"width\":800,\"height\":640},{\"@type\":\"BreadcrumbList\",\"@id\":\"https:\\\/\\\/ellotv.com.br\\\/site\\\/2026\\\/02\\\/23\\\/marconi-santana-exalta-raquel-lyra-e-aponta-2026-como-o-carnaval-mais-seguro-da-historia-de-pernambuco\\\/#breadcrumb\",\"itemListElement\":[{\"@type\":\"ListItem\",\"position\":1,\"name\":\"In\u00edcio\",\"item\":\"https:\\\/\\\/ellotv.com.br\\\/site\\\/\"},{\"@type\":\"ListItem\",\"position\":2,\"name\":\"Marconi Santana exalta Raquel Lyra e aponta 2026 como o Carnaval mais seguro da hist\u00f3ria de Pernambuco\"}]},{\"@type\":\"WebSite\",\"@id\":\"https:\\\/\\\/ellotv.com.br\\\/site\\\/#website\",\"url\":\"https:\\\/\\\/ellotv.com.br\\\/site\\\/\",\"name\":\"ELLO TV\",\"description\":\"\",\"publisher\":{\"@id\":\"https:\\\/\\\/ellotv.com.br\\\/site\\\/#organization\"},\"potentialAction\":[{\"@type\":\"SearchAction\",\"target\":{\"@type\":\"EntryPoint\",\"urlTemplate\":\"https:\\\/\\\/ellotv.com.br\\\/site\\\/?s={search_term_string}\"},\"query-input\":{\"@type\":\"PropertyValueSpecification\",\"valueRequired\":true,\"valueName\":\"search_term_string\"}}],\"inLanguage\":\"pt-BR\"},{\"@type\":\"Organization\",\"@id\":\"https:\\\/\\\/ellotv.com.br\\\/site\\\/#organization\",\"name\":\"ELLO TV\",\"url\":\"https:\\\/\\\/ellotv.com.br\\\/site\\\/\",\"logo\":{\"@type\":\"ImageObject\",\"inLanguage\":\"pt-BR\",\"@id\":\"https:\\\/\\\/ellotv.com.br\\\/site\\\/#\\\/schema\\\/logo\\\/image\\\/\",\"url\":\"https:\\\/\\\/ellotv.com.br\\\/site\\\/wp-content\\\/uploads\\\/2025\\\/11\\\/ello-logo-2.fw_.png\",\"contentUrl\":\"https:\\\/\\\/ellotv.com.br\\\/site\\\/wp-content\\\/uploads\\\/2025\\\/11\\\/ello-logo-2.fw_.png\",\"width\":400,\"height\":146,\"caption\":\"ELLO TV\"},\"image\":{\"@id\":\"https:\\\/\\\/ellotv.com.br\\\/site\\\/#\\\/schema\\\/logo\\\/image\\\/\"}},{\"@type\":\"Person\",\"@id\":\"https:\\\/\\\/ellotv.com.br\\\/site\\\/#\\\/schema\\\/person\\\/2dbe3abaee38dcc7332fc8205cd2b15d\",\"name\":\"ELLO TV\",\"image\":{\"@type\":\"ImageObject\",\"inLanguage\":\"pt-BR\",\"@id\":\"https:\\\/\\\/secure.gravatar.com\\\/avatar\\\/c38242b9da8ec217ac3f0aaee31a54f7d7befb11b2b47fdbc8fb0fad60afa1c6?s=96&d=mm&r=g\",\"url\":\"https:\\\/\\\/secure.gravatar.com\\\/avatar\\\/c38242b9da8ec217ac3f0aaee31a54f7d7befb11b2b47fdbc8fb0fad60afa1c6?s=96&d=mm&r=g\",\"contentUrl\":\"https:\\\/\\\/secure.gravatar.com\\\/avatar\\\/c38242b9da8ec217ac3f0aaee31a54f7d7befb11b2b47fdbc8fb0fad60afa1c6?s=96&d=mm&r=g\",\"caption\":\"ELLO TV\"},\"url\":\"https:\\\/\\\/ellotv.com.br\\\/site\\\/author\\\/elloagencia\\\/\"}]}<\/script>\n<!-- \/ Yoast SEO plugin. -->","yoast_head_json":{"title":"Marconi Santana exalta Raquel Lyra e aponta 2026 como o Carnaval mais seguro da hist\u00f3ria de Pernambuco - Ello TV","description":"Marconi Santana elogia Raquel Lyra e afirma que o Carnaval 2026 foi o mais seguro da hist\u00f3ria de Pernambuco, destacando investimentos, tecnologia e refor\u00e7o policial.","robots":{"index":"index","follow":"follow","max-snippet":"max-snippet:-1","max-image-preview":"max-image-preview:large","max-video-preview":"max-video-preview:-1"},"canonical":"https:\/\/ellotv.com.br\/site\/2026\/02\/23\/marconi-santana-exalta-raquel-lyra-e-aponta-2026-como-o-carnaval-mais-seguro-da-historia-de-pernambuco\/","og_locale":"pt_BR","og_type":"article","og_title":"Marconi Santana exalta Raquel Lyra e aponta 2026 como o Carnaval mais seguro da hist\u00f3ria de Pernambuco - Ello TV","og_description":"Marconi Santana elogia Raquel Lyra e afirma que o Carnaval 2026 foi o mais seguro da hist\u00f3ria de Pernambuco, destacando investimentos, tecnologia e refor\u00e7o policial.","og_url":"https:\/\/ellotv.com.br\/site\/2026\/02\/23\/marconi-santana-exalta-raquel-lyra-e-aponta-2026-como-o-carnaval-mais-seguro-da-historia-de-pernambuco\/","og_site_name":"Ello TV","article_published_time":"2026-02-23T12:09:10+00:00","og_image":[{"width":800,"height":640,"url":"https:\/\/ellotv.com.br\/site\/wp-content\/uploads\/2026\/02\/WhatsApp-Image-2026-02-19-at-08.06.45.jpeg","type":"image\/jpeg"}],"author":"ELLO TV","twitter_card":"summary_large_image","twitter_misc":{"Escrito por":"ELLO TV","Est. tempo de leitura":"2 minutos"},"schema":{"@context":"https:\/\/schema.org","@graph":[{"@type":"Article","@id":"https:\/\/ellotv.com.br\/site\/2026\/02\/23\/marconi-santana-exalta-raquel-lyra-e-aponta-2026-como-o-carnaval-mais-seguro-da-historia-de-pernambuco\/#article","isPartOf":{"@id":"https:\/\/ellotv.com.br\/site\/2026\/02\/23\/marconi-santana-exalta-raquel-lyra-e-aponta-2026-como-o-carnaval-mais-seguro-da-historia-de-pernambuco\/"},"author":{"name":"ELLO TV","@id":"https:\/\/ellotv.com.br\/site\/#\/schema\/person\/2dbe3abaee38dcc7332fc8205cd2b15d"},"headline":"Marconi Santana exalta Raquel Lyra e aponta 2026 como o Carnaval mais seguro da hist\u00f3ria de Pernambuco","datePublished":"2026-02-23T12:09:10+00:00","mainEntityOfPage":{"@id":"https:\/\/ellotv.com.br\/site\/2026\/02\/23\/marconi-santana-exalta-raquel-lyra-e-aponta-2026-como-o-carnaval-mais-seguro-da-historia-de-pernambuco\/"},"wordCount":350,"commentCount":0,"publisher":{"@id":"https:\/\/ellotv.com.br\/site\/#organization"},"image":{"@id":"https:\/\/ellotv.com.br\/site\/2026\/02\/23\/marconi-santana-exalta-raquel-lyra-e-aponta-2026-como-o-carnaval-mais-seguro-da-historia-de-pernambuco\/#primaryimage"},"thumbnailUrl":"https:\/\/ellotv.com.br\/site\/wp-content\/uploads\/2026\/02\/WhatsApp-Image-2026-02-19-at-08.06.45.jpeg","articleSection":["Noticias","Regional"],"inLanguage":"pt-BR","potentialAction":[{"@type":"CommentAction","name":"Comment","target":["https:\/\/ellotv.com.br\/site\/2026\/02\/23\/marconi-santana-exalta-raquel-lyra-e-aponta-2026-como-o-carnaval-mais-seguro-da-historia-de-pernambuco\/#respond"]}]},{"@type":"WebPage","@id":"https:\/\/ellotv.com.br\/site\/2026\/02\/23\/marconi-santana-exalta-raquel-lyra-e-aponta-2026-como-o-carnaval-mais-seguro-da-historia-de-pernambuco\/","url":"https:\/\/ellotv.com.br\/site\/2026\/02\/23\/marconi-santana-exalta-raquel-lyra-e-aponta-2026-como-o-carnaval-mais-seguro-da-historia-de-pernambuco\/","name":"Marconi Santana exalta Raquel Lyra e aponta 2026 como o Carnaval mais seguro da hist\u00f3ria de Pernambuco - Ello TV","isPartOf":{"@id":"https:\/\/ellotv.com.br\/site\/#website"},"primaryImageOfPage":{"@id":"https:\/\/ellotv.com.br\/site\/2026\/02\/23\/marconi-santana-exalta-raquel-lyra-e-aponta-2026-como-o-carnaval-mais-seguro-da-historia-de-pernambuco\/#primaryimage"},"image":{"@id":"https:\/\/ellotv.com.br\/site\/2026\/02\/23\/marconi-santana-exalta-raquel-lyra-e-aponta-2026-como-o-carnaval-mais-seguro-da-historia-de-pernambuco\/#primaryimage"},"thumbnailUrl":"https:\/\/ellotv.com.br\/site\/wp-content\/uploads\/2026\/02\/WhatsApp-Image-2026-02-19-at-08.06.45.jpeg","datePublished":"2026-02-23T12:09:10+00:00","description":"Marconi Santana elogia Raquel Lyra e afirma que o Carnaval 2026 foi o mais seguro da hist\u00f3ria de Pernambuco, destacando investimentos, tecnologia e refor\u00e7o policial.","breadcrumb":{"@id":"https:\/\/ellotv.com.br\/site\/2026\/02\/23\/marconi-santana-exalta-raquel-lyra-e-aponta-2026-como-o-carnaval-mais-seguro-da-historia-de-pernambuco\/#breadcrumb"},"inLanguage":"pt-BR","potentialAction":[{"@type":"ReadAction","target":["https:\/\/ellotv.com.br\/site\/2026\/02\/23\/marconi-santana-exalta-raquel-lyra-e-aponta-2026-como-o-carnaval-mais-seguro-da-historia-de-pernambuco\/"]}]},{"@type":"ImageObject","inLanguage":"pt-BR","@id":"https:\/\/ellotv.com.br\/site\/2026\/02\/23\/marconi-santana-exalta-raquel-lyra-e-aponta-2026-como-o-carnaval-mais-seguro-da-historia-de-pernambuco\/#primaryimage","url":"https:\/\/ellotv.com.br\/site\/wp-content\/uploads\/2026\/02\/WhatsApp-Image-2026-02-19-at-08.06.45.jpeg","contentUrl":"https:\/\/ellotv.com.br\/site\/wp-content\/uploads\/2026\/02\/WhatsApp-Image-2026-02-19-at-08.06.45.jpeg","width":800,"height":640},{"@type":"BreadcrumbList","@id":"https:\/\/ellotv.com.br\/site\/2026\/02\/23\/marconi-santana-exalta-raquel-lyra-e-aponta-2026-como-o-carnaval-mais-seguro-da-historia-de-pernambuco\/#breadcrumb","itemListElement":[{"@type":"ListItem","position":1,"name":"In\u00edcio","item":"https:\/\/ellotv.com.br\/site\/"},{"@type":"ListItem","position":2,"name":"Marconi Santana exalta Raquel Lyra e aponta 2026 como o Carnaval mais seguro da hist\u00f3ria de Pernambuco"}]},{"@type":"WebSite","@id":"https:\/\/ellotv.com.br\/site\/#website","url":"https:\/\/ellotv.com.br\/site\/","name":"ELLO TV","description":"","publisher":{"@id":"https:\/\/ellotv.com.br\/site\/#organization"},"potentialAction":[{"@type":"SearchAction","target":{"@type":"EntryPoint","urlTemplate":"https:\/\/ellotv.com.br\/site\/?s={search_term_string}"},"query-input":{"@type":"PropertyValueSpecification","valueRequired":true,"valueName":"search_term_string"}}],"inLanguage":"pt-BR"},{"@type":"Organization","@id":"https:\/\/ellotv.com.br\/site\/#organization","name":"ELLO TV","url":"https:\/\/ellotv.com.br\/site\/","logo":{"@type":"ImageObject","inLanguage":"pt-BR","@id":"https:\/\/ellotv.com.br\/site\/#\/schema\/logo\/image\/","url":"https:\/\/ellotv.com.br\/site\/wp-content\/uploads\/2025\/11\/ello-logo-2.fw_.png","contentUrl":"https:\/\/ellotv.com.br\/site\/wp-content\/uploads\/2025\/11\/ello-logo-2.fw_.png","width":400,"height":146,"caption":"ELLO TV"},"image":{"@id":"https:\/\/ellotv.com.br\/site\/#\/schema\/logo\/image\/"}},{"@type":"Person","@id":"https:\/\/ellotv.com.br\/site\/#\/schema\/person\/2dbe3abaee38dcc7332fc8205cd2b15d","name":"ELLO TV","image":{"@type":"ImageObject","inLanguage":"pt-BR","@id":"https:\/\/secure.gravatar.com\/avatar\/c38242b9da8ec217ac3f0aaee31a54f7d7befb11b2b47fdbc8fb0fad60afa1c6?s=96&d=mm&r=g","url":"https:\/\/secure.gravatar.com\/avatar\/c38242b9da8ec217ac3f0aaee31a54f7d7befb11b2b47fdbc8fb0fad60afa1c6?s=96&d=mm&r=g","contentUrl":"https:\/\/secure.gravatar.com\/avatar\/c38242b9da8ec217ac3f0aaee31a54f7d7befb11b2b47fdbc8fb0fad60afa1c6?s=96&d=mm&r=g","caption":"ELLO TV"},"url":"https:\/\/ellotv.com.br\/site\/author\/elloagencia\/"}]}},"featured_image_urls":{"full":["https:\/\/ellotv.com.br\/site\/wp-content\/uploads\/2026\/02\/WhatsApp-Image-2026-02-19-at-08.06.45.jpeg",800,640,false],"thumbnail":["https:\/\/ellotv.com.br\/site\/wp-content\/uploads\/2026\/02\/WhatsApp-Image-2026-02-19-at-08.06.45-150x150.jpeg",150,150,true],"medium":["https:\/\/ellotv.com.br\/site\/wp-content\/uploads\/2026\/02\/WhatsApp-Image-2026-02-19-at-08.06.45-300x240.jpeg",300,240,true],"medium_large":["https:\/\/ellotv.com.br\/site\/wp-content\/uploads\/2026\/02\/WhatsApp-Image-2026-02-19-at-08.06.45-768x614.jpeg",640,512,true],"large":["https:\/\/ellotv.com.br\/site\/wp-content\/uploads\/2026\/02\/WhatsApp-Image-2026-02-19-at-08.06.45.jpeg",640,512,false],"1536x1536":["https:\/\/ellotv.com.br\/site\/wp-content\/uploads\/2026\/02\/WhatsApp-Image-2026-02-19-at-08.06.45.jpeg",800,640,false],"2048x2048":["https:\/\/ellotv.com.br\/site\/wp-content\/uploads\/2026\/02\/WhatsApp-Image-2026-02-19-at-08.06.45.jpeg",800,640,false],"darknews-slider-full":["https:\/\/ellotv.com.br\/site\/wp-content\/uploads\/2026\/02\/WhatsApp-Image-2026-02-19-at-08.06.45.jpeg",800,640,false],"darknews-featured":["https:\/\/ellotv.com.br\/site\/wp-content\/uploads\/2026\/02\/WhatsApp-Image-2026-02-19-at-08.06.45.jpeg",800,640,false],"darknews-medium":["https:\/\/ellotv.com.br\/site\/wp-content\/uploads\/2026\/02\/WhatsApp-Image-2026-02-19-at-08.06.45-720x530.jpeg",720,530,true],"darknews-medium-square":["https:\/\/ellotv.com.br\/site\/wp-content\/uploads\/2026\/02\/WhatsApp-Image-2026-02-19-at-08.06.45-350x350.jpeg",350,350,true]},"author_info":{"info":["ELLO TV"]},"category_info":"<a href=\"https:\/\/ellotv.com.br\/site\/category\/noticias\/\" rel=\"category tag\">Noticias<\/a> <a href=\"https:\/\/ellotv.com.br\/site\/category\/regional\/\" rel=\"category tag\">Regional<\/a>","tag_info":"Regional","comment_count":"0","_links":{"self":[{"href":"https:\/\/ellotv.com.br\/site\/wp-json\/wp\/v2\/posts\/4992","targetHints":{"allow":["GET"]}}],"collection":[{"href":"https:\/\/ellotv.com.br\/site\/wp-json\/wp\/v2\/posts"}],"about":[{"href":"https:\/\/ellotv.com.br\/site\/wp-json\/wp\/v2\/types\/post"}],"author":[{"embeddable":true,"href":"https:\/\/ellotv.com.br\/site\/wp-json\/wp\/v2\/users\/2"}],"replies":[{"embeddable":true,"href":"https:\/\/ellotv.com.br\/site\/wp-json\/wp\/v2\/comments?post=4992"}],"version-history":[{"count":1,"href":"https:\/\/ellotv.com.br\/site\/wp-json\/wp\/v2\/posts\/4992\/revisions"}],"predecessor-version":[{"id":4994,"href":"https:\/\/ellotv.com.br\/site\/wp-json\/wp\/v2\/posts\/4992\/revisions\/4994"}],"wp:featuredmedia":[{"embeddable":true,"href":"https:\/\/ellotv.com.br\/site\/wp-json\/wp\/v2\/media\/4993"}],"wp:attachment":[{"href":"https:\/\/ellotv.com.br\/site\/wp-json\/wp\/v2\/media?parent=4992"}],"wp:term":[{"taxonomy":"category","embeddable":true,"href":"https:\/\/ellotv.com.br\/site\/wp-json\/wp\/v2\/categories?post=4992"},{"taxonomy":"post_tag","embeddable":true,"href":"https:\/\/ellotv.com.br\/site\/wp-json\/wp\/v2\/tags?post=4992"}],"curies":[{"name":"wp","href":"https:\/\/api.w.org\/{rel}","templated":true}]}}