{"id":4995,"date":"2026-02-23T09:14:36","date_gmt":"2026-02-23T12:14:36","guid":{"rendered":"https:\/\/ellotv.com.br\/site\/?p=4995"},"modified":"2026-02-23T09:14:36","modified_gmt":"2026-02-23T12:14:36","slug":"mark-zuckerberg-depoe-em-julgamento-historico-sobre-vicio-em-redes-sociais","status":"publish","type":"post","link":"https:\/\/ellotv.com.br\/site\/2026\/02\/23\/mark-zuckerberg-depoe-em-julgamento-historico-sobre-vicio-em-redes-sociais\/","title":{"rendered":"Mark Zuckerberg dep\u00f5e em julgamento hist\u00f3rico sobre v\u00edcio em redes sociais"},"content":{"rendered":"<p data-start=\"80\" data-end=\"384\">O CEO da <strong data-start=\"89\" data-end=\"130\"><span class=\"hover:entity-accent entity-underline inline cursor-pointer align-baseline\"><span class=\"whitespace-normal\">Meta<\/span><\/span><\/strong>, <strong data-start=\"132\" data-end=\"173\"><span class=\"hover:entity-accent entity-underline inline cursor-pointer align-baseline\"><span class=\"whitespace-normal\">Mark Zuckerberg<\/span><\/span><\/strong>, prestou depoimento nesta quarta-feira (18) em um tribunal de <strong data-start=\"236\" data-end=\"277\"><span class=\"hover:entity-accent entity-underline inline cursor-pointer align-baseline\"><span class=\"whitespace-normal\">Los Angeles<\/span><\/span><\/strong>, em um julgamento considerado hist\u00f3rico sobre o suposto v\u00edcio de crian\u00e7as e adolescentes em redes sociais.<\/p>\n<p data-start=\"386\" data-end=\"774\">A a\u00e7\u00e3o foi movida por uma jovem de 20 anos, que afirma ter desenvolvido ansiedade, depress\u00e3o e problemas de autoimagem ap\u00f3s come\u00e7ar a usar plataformas digitais aos 8 anos. Al\u00e9m da Meta, tamb\u00e9m s\u00e3o citadas empresas respons\u00e1veis por plataformas como <strong data-start=\"634\" data-end=\"675\"><span class=\"hover:entity-accent entity-underline inline cursor-pointer align-baseline\"><span class=\"whitespace-normal\">Snap Inc.<\/span><\/span><\/strong> (Snapchat), <strong data-start=\"688\" data-end=\"729\"><span class=\"hover:entity-accent entity-underline inline cursor-pointer align-baseline\"><span class=\"whitespace-normal\">TikTok<\/span><\/span><\/strong> e <strong data-start=\"732\" data-end=\"773\"><span class=\"hover:entity-accent entity-underline inline cursor-pointer align-baseline\"><span class=\"whitespace-normal\">YouTube<\/span><\/span><\/strong>.<\/p>\n<p data-start=\"776\" data-end=\"1093\">Durante o depoimento, Zuckerberg foi questionado se as plataformas foram projetadas para serem viciantes e sobre o acesso de menores de 13 anos ao <strong data-start=\"923\" data-end=\"964\"><span class=\"hover:entity-accent entity-underline inline cursor-pointer align-baseline\"><span class=\"whitespace-normal\">Instagram<\/span><\/span><\/strong>, que exige idade m\u00ednima para cadastro. Ele afirmou que crian\u00e7as abaixo dessa idade n\u00e3o t\u00eam permiss\u00e3o para utilizar o aplicativo.<\/p>\n<p data-start=\"1095\" data-end=\"1303\">Caso haja condena\u00e7\u00e3o, as empresas podem enfrentar um precedente global na responsabiliza\u00e7\u00e3o das plataformas digitais pelos impactos na sa\u00fade mental de usu\u00e1rios jovens. O julgamento deve durar algumas semanas.<\/p>\n","protected":false},"excerpt":{"rendered":"<p>O CEO da Meta, Mark Zuckerberg, prestou depoimento nesta quarta-feira (18) em um tribunal de Los Angeles, em<\/p>\n","protected":false},"author":2,"featured_media":4998,"comment_status":"open","ping_status":"open","sticky":false,"template":"","format":"standard","meta":{"footnotes":""},"categories":[10,12],"tags":[],"class_list":["post-4995","post","type-post","status-publish","format-standard","has-post-thumbnail","hentry","category-mundo","category-noticias"],"yoast_head":"<!-- This site is optimized with the Yoast SEO plugin v28.3 - https:\/\/yoast.com\/product\/yoast-seo-wordpress\/ -->\n<title>Mark Zuckerberg dep\u00f5e em julgamento hist\u00f3rico sobre v\u00edcio em redes sociais - Ello TV<\/title>\n<meta name=\"description\" content=\"Mark Zuckerberg dep\u00f5e em tribunal de Los Angeles em julgamento hist\u00f3rico sobre v\u00edcio em redes sociais e impacto na sa\u00fade mental de jovens.\" \/>\n<meta name=\"robots\" content=\"index, follow, max-snippet:-1, max-image-preview:large, max-video-preview:-1\" \/>\n<link rel=\"canonical\" href=\"https:\/\/ellotv.com.br\/site\/2026\/02\/23\/mark-zuckerberg-depoe-em-julgamento-historico-sobre-vicio-em-redes-sociais\/\" \/>\n<meta property=\"og:locale\" content=\"pt_BR\" \/>\n<meta property=\"og:type\" content=\"article\" \/>\n<meta property=\"og:title\" content=\"Mark Zuckerberg dep\u00f5e em julgamento hist\u00f3rico sobre v\u00edcio em redes sociais - Ello TV\" \/>\n<meta property=\"og:description\" content=\"Mark Zuckerberg dep\u00f5e em tribunal de Los Angeles em julgamento hist\u00f3rico sobre v\u00edcio em redes sociais e impacto na sa\u00fade mental de jovens.\" \/>\n<meta property=\"og:url\" content=\"https:\/\/ellotv.com.br\/site\/2026\/02\/23\/mark-zuckerberg-depoe-em-julgamento-historico-sobre-vicio-em-redes-sociais\/\" \/>\n<meta property=\"og:site_name\" content=\"Ello TV\" \/>\n<meta property=\"article:published_time\" content=\"2026-02-23T12:14:36+00:00\" \/>\n<meta property=\"og:image\" content=\"https:\/\/ellotv.com.br\/site\/wp-content\/uploads\/2026\/02\/3.jpeg\" \/>\n\t<meta property=\"og:image:width\" content=\"994\" \/>\n\t<meta property=\"og:image:height\" content=\"978\" \/>\n\t<meta property=\"og:image:type\" content=\"image\/jpeg\" \/>\n<meta name=\"author\" content=\"ELLO TV\" \/>\n<meta name=\"twitter:card\" content=\"summary_large_image\" \/>\n<meta name=\"twitter:label1\" content=\"Escrito por\" \/>\n\t<meta name=\"twitter:data1\" content=\"ELLO TV\" \/>\n\t<meta name=\"twitter:label2\" content=\"Est. tempo de leitura\" \/>\n\t<meta name=\"twitter:data2\" content=\"1 minuto\" \/>\n<script type=\"application\/ld+json\" class=\"yoast-schema-graph\">{\"@context\":\"https:\\\/\\\/schema.org\",\"@graph\":[{\"@type\":\"Article\",\"@id\":\"https:\\\/\\\/ellotv.com.br\\\/site\\\/2026\\\/02\\\/23\\\/mark-zuckerberg-depoe-em-julgamento-historico-sobre-vicio-em-redes-sociais\\\/#article\",\"isPartOf\":{\"@id\":\"https:\\\/\\\/ellotv.com.br\\\/site\\\/2026\\\/02\\\/23\\\/mark-zuckerberg-depoe-em-julgamento-historico-sobre-vicio-em-redes-sociais\\\/\"},\"author\":{\"name\":\"ELLO TV\",\"@id\":\"https:\\\/\\\/ellotv.com.br\\\/site\\\/#\\\/schema\\\/person\\\/2dbe3abaee38dcc7332fc8205cd2b15d\"},\"headline\":\"Mark Zuckerberg dep\u00f5e em julgamento hist\u00f3rico sobre v\u00edcio em redes sociais\",\"datePublished\":\"2026-02-23T12:14:36+00:00\",\"mainEntityOfPage\":{\"@id\":\"https:\\\/\\\/ellotv.com.br\\\/site\\\/2026\\\/02\\\/23\\\/mark-zuckerberg-depoe-em-julgamento-historico-sobre-vicio-em-redes-sociais\\\/\"},\"wordCount\":183,\"commentCount\":0,\"publisher\":{\"@id\":\"https:\\\/\\\/ellotv.com.br\\\/site\\\/#organization\"},\"image\":{\"@id\":\"https:\\\/\\\/ellotv.com.br\\\/site\\\/2026\\\/02\\\/23\\\/mark-zuckerberg-depoe-em-julgamento-historico-sobre-vicio-em-redes-sociais\\\/#primaryimage\"},\"thumbnailUrl\":\"https:\\\/\\\/ellotv.com.br\\\/site\\\/wp-content\\\/uploads\\\/2026\\\/02\\\/3.jpeg\",\"articleSection\":[\"Mundo\",\"Noticias\"],\"inLanguage\":\"pt-BR\",\"potentialAction\":[{\"@type\":\"CommentAction\",\"name\":\"Comment\",\"target\":[\"https:\\\/\\\/ellotv.com.br\\\/site\\\/2026\\\/02\\\/23\\\/mark-zuckerberg-depoe-em-julgamento-historico-sobre-vicio-em-redes-sociais\\\/#respond\"]}]},{\"@type\":\"WebPage\",\"@id\":\"https:\\\/\\\/ellotv.com.br\\\/site\\\/2026\\\/02\\\/23\\\/mark-zuckerberg-depoe-em-julgamento-historico-sobre-vicio-em-redes-sociais\\\/\",\"url\":\"https:\\\/\\\/ellotv.com.br\\\/site\\\/2026\\\/02\\\/23\\\/mark-zuckerberg-depoe-em-julgamento-historico-sobre-vicio-em-redes-sociais\\\/\",\"name\":\"Mark Zuckerberg dep\u00f5e em julgamento hist\u00f3rico sobre v\u00edcio em redes sociais - Ello TV\",\"isPartOf\":{\"@id\":\"https:\\\/\\\/ellotv.com.br\\\/site\\\/#website\"},\"primaryImageOfPage\":{\"@id\":\"https:\\\/\\\/ellotv.com.br\\\/site\\\/2026\\\/02\\\/23\\\/mark-zuckerberg-depoe-em-julgamento-historico-sobre-vicio-em-redes-sociais\\\/#primaryimage\"},\"image\":{\"@id\":\"https:\\\/\\\/ellotv.com.br\\\/site\\\/2026\\\/02\\\/23\\\/mark-zuckerberg-depoe-em-julgamento-historico-sobre-vicio-em-redes-sociais\\\/#primaryimage\"},\"thumbnailUrl\":\"https:\\\/\\\/ellotv.com.br\\\/site\\\/wp-content\\\/uploads\\\/2026\\\/02\\\/3.jpeg\",\"datePublished\":\"2026-02-23T12:14:36+00:00\",\"description\":\"Mark Zuckerberg dep\u00f5e em tribunal de Los Angeles em julgamento hist\u00f3rico sobre v\u00edcio em redes sociais e impacto na sa\u00fade mental de jovens.\",\"breadcrumb\":{\"@id\":\"https:\\\/\\\/ellotv.com.br\\\/site\\\/2026\\\/02\\\/23\\\/mark-zuckerberg-depoe-em-julgamento-historico-sobre-vicio-em-redes-sociais\\\/#breadcrumb\"},\"inLanguage\":\"pt-BR\",\"potentialAction\":[{\"@type\":\"ReadAction\",\"target\":[\"https:\\\/\\\/ellotv.com.br\\\/site\\\/2026\\\/02\\\/23\\\/mark-zuckerberg-depoe-em-julgamento-historico-sobre-vicio-em-redes-sociais\\\/\"]}]},{\"@type\":\"ImageObject\",\"inLanguage\":\"pt-BR\",\"@id\":\"https:\\\/\\\/ellotv.com.br\\\/site\\\/2026\\\/02\\\/23\\\/mark-zuckerberg-depoe-em-julgamento-historico-sobre-vicio-em-redes-sociais\\\/#primaryimage\",\"url\":\"https:\\\/\\\/ellotv.com.br\\\/site\\\/wp-content\\\/uploads\\\/2026\\\/02\\\/3.jpeg\",\"contentUrl\":\"https:\\\/\\\/ellotv.com.br\\\/site\\\/wp-content\\\/uploads\\\/2026\\\/02\\\/3.jpeg\",\"width\":994,\"height\":978},{\"@type\":\"BreadcrumbList\",\"@id\":\"https:\\\/\\\/ellotv.com.br\\\/site\\\/2026\\\/02\\\/23\\\/mark-zuckerberg-depoe-em-julgamento-historico-sobre-vicio-em-redes-sociais\\\/#breadcrumb\",\"itemListElement\":[{\"@type\":\"ListItem\",\"position\":1,\"name\":\"In\u00edcio\",\"item\":\"https:\\\/\\\/ellotv.com.br\\\/site\\\/\"},{\"@type\":\"ListItem\",\"position\":2,\"name\":\"Mark Zuckerberg dep\u00f5e em julgamento hist\u00f3rico sobre v\u00edcio em redes sociais\"}]},{\"@type\":\"WebSite\",\"@id\":\"https:\\\/\\\/ellotv.com.br\\\/site\\\/#website\",\"url\":\"https:\\\/\\\/ellotv.com.br\\\/site\\\/\",\"name\":\"ELLO TV\",\"description\":\"\",\"publisher\":{\"@id\":\"https:\\\/\\\/ellotv.com.br\\\/site\\\/#organization\"},\"potentialAction\":[{\"@type\":\"SearchAction\",\"target\":{\"@type\":\"EntryPoint\",\"urlTemplate\":\"https:\\\/\\\/ellotv.com.br\\\/site\\\/?s={search_term_string}\"},\"query-input\":{\"@type\":\"PropertyValueSpecification\",\"valueRequired\":true,\"valueName\":\"search_term_string\"}}],\"inLanguage\":\"pt-BR\"},{\"@type\":\"Organization\",\"@id\":\"https:\\\/\\\/ellotv.com.br\\\/site\\\/#organization\",\"name\":\"ELLO TV\",\"url\":\"https:\\\/\\\/ellotv.com.br\\\/site\\\/\",\"logo\":{\"@type\":\"ImageObject\",\"inLanguage\":\"pt-BR\",\"@id\":\"https:\\\/\\\/ellotv.com.br\\\/site\\\/#\\\/schema\\\/logo\\\/image\\\/\",\"url\":\"https:\\\/\\\/ellotv.com.br\\\/site\\\/wp-content\\\/uploads\\\/2025\\\/11\\\/ello-logo-2.fw_.png\",\"contentUrl\":\"https:\\\/\\\/ellotv.com.br\\\/site\\\/wp-content\\\/uploads\\\/2025\\\/11\\\/ello-logo-2.fw_.png\",\"width\":400,\"height\":146,\"caption\":\"ELLO TV\"},\"image\":{\"@id\":\"https:\\\/\\\/ellotv.com.br\\\/site\\\/#\\\/schema\\\/logo\\\/image\\\/\"}},{\"@type\":\"Person\",\"@id\":\"https:\\\/\\\/ellotv.com.br\\\/site\\\/#\\\/schema\\\/person\\\/2dbe3abaee38dcc7332fc8205cd2b15d\",\"name\":\"ELLO TV\",\"image\":{\"@type\":\"ImageObject\",\"inLanguage\":\"pt-BR\",\"@id\":\"https:\\\/\\\/secure.gravatar.com\\\/avatar\\\/c38242b9da8ec217ac3f0aaee31a54f7d7befb11b2b47fdbc8fb0fad60afa1c6?s=96&d=mm&r=g\",\"url\":\"https:\\\/\\\/secure.gravatar.com\\\/avatar\\\/c38242b9da8ec217ac3f0aaee31a54f7d7befb11b2b47fdbc8fb0fad60afa1c6?s=96&d=mm&r=g\",\"contentUrl\":\"https:\\\/\\\/secure.gravatar.com\\\/avatar\\\/c38242b9da8ec217ac3f0aaee31a54f7d7befb11b2b47fdbc8fb0fad60afa1c6?s=96&d=mm&r=g\",\"caption\":\"ELLO TV\"},\"url\":\"https:\\\/\\\/ellotv.com.br\\\/site\\\/author\\\/elloagencia\\\/\"}]}<\/script>\n<!-- \/ Yoast SEO plugin. -->","yoast_head_json":{"title":"Mark Zuckerberg dep\u00f5e em julgamento hist\u00f3rico sobre v\u00edcio em redes sociais - Ello TV","description":"Mark Zuckerberg dep\u00f5e em tribunal de Los Angeles em julgamento hist\u00f3rico sobre v\u00edcio em redes sociais e impacto na sa\u00fade mental de jovens.","robots":{"index":"index","follow":"follow","max-snippet":"max-snippet:-1","max-image-preview":"max-image-preview:large","max-video-preview":"max-video-preview:-1"},"canonical":"https:\/\/ellotv.com.br\/site\/2026\/02\/23\/mark-zuckerberg-depoe-em-julgamento-historico-sobre-vicio-em-redes-sociais\/","og_locale":"pt_BR","og_type":"article","og_title":"Mark Zuckerberg dep\u00f5e em julgamento hist\u00f3rico sobre v\u00edcio em redes sociais - Ello TV","og_description":"Mark Zuckerberg dep\u00f5e em tribunal de Los Angeles em julgamento hist\u00f3rico sobre v\u00edcio em redes sociais e impacto na sa\u00fade mental de jovens.","og_url":"https:\/\/ellotv.com.br\/site\/2026\/02\/23\/mark-zuckerberg-depoe-em-julgamento-historico-sobre-vicio-em-redes-sociais\/","og_site_name":"Ello TV","article_published_time":"2026-02-23T12:14:36+00:00","og_image":[{"width":994,"height":978,"url":"https:\/\/ellotv.com.br\/site\/wp-content\/uploads\/2026\/02\/3.jpeg","type":"image\/jpeg"}],"author":"ELLO TV","twitter_card":"summary_large_image","twitter_misc":{"Escrito por":"ELLO TV","Est. tempo de leitura":"1 minuto"},"schema":{"@context":"https:\/\/schema.org","@graph":[{"@type":"Article","@id":"https:\/\/ellotv.com.br\/site\/2026\/02\/23\/mark-zuckerberg-depoe-em-julgamento-historico-sobre-vicio-em-redes-sociais\/#article","isPartOf":{"@id":"https:\/\/ellotv.com.br\/site\/2026\/02\/23\/mark-zuckerberg-depoe-em-julgamento-historico-sobre-vicio-em-redes-sociais\/"},"author":{"name":"ELLO TV","@id":"https:\/\/ellotv.com.br\/site\/#\/schema\/person\/2dbe3abaee38dcc7332fc8205cd2b15d"},"headline":"Mark Zuckerberg dep\u00f5e em julgamento hist\u00f3rico sobre v\u00edcio em redes sociais","datePublished":"2026-02-23T12:14:36+00:00","mainEntityOfPage":{"@id":"https:\/\/ellotv.com.br\/site\/2026\/02\/23\/mark-zuckerberg-depoe-em-julgamento-historico-sobre-vicio-em-redes-sociais\/"},"wordCount":183,"commentCount":0,"publisher":{"@id":"https:\/\/ellotv.com.br\/site\/#organization"},"image":{"@id":"https:\/\/ellotv.com.br\/site\/2026\/02\/23\/mark-zuckerberg-depoe-em-julgamento-historico-sobre-vicio-em-redes-sociais\/#primaryimage"},"thumbnailUrl":"https:\/\/ellotv.com.br\/site\/wp-content\/uploads\/2026\/02\/3.jpeg","articleSection":["Mundo","Noticias"],"inLanguage":"pt-BR","potentialAction":[{"@type":"CommentAction","name":"Comment","target":["https:\/\/ellotv.com.br\/site\/2026\/02\/23\/mark-zuckerberg-depoe-em-julgamento-historico-sobre-vicio-em-redes-sociais\/#respond"]}]},{"@type":"WebPage","@id":"https:\/\/ellotv.com.br\/site\/2026\/02\/23\/mark-zuckerberg-depoe-em-julgamento-historico-sobre-vicio-em-redes-sociais\/","url":"https:\/\/ellotv.com.br\/site\/2026\/02\/23\/mark-zuckerberg-depoe-em-julgamento-historico-sobre-vicio-em-redes-sociais\/","name":"Mark Zuckerberg dep\u00f5e em julgamento hist\u00f3rico sobre v\u00edcio em redes sociais - Ello TV","isPartOf":{"@id":"https:\/\/ellotv.com.br\/site\/#website"},"primaryImageOfPage":{"@id":"https:\/\/ellotv.com.br\/site\/2026\/02\/23\/mark-zuckerberg-depoe-em-julgamento-historico-sobre-vicio-em-redes-sociais\/#primaryimage"},"image":{"@id":"https:\/\/ellotv.com.br\/site\/2026\/02\/23\/mark-zuckerberg-depoe-em-julgamento-historico-sobre-vicio-em-redes-sociais\/#primaryimage"},"thumbnailUrl":"https:\/\/ellotv.com.br\/site\/wp-content\/uploads\/2026\/02\/3.jpeg","datePublished":"2026-02-23T12:14:36+00:00","description":"Mark Zuckerberg dep\u00f5e em tribunal de Los Angeles em julgamento hist\u00f3rico sobre v\u00edcio em redes sociais e impacto na sa\u00fade mental de jovens.","breadcrumb":{"@id":"https:\/\/ellotv.com.br\/site\/2026\/02\/23\/mark-zuckerberg-depoe-em-julgamento-historico-sobre-vicio-em-redes-sociais\/#breadcrumb"},"inLanguage":"pt-BR","potentialAction":[{"@type":"ReadAction","target":["https:\/\/ellotv.com.br\/site\/2026\/02\/23\/mark-zuckerberg-depoe-em-julgamento-historico-sobre-vicio-em-redes-sociais\/"]}]},{"@type":"ImageObject","inLanguage":"pt-BR","@id":"https:\/\/ellotv.com.br\/site\/2026\/02\/23\/mark-zuckerberg-depoe-em-julgamento-historico-sobre-vicio-em-redes-sociais\/#primaryimage","url":"https:\/\/ellotv.com.br\/site\/wp-content\/uploads\/2026\/02\/3.jpeg","contentUrl":"https:\/\/ellotv.com.br\/site\/wp-content\/uploads\/2026\/02\/3.jpeg","width":994,"height":978},{"@type":"BreadcrumbList","@id":"https:\/\/ellotv.com.br\/site\/2026\/02\/23\/mark-zuckerberg-depoe-em-julgamento-historico-sobre-vicio-em-redes-sociais\/#breadcrumb","itemListElement":[{"@type":"ListItem","position":1,"name":"In\u00edcio","item":"https:\/\/ellotv.com.br\/site\/"},{"@type":"ListItem","position":2,"name":"Mark Zuckerberg dep\u00f5e em julgamento hist\u00f3rico sobre v\u00edcio em redes sociais"}]},{"@type":"WebSite","@id":"https:\/\/ellotv.com.br\/site\/#website","url":"https:\/\/ellotv.com.br\/site\/","name":"ELLO TV","description":"","publisher":{"@id":"https:\/\/ellotv.com.br\/site\/#organization"},"potentialAction":[{"@type":"SearchAction","target":{"@type":"EntryPoint","urlTemplate":"https:\/\/ellotv.com.br\/site\/?s={search_term_string}"},"query-input":{"@type":"PropertyValueSpecification","valueRequired":true,"valueName":"search_term_string"}}],"inLanguage":"pt-BR"},{"@type":"Organization","@id":"https:\/\/ellotv.com.br\/site\/#organization","name":"ELLO TV","url":"https:\/\/ellotv.com.br\/site\/","logo":{"@type":"ImageObject","inLanguage":"pt-BR","@id":"https:\/\/ellotv.com.br\/site\/#\/schema\/logo\/image\/","url":"https:\/\/ellotv.com.br\/site\/wp-content\/uploads\/2025\/11\/ello-logo-2.fw_.png","contentUrl":"https:\/\/ellotv.com.br\/site\/wp-content\/uploads\/2025\/11\/ello-logo-2.fw_.png","width":400,"height":146,"caption":"ELLO TV"},"image":{"@id":"https:\/\/ellotv.com.br\/site\/#\/schema\/logo\/image\/"}},{"@type":"Person","@id":"https:\/\/ellotv.com.br\/site\/#\/schema\/person\/2dbe3abaee38dcc7332fc8205cd2b15d","name":"ELLO TV","image":{"@type":"ImageObject","inLanguage":"pt-BR","@id":"https:\/\/secure.gravatar.com\/avatar\/c38242b9da8ec217ac3f0aaee31a54f7d7befb11b2b47fdbc8fb0fad60afa1c6?s=96&d=mm&r=g","url":"https:\/\/secure.gravatar.com\/avatar\/c38242b9da8ec217ac3f0aaee31a54f7d7befb11b2b47fdbc8fb0fad60afa1c6?s=96&d=mm&r=g","contentUrl":"https:\/\/secure.gravatar.com\/avatar\/c38242b9da8ec217ac3f0aaee31a54f7d7befb11b2b47fdbc8fb0fad60afa1c6?s=96&d=mm&r=g","caption":"ELLO TV"},"url":"https:\/\/ellotv.com.br\/site\/author\/elloagencia\/"}]}},"featured_image_urls":{"full":["https:\/\/ellotv.com.br\/site\/wp-content\/uploads\/2026\/02\/3.jpeg",994,978,false],"thumbnail":["https:\/\/ellotv.com.br\/site\/wp-content\/uploads\/2026\/02\/3-150x150.jpeg",150,150,true],"medium":["https:\/\/ellotv.com.br\/site\/wp-content\/uploads\/2026\/02\/3-300x295.jpeg",300,295,true],"medium_large":["https:\/\/ellotv.com.br\/site\/wp-content\/uploads\/2026\/02\/3-768x756.jpeg",640,630,true],"large":["https:\/\/ellotv.com.br\/site\/wp-content\/uploads\/2026\/02\/3.jpeg",640,630,false],"1536x1536":["https:\/\/ellotv.com.br\/site\/wp-content\/uploads\/2026\/02\/3.jpeg",994,978,false],"2048x2048":["https:\/\/ellotv.com.br\/site\/wp-content\/uploads\/2026\/02\/3.jpeg",994,978,false],"darknews-slider-full":["https:\/\/ellotv.com.br\/site\/wp-content\/uploads\/2026\/02\/3-994x720.jpeg",994,720,true],"darknews-featured":["https:\/\/ellotv.com.br\/site\/wp-content\/uploads\/2026\/02\/3.jpeg",994,978,false],"darknews-medium":["https:\/\/ellotv.com.br\/site\/wp-content\/uploads\/2026\/02\/3-720x530.jpeg",720,530,true],"darknews-medium-square":["https:\/\/ellotv.com.br\/site\/wp-content\/uploads\/2026\/02\/3-350x350.jpeg",350,350,true]},"author_info":{"info":["ELLO TV"]},"category_info":"<a href=\"https:\/\/ellotv.com.br\/site\/category\/mundo\/\" rel=\"category tag\">Mundo<\/a> <a href=\"https:\/\/ellotv.com.br\/site\/category\/noticias\/\" rel=\"category tag\">Noticias<\/a>","tag_info":"Noticias","comment_count":"0","_links":{"self":[{"href":"https:\/\/ellotv.com.br\/site\/wp-json\/wp\/v2\/posts\/4995","targetHints":{"allow":["GET"]}}],"collection":[{"href":"https:\/\/ellotv.com.br\/site\/wp-json\/wp\/v2\/posts"}],"about":[{"href":"https:\/\/ellotv.com.br\/site\/wp-json\/wp\/v2\/types\/post"}],"author":[{"embeddable":true,"href":"https:\/\/ellotv.com.br\/site\/wp-json\/wp\/v2\/users\/2"}],"replies":[{"embeddable":true,"href":"https:\/\/ellotv.com.br\/site\/wp-json\/wp\/v2\/comments?post=4995"}],"version-history":[{"count":1,"href":"https:\/\/ellotv.com.br\/site\/wp-json\/wp\/v2\/posts\/4995\/revisions"}],"predecessor-version":[{"id":4997,"href":"https:\/\/ellotv.com.br\/site\/wp-json\/wp\/v2\/posts\/4995\/revisions\/4997"}],"wp:featuredmedia":[{"embeddable":true,"href":"https:\/\/ellotv.com.br\/site\/wp-json\/wp\/v2\/media\/4998"}],"wp:attachment":[{"href":"https:\/\/ellotv.com.br\/site\/wp-json\/wp\/v2\/media?parent=4995"}],"wp:term":[{"taxonomy":"category","embeddable":true,"href":"https:\/\/ellotv.com.br\/site\/wp-json\/wp\/v2\/categories?post=4995"},{"taxonomy":"post_tag","embeddable":true,"href":"https:\/\/ellotv.com.br\/site\/wp-json\/wp\/v2\/tags?post=4995"}],"curies":[{"name":"wp","href":"https:\/\/api.w.org\/{rel}","templated":true}]}}