{"id":5002,"date":"2026-02-23T09:19:12","date_gmt":"2026-02-23T12:19:12","guid":{"rendered":"https:\/\/ellotv.com.br\/site\/?p=5002"},"modified":"2026-02-23T09:19:12","modified_gmt":"2026-02-23T12:19:12","slug":"sao-jose-do-egito-pe-recebera-oficialmente-o-titulo-de-terra-da-poesia-em-solenidade-na-alepe","status":"publish","type":"post","link":"https:\/\/ellotv.com.br\/site\/2026\/02\/23\/sao-jose-do-egito-pe-recebera-oficialmente-o-titulo-de-terra-da-poesia-em-solenidade-na-alepe\/","title":{"rendered":"S\u00e3o Jos\u00e9 do Egito-PE receber\u00e1 oficialmente o t\u00edtulo de Terra da Poesia em solenidade na Alepe"},"content":{"rendered":"<p data-start=\"99\" data-end=\"482\">A cidade de <strong data-start=\"111\" data-end=\"152\"><span class=\"hover:entity-accent entity-underline inline cursor-pointer align-baseline\"><span class=\"whitespace-normal\">S\u00e3o Jos\u00e9 do Egito<\/span><\/span><\/strong> viver\u00e1 um momento hist\u00f3rico no pr\u00f3ximo dia 23 de fevereiro, \u00e0s 18h. Em solenidade realizada no Audit\u00f3rio S\u00e9rgio Guerra, na <strong data-start=\"276\" data-end=\"317\"><span class=\"hover:entity-accent entity-underline inline cursor-pointer align-baseline\"><span class=\"whitespace-normal\">Assembleia Legislativa de Pernambuco<\/span><\/span><\/strong> (Alepe), o munic\u00edpio receber\u00e1 oficialmente o t\u00edtulo de Terra da Poesia, por meio de projeto de lei de autoria do deputado <strong data-start=\"440\" data-end=\"481\"><span class=\"hover:entity-accent entity-underline inline cursor-pointer align-baseline\"><span class=\"whitespace-normal\">Gustavo Gouveia<\/span><\/span><\/strong>.<\/p>\n<p data-start=\"484\" data-end=\"755\">O reconhecimento vai al\u00e9m de uma honraria simb\u00f3lica. Trata-se da oficializa\u00e7\u00e3o de uma identidade constru\u00edda ao longo de gera\u00e7\u00f5es, marcada pela for\u00e7a da cantoria, pela tradi\u00e7\u00e3o dos poetas populares e pela valoriza\u00e7\u00e3o da cultura nas pra\u00e7as, escolas e nos lares egipcienses.<\/p>\n<p data-start=\"757\" data-end=\"1195\">O convite \u00e9 direcionado a todos os filhos de S\u00e3o Jos\u00e9 do Egito, aos que vivem no munic\u00edpio, aos que est\u00e3o espalhados por <strong data-start=\"878\" data-end=\"919\"><span class=\"hover:entity-accent entity-underline inline cursor-pointer align-baseline\"><span class=\"whitespace-normal\">Pernambuco<\/span><\/span><\/strong> e, de forma especial, aos que residem em <strong data-start=\"961\" data-end=\"1002\"><span class=\"hover:entity-accent entity-underline inline cursor-pointer align-baseline\"><span class=\"whitespace-normal\">Recife<\/span><\/span><\/strong>. A solenidade promete reunir amantes da poesia, representantes culturais e autoridades para celebrar uma conquista que refor\u00e7a o protagonismo cultural da cidade no cen\u00e1rio estadual e nacional.<\/p>\n<p data-start=\"1197\" data-end=\"1520\">Mais do que um t\u00edtulo, o momento simboliza o reconhecimento oficial de uma terra que respira versos e mant\u00e9m viva a tradi\u00e7\u00e3o da poesia popular nordestina. A expectativa \u00e9 de que a cerim\u00f4nia marque um novo cap\u00edtulo na valoriza\u00e7\u00e3o e na visibilidade cultural de S\u00e3o Jos\u00e9 do Egito \u2014 agora, Terra da Poesia de fato e de direito.<\/p>\n","protected":false},"excerpt":{"rendered":"<p>A cidade de S\u00e3o Jos\u00e9 do Egito viver\u00e1 um momento hist\u00f3rico no pr\u00f3ximo dia 23 de fevereiro, \u00e0s<\/p>\n","protected":false},"author":2,"featured_media":5003,"comment_status":"open","ping_status":"open","sticky":false,"template":"","format":"standard","meta":{"footnotes":""},"categories":[12,9],"tags":[],"class_list":["post-5002","post","type-post","status-publish","format-standard","has-post-thumbnail","hentry","category-noticias","category-regional"],"yoast_head":"<!-- This site is optimized with the Yoast SEO plugin v28.3 - https:\/\/yoast.com\/product\/yoast-seo-wordpress\/ -->\n<title>S\u00e3o Jos\u00e9 do Egito-PE receber\u00e1 oficialmente o t\u00edtulo de Terra da Poesia em solenidade na Alepe - Ello TV<\/title>\n<meta name=\"description\" content=\"S\u00e3o Jos\u00e9 do Egito receber\u00e1 t\u00edtulo oficial de Terra da Poesia em solenidade na Alepe, refor\u00e7ando sua tradi\u00e7\u00e3o cultural e protagonismo no cen\u00e1rio nordestino.\" \/>\n<meta name=\"robots\" content=\"index, follow, max-snippet:-1, max-image-preview:large, max-video-preview:-1\" \/>\n<link rel=\"canonical\" href=\"https:\/\/ellotv.com.br\/site\/2026\/02\/23\/sao-jose-do-egito-pe-recebera-oficialmente-o-titulo-de-terra-da-poesia-em-solenidade-na-alepe\/\" \/>\n<meta property=\"og:locale\" content=\"pt_BR\" \/>\n<meta property=\"og:type\" content=\"article\" \/>\n<meta property=\"og:title\" content=\"S\u00e3o Jos\u00e9 do Egito-PE receber\u00e1 oficialmente o t\u00edtulo de Terra da Poesia em solenidade na Alepe - Ello TV\" \/>\n<meta property=\"og:description\" content=\"S\u00e3o Jos\u00e9 do Egito receber\u00e1 t\u00edtulo oficial de Terra da Poesia em solenidade na Alepe, refor\u00e7ando sua tradi\u00e7\u00e3o cultural e protagonismo no cen\u00e1rio nordestino.\" \/>\n<meta property=\"og:url\" content=\"https:\/\/ellotv.com.br\/site\/2026\/02\/23\/sao-jose-do-egito-pe-recebera-oficialmente-o-titulo-de-terra-da-poesia-em-solenidade-na-alepe\/\" \/>\n<meta property=\"og:site_name\" content=\"Ello TV\" \/>\n<meta property=\"article:published_time\" content=\"2026-02-23T12:19:12+00:00\" \/>\n<meta property=\"og:image\" content=\"https:\/\/ellotv.com.br\/site\/wp-content\/uploads\/2026\/02\/WhatsApp-Image-2026-02-19-at-10.32.20.jpeg\" \/>\n\t<meta property=\"og:image:width\" content=\"1266\" \/>\n\t<meta property=\"og:image:height\" content=\"1600\" \/>\n\t<meta property=\"og:image:type\" content=\"image\/jpeg\" \/>\n<meta name=\"author\" content=\"ELLO TV\" \/>\n<meta name=\"twitter:card\" content=\"summary_large_image\" \/>\n<meta name=\"twitter:label1\" content=\"Escrito por\" \/>\n\t<meta name=\"twitter:data1\" content=\"ELLO TV\" \/>\n\t<meta name=\"twitter:label2\" content=\"Est. tempo de leitura\" \/>\n\t<meta name=\"twitter:data2\" content=\"1 minuto\" \/>\n<script type=\"application\/ld+json\" class=\"yoast-schema-graph\">{\"@context\":\"https:\\\/\\\/schema.org\",\"@graph\":[{\"@type\":\"Article\",\"@id\":\"https:\\\/\\\/ellotv.com.br\\\/site\\\/2026\\\/02\\\/23\\\/sao-jose-do-egito-pe-recebera-oficialmente-o-titulo-de-terra-da-poesia-em-solenidade-na-alepe\\\/#article\",\"isPartOf\":{\"@id\":\"https:\\\/\\\/ellotv.com.br\\\/site\\\/2026\\\/02\\\/23\\\/sao-jose-do-egito-pe-recebera-oficialmente-o-titulo-de-terra-da-poesia-em-solenidade-na-alepe\\\/\"},\"author\":{\"name\":\"ELLO TV\",\"@id\":\"https:\\\/\\\/ellotv.com.br\\\/site\\\/#\\\/schema\\\/person\\\/2dbe3abaee38dcc7332fc8205cd2b15d\"},\"headline\":\"S\u00e3o Jos\u00e9 do Egito-PE receber\u00e1 oficialmente o t\u00edtulo de Terra da Poesia em solenidade na Alepe\",\"datePublished\":\"2026-02-23T12:19:12+00:00\",\"mainEntityOfPage\":{\"@id\":\"https:\\\/\\\/ellotv.com.br\\\/site\\\/2026\\\/02\\\/23\\\/sao-jose-do-egito-pe-recebera-oficialmente-o-titulo-de-terra-da-poesia-em-solenidade-na-alepe\\\/\"},\"wordCount\":255,\"commentCount\":0,\"publisher\":{\"@id\":\"https:\\\/\\\/ellotv.com.br\\\/site\\\/#organization\"},\"image\":{\"@id\":\"https:\\\/\\\/ellotv.com.br\\\/site\\\/2026\\\/02\\\/23\\\/sao-jose-do-egito-pe-recebera-oficialmente-o-titulo-de-terra-da-poesia-em-solenidade-na-alepe\\\/#primaryimage\"},\"thumbnailUrl\":\"https:\\\/\\\/ellotv.com.br\\\/site\\\/wp-content\\\/uploads\\\/2026\\\/02\\\/WhatsApp-Image-2026-02-19-at-10.32.20.jpeg\",\"articleSection\":[\"Noticias\",\"Regional\"],\"inLanguage\":\"pt-BR\",\"potentialAction\":[{\"@type\":\"CommentAction\",\"name\":\"Comment\",\"target\":[\"https:\\\/\\\/ellotv.com.br\\\/site\\\/2026\\\/02\\\/23\\\/sao-jose-do-egito-pe-recebera-oficialmente-o-titulo-de-terra-da-poesia-em-solenidade-na-alepe\\\/#respond\"]}]},{\"@type\":\"WebPage\",\"@id\":\"https:\\\/\\\/ellotv.com.br\\\/site\\\/2026\\\/02\\\/23\\\/sao-jose-do-egito-pe-recebera-oficialmente-o-titulo-de-terra-da-poesia-em-solenidade-na-alepe\\\/\",\"url\":\"https:\\\/\\\/ellotv.com.br\\\/site\\\/2026\\\/02\\\/23\\\/sao-jose-do-egito-pe-recebera-oficialmente-o-titulo-de-terra-da-poesia-em-solenidade-na-alepe\\\/\",\"name\":\"S\u00e3o Jos\u00e9 do Egito-PE receber\u00e1 oficialmente o t\u00edtulo de Terra da Poesia em solenidade na Alepe - Ello TV\",\"isPartOf\":{\"@id\":\"https:\\\/\\\/ellotv.com.br\\\/site\\\/#website\"},\"primaryImageOfPage\":{\"@id\":\"https:\\\/\\\/ellotv.com.br\\\/site\\\/2026\\\/02\\\/23\\\/sao-jose-do-egito-pe-recebera-oficialmente-o-titulo-de-terra-da-poesia-em-solenidade-na-alepe\\\/#primaryimage\"},\"image\":{\"@id\":\"https:\\\/\\\/ellotv.com.br\\\/site\\\/2026\\\/02\\\/23\\\/sao-jose-do-egito-pe-recebera-oficialmente-o-titulo-de-terra-da-poesia-em-solenidade-na-alepe\\\/#primaryimage\"},\"thumbnailUrl\":\"https:\\\/\\\/ellotv.com.br\\\/site\\\/wp-content\\\/uploads\\\/2026\\\/02\\\/WhatsApp-Image-2026-02-19-at-10.32.20.jpeg\",\"datePublished\":\"2026-02-23T12:19:12+00:00\",\"description\":\"S\u00e3o Jos\u00e9 do Egito receber\u00e1 t\u00edtulo oficial de Terra da Poesia em solenidade na Alepe, refor\u00e7ando sua tradi\u00e7\u00e3o cultural e protagonismo no cen\u00e1rio nordestino.\",\"breadcrumb\":{\"@id\":\"https:\\\/\\\/ellotv.com.br\\\/site\\\/2026\\\/02\\\/23\\\/sao-jose-do-egito-pe-recebera-oficialmente-o-titulo-de-terra-da-poesia-em-solenidade-na-alepe\\\/#breadcrumb\"},\"inLanguage\":\"pt-BR\",\"potentialAction\":[{\"@type\":\"ReadAction\",\"target\":[\"https:\\\/\\\/ellotv.com.br\\\/site\\\/2026\\\/02\\\/23\\\/sao-jose-do-egito-pe-recebera-oficialmente-o-titulo-de-terra-da-poesia-em-solenidade-na-alepe\\\/\"]}]},{\"@type\":\"ImageObject\",\"inLanguage\":\"pt-BR\",\"@id\":\"https:\\\/\\\/ellotv.com.br\\\/site\\\/2026\\\/02\\\/23\\\/sao-jose-do-egito-pe-recebera-oficialmente-o-titulo-de-terra-da-poesia-em-solenidade-na-alepe\\\/#primaryimage\",\"url\":\"https:\\\/\\\/ellotv.com.br\\\/site\\\/wp-content\\\/uploads\\\/2026\\\/02\\\/WhatsApp-Image-2026-02-19-at-10.32.20.jpeg\",\"contentUrl\":\"https:\\\/\\\/ellotv.com.br\\\/site\\\/wp-content\\\/uploads\\\/2026\\\/02\\\/WhatsApp-Image-2026-02-19-at-10.32.20.jpeg\",\"width\":1266,\"height\":1600},{\"@type\":\"BreadcrumbList\",\"@id\":\"https:\\\/\\\/ellotv.com.br\\\/site\\\/2026\\\/02\\\/23\\\/sao-jose-do-egito-pe-recebera-oficialmente-o-titulo-de-terra-da-poesia-em-solenidade-na-alepe\\\/#breadcrumb\",\"itemListElement\":[{\"@type\":\"ListItem\",\"position\":1,\"name\":\"In\u00edcio\",\"item\":\"https:\\\/\\\/ellotv.com.br\\\/site\\\/\"},{\"@type\":\"ListItem\",\"position\":2,\"name\":\"S\u00e3o Jos\u00e9 do Egito-PE receber\u00e1 oficialmente o t\u00edtulo de Terra da Poesia em solenidade na Alepe\"}]},{\"@type\":\"WebSite\",\"@id\":\"https:\\\/\\\/ellotv.com.br\\\/site\\\/#website\",\"url\":\"https:\\\/\\\/ellotv.com.br\\\/site\\\/\",\"name\":\"ELLO TV\",\"description\":\"\",\"publisher\":{\"@id\":\"https:\\\/\\\/ellotv.com.br\\\/site\\\/#organization\"},\"potentialAction\":[{\"@type\":\"SearchAction\",\"target\":{\"@type\":\"EntryPoint\",\"urlTemplate\":\"https:\\\/\\\/ellotv.com.br\\\/site\\\/?s={search_term_string}\"},\"query-input\":{\"@type\":\"PropertyValueSpecification\",\"valueRequired\":true,\"valueName\":\"search_term_string\"}}],\"inLanguage\":\"pt-BR\"},{\"@type\":\"Organization\",\"@id\":\"https:\\\/\\\/ellotv.com.br\\\/site\\\/#organization\",\"name\":\"ELLO TV\",\"url\":\"https:\\\/\\\/ellotv.com.br\\\/site\\\/\",\"logo\":{\"@type\":\"ImageObject\",\"inLanguage\":\"pt-BR\",\"@id\":\"https:\\\/\\\/ellotv.com.br\\\/site\\\/#\\\/schema\\\/logo\\\/image\\\/\",\"url\":\"https:\\\/\\\/ellotv.com.br\\\/site\\\/wp-content\\\/uploads\\\/2025\\\/11\\\/ello-logo-2.fw_.png\",\"contentUrl\":\"https:\\\/\\\/ellotv.com.br\\\/site\\\/wp-content\\\/uploads\\\/2025\\\/11\\\/ello-logo-2.fw_.png\",\"width\":400,\"height\":146,\"caption\":\"ELLO TV\"},\"image\":{\"@id\":\"https:\\\/\\\/ellotv.com.br\\\/site\\\/#\\\/schema\\\/logo\\\/image\\\/\"}},{\"@type\":\"Person\",\"@id\":\"https:\\\/\\\/ellotv.com.br\\\/site\\\/#\\\/schema\\\/person\\\/2dbe3abaee38dcc7332fc8205cd2b15d\",\"name\":\"ELLO TV\",\"image\":{\"@type\":\"ImageObject\",\"inLanguage\":\"pt-BR\",\"@id\":\"https:\\\/\\\/secure.gravatar.com\\\/avatar\\\/c38242b9da8ec217ac3f0aaee31a54f7d7befb11b2b47fdbc8fb0fad60afa1c6?s=96&d=mm&r=g\",\"url\":\"https:\\\/\\\/secure.gravatar.com\\\/avatar\\\/c38242b9da8ec217ac3f0aaee31a54f7d7befb11b2b47fdbc8fb0fad60afa1c6?s=96&d=mm&r=g\",\"contentUrl\":\"https:\\\/\\\/secure.gravatar.com\\\/avatar\\\/c38242b9da8ec217ac3f0aaee31a54f7d7befb11b2b47fdbc8fb0fad60afa1c6?s=96&d=mm&r=g\",\"caption\":\"ELLO TV\"},\"url\":\"https:\\\/\\\/ellotv.com.br\\\/site\\\/author\\\/elloagencia\\\/\"}]}<\/script>\n<!-- \/ Yoast SEO plugin. -->","yoast_head_json":{"title":"S\u00e3o Jos\u00e9 do Egito-PE receber\u00e1 oficialmente o t\u00edtulo de Terra da Poesia em solenidade na Alepe - Ello TV","description":"S\u00e3o Jos\u00e9 do Egito receber\u00e1 t\u00edtulo oficial de Terra da Poesia em solenidade na Alepe, refor\u00e7ando sua tradi\u00e7\u00e3o cultural e protagonismo no cen\u00e1rio nordestino.","robots":{"index":"index","follow":"follow","max-snippet":"max-snippet:-1","max-image-preview":"max-image-preview:large","max-video-preview":"max-video-preview:-1"},"canonical":"https:\/\/ellotv.com.br\/site\/2026\/02\/23\/sao-jose-do-egito-pe-recebera-oficialmente-o-titulo-de-terra-da-poesia-em-solenidade-na-alepe\/","og_locale":"pt_BR","og_type":"article","og_title":"S\u00e3o Jos\u00e9 do Egito-PE receber\u00e1 oficialmente o t\u00edtulo de Terra da Poesia em solenidade na Alepe - Ello TV","og_description":"S\u00e3o Jos\u00e9 do Egito receber\u00e1 t\u00edtulo oficial de Terra da Poesia em solenidade na Alepe, refor\u00e7ando sua tradi\u00e7\u00e3o cultural e protagonismo no cen\u00e1rio nordestino.","og_url":"https:\/\/ellotv.com.br\/site\/2026\/02\/23\/sao-jose-do-egito-pe-recebera-oficialmente-o-titulo-de-terra-da-poesia-em-solenidade-na-alepe\/","og_site_name":"Ello TV","article_published_time":"2026-02-23T12:19:12+00:00","og_image":[{"width":1266,"height":1600,"url":"https:\/\/ellotv.com.br\/site\/wp-content\/uploads\/2026\/02\/WhatsApp-Image-2026-02-19-at-10.32.20.jpeg","type":"image\/jpeg"}],"author":"ELLO TV","twitter_card":"summary_large_image","twitter_misc":{"Escrito por":"ELLO TV","Est. tempo de leitura":"1 minuto"},"schema":{"@context":"https:\/\/schema.org","@graph":[{"@type":"Article","@id":"https:\/\/ellotv.com.br\/site\/2026\/02\/23\/sao-jose-do-egito-pe-recebera-oficialmente-o-titulo-de-terra-da-poesia-em-solenidade-na-alepe\/#article","isPartOf":{"@id":"https:\/\/ellotv.com.br\/site\/2026\/02\/23\/sao-jose-do-egito-pe-recebera-oficialmente-o-titulo-de-terra-da-poesia-em-solenidade-na-alepe\/"},"author":{"name":"ELLO TV","@id":"https:\/\/ellotv.com.br\/site\/#\/schema\/person\/2dbe3abaee38dcc7332fc8205cd2b15d"},"headline":"S\u00e3o Jos\u00e9 do Egito-PE receber\u00e1 oficialmente o t\u00edtulo de Terra da Poesia em solenidade na Alepe","datePublished":"2026-02-23T12:19:12+00:00","mainEntityOfPage":{"@id":"https:\/\/ellotv.com.br\/site\/2026\/02\/23\/sao-jose-do-egito-pe-recebera-oficialmente-o-titulo-de-terra-da-poesia-em-solenidade-na-alepe\/"},"wordCount":255,"commentCount":0,"publisher":{"@id":"https:\/\/ellotv.com.br\/site\/#organization"},"image":{"@id":"https:\/\/ellotv.com.br\/site\/2026\/02\/23\/sao-jose-do-egito-pe-recebera-oficialmente-o-titulo-de-terra-da-poesia-em-solenidade-na-alepe\/#primaryimage"},"thumbnailUrl":"https:\/\/ellotv.com.br\/site\/wp-content\/uploads\/2026\/02\/WhatsApp-Image-2026-02-19-at-10.32.20.jpeg","articleSection":["Noticias","Regional"],"inLanguage":"pt-BR","potentialAction":[{"@type":"CommentAction","name":"Comment","target":["https:\/\/ellotv.com.br\/site\/2026\/02\/23\/sao-jose-do-egito-pe-recebera-oficialmente-o-titulo-de-terra-da-poesia-em-solenidade-na-alepe\/#respond"]}]},{"@type":"WebPage","@id":"https:\/\/ellotv.com.br\/site\/2026\/02\/23\/sao-jose-do-egito-pe-recebera-oficialmente-o-titulo-de-terra-da-poesia-em-solenidade-na-alepe\/","url":"https:\/\/ellotv.com.br\/site\/2026\/02\/23\/sao-jose-do-egito-pe-recebera-oficialmente-o-titulo-de-terra-da-poesia-em-solenidade-na-alepe\/","name":"S\u00e3o Jos\u00e9 do Egito-PE receber\u00e1 oficialmente o t\u00edtulo de Terra da Poesia em solenidade na Alepe - Ello TV","isPartOf":{"@id":"https:\/\/ellotv.com.br\/site\/#website"},"primaryImageOfPage":{"@id":"https:\/\/ellotv.com.br\/site\/2026\/02\/23\/sao-jose-do-egito-pe-recebera-oficialmente-o-titulo-de-terra-da-poesia-em-solenidade-na-alepe\/#primaryimage"},"image":{"@id":"https:\/\/ellotv.com.br\/site\/2026\/02\/23\/sao-jose-do-egito-pe-recebera-oficialmente-o-titulo-de-terra-da-poesia-em-solenidade-na-alepe\/#primaryimage"},"thumbnailUrl":"https:\/\/ellotv.com.br\/site\/wp-content\/uploads\/2026\/02\/WhatsApp-Image-2026-02-19-at-10.32.20.jpeg","datePublished":"2026-02-23T12:19:12+00:00","description":"S\u00e3o Jos\u00e9 do Egito receber\u00e1 t\u00edtulo oficial de Terra da Poesia em solenidade na Alepe, refor\u00e7ando sua tradi\u00e7\u00e3o cultural e protagonismo no cen\u00e1rio nordestino.","breadcrumb":{"@id":"https:\/\/ellotv.com.br\/site\/2026\/02\/23\/sao-jose-do-egito-pe-recebera-oficialmente-o-titulo-de-terra-da-poesia-em-solenidade-na-alepe\/#breadcrumb"},"inLanguage":"pt-BR","potentialAction":[{"@type":"ReadAction","target":["https:\/\/ellotv.com.br\/site\/2026\/02\/23\/sao-jose-do-egito-pe-recebera-oficialmente-o-titulo-de-terra-da-poesia-em-solenidade-na-alepe\/"]}]},{"@type":"ImageObject","inLanguage":"pt-BR","@id":"https:\/\/ellotv.com.br\/site\/2026\/02\/23\/sao-jose-do-egito-pe-recebera-oficialmente-o-titulo-de-terra-da-poesia-em-solenidade-na-alepe\/#primaryimage","url":"https:\/\/ellotv.com.br\/site\/wp-content\/uploads\/2026\/02\/WhatsApp-Image-2026-02-19-at-10.32.20.jpeg","contentUrl":"https:\/\/ellotv.com.br\/site\/wp-content\/uploads\/2026\/02\/WhatsApp-Image-2026-02-19-at-10.32.20.jpeg","width":1266,"height":1600},{"@type":"BreadcrumbList","@id":"https:\/\/ellotv.com.br\/site\/2026\/02\/23\/sao-jose-do-egito-pe-recebera-oficialmente-o-titulo-de-terra-da-poesia-em-solenidade-na-alepe\/#breadcrumb","itemListElement":[{"@type":"ListItem","position":1,"name":"In\u00edcio","item":"https:\/\/ellotv.com.br\/site\/"},{"@type":"ListItem","position":2,"name":"S\u00e3o Jos\u00e9 do Egito-PE receber\u00e1 oficialmente o t\u00edtulo de Terra da Poesia em solenidade na Alepe"}]},{"@type":"WebSite","@id":"https:\/\/ellotv.com.br\/site\/#website","url":"https:\/\/ellotv.com.br\/site\/","name":"ELLO TV","description":"","publisher":{"@id":"https:\/\/ellotv.com.br\/site\/#organization"},"potentialAction":[{"@type":"SearchAction","target":{"@type":"EntryPoint","urlTemplate":"https:\/\/ellotv.com.br\/site\/?s={search_term_string}"},"query-input":{"@type":"PropertyValueSpecification","valueRequired":true,"valueName":"search_term_string"}}],"inLanguage":"pt-BR"},{"@type":"Organization","@id":"https:\/\/ellotv.com.br\/site\/#organization","name":"ELLO TV","url":"https:\/\/ellotv.com.br\/site\/","logo":{"@type":"ImageObject","inLanguage":"pt-BR","@id":"https:\/\/ellotv.com.br\/site\/#\/schema\/logo\/image\/","url":"https:\/\/ellotv.com.br\/site\/wp-content\/uploads\/2025\/11\/ello-logo-2.fw_.png","contentUrl":"https:\/\/ellotv.com.br\/site\/wp-content\/uploads\/2025\/11\/ello-logo-2.fw_.png","width":400,"height":146,"caption":"ELLO TV"},"image":{"@id":"https:\/\/ellotv.com.br\/site\/#\/schema\/logo\/image\/"}},{"@type":"Person","@id":"https:\/\/ellotv.com.br\/site\/#\/schema\/person\/2dbe3abaee38dcc7332fc8205cd2b15d","name":"ELLO TV","image":{"@type":"ImageObject","inLanguage":"pt-BR","@id":"https:\/\/secure.gravatar.com\/avatar\/c38242b9da8ec217ac3f0aaee31a54f7d7befb11b2b47fdbc8fb0fad60afa1c6?s=96&d=mm&r=g","url":"https:\/\/secure.gravatar.com\/avatar\/c38242b9da8ec217ac3f0aaee31a54f7d7befb11b2b47fdbc8fb0fad60afa1c6?s=96&d=mm&r=g","contentUrl":"https:\/\/secure.gravatar.com\/avatar\/c38242b9da8ec217ac3f0aaee31a54f7d7befb11b2b47fdbc8fb0fad60afa1c6?s=96&d=mm&r=g","caption":"ELLO TV"},"url":"https:\/\/ellotv.com.br\/site\/author\/elloagencia\/"}]}},"featured_image_urls":{"full":["https:\/\/ellotv.com.br\/site\/wp-content\/uploads\/2026\/02\/WhatsApp-Image-2026-02-19-at-10.32.20.jpeg",1266,1600,false],"thumbnail":["https:\/\/ellotv.com.br\/site\/wp-content\/uploads\/2026\/02\/WhatsApp-Image-2026-02-19-at-10.32.20-150x150.jpeg",150,150,true],"medium":["https:\/\/ellotv.com.br\/site\/wp-content\/uploads\/2026\/02\/WhatsApp-Image-2026-02-19-at-10.32.20-237x300.jpeg",237,300,true],"medium_large":["https:\/\/ellotv.com.br\/site\/wp-content\/uploads\/2026\/02\/WhatsApp-Image-2026-02-19-at-10.32.20-768x971.jpeg",640,809,true],"large":["https:\/\/ellotv.com.br\/site\/wp-content\/uploads\/2026\/02\/WhatsApp-Image-2026-02-19-at-10.32.20-810x1024.jpeg",640,809,true],"1536x1536":["https:\/\/ellotv.com.br\/site\/wp-content\/uploads\/2026\/02\/WhatsApp-Image-2026-02-19-at-10.32.20-1215x1536.jpeg",1215,1536,true],"2048x2048":["https:\/\/ellotv.com.br\/site\/wp-content\/uploads\/2026\/02\/WhatsApp-Image-2026-02-19-at-10.32.20.jpeg",1266,1600,false],"darknews-slider-full":["https:\/\/ellotv.com.br\/site\/wp-content\/uploads\/2026\/02\/WhatsApp-Image-2026-02-19-at-10.32.20-1266x720.jpeg",1266,720,true],"darknews-featured":["https:\/\/ellotv.com.br\/site\/wp-content\/uploads\/2026\/02\/WhatsApp-Image-2026-02-19-at-10.32.20-1024x1294.jpeg",1024,1294,true],"darknews-medium":["https:\/\/ellotv.com.br\/site\/wp-content\/uploads\/2026\/02\/WhatsApp-Image-2026-02-19-at-10.32.20-720x530.jpeg",720,530,true],"darknews-medium-square":["https:\/\/ellotv.com.br\/site\/wp-content\/uploads\/2026\/02\/WhatsApp-Image-2026-02-19-at-10.32.20-350x350.jpeg",350,350,true]},"author_info":{"info":["ELLO TV"]},"category_info":"<a href=\"https:\/\/ellotv.com.br\/site\/category\/noticias\/\" rel=\"category tag\">Noticias<\/a> <a href=\"https:\/\/ellotv.com.br\/site\/category\/regional\/\" rel=\"category tag\">Regional<\/a>","tag_info":"Regional","comment_count":"0","_links":{"self":[{"href":"https:\/\/ellotv.com.br\/site\/wp-json\/wp\/v2\/posts\/5002","targetHints":{"allow":["GET"]}}],"collection":[{"href":"https:\/\/ellotv.com.br\/site\/wp-json\/wp\/v2\/posts"}],"about":[{"href":"https:\/\/ellotv.com.br\/site\/wp-json\/wp\/v2\/types\/post"}],"author":[{"embeddable":true,"href":"https:\/\/ellotv.com.br\/site\/wp-json\/wp\/v2\/users\/2"}],"replies":[{"embeddable":true,"href":"https:\/\/ellotv.com.br\/site\/wp-json\/wp\/v2\/comments?post=5002"}],"version-history":[{"count":1,"href":"https:\/\/ellotv.com.br\/site\/wp-json\/wp\/v2\/posts\/5002\/revisions"}],"predecessor-version":[{"id":5004,"href":"https:\/\/ellotv.com.br\/site\/wp-json\/wp\/v2\/posts\/5002\/revisions\/5004"}],"wp:featuredmedia":[{"embeddable":true,"href":"https:\/\/ellotv.com.br\/site\/wp-json\/wp\/v2\/media\/5003"}],"wp:attachment":[{"href":"https:\/\/ellotv.com.br\/site\/wp-json\/wp\/v2\/media?parent=5002"}],"wp:term":[{"taxonomy":"category","embeddable":true,"href":"https:\/\/ellotv.com.br\/site\/wp-json\/wp\/v2\/categories?post=5002"},{"taxonomy":"post_tag","embeddable":true,"href":"https:\/\/ellotv.com.br\/site\/wp-json\/wp\/v2\/tags?post=5002"}],"curies":[{"name":"wp","href":"https:\/\/api.w.org\/{rel}","templated":true}]}}