{"id":5014,"date":"2026-02-25T09:32:01","date_gmt":"2026-02-25T12:32:01","guid":{"rendered":"https:\/\/ellotv.com.br\/site\/?p=5014"},"modified":"2026-02-25T09:32:01","modified_gmt":"2026-02-25T12:32:01","slug":"estetica-periferica-transforma-cultura-rato-em-fenomeno-do-carnaval-do-recife","status":"publish","type":"post","link":"https:\/\/ellotv.com.br\/site\/2026\/02\/25\/estetica-periferica-transforma-cultura-rato-em-fenomeno-do-carnaval-do-recife\/","title":{"rendered":"Est\u00e9tica perif\u00e9rica transforma \u201ccultura rato\u201d em fen\u00f4meno do Carnaval do Recife"},"content":{"rendered":"<p data-start=\"91\" data-end=\"432\">Na cidade que projetou o <strong data-start=\"116\" data-end=\"157\"><span class=\"hover:entity-accent entity-underline inline cursor-pointer align-baseline\"><span class=\"whitespace-normal\">Manguebeat<\/span><\/span><\/strong> para o mundo nos anos 1990, uma nova est\u00e9tica urbana ganhou destaque nas redes sociais durante o Carnaval 2026. No <strong data-start=\"273\" data-end=\"314\"><span class=\"hover:entity-accent entity-underline inline cursor-pointer align-baseline\"><span class=\"whitespace-normal\">Recife<\/span><\/span><\/strong>, a chamada \u201ccultura rato\u201d vem transformando um s\u00edmbolo antes pejorativo em express\u00e3o criativa da viv\u00eancia perif\u00e9rica.<\/p>\n<p data-start=\"434\" data-end=\"896\">A est\u00e9tica vai al\u00e9m do visual e incorpora comportamento, linguagem e identidade. Cortes de cabelo espec\u00edficos, roupas marcantes, correntes e brincos de prata comp\u00f5em o estilo, que tamb\u00e9m ganhou as ruas com o bloco \u201cRatas Peso\u201d. Um dos pontos mais comentados foi o \u201cRatos Bar\u201d, montado dentro de um canal de esgoto na Zona Norte da cidade. O cen\u00e1rio inusitado \u2014 com cadeiras, bebidas e foli\u00f5es interagindo na \u00e1gua \u2014 viralizou e se tornou um dos s\u00edmbolos da folia.<\/p>\n<p data-start=\"898\" data-end=\"1284\">De acordo com o professor e pesquisador da <strong data-start=\"941\" data-end=\"982\"><span class=\"hover:entity-accent entity-underline inline cursor-pointer align-baseline\"><span class=\"whitespace-normal\">Universidade Federal de Pernambuco<\/span><\/span><\/strong> (UFPE), <strong data-start=\"991\" data-end=\"1032\"><span class=\"hover:entity-accent entity-underline inline cursor-pointer align-baseline\"><span class=\"whitespace-normal\">Thiago Soares<\/span><\/span><\/strong>, o fen\u00f4meno est\u00e1 diretamente ligado \u00e0s din\u00e2micas digitais e \u00e0s express\u00f5es culturais das periferias. Segundo ele, as redes sociais ampliam a visibilidade dessas manifesta\u00e7\u00f5es e permitem que narrativas historicamente marginalizadas ganhem novos espa\u00e7os.<\/p>\n<p data-start=\"1286\" data-end=\"1559\">A figura do \u201crat\u00e3o\u201d, explica o pesquisador, funciona como uma estrat\u00e9gia simb\u00f3lica. Ao assumir o animal frequentemente associado a estigmas, o grupo ressignifica sua imagem e constr\u00f3i uma identidade coletiva baseada no humor e na ironia como formas de enfrentamento social.<\/p>\n<p data-start=\"1561\" data-end=\"1841\">Entre os nomes que impulsionam o movimento est\u00e1 o influenciador <strong data-start=\"1625\" data-end=\"1666\"><span class=\"hover:entity-accent entity-underline inline cursor-pointer align-baseline\"><span class=\"whitespace-normal\">Danilo Silva<\/span><\/span><\/strong>, que se apresenta como \u201cmestre dos ratos\u201d e \u00e9 respons\u00e1vel pelo Ratos Bar. Ele destaca que o termo foi apropriado como s\u00edmbolo de pertencimento e orgulho dentro da comunidade.<\/p>\n<p data-start=\"1843\" data-end=\"2120\">Para especialistas, embora dialogue com elementos de ostenta\u00e7\u00e3o comuns nas redes, a cultura rato vai al\u00e9m da exibi\u00e7\u00e3o de status. O movimento se consolida como uma forma de constru\u00e7\u00e3o identit\u00e1ria, combinando humor, resist\u00eancia e ocupa\u00e7\u00e3o criativa dos espa\u00e7os f\u00edsicos e digitais.<\/p>\n<p data-start=\"2122\" data-end=\"2441\">O professor tamb\u00e9m tra\u00e7a paralelos com o Manguebeat, que utilizou a figura do \u201chomem-caranguejo\u201d como met\u00e1fora de sobreviv\u00eancia no mangue. Assim como o caranguejo nos anos 1990, o rato surge agora como s\u00edmbolo urbano de resist\u00eancia \u2014 desta vez com uma est\u00e9tica irreverente e profundamente conectada ao ambiente digital.<\/p>\n","protected":false},"excerpt":{"rendered":"<p>Na cidade que projetou o Manguebeat para o mundo nos anos 1990, uma nova est\u00e9tica urbana ganhou destaque<\/p>\n","protected":false},"author":2,"featured_media":5015,"comment_status":"open","ping_status":"open","sticky":false,"template":"","format":"standard","meta":{"footnotes":""},"categories":[12,9],"tags":[],"class_list":["post-5014","post","type-post","status-publish","format-standard","has-post-thumbnail","hentry","category-noticias","category-regional"],"yoast_head":"<!-- This site is optimized with the Yoast SEO plugin v28.3 - https:\/\/yoast.com\/product\/yoast-seo-wordpress\/ -->\n<title>Est\u00e9tica perif\u00e9rica transforma \u201ccultura rato\u201d em fen\u00f4meno do Carnaval do Recife - Ello TV<\/title>\n<meta name=\"description\" content=\"Cultura rato viraliza no Carnaval do Recife 2026, ressignificando identidade perif\u00e9rica com humor, est\u00e9tica urbana e forte presen\u00e7a nas redes sociais.\" \/>\n<meta name=\"robots\" content=\"index, follow, max-snippet:-1, max-image-preview:large, max-video-preview:-1\" \/>\n<link rel=\"canonical\" href=\"https:\/\/ellotv.com.br\/site\/2026\/02\/25\/estetica-periferica-transforma-cultura-rato-em-fenomeno-do-carnaval-do-recife\/\" \/>\n<meta property=\"og:locale\" content=\"pt_BR\" \/>\n<meta property=\"og:type\" content=\"article\" \/>\n<meta property=\"og:title\" content=\"Est\u00e9tica perif\u00e9rica transforma \u201ccultura rato\u201d em fen\u00f4meno do Carnaval do Recife - Ello TV\" \/>\n<meta property=\"og:description\" content=\"Cultura rato viraliza no Carnaval do Recife 2026, ressignificando identidade perif\u00e9rica com humor, est\u00e9tica urbana e forte presen\u00e7a nas redes sociais.\" \/>\n<meta property=\"og:url\" content=\"https:\/\/ellotv.com.br\/site\/2026\/02\/25\/estetica-periferica-transforma-cultura-rato-em-fenomeno-do-carnaval-do-recife\/\" \/>\n<meta property=\"og:site_name\" content=\"Ello TV\" \/>\n<meta property=\"article:published_time\" content=\"2026-02-25T12:32:01+00:00\" \/>\n<meta property=\"og:image\" content=\"https:\/\/ellotv.com.br\/site\/wp-content\/uploads\/2026\/02\/WhatsApp-Image-2026-02-25-at-08.30.50.jpeg\" \/>\n\t<meta property=\"og:image:width\" content=\"1600\" \/>\n\t<meta property=\"og:image:height\" content=\"900\" \/>\n\t<meta property=\"og:image:type\" content=\"image\/jpeg\" \/>\n<meta name=\"author\" content=\"ELLO TV\" \/>\n<meta name=\"twitter:card\" content=\"summary_large_image\" \/>\n<meta name=\"twitter:label1\" content=\"Escrito por\" \/>\n\t<meta name=\"twitter:data1\" content=\"ELLO TV\" \/>\n\t<meta name=\"twitter:label2\" content=\"Est. tempo de leitura\" \/>\n\t<meta name=\"twitter:data2\" content=\"2 minutos\" \/>\n<script type=\"application\/ld+json\" class=\"yoast-schema-graph\">{\"@context\":\"https:\\\/\\\/schema.org\",\"@graph\":[{\"@type\":\"Article\",\"@id\":\"https:\\\/\\\/ellotv.com.br\\\/site\\\/2026\\\/02\\\/25\\\/estetica-periferica-transforma-cultura-rato-em-fenomeno-do-carnaval-do-recife\\\/#article\",\"isPartOf\":{\"@id\":\"https:\\\/\\\/ellotv.com.br\\\/site\\\/2026\\\/02\\\/25\\\/estetica-periferica-transforma-cultura-rato-em-fenomeno-do-carnaval-do-recife\\\/\"},\"author\":{\"name\":\"ELLO TV\",\"@id\":\"https:\\\/\\\/ellotv.com.br\\\/site\\\/#\\\/schema\\\/person\\\/2dbe3abaee38dcc7332fc8205cd2b15d\"},\"headline\":\"Est\u00e9tica perif\u00e9rica transforma \u201ccultura rato\u201d em fen\u00f4meno do Carnaval do Recife\",\"datePublished\":\"2026-02-25T12:32:01+00:00\",\"mainEntityOfPage\":{\"@id\":\"https:\\\/\\\/ellotv.com.br\\\/site\\\/2026\\\/02\\\/25\\\/estetica-periferica-transforma-cultura-rato-em-fenomeno-do-carnaval-do-recife\\\/\"},\"wordCount\":389,\"commentCount\":0,\"publisher\":{\"@id\":\"https:\\\/\\\/ellotv.com.br\\\/site\\\/#organization\"},\"image\":{\"@id\":\"https:\\\/\\\/ellotv.com.br\\\/site\\\/2026\\\/02\\\/25\\\/estetica-periferica-transforma-cultura-rato-em-fenomeno-do-carnaval-do-recife\\\/#primaryimage\"},\"thumbnailUrl\":\"https:\\\/\\\/ellotv.com.br\\\/site\\\/wp-content\\\/uploads\\\/2026\\\/02\\\/WhatsApp-Image-2026-02-25-at-08.30.50.jpeg\",\"articleSection\":[\"Noticias\",\"Regional\"],\"inLanguage\":\"pt-BR\",\"potentialAction\":[{\"@type\":\"CommentAction\",\"name\":\"Comment\",\"target\":[\"https:\\\/\\\/ellotv.com.br\\\/site\\\/2026\\\/02\\\/25\\\/estetica-periferica-transforma-cultura-rato-em-fenomeno-do-carnaval-do-recife\\\/#respond\"]}]},{\"@type\":\"WebPage\",\"@id\":\"https:\\\/\\\/ellotv.com.br\\\/site\\\/2026\\\/02\\\/25\\\/estetica-periferica-transforma-cultura-rato-em-fenomeno-do-carnaval-do-recife\\\/\",\"url\":\"https:\\\/\\\/ellotv.com.br\\\/site\\\/2026\\\/02\\\/25\\\/estetica-periferica-transforma-cultura-rato-em-fenomeno-do-carnaval-do-recife\\\/\",\"name\":\"Est\u00e9tica perif\u00e9rica transforma \u201ccultura rato\u201d em fen\u00f4meno do Carnaval do Recife - Ello TV\",\"isPartOf\":{\"@id\":\"https:\\\/\\\/ellotv.com.br\\\/site\\\/#website\"},\"primaryImageOfPage\":{\"@id\":\"https:\\\/\\\/ellotv.com.br\\\/site\\\/2026\\\/02\\\/25\\\/estetica-periferica-transforma-cultura-rato-em-fenomeno-do-carnaval-do-recife\\\/#primaryimage\"},\"image\":{\"@id\":\"https:\\\/\\\/ellotv.com.br\\\/site\\\/2026\\\/02\\\/25\\\/estetica-periferica-transforma-cultura-rato-em-fenomeno-do-carnaval-do-recife\\\/#primaryimage\"},\"thumbnailUrl\":\"https:\\\/\\\/ellotv.com.br\\\/site\\\/wp-content\\\/uploads\\\/2026\\\/02\\\/WhatsApp-Image-2026-02-25-at-08.30.50.jpeg\",\"datePublished\":\"2026-02-25T12:32:01+00:00\",\"description\":\"Cultura rato viraliza no Carnaval do Recife 2026, ressignificando identidade perif\u00e9rica com humor, est\u00e9tica urbana e forte presen\u00e7a nas redes sociais.\",\"breadcrumb\":{\"@id\":\"https:\\\/\\\/ellotv.com.br\\\/site\\\/2026\\\/02\\\/25\\\/estetica-periferica-transforma-cultura-rato-em-fenomeno-do-carnaval-do-recife\\\/#breadcrumb\"},\"inLanguage\":\"pt-BR\",\"potentialAction\":[{\"@type\":\"ReadAction\",\"target\":[\"https:\\\/\\\/ellotv.com.br\\\/site\\\/2026\\\/02\\\/25\\\/estetica-periferica-transforma-cultura-rato-em-fenomeno-do-carnaval-do-recife\\\/\"]}]},{\"@type\":\"ImageObject\",\"inLanguage\":\"pt-BR\",\"@id\":\"https:\\\/\\\/ellotv.com.br\\\/site\\\/2026\\\/02\\\/25\\\/estetica-periferica-transforma-cultura-rato-em-fenomeno-do-carnaval-do-recife\\\/#primaryimage\",\"url\":\"https:\\\/\\\/ellotv.com.br\\\/site\\\/wp-content\\\/uploads\\\/2026\\\/02\\\/WhatsApp-Image-2026-02-25-at-08.30.50.jpeg\",\"contentUrl\":\"https:\\\/\\\/ellotv.com.br\\\/site\\\/wp-content\\\/uploads\\\/2026\\\/02\\\/WhatsApp-Image-2026-02-25-at-08.30.50.jpeg\",\"width\":1600,\"height\":900},{\"@type\":\"BreadcrumbList\",\"@id\":\"https:\\\/\\\/ellotv.com.br\\\/site\\\/2026\\\/02\\\/25\\\/estetica-periferica-transforma-cultura-rato-em-fenomeno-do-carnaval-do-recife\\\/#breadcrumb\",\"itemListElement\":[{\"@type\":\"ListItem\",\"position\":1,\"name\":\"In\u00edcio\",\"item\":\"https:\\\/\\\/ellotv.com.br\\\/site\\\/\"},{\"@type\":\"ListItem\",\"position\":2,\"name\":\"Est\u00e9tica perif\u00e9rica transforma \u201ccultura rato\u201d em fen\u00f4meno do Carnaval do Recife\"}]},{\"@type\":\"WebSite\",\"@id\":\"https:\\\/\\\/ellotv.com.br\\\/site\\\/#website\",\"url\":\"https:\\\/\\\/ellotv.com.br\\\/site\\\/\",\"name\":\"ELLO TV\",\"description\":\"\",\"publisher\":{\"@id\":\"https:\\\/\\\/ellotv.com.br\\\/site\\\/#organization\"},\"potentialAction\":[{\"@type\":\"SearchAction\",\"target\":{\"@type\":\"EntryPoint\",\"urlTemplate\":\"https:\\\/\\\/ellotv.com.br\\\/site\\\/?s={search_term_string}\"},\"query-input\":{\"@type\":\"PropertyValueSpecification\",\"valueRequired\":true,\"valueName\":\"search_term_string\"}}],\"inLanguage\":\"pt-BR\"},{\"@type\":\"Organization\",\"@id\":\"https:\\\/\\\/ellotv.com.br\\\/site\\\/#organization\",\"name\":\"ELLO TV\",\"url\":\"https:\\\/\\\/ellotv.com.br\\\/site\\\/\",\"logo\":{\"@type\":\"ImageObject\",\"inLanguage\":\"pt-BR\",\"@id\":\"https:\\\/\\\/ellotv.com.br\\\/site\\\/#\\\/schema\\\/logo\\\/image\\\/\",\"url\":\"https:\\\/\\\/ellotv.com.br\\\/site\\\/wp-content\\\/uploads\\\/2025\\\/11\\\/ello-logo-2.fw_.png\",\"contentUrl\":\"https:\\\/\\\/ellotv.com.br\\\/site\\\/wp-content\\\/uploads\\\/2025\\\/11\\\/ello-logo-2.fw_.png\",\"width\":400,\"height\":146,\"caption\":\"ELLO TV\"},\"image\":{\"@id\":\"https:\\\/\\\/ellotv.com.br\\\/site\\\/#\\\/schema\\\/logo\\\/image\\\/\"}},{\"@type\":\"Person\",\"@id\":\"https:\\\/\\\/ellotv.com.br\\\/site\\\/#\\\/schema\\\/person\\\/2dbe3abaee38dcc7332fc8205cd2b15d\",\"name\":\"ELLO TV\",\"image\":{\"@type\":\"ImageObject\",\"inLanguage\":\"pt-BR\",\"@id\":\"https:\\\/\\\/secure.gravatar.com\\\/avatar\\\/c38242b9da8ec217ac3f0aaee31a54f7d7befb11b2b47fdbc8fb0fad60afa1c6?s=96&d=mm&r=g\",\"url\":\"https:\\\/\\\/secure.gravatar.com\\\/avatar\\\/c38242b9da8ec217ac3f0aaee31a54f7d7befb11b2b47fdbc8fb0fad60afa1c6?s=96&d=mm&r=g\",\"contentUrl\":\"https:\\\/\\\/secure.gravatar.com\\\/avatar\\\/c38242b9da8ec217ac3f0aaee31a54f7d7befb11b2b47fdbc8fb0fad60afa1c6?s=96&d=mm&r=g\",\"caption\":\"ELLO TV\"},\"url\":\"https:\\\/\\\/ellotv.com.br\\\/site\\\/author\\\/elloagencia\\\/\"}]}<\/script>\n<!-- \/ Yoast SEO plugin. -->","yoast_head_json":{"title":"Est\u00e9tica perif\u00e9rica transforma \u201ccultura rato\u201d em fen\u00f4meno do Carnaval do Recife - Ello TV","description":"Cultura rato viraliza no Carnaval do Recife 2026, ressignificando identidade perif\u00e9rica com humor, est\u00e9tica urbana e forte presen\u00e7a nas redes sociais.","robots":{"index":"index","follow":"follow","max-snippet":"max-snippet:-1","max-image-preview":"max-image-preview:large","max-video-preview":"max-video-preview:-1"},"canonical":"https:\/\/ellotv.com.br\/site\/2026\/02\/25\/estetica-periferica-transforma-cultura-rato-em-fenomeno-do-carnaval-do-recife\/","og_locale":"pt_BR","og_type":"article","og_title":"Est\u00e9tica perif\u00e9rica transforma \u201ccultura rato\u201d em fen\u00f4meno do Carnaval do Recife - Ello TV","og_description":"Cultura rato viraliza no Carnaval do Recife 2026, ressignificando identidade perif\u00e9rica com humor, est\u00e9tica urbana e forte presen\u00e7a nas redes sociais.","og_url":"https:\/\/ellotv.com.br\/site\/2026\/02\/25\/estetica-periferica-transforma-cultura-rato-em-fenomeno-do-carnaval-do-recife\/","og_site_name":"Ello TV","article_published_time":"2026-02-25T12:32:01+00:00","og_image":[{"width":1600,"height":900,"url":"https:\/\/ellotv.com.br\/site\/wp-content\/uploads\/2026\/02\/WhatsApp-Image-2026-02-25-at-08.30.50.jpeg","type":"image\/jpeg"}],"author":"ELLO TV","twitter_card":"summary_large_image","twitter_misc":{"Escrito por":"ELLO TV","Est. tempo de leitura":"2 minutos"},"schema":{"@context":"https:\/\/schema.org","@graph":[{"@type":"Article","@id":"https:\/\/ellotv.com.br\/site\/2026\/02\/25\/estetica-periferica-transforma-cultura-rato-em-fenomeno-do-carnaval-do-recife\/#article","isPartOf":{"@id":"https:\/\/ellotv.com.br\/site\/2026\/02\/25\/estetica-periferica-transforma-cultura-rato-em-fenomeno-do-carnaval-do-recife\/"},"author":{"name":"ELLO TV","@id":"https:\/\/ellotv.com.br\/site\/#\/schema\/person\/2dbe3abaee38dcc7332fc8205cd2b15d"},"headline":"Est\u00e9tica perif\u00e9rica transforma \u201ccultura rato\u201d em fen\u00f4meno do Carnaval do Recife","datePublished":"2026-02-25T12:32:01+00:00","mainEntityOfPage":{"@id":"https:\/\/ellotv.com.br\/site\/2026\/02\/25\/estetica-periferica-transforma-cultura-rato-em-fenomeno-do-carnaval-do-recife\/"},"wordCount":389,"commentCount":0,"publisher":{"@id":"https:\/\/ellotv.com.br\/site\/#organization"},"image":{"@id":"https:\/\/ellotv.com.br\/site\/2026\/02\/25\/estetica-periferica-transforma-cultura-rato-em-fenomeno-do-carnaval-do-recife\/#primaryimage"},"thumbnailUrl":"https:\/\/ellotv.com.br\/site\/wp-content\/uploads\/2026\/02\/WhatsApp-Image-2026-02-25-at-08.30.50.jpeg","articleSection":["Noticias","Regional"],"inLanguage":"pt-BR","potentialAction":[{"@type":"CommentAction","name":"Comment","target":["https:\/\/ellotv.com.br\/site\/2026\/02\/25\/estetica-periferica-transforma-cultura-rato-em-fenomeno-do-carnaval-do-recife\/#respond"]}]},{"@type":"WebPage","@id":"https:\/\/ellotv.com.br\/site\/2026\/02\/25\/estetica-periferica-transforma-cultura-rato-em-fenomeno-do-carnaval-do-recife\/","url":"https:\/\/ellotv.com.br\/site\/2026\/02\/25\/estetica-periferica-transforma-cultura-rato-em-fenomeno-do-carnaval-do-recife\/","name":"Est\u00e9tica perif\u00e9rica transforma \u201ccultura rato\u201d em fen\u00f4meno do Carnaval do Recife - Ello TV","isPartOf":{"@id":"https:\/\/ellotv.com.br\/site\/#website"},"primaryImageOfPage":{"@id":"https:\/\/ellotv.com.br\/site\/2026\/02\/25\/estetica-periferica-transforma-cultura-rato-em-fenomeno-do-carnaval-do-recife\/#primaryimage"},"image":{"@id":"https:\/\/ellotv.com.br\/site\/2026\/02\/25\/estetica-periferica-transforma-cultura-rato-em-fenomeno-do-carnaval-do-recife\/#primaryimage"},"thumbnailUrl":"https:\/\/ellotv.com.br\/site\/wp-content\/uploads\/2026\/02\/WhatsApp-Image-2026-02-25-at-08.30.50.jpeg","datePublished":"2026-02-25T12:32:01+00:00","description":"Cultura rato viraliza no Carnaval do Recife 2026, ressignificando identidade perif\u00e9rica com humor, est\u00e9tica urbana e forte presen\u00e7a nas redes sociais.","breadcrumb":{"@id":"https:\/\/ellotv.com.br\/site\/2026\/02\/25\/estetica-periferica-transforma-cultura-rato-em-fenomeno-do-carnaval-do-recife\/#breadcrumb"},"inLanguage":"pt-BR","potentialAction":[{"@type":"ReadAction","target":["https:\/\/ellotv.com.br\/site\/2026\/02\/25\/estetica-periferica-transforma-cultura-rato-em-fenomeno-do-carnaval-do-recife\/"]}]},{"@type":"ImageObject","inLanguage":"pt-BR","@id":"https:\/\/ellotv.com.br\/site\/2026\/02\/25\/estetica-periferica-transforma-cultura-rato-em-fenomeno-do-carnaval-do-recife\/#primaryimage","url":"https:\/\/ellotv.com.br\/site\/wp-content\/uploads\/2026\/02\/WhatsApp-Image-2026-02-25-at-08.30.50.jpeg","contentUrl":"https:\/\/ellotv.com.br\/site\/wp-content\/uploads\/2026\/02\/WhatsApp-Image-2026-02-25-at-08.30.50.jpeg","width":1600,"height":900},{"@type":"BreadcrumbList","@id":"https:\/\/ellotv.com.br\/site\/2026\/02\/25\/estetica-periferica-transforma-cultura-rato-em-fenomeno-do-carnaval-do-recife\/#breadcrumb","itemListElement":[{"@type":"ListItem","position":1,"name":"In\u00edcio","item":"https:\/\/ellotv.com.br\/site\/"},{"@type":"ListItem","position":2,"name":"Est\u00e9tica perif\u00e9rica transforma \u201ccultura rato\u201d em fen\u00f4meno do Carnaval do Recife"}]},{"@type":"WebSite","@id":"https:\/\/ellotv.com.br\/site\/#website","url":"https:\/\/ellotv.com.br\/site\/","name":"ELLO TV","description":"","publisher":{"@id":"https:\/\/ellotv.com.br\/site\/#organization"},"potentialAction":[{"@type":"SearchAction","target":{"@type":"EntryPoint","urlTemplate":"https:\/\/ellotv.com.br\/site\/?s={search_term_string}"},"query-input":{"@type":"PropertyValueSpecification","valueRequired":true,"valueName":"search_term_string"}}],"inLanguage":"pt-BR"},{"@type":"Organization","@id":"https:\/\/ellotv.com.br\/site\/#organization","name":"ELLO TV","url":"https:\/\/ellotv.com.br\/site\/","logo":{"@type":"ImageObject","inLanguage":"pt-BR","@id":"https:\/\/ellotv.com.br\/site\/#\/schema\/logo\/image\/","url":"https:\/\/ellotv.com.br\/site\/wp-content\/uploads\/2025\/11\/ello-logo-2.fw_.png","contentUrl":"https:\/\/ellotv.com.br\/site\/wp-content\/uploads\/2025\/11\/ello-logo-2.fw_.png","width":400,"height":146,"caption":"ELLO TV"},"image":{"@id":"https:\/\/ellotv.com.br\/site\/#\/schema\/logo\/image\/"}},{"@type":"Person","@id":"https:\/\/ellotv.com.br\/site\/#\/schema\/person\/2dbe3abaee38dcc7332fc8205cd2b15d","name":"ELLO TV","image":{"@type":"ImageObject","inLanguage":"pt-BR","@id":"https:\/\/secure.gravatar.com\/avatar\/c38242b9da8ec217ac3f0aaee31a54f7d7befb11b2b47fdbc8fb0fad60afa1c6?s=96&d=mm&r=g","url":"https:\/\/secure.gravatar.com\/avatar\/c38242b9da8ec217ac3f0aaee31a54f7d7befb11b2b47fdbc8fb0fad60afa1c6?s=96&d=mm&r=g","contentUrl":"https:\/\/secure.gravatar.com\/avatar\/c38242b9da8ec217ac3f0aaee31a54f7d7befb11b2b47fdbc8fb0fad60afa1c6?s=96&d=mm&r=g","caption":"ELLO TV"},"url":"https:\/\/ellotv.com.br\/site\/author\/elloagencia\/"}]}},"featured_image_urls":{"full":["https:\/\/ellotv.com.br\/site\/wp-content\/uploads\/2026\/02\/WhatsApp-Image-2026-02-25-at-08.30.50.jpeg",1600,900,false],"thumbnail":["https:\/\/ellotv.com.br\/site\/wp-content\/uploads\/2026\/02\/WhatsApp-Image-2026-02-25-at-08.30.50-150x150.jpeg",150,150,true],"medium":["https:\/\/ellotv.com.br\/site\/wp-content\/uploads\/2026\/02\/WhatsApp-Image-2026-02-25-at-08.30.50-300x169.jpeg",300,169,true],"medium_large":["https:\/\/ellotv.com.br\/site\/wp-content\/uploads\/2026\/02\/WhatsApp-Image-2026-02-25-at-08.30.50-768x432.jpeg",640,360,true],"large":["https:\/\/ellotv.com.br\/site\/wp-content\/uploads\/2026\/02\/WhatsApp-Image-2026-02-25-at-08.30.50-1024x576.jpeg",640,360,true],"1536x1536":["https:\/\/ellotv.com.br\/site\/wp-content\/uploads\/2026\/02\/WhatsApp-Image-2026-02-25-at-08.30.50-1536x864.jpeg",1536,864,true],"2048x2048":["https:\/\/ellotv.com.br\/site\/wp-content\/uploads\/2026\/02\/WhatsApp-Image-2026-02-25-at-08.30.50.jpeg",1600,900,false],"darknews-slider-full":["https:\/\/ellotv.com.br\/site\/wp-content\/uploads\/2026\/02\/WhatsApp-Image-2026-02-25-at-08.30.50-1280x720.jpeg",1280,720,true],"darknews-featured":["https:\/\/ellotv.com.br\/site\/wp-content\/uploads\/2026\/02\/WhatsApp-Image-2026-02-25-at-08.30.50-1024x576.jpeg",1024,576,true],"darknews-medium":["https:\/\/ellotv.com.br\/site\/wp-content\/uploads\/2026\/02\/WhatsApp-Image-2026-02-25-at-08.30.50-720x530.jpeg",720,530,true],"darknews-medium-square":["https:\/\/ellotv.com.br\/site\/wp-content\/uploads\/2026\/02\/WhatsApp-Image-2026-02-25-at-08.30.50-350x350.jpeg",350,350,true]},"author_info":{"info":["ELLO TV"]},"category_info":"<a href=\"https:\/\/ellotv.com.br\/site\/category\/noticias\/\" rel=\"category tag\">Noticias<\/a> <a href=\"https:\/\/ellotv.com.br\/site\/category\/regional\/\" rel=\"category tag\">Regional<\/a>","tag_info":"Regional","comment_count":"0","_links":{"self":[{"href":"https:\/\/ellotv.com.br\/site\/wp-json\/wp\/v2\/posts\/5014","targetHints":{"allow":["GET"]}}],"collection":[{"href":"https:\/\/ellotv.com.br\/site\/wp-json\/wp\/v2\/posts"}],"about":[{"href":"https:\/\/ellotv.com.br\/site\/wp-json\/wp\/v2\/types\/post"}],"author":[{"embeddable":true,"href":"https:\/\/ellotv.com.br\/site\/wp-json\/wp\/v2\/users\/2"}],"replies":[{"embeddable":true,"href":"https:\/\/ellotv.com.br\/site\/wp-json\/wp\/v2\/comments?post=5014"}],"version-history":[{"count":1,"href":"https:\/\/ellotv.com.br\/site\/wp-json\/wp\/v2\/posts\/5014\/revisions"}],"predecessor-version":[{"id":5016,"href":"https:\/\/ellotv.com.br\/site\/wp-json\/wp\/v2\/posts\/5014\/revisions\/5016"}],"wp:featuredmedia":[{"embeddable":true,"href":"https:\/\/ellotv.com.br\/site\/wp-json\/wp\/v2\/media\/5015"}],"wp:attachment":[{"href":"https:\/\/ellotv.com.br\/site\/wp-json\/wp\/v2\/media?parent=5014"}],"wp:term":[{"taxonomy":"category","embeddable":true,"href":"https:\/\/ellotv.com.br\/site\/wp-json\/wp\/v2\/categories?post=5014"},{"taxonomy":"post_tag","embeddable":true,"href":"https:\/\/ellotv.com.br\/site\/wp-json\/wp\/v2\/tags?post=5014"}],"curies":[{"name":"wp","href":"https:\/\/api.w.org\/{rel}","templated":true}]}}