{"id":5018,"date":"2026-02-26T09:09:19","date_gmt":"2026-02-26T12:09:19","guid":{"rendered":"https:\/\/ellotv.com.br\/site\/?p=5018"},"modified":"2026-02-26T09:09:19","modified_gmt":"2026-02-26T12:09:19","slug":"ha-mais-de-60-anos-sem-conta-de-agua-a-cidade-paraibana-onde-a-agua-e-gratuita","status":"publish","type":"post","link":"https:\/\/ellotv.com.br\/site\/2026\/02\/26\/ha-mais-de-60-anos-sem-conta-de-agua-a-cidade-paraibana-onde-a-agua-e-gratuita\/","title":{"rendered":"H\u00e1 mais de 60 anos sem conta de \u00e1gua: a cidade paraibana onde a \u00e1gua \u00e9 gratuita"},"content":{"rendered":"<p data-start=\"80\" data-end=\"361\">No interior da <strong data-start=\"95\" data-end=\"136\"><span class=\"hover:entity-accent entity-underline inline cursor-pointer align-baseline\"><span class=\"whitespace-normal\">Para\u00edba<\/span><\/span><\/strong>, a cerca de 66 km de <strong data-start=\"158\" data-end=\"199\"><span class=\"hover:entity-accent entity-underline inline cursor-pointer align-baseline\"><span class=\"whitespace-normal\">Jo\u00e3o Pessoa<\/span><\/span><\/strong>, o munic\u00edpio de <strong data-start=\"216\" data-end=\"257\"><span class=\"hover:entity-accent entity-underline inline cursor-pointer align-baseline\"><span class=\"whitespace-normal\">Itapororoca<\/span><\/span><\/strong> preserva uma realidade rara no Brasil: h\u00e1 mais de seis d\u00e9cadas, seus moradores n\u00e3o pagam conta de \u00e1gua.<\/p>\n<p data-start=\"363\" data-end=\"718\">Desde 1961, o abastecimento \u00e9 garantido por uma nascente localizada no <strong data-start=\"434\" data-end=\"475\"><span class=\"hover:entity-accent entity-underline inline cursor-pointer align-baseline\"><span class=\"whitespace-normal\">Parque Ecol\u00f3gico da Nascen\u00e7a<\/span><\/span><\/strong>. A \u00e1gua desce por gravidade, sem necessidade de bombas ou motores, diretamente para a caixa central de distribui\u00e7\u00e3o da cidade. O sistema, que come\u00e7ou atendendo cerca de mil fam\u00edlias, hoje abastece mais de cinco mil resid\u00eancias na zona urbana.<\/p>\n<p data-start=\"720\" data-end=\"1078\">O nome Itapororoca tem origem tupi: \u201cit\u00e1\u201d significa pedra, enquanto \u201cpororoca\u201d remete ao encontro das \u00e1guas com as rochas \u2014 uma descri\u00e7\u00e3o fiel do que ocorre no subsolo da regi\u00e3o. Forma\u00e7\u00f5es rochosas de origem vulc\u00e2nica absorvem a \u00e1gua da chuva e a liberam gradualmente, mantendo a nascente ativa durante todo o ano, inclusive em per\u00edodos de seca no semi\u00e1rido.<\/p>\n<p data-start=\"1080\" data-end=\"1319\">A emancipa\u00e7\u00e3o do munic\u00edpio ocorreu por meio da Lei n\u00ba 2.701, de 28 de dezembro de 1961, quando deixou de ser distrito de <strong data-start=\"1201\" data-end=\"1242\"><span class=\"hover:entity-accent entity-underline inline cursor-pointer align-baseline\"><span class=\"whitespace-normal\">Mamanguape<\/span><\/span><\/strong>. Desde ent\u00e3o, o abastecimento gratuito passou a integrar a identidade local.<\/p>\n<p data-start=\"1321\" data-end=\"1677\">Uma lei municipal reconhece o acesso \u00e0 \u00e1gua como direito inalien\u00e1vel da popula\u00e7\u00e3o. No entanto, o crescimento da cidade tem levantado debates sobre a sustentabilidade do modelo. A concess\u00e3o do servi\u00e7o \u00e0 <strong data-start=\"1523\" data-end=\"1564\"><span class=\"hover:entity-accent entity-underline inline cursor-pointer align-baseline\"><span class=\"whitespace-normal\">Companhia de \u00c1gua e Esgotos da Para\u00edba<\/span><\/span><\/strong> (Cagepa) j\u00e1 foi aprovada, mas at\u00e9 o in\u00edcio de 2026 n\u00e3o havia defini\u00e7\u00e3o sobre quando a empresa assumir\u00e1 a gest\u00e3o.<\/p>\n<p data-start=\"1679\" data-end=\"1988\">Parte da popula\u00e7\u00e3o v\u00ea a mudan\u00e7a como necess\u00e1ria para garantir tratamento adequado e moderniza\u00e7\u00e3o da rede, que ainda utiliza tubula\u00e7\u00f5es antigas e n\u00e3o possui esta\u00e7\u00e3o central de tratamento. Outros moradores temem o fim de um sistema que atravessou gera\u00e7\u00f5es e transformou a \u00e1gua em s\u00edmbolo de identidade coletiva.<\/p>\n<p data-start=\"1990\" data-end=\"2236\">Entre trilhas de Mata Atl\u00e2ntica, produ\u00e7\u00e3o agr\u00edcola \u2014 com destaque para o abacaxi \u2014 e forma\u00e7\u00f5es rochosas vulc\u00e2nicas, Itapororoca carrega uma hist\u00f3ria singular: a de uma cidade onde a natureza definiu as regras do abastecimento por mais de 60 anos.<\/p>\n","protected":false},"excerpt":{"rendered":"<p>No interior da Para\u00edba, a cerca de 66 km de Jo\u00e3o Pessoa, o munic\u00edpio de Itapororoca preserva uma<\/p>\n","protected":false},"author":2,"featured_media":5019,"comment_status":"open","ping_status":"open","sticky":false,"template":"","format":"standard","meta":{"footnotes":""},"categories":[12,9],"tags":[],"class_list":["post-5018","post","type-post","status-publish","format-standard","has-post-thumbnail","hentry","category-noticias","category-regional"],"yoast_head":"<!-- This site is optimized with the Yoast SEO plugin v28.3 - https:\/\/yoast.com\/product\/yoast-seo-wordpress\/ -->\n<title>H\u00e1 mais de 60 anos sem conta de \u00e1gua: a cidade paraibana onde a \u00e1gua \u00e9 gratuita - Ello TV<\/title>\n<meta name=\"description\" content=\"Cidade de Itapororoca, na Para\u00edba, mant\u00e9m abastecimento gratuito de \u00e1gua h\u00e1 mais de 60 anos, modelo que hoje gera debate sobre moderniza\u00e7\u00e3o e futuro.\" \/>\n<meta name=\"robots\" content=\"index, follow, max-snippet:-1, max-image-preview:large, max-video-preview:-1\" \/>\n<link rel=\"canonical\" href=\"https:\/\/ellotv.com.br\/site\/2026\/02\/26\/ha-mais-de-60-anos-sem-conta-de-agua-a-cidade-paraibana-onde-a-agua-e-gratuita\/\" \/>\n<meta property=\"og:locale\" content=\"pt_BR\" \/>\n<meta property=\"og:type\" content=\"article\" \/>\n<meta property=\"og:title\" content=\"H\u00e1 mais de 60 anos sem conta de \u00e1gua: a cidade paraibana onde a \u00e1gua \u00e9 gratuita - Ello TV\" \/>\n<meta property=\"og:description\" content=\"Cidade de Itapororoca, na Para\u00edba, mant\u00e9m abastecimento gratuito de \u00e1gua h\u00e1 mais de 60 anos, modelo que hoje gera debate sobre moderniza\u00e7\u00e3o e futuro.\" \/>\n<meta property=\"og:url\" content=\"https:\/\/ellotv.com.br\/site\/2026\/02\/26\/ha-mais-de-60-anos-sem-conta-de-agua-a-cidade-paraibana-onde-a-agua-e-gratuita\/\" \/>\n<meta property=\"og:site_name\" content=\"Ello TV\" \/>\n<meta property=\"article:published_time\" content=\"2026-02-26T12:09:19+00:00\" \/>\n<meta property=\"og:image\" content=\"https:\/\/ellotv.com.br\/site\/wp-content\/uploads\/2026\/02\/WhatsApp-Image-2026-02-26-at-08.59.48.jpeg\" \/>\n\t<meta property=\"og:image:width\" content=\"1080\" \/>\n\t<meta property=\"og:image:height\" content=\"1068\" \/>\n\t<meta property=\"og:image:type\" content=\"image\/jpeg\" \/>\n<meta name=\"author\" content=\"ELLO TV\" \/>\n<meta name=\"twitter:card\" content=\"summary_large_image\" \/>\n<meta name=\"twitter:label1\" content=\"Escrito por\" \/>\n\t<meta name=\"twitter:data1\" content=\"ELLO TV\" \/>\n\t<meta name=\"twitter:label2\" content=\"Est. tempo de leitura\" \/>\n\t<meta name=\"twitter:data2\" content=\"2 minutos\" \/>\n<script type=\"application\/ld+json\" class=\"yoast-schema-graph\">{\"@context\":\"https:\\\/\\\/schema.org\",\"@graph\":[{\"@type\":\"Article\",\"@id\":\"https:\\\/\\\/ellotv.com.br\\\/site\\\/2026\\\/02\\\/26\\\/ha-mais-de-60-anos-sem-conta-de-agua-a-cidade-paraibana-onde-a-agua-e-gratuita\\\/#article\",\"isPartOf\":{\"@id\":\"https:\\\/\\\/ellotv.com.br\\\/site\\\/2026\\\/02\\\/26\\\/ha-mais-de-60-anos-sem-conta-de-agua-a-cidade-paraibana-onde-a-agua-e-gratuita\\\/\"},\"author\":{\"name\":\"ELLO TV\",\"@id\":\"https:\\\/\\\/ellotv.com.br\\\/site\\\/#\\\/schema\\\/person\\\/2dbe3abaee38dcc7332fc8205cd2b15d\"},\"headline\":\"H\u00e1 mais de 60 anos sem conta de \u00e1gua: a cidade paraibana onde a \u00e1gua \u00e9 gratuita\",\"datePublished\":\"2026-02-26T12:09:19+00:00\",\"mainEntityOfPage\":{\"@id\":\"https:\\\/\\\/ellotv.com.br\\\/site\\\/2026\\\/02\\\/26\\\/ha-mais-de-60-anos-sem-conta-de-agua-a-cidade-paraibana-onde-a-agua-e-gratuita\\\/\"},\"wordCount\":375,\"commentCount\":0,\"publisher\":{\"@id\":\"https:\\\/\\\/ellotv.com.br\\\/site\\\/#organization\"},\"image\":{\"@id\":\"https:\\\/\\\/ellotv.com.br\\\/site\\\/2026\\\/02\\\/26\\\/ha-mais-de-60-anos-sem-conta-de-agua-a-cidade-paraibana-onde-a-agua-e-gratuita\\\/#primaryimage\"},\"thumbnailUrl\":\"https:\\\/\\\/ellotv.com.br\\\/site\\\/wp-content\\\/uploads\\\/2026\\\/02\\\/WhatsApp-Image-2026-02-26-at-08.59.48.jpeg\",\"articleSection\":[\"Noticias\",\"Regional\"],\"inLanguage\":\"pt-BR\",\"potentialAction\":[{\"@type\":\"CommentAction\",\"name\":\"Comment\",\"target\":[\"https:\\\/\\\/ellotv.com.br\\\/site\\\/2026\\\/02\\\/26\\\/ha-mais-de-60-anos-sem-conta-de-agua-a-cidade-paraibana-onde-a-agua-e-gratuita\\\/#respond\"]}]},{\"@type\":\"WebPage\",\"@id\":\"https:\\\/\\\/ellotv.com.br\\\/site\\\/2026\\\/02\\\/26\\\/ha-mais-de-60-anos-sem-conta-de-agua-a-cidade-paraibana-onde-a-agua-e-gratuita\\\/\",\"url\":\"https:\\\/\\\/ellotv.com.br\\\/site\\\/2026\\\/02\\\/26\\\/ha-mais-de-60-anos-sem-conta-de-agua-a-cidade-paraibana-onde-a-agua-e-gratuita\\\/\",\"name\":\"H\u00e1 mais de 60 anos sem conta de \u00e1gua: a cidade paraibana onde a \u00e1gua \u00e9 gratuita - Ello TV\",\"isPartOf\":{\"@id\":\"https:\\\/\\\/ellotv.com.br\\\/site\\\/#website\"},\"primaryImageOfPage\":{\"@id\":\"https:\\\/\\\/ellotv.com.br\\\/site\\\/2026\\\/02\\\/26\\\/ha-mais-de-60-anos-sem-conta-de-agua-a-cidade-paraibana-onde-a-agua-e-gratuita\\\/#primaryimage\"},\"image\":{\"@id\":\"https:\\\/\\\/ellotv.com.br\\\/site\\\/2026\\\/02\\\/26\\\/ha-mais-de-60-anos-sem-conta-de-agua-a-cidade-paraibana-onde-a-agua-e-gratuita\\\/#primaryimage\"},\"thumbnailUrl\":\"https:\\\/\\\/ellotv.com.br\\\/site\\\/wp-content\\\/uploads\\\/2026\\\/02\\\/WhatsApp-Image-2026-02-26-at-08.59.48.jpeg\",\"datePublished\":\"2026-02-26T12:09:19+00:00\",\"description\":\"Cidade de Itapororoca, na Para\u00edba, mant\u00e9m abastecimento gratuito de \u00e1gua h\u00e1 mais de 60 anos, modelo que hoje gera debate sobre moderniza\u00e7\u00e3o e futuro.\",\"breadcrumb\":{\"@id\":\"https:\\\/\\\/ellotv.com.br\\\/site\\\/2026\\\/02\\\/26\\\/ha-mais-de-60-anos-sem-conta-de-agua-a-cidade-paraibana-onde-a-agua-e-gratuita\\\/#breadcrumb\"},\"inLanguage\":\"pt-BR\",\"potentialAction\":[{\"@type\":\"ReadAction\",\"target\":[\"https:\\\/\\\/ellotv.com.br\\\/site\\\/2026\\\/02\\\/26\\\/ha-mais-de-60-anos-sem-conta-de-agua-a-cidade-paraibana-onde-a-agua-e-gratuita\\\/\"]}]},{\"@type\":\"ImageObject\",\"inLanguage\":\"pt-BR\",\"@id\":\"https:\\\/\\\/ellotv.com.br\\\/site\\\/2026\\\/02\\\/26\\\/ha-mais-de-60-anos-sem-conta-de-agua-a-cidade-paraibana-onde-a-agua-e-gratuita\\\/#primaryimage\",\"url\":\"https:\\\/\\\/ellotv.com.br\\\/site\\\/wp-content\\\/uploads\\\/2026\\\/02\\\/WhatsApp-Image-2026-02-26-at-08.59.48.jpeg\",\"contentUrl\":\"https:\\\/\\\/ellotv.com.br\\\/site\\\/wp-content\\\/uploads\\\/2026\\\/02\\\/WhatsApp-Image-2026-02-26-at-08.59.48.jpeg\",\"width\":1080,\"height\":1068},{\"@type\":\"BreadcrumbList\",\"@id\":\"https:\\\/\\\/ellotv.com.br\\\/site\\\/2026\\\/02\\\/26\\\/ha-mais-de-60-anos-sem-conta-de-agua-a-cidade-paraibana-onde-a-agua-e-gratuita\\\/#breadcrumb\",\"itemListElement\":[{\"@type\":\"ListItem\",\"position\":1,\"name\":\"In\u00edcio\",\"item\":\"https:\\\/\\\/ellotv.com.br\\\/site\\\/\"},{\"@type\":\"ListItem\",\"position\":2,\"name\":\"H\u00e1 mais de 60 anos sem conta de \u00e1gua: a cidade paraibana onde a \u00e1gua \u00e9 gratuita\"}]},{\"@type\":\"WebSite\",\"@id\":\"https:\\\/\\\/ellotv.com.br\\\/site\\\/#website\",\"url\":\"https:\\\/\\\/ellotv.com.br\\\/site\\\/\",\"name\":\"ELLO TV\",\"description\":\"\",\"publisher\":{\"@id\":\"https:\\\/\\\/ellotv.com.br\\\/site\\\/#organization\"},\"potentialAction\":[{\"@type\":\"SearchAction\",\"target\":{\"@type\":\"EntryPoint\",\"urlTemplate\":\"https:\\\/\\\/ellotv.com.br\\\/site\\\/?s={search_term_string}\"},\"query-input\":{\"@type\":\"PropertyValueSpecification\",\"valueRequired\":true,\"valueName\":\"search_term_string\"}}],\"inLanguage\":\"pt-BR\"},{\"@type\":\"Organization\",\"@id\":\"https:\\\/\\\/ellotv.com.br\\\/site\\\/#organization\",\"name\":\"ELLO TV\",\"url\":\"https:\\\/\\\/ellotv.com.br\\\/site\\\/\",\"logo\":{\"@type\":\"ImageObject\",\"inLanguage\":\"pt-BR\",\"@id\":\"https:\\\/\\\/ellotv.com.br\\\/site\\\/#\\\/schema\\\/logo\\\/image\\\/\",\"url\":\"https:\\\/\\\/ellotv.com.br\\\/site\\\/wp-content\\\/uploads\\\/2025\\\/11\\\/ello-logo-2.fw_.png\",\"contentUrl\":\"https:\\\/\\\/ellotv.com.br\\\/site\\\/wp-content\\\/uploads\\\/2025\\\/11\\\/ello-logo-2.fw_.png\",\"width\":400,\"height\":146,\"caption\":\"ELLO TV\"},\"image\":{\"@id\":\"https:\\\/\\\/ellotv.com.br\\\/site\\\/#\\\/schema\\\/logo\\\/image\\\/\"}},{\"@type\":\"Person\",\"@id\":\"https:\\\/\\\/ellotv.com.br\\\/site\\\/#\\\/schema\\\/person\\\/2dbe3abaee38dcc7332fc8205cd2b15d\",\"name\":\"ELLO TV\",\"image\":{\"@type\":\"ImageObject\",\"inLanguage\":\"pt-BR\",\"@id\":\"https:\\\/\\\/secure.gravatar.com\\\/avatar\\\/c38242b9da8ec217ac3f0aaee31a54f7d7befb11b2b47fdbc8fb0fad60afa1c6?s=96&d=mm&r=g\",\"url\":\"https:\\\/\\\/secure.gravatar.com\\\/avatar\\\/c38242b9da8ec217ac3f0aaee31a54f7d7befb11b2b47fdbc8fb0fad60afa1c6?s=96&d=mm&r=g\",\"contentUrl\":\"https:\\\/\\\/secure.gravatar.com\\\/avatar\\\/c38242b9da8ec217ac3f0aaee31a54f7d7befb11b2b47fdbc8fb0fad60afa1c6?s=96&d=mm&r=g\",\"caption\":\"ELLO TV\"},\"url\":\"https:\\\/\\\/ellotv.com.br\\\/site\\\/author\\\/elloagencia\\\/\"}]}<\/script>\n<!-- \/ Yoast SEO plugin. -->","yoast_head_json":{"title":"H\u00e1 mais de 60 anos sem conta de \u00e1gua: a cidade paraibana onde a \u00e1gua \u00e9 gratuita - Ello TV","description":"Cidade de Itapororoca, na Para\u00edba, mant\u00e9m abastecimento gratuito de \u00e1gua h\u00e1 mais de 60 anos, modelo que hoje gera debate sobre moderniza\u00e7\u00e3o e futuro.","robots":{"index":"index","follow":"follow","max-snippet":"max-snippet:-1","max-image-preview":"max-image-preview:large","max-video-preview":"max-video-preview:-1"},"canonical":"https:\/\/ellotv.com.br\/site\/2026\/02\/26\/ha-mais-de-60-anos-sem-conta-de-agua-a-cidade-paraibana-onde-a-agua-e-gratuita\/","og_locale":"pt_BR","og_type":"article","og_title":"H\u00e1 mais de 60 anos sem conta de \u00e1gua: a cidade paraibana onde a \u00e1gua \u00e9 gratuita - Ello TV","og_description":"Cidade de Itapororoca, na Para\u00edba, mant\u00e9m abastecimento gratuito de \u00e1gua h\u00e1 mais de 60 anos, modelo que hoje gera debate sobre moderniza\u00e7\u00e3o e futuro.","og_url":"https:\/\/ellotv.com.br\/site\/2026\/02\/26\/ha-mais-de-60-anos-sem-conta-de-agua-a-cidade-paraibana-onde-a-agua-e-gratuita\/","og_site_name":"Ello TV","article_published_time":"2026-02-26T12:09:19+00:00","og_image":[{"width":1080,"height":1068,"url":"https:\/\/ellotv.com.br\/site\/wp-content\/uploads\/2026\/02\/WhatsApp-Image-2026-02-26-at-08.59.48.jpeg","type":"image\/jpeg"}],"author":"ELLO TV","twitter_card":"summary_large_image","twitter_misc":{"Escrito por":"ELLO TV","Est. tempo de leitura":"2 minutos"},"schema":{"@context":"https:\/\/schema.org","@graph":[{"@type":"Article","@id":"https:\/\/ellotv.com.br\/site\/2026\/02\/26\/ha-mais-de-60-anos-sem-conta-de-agua-a-cidade-paraibana-onde-a-agua-e-gratuita\/#article","isPartOf":{"@id":"https:\/\/ellotv.com.br\/site\/2026\/02\/26\/ha-mais-de-60-anos-sem-conta-de-agua-a-cidade-paraibana-onde-a-agua-e-gratuita\/"},"author":{"name":"ELLO TV","@id":"https:\/\/ellotv.com.br\/site\/#\/schema\/person\/2dbe3abaee38dcc7332fc8205cd2b15d"},"headline":"H\u00e1 mais de 60 anos sem conta de \u00e1gua: a cidade paraibana onde a \u00e1gua \u00e9 gratuita","datePublished":"2026-02-26T12:09:19+00:00","mainEntityOfPage":{"@id":"https:\/\/ellotv.com.br\/site\/2026\/02\/26\/ha-mais-de-60-anos-sem-conta-de-agua-a-cidade-paraibana-onde-a-agua-e-gratuita\/"},"wordCount":375,"commentCount":0,"publisher":{"@id":"https:\/\/ellotv.com.br\/site\/#organization"},"image":{"@id":"https:\/\/ellotv.com.br\/site\/2026\/02\/26\/ha-mais-de-60-anos-sem-conta-de-agua-a-cidade-paraibana-onde-a-agua-e-gratuita\/#primaryimage"},"thumbnailUrl":"https:\/\/ellotv.com.br\/site\/wp-content\/uploads\/2026\/02\/WhatsApp-Image-2026-02-26-at-08.59.48.jpeg","articleSection":["Noticias","Regional"],"inLanguage":"pt-BR","potentialAction":[{"@type":"CommentAction","name":"Comment","target":["https:\/\/ellotv.com.br\/site\/2026\/02\/26\/ha-mais-de-60-anos-sem-conta-de-agua-a-cidade-paraibana-onde-a-agua-e-gratuita\/#respond"]}]},{"@type":"WebPage","@id":"https:\/\/ellotv.com.br\/site\/2026\/02\/26\/ha-mais-de-60-anos-sem-conta-de-agua-a-cidade-paraibana-onde-a-agua-e-gratuita\/","url":"https:\/\/ellotv.com.br\/site\/2026\/02\/26\/ha-mais-de-60-anos-sem-conta-de-agua-a-cidade-paraibana-onde-a-agua-e-gratuita\/","name":"H\u00e1 mais de 60 anos sem conta de \u00e1gua: a cidade paraibana onde a \u00e1gua \u00e9 gratuita - Ello TV","isPartOf":{"@id":"https:\/\/ellotv.com.br\/site\/#website"},"primaryImageOfPage":{"@id":"https:\/\/ellotv.com.br\/site\/2026\/02\/26\/ha-mais-de-60-anos-sem-conta-de-agua-a-cidade-paraibana-onde-a-agua-e-gratuita\/#primaryimage"},"image":{"@id":"https:\/\/ellotv.com.br\/site\/2026\/02\/26\/ha-mais-de-60-anos-sem-conta-de-agua-a-cidade-paraibana-onde-a-agua-e-gratuita\/#primaryimage"},"thumbnailUrl":"https:\/\/ellotv.com.br\/site\/wp-content\/uploads\/2026\/02\/WhatsApp-Image-2026-02-26-at-08.59.48.jpeg","datePublished":"2026-02-26T12:09:19+00:00","description":"Cidade de Itapororoca, na Para\u00edba, mant\u00e9m abastecimento gratuito de \u00e1gua h\u00e1 mais de 60 anos, modelo que hoje gera debate sobre moderniza\u00e7\u00e3o e futuro.","breadcrumb":{"@id":"https:\/\/ellotv.com.br\/site\/2026\/02\/26\/ha-mais-de-60-anos-sem-conta-de-agua-a-cidade-paraibana-onde-a-agua-e-gratuita\/#breadcrumb"},"inLanguage":"pt-BR","potentialAction":[{"@type":"ReadAction","target":["https:\/\/ellotv.com.br\/site\/2026\/02\/26\/ha-mais-de-60-anos-sem-conta-de-agua-a-cidade-paraibana-onde-a-agua-e-gratuita\/"]}]},{"@type":"ImageObject","inLanguage":"pt-BR","@id":"https:\/\/ellotv.com.br\/site\/2026\/02\/26\/ha-mais-de-60-anos-sem-conta-de-agua-a-cidade-paraibana-onde-a-agua-e-gratuita\/#primaryimage","url":"https:\/\/ellotv.com.br\/site\/wp-content\/uploads\/2026\/02\/WhatsApp-Image-2026-02-26-at-08.59.48.jpeg","contentUrl":"https:\/\/ellotv.com.br\/site\/wp-content\/uploads\/2026\/02\/WhatsApp-Image-2026-02-26-at-08.59.48.jpeg","width":1080,"height":1068},{"@type":"BreadcrumbList","@id":"https:\/\/ellotv.com.br\/site\/2026\/02\/26\/ha-mais-de-60-anos-sem-conta-de-agua-a-cidade-paraibana-onde-a-agua-e-gratuita\/#breadcrumb","itemListElement":[{"@type":"ListItem","position":1,"name":"In\u00edcio","item":"https:\/\/ellotv.com.br\/site\/"},{"@type":"ListItem","position":2,"name":"H\u00e1 mais de 60 anos sem conta de \u00e1gua: a cidade paraibana onde a \u00e1gua \u00e9 gratuita"}]},{"@type":"WebSite","@id":"https:\/\/ellotv.com.br\/site\/#website","url":"https:\/\/ellotv.com.br\/site\/","name":"ELLO TV","description":"","publisher":{"@id":"https:\/\/ellotv.com.br\/site\/#organization"},"potentialAction":[{"@type":"SearchAction","target":{"@type":"EntryPoint","urlTemplate":"https:\/\/ellotv.com.br\/site\/?s={search_term_string}"},"query-input":{"@type":"PropertyValueSpecification","valueRequired":true,"valueName":"search_term_string"}}],"inLanguage":"pt-BR"},{"@type":"Organization","@id":"https:\/\/ellotv.com.br\/site\/#organization","name":"ELLO TV","url":"https:\/\/ellotv.com.br\/site\/","logo":{"@type":"ImageObject","inLanguage":"pt-BR","@id":"https:\/\/ellotv.com.br\/site\/#\/schema\/logo\/image\/","url":"https:\/\/ellotv.com.br\/site\/wp-content\/uploads\/2025\/11\/ello-logo-2.fw_.png","contentUrl":"https:\/\/ellotv.com.br\/site\/wp-content\/uploads\/2025\/11\/ello-logo-2.fw_.png","width":400,"height":146,"caption":"ELLO TV"},"image":{"@id":"https:\/\/ellotv.com.br\/site\/#\/schema\/logo\/image\/"}},{"@type":"Person","@id":"https:\/\/ellotv.com.br\/site\/#\/schema\/person\/2dbe3abaee38dcc7332fc8205cd2b15d","name":"ELLO TV","image":{"@type":"ImageObject","inLanguage":"pt-BR","@id":"https:\/\/secure.gravatar.com\/avatar\/c38242b9da8ec217ac3f0aaee31a54f7d7befb11b2b47fdbc8fb0fad60afa1c6?s=96&d=mm&r=g","url":"https:\/\/secure.gravatar.com\/avatar\/c38242b9da8ec217ac3f0aaee31a54f7d7befb11b2b47fdbc8fb0fad60afa1c6?s=96&d=mm&r=g","contentUrl":"https:\/\/secure.gravatar.com\/avatar\/c38242b9da8ec217ac3f0aaee31a54f7d7befb11b2b47fdbc8fb0fad60afa1c6?s=96&d=mm&r=g","caption":"ELLO TV"},"url":"https:\/\/ellotv.com.br\/site\/author\/elloagencia\/"}]}},"featured_image_urls":{"full":["https:\/\/ellotv.com.br\/site\/wp-content\/uploads\/2026\/02\/WhatsApp-Image-2026-02-26-at-08.59.48.jpeg",1080,1068,false],"thumbnail":["https:\/\/ellotv.com.br\/site\/wp-content\/uploads\/2026\/02\/WhatsApp-Image-2026-02-26-at-08.59.48-150x150.jpeg",150,150,true],"medium":["https:\/\/ellotv.com.br\/site\/wp-content\/uploads\/2026\/02\/WhatsApp-Image-2026-02-26-at-08.59.48-300x297.jpeg",300,297,true],"medium_large":["https:\/\/ellotv.com.br\/site\/wp-content\/uploads\/2026\/02\/WhatsApp-Image-2026-02-26-at-08.59.48-768x759.jpeg",640,633,true],"large":["https:\/\/ellotv.com.br\/site\/wp-content\/uploads\/2026\/02\/WhatsApp-Image-2026-02-26-at-08.59.48-1024x1013.jpeg",640,633,true],"1536x1536":["https:\/\/ellotv.com.br\/site\/wp-content\/uploads\/2026\/02\/WhatsApp-Image-2026-02-26-at-08.59.48.jpeg",1080,1068,false],"2048x2048":["https:\/\/ellotv.com.br\/site\/wp-content\/uploads\/2026\/02\/WhatsApp-Image-2026-02-26-at-08.59.48.jpeg",1080,1068,false],"darknews-slider-full":["https:\/\/ellotv.com.br\/site\/wp-content\/uploads\/2026\/02\/WhatsApp-Image-2026-02-26-at-08.59.48-1080x720.jpeg",1080,720,true],"darknews-featured":["https:\/\/ellotv.com.br\/site\/wp-content\/uploads\/2026\/02\/WhatsApp-Image-2026-02-26-at-08.59.48-1024x1013.jpeg",1024,1013,true],"darknews-medium":["https:\/\/ellotv.com.br\/site\/wp-content\/uploads\/2026\/02\/WhatsApp-Image-2026-02-26-at-08.59.48-720x530.jpeg",720,530,true],"darknews-medium-square":["https:\/\/ellotv.com.br\/site\/wp-content\/uploads\/2026\/02\/WhatsApp-Image-2026-02-26-at-08.59.48-350x350.jpeg",350,350,true]},"author_info":{"info":["ELLO TV"]},"category_info":"<a href=\"https:\/\/ellotv.com.br\/site\/category\/noticias\/\" rel=\"category tag\">Noticias<\/a> <a href=\"https:\/\/ellotv.com.br\/site\/category\/regional\/\" rel=\"category tag\">Regional<\/a>","tag_info":"Regional","comment_count":"0","_links":{"self":[{"href":"https:\/\/ellotv.com.br\/site\/wp-json\/wp\/v2\/posts\/5018","targetHints":{"allow":["GET"]}}],"collection":[{"href":"https:\/\/ellotv.com.br\/site\/wp-json\/wp\/v2\/posts"}],"about":[{"href":"https:\/\/ellotv.com.br\/site\/wp-json\/wp\/v2\/types\/post"}],"author":[{"embeddable":true,"href":"https:\/\/ellotv.com.br\/site\/wp-json\/wp\/v2\/users\/2"}],"replies":[{"embeddable":true,"href":"https:\/\/ellotv.com.br\/site\/wp-json\/wp\/v2\/comments?post=5018"}],"version-history":[{"count":1,"href":"https:\/\/ellotv.com.br\/site\/wp-json\/wp\/v2\/posts\/5018\/revisions"}],"predecessor-version":[{"id":5020,"href":"https:\/\/ellotv.com.br\/site\/wp-json\/wp\/v2\/posts\/5018\/revisions\/5020"}],"wp:featuredmedia":[{"embeddable":true,"href":"https:\/\/ellotv.com.br\/site\/wp-json\/wp\/v2\/media\/5019"}],"wp:attachment":[{"href":"https:\/\/ellotv.com.br\/site\/wp-json\/wp\/v2\/media?parent=5018"}],"wp:term":[{"taxonomy":"category","embeddable":true,"href":"https:\/\/ellotv.com.br\/site\/wp-json\/wp\/v2\/categories?post=5018"},{"taxonomy":"post_tag","embeddable":true,"href":"https:\/\/ellotv.com.br\/site\/wp-json\/wp\/v2\/tags?post=5018"}],"curies":[{"name":"wp","href":"https:\/\/api.w.org\/{rel}","templated":true}]}}