{"id":5032,"date":"2026-03-02T09:02:17","date_gmt":"2026-03-02T12:02:17","guid":{"rendered":"https:\/\/ellotv.com.br\/site\/?p=5032"},"modified":"2026-03-02T09:02:17","modified_gmt":"2026-03-02T12:02:17","slug":"marconi-consolida-prestigio-na-capital-e-expande-base-politica-com-folego-em-ribeirao","status":"publish","type":"post","link":"https:\/\/ellotv.com.br\/site\/2026\/03\/02\/marconi-consolida-prestigio-na-capital-e-expande-base-politica-com-folego-em-ribeirao\/","title":{"rendered":"Marconi consolida prest\u00edgio na capital e expande base pol\u00edtica com f\u00f4lego em Ribeir\u00e3o"},"content":{"rendered":"<p data-start=\"99\" data-end=\"421\">Se a pol\u00edtica \u00e9 feita de gestos e momentos, o atual cen\u00e1rio indica uma fase de ascens\u00e3o para o pr\u00e9-candidato a deputado estadual <strong data-start=\"228\" data-end=\"269\"><span class=\"hover:entity-accent entity-underline inline cursor-pointer align-baseline\"><span class=\"whitespace-normal\">Marconi Santana<\/span><\/span><\/strong>. Em uma agenda intensa, ele percorreu diferentes regi\u00f5es de <strong data-start=\"330\" data-end=\"371\"><span class=\"hover:entity-accent entity-underline inline cursor-pointer align-baseline\"><span class=\"whitespace-normal\">Pernambuco<\/span><\/span><\/strong>, articulando a\u00e7\u00f5es e ampliando sua base de apoio.<\/p>\n<p data-start=\"423\" data-end=\"753\">Ap\u00f3s cumprir compromissos estrat\u00e9gicos no <strong data-start=\"465\" data-end=\"506\"><span class=\"hover:entity-accent entity-underline inline cursor-pointer align-baseline\"><span class=\"whitespace-normal\">Recife<\/span><\/span><\/strong>, com reuni\u00f5es voltadas \u00e0 viabiliza\u00e7\u00e3o de projetos e abertura de di\u00e1logo com setores do Governo do Estado, Marconi seguiu diretamente para a Zona da Mata Sul, demonstrando ritmo acelerado de pr\u00e9-campanha e presen\u00e7a ativa em diferentes territ\u00f3rios.<\/p>\n<p data-start=\"755\" data-end=\"1062\">A passagem pela capital refor\u00e7ou sua capacidade de articula\u00e7\u00e3o pol\u00edtica, enquanto a agenda no interior evidenciou a proximidade com a base. Em <strong data-start=\"898\" data-end=\"939\"><span class=\"hover:entity-accent entity-underline inline cursor-pointer align-baseline\"><span class=\"whitespace-normal\">Ribeir\u00e3o<\/span><\/span><\/strong>, o pr\u00e9-candidato foi recebido por lideran\u00e7as locais e apoiadores, consolidando alian\u00e7as e fortalecendo seu grupo pol\u00edtico.<\/p>\n<p data-start=\"1064\" data-end=\"1476\">Ao lado do ex-vereador <strong data-start=\"1087\" data-end=\"1128\"><span class=\"hover:entity-accent entity-underline inline cursor-pointer align-baseline\"><span class=\"whitespace-normal\">Saulo Lopes<\/span><\/span><\/strong> e do conselheiro tutelar <strong data-start=\"1154\" data-end=\"1195\"><span class=\"hover:entity-accent entity-underline inline cursor-pointer align-baseline\"><span class=\"whitespace-normal\">Jhonatas Ferreira<\/span><\/span><\/strong>, Marconi ampliou o di\u00e1logo com diferentes segmentos. Tamb\u00e9m participaram do encontro nomes como o ex-conselheiro <strong data-start=\"1309\" data-end=\"1350\"><span class=\"hover:entity-accent entity-underline inline cursor-pointer align-baseline\"><span class=\"whitespace-normal\">Luciano<\/span><\/span><\/strong>, <strong data-start=\"1352\" data-end=\"1393\"><span class=\"hover:entity-accent entity-underline inline cursor-pointer align-baseline\"><span class=\"whitespace-normal\">Carlos Chin\u00eas<\/span><\/span><\/strong> e o <strong data-start=\"1398\" data-end=\"1439\"><span class=\"hover:entity-accent entity-underline inline cursor-pointer align-baseline\"><span class=\"whitespace-normal\">Coronel Ramos Lima<\/span><\/span><\/strong>, refor\u00e7ando a diversidade de apoios.<\/p>\n<p data-start=\"1478\" data-end=\"1749\">A movimenta\u00e7\u00e3o evidencia uma estrat\u00e9gia de consolida\u00e7\u00e3o que combina articula\u00e7\u00e3o institucional e presen\u00e7a territorial. Para analistas, o conjunto de agendas indica um avan\u00e7o consistente na constru\u00e7\u00e3o de um projeto pol\u00edtico com capilaridade em diferentes regi\u00f5es do estado.<\/p>\n<p data-start=\"1751\" data-end=\"1948\">Encerrando a maratona entre Recife e Ribeir\u00e3o, Marconi refor\u00e7a a imagem de um articulador ativo, com capacidade de di\u00e1logo e foco na constru\u00e7\u00e3o de alian\u00e7as, mirando os pr\u00f3ximos desafios eleitorais.<\/p>\n<p data-start=\"1751\" data-end=\"1948\"><img fetchpriority=\"high\" decoding=\"async\" class=\"alignnone size-medium wp-image-5037\" src=\"https:\/\/ellotv.com.br\/site\/wp-content\/uploads\/2026\/03\/WhatsApp-Image-2026-02-27-at-09.43.55-169x300.jpeg\" alt=\"\" width=\"169\" height=\"300\" srcset=\"https:\/\/ellotv.com.br\/site\/wp-content\/uploads\/2026\/03\/WhatsApp-Image-2026-02-27-at-09.43.55-169x300.jpeg 169w, https:\/\/ellotv.com.br\/site\/wp-content\/uploads\/2026\/03\/WhatsApp-Image-2026-02-27-at-09.43.55-576x1024.jpeg 576w, https:\/\/ellotv.com.br\/site\/wp-content\/uploads\/2026\/03\/WhatsApp-Image-2026-02-27-at-09.43.55.jpeg 680w\" sizes=\"(max-width: 169px) 100vw, 169px\" \/> <img decoding=\"async\" class=\"alignnone size-medium wp-image-5035\" src=\"https:\/\/ellotv.com.br\/site\/wp-content\/uploads\/2026\/03\/WhatsApp-Image-2026-02-27-at-09.43.55-1-169x300.jpeg\" alt=\"\" width=\"169\" height=\"300\" srcset=\"https:\/\/ellotv.com.br\/site\/wp-content\/uploads\/2026\/03\/WhatsApp-Image-2026-02-27-at-09.43.55-1-169x300.jpeg 169w, https:\/\/ellotv.com.br\/site\/wp-content\/uploads\/2026\/03\/WhatsApp-Image-2026-02-27-at-09.43.55-1-576x1024.jpeg 576w, https:\/\/ellotv.com.br\/site\/wp-content\/uploads\/2026\/03\/WhatsApp-Image-2026-02-27-at-09.43.55-1.jpeg 680w\" sizes=\"(max-width: 169px) 100vw, 169px\" \/> <img decoding=\"async\" class=\"alignnone size-medium wp-image-5036\" src=\"https:\/\/ellotv.com.br\/site\/wp-content\/uploads\/2026\/03\/WhatsApp-Image-2026-02-27-at-09.43.55-2-169x300.jpeg\" alt=\"\" width=\"169\" height=\"300\" srcset=\"https:\/\/ellotv.com.br\/site\/wp-content\/uploads\/2026\/03\/WhatsApp-Image-2026-02-27-at-09.43.55-2-169x300.jpeg 169w, https:\/\/ellotv.com.br\/site\/wp-content\/uploads\/2026\/03\/WhatsApp-Image-2026-02-27-at-09.43.55-2-576x1024.jpeg 576w, https:\/\/ellotv.com.br\/site\/wp-content\/uploads\/2026\/03\/WhatsApp-Image-2026-02-27-at-09.43.55-2.jpeg 720w\" sizes=\"(max-width: 169px) 100vw, 169px\" \/> <img loading=\"lazy\" decoding=\"async\" class=\"alignnone size-medium wp-image-5038\" src=\"https:\/\/ellotv.com.br\/site\/wp-content\/uploads\/2026\/03\/WhatsApp-Image-2026-02-27-at-09.43.56-1-169x300.jpeg\" alt=\"\" width=\"169\" height=\"300\" srcset=\"https:\/\/ellotv.com.br\/site\/wp-content\/uploads\/2026\/03\/WhatsApp-Image-2026-02-27-at-09.43.56-1-169x300.jpeg 169w, https:\/\/ellotv.com.br\/site\/wp-content\/uploads\/2026\/03\/WhatsApp-Image-2026-02-27-at-09.43.56-1-576x1024.jpeg 576w, https:\/\/ellotv.com.br\/site\/wp-content\/uploads\/2026\/03\/WhatsApp-Image-2026-02-27-at-09.43.56-1.jpeg 720w\" sizes=\"(max-width: 169px) 100vw, 169px\" \/> <img loading=\"lazy\" decoding=\"async\" class=\"alignnone size-medium wp-image-5039\" src=\"https:\/\/ellotv.com.br\/site\/wp-content\/uploads\/2026\/03\/WhatsApp-Image-2026-02-27-at-09.43.56-2-240x300.jpeg\" alt=\"\" width=\"240\" height=\"300\" srcset=\"https:\/\/ellotv.com.br\/site\/wp-content\/uploads\/2026\/03\/WhatsApp-Image-2026-02-27-at-09.43.56-2-240x300.jpeg 240w, https:\/\/ellotv.com.br\/site\/wp-content\/uploads\/2026\/03\/WhatsApp-Image-2026-02-27-at-09.43.56-2-820x1024.jpeg 820w, https:\/\/ellotv.com.br\/site\/wp-content\/uploads\/2026\/03\/WhatsApp-Image-2026-02-27-at-09.43.56-2-768x959.jpeg 768w, https:\/\/ellotv.com.br\/site\/wp-content\/uploads\/2026\/03\/WhatsApp-Image-2026-02-27-at-09.43.56-2.jpeg 916w\" sizes=\"(max-width: 240px) 100vw, 240px\" \/> <img loading=\"lazy\" decoding=\"async\" class=\"alignnone size-medium wp-image-5040\" src=\"https:\/\/ellotv.com.br\/site\/wp-content\/uploads\/2026\/03\/WhatsApp-Image-2026-02-27-at-09.43.56-240x300.jpeg\" alt=\"\" width=\"240\" height=\"300\" srcset=\"https:\/\/ellotv.com.br\/site\/wp-content\/uploads\/2026\/03\/WhatsApp-Image-2026-02-27-at-09.43.56-240x300.jpeg 240w, https:\/\/ellotv.com.br\/site\/wp-content\/uploads\/2026\/03\/WhatsApp-Image-2026-02-27-at-09.43.56-820x1024.jpeg 820w, https:\/\/ellotv.com.br\/site\/wp-content\/uploads\/2026\/03\/WhatsApp-Image-2026-02-27-at-09.43.56-768x959.jpeg 768w, https:\/\/ellotv.com.br\/site\/wp-content\/uploads\/2026\/03\/WhatsApp-Image-2026-02-27-at-09.43.56.jpeg 916w\" sizes=\"(max-width: 240px) 100vw, 240px\" \/><\/p>\n","protected":false},"excerpt":{"rendered":"<p>Se a pol\u00edtica \u00e9 feita de gestos e momentos, o atual cen\u00e1rio indica uma fase de ascens\u00e3o para<\/p>\n","protected":false},"author":2,"featured_media":5033,"comment_status":"open","ping_status":"open","sticky":false,"template":"","format":"standard","meta":{"footnotes":""},"categories":[12,9],"tags":[],"class_list":["post-5032","post","type-post","status-publish","format-standard","has-post-thumbnail","hentry","category-noticias","category-regional"],"yoast_head":"<!-- This site is optimized with the Yoast SEO plugin v28.3 - https:\/\/yoast.com\/product\/yoast-seo-wordpress\/ -->\n<title>Marconi consolida prest\u00edgio na capital e expande base pol\u00edtica com f\u00f4lego em Ribeir\u00e3o - Ello TV<\/title>\n<meta name=\"description\" content=\"Marconi Santana intensifica agenda entre Recife e Ribeir\u00e3o, amplia alian\u00e7as e consolida lideran\u00e7a pol\u00edtica em Pernambuco.\" \/>\n<meta name=\"robots\" content=\"index, follow, max-snippet:-1, max-image-preview:large, max-video-preview:-1\" \/>\n<link rel=\"canonical\" href=\"https:\/\/ellotv.com.br\/site\/2026\/03\/02\/marconi-consolida-prestigio-na-capital-e-expande-base-politica-com-folego-em-ribeirao\/\" \/>\n<meta property=\"og:locale\" content=\"pt_BR\" \/>\n<meta property=\"og:type\" content=\"article\" \/>\n<meta property=\"og:title\" content=\"Marconi consolida prest\u00edgio na capital e expande base pol\u00edtica com f\u00f4lego em Ribeir\u00e3o - Ello TV\" \/>\n<meta property=\"og:description\" content=\"Marconi Santana intensifica agenda entre Recife e Ribeir\u00e3o, amplia alian\u00e7as e consolida lideran\u00e7a pol\u00edtica em Pernambuco.\" \/>\n<meta property=\"og:url\" content=\"https:\/\/ellotv.com.br\/site\/2026\/03\/02\/marconi-consolida-prestigio-na-capital-e-expande-base-politica-com-folego-em-ribeirao\/\" \/>\n<meta property=\"og:site_name\" content=\"Ello TV\" \/>\n<meta property=\"article:published_time\" content=\"2026-03-02T12:02:17+00:00\" \/>\n<meta property=\"og:image\" content=\"https:\/\/ellotv.com.br\/site\/wp-content\/uploads\/2026\/03\/WhatsApp-Image-2026-02-27-at-09.43.57.jpeg\" \/>\n\t<meta property=\"og:image:width\" content=\"916\" \/>\n\t<meta property=\"og:image:height\" content=\"1144\" \/>\n\t<meta property=\"og:image:type\" content=\"image\/jpeg\" \/>\n<meta name=\"author\" content=\"ELLO TV\" \/>\n<meta name=\"twitter:card\" content=\"summary_large_image\" \/>\n<meta name=\"twitter:label1\" content=\"Escrito por\" \/>\n\t<meta name=\"twitter:data1\" content=\"ELLO TV\" \/>\n\t<meta name=\"twitter:label2\" content=\"Est. tempo de leitura\" \/>\n\t<meta name=\"twitter:data2\" content=\"1 minuto\" \/>\n<script type=\"application\/ld+json\" class=\"yoast-schema-graph\">{\"@context\":\"https:\\\/\\\/schema.org\",\"@graph\":[{\"@type\":\"Article\",\"@id\":\"https:\\\/\\\/ellotv.com.br\\\/site\\\/2026\\\/03\\\/02\\\/marconi-consolida-prestigio-na-capital-e-expande-base-politica-com-folego-em-ribeirao\\\/#article\",\"isPartOf\":{\"@id\":\"https:\\\/\\\/ellotv.com.br\\\/site\\\/2026\\\/03\\\/02\\\/marconi-consolida-prestigio-na-capital-e-expande-base-politica-com-folego-em-ribeirao\\\/\"},\"author\":{\"name\":\"ELLO TV\",\"@id\":\"https:\\\/\\\/ellotv.com.br\\\/site\\\/#\\\/schema\\\/person\\\/2dbe3abaee38dcc7332fc8205cd2b15d\"},\"headline\":\"Marconi consolida prest\u00edgio na capital e expande base pol\u00edtica com f\u00f4lego em Ribeir\u00e3o\",\"datePublished\":\"2026-03-02T12:02:17+00:00\",\"mainEntityOfPage\":{\"@id\":\"https:\\\/\\\/ellotv.com.br\\\/site\\\/2026\\\/03\\\/02\\\/marconi-consolida-prestigio-na-capital-e-expande-base-politica-com-folego-em-ribeirao\\\/\"},\"wordCount\":288,\"commentCount\":0,\"publisher\":{\"@id\":\"https:\\\/\\\/ellotv.com.br\\\/site\\\/#organization\"},\"image\":{\"@id\":\"https:\\\/\\\/ellotv.com.br\\\/site\\\/2026\\\/03\\\/02\\\/marconi-consolida-prestigio-na-capital-e-expande-base-politica-com-folego-em-ribeirao\\\/#primaryimage\"},\"thumbnailUrl\":\"https:\\\/\\\/ellotv.com.br\\\/site\\\/wp-content\\\/uploads\\\/2026\\\/03\\\/WhatsApp-Image-2026-02-27-at-09.43.57.jpeg\",\"articleSection\":[\"Noticias\",\"Regional\"],\"inLanguage\":\"pt-BR\",\"potentialAction\":[{\"@type\":\"CommentAction\",\"name\":\"Comment\",\"target\":[\"https:\\\/\\\/ellotv.com.br\\\/site\\\/2026\\\/03\\\/02\\\/marconi-consolida-prestigio-na-capital-e-expande-base-politica-com-folego-em-ribeirao\\\/#respond\"]}]},{\"@type\":\"WebPage\",\"@id\":\"https:\\\/\\\/ellotv.com.br\\\/site\\\/2026\\\/03\\\/02\\\/marconi-consolida-prestigio-na-capital-e-expande-base-politica-com-folego-em-ribeirao\\\/\",\"url\":\"https:\\\/\\\/ellotv.com.br\\\/site\\\/2026\\\/03\\\/02\\\/marconi-consolida-prestigio-na-capital-e-expande-base-politica-com-folego-em-ribeirao\\\/\",\"name\":\"Marconi consolida prest\u00edgio na capital e expande base pol\u00edtica com f\u00f4lego em Ribeir\u00e3o - Ello TV\",\"isPartOf\":{\"@id\":\"https:\\\/\\\/ellotv.com.br\\\/site\\\/#website\"},\"primaryImageOfPage\":{\"@id\":\"https:\\\/\\\/ellotv.com.br\\\/site\\\/2026\\\/03\\\/02\\\/marconi-consolida-prestigio-na-capital-e-expande-base-politica-com-folego-em-ribeirao\\\/#primaryimage\"},\"image\":{\"@id\":\"https:\\\/\\\/ellotv.com.br\\\/site\\\/2026\\\/03\\\/02\\\/marconi-consolida-prestigio-na-capital-e-expande-base-politica-com-folego-em-ribeirao\\\/#primaryimage\"},\"thumbnailUrl\":\"https:\\\/\\\/ellotv.com.br\\\/site\\\/wp-content\\\/uploads\\\/2026\\\/03\\\/WhatsApp-Image-2026-02-27-at-09.43.57.jpeg\",\"datePublished\":\"2026-03-02T12:02:17+00:00\",\"description\":\"Marconi Santana intensifica agenda entre Recife e Ribeir\u00e3o, amplia alian\u00e7as e consolida lideran\u00e7a pol\u00edtica em Pernambuco.\",\"breadcrumb\":{\"@id\":\"https:\\\/\\\/ellotv.com.br\\\/site\\\/2026\\\/03\\\/02\\\/marconi-consolida-prestigio-na-capital-e-expande-base-politica-com-folego-em-ribeirao\\\/#breadcrumb\"},\"inLanguage\":\"pt-BR\",\"potentialAction\":[{\"@type\":\"ReadAction\",\"target\":[\"https:\\\/\\\/ellotv.com.br\\\/site\\\/2026\\\/03\\\/02\\\/marconi-consolida-prestigio-na-capital-e-expande-base-politica-com-folego-em-ribeirao\\\/\"]}]},{\"@type\":\"ImageObject\",\"inLanguage\":\"pt-BR\",\"@id\":\"https:\\\/\\\/ellotv.com.br\\\/site\\\/2026\\\/03\\\/02\\\/marconi-consolida-prestigio-na-capital-e-expande-base-politica-com-folego-em-ribeirao\\\/#primaryimage\",\"url\":\"https:\\\/\\\/ellotv.com.br\\\/site\\\/wp-content\\\/uploads\\\/2026\\\/03\\\/WhatsApp-Image-2026-02-27-at-09.43.57.jpeg\",\"contentUrl\":\"https:\\\/\\\/ellotv.com.br\\\/site\\\/wp-content\\\/uploads\\\/2026\\\/03\\\/WhatsApp-Image-2026-02-27-at-09.43.57.jpeg\",\"width\":916,\"height\":1144},{\"@type\":\"BreadcrumbList\",\"@id\":\"https:\\\/\\\/ellotv.com.br\\\/site\\\/2026\\\/03\\\/02\\\/marconi-consolida-prestigio-na-capital-e-expande-base-politica-com-folego-em-ribeirao\\\/#breadcrumb\",\"itemListElement\":[{\"@type\":\"ListItem\",\"position\":1,\"name\":\"In\u00edcio\",\"item\":\"https:\\\/\\\/ellotv.com.br\\\/site\\\/\"},{\"@type\":\"ListItem\",\"position\":2,\"name\":\"Marconi consolida prest\u00edgio na capital e expande base pol\u00edtica com f\u00f4lego em Ribeir\u00e3o\"}]},{\"@type\":\"WebSite\",\"@id\":\"https:\\\/\\\/ellotv.com.br\\\/site\\\/#website\",\"url\":\"https:\\\/\\\/ellotv.com.br\\\/site\\\/\",\"name\":\"ELLO TV\",\"description\":\"\",\"publisher\":{\"@id\":\"https:\\\/\\\/ellotv.com.br\\\/site\\\/#organization\"},\"potentialAction\":[{\"@type\":\"SearchAction\",\"target\":{\"@type\":\"EntryPoint\",\"urlTemplate\":\"https:\\\/\\\/ellotv.com.br\\\/site\\\/?s={search_term_string}\"},\"query-input\":{\"@type\":\"PropertyValueSpecification\",\"valueRequired\":true,\"valueName\":\"search_term_string\"}}],\"inLanguage\":\"pt-BR\"},{\"@type\":\"Organization\",\"@id\":\"https:\\\/\\\/ellotv.com.br\\\/site\\\/#organization\",\"name\":\"ELLO TV\",\"url\":\"https:\\\/\\\/ellotv.com.br\\\/site\\\/\",\"logo\":{\"@type\":\"ImageObject\",\"inLanguage\":\"pt-BR\",\"@id\":\"https:\\\/\\\/ellotv.com.br\\\/site\\\/#\\\/schema\\\/logo\\\/image\\\/\",\"url\":\"https:\\\/\\\/ellotv.com.br\\\/site\\\/wp-content\\\/uploads\\\/2025\\\/11\\\/ello-logo-2.fw_.png\",\"contentUrl\":\"https:\\\/\\\/ellotv.com.br\\\/site\\\/wp-content\\\/uploads\\\/2025\\\/11\\\/ello-logo-2.fw_.png\",\"width\":400,\"height\":146,\"caption\":\"ELLO TV\"},\"image\":{\"@id\":\"https:\\\/\\\/ellotv.com.br\\\/site\\\/#\\\/schema\\\/logo\\\/image\\\/\"}},{\"@type\":\"Person\",\"@id\":\"https:\\\/\\\/ellotv.com.br\\\/site\\\/#\\\/schema\\\/person\\\/2dbe3abaee38dcc7332fc8205cd2b15d\",\"name\":\"ELLO TV\",\"image\":{\"@type\":\"ImageObject\",\"inLanguage\":\"pt-BR\",\"@id\":\"https:\\\/\\\/secure.gravatar.com\\\/avatar\\\/c38242b9da8ec217ac3f0aaee31a54f7d7befb11b2b47fdbc8fb0fad60afa1c6?s=96&d=mm&r=g\",\"url\":\"https:\\\/\\\/secure.gravatar.com\\\/avatar\\\/c38242b9da8ec217ac3f0aaee31a54f7d7befb11b2b47fdbc8fb0fad60afa1c6?s=96&d=mm&r=g\",\"contentUrl\":\"https:\\\/\\\/secure.gravatar.com\\\/avatar\\\/c38242b9da8ec217ac3f0aaee31a54f7d7befb11b2b47fdbc8fb0fad60afa1c6?s=96&d=mm&r=g\",\"caption\":\"ELLO TV\"},\"url\":\"https:\\\/\\\/ellotv.com.br\\\/site\\\/author\\\/elloagencia\\\/\"}]}<\/script>\n<!-- \/ Yoast SEO plugin. -->","yoast_head_json":{"title":"Marconi consolida prest\u00edgio na capital e expande base pol\u00edtica com f\u00f4lego em Ribeir\u00e3o - Ello TV","description":"Marconi Santana intensifica agenda entre Recife e Ribeir\u00e3o, amplia alian\u00e7as e consolida lideran\u00e7a pol\u00edtica em Pernambuco.","robots":{"index":"index","follow":"follow","max-snippet":"max-snippet:-1","max-image-preview":"max-image-preview:large","max-video-preview":"max-video-preview:-1"},"canonical":"https:\/\/ellotv.com.br\/site\/2026\/03\/02\/marconi-consolida-prestigio-na-capital-e-expande-base-politica-com-folego-em-ribeirao\/","og_locale":"pt_BR","og_type":"article","og_title":"Marconi consolida prest\u00edgio na capital e expande base pol\u00edtica com f\u00f4lego em Ribeir\u00e3o - Ello TV","og_description":"Marconi Santana intensifica agenda entre Recife e Ribeir\u00e3o, amplia alian\u00e7as e consolida lideran\u00e7a pol\u00edtica em Pernambuco.","og_url":"https:\/\/ellotv.com.br\/site\/2026\/03\/02\/marconi-consolida-prestigio-na-capital-e-expande-base-politica-com-folego-em-ribeirao\/","og_site_name":"Ello TV","article_published_time":"2026-03-02T12:02:17+00:00","og_image":[{"width":916,"height":1144,"url":"https:\/\/ellotv.com.br\/site\/wp-content\/uploads\/2026\/03\/WhatsApp-Image-2026-02-27-at-09.43.57.jpeg","type":"image\/jpeg"}],"author":"ELLO TV","twitter_card":"summary_large_image","twitter_misc":{"Escrito por":"ELLO TV","Est. tempo de leitura":"1 minuto"},"schema":{"@context":"https:\/\/schema.org","@graph":[{"@type":"Article","@id":"https:\/\/ellotv.com.br\/site\/2026\/03\/02\/marconi-consolida-prestigio-na-capital-e-expande-base-politica-com-folego-em-ribeirao\/#article","isPartOf":{"@id":"https:\/\/ellotv.com.br\/site\/2026\/03\/02\/marconi-consolida-prestigio-na-capital-e-expande-base-politica-com-folego-em-ribeirao\/"},"author":{"name":"ELLO TV","@id":"https:\/\/ellotv.com.br\/site\/#\/schema\/person\/2dbe3abaee38dcc7332fc8205cd2b15d"},"headline":"Marconi consolida prest\u00edgio na capital e expande base pol\u00edtica com f\u00f4lego em Ribeir\u00e3o","datePublished":"2026-03-02T12:02:17+00:00","mainEntityOfPage":{"@id":"https:\/\/ellotv.com.br\/site\/2026\/03\/02\/marconi-consolida-prestigio-na-capital-e-expande-base-politica-com-folego-em-ribeirao\/"},"wordCount":288,"commentCount":0,"publisher":{"@id":"https:\/\/ellotv.com.br\/site\/#organization"},"image":{"@id":"https:\/\/ellotv.com.br\/site\/2026\/03\/02\/marconi-consolida-prestigio-na-capital-e-expande-base-politica-com-folego-em-ribeirao\/#primaryimage"},"thumbnailUrl":"https:\/\/ellotv.com.br\/site\/wp-content\/uploads\/2026\/03\/WhatsApp-Image-2026-02-27-at-09.43.57.jpeg","articleSection":["Noticias","Regional"],"inLanguage":"pt-BR","potentialAction":[{"@type":"CommentAction","name":"Comment","target":["https:\/\/ellotv.com.br\/site\/2026\/03\/02\/marconi-consolida-prestigio-na-capital-e-expande-base-politica-com-folego-em-ribeirao\/#respond"]}]},{"@type":"WebPage","@id":"https:\/\/ellotv.com.br\/site\/2026\/03\/02\/marconi-consolida-prestigio-na-capital-e-expande-base-politica-com-folego-em-ribeirao\/","url":"https:\/\/ellotv.com.br\/site\/2026\/03\/02\/marconi-consolida-prestigio-na-capital-e-expande-base-politica-com-folego-em-ribeirao\/","name":"Marconi consolida prest\u00edgio na capital e expande base pol\u00edtica com f\u00f4lego em Ribeir\u00e3o - Ello TV","isPartOf":{"@id":"https:\/\/ellotv.com.br\/site\/#website"},"primaryImageOfPage":{"@id":"https:\/\/ellotv.com.br\/site\/2026\/03\/02\/marconi-consolida-prestigio-na-capital-e-expande-base-politica-com-folego-em-ribeirao\/#primaryimage"},"image":{"@id":"https:\/\/ellotv.com.br\/site\/2026\/03\/02\/marconi-consolida-prestigio-na-capital-e-expande-base-politica-com-folego-em-ribeirao\/#primaryimage"},"thumbnailUrl":"https:\/\/ellotv.com.br\/site\/wp-content\/uploads\/2026\/03\/WhatsApp-Image-2026-02-27-at-09.43.57.jpeg","datePublished":"2026-03-02T12:02:17+00:00","description":"Marconi Santana intensifica agenda entre Recife e Ribeir\u00e3o, amplia alian\u00e7as e consolida lideran\u00e7a pol\u00edtica em Pernambuco.","breadcrumb":{"@id":"https:\/\/ellotv.com.br\/site\/2026\/03\/02\/marconi-consolida-prestigio-na-capital-e-expande-base-politica-com-folego-em-ribeirao\/#breadcrumb"},"inLanguage":"pt-BR","potentialAction":[{"@type":"ReadAction","target":["https:\/\/ellotv.com.br\/site\/2026\/03\/02\/marconi-consolida-prestigio-na-capital-e-expande-base-politica-com-folego-em-ribeirao\/"]}]},{"@type":"ImageObject","inLanguage":"pt-BR","@id":"https:\/\/ellotv.com.br\/site\/2026\/03\/02\/marconi-consolida-prestigio-na-capital-e-expande-base-politica-com-folego-em-ribeirao\/#primaryimage","url":"https:\/\/ellotv.com.br\/site\/wp-content\/uploads\/2026\/03\/WhatsApp-Image-2026-02-27-at-09.43.57.jpeg","contentUrl":"https:\/\/ellotv.com.br\/site\/wp-content\/uploads\/2026\/03\/WhatsApp-Image-2026-02-27-at-09.43.57.jpeg","width":916,"height":1144},{"@type":"BreadcrumbList","@id":"https:\/\/ellotv.com.br\/site\/2026\/03\/02\/marconi-consolida-prestigio-na-capital-e-expande-base-politica-com-folego-em-ribeirao\/#breadcrumb","itemListElement":[{"@type":"ListItem","position":1,"name":"In\u00edcio","item":"https:\/\/ellotv.com.br\/site\/"},{"@type":"ListItem","position":2,"name":"Marconi consolida prest\u00edgio na capital e expande base pol\u00edtica com f\u00f4lego em Ribeir\u00e3o"}]},{"@type":"WebSite","@id":"https:\/\/ellotv.com.br\/site\/#website","url":"https:\/\/ellotv.com.br\/site\/","name":"ELLO TV","description":"","publisher":{"@id":"https:\/\/ellotv.com.br\/site\/#organization"},"potentialAction":[{"@type":"SearchAction","target":{"@type":"EntryPoint","urlTemplate":"https:\/\/ellotv.com.br\/site\/?s={search_term_string}"},"query-input":{"@type":"PropertyValueSpecification","valueRequired":true,"valueName":"search_term_string"}}],"inLanguage":"pt-BR"},{"@type":"Organization","@id":"https:\/\/ellotv.com.br\/site\/#organization","name":"ELLO TV","url":"https:\/\/ellotv.com.br\/site\/","logo":{"@type":"ImageObject","inLanguage":"pt-BR","@id":"https:\/\/ellotv.com.br\/site\/#\/schema\/logo\/image\/","url":"https:\/\/ellotv.com.br\/site\/wp-content\/uploads\/2025\/11\/ello-logo-2.fw_.png","contentUrl":"https:\/\/ellotv.com.br\/site\/wp-content\/uploads\/2025\/11\/ello-logo-2.fw_.png","width":400,"height":146,"caption":"ELLO TV"},"image":{"@id":"https:\/\/ellotv.com.br\/site\/#\/schema\/logo\/image\/"}},{"@type":"Person","@id":"https:\/\/ellotv.com.br\/site\/#\/schema\/person\/2dbe3abaee38dcc7332fc8205cd2b15d","name":"ELLO TV","image":{"@type":"ImageObject","inLanguage":"pt-BR","@id":"https:\/\/secure.gravatar.com\/avatar\/c38242b9da8ec217ac3f0aaee31a54f7d7befb11b2b47fdbc8fb0fad60afa1c6?s=96&d=mm&r=g","url":"https:\/\/secure.gravatar.com\/avatar\/c38242b9da8ec217ac3f0aaee31a54f7d7befb11b2b47fdbc8fb0fad60afa1c6?s=96&d=mm&r=g","contentUrl":"https:\/\/secure.gravatar.com\/avatar\/c38242b9da8ec217ac3f0aaee31a54f7d7befb11b2b47fdbc8fb0fad60afa1c6?s=96&d=mm&r=g","caption":"ELLO TV"},"url":"https:\/\/ellotv.com.br\/site\/author\/elloagencia\/"}]}},"featured_image_urls":{"full":["https:\/\/ellotv.com.br\/site\/wp-content\/uploads\/2026\/03\/WhatsApp-Image-2026-02-27-at-09.43.57.jpeg",916,1144,false],"thumbnail":["https:\/\/ellotv.com.br\/site\/wp-content\/uploads\/2026\/03\/WhatsApp-Image-2026-02-27-at-09.43.57-150x150.jpeg",150,150,true],"medium":["https:\/\/ellotv.com.br\/site\/wp-content\/uploads\/2026\/03\/WhatsApp-Image-2026-02-27-at-09.43.57-240x300.jpeg",240,300,true],"medium_large":["https:\/\/ellotv.com.br\/site\/wp-content\/uploads\/2026\/03\/WhatsApp-Image-2026-02-27-at-09.43.57-768x959.jpeg",640,799,true],"large":["https:\/\/ellotv.com.br\/site\/wp-content\/uploads\/2026\/03\/WhatsApp-Image-2026-02-27-at-09.43.57-820x1024.jpeg",640,799,true],"1536x1536":["https:\/\/ellotv.com.br\/site\/wp-content\/uploads\/2026\/03\/WhatsApp-Image-2026-02-27-at-09.43.57.jpeg",916,1144,false],"2048x2048":["https:\/\/ellotv.com.br\/site\/wp-content\/uploads\/2026\/03\/WhatsApp-Image-2026-02-27-at-09.43.57.jpeg",916,1144,false],"darknews-slider-full":["https:\/\/ellotv.com.br\/site\/wp-content\/uploads\/2026\/03\/WhatsApp-Image-2026-02-27-at-09.43.57-916x720.jpeg",916,720,true],"darknews-featured":["https:\/\/ellotv.com.br\/site\/wp-content\/uploads\/2026\/03\/WhatsApp-Image-2026-02-27-at-09.43.57.jpeg",916,1144,false],"darknews-medium":["https:\/\/ellotv.com.br\/site\/wp-content\/uploads\/2026\/03\/WhatsApp-Image-2026-02-27-at-09.43.57-720x530.jpeg",720,530,true],"darknews-medium-square":["https:\/\/ellotv.com.br\/site\/wp-content\/uploads\/2026\/03\/WhatsApp-Image-2026-02-27-at-09.43.57-350x350.jpeg",350,350,true]},"author_info":{"info":["ELLO TV"]},"category_info":"<a href=\"https:\/\/ellotv.com.br\/site\/category\/noticias\/\" rel=\"category tag\">Noticias<\/a> <a href=\"https:\/\/ellotv.com.br\/site\/category\/regional\/\" rel=\"category tag\">Regional<\/a>","tag_info":"Regional","comment_count":"0","_links":{"self":[{"href":"https:\/\/ellotv.com.br\/site\/wp-json\/wp\/v2\/posts\/5032","targetHints":{"allow":["GET"]}}],"collection":[{"href":"https:\/\/ellotv.com.br\/site\/wp-json\/wp\/v2\/posts"}],"about":[{"href":"https:\/\/ellotv.com.br\/site\/wp-json\/wp\/v2\/types\/post"}],"author":[{"embeddable":true,"href":"https:\/\/ellotv.com.br\/site\/wp-json\/wp\/v2\/users\/2"}],"replies":[{"embeddable":true,"href":"https:\/\/ellotv.com.br\/site\/wp-json\/wp\/v2\/comments?post=5032"}],"version-history":[{"count":2,"href":"https:\/\/ellotv.com.br\/site\/wp-json\/wp\/v2\/posts\/5032\/revisions"}],"predecessor-version":[{"id":5041,"href":"https:\/\/ellotv.com.br\/site\/wp-json\/wp\/v2\/posts\/5032\/revisions\/5041"}],"wp:featuredmedia":[{"embeddable":true,"href":"https:\/\/ellotv.com.br\/site\/wp-json\/wp\/v2\/media\/5033"}],"wp:attachment":[{"href":"https:\/\/ellotv.com.br\/site\/wp-json\/wp\/v2\/media?parent=5032"}],"wp:term":[{"taxonomy":"category","embeddable":true,"href":"https:\/\/ellotv.com.br\/site\/wp-json\/wp\/v2\/categories?post=5032"},{"taxonomy":"post_tag","embeddable":true,"href":"https:\/\/ellotv.com.br\/site\/wp-json\/wp\/v2\/tags?post=5032"}],"curies":[{"name":"wp","href":"https:\/\/api.w.org\/{rel}","templated":true}]}}