{"id":5047,"date":"2026-03-02T09:13:25","date_gmt":"2026-03-02T12:13:25","guid":{"rendered":"https:\/\/ellotv.com.br\/site\/?p=5047"},"modified":"2026-03-02T09:13:25","modified_gmt":"2026-03-02T12:13:25","slug":"gilberto-ribeiro-celebra-chegada-de-sementes-e-destaca-parceria-estrategica-com-raquel-lyra-e-marconi-santana","status":"publish","type":"post","link":"https:\/\/ellotv.com.br\/site\/2026\/03\/02\/gilberto-ribeiro-celebra-chegada-de-sementes-e-destaca-parceria-estrategica-com-raquel-lyra-e-marconi-santana\/","title":{"rendered":"Gilberto Ribeiro celebra chegada de sementes e destaca parceria estrat\u00e9gica com Raquel Lyra e Marconi Santana"},"content":{"rendered":"<p data-start=\"93\" data-end=\"445\">O munic\u00edpio de <strong data-start=\"108\" data-end=\"149\"><span class=\"hover:entity-accent entity-underline inline cursor-pointer align-baseline\"><span class=\"whitespace-normal\">Flores<\/span><\/span><\/strong> deu um passo importante para o fortalecimento da agricultura local com a chegada das sementes do programa Terra Plantar. O an\u00fancio foi feito pelo prefeito <strong data-start=\"305\" data-end=\"346\"><span class=\"hover:entity-accent entity-underline inline cursor-pointer align-baseline\"><span class=\"whitespace-normal\">Gilberto Ribeiro<\/span><\/span><\/strong>, que destacou a import\u00e2ncia da iniciativa para garantir o plantio no per\u00edodo das chuvas no Sert\u00e3o.<\/p>\n<p data-start=\"447\" data-end=\"836\">A a\u00e7\u00e3o \u00e9 fruto de uma parceria com o Governo de <strong data-start=\"495\" data-end=\"536\"><span class=\"hover:entity-accent entity-underline inline cursor-pointer align-baseline\"><span class=\"whitespace-normal\">Pernambuco<\/span><\/span><\/strong>, sob lideran\u00e7a da governadora <strong data-start=\"567\" data-end=\"608\"><span class=\"hover:entity-accent entity-underline inline cursor-pointer align-baseline\"><span class=\"whitespace-normal\">Raquel Lyra<\/span><\/span><\/strong>. Segundo o prefeito, a agilidade no envio das sementes foi decisiva para que o calend\u00e1rio agr\u00edcola n\u00e3o fosse comprometido. O material j\u00e1 come\u00e7ou a ser organizado para distribui\u00e7\u00e3o imediata entre associa\u00e7\u00f5es rurais do munic\u00edpio.<\/p>\n<p data-start=\"838\" data-end=\"1172\">Durante o an\u00fancio, Gilberto tamb\u00e9m ressaltou o papel do pr\u00e9-candidato a deputado estadual <strong data-start=\"928\" data-end=\"969\"><span class=\"hover:entity-accent entity-underline inline cursor-pointer align-baseline\"><span class=\"whitespace-normal\">Marconi Santana<\/span><\/span><\/strong>, destacando sua articula\u00e7\u00e3o junto ao Governo do Estado e ao <strong data-start=\"1030\" data-end=\"1071\"><span class=\"hover:entity-accent entity-underline inline cursor-pointer align-baseline\"><span class=\"whitespace-normal\">Instituto Agron\u00f4mico de Pernambuco<\/span><\/span><\/strong> (IPA), fator considerado fundamental para garantir que Flores fosse contemplada no momento adequado.<\/p>\n<p data-start=\"1174\" data-end=\"1506\">Com a chegada dos insumos, a expectativa \u00e9 de aumento na produtividade agr\u00edcola e fortalecimento da economia rural. O prefeito reafirmou o compromisso da gest\u00e3o com o desenvolvimento do campo, destacando que a uni\u00e3o entre munic\u00edpio, Estado e lideran\u00e7as pol\u00edticas tem sido essencial para levar apoio e oportunidades aos agricultores.<\/p>\n<p data-start=\"1508\" data-end=\"1708\">A distribui\u00e7\u00e3o das sementes seguir\u00e1 um cronograma organizado, com o objetivo de alcan\u00e7ar o maior n\u00famero poss\u00edvel de fam\u00edlias e garantir melhores condi\u00e7\u00f5es de produ\u00e7\u00e3o para o homem e a mulher do campo.<\/p>\n<p data-start=\"1508\" data-end=\"1708\"><img fetchpriority=\"high\" decoding=\"async\" class=\"alignnone wp-image-5051 size-full\" src=\"https:\/\/ellotv.com.br\/site\/wp-content\/uploads\/2026\/03\/WhatsApp-Image-2026-02-27-at-12.06.29-1.jpeg\" alt=\"\" width=\"960\" height=\"1280\" srcset=\"https:\/\/ellotv.com.br\/site\/wp-content\/uploads\/2026\/03\/WhatsApp-Image-2026-02-27-at-12.06.29-1.jpeg 960w, https:\/\/ellotv.com.br\/site\/wp-content\/uploads\/2026\/03\/WhatsApp-Image-2026-02-27-at-12.06.29-1-225x300.jpeg 225w, https:\/\/ellotv.com.br\/site\/wp-content\/uploads\/2026\/03\/WhatsApp-Image-2026-02-27-at-12.06.29-1-768x1024.jpeg 768w\" sizes=\"(max-width: 960px) 100vw, 960px\" \/><\/p>\n","protected":false},"excerpt":{"rendered":"<p>O munic\u00edpio de Flores deu um passo importante para o fortalecimento da agricultura local com a chegada das<\/p>\n","protected":false},"author":2,"featured_media":5048,"comment_status":"open","ping_status":"open","sticky":false,"template":"","format":"standard","meta":{"footnotes":""},"categories":[12,9],"tags":[],"class_list":["post-5047","post","type-post","status-publish","format-standard","has-post-thumbnail","hentry","category-noticias","category-regional"],"yoast_head":"<!-- This site is optimized with the Yoast SEO plugin v28.3 - https:\/\/yoast.com\/product\/yoast-seo-wordpress\/ -->\n<title>Gilberto Ribeiro celebra chegada de sementes e destaca parceria estrat\u00e9gica com Raquel Lyra e Marconi Santana - Ello TV<\/title>\n<meta name=\"description\" content=\"Flores recebe sementes do programa Terra Plantar com apoio do Governo de Pernambuco, fortalecendo a agricultura familiar e a produ\u00e7\u00e3o rural no Sert\u00e3o.\" \/>\n<meta name=\"robots\" content=\"index, follow, max-snippet:-1, max-image-preview:large, max-video-preview:-1\" \/>\n<link rel=\"canonical\" href=\"https:\/\/ellotv.com.br\/site\/2026\/03\/02\/gilberto-ribeiro-celebra-chegada-de-sementes-e-destaca-parceria-estrategica-com-raquel-lyra-e-marconi-santana\/\" \/>\n<meta property=\"og:locale\" content=\"pt_BR\" \/>\n<meta property=\"og:type\" content=\"article\" \/>\n<meta property=\"og:title\" content=\"Gilberto Ribeiro celebra chegada de sementes e destaca parceria estrat\u00e9gica com Raquel Lyra e Marconi Santana - Ello TV\" \/>\n<meta property=\"og:description\" content=\"Flores recebe sementes do programa Terra Plantar com apoio do Governo de Pernambuco, fortalecendo a agricultura familiar e a produ\u00e7\u00e3o rural no Sert\u00e3o.\" \/>\n<meta property=\"og:url\" content=\"https:\/\/ellotv.com.br\/site\/2026\/03\/02\/gilberto-ribeiro-celebra-chegada-de-sementes-e-destaca-parceria-estrategica-com-raquel-lyra-e-marconi-santana\/\" \/>\n<meta property=\"og:site_name\" content=\"Ello TV\" \/>\n<meta property=\"article:published_time\" content=\"2026-03-02T12:13:25+00:00\" \/>\n<meta property=\"og:image\" content=\"https:\/\/ellotv.com.br\/site\/wp-content\/uploads\/2026\/03\/WhatsApp-Image-2026-02-27-at-12.06.28-2.jpeg\" \/>\n\t<meta property=\"og:image:width\" content=\"960\" \/>\n\t<meta property=\"og:image:height\" content=\"1280\" \/>\n\t<meta property=\"og:image:type\" content=\"image\/jpeg\" \/>\n<meta name=\"author\" content=\"ELLO TV\" \/>\n<meta name=\"twitter:card\" content=\"summary_large_image\" \/>\n<meta name=\"twitter:label1\" content=\"Escrito por\" \/>\n\t<meta name=\"twitter:data1\" content=\"ELLO TV\" \/>\n\t<meta name=\"twitter:label2\" content=\"Est. tempo de leitura\" \/>\n\t<meta name=\"twitter:data2\" content=\"1 minuto\" \/>\n<script type=\"application\/ld+json\" class=\"yoast-schema-graph\">{\"@context\":\"https:\\\/\\\/schema.org\",\"@graph\":[{\"@type\":\"Article\",\"@id\":\"https:\\\/\\\/ellotv.com.br\\\/site\\\/2026\\\/03\\\/02\\\/gilberto-ribeiro-celebra-chegada-de-sementes-e-destaca-parceria-estrategica-com-raquel-lyra-e-marconi-santana\\\/#article\",\"isPartOf\":{\"@id\":\"https:\\\/\\\/ellotv.com.br\\\/site\\\/2026\\\/03\\\/02\\\/gilberto-ribeiro-celebra-chegada-de-sementes-e-destaca-parceria-estrategica-com-raquel-lyra-e-marconi-santana\\\/\"},\"author\":{\"name\":\"ELLO TV\",\"@id\":\"https:\\\/\\\/ellotv.com.br\\\/site\\\/#\\\/schema\\\/person\\\/2dbe3abaee38dcc7332fc8205cd2b15d\"},\"headline\":\"Gilberto Ribeiro celebra chegada de sementes e destaca parceria estrat\u00e9gica com Raquel Lyra e Marconi Santana\",\"datePublished\":\"2026-03-02T12:13:25+00:00\",\"mainEntityOfPage\":{\"@id\":\"https:\\\/\\\/ellotv.com.br\\\/site\\\/2026\\\/03\\\/02\\\/gilberto-ribeiro-celebra-chegada-de-sementes-e-destaca-parceria-estrategica-com-raquel-lyra-e-marconi-santana\\\/\"},\"wordCount\":271,\"commentCount\":0,\"publisher\":{\"@id\":\"https:\\\/\\\/ellotv.com.br\\\/site\\\/#organization\"},\"image\":{\"@id\":\"https:\\\/\\\/ellotv.com.br\\\/site\\\/2026\\\/03\\\/02\\\/gilberto-ribeiro-celebra-chegada-de-sementes-e-destaca-parceria-estrategica-com-raquel-lyra-e-marconi-santana\\\/#primaryimage\"},\"thumbnailUrl\":\"https:\\\/\\\/ellotv.com.br\\\/site\\\/wp-content\\\/uploads\\\/2026\\\/03\\\/WhatsApp-Image-2026-02-27-at-12.06.28-2.jpeg\",\"articleSection\":[\"Noticias\",\"Regional\"],\"inLanguage\":\"pt-BR\",\"potentialAction\":[{\"@type\":\"CommentAction\",\"name\":\"Comment\",\"target\":[\"https:\\\/\\\/ellotv.com.br\\\/site\\\/2026\\\/03\\\/02\\\/gilberto-ribeiro-celebra-chegada-de-sementes-e-destaca-parceria-estrategica-com-raquel-lyra-e-marconi-santana\\\/#respond\"]}]},{\"@type\":\"WebPage\",\"@id\":\"https:\\\/\\\/ellotv.com.br\\\/site\\\/2026\\\/03\\\/02\\\/gilberto-ribeiro-celebra-chegada-de-sementes-e-destaca-parceria-estrategica-com-raquel-lyra-e-marconi-santana\\\/\",\"url\":\"https:\\\/\\\/ellotv.com.br\\\/site\\\/2026\\\/03\\\/02\\\/gilberto-ribeiro-celebra-chegada-de-sementes-e-destaca-parceria-estrategica-com-raquel-lyra-e-marconi-santana\\\/\",\"name\":\"Gilberto Ribeiro celebra chegada de sementes e destaca parceria estrat\u00e9gica com Raquel Lyra e Marconi Santana - Ello TV\",\"isPartOf\":{\"@id\":\"https:\\\/\\\/ellotv.com.br\\\/site\\\/#website\"},\"primaryImageOfPage\":{\"@id\":\"https:\\\/\\\/ellotv.com.br\\\/site\\\/2026\\\/03\\\/02\\\/gilberto-ribeiro-celebra-chegada-de-sementes-e-destaca-parceria-estrategica-com-raquel-lyra-e-marconi-santana\\\/#primaryimage\"},\"image\":{\"@id\":\"https:\\\/\\\/ellotv.com.br\\\/site\\\/2026\\\/03\\\/02\\\/gilberto-ribeiro-celebra-chegada-de-sementes-e-destaca-parceria-estrategica-com-raquel-lyra-e-marconi-santana\\\/#primaryimage\"},\"thumbnailUrl\":\"https:\\\/\\\/ellotv.com.br\\\/site\\\/wp-content\\\/uploads\\\/2026\\\/03\\\/WhatsApp-Image-2026-02-27-at-12.06.28-2.jpeg\",\"datePublished\":\"2026-03-02T12:13:25+00:00\",\"description\":\"Flores recebe sementes do programa Terra Plantar com apoio do Governo de Pernambuco, fortalecendo a agricultura familiar e a produ\u00e7\u00e3o rural no Sert\u00e3o.\",\"breadcrumb\":{\"@id\":\"https:\\\/\\\/ellotv.com.br\\\/site\\\/2026\\\/03\\\/02\\\/gilberto-ribeiro-celebra-chegada-de-sementes-e-destaca-parceria-estrategica-com-raquel-lyra-e-marconi-santana\\\/#breadcrumb\"},\"inLanguage\":\"pt-BR\",\"potentialAction\":[{\"@type\":\"ReadAction\",\"target\":[\"https:\\\/\\\/ellotv.com.br\\\/site\\\/2026\\\/03\\\/02\\\/gilberto-ribeiro-celebra-chegada-de-sementes-e-destaca-parceria-estrategica-com-raquel-lyra-e-marconi-santana\\\/\"]}]},{\"@type\":\"ImageObject\",\"inLanguage\":\"pt-BR\",\"@id\":\"https:\\\/\\\/ellotv.com.br\\\/site\\\/2026\\\/03\\\/02\\\/gilberto-ribeiro-celebra-chegada-de-sementes-e-destaca-parceria-estrategica-com-raquel-lyra-e-marconi-santana\\\/#primaryimage\",\"url\":\"https:\\\/\\\/ellotv.com.br\\\/site\\\/wp-content\\\/uploads\\\/2026\\\/03\\\/WhatsApp-Image-2026-02-27-at-12.06.28-2.jpeg\",\"contentUrl\":\"https:\\\/\\\/ellotv.com.br\\\/site\\\/wp-content\\\/uploads\\\/2026\\\/03\\\/WhatsApp-Image-2026-02-27-at-12.06.28-2.jpeg\",\"width\":960,\"height\":1280},{\"@type\":\"BreadcrumbList\",\"@id\":\"https:\\\/\\\/ellotv.com.br\\\/site\\\/2026\\\/03\\\/02\\\/gilberto-ribeiro-celebra-chegada-de-sementes-e-destaca-parceria-estrategica-com-raquel-lyra-e-marconi-santana\\\/#breadcrumb\",\"itemListElement\":[{\"@type\":\"ListItem\",\"position\":1,\"name\":\"In\u00edcio\",\"item\":\"https:\\\/\\\/ellotv.com.br\\\/site\\\/\"},{\"@type\":\"ListItem\",\"position\":2,\"name\":\"Gilberto Ribeiro celebra chegada de sementes e destaca parceria estrat\u00e9gica com Raquel Lyra e Marconi Santana\"}]},{\"@type\":\"WebSite\",\"@id\":\"https:\\\/\\\/ellotv.com.br\\\/site\\\/#website\",\"url\":\"https:\\\/\\\/ellotv.com.br\\\/site\\\/\",\"name\":\"ELLO TV\",\"description\":\"\",\"publisher\":{\"@id\":\"https:\\\/\\\/ellotv.com.br\\\/site\\\/#organization\"},\"potentialAction\":[{\"@type\":\"SearchAction\",\"target\":{\"@type\":\"EntryPoint\",\"urlTemplate\":\"https:\\\/\\\/ellotv.com.br\\\/site\\\/?s={search_term_string}\"},\"query-input\":{\"@type\":\"PropertyValueSpecification\",\"valueRequired\":true,\"valueName\":\"search_term_string\"}}],\"inLanguage\":\"pt-BR\"},{\"@type\":\"Organization\",\"@id\":\"https:\\\/\\\/ellotv.com.br\\\/site\\\/#organization\",\"name\":\"ELLO TV\",\"url\":\"https:\\\/\\\/ellotv.com.br\\\/site\\\/\",\"logo\":{\"@type\":\"ImageObject\",\"inLanguage\":\"pt-BR\",\"@id\":\"https:\\\/\\\/ellotv.com.br\\\/site\\\/#\\\/schema\\\/logo\\\/image\\\/\",\"url\":\"https:\\\/\\\/ellotv.com.br\\\/site\\\/wp-content\\\/uploads\\\/2025\\\/11\\\/ello-logo-2.fw_.png\",\"contentUrl\":\"https:\\\/\\\/ellotv.com.br\\\/site\\\/wp-content\\\/uploads\\\/2025\\\/11\\\/ello-logo-2.fw_.png\",\"width\":400,\"height\":146,\"caption\":\"ELLO TV\"},\"image\":{\"@id\":\"https:\\\/\\\/ellotv.com.br\\\/site\\\/#\\\/schema\\\/logo\\\/image\\\/\"}},{\"@type\":\"Person\",\"@id\":\"https:\\\/\\\/ellotv.com.br\\\/site\\\/#\\\/schema\\\/person\\\/2dbe3abaee38dcc7332fc8205cd2b15d\",\"name\":\"ELLO TV\",\"image\":{\"@type\":\"ImageObject\",\"inLanguage\":\"pt-BR\",\"@id\":\"https:\\\/\\\/secure.gravatar.com\\\/avatar\\\/c38242b9da8ec217ac3f0aaee31a54f7d7befb11b2b47fdbc8fb0fad60afa1c6?s=96&d=mm&r=g\",\"url\":\"https:\\\/\\\/secure.gravatar.com\\\/avatar\\\/c38242b9da8ec217ac3f0aaee31a54f7d7befb11b2b47fdbc8fb0fad60afa1c6?s=96&d=mm&r=g\",\"contentUrl\":\"https:\\\/\\\/secure.gravatar.com\\\/avatar\\\/c38242b9da8ec217ac3f0aaee31a54f7d7befb11b2b47fdbc8fb0fad60afa1c6?s=96&d=mm&r=g\",\"caption\":\"ELLO TV\"},\"url\":\"https:\\\/\\\/ellotv.com.br\\\/site\\\/author\\\/elloagencia\\\/\"}]}<\/script>\n<!-- \/ Yoast SEO plugin. -->","yoast_head_json":{"title":"Gilberto Ribeiro celebra chegada de sementes e destaca parceria estrat\u00e9gica com Raquel Lyra e Marconi Santana - Ello TV","description":"Flores recebe sementes do programa Terra Plantar com apoio do Governo de Pernambuco, fortalecendo a agricultura familiar e a produ\u00e7\u00e3o rural no Sert\u00e3o.","robots":{"index":"index","follow":"follow","max-snippet":"max-snippet:-1","max-image-preview":"max-image-preview:large","max-video-preview":"max-video-preview:-1"},"canonical":"https:\/\/ellotv.com.br\/site\/2026\/03\/02\/gilberto-ribeiro-celebra-chegada-de-sementes-e-destaca-parceria-estrategica-com-raquel-lyra-e-marconi-santana\/","og_locale":"pt_BR","og_type":"article","og_title":"Gilberto Ribeiro celebra chegada de sementes e destaca parceria estrat\u00e9gica com Raquel Lyra e Marconi Santana - Ello TV","og_description":"Flores recebe sementes do programa Terra Plantar com apoio do Governo de Pernambuco, fortalecendo a agricultura familiar e a produ\u00e7\u00e3o rural no Sert\u00e3o.","og_url":"https:\/\/ellotv.com.br\/site\/2026\/03\/02\/gilberto-ribeiro-celebra-chegada-de-sementes-e-destaca-parceria-estrategica-com-raquel-lyra-e-marconi-santana\/","og_site_name":"Ello TV","article_published_time":"2026-03-02T12:13:25+00:00","og_image":[{"width":960,"height":1280,"url":"https:\/\/ellotv.com.br\/site\/wp-content\/uploads\/2026\/03\/WhatsApp-Image-2026-02-27-at-12.06.28-2.jpeg","type":"image\/jpeg"}],"author":"ELLO TV","twitter_card":"summary_large_image","twitter_misc":{"Escrito por":"ELLO TV","Est. tempo de leitura":"1 minuto"},"schema":{"@context":"https:\/\/schema.org","@graph":[{"@type":"Article","@id":"https:\/\/ellotv.com.br\/site\/2026\/03\/02\/gilberto-ribeiro-celebra-chegada-de-sementes-e-destaca-parceria-estrategica-com-raquel-lyra-e-marconi-santana\/#article","isPartOf":{"@id":"https:\/\/ellotv.com.br\/site\/2026\/03\/02\/gilberto-ribeiro-celebra-chegada-de-sementes-e-destaca-parceria-estrategica-com-raquel-lyra-e-marconi-santana\/"},"author":{"name":"ELLO TV","@id":"https:\/\/ellotv.com.br\/site\/#\/schema\/person\/2dbe3abaee38dcc7332fc8205cd2b15d"},"headline":"Gilberto Ribeiro celebra chegada de sementes e destaca parceria estrat\u00e9gica com Raquel Lyra e Marconi Santana","datePublished":"2026-03-02T12:13:25+00:00","mainEntityOfPage":{"@id":"https:\/\/ellotv.com.br\/site\/2026\/03\/02\/gilberto-ribeiro-celebra-chegada-de-sementes-e-destaca-parceria-estrategica-com-raquel-lyra-e-marconi-santana\/"},"wordCount":271,"commentCount":0,"publisher":{"@id":"https:\/\/ellotv.com.br\/site\/#organization"},"image":{"@id":"https:\/\/ellotv.com.br\/site\/2026\/03\/02\/gilberto-ribeiro-celebra-chegada-de-sementes-e-destaca-parceria-estrategica-com-raquel-lyra-e-marconi-santana\/#primaryimage"},"thumbnailUrl":"https:\/\/ellotv.com.br\/site\/wp-content\/uploads\/2026\/03\/WhatsApp-Image-2026-02-27-at-12.06.28-2.jpeg","articleSection":["Noticias","Regional"],"inLanguage":"pt-BR","potentialAction":[{"@type":"CommentAction","name":"Comment","target":["https:\/\/ellotv.com.br\/site\/2026\/03\/02\/gilberto-ribeiro-celebra-chegada-de-sementes-e-destaca-parceria-estrategica-com-raquel-lyra-e-marconi-santana\/#respond"]}]},{"@type":"WebPage","@id":"https:\/\/ellotv.com.br\/site\/2026\/03\/02\/gilberto-ribeiro-celebra-chegada-de-sementes-e-destaca-parceria-estrategica-com-raquel-lyra-e-marconi-santana\/","url":"https:\/\/ellotv.com.br\/site\/2026\/03\/02\/gilberto-ribeiro-celebra-chegada-de-sementes-e-destaca-parceria-estrategica-com-raquel-lyra-e-marconi-santana\/","name":"Gilberto Ribeiro celebra chegada de sementes e destaca parceria estrat\u00e9gica com Raquel Lyra e Marconi Santana - Ello TV","isPartOf":{"@id":"https:\/\/ellotv.com.br\/site\/#website"},"primaryImageOfPage":{"@id":"https:\/\/ellotv.com.br\/site\/2026\/03\/02\/gilberto-ribeiro-celebra-chegada-de-sementes-e-destaca-parceria-estrategica-com-raquel-lyra-e-marconi-santana\/#primaryimage"},"image":{"@id":"https:\/\/ellotv.com.br\/site\/2026\/03\/02\/gilberto-ribeiro-celebra-chegada-de-sementes-e-destaca-parceria-estrategica-com-raquel-lyra-e-marconi-santana\/#primaryimage"},"thumbnailUrl":"https:\/\/ellotv.com.br\/site\/wp-content\/uploads\/2026\/03\/WhatsApp-Image-2026-02-27-at-12.06.28-2.jpeg","datePublished":"2026-03-02T12:13:25+00:00","description":"Flores recebe sementes do programa Terra Plantar com apoio do Governo de Pernambuco, fortalecendo a agricultura familiar e a produ\u00e7\u00e3o rural no Sert\u00e3o.","breadcrumb":{"@id":"https:\/\/ellotv.com.br\/site\/2026\/03\/02\/gilberto-ribeiro-celebra-chegada-de-sementes-e-destaca-parceria-estrategica-com-raquel-lyra-e-marconi-santana\/#breadcrumb"},"inLanguage":"pt-BR","potentialAction":[{"@type":"ReadAction","target":["https:\/\/ellotv.com.br\/site\/2026\/03\/02\/gilberto-ribeiro-celebra-chegada-de-sementes-e-destaca-parceria-estrategica-com-raquel-lyra-e-marconi-santana\/"]}]},{"@type":"ImageObject","inLanguage":"pt-BR","@id":"https:\/\/ellotv.com.br\/site\/2026\/03\/02\/gilberto-ribeiro-celebra-chegada-de-sementes-e-destaca-parceria-estrategica-com-raquel-lyra-e-marconi-santana\/#primaryimage","url":"https:\/\/ellotv.com.br\/site\/wp-content\/uploads\/2026\/03\/WhatsApp-Image-2026-02-27-at-12.06.28-2.jpeg","contentUrl":"https:\/\/ellotv.com.br\/site\/wp-content\/uploads\/2026\/03\/WhatsApp-Image-2026-02-27-at-12.06.28-2.jpeg","width":960,"height":1280},{"@type":"BreadcrumbList","@id":"https:\/\/ellotv.com.br\/site\/2026\/03\/02\/gilberto-ribeiro-celebra-chegada-de-sementes-e-destaca-parceria-estrategica-com-raquel-lyra-e-marconi-santana\/#breadcrumb","itemListElement":[{"@type":"ListItem","position":1,"name":"In\u00edcio","item":"https:\/\/ellotv.com.br\/site\/"},{"@type":"ListItem","position":2,"name":"Gilberto Ribeiro celebra chegada de sementes e destaca parceria estrat\u00e9gica com Raquel Lyra e Marconi Santana"}]},{"@type":"WebSite","@id":"https:\/\/ellotv.com.br\/site\/#website","url":"https:\/\/ellotv.com.br\/site\/","name":"ELLO TV","description":"","publisher":{"@id":"https:\/\/ellotv.com.br\/site\/#organization"},"potentialAction":[{"@type":"SearchAction","target":{"@type":"EntryPoint","urlTemplate":"https:\/\/ellotv.com.br\/site\/?s={search_term_string}"},"query-input":{"@type":"PropertyValueSpecification","valueRequired":true,"valueName":"search_term_string"}}],"inLanguage":"pt-BR"},{"@type":"Organization","@id":"https:\/\/ellotv.com.br\/site\/#organization","name":"ELLO TV","url":"https:\/\/ellotv.com.br\/site\/","logo":{"@type":"ImageObject","inLanguage":"pt-BR","@id":"https:\/\/ellotv.com.br\/site\/#\/schema\/logo\/image\/","url":"https:\/\/ellotv.com.br\/site\/wp-content\/uploads\/2025\/11\/ello-logo-2.fw_.png","contentUrl":"https:\/\/ellotv.com.br\/site\/wp-content\/uploads\/2025\/11\/ello-logo-2.fw_.png","width":400,"height":146,"caption":"ELLO TV"},"image":{"@id":"https:\/\/ellotv.com.br\/site\/#\/schema\/logo\/image\/"}},{"@type":"Person","@id":"https:\/\/ellotv.com.br\/site\/#\/schema\/person\/2dbe3abaee38dcc7332fc8205cd2b15d","name":"ELLO TV","image":{"@type":"ImageObject","inLanguage":"pt-BR","@id":"https:\/\/secure.gravatar.com\/avatar\/c38242b9da8ec217ac3f0aaee31a54f7d7befb11b2b47fdbc8fb0fad60afa1c6?s=96&d=mm&r=g","url":"https:\/\/secure.gravatar.com\/avatar\/c38242b9da8ec217ac3f0aaee31a54f7d7befb11b2b47fdbc8fb0fad60afa1c6?s=96&d=mm&r=g","contentUrl":"https:\/\/secure.gravatar.com\/avatar\/c38242b9da8ec217ac3f0aaee31a54f7d7befb11b2b47fdbc8fb0fad60afa1c6?s=96&d=mm&r=g","caption":"ELLO TV"},"url":"https:\/\/ellotv.com.br\/site\/author\/elloagencia\/"}]}},"featured_image_urls":{"full":["https:\/\/ellotv.com.br\/site\/wp-content\/uploads\/2026\/03\/WhatsApp-Image-2026-02-27-at-12.06.28-2.jpeg",960,1280,false],"thumbnail":["https:\/\/ellotv.com.br\/site\/wp-content\/uploads\/2026\/03\/WhatsApp-Image-2026-02-27-at-12.06.28-2-150x150.jpeg",150,150,true],"medium":["https:\/\/ellotv.com.br\/site\/wp-content\/uploads\/2026\/03\/WhatsApp-Image-2026-02-27-at-12.06.28-2-225x300.jpeg",225,300,true],"medium_large":["https:\/\/ellotv.com.br\/site\/wp-content\/uploads\/2026\/03\/WhatsApp-Image-2026-02-27-at-12.06.28-2-768x1024.jpeg",640,853,true],"large":["https:\/\/ellotv.com.br\/site\/wp-content\/uploads\/2026\/03\/WhatsApp-Image-2026-02-27-at-12.06.28-2-768x1024.jpeg",640,853,true],"1536x1536":["https:\/\/ellotv.com.br\/site\/wp-content\/uploads\/2026\/03\/WhatsApp-Image-2026-02-27-at-12.06.28-2.jpeg",960,1280,false],"2048x2048":["https:\/\/ellotv.com.br\/site\/wp-content\/uploads\/2026\/03\/WhatsApp-Image-2026-02-27-at-12.06.28-2.jpeg",960,1280,false],"darknews-slider-full":["https:\/\/ellotv.com.br\/site\/wp-content\/uploads\/2026\/03\/WhatsApp-Image-2026-02-27-at-12.06.28-2-960x720.jpeg",960,720,true],"darknews-featured":["https:\/\/ellotv.com.br\/site\/wp-content\/uploads\/2026\/03\/WhatsApp-Image-2026-02-27-at-12.06.28-2.jpeg",960,1280,false],"darknews-medium":["https:\/\/ellotv.com.br\/site\/wp-content\/uploads\/2026\/03\/WhatsApp-Image-2026-02-27-at-12.06.28-2-720x530.jpeg",720,530,true],"darknews-medium-square":["https:\/\/ellotv.com.br\/site\/wp-content\/uploads\/2026\/03\/WhatsApp-Image-2026-02-27-at-12.06.28-2-350x350.jpeg",350,350,true]},"author_info":{"info":["ELLO TV"]},"category_info":"<a href=\"https:\/\/ellotv.com.br\/site\/category\/noticias\/\" rel=\"category tag\">Noticias<\/a> <a href=\"https:\/\/ellotv.com.br\/site\/category\/regional\/\" rel=\"category tag\">Regional<\/a>","tag_info":"Regional","comment_count":"0","_links":{"self":[{"href":"https:\/\/ellotv.com.br\/site\/wp-json\/wp\/v2\/posts\/5047","targetHints":{"allow":["GET"]}}],"collection":[{"href":"https:\/\/ellotv.com.br\/site\/wp-json\/wp\/v2\/posts"}],"about":[{"href":"https:\/\/ellotv.com.br\/site\/wp-json\/wp\/v2\/types\/post"}],"author":[{"embeddable":true,"href":"https:\/\/ellotv.com.br\/site\/wp-json\/wp\/v2\/users\/2"}],"replies":[{"embeddable":true,"href":"https:\/\/ellotv.com.br\/site\/wp-json\/wp\/v2\/comments?post=5047"}],"version-history":[{"count":2,"href":"https:\/\/ellotv.com.br\/site\/wp-json\/wp\/v2\/posts\/5047\/revisions"}],"predecessor-version":[{"id":5053,"href":"https:\/\/ellotv.com.br\/site\/wp-json\/wp\/v2\/posts\/5047\/revisions\/5053"}],"wp:featuredmedia":[{"embeddable":true,"href":"https:\/\/ellotv.com.br\/site\/wp-json\/wp\/v2\/media\/5048"}],"wp:attachment":[{"href":"https:\/\/ellotv.com.br\/site\/wp-json\/wp\/v2\/media?parent=5047"}],"wp:term":[{"taxonomy":"category","embeddable":true,"href":"https:\/\/ellotv.com.br\/site\/wp-json\/wp\/v2\/categories?post=5047"},{"taxonomy":"post_tag","embeddable":true,"href":"https:\/\/ellotv.com.br\/site\/wp-json\/wp\/v2\/tags?post=5047"}],"curies":[{"name":"wp","href":"https:\/\/api.w.org\/{rel}","templated":true}]}}