{"id":5054,"date":"2026-03-02T09:17:23","date_gmt":"2026-03-02T12:17:23","guid":{"rendered":"https:\/\/ellotv.com.br\/site\/?p=5054"},"modified":"2026-03-02T09:17:23","modified_gmt":"2026-03-02T12:17:23","slug":"entenda-por-que-os-produtos-de-hoje-duram-menos","status":"publish","type":"post","link":"https:\/\/ellotv.com.br\/site\/2026\/03\/02\/entenda-por-que-os-produtos-de-hoje-duram-menos\/","title":{"rendered":"Entenda por que os produtos de hoje duram menos"},"content":{"rendered":"<p data-start=\"78\" data-end=\"348\">A sensa\u00e7\u00e3o de que \u201cantigamente as coisas duravam mais\u201d n\u00e3o \u00e9 apenas impress\u00e3o. De roupas que desbotam rapidamente a m\u00f3veis menos resistentes, a percep\u00e7\u00e3o de queda na qualidade est\u00e1 ligada a mudan\u00e7as profundas no modelo de produ\u00e7\u00e3o e consumo ao longo das \u00faltimas d\u00e9cadas.<\/p>\n<h3 data-start=\"350\" data-end=\"390\">Da durabilidade ao consumo acelerado<\/h3>\n<p data-start=\"392\" data-end=\"609\">At\u00e9 meados do s\u00e9culo XX, produtos eram feitos com foco em longa vida \u00fatil. Roupas sob medida e m\u00f3veis de madeira maci\u00e7a eram comuns. Com a globaliza\u00e7\u00e3o e a produ\u00e7\u00e3o em massa, o foco mudou para custo, escala e rapidez.<\/p>\n<p data-start=\"611\" data-end=\"878\">No setor da moda, o modelo de fast fashion \u2014 popularizado por marcas como <strong data-start=\"685\" data-end=\"726\"><span class=\"hover:entity-accent entity-underline inline cursor-pointer align-baseline\"><span class=\"whitespace-normal\">Zara<\/span><\/span><\/strong> e <strong data-start=\"729\" data-end=\"770\"><span class=\"hover:entity-accent entity-underline inline cursor-pointer align-baseline\"><span class=\"whitespace-normal\">H&amp;M<\/span><\/span><\/strong> \u2014 reduziu drasticamente o tempo entre cria\u00e7\u00e3o e venda, incentivando ciclos de consumo cada vez mais curtos.<\/p>\n<p data-start=\"880\" data-end=\"1010\">Segundo a <strong data-start=\"890\" data-end=\"931\"><span class=\"hover:entity-accent entity-underline inline cursor-pointer align-baseline\"><span class=\"whitespace-normal\">Ellen MacArthur Foundation<\/span><\/span><\/strong>, o tempo m\u00e9dio de uso das roupas diminuiu significativamente nos \u00faltimos anos.<\/p>\n<h3 data-start=\"1012\" data-end=\"1060\">Roupas mais acess\u00edveis, por\u00e9m menos dur\u00e1veis<\/h3>\n<p data-start=\"1062\" data-end=\"1187\">Para reduzir custos, a ind\u00fastria t\u00eaxtil passou a utilizar mais fibras sint\u00e9ticas e tecidos mais finos. Isso pode resultar em:<\/p>\n<ul>\n<li data-start=\"1191\" data-end=\"1219\">Costuras menos resistentes<\/li>\n<li data-start=\"1222\" data-end=\"1243\">Desbotamento r\u00e1pido<\/li>\n<li data-start=\"1246\" data-end=\"1278\">Forma\u00e7\u00e3o de bolinhas (pilling)<\/li>\n<li data-start=\"1281\" data-end=\"1313\">Perda de formato ap\u00f3s lavagens<\/li>\n<\/ul>\n<p data-start=\"1315\" data-end=\"1473\">A <strong data-start=\"1317\" data-end=\"1358\"><span class=\"hover:entity-accent entity-underline inline cursor-pointer align-baseline\"><span class=\"whitespace-normal\">Organiza\u00e7\u00e3o das Na\u00e7\u00f5es Unidas<\/span><\/span><\/strong> aponta que a produ\u00e7\u00e3o global de roupas praticamente dobrou nas \u00faltimas d\u00e9cadas, acompanhando o aumento do consumo.<\/p>\n<h3 data-start=\"1475\" data-end=\"1511\">M\u00f3veis: da madeira maci\u00e7a ao MDF<\/h3>\n<p data-start=\"1513\" data-end=\"1738\">No setor moveleiro, a madeira maci\u00e7a foi amplamente substitu\u00edda por materiais como MDF e MDP. Embora sejam mais acess\u00edveis e, em alguns casos, sustent\u00e1veis, esses materiais tendem a ter menor resist\u00eancia \u00e0 umidade e impactos.<\/p>\n<p data-start=\"1740\" data-end=\"1903\">Dados da <strong data-start=\"1749\" data-end=\"1790\"><span class=\"hover:entity-accent entity-underline inline cursor-pointer align-baseline\"><span class=\"whitespace-normal\">Food and Agriculture Organization<\/span><\/span><\/strong> indicam que a demanda global por madeira cresceu significativamente, incentivando alternativas industrializadas.<\/p>\n<h3 data-start=\"1905\" data-end=\"1933\">Obsolesc\u00eancia programada<\/h3>\n<p data-start=\"1935\" data-end=\"2145\">O conceito de obsolesc\u00eancia programada foi popularizado pelo economista <strong data-start=\"2007\" data-end=\"2048\"><span class=\"hover:entity-accent entity-underline inline cursor-pointer align-baseline\"><span class=\"whitespace-normal\">Bernard London<\/span><\/span><\/strong> nos anos 1930. A ideia \u00e9 simples: reduzir a vida \u00fatil dos produtos para estimular novas compras.<\/p>\n<p data-start=\"2147\" data-end=\"2330\">Embora nem todos os produtos sigam essa l\u00f3gica de forma intencional, a press\u00e3o por pre\u00e7os baixos e competitividade global frequentemente leva \u00e0 simplifica\u00e7\u00e3o de materiais e processos.<\/p>\n<h3 data-start=\"2332\" data-end=\"2351\">Nem tudo piorou<\/h3>\n<p data-start=\"2353\" data-end=\"2608\">Apesar das cr\u00edticas, alguns setores avan\u00e7aram. Eletrodom\u00e9sticos modernos s\u00e3o mais eficientes e seguros. Ainda assim, a <strong data-start=\"2472\" data-end=\"2513\"><span class=\"hover:entity-accent entity-underline inline cursor-pointer align-baseline\"><span class=\"whitespace-normal\">European Environment Agency<\/span><\/span><\/strong> aponta que o descarte precoce de produtos tem aumentado, indicando ciclos de vida mais curtos.<\/p>\n<h3 data-start=\"2610\" data-end=\"2636\">Por que isso acontece?<\/h3>\n<p data-start=\"2638\" data-end=\"2674\">Especialistas destacam fatores como:<\/p>\n<ul>\n<li data-start=\"2678\" data-end=\"2708\">Busca por pre\u00e7os mais baixos<\/li>\n<li data-start=\"2711\" data-end=\"2738\">Competi\u00e7\u00e3o global intensa<\/li>\n<li data-start=\"2741\" data-end=\"2781\">Mudan\u00e7a no comportamento do consumidor<\/li>\n<li data-start=\"2784\" data-end=\"2804\">Produ\u00e7\u00e3o acelerada<\/li>\n<li data-start=\"2807\" data-end=\"2851\">Redu\u00e7\u00e3o de custos em materiais e log\u00edstica<\/li>\n<\/ul>\n<h3 data-start=\"2853\" data-end=\"2877\">Tend\u00eancia de mudan\u00e7a<\/h3>\n<p data-start=\"2879\" data-end=\"3086\">Em resposta, cresce o movimento por consumo consciente, reparo de produtos e maior durabilidade. Reguladores, especialmente na Europa, j\u00e1 discutem regras para ampliar a vida \u00fatil e a reparabilidade dos bens.<\/p>\n<h3 data-start=\"3088\" data-end=\"3101\">Conclus\u00e3o<\/h3>\n<p data-start=\"3103\" data-end=\"3389\">A ideia de que os produtos duram menos hoje tem base real. O mercado passou a priorizar acesso e pre\u00e7o, muitas vezes deixando a durabilidade em segundo plano. Ao mesmo tempo, o debate sobre qualidade e sustentabilidade ganha for\u00e7a \u2014 e pode influenciar o futuro da forma como consumimos.<\/p>\n","protected":false},"excerpt":{"rendered":"<p>A sensa\u00e7\u00e3o de que \u201cantigamente as coisas duravam mais\u201d n\u00e3o \u00e9 apenas impress\u00e3o. De roupas que desbotam rapidamente<\/p>\n","protected":false},"author":2,"featured_media":5056,"comment_status":"open","ping_status":"open","sticky":false,"template":"","format":"standard","meta":{"footnotes":""},"categories":[10,12],"tags":[],"class_list":["post-5054","post","type-post","status-publish","format-standard","has-post-thumbnail","hentry","category-mundo","category-noticias"],"yoast_head":"<!-- This site is optimized with the Yoast SEO plugin v28.3 - https:\/\/yoast.com\/product\/yoast-seo-wordpress\/ -->\n<title>Entenda por que os produtos de hoje duram menos - Ello TV<\/title>\n<meta name=\"description\" content=\"Entenda por que produtos parecem durar menos hoje: mudan\u00e7as na ind\u00fastria, fast fashion, custos e consumo acelerado explicam a queda na durabilidade.\" \/>\n<meta name=\"robots\" content=\"index, follow, max-snippet:-1, max-image-preview:large, max-video-preview:-1\" \/>\n<link rel=\"canonical\" href=\"https:\/\/ellotv.com.br\/site\/2026\/03\/02\/entenda-por-que-os-produtos-de-hoje-duram-menos\/\" \/>\n<meta property=\"og:locale\" content=\"pt_BR\" \/>\n<meta property=\"og:type\" content=\"article\" \/>\n<meta property=\"og:title\" content=\"Entenda por que os produtos de hoje duram menos - Ello TV\" \/>\n<meta property=\"og:description\" content=\"Entenda por que produtos parecem durar menos hoje: mudan\u00e7as na ind\u00fastria, fast fashion, custos e consumo acelerado explicam a queda na durabilidade.\" \/>\n<meta property=\"og:url\" content=\"https:\/\/ellotv.com.br\/site\/2026\/03\/02\/entenda-por-que-os-produtos-de-hoje-duram-menos\/\" \/>\n<meta property=\"og:site_name\" content=\"Ello TV\" \/>\n<meta property=\"article:published_time\" content=\"2026-03-02T12:17:23+00:00\" \/>\n<meta property=\"og:image\" content=\"https:\/\/ellotv.com.br\/site\/wp-content\/uploads\/2026\/03\/WhatsApp-Image-2026-02-27-at-19.37.38.jpeg\" \/>\n\t<meta property=\"og:image:width\" content=\"1024\" \/>\n\t<meta property=\"og:image:height\" content=\"1536\" \/>\n\t<meta property=\"og:image:type\" content=\"image\/jpeg\" \/>\n<meta name=\"author\" content=\"ELLO TV\" \/>\n<meta name=\"twitter:card\" content=\"summary_large_image\" \/>\n<meta name=\"twitter:label1\" content=\"Escrito por\" \/>\n\t<meta name=\"twitter:data1\" content=\"ELLO TV\" \/>\n\t<meta name=\"twitter:label2\" content=\"Est. tempo de leitura\" \/>\n\t<meta name=\"twitter:data2\" content=\"3 minutos\" \/>\n<script type=\"application\/ld+json\" class=\"yoast-schema-graph\">{\"@context\":\"https:\\\/\\\/schema.org\",\"@graph\":[{\"@type\":\"Article\",\"@id\":\"https:\\\/\\\/ellotv.com.br\\\/site\\\/2026\\\/03\\\/02\\\/entenda-por-que-os-produtos-de-hoje-duram-menos\\\/#article\",\"isPartOf\":{\"@id\":\"https:\\\/\\\/ellotv.com.br\\\/site\\\/2026\\\/03\\\/02\\\/entenda-por-que-os-produtos-de-hoje-duram-menos\\\/\"},\"author\":{\"name\":\"ELLO TV\",\"@id\":\"https:\\\/\\\/ellotv.com.br\\\/site\\\/#\\\/schema\\\/person\\\/2dbe3abaee38dcc7332fc8205cd2b15d\"},\"headline\":\"Entenda por que os produtos de hoje duram menos\",\"datePublished\":\"2026-03-02T12:17:23+00:00\",\"mainEntityOfPage\":{\"@id\":\"https:\\\/\\\/ellotv.com.br\\\/site\\\/2026\\\/03\\\/02\\\/entenda-por-que-os-produtos-de-hoje-duram-menos\\\/\"},\"wordCount\":528,\"commentCount\":0,\"publisher\":{\"@id\":\"https:\\\/\\\/ellotv.com.br\\\/site\\\/#organization\"},\"image\":{\"@id\":\"https:\\\/\\\/ellotv.com.br\\\/site\\\/2026\\\/03\\\/02\\\/entenda-por-que-os-produtos-de-hoje-duram-menos\\\/#primaryimage\"},\"thumbnailUrl\":\"https:\\\/\\\/ellotv.com.br\\\/site\\\/wp-content\\\/uploads\\\/2026\\\/03\\\/WhatsApp-Image-2026-02-27-at-19.37.38.jpeg\",\"articleSection\":[\"Mundo\",\"Noticias\"],\"inLanguage\":\"pt-BR\",\"potentialAction\":[{\"@type\":\"CommentAction\",\"name\":\"Comment\",\"target\":[\"https:\\\/\\\/ellotv.com.br\\\/site\\\/2026\\\/03\\\/02\\\/entenda-por-que-os-produtos-de-hoje-duram-menos\\\/#respond\"]}]},{\"@type\":\"WebPage\",\"@id\":\"https:\\\/\\\/ellotv.com.br\\\/site\\\/2026\\\/03\\\/02\\\/entenda-por-que-os-produtos-de-hoje-duram-menos\\\/\",\"url\":\"https:\\\/\\\/ellotv.com.br\\\/site\\\/2026\\\/03\\\/02\\\/entenda-por-que-os-produtos-de-hoje-duram-menos\\\/\",\"name\":\"Entenda por que os produtos de hoje duram menos - Ello TV\",\"isPartOf\":{\"@id\":\"https:\\\/\\\/ellotv.com.br\\\/site\\\/#website\"},\"primaryImageOfPage\":{\"@id\":\"https:\\\/\\\/ellotv.com.br\\\/site\\\/2026\\\/03\\\/02\\\/entenda-por-que-os-produtos-de-hoje-duram-menos\\\/#primaryimage\"},\"image\":{\"@id\":\"https:\\\/\\\/ellotv.com.br\\\/site\\\/2026\\\/03\\\/02\\\/entenda-por-que-os-produtos-de-hoje-duram-menos\\\/#primaryimage\"},\"thumbnailUrl\":\"https:\\\/\\\/ellotv.com.br\\\/site\\\/wp-content\\\/uploads\\\/2026\\\/03\\\/WhatsApp-Image-2026-02-27-at-19.37.38.jpeg\",\"datePublished\":\"2026-03-02T12:17:23+00:00\",\"description\":\"Entenda por que produtos parecem durar menos hoje: mudan\u00e7as na ind\u00fastria, fast fashion, custos e consumo acelerado explicam a queda na durabilidade.\",\"breadcrumb\":{\"@id\":\"https:\\\/\\\/ellotv.com.br\\\/site\\\/2026\\\/03\\\/02\\\/entenda-por-que-os-produtos-de-hoje-duram-menos\\\/#breadcrumb\"},\"inLanguage\":\"pt-BR\",\"potentialAction\":[{\"@type\":\"ReadAction\",\"target\":[\"https:\\\/\\\/ellotv.com.br\\\/site\\\/2026\\\/03\\\/02\\\/entenda-por-que-os-produtos-de-hoje-duram-menos\\\/\"]}]},{\"@type\":\"ImageObject\",\"inLanguage\":\"pt-BR\",\"@id\":\"https:\\\/\\\/ellotv.com.br\\\/site\\\/2026\\\/03\\\/02\\\/entenda-por-que-os-produtos-de-hoje-duram-menos\\\/#primaryimage\",\"url\":\"https:\\\/\\\/ellotv.com.br\\\/site\\\/wp-content\\\/uploads\\\/2026\\\/03\\\/WhatsApp-Image-2026-02-27-at-19.37.38.jpeg\",\"contentUrl\":\"https:\\\/\\\/ellotv.com.br\\\/site\\\/wp-content\\\/uploads\\\/2026\\\/03\\\/WhatsApp-Image-2026-02-27-at-19.37.38.jpeg\",\"width\":1024,\"height\":1536},{\"@type\":\"BreadcrumbList\",\"@id\":\"https:\\\/\\\/ellotv.com.br\\\/site\\\/2026\\\/03\\\/02\\\/entenda-por-que-os-produtos-de-hoje-duram-menos\\\/#breadcrumb\",\"itemListElement\":[{\"@type\":\"ListItem\",\"position\":1,\"name\":\"In\u00edcio\",\"item\":\"https:\\\/\\\/ellotv.com.br\\\/site\\\/\"},{\"@type\":\"ListItem\",\"position\":2,\"name\":\"Entenda por que os produtos de hoje duram menos\"}]},{\"@type\":\"WebSite\",\"@id\":\"https:\\\/\\\/ellotv.com.br\\\/site\\\/#website\",\"url\":\"https:\\\/\\\/ellotv.com.br\\\/site\\\/\",\"name\":\"ELLO TV\",\"description\":\"\",\"publisher\":{\"@id\":\"https:\\\/\\\/ellotv.com.br\\\/site\\\/#organization\"},\"potentialAction\":[{\"@type\":\"SearchAction\",\"target\":{\"@type\":\"EntryPoint\",\"urlTemplate\":\"https:\\\/\\\/ellotv.com.br\\\/site\\\/?s={search_term_string}\"},\"query-input\":{\"@type\":\"PropertyValueSpecification\",\"valueRequired\":true,\"valueName\":\"search_term_string\"}}],\"inLanguage\":\"pt-BR\"},{\"@type\":\"Organization\",\"@id\":\"https:\\\/\\\/ellotv.com.br\\\/site\\\/#organization\",\"name\":\"ELLO TV\",\"url\":\"https:\\\/\\\/ellotv.com.br\\\/site\\\/\",\"logo\":{\"@type\":\"ImageObject\",\"inLanguage\":\"pt-BR\",\"@id\":\"https:\\\/\\\/ellotv.com.br\\\/site\\\/#\\\/schema\\\/logo\\\/image\\\/\",\"url\":\"https:\\\/\\\/ellotv.com.br\\\/site\\\/wp-content\\\/uploads\\\/2025\\\/11\\\/ello-logo-2.fw_.png\",\"contentUrl\":\"https:\\\/\\\/ellotv.com.br\\\/site\\\/wp-content\\\/uploads\\\/2025\\\/11\\\/ello-logo-2.fw_.png\",\"width\":400,\"height\":146,\"caption\":\"ELLO TV\"},\"image\":{\"@id\":\"https:\\\/\\\/ellotv.com.br\\\/site\\\/#\\\/schema\\\/logo\\\/image\\\/\"}},{\"@type\":\"Person\",\"@id\":\"https:\\\/\\\/ellotv.com.br\\\/site\\\/#\\\/schema\\\/person\\\/2dbe3abaee38dcc7332fc8205cd2b15d\",\"name\":\"ELLO TV\",\"image\":{\"@type\":\"ImageObject\",\"inLanguage\":\"pt-BR\",\"@id\":\"https:\\\/\\\/secure.gravatar.com\\\/avatar\\\/c38242b9da8ec217ac3f0aaee31a54f7d7befb11b2b47fdbc8fb0fad60afa1c6?s=96&d=mm&r=g\",\"url\":\"https:\\\/\\\/secure.gravatar.com\\\/avatar\\\/c38242b9da8ec217ac3f0aaee31a54f7d7befb11b2b47fdbc8fb0fad60afa1c6?s=96&d=mm&r=g\",\"contentUrl\":\"https:\\\/\\\/secure.gravatar.com\\\/avatar\\\/c38242b9da8ec217ac3f0aaee31a54f7d7befb11b2b47fdbc8fb0fad60afa1c6?s=96&d=mm&r=g\",\"caption\":\"ELLO TV\"},\"url\":\"https:\\\/\\\/ellotv.com.br\\\/site\\\/author\\\/elloagencia\\\/\"}]}<\/script>\n<!-- \/ Yoast SEO plugin. -->","yoast_head_json":{"title":"Entenda por que os produtos de hoje duram menos - Ello TV","description":"Entenda por que produtos parecem durar menos hoje: mudan\u00e7as na ind\u00fastria, fast fashion, custos e consumo acelerado explicam a queda na durabilidade.","robots":{"index":"index","follow":"follow","max-snippet":"max-snippet:-1","max-image-preview":"max-image-preview:large","max-video-preview":"max-video-preview:-1"},"canonical":"https:\/\/ellotv.com.br\/site\/2026\/03\/02\/entenda-por-que-os-produtos-de-hoje-duram-menos\/","og_locale":"pt_BR","og_type":"article","og_title":"Entenda por que os produtos de hoje duram menos - Ello TV","og_description":"Entenda por que produtos parecem durar menos hoje: mudan\u00e7as na ind\u00fastria, fast fashion, custos e consumo acelerado explicam a queda na durabilidade.","og_url":"https:\/\/ellotv.com.br\/site\/2026\/03\/02\/entenda-por-que-os-produtos-de-hoje-duram-menos\/","og_site_name":"Ello TV","article_published_time":"2026-03-02T12:17:23+00:00","og_image":[{"width":1024,"height":1536,"url":"https:\/\/ellotv.com.br\/site\/wp-content\/uploads\/2026\/03\/WhatsApp-Image-2026-02-27-at-19.37.38.jpeg","type":"image\/jpeg"}],"author":"ELLO TV","twitter_card":"summary_large_image","twitter_misc":{"Escrito por":"ELLO TV","Est. tempo de leitura":"3 minutos"},"schema":{"@context":"https:\/\/schema.org","@graph":[{"@type":"Article","@id":"https:\/\/ellotv.com.br\/site\/2026\/03\/02\/entenda-por-que-os-produtos-de-hoje-duram-menos\/#article","isPartOf":{"@id":"https:\/\/ellotv.com.br\/site\/2026\/03\/02\/entenda-por-que-os-produtos-de-hoje-duram-menos\/"},"author":{"name":"ELLO TV","@id":"https:\/\/ellotv.com.br\/site\/#\/schema\/person\/2dbe3abaee38dcc7332fc8205cd2b15d"},"headline":"Entenda por que os produtos de hoje duram menos","datePublished":"2026-03-02T12:17:23+00:00","mainEntityOfPage":{"@id":"https:\/\/ellotv.com.br\/site\/2026\/03\/02\/entenda-por-que-os-produtos-de-hoje-duram-menos\/"},"wordCount":528,"commentCount":0,"publisher":{"@id":"https:\/\/ellotv.com.br\/site\/#organization"},"image":{"@id":"https:\/\/ellotv.com.br\/site\/2026\/03\/02\/entenda-por-que-os-produtos-de-hoje-duram-menos\/#primaryimage"},"thumbnailUrl":"https:\/\/ellotv.com.br\/site\/wp-content\/uploads\/2026\/03\/WhatsApp-Image-2026-02-27-at-19.37.38.jpeg","articleSection":["Mundo","Noticias"],"inLanguage":"pt-BR","potentialAction":[{"@type":"CommentAction","name":"Comment","target":["https:\/\/ellotv.com.br\/site\/2026\/03\/02\/entenda-por-que-os-produtos-de-hoje-duram-menos\/#respond"]}]},{"@type":"WebPage","@id":"https:\/\/ellotv.com.br\/site\/2026\/03\/02\/entenda-por-que-os-produtos-de-hoje-duram-menos\/","url":"https:\/\/ellotv.com.br\/site\/2026\/03\/02\/entenda-por-que-os-produtos-de-hoje-duram-menos\/","name":"Entenda por que os produtos de hoje duram menos - Ello TV","isPartOf":{"@id":"https:\/\/ellotv.com.br\/site\/#website"},"primaryImageOfPage":{"@id":"https:\/\/ellotv.com.br\/site\/2026\/03\/02\/entenda-por-que-os-produtos-de-hoje-duram-menos\/#primaryimage"},"image":{"@id":"https:\/\/ellotv.com.br\/site\/2026\/03\/02\/entenda-por-que-os-produtos-de-hoje-duram-menos\/#primaryimage"},"thumbnailUrl":"https:\/\/ellotv.com.br\/site\/wp-content\/uploads\/2026\/03\/WhatsApp-Image-2026-02-27-at-19.37.38.jpeg","datePublished":"2026-03-02T12:17:23+00:00","description":"Entenda por que produtos parecem durar menos hoje: mudan\u00e7as na ind\u00fastria, fast fashion, custos e consumo acelerado explicam a queda na durabilidade.","breadcrumb":{"@id":"https:\/\/ellotv.com.br\/site\/2026\/03\/02\/entenda-por-que-os-produtos-de-hoje-duram-menos\/#breadcrumb"},"inLanguage":"pt-BR","potentialAction":[{"@type":"ReadAction","target":["https:\/\/ellotv.com.br\/site\/2026\/03\/02\/entenda-por-que-os-produtos-de-hoje-duram-menos\/"]}]},{"@type":"ImageObject","inLanguage":"pt-BR","@id":"https:\/\/ellotv.com.br\/site\/2026\/03\/02\/entenda-por-que-os-produtos-de-hoje-duram-menos\/#primaryimage","url":"https:\/\/ellotv.com.br\/site\/wp-content\/uploads\/2026\/03\/WhatsApp-Image-2026-02-27-at-19.37.38.jpeg","contentUrl":"https:\/\/ellotv.com.br\/site\/wp-content\/uploads\/2026\/03\/WhatsApp-Image-2026-02-27-at-19.37.38.jpeg","width":1024,"height":1536},{"@type":"BreadcrumbList","@id":"https:\/\/ellotv.com.br\/site\/2026\/03\/02\/entenda-por-que-os-produtos-de-hoje-duram-menos\/#breadcrumb","itemListElement":[{"@type":"ListItem","position":1,"name":"In\u00edcio","item":"https:\/\/ellotv.com.br\/site\/"},{"@type":"ListItem","position":2,"name":"Entenda por que os produtos de hoje duram menos"}]},{"@type":"WebSite","@id":"https:\/\/ellotv.com.br\/site\/#website","url":"https:\/\/ellotv.com.br\/site\/","name":"ELLO TV","description":"","publisher":{"@id":"https:\/\/ellotv.com.br\/site\/#organization"},"potentialAction":[{"@type":"SearchAction","target":{"@type":"EntryPoint","urlTemplate":"https:\/\/ellotv.com.br\/site\/?s={search_term_string}"},"query-input":{"@type":"PropertyValueSpecification","valueRequired":true,"valueName":"search_term_string"}}],"inLanguage":"pt-BR"},{"@type":"Organization","@id":"https:\/\/ellotv.com.br\/site\/#organization","name":"ELLO TV","url":"https:\/\/ellotv.com.br\/site\/","logo":{"@type":"ImageObject","inLanguage":"pt-BR","@id":"https:\/\/ellotv.com.br\/site\/#\/schema\/logo\/image\/","url":"https:\/\/ellotv.com.br\/site\/wp-content\/uploads\/2025\/11\/ello-logo-2.fw_.png","contentUrl":"https:\/\/ellotv.com.br\/site\/wp-content\/uploads\/2025\/11\/ello-logo-2.fw_.png","width":400,"height":146,"caption":"ELLO TV"},"image":{"@id":"https:\/\/ellotv.com.br\/site\/#\/schema\/logo\/image\/"}},{"@type":"Person","@id":"https:\/\/ellotv.com.br\/site\/#\/schema\/person\/2dbe3abaee38dcc7332fc8205cd2b15d","name":"ELLO TV","image":{"@type":"ImageObject","inLanguage":"pt-BR","@id":"https:\/\/secure.gravatar.com\/avatar\/c38242b9da8ec217ac3f0aaee31a54f7d7befb11b2b47fdbc8fb0fad60afa1c6?s=96&d=mm&r=g","url":"https:\/\/secure.gravatar.com\/avatar\/c38242b9da8ec217ac3f0aaee31a54f7d7befb11b2b47fdbc8fb0fad60afa1c6?s=96&d=mm&r=g","contentUrl":"https:\/\/secure.gravatar.com\/avatar\/c38242b9da8ec217ac3f0aaee31a54f7d7befb11b2b47fdbc8fb0fad60afa1c6?s=96&d=mm&r=g","caption":"ELLO TV"},"url":"https:\/\/ellotv.com.br\/site\/author\/elloagencia\/"}]}},"featured_image_urls":{"full":["https:\/\/ellotv.com.br\/site\/wp-content\/uploads\/2026\/03\/WhatsApp-Image-2026-02-27-at-19.37.38.jpeg",1024,1536,false],"thumbnail":["https:\/\/ellotv.com.br\/site\/wp-content\/uploads\/2026\/03\/WhatsApp-Image-2026-02-27-at-19.37.38-150x150.jpeg",150,150,true],"medium":["https:\/\/ellotv.com.br\/site\/wp-content\/uploads\/2026\/03\/WhatsApp-Image-2026-02-27-at-19.37.38-200x300.jpeg",200,300,true],"medium_large":["https:\/\/ellotv.com.br\/site\/wp-content\/uploads\/2026\/03\/WhatsApp-Image-2026-02-27-at-19.37.38-768x1152.jpeg",640,960,true],"large":["https:\/\/ellotv.com.br\/site\/wp-content\/uploads\/2026\/03\/WhatsApp-Image-2026-02-27-at-19.37.38-683x1024.jpeg",640,960,true],"1536x1536":["https:\/\/ellotv.com.br\/site\/wp-content\/uploads\/2026\/03\/WhatsApp-Image-2026-02-27-at-19.37.38.jpeg",1024,1536,false],"2048x2048":["https:\/\/ellotv.com.br\/site\/wp-content\/uploads\/2026\/03\/WhatsApp-Image-2026-02-27-at-19.37.38.jpeg",1024,1536,false],"darknews-slider-full":["https:\/\/ellotv.com.br\/site\/wp-content\/uploads\/2026\/03\/WhatsApp-Image-2026-02-27-at-19.37.38-1024x720.jpeg",1024,720,true],"darknews-featured":["https:\/\/ellotv.com.br\/site\/wp-content\/uploads\/2026\/03\/WhatsApp-Image-2026-02-27-at-19.37.38.jpeg",1024,1536,false],"darknews-medium":["https:\/\/ellotv.com.br\/site\/wp-content\/uploads\/2026\/03\/WhatsApp-Image-2026-02-27-at-19.37.38-720x530.jpeg",720,530,true],"darknews-medium-square":["https:\/\/ellotv.com.br\/site\/wp-content\/uploads\/2026\/03\/WhatsApp-Image-2026-02-27-at-19.37.38-350x350.jpeg",350,350,true]},"author_info":{"info":["ELLO TV"]},"category_info":"<a href=\"https:\/\/ellotv.com.br\/site\/category\/mundo\/\" rel=\"category tag\">Mundo<\/a> <a href=\"https:\/\/ellotv.com.br\/site\/category\/noticias\/\" rel=\"category tag\">Noticias<\/a>","tag_info":"Noticias","comment_count":"0","_links":{"self":[{"href":"https:\/\/ellotv.com.br\/site\/wp-json\/wp\/v2\/posts\/5054","targetHints":{"allow":["GET"]}}],"collection":[{"href":"https:\/\/ellotv.com.br\/site\/wp-json\/wp\/v2\/posts"}],"about":[{"href":"https:\/\/ellotv.com.br\/site\/wp-json\/wp\/v2\/types\/post"}],"author":[{"embeddable":true,"href":"https:\/\/ellotv.com.br\/site\/wp-json\/wp\/v2\/users\/2"}],"replies":[{"embeddable":true,"href":"https:\/\/ellotv.com.br\/site\/wp-json\/wp\/v2\/comments?post=5054"}],"version-history":[{"count":1,"href":"https:\/\/ellotv.com.br\/site\/wp-json\/wp\/v2\/posts\/5054\/revisions"}],"predecessor-version":[{"id":5055,"href":"https:\/\/ellotv.com.br\/site\/wp-json\/wp\/v2\/posts\/5054\/revisions\/5055"}],"wp:featuredmedia":[{"embeddable":true,"href":"https:\/\/ellotv.com.br\/site\/wp-json\/wp\/v2\/media\/5056"}],"wp:attachment":[{"href":"https:\/\/ellotv.com.br\/site\/wp-json\/wp\/v2\/media?parent=5054"}],"wp:term":[{"taxonomy":"category","embeddable":true,"href":"https:\/\/ellotv.com.br\/site\/wp-json\/wp\/v2\/categories?post=5054"},{"taxonomy":"post_tag","embeddable":true,"href":"https:\/\/ellotv.com.br\/site\/wp-json\/wp\/v2\/tags?post=5054"}],"curies":[{"name":"wp","href":"https:\/\/api.w.org\/{rel}","templated":true}]}}