{"id":5070,"date":"2026-03-02T09:34:35","date_gmt":"2026-03-02T12:34:35","guid":{"rendered":"https:\/\/ellotv.com.br\/site\/?p=5070"},"modified":"2026-03-02T09:34:35","modified_gmt":"2026-03-02T12:34:35","slug":"mexicanos-ja-testam-produtos-feitos-a-partir-do-couro-da-palma-brasileira","status":"publish","type":"post","link":"https:\/\/ellotv.com.br\/site\/2026\/03\/02\/mexicanos-ja-testam-produtos-feitos-a-partir-do-couro-da-palma-brasileira\/","title":{"rendered":"Mexicanos j\u00e1 testam produtos feitos a partir do couro da Palma Brasileira"},"content":{"rendered":"<p data-start=\"105\" data-end=\"461\">Uma inova\u00e7\u00e3o sustent\u00e1vel que tem chamado a aten\u00e7\u00e3o global nasceu a partir de uma planta bastante conhecida no Nordeste brasileiro: a palma. No M\u00e9xico, os empreendedores Marte C\u00e1zarez e Adri\u00e1n L\u00f3pez Velarde desenvolveram um material alternativo ao couro animal utilizando o nopal, um tipo de cacto abundante no pa\u00eds e semelhante \u00e0 palma cultivada no Brasil.<\/p>\n<p data-start=\"463\" data-end=\"753\">A iniciativa deu origem \u00e0 empresa <span class=\"hover:entity-accent entity-underline inline cursor-pointer align-baseline\"><span class=\"whitespace-normal\">Desserto<\/span><\/span>, apresentada internacionalmente em 2019 ap\u00f3s um per\u00edodo de pesquisas, testes e aprimoramentos t\u00e9cnicos. Desde ent\u00e3o, o material vem sendo apontado como uma das principais alternativas sustent\u00e1veis ao couro tradicional.<\/p>\n<h3 data-start=\"755\" data-end=\"797\">Produ\u00e7\u00e3o sustent\u00e1vel e sem desperd\u00edcio<\/h3>\n<p data-start=\"799\" data-end=\"1114\">O couro vegetal \u00e9 produzido a partir de folhas maduras do cacto, colhidas de forma sustent\u00e1vel, sem causar danos \u00e0 planta \u2014 o que permite novas colheitas ao longo dos anos. Ap\u00f3s a extra\u00e7\u00e3o, as folhas passam por um processo que inclui secagem natural ao sol, tritura\u00e7\u00e3o, refinamento e combina\u00e7\u00e3o com uma base t\u00eaxtil.<\/p>\n<p data-start=\"1116\" data-end=\"1357\">O resultado \u00e9 um material flex\u00edvel, resistente e livre de PVC e subst\u00e2ncias t\u00f3xicas. De acordo com a empresa, o couro de nopal tamb\u00e9m apresenta menor consumo de \u00e1gua e energia quando comparado ao couro animal e a alguns materiais sint\u00e9ticos.<\/p>\n<h3 data-start=\"1359\" data-end=\"1385\">Aplica\u00e7\u00f5es em expans\u00e3o<\/h3>\n<p data-start=\"1387\" data-end=\"1497\">A inova\u00e7\u00e3o j\u00e1 come\u00e7a a ganhar espa\u00e7o em diferentes setores da ind\u00fastria. Entre as principais aplica\u00e7\u00f5es est\u00e3o:<\/p>\n<ul>\n<li data-start=\"1500\" data-end=\"1508\">Roupas<\/li>\n<li data-start=\"1511\" data-end=\"1532\">Bolsas e acess\u00f3rios<\/li>\n<li data-start=\"1535\" data-end=\"1555\">Estofados e m\u00f3veis<\/li>\n<li data-start=\"1558\" data-end=\"1585\">Revestimentos automotivos<\/li>\n<\/ul>\n<p data-start=\"1587\" data-end=\"1746\">A proposta \u00e9 reduzir o impacto ambiental em \u00e1reas tradicionalmente associadas ao alto consumo de recursos naturais, como a moda, o design e o setor automotivo.<\/p>\n<h3 data-start=\"1748\" data-end=\"1775\">Potencial para o Brasil<\/h3>\n<p data-start=\"1777\" data-end=\"2088\">A experi\u00eancia mexicana abre espa\u00e7o para reflex\u00f5es no Brasil, especialmente no Nordeste, onde a palma \u00e9 amplamente cultivada. Especialistas apontam que o uso da planta para fins industriais sustent\u00e1veis pode gerar novas oportunidades econ\u00f4micas, al\u00e9m de estimular pr\u00e1ticas mais alinhadas \u00e0 preserva\u00e7\u00e3o ambiental.<\/p>\n<p data-start=\"2090\" data-end=\"2217\" data-is-last-node=\"\" data-is-only-node=\"\">Com iniciativas como essa, a chamada \u201crevolu\u00e7\u00e3o verde\u201d ganha for\u00e7a \u2014 e pode ter no sert\u00e3o um dos seus principais protagonistas.<\/p>\n<p data-start=\"2090\" data-end=\"2217\" data-is-last-node=\"\" data-is-only-node=\"\"><img fetchpriority=\"high\" decoding=\"async\" class=\"alignnone size-medium wp-image-5072\" src=\"https:\/\/ellotv.com.br\/site\/wp-content\/uploads\/2026\/03\/WhatsApp-Image-2026-03-01-at-17.45.43-2-262x300.jpeg\" alt=\"\" width=\"262\" height=\"300\" srcset=\"https:\/\/ellotv.com.br\/site\/wp-content\/uploads\/2026\/03\/WhatsApp-Image-2026-03-01-at-17.45.43-2-262x300.jpeg 262w, https:\/\/ellotv.com.br\/site\/wp-content\/uploads\/2026\/03\/WhatsApp-Image-2026-03-01-at-17.45.43-2-894x1024.jpeg 894w, https:\/\/ellotv.com.br\/site\/wp-content\/uploads\/2026\/03\/WhatsApp-Image-2026-03-01-at-17.45.43-2-768x880.jpeg 768w, https:\/\/ellotv.com.br\/site\/wp-content\/uploads\/2026\/03\/WhatsApp-Image-2026-03-01-at-17.45.43-2-1024x1173.jpeg 1024w, https:\/\/ellotv.com.br\/site\/wp-content\/uploads\/2026\/03\/WhatsApp-Image-2026-03-01-at-17.45.43-2.jpeg 1290w\" sizes=\"(max-width: 262px) 100vw, 262px\" \/> <img decoding=\"async\" class=\"alignnone size-medium wp-image-5073\" src=\"https:\/\/ellotv.com.br\/site\/wp-content\/uploads\/2026\/03\/WhatsApp-Image-2026-03-01-at-17.45.43-1-260x300.jpeg\" alt=\"\" width=\"260\" height=\"300\" srcset=\"https:\/\/ellotv.com.br\/site\/wp-content\/uploads\/2026\/03\/WhatsApp-Image-2026-03-01-at-17.45.43-1-260x300.jpeg 260w, https:\/\/ellotv.com.br\/site\/wp-content\/uploads\/2026\/03\/WhatsApp-Image-2026-03-01-at-17.45.43-1-887x1024.jpeg 887w, https:\/\/ellotv.com.br\/site\/wp-content\/uploads\/2026\/03\/WhatsApp-Image-2026-03-01-at-17.45.43-1-768x886.jpeg 768w, https:\/\/ellotv.com.br\/site\/wp-content\/uploads\/2026\/03\/WhatsApp-Image-2026-03-01-at-17.45.43-1-1024x1182.jpeg 1024w, https:\/\/ellotv.com.br\/site\/wp-content\/uploads\/2026\/03\/WhatsApp-Image-2026-03-01-at-17.45.43-1.jpeg 1290w\" sizes=\"(max-width: 260px) 100vw, 260px\" \/> <img decoding=\"async\" class=\"alignnone size-medium wp-image-5074\" src=\"https:\/\/ellotv.com.br\/site\/wp-content\/uploads\/2026\/03\/WhatsApp-Image-2026-03-01-at-17.45.43-261x300.jpeg\" alt=\"\" width=\"261\" height=\"300\" srcset=\"https:\/\/ellotv.com.br\/site\/wp-content\/uploads\/2026\/03\/WhatsApp-Image-2026-03-01-at-17.45.43-261x300.jpeg 261w, https:\/\/ellotv.com.br\/site\/wp-content\/uploads\/2026\/03\/WhatsApp-Image-2026-03-01-at-17.45.43-890x1024.jpeg 890w, https:\/\/ellotv.com.br\/site\/wp-content\/uploads\/2026\/03\/WhatsApp-Image-2026-03-01-at-17.45.43-768x883.jpeg 768w, https:\/\/ellotv.com.br\/site\/wp-content\/uploads\/2026\/03\/WhatsApp-Image-2026-03-01-at-17.45.43-1024x1178.jpeg 1024w, https:\/\/ellotv.com.br\/site\/wp-content\/uploads\/2026\/03\/WhatsApp-Image-2026-03-01-at-17.45.43.jpeg 1290w\" sizes=\"(max-width: 261px) 100vw, 261px\" \/> <img loading=\"lazy\" decoding=\"async\" class=\"alignnone size-medium wp-image-5075\" src=\"https:\/\/ellotv.com.br\/site\/wp-content\/uploads\/2026\/03\/WhatsApp-Image-2026-03-01-at-17.45.42-261x300.jpeg\" alt=\"\" width=\"261\" height=\"300\" srcset=\"https:\/\/ellotv.com.br\/site\/wp-content\/uploads\/2026\/03\/WhatsApp-Image-2026-03-01-at-17.45.42-261x300.jpeg 261w, https:\/\/ellotv.com.br\/site\/wp-content\/uploads\/2026\/03\/WhatsApp-Image-2026-03-01-at-17.45.42-891x1024.jpeg 891w, https:\/\/ellotv.com.br\/site\/wp-content\/uploads\/2026\/03\/WhatsApp-Image-2026-03-01-at-17.45.42-768x882.jpeg 768w, https:\/\/ellotv.com.br\/site\/wp-content\/uploads\/2026\/03\/WhatsApp-Image-2026-03-01-at-17.45.42-1024x1176.jpeg 1024w, https:\/\/ellotv.com.br\/site\/wp-content\/uploads\/2026\/03\/WhatsApp-Image-2026-03-01-at-17.45.42.jpeg 1290w\" sizes=\"(max-width: 261px) 100vw, 261px\" \/><\/p>\n","protected":false},"excerpt":{"rendered":"<p>Uma inova\u00e7\u00e3o sustent\u00e1vel que tem chamado a aten\u00e7\u00e3o global nasceu a partir de uma planta bastante conhecida no<\/p>\n","protected":false},"author":2,"featured_media":5071,"comment_status":"open","ping_status":"open","sticky":false,"template":"","format":"standard","meta":{"footnotes":""},"categories":[8,12],"tags":[],"class_list":["post-5070","post","type-post","status-publish","format-standard","has-post-thumbnail","hentry","category-brasil","category-noticias"],"yoast_head":"<!-- This site is optimized with the Yoast SEO plugin v28.3 - https:\/\/yoast.com\/product\/yoast-seo-wordpress\/ -->\n<title>Mexicanos j\u00e1 testam produtos feitos a partir do couro da Palma Brasileira - Ello TV<\/title>\n<meta name=\"description\" content=\"Uma alternativa sustent\u00e1vel ao couro tradicional surge a partir do cacto nopal. Desenvolvido pela empresa Desserto, o material vegano \u00e9 resistente, ecol\u00f3gico e j\u00e1 come\u00e7a a ganhar espa\u00e7o nas ind\u00fastrias da moda, m\u00f3veis e autom\u00f3veis.\" \/>\n<meta name=\"robots\" content=\"index, follow, max-snippet:-1, max-image-preview:large, max-video-preview:-1\" \/>\n<link rel=\"canonical\" href=\"https:\/\/ellotv.com.br\/site\/2026\/03\/02\/mexicanos-ja-testam-produtos-feitos-a-partir-do-couro-da-palma-brasileira\/\" \/>\n<meta property=\"og:locale\" content=\"pt_BR\" \/>\n<meta property=\"og:type\" content=\"article\" \/>\n<meta property=\"og:title\" content=\"Mexicanos j\u00e1 testam produtos feitos a partir do couro da Palma Brasileira - Ello TV\" \/>\n<meta property=\"og:description\" content=\"Uma alternativa sustent\u00e1vel ao couro tradicional surge a partir do cacto nopal. Desenvolvido pela empresa Desserto, o material vegano \u00e9 resistente, ecol\u00f3gico e j\u00e1 come\u00e7a a ganhar espa\u00e7o nas ind\u00fastrias da moda, m\u00f3veis e autom\u00f3veis.\" \/>\n<meta property=\"og:url\" content=\"https:\/\/ellotv.com.br\/site\/2026\/03\/02\/mexicanos-ja-testam-produtos-feitos-a-partir-do-couro-da-palma-brasileira\/\" \/>\n<meta property=\"og:site_name\" content=\"Ello TV\" \/>\n<meta property=\"article:published_time\" content=\"2026-03-02T12:34:35+00:00\" \/>\n<meta property=\"og:image\" content=\"https:\/\/ellotv.com.br\/site\/wp-content\/uploads\/2026\/03\/WhatsApp-Image-2026-03-01-at-17.45.42-1.jpeg\" \/>\n\t<meta property=\"og:image:width\" content=\"1290\" \/>\n\t<meta property=\"og:image:height\" content=\"1465\" \/>\n\t<meta property=\"og:image:type\" content=\"image\/jpeg\" \/>\n<meta name=\"author\" content=\"ELLO TV\" \/>\n<meta name=\"twitter:card\" content=\"summary_large_image\" \/>\n<meta name=\"twitter:label1\" content=\"Escrito por\" \/>\n\t<meta name=\"twitter:data1\" content=\"ELLO TV\" \/>\n\t<meta name=\"twitter:label2\" content=\"Est. tempo de leitura\" \/>\n\t<meta name=\"twitter:data2\" content=\"2 minutos\" \/>\n<script type=\"application\/ld+json\" class=\"yoast-schema-graph\">{\"@context\":\"https:\\\/\\\/schema.org\",\"@graph\":[{\"@type\":\"Article\",\"@id\":\"https:\\\/\\\/ellotv.com.br\\\/site\\\/2026\\\/03\\\/02\\\/mexicanos-ja-testam-produtos-feitos-a-partir-do-couro-da-palma-brasileira\\\/#article\",\"isPartOf\":{\"@id\":\"https:\\\/\\\/ellotv.com.br\\\/site\\\/2026\\\/03\\\/02\\\/mexicanos-ja-testam-produtos-feitos-a-partir-do-couro-da-palma-brasileira\\\/\"},\"author\":{\"name\":\"ELLO TV\",\"@id\":\"https:\\\/\\\/ellotv.com.br\\\/site\\\/#\\\/schema\\\/person\\\/2dbe3abaee38dcc7332fc8205cd2b15d\"},\"headline\":\"Mexicanos j\u00e1 testam produtos feitos a partir do couro da Palma Brasileira\",\"datePublished\":\"2026-03-02T12:34:35+00:00\",\"mainEntityOfPage\":{\"@id\":\"https:\\\/\\\/ellotv.com.br\\\/site\\\/2026\\\/03\\\/02\\\/mexicanos-ja-testam-produtos-feitos-a-partir-do-couro-da-palma-brasileira\\\/\"},\"wordCount\":364,\"commentCount\":0,\"publisher\":{\"@id\":\"https:\\\/\\\/ellotv.com.br\\\/site\\\/#organization\"},\"image\":{\"@id\":\"https:\\\/\\\/ellotv.com.br\\\/site\\\/2026\\\/03\\\/02\\\/mexicanos-ja-testam-produtos-feitos-a-partir-do-couro-da-palma-brasileira\\\/#primaryimage\"},\"thumbnailUrl\":\"https:\\\/\\\/ellotv.com.br\\\/site\\\/wp-content\\\/uploads\\\/2026\\\/03\\\/WhatsApp-Image-2026-03-01-at-17.45.42-1.jpeg\",\"articleSection\":[\"Brasil\",\"Noticias\"],\"inLanguage\":\"pt-BR\",\"potentialAction\":[{\"@type\":\"CommentAction\",\"name\":\"Comment\",\"target\":[\"https:\\\/\\\/ellotv.com.br\\\/site\\\/2026\\\/03\\\/02\\\/mexicanos-ja-testam-produtos-feitos-a-partir-do-couro-da-palma-brasileira\\\/#respond\"]}]},{\"@type\":\"WebPage\",\"@id\":\"https:\\\/\\\/ellotv.com.br\\\/site\\\/2026\\\/03\\\/02\\\/mexicanos-ja-testam-produtos-feitos-a-partir-do-couro-da-palma-brasileira\\\/\",\"url\":\"https:\\\/\\\/ellotv.com.br\\\/site\\\/2026\\\/03\\\/02\\\/mexicanos-ja-testam-produtos-feitos-a-partir-do-couro-da-palma-brasileira\\\/\",\"name\":\"Mexicanos j\u00e1 testam produtos feitos a partir do couro da Palma Brasileira - Ello TV\",\"isPartOf\":{\"@id\":\"https:\\\/\\\/ellotv.com.br\\\/site\\\/#website\"},\"primaryImageOfPage\":{\"@id\":\"https:\\\/\\\/ellotv.com.br\\\/site\\\/2026\\\/03\\\/02\\\/mexicanos-ja-testam-produtos-feitos-a-partir-do-couro-da-palma-brasileira\\\/#primaryimage\"},\"image\":{\"@id\":\"https:\\\/\\\/ellotv.com.br\\\/site\\\/2026\\\/03\\\/02\\\/mexicanos-ja-testam-produtos-feitos-a-partir-do-couro-da-palma-brasileira\\\/#primaryimage\"},\"thumbnailUrl\":\"https:\\\/\\\/ellotv.com.br\\\/site\\\/wp-content\\\/uploads\\\/2026\\\/03\\\/WhatsApp-Image-2026-03-01-at-17.45.42-1.jpeg\",\"datePublished\":\"2026-03-02T12:34:35+00:00\",\"description\":\"Uma alternativa sustent\u00e1vel ao couro tradicional surge a partir do cacto nopal. Desenvolvido pela empresa Desserto, o material vegano \u00e9 resistente, ecol\u00f3gico e j\u00e1 come\u00e7a a ganhar espa\u00e7o nas ind\u00fastrias da moda, m\u00f3veis e autom\u00f3veis.\",\"breadcrumb\":{\"@id\":\"https:\\\/\\\/ellotv.com.br\\\/site\\\/2026\\\/03\\\/02\\\/mexicanos-ja-testam-produtos-feitos-a-partir-do-couro-da-palma-brasileira\\\/#breadcrumb\"},\"inLanguage\":\"pt-BR\",\"potentialAction\":[{\"@type\":\"ReadAction\",\"target\":[\"https:\\\/\\\/ellotv.com.br\\\/site\\\/2026\\\/03\\\/02\\\/mexicanos-ja-testam-produtos-feitos-a-partir-do-couro-da-palma-brasileira\\\/\"]}]},{\"@type\":\"ImageObject\",\"inLanguage\":\"pt-BR\",\"@id\":\"https:\\\/\\\/ellotv.com.br\\\/site\\\/2026\\\/03\\\/02\\\/mexicanos-ja-testam-produtos-feitos-a-partir-do-couro-da-palma-brasileira\\\/#primaryimage\",\"url\":\"https:\\\/\\\/ellotv.com.br\\\/site\\\/wp-content\\\/uploads\\\/2026\\\/03\\\/WhatsApp-Image-2026-03-01-at-17.45.42-1.jpeg\",\"contentUrl\":\"https:\\\/\\\/ellotv.com.br\\\/site\\\/wp-content\\\/uploads\\\/2026\\\/03\\\/WhatsApp-Image-2026-03-01-at-17.45.42-1.jpeg\",\"width\":1290,\"height\":1465},{\"@type\":\"BreadcrumbList\",\"@id\":\"https:\\\/\\\/ellotv.com.br\\\/site\\\/2026\\\/03\\\/02\\\/mexicanos-ja-testam-produtos-feitos-a-partir-do-couro-da-palma-brasileira\\\/#breadcrumb\",\"itemListElement\":[{\"@type\":\"ListItem\",\"position\":1,\"name\":\"In\u00edcio\",\"item\":\"https:\\\/\\\/ellotv.com.br\\\/site\\\/\"},{\"@type\":\"ListItem\",\"position\":2,\"name\":\"Mexicanos j\u00e1 testam produtos feitos a partir do couro da Palma Brasileira\"}]},{\"@type\":\"WebSite\",\"@id\":\"https:\\\/\\\/ellotv.com.br\\\/site\\\/#website\",\"url\":\"https:\\\/\\\/ellotv.com.br\\\/site\\\/\",\"name\":\"ELLO TV\",\"description\":\"\",\"publisher\":{\"@id\":\"https:\\\/\\\/ellotv.com.br\\\/site\\\/#organization\"},\"potentialAction\":[{\"@type\":\"SearchAction\",\"target\":{\"@type\":\"EntryPoint\",\"urlTemplate\":\"https:\\\/\\\/ellotv.com.br\\\/site\\\/?s={search_term_string}\"},\"query-input\":{\"@type\":\"PropertyValueSpecification\",\"valueRequired\":true,\"valueName\":\"search_term_string\"}}],\"inLanguage\":\"pt-BR\"},{\"@type\":\"Organization\",\"@id\":\"https:\\\/\\\/ellotv.com.br\\\/site\\\/#organization\",\"name\":\"ELLO TV\",\"url\":\"https:\\\/\\\/ellotv.com.br\\\/site\\\/\",\"logo\":{\"@type\":\"ImageObject\",\"inLanguage\":\"pt-BR\",\"@id\":\"https:\\\/\\\/ellotv.com.br\\\/site\\\/#\\\/schema\\\/logo\\\/image\\\/\",\"url\":\"https:\\\/\\\/ellotv.com.br\\\/site\\\/wp-content\\\/uploads\\\/2025\\\/11\\\/ello-logo-2.fw_.png\",\"contentUrl\":\"https:\\\/\\\/ellotv.com.br\\\/site\\\/wp-content\\\/uploads\\\/2025\\\/11\\\/ello-logo-2.fw_.png\",\"width\":400,\"height\":146,\"caption\":\"ELLO TV\"},\"image\":{\"@id\":\"https:\\\/\\\/ellotv.com.br\\\/site\\\/#\\\/schema\\\/logo\\\/image\\\/\"}},{\"@type\":\"Person\",\"@id\":\"https:\\\/\\\/ellotv.com.br\\\/site\\\/#\\\/schema\\\/person\\\/2dbe3abaee38dcc7332fc8205cd2b15d\",\"name\":\"ELLO TV\",\"image\":{\"@type\":\"ImageObject\",\"inLanguage\":\"pt-BR\",\"@id\":\"https:\\\/\\\/secure.gravatar.com\\\/avatar\\\/c38242b9da8ec217ac3f0aaee31a54f7d7befb11b2b47fdbc8fb0fad60afa1c6?s=96&d=mm&r=g\",\"url\":\"https:\\\/\\\/secure.gravatar.com\\\/avatar\\\/c38242b9da8ec217ac3f0aaee31a54f7d7befb11b2b47fdbc8fb0fad60afa1c6?s=96&d=mm&r=g\",\"contentUrl\":\"https:\\\/\\\/secure.gravatar.com\\\/avatar\\\/c38242b9da8ec217ac3f0aaee31a54f7d7befb11b2b47fdbc8fb0fad60afa1c6?s=96&d=mm&r=g\",\"caption\":\"ELLO TV\"},\"url\":\"https:\\\/\\\/ellotv.com.br\\\/site\\\/author\\\/elloagencia\\\/\"}]}<\/script>\n<!-- \/ Yoast SEO plugin. -->","yoast_head_json":{"title":"Mexicanos j\u00e1 testam produtos feitos a partir do couro da Palma Brasileira - Ello TV","description":"Uma alternativa sustent\u00e1vel ao couro tradicional surge a partir do cacto nopal. Desenvolvido pela empresa Desserto, o material vegano \u00e9 resistente, ecol\u00f3gico e j\u00e1 come\u00e7a a ganhar espa\u00e7o nas ind\u00fastrias da moda, m\u00f3veis e autom\u00f3veis.","robots":{"index":"index","follow":"follow","max-snippet":"max-snippet:-1","max-image-preview":"max-image-preview:large","max-video-preview":"max-video-preview:-1"},"canonical":"https:\/\/ellotv.com.br\/site\/2026\/03\/02\/mexicanos-ja-testam-produtos-feitos-a-partir-do-couro-da-palma-brasileira\/","og_locale":"pt_BR","og_type":"article","og_title":"Mexicanos j\u00e1 testam produtos feitos a partir do couro da Palma Brasileira - Ello TV","og_description":"Uma alternativa sustent\u00e1vel ao couro tradicional surge a partir do cacto nopal. Desenvolvido pela empresa Desserto, o material vegano \u00e9 resistente, ecol\u00f3gico e j\u00e1 come\u00e7a a ganhar espa\u00e7o nas ind\u00fastrias da moda, m\u00f3veis e autom\u00f3veis.","og_url":"https:\/\/ellotv.com.br\/site\/2026\/03\/02\/mexicanos-ja-testam-produtos-feitos-a-partir-do-couro-da-palma-brasileira\/","og_site_name":"Ello TV","article_published_time":"2026-03-02T12:34:35+00:00","og_image":[{"width":1290,"height":1465,"url":"https:\/\/ellotv.com.br\/site\/wp-content\/uploads\/2026\/03\/WhatsApp-Image-2026-03-01-at-17.45.42-1.jpeg","type":"image\/jpeg"}],"author":"ELLO TV","twitter_card":"summary_large_image","twitter_misc":{"Escrito por":"ELLO TV","Est. tempo de leitura":"2 minutos"},"schema":{"@context":"https:\/\/schema.org","@graph":[{"@type":"Article","@id":"https:\/\/ellotv.com.br\/site\/2026\/03\/02\/mexicanos-ja-testam-produtos-feitos-a-partir-do-couro-da-palma-brasileira\/#article","isPartOf":{"@id":"https:\/\/ellotv.com.br\/site\/2026\/03\/02\/mexicanos-ja-testam-produtos-feitos-a-partir-do-couro-da-palma-brasileira\/"},"author":{"name":"ELLO TV","@id":"https:\/\/ellotv.com.br\/site\/#\/schema\/person\/2dbe3abaee38dcc7332fc8205cd2b15d"},"headline":"Mexicanos j\u00e1 testam produtos feitos a partir do couro da Palma Brasileira","datePublished":"2026-03-02T12:34:35+00:00","mainEntityOfPage":{"@id":"https:\/\/ellotv.com.br\/site\/2026\/03\/02\/mexicanos-ja-testam-produtos-feitos-a-partir-do-couro-da-palma-brasileira\/"},"wordCount":364,"commentCount":0,"publisher":{"@id":"https:\/\/ellotv.com.br\/site\/#organization"},"image":{"@id":"https:\/\/ellotv.com.br\/site\/2026\/03\/02\/mexicanos-ja-testam-produtos-feitos-a-partir-do-couro-da-palma-brasileira\/#primaryimage"},"thumbnailUrl":"https:\/\/ellotv.com.br\/site\/wp-content\/uploads\/2026\/03\/WhatsApp-Image-2026-03-01-at-17.45.42-1.jpeg","articleSection":["Brasil","Noticias"],"inLanguage":"pt-BR","potentialAction":[{"@type":"CommentAction","name":"Comment","target":["https:\/\/ellotv.com.br\/site\/2026\/03\/02\/mexicanos-ja-testam-produtos-feitos-a-partir-do-couro-da-palma-brasileira\/#respond"]}]},{"@type":"WebPage","@id":"https:\/\/ellotv.com.br\/site\/2026\/03\/02\/mexicanos-ja-testam-produtos-feitos-a-partir-do-couro-da-palma-brasileira\/","url":"https:\/\/ellotv.com.br\/site\/2026\/03\/02\/mexicanos-ja-testam-produtos-feitos-a-partir-do-couro-da-palma-brasileira\/","name":"Mexicanos j\u00e1 testam produtos feitos a partir do couro da Palma Brasileira - Ello TV","isPartOf":{"@id":"https:\/\/ellotv.com.br\/site\/#website"},"primaryImageOfPage":{"@id":"https:\/\/ellotv.com.br\/site\/2026\/03\/02\/mexicanos-ja-testam-produtos-feitos-a-partir-do-couro-da-palma-brasileira\/#primaryimage"},"image":{"@id":"https:\/\/ellotv.com.br\/site\/2026\/03\/02\/mexicanos-ja-testam-produtos-feitos-a-partir-do-couro-da-palma-brasileira\/#primaryimage"},"thumbnailUrl":"https:\/\/ellotv.com.br\/site\/wp-content\/uploads\/2026\/03\/WhatsApp-Image-2026-03-01-at-17.45.42-1.jpeg","datePublished":"2026-03-02T12:34:35+00:00","description":"Uma alternativa sustent\u00e1vel ao couro tradicional surge a partir do cacto nopal. Desenvolvido pela empresa Desserto, o material vegano \u00e9 resistente, ecol\u00f3gico e j\u00e1 come\u00e7a a ganhar espa\u00e7o nas ind\u00fastrias da moda, m\u00f3veis e autom\u00f3veis.","breadcrumb":{"@id":"https:\/\/ellotv.com.br\/site\/2026\/03\/02\/mexicanos-ja-testam-produtos-feitos-a-partir-do-couro-da-palma-brasileira\/#breadcrumb"},"inLanguage":"pt-BR","potentialAction":[{"@type":"ReadAction","target":["https:\/\/ellotv.com.br\/site\/2026\/03\/02\/mexicanos-ja-testam-produtos-feitos-a-partir-do-couro-da-palma-brasileira\/"]}]},{"@type":"ImageObject","inLanguage":"pt-BR","@id":"https:\/\/ellotv.com.br\/site\/2026\/03\/02\/mexicanos-ja-testam-produtos-feitos-a-partir-do-couro-da-palma-brasileira\/#primaryimage","url":"https:\/\/ellotv.com.br\/site\/wp-content\/uploads\/2026\/03\/WhatsApp-Image-2026-03-01-at-17.45.42-1.jpeg","contentUrl":"https:\/\/ellotv.com.br\/site\/wp-content\/uploads\/2026\/03\/WhatsApp-Image-2026-03-01-at-17.45.42-1.jpeg","width":1290,"height":1465},{"@type":"BreadcrumbList","@id":"https:\/\/ellotv.com.br\/site\/2026\/03\/02\/mexicanos-ja-testam-produtos-feitos-a-partir-do-couro-da-palma-brasileira\/#breadcrumb","itemListElement":[{"@type":"ListItem","position":1,"name":"In\u00edcio","item":"https:\/\/ellotv.com.br\/site\/"},{"@type":"ListItem","position":2,"name":"Mexicanos j\u00e1 testam produtos feitos a partir do couro da Palma Brasileira"}]},{"@type":"WebSite","@id":"https:\/\/ellotv.com.br\/site\/#website","url":"https:\/\/ellotv.com.br\/site\/","name":"ELLO TV","description":"","publisher":{"@id":"https:\/\/ellotv.com.br\/site\/#organization"},"potentialAction":[{"@type":"SearchAction","target":{"@type":"EntryPoint","urlTemplate":"https:\/\/ellotv.com.br\/site\/?s={search_term_string}"},"query-input":{"@type":"PropertyValueSpecification","valueRequired":true,"valueName":"search_term_string"}}],"inLanguage":"pt-BR"},{"@type":"Organization","@id":"https:\/\/ellotv.com.br\/site\/#organization","name":"ELLO TV","url":"https:\/\/ellotv.com.br\/site\/","logo":{"@type":"ImageObject","inLanguage":"pt-BR","@id":"https:\/\/ellotv.com.br\/site\/#\/schema\/logo\/image\/","url":"https:\/\/ellotv.com.br\/site\/wp-content\/uploads\/2025\/11\/ello-logo-2.fw_.png","contentUrl":"https:\/\/ellotv.com.br\/site\/wp-content\/uploads\/2025\/11\/ello-logo-2.fw_.png","width":400,"height":146,"caption":"ELLO TV"},"image":{"@id":"https:\/\/ellotv.com.br\/site\/#\/schema\/logo\/image\/"}},{"@type":"Person","@id":"https:\/\/ellotv.com.br\/site\/#\/schema\/person\/2dbe3abaee38dcc7332fc8205cd2b15d","name":"ELLO TV","image":{"@type":"ImageObject","inLanguage":"pt-BR","@id":"https:\/\/secure.gravatar.com\/avatar\/c38242b9da8ec217ac3f0aaee31a54f7d7befb11b2b47fdbc8fb0fad60afa1c6?s=96&d=mm&r=g","url":"https:\/\/secure.gravatar.com\/avatar\/c38242b9da8ec217ac3f0aaee31a54f7d7befb11b2b47fdbc8fb0fad60afa1c6?s=96&d=mm&r=g","contentUrl":"https:\/\/secure.gravatar.com\/avatar\/c38242b9da8ec217ac3f0aaee31a54f7d7befb11b2b47fdbc8fb0fad60afa1c6?s=96&d=mm&r=g","caption":"ELLO TV"},"url":"https:\/\/ellotv.com.br\/site\/author\/elloagencia\/"}]}},"featured_image_urls":{"full":["https:\/\/ellotv.com.br\/site\/wp-content\/uploads\/2026\/03\/WhatsApp-Image-2026-03-01-at-17.45.42-1.jpeg",1290,1465,false],"thumbnail":["https:\/\/ellotv.com.br\/site\/wp-content\/uploads\/2026\/03\/WhatsApp-Image-2026-03-01-at-17.45.42-1-150x150.jpeg",150,150,true],"medium":["https:\/\/ellotv.com.br\/site\/wp-content\/uploads\/2026\/03\/WhatsApp-Image-2026-03-01-at-17.45.42-1-264x300.jpeg",264,300,true],"medium_large":["https:\/\/ellotv.com.br\/site\/wp-content\/uploads\/2026\/03\/WhatsApp-Image-2026-03-01-at-17.45.42-1-768x872.jpeg",640,727,true],"large":["https:\/\/ellotv.com.br\/site\/wp-content\/uploads\/2026\/03\/WhatsApp-Image-2026-03-01-at-17.45.42-1-902x1024.jpeg",640,727,true],"1536x1536":["https:\/\/ellotv.com.br\/site\/wp-content\/uploads\/2026\/03\/WhatsApp-Image-2026-03-01-at-17.45.42-1.jpeg",1290,1465,false],"2048x2048":["https:\/\/ellotv.com.br\/site\/wp-content\/uploads\/2026\/03\/WhatsApp-Image-2026-03-01-at-17.45.42-1.jpeg",1290,1465,false],"darknews-slider-full":["https:\/\/ellotv.com.br\/site\/wp-content\/uploads\/2026\/03\/WhatsApp-Image-2026-03-01-at-17.45.42-1-1280x720.jpeg",1280,720,true],"darknews-featured":["https:\/\/ellotv.com.br\/site\/wp-content\/uploads\/2026\/03\/WhatsApp-Image-2026-03-01-at-17.45.42-1-1024x1163.jpeg",1024,1163,true],"darknews-medium":["https:\/\/ellotv.com.br\/site\/wp-content\/uploads\/2026\/03\/WhatsApp-Image-2026-03-01-at-17.45.42-1-720x530.jpeg",720,530,true],"darknews-medium-square":["https:\/\/ellotv.com.br\/site\/wp-content\/uploads\/2026\/03\/WhatsApp-Image-2026-03-01-at-17.45.42-1-350x350.jpeg",350,350,true]},"author_info":{"info":["ELLO TV"]},"category_info":"<a href=\"https:\/\/ellotv.com.br\/site\/category\/brasil\/\" rel=\"category tag\">Brasil<\/a> <a href=\"https:\/\/ellotv.com.br\/site\/category\/noticias\/\" rel=\"category tag\">Noticias<\/a>","tag_info":"Noticias","comment_count":"0","_links":{"self":[{"href":"https:\/\/ellotv.com.br\/site\/wp-json\/wp\/v2\/posts\/5070","targetHints":{"allow":["GET"]}}],"collection":[{"href":"https:\/\/ellotv.com.br\/site\/wp-json\/wp\/v2\/posts"}],"about":[{"href":"https:\/\/ellotv.com.br\/site\/wp-json\/wp\/v2\/types\/post"}],"author":[{"embeddable":true,"href":"https:\/\/ellotv.com.br\/site\/wp-json\/wp\/v2\/users\/2"}],"replies":[{"embeddable":true,"href":"https:\/\/ellotv.com.br\/site\/wp-json\/wp\/v2\/comments?post=5070"}],"version-history":[{"count":1,"href":"https:\/\/ellotv.com.br\/site\/wp-json\/wp\/v2\/posts\/5070\/revisions"}],"predecessor-version":[{"id":5076,"href":"https:\/\/ellotv.com.br\/site\/wp-json\/wp\/v2\/posts\/5070\/revisions\/5076"}],"wp:featuredmedia":[{"embeddable":true,"href":"https:\/\/ellotv.com.br\/site\/wp-json\/wp\/v2\/media\/5071"}],"wp:attachment":[{"href":"https:\/\/ellotv.com.br\/site\/wp-json\/wp\/v2\/media?parent=5070"}],"wp:term":[{"taxonomy":"category","embeddable":true,"href":"https:\/\/ellotv.com.br\/site\/wp-json\/wp\/v2\/categories?post=5070"},{"taxonomy":"post_tag","embeddable":true,"href":"https:\/\/ellotv.com.br\/site\/wp-json\/wp\/v2\/tags?post=5070"}],"curies":[{"name":"wp","href":"https:\/\/api.w.org\/{rel}","templated":true}]}}