{"id":5081,"date":"2026-03-03T09:06:41","date_gmt":"2026-03-03T12:06:41","guid":{"rendered":"https:\/\/ellotv.com.br\/site\/?p=5081"},"modified":"2026-03-03T09:48:16","modified_gmt":"2026-03-03T12:48:16","slug":"camara-aprova-projeto-que-autoriza-venda-de-medicamentos-em-supermercados","status":"publish","type":"post","link":"https:\/\/ellotv.com.br\/site\/2026\/03\/03\/camara-aprova-projeto-que-autoriza-venda-de-medicamentos-em-supermercados\/","title":{"rendered":"C\u00e2mara aprova projeto que autoriza venda de medicamentos em supermercados"},"content":{"rendered":"<p data-start=\"0\" data-end=\"244\">A <span class=\"hover:entity-accent entity-underline inline cursor-pointer align-baseline\"><span class=\"whitespace-normal\">C\u00e2mara dos Deputados<\/span><\/span> aprovou nesta segunda-feira (2) um projeto de lei que autoriza a venda de medicamentos em supermercados de todo o pa\u00eds. O texto segue agora para san\u00e7\u00e3o do presidente <span class=\"hover:entity-accent entity-underline inline cursor-pointer align-baseline\"><span class=\"whitespace-normal\">Luiz In\u00e1cio Lula da Silva<\/span><\/span>.<\/p>\n<p data-start=\"246\" data-end=\"521\">A proposta estabelece que os estabelecimentos interessados dever\u00e3o disponibilizar um espa\u00e7o espec\u00edfico para a comercializa\u00e7\u00e3o, semelhante a um quiosque de farm\u00e1cia. Al\u00e9m disso, a venda s\u00f3 poder\u00e1 ocorrer com a presen\u00e7a e responsabilidade t\u00e9cnica de um farmac\u00eautico habilitado.<\/p>\n<p data-start=\"523\" data-end=\"727\">O relator da mat\u00e9ria, deputado <span class=\"hover:entity-accent entity-underline inline cursor-pointer align-baseline\"><span class=\"whitespace-normal\">Zacharias Calil<\/span><\/span>, defendeu que a medida pode ampliar o acesso da popula\u00e7\u00e3o a medicamentos, principalmente em regi\u00f5es mais afastadas dos grandes centros.<\/p>\n<p data-start=\"729\" data-end=\"971\">\u201cA presen\u00e7a disseminada de mercados, supermercados e seus cong\u00eaneres, inclusive nas localidades mais remotas do territ\u00f3rio nacional, pode ser adequadamente utilizada para facilitar a vida dos usu\u00e1rios de medicamentos\u201d, destacou o parlamentar.<\/p>\n<p data-start=\"973\" data-end=\"1187\">O projeto j\u00e1 havia sido aprovado pela <span class=\"hover:entity-accent entity-underline inline cursor-pointer align-baseline\"><span class=\"whitespace-normal\">Comiss\u00e3o de Assuntos Sociais do Senado<\/span><\/span> em setembro de 2025. Como tramitava em car\u00e1ter terminativo no colegiado, seguiu diretamente para an\u00e1lise final antes de retornar \u00e0 C\u00e2mara.<\/p>\n<p data-start=\"1189\" data-end=\"1445\" data-is-last-node=\"\" data-is-only-node=\"\">Caso seja sancionada, a nova legisla\u00e7\u00e3o dever\u00e1 prever regras espec\u00edficas para garantir a seguran\u00e7a sanit\u00e1ria, o controle na dispensa\u00e7\u00e3o dos medicamentos e a presen\u00e7a obrigat\u00f3ria de um profissional qualificado durante todo o funcionamento do ponto de venda.<\/p>\n","protected":false},"excerpt":{"rendered":"<p>A C\u00e2mara dos Deputados aprovou nesta segunda-feira (2) um projeto de lei que autoriza a venda de medicamentos<\/p>\n","protected":false},"author":2,"featured_media":5098,"comment_status":"open","ping_status":"open","sticky":false,"template":"","format":"standard","meta":{"footnotes":""},"categories":[8,12],"tags":[],"class_list":["post-5081","post","type-post","status-publish","format-standard","has-post-thumbnail","hentry","category-brasil","category-noticias"],"yoast_head":"<!-- This site is optimized with the Yoast SEO plugin v28.3 - https:\/\/yoast.com\/product\/yoast-seo-wordpress\/ -->\n<title>C\u00e2mara aprova projeto que autoriza venda de medicamentos em supermercados - Ello TV<\/title>\n<meta name=\"description\" content=\"Projeto aprovado pela C\u00e2mara autoriza venda de medicamentos em supermercados, com exig\u00eancia de farmac\u00eautico respons\u00e1vel e regras de seguran\u00e7a sanit\u00e1ria.\" \/>\n<meta name=\"robots\" content=\"index, follow, max-snippet:-1, max-image-preview:large, max-video-preview:-1\" \/>\n<link rel=\"canonical\" href=\"https:\/\/ellotv.com.br\/site\/2026\/03\/03\/camara-aprova-projeto-que-autoriza-venda-de-medicamentos-em-supermercados\/\" \/>\n<meta property=\"og:locale\" content=\"pt_BR\" \/>\n<meta property=\"og:type\" content=\"article\" \/>\n<meta property=\"og:title\" content=\"C\u00e2mara aprova projeto que autoriza venda de medicamentos em supermercados - Ello TV\" \/>\n<meta property=\"og:description\" content=\"Projeto aprovado pela C\u00e2mara autoriza venda de medicamentos em supermercados, com exig\u00eancia de farmac\u00eautico respons\u00e1vel e regras de seguran\u00e7a sanit\u00e1ria.\" \/>\n<meta property=\"og:url\" content=\"https:\/\/ellotv.com.br\/site\/2026\/03\/03\/camara-aprova-projeto-que-autoriza-venda-de-medicamentos-em-supermercados\/\" \/>\n<meta property=\"og:site_name\" content=\"Ello TV\" \/>\n<meta property=\"article:published_time\" content=\"2026-03-03T12:06:41+00:00\" \/>\n<meta property=\"article:modified_time\" content=\"2026-03-03T12:48:16+00:00\" \/>\n<meta property=\"og:image\" content=\"https:\/\/ellotv.com.br\/site\/wp-content\/uploads\/2026\/03\/WhatsApp-Image-2026-03-03-at-07.09.09-1.jpeg\" \/>\n\t<meta property=\"og:image:width\" content=\"1024\" \/>\n\t<meta property=\"og:image:height\" content=\"1084\" \/>\n\t<meta property=\"og:image:type\" content=\"image\/jpeg\" \/>\n<meta name=\"author\" content=\"ELLO TV\" \/>\n<meta name=\"twitter:card\" content=\"summary_large_image\" \/>\n<meta name=\"twitter:label1\" content=\"Escrito por\" \/>\n\t<meta name=\"twitter:data1\" content=\"ELLO TV\" \/>\n\t<meta name=\"twitter:label2\" content=\"Est. tempo de leitura\" \/>\n\t<meta name=\"twitter:data2\" content=\"1 minuto\" \/>\n<script type=\"application\/ld+json\" class=\"yoast-schema-graph\">{\"@context\":\"https:\\\/\\\/schema.org\",\"@graph\":[{\"@type\":\"Article\",\"@id\":\"https:\\\/\\\/ellotv.com.br\\\/site\\\/2026\\\/03\\\/03\\\/camara-aprova-projeto-que-autoriza-venda-de-medicamentos-em-supermercados\\\/#article\",\"isPartOf\":{\"@id\":\"https:\\\/\\\/ellotv.com.br\\\/site\\\/2026\\\/03\\\/03\\\/camara-aprova-projeto-que-autoriza-venda-de-medicamentos-em-supermercados\\\/\"},\"author\":{\"name\":\"ELLO TV\",\"@id\":\"https:\\\/\\\/ellotv.com.br\\\/site\\\/#\\\/schema\\\/person\\\/2dbe3abaee38dcc7332fc8205cd2b15d\"},\"headline\":\"C\u00e2mara aprova projeto que autoriza venda de medicamentos em supermercados\",\"datePublished\":\"2026-03-03T12:06:41+00:00\",\"dateModified\":\"2026-03-03T12:48:16+00:00\",\"mainEntityOfPage\":{\"@id\":\"https:\\\/\\\/ellotv.com.br\\\/site\\\/2026\\\/03\\\/03\\\/camara-aprova-projeto-que-autoriza-venda-de-medicamentos-em-supermercados\\\/\"},\"wordCount\":244,\"commentCount\":0,\"publisher\":{\"@id\":\"https:\\\/\\\/ellotv.com.br\\\/site\\\/#organization\"},\"image\":{\"@id\":\"https:\\\/\\\/ellotv.com.br\\\/site\\\/2026\\\/03\\\/03\\\/camara-aprova-projeto-que-autoriza-venda-de-medicamentos-em-supermercados\\\/#primaryimage\"},\"thumbnailUrl\":\"https:\\\/\\\/ellotv.com.br\\\/site\\\/wp-content\\\/uploads\\\/2026\\\/03\\\/WhatsApp-Image-2026-03-03-at-07.09.09-1.jpeg\",\"articleSection\":[\"Brasil\",\"Noticias\"],\"inLanguage\":\"pt-BR\",\"potentialAction\":[{\"@type\":\"CommentAction\",\"name\":\"Comment\",\"target\":[\"https:\\\/\\\/ellotv.com.br\\\/site\\\/2026\\\/03\\\/03\\\/camara-aprova-projeto-que-autoriza-venda-de-medicamentos-em-supermercados\\\/#respond\"]}]},{\"@type\":\"WebPage\",\"@id\":\"https:\\\/\\\/ellotv.com.br\\\/site\\\/2026\\\/03\\\/03\\\/camara-aprova-projeto-que-autoriza-venda-de-medicamentos-em-supermercados\\\/\",\"url\":\"https:\\\/\\\/ellotv.com.br\\\/site\\\/2026\\\/03\\\/03\\\/camara-aprova-projeto-que-autoriza-venda-de-medicamentos-em-supermercados\\\/\",\"name\":\"C\u00e2mara aprova projeto que autoriza venda de medicamentos em supermercados - Ello TV\",\"isPartOf\":{\"@id\":\"https:\\\/\\\/ellotv.com.br\\\/site\\\/#website\"},\"primaryImageOfPage\":{\"@id\":\"https:\\\/\\\/ellotv.com.br\\\/site\\\/2026\\\/03\\\/03\\\/camara-aprova-projeto-que-autoriza-venda-de-medicamentos-em-supermercados\\\/#primaryimage\"},\"image\":{\"@id\":\"https:\\\/\\\/ellotv.com.br\\\/site\\\/2026\\\/03\\\/03\\\/camara-aprova-projeto-que-autoriza-venda-de-medicamentos-em-supermercados\\\/#primaryimage\"},\"thumbnailUrl\":\"https:\\\/\\\/ellotv.com.br\\\/site\\\/wp-content\\\/uploads\\\/2026\\\/03\\\/WhatsApp-Image-2026-03-03-at-07.09.09-1.jpeg\",\"datePublished\":\"2026-03-03T12:06:41+00:00\",\"dateModified\":\"2026-03-03T12:48:16+00:00\",\"description\":\"Projeto aprovado pela C\u00e2mara autoriza venda de medicamentos em supermercados, com exig\u00eancia de farmac\u00eautico respons\u00e1vel e regras de seguran\u00e7a sanit\u00e1ria.\",\"breadcrumb\":{\"@id\":\"https:\\\/\\\/ellotv.com.br\\\/site\\\/2026\\\/03\\\/03\\\/camara-aprova-projeto-que-autoriza-venda-de-medicamentos-em-supermercados\\\/#breadcrumb\"},\"inLanguage\":\"pt-BR\",\"potentialAction\":[{\"@type\":\"ReadAction\",\"target\":[\"https:\\\/\\\/ellotv.com.br\\\/site\\\/2026\\\/03\\\/03\\\/camara-aprova-projeto-que-autoriza-venda-de-medicamentos-em-supermercados\\\/\"]}]},{\"@type\":\"ImageObject\",\"inLanguage\":\"pt-BR\",\"@id\":\"https:\\\/\\\/ellotv.com.br\\\/site\\\/2026\\\/03\\\/03\\\/camara-aprova-projeto-que-autoriza-venda-de-medicamentos-em-supermercados\\\/#primaryimage\",\"url\":\"https:\\\/\\\/ellotv.com.br\\\/site\\\/wp-content\\\/uploads\\\/2026\\\/03\\\/WhatsApp-Image-2026-03-03-at-07.09.09-1.jpeg\",\"contentUrl\":\"https:\\\/\\\/ellotv.com.br\\\/site\\\/wp-content\\\/uploads\\\/2026\\\/03\\\/WhatsApp-Image-2026-03-03-at-07.09.09-1.jpeg\",\"width\":1024,\"height\":1084},{\"@type\":\"BreadcrumbList\",\"@id\":\"https:\\\/\\\/ellotv.com.br\\\/site\\\/2026\\\/03\\\/03\\\/camara-aprova-projeto-que-autoriza-venda-de-medicamentos-em-supermercados\\\/#breadcrumb\",\"itemListElement\":[{\"@type\":\"ListItem\",\"position\":1,\"name\":\"In\u00edcio\",\"item\":\"https:\\\/\\\/ellotv.com.br\\\/site\\\/\"},{\"@type\":\"ListItem\",\"position\":2,\"name\":\"C\u00e2mara aprova projeto que autoriza venda de medicamentos em supermercados\"}]},{\"@type\":\"WebSite\",\"@id\":\"https:\\\/\\\/ellotv.com.br\\\/site\\\/#website\",\"url\":\"https:\\\/\\\/ellotv.com.br\\\/site\\\/\",\"name\":\"ELLO TV\",\"description\":\"\",\"publisher\":{\"@id\":\"https:\\\/\\\/ellotv.com.br\\\/site\\\/#organization\"},\"potentialAction\":[{\"@type\":\"SearchAction\",\"target\":{\"@type\":\"EntryPoint\",\"urlTemplate\":\"https:\\\/\\\/ellotv.com.br\\\/site\\\/?s={search_term_string}\"},\"query-input\":{\"@type\":\"PropertyValueSpecification\",\"valueRequired\":true,\"valueName\":\"search_term_string\"}}],\"inLanguage\":\"pt-BR\"},{\"@type\":\"Organization\",\"@id\":\"https:\\\/\\\/ellotv.com.br\\\/site\\\/#organization\",\"name\":\"ELLO TV\",\"url\":\"https:\\\/\\\/ellotv.com.br\\\/site\\\/\",\"logo\":{\"@type\":\"ImageObject\",\"inLanguage\":\"pt-BR\",\"@id\":\"https:\\\/\\\/ellotv.com.br\\\/site\\\/#\\\/schema\\\/logo\\\/image\\\/\",\"url\":\"https:\\\/\\\/ellotv.com.br\\\/site\\\/wp-content\\\/uploads\\\/2025\\\/11\\\/ello-logo-2.fw_.png\",\"contentUrl\":\"https:\\\/\\\/ellotv.com.br\\\/site\\\/wp-content\\\/uploads\\\/2025\\\/11\\\/ello-logo-2.fw_.png\",\"width\":400,\"height\":146,\"caption\":\"ELLO TV\"},\"image\":{\"@id\":\"https:\\\/\\\/ellotv.com.br\\\/site\\\/#\\\/schema\\\/logo\\\/image\\\/\"}},{\"@type\":\"Person\",\"@id\":\"https:\\\/\\\/ellotv.com.br\\\/site\\\/#\\\/schema\\\/person\\\/2dbe3abaee38dcc7332fc8205cd2b15d\",\"name\":\"ELLO TV\",\"image\":{\"@type\":\"ImageObject\",\"inLanguage\":\"pt-BR\",\"@id\":\"https:\\\/\\\/secure.gravatar.com\\\/avatar\\\/c38242b9da8ec217ac3f0aaee31a54f7d7befb11b2b47fdbc8fb0fad60afa1c6?s=96&d=mm&r=g\",\"url\":\"https:\\\/\\\/secure.gravatar.com\\\/avatar\\\/c38242b9da8ec217ac3f0aaee31a54f7d7befb11b2b47fdbc8fb0fad60afa1c6?s=96&d=mm&r=g\",\"contentUrl\":\"https:\\\/\\\/secure.gravatar.com\\\/avatar\\\/c38242b9da8ec217ac3f0aaee31a54f7d7befb11b2b47fdbc8fb0fad60afa1c6?s=96&d=mm&r=g\",\"caption\":\"ELLO TV\"},\"url\":\"https:\\\/\\\/ellotv.com.br\\\/site\\\/author\\\/elloagencia\\\/\"}]}<\/script>\n<!-- \/ Yoast SEO plugin. -->","yoast_head_json":{"title":"C\u00e2mara aprova projeto que autoriza venda de medicamentos em supermercados - Ello TV","description":"Projeto aprovado pela C\u00e2mara autoriza venda de medicamentos em supermercados, com exig\u00eancia de farmac\u00eautico respons\u00e1vel e regras de seguran\u00e7a sanit\u00e1ria.","robots":{"index":"index","follow":"follow","max-snippet":"max-snippet:-1","max-image-preview":"max-image-preview:large","max-video-preview":"max-video-preview:-1"},"canonical":"https:\/\/ellotv.com.br\/site\/2026\/03\/03\/camara-aprova-projeto-que-autoriza-venda-de-medicamentos-em-supermercados\/","og_locale":"pt_BR","og_type":"article","og_title":"C\u00e2mara aprova projeto que autoriza venda de medicamentos em supermercados - Ello TV","og_description":"Projeto aprovado pela C\u00e2mara autoriza venda de medicamentos em supermercados, com exig\u00eancia de farmac\u00eautico respons\u00e1vel e regras de seguran\u00e7a sanit\u00e1ria.","og_url":"https:\/\/ellotv.com.br\/site\/2026\/03\/03\/camara-aprova-projeto-que-autoriza-venda-de-medicamentos-em-supermercados\/","og_site_name":"Ello TV","article_published_time":"2026-03-03T12:06:41+00:00","article_modified_time":"2026-03-03T12:48:16+00:00","og_image":[{"width":1024,"height":1084,"url":"https:\/\/ellotv.com.br\/site\/wp-content\/uploads\/2026\/03\/WhatsApp-Image-2026-03-03-at-07.09.09-1.jpeg","type":"image\/jpeg"}],"author":"ELLO TV","twitter_card":"summary_large_image","twitter_misc":{"Escrito por":"ELLO TV","Est. tempo de leitura":"1 minuto"},"schema":{"@context":"https:\/\/schema.org","@graph":[{"@type":"Article","@id":"https:\/\/ellotv.com.br\/site\/2026\/03\/03\/camara-aprova-projeto-que-autoriza-venda-de-medicamentos-em-supermercados\/#article","isPartOf":{"@id":"https:\/\/ellotv.com.br\/site\/2026\/03\/03\/camara-aprova-projeto-que-autoriza-venda-de-medicamentos-em-supermercados\/"},"author":{"name":"ELLO TV","@id":"https:\/\/ellotv.com.br\/site\/#\/schema\/person\/2dbe3abaee38dcc7332fc8205cd2b15d"},"headline":"C\u00e2mara aprova projeto que autoriza venda de medicamentos em supermercados","datePublished":"2026-03-03T12:06:41+00:00","dateModified":"2026-03-03T12:48:16+00:00","mainEntityOfPage":{"@id":"https:\/\/ellotv.com.br\/site\/2026\/03\/03\/camara-aprova-projeto-que-autoriza-venda-de-medicamentos-em-supermercados\/"},"wordCount":244,"commentCount":0,"publisher":{"@id":"https:\/\/ellotv.com.br\/site\/#organization"},"image":{"@id":"https:\/\/ellotv.com.br\/site\/2026\/03\/03\/camara-aprova-projeto-que-autoriza-venda-de-medicamentos-em-supermercados\/#primaryimage"},"thumbnailUrl":"https:\/\/ellotv.com.br\/site\/wp-content\/uploads\/2026\/03\/WhatsApp-Image-2026-03-03-at-07.09.09-1.jpeg","articleSection":["Brasil","Noticias"],"inLanguage":"pt-BR","potentialAction":[{"@type":"CommentAction","name":"Comment","target":["https:\/\/ellotv.com.br\/site\/2026\/03\/03\/camara-aprova-projeto-que-autoriza-venda-de-medicamentos-em-supermercados\/#respond"]}]},{"@type":"WebPage","@id":"https:\/\/ellotv.com.br\/site\/2026\/03\/03\/camara-aprova-projeto-que-autoriza-venda-de-medicamentos-em-supermercados\/","url":"https:\/\/ellotv.com.br\/site\/2026\/03\/03\/camara-aprova-projeto-que-autoriza-venda-de-medicamentos-em-supermercados\/","name":"C\u00e2mara aprova projeto que autoriza venda de medicamentos em supermercados - Ello TV","isPartOf":{"@id":"https:\/\/ellotv.com.br\/site\/#website"},"primaryImageOfPage":{"@id":"https:\/\/ellotv.com.br\/site\/2026\/03\/03\/camara-aprova-projeto-que-autoriza-venda-de-medicamentos-em-supermercados\/#primaryimage"},"image":{"@id":"https:\/\/ellotv.com.br\/site\/2026\/03\/03\/camara-aprova-projeto-que-autoriza-venda-de-medicamentos-em-supermercados\/#primaryimage"},"thumbnailUrl":"https:\/\/ellotv.com.br\/site\/wp-content\/uploads\/2026\/03\/WhatsApp-Image-2026-03-03-at-07.09.09-1.jpeg","datePublished":"2026-03-03T12:06:41+00:00","dateModified":"2026-03-03T12:48:16+00:00","description":"Projeto aprovado pela C\u00e2mara autoriza venda de medicamentos em supermercados, com exig\u00eancia de farmac\u00eautico respons\u00e1vel e regras de seguran\u00e7a sanit\u00e1ria.","breadcrumb":{"@id":"https:\/\/ellotv.com.br\/site\/2026\/03\/03\/camara-aprova-projeto-que-autoriza-venda-de-medicamentos-em-supermercados\/#breadcrumb"},"inLanguage":"pt-BR","potentialAction":[{"@type":"ReadAction","target":["https:\/\/ellotv.com.br\/site\/2026\/03\/03\/camara-aprova-projeto-que-autoriza-venda-de-medicamentos-em-supermercados\/"]}]},{"@type":"ImageObject","inLanguage":"pt-BR","@id":"https:\/\/ellotv.com.br\/site\/2026\/03\/03\/camara-aprova-projeto-que-autoriza-venda-de-medicamentos-em-supermercados\/#primaryimage","url":"https:\/\/ellotv.com.br\/site\/wp-content\/uploads\/2026\/03\/WhatsApp-Image-2026-03-03-at-07.09.09-1.jpeg","contentUrl":"https:\/\/ellotv.com.br\/site\/wp-content\/uploads\/2026\/03\/WhatsApp-Image-2026-03-03-at-07.09.09-1.jpeg","width":1024,"height":1084},{"@type":"BreadcrumbList","@id":"https:\/\/ellotv.com.br\/site\/2026\/03\/03\/camara-aprova-projeto-que-autoriza-venda-de-medicamentos-em-supermercados\/#breadcrumb","itemListElement":[{"@type":"ListItem","position":1,"name":"In\u00edcio","item":"https:\/\/ellotv.com.br\/site\/"},{"@type":"ListItem","position":2,"name":"C\u00e2mara aprova projeto que autoriza venda de medicamentos em supermercados"}]},{"@type":"WebSite","@id":"https:\/\/ellotv.com.br\/site\/#website","url":"https:\/\/ellotv.com.br\/site\/","name":"ELLO TV","description":"","publisher":{"@id":"https:\/\/ellotv.com.br\/site\/#organization"},"potentialAction":[{"@type":"SearchAction","target":{"@type":"EntryPoint","urlTemplate":"https:\/\/ellotv.com.br\/site\/?s={search_term_string}"},"query-input":{"@type":"PropertyValueSpecification","valueRequired":true,"valueName":"search_term_string"}}],"inLanguage":"pt-BR"},{"@type":"Organization","@id":"https:\/\/ellotv.com.br\/site\/#organization","name":"ELLO TV","url":"https:\/\/ellotv.com.br\/site\/","logo":{"@type":"ImageObject","inLanguage":"pt-BR","@id":"https:\/\/ellotv.com.br\/site\/#\/schema\/logo\/image\/","url":"https:\/\/ellotv.com.br\/site\/wp-content\/uploads\/2025\/11\/ello-logo-2.fw_.png","contentUrl":"https:\/\/ellotv.com.br\/site\/wp-content\/uploads\/2025\/11\/ello-logo-2.fw_.png","width":400,"height":146,"caption":"ELLO TV"},"image":{"@id":"https:\/\/ellotv.com.br\/site\/#\/schema\/logo\/image\/"}},{"@type":"Person","@id":"https:\/\/ellotv.com.br\/site\/#\/schema\/person\/2dbe3abaee38dcc7332fc8205cd2b15d","name":"ELLO TV","image":{"@type":"ImageObject","inLanguage":"pt-BR","@id":"https:\/\/secure.gravatar.com\/avatar\/c38242b9da8ec217ac3f0aaee31a54f7d7befb11b2b47fdbc8fb0fad60afa1c6?s=96&d=mm&r=g","url":"https:\/\/secure.gravatar.com\/avatar\/c38242b9da8ec217ac3f0aaee31a54f7d7befb11b2b47fdbc8fb0fad60afa1c6?s=96&d=mm&r=g","contentUrl":"https:\/\/secure.gravatar.com\/avatar\/c38242b9da8ec217ac3f0aaee31a54f7d7befb11b2b47fdbc8fb0fad60afa1c6?s=96&d=mm&r=g","caption":"ELLO TV"},"url":"https:\/\/ellotv.com.br\/site\/author\/elloagencia\/"}]}},"featured_image_urls":{"full":["https:\/\/ellotv.com.br\/site\/wp-content\/uploads\/2026\/03\/WhatsApp-Image-2026-03-03-at-07.09.09-1.jpeg",1024,1084,false],"thumbnail":["https:\/\/ellotv.com.br\/site\/wp-content\/uploads\/2026\/03\/WhatsApp-Image-2026-03-03-at-07.09.09-1-150x150.jpeg",150,150,true],"medium":["https:\/\/ellotv.com.br\/site\/wp-content\/uploads\/2026\/03\/WhatsApp-Image-2026-03-03-at-07.09.09-1-283x300.jpeg",283,300,true],"medium_large":["https:\/\/ellotv.com.br\/site\/wp-content\/uploads\/2026\/03\/WhatsApp-Image-2026-03-03-at-07.09.09-1-768x813.jpeg",640,678,true],"large":["https:\/\/ellotv.com.br\/site\/wp-content\/uploads\/2026\/03\/WhatsApp-Image-2026-03-03-at-07.09.09-1-967x1024.jpeg",640,678,true],"1536x1536":["https:\/\/ellotv.com.br\/site\/wp-content\/uploads\/2026\/03\/WhatsApp-Image-2026-03-03-at-07.09.09-1.jpeg",1024,1084,false],"2048x2048":["https:\/\/ellotv.com.br\/site\/wp-content\/uploads\/2026\/03\/WhatsApp-Image-2026-03-03-at-07.09.09-1.jpeg",1024,1084,false],"darknews-slider-full":["https:\/\/ellotv.com.br\/site\/wp-content\/uploads\/2026\/03\/WhatsApp-Image-2026-03-03-at-07.09.09-1-1024x720.jpeg",1024,720,true],"darknews-featured":["https:\/\/ellotv.com.br\/site\/wp-content\/uploads\/2026\/03\/WhatsApp-Image-2026-03-03-at-07.09.09-1.jpeg",1024,1084,false],"darknews-medium":["https:\/\/ellotv.com.br\/site\/wp-content\/uploads\/2026\/03\/WhatsApp-Image-2026-03-03-at-07.09.09-1-720x530.jpeg",720,530,true],"darknews-medium-square":["https:\/\/ellotv.com.br\/site\/wp-content\/uploads\/2026\/03\/WhatsApp-Image-2026-03-03-at-07.09.09-1-350x350.jpeg",350,350,true]},"author_info":{"info":["ELLO TV"]},"category_info":"<a href=\"https:\/\/ellotv.com.br\/site\/category\/brasil\/\" rel=\"category tag\">Brasil<\/a> <a href=\"https:\/\/ellotv.com.br\/site\/category\/noticias\/\" rel=\"category tag\">Noticias<\/a>","tag_info":"Noticias","comment_count":"0","_links":{"self":[{"href":"https:\/\/ellotv.com.br\/site\/wp-json\/wp\/v2\/posts\/5081","targetHints":{"allow":["GET"]}}],"collection":[{"href":"https:\/\/ellotv.com.br\/site\/wp-json\/wp\/v2\/posts"}],"about":[{"href":"https:\/\/ellotv.com.br\/site\/wp-json\/wp\/v2\/types\/post"}],"author":[{"embeddable":true,"href":"https:\/\/ellotv.com.br\/site\/wp-json\/wp\/v2\/users\/2"}],"replies":[{"embeddable":true,"href":"https:\/\/ellotv.com.br\/site\/wp-json\/wp\/v2\/comments?post=5081"}],"version-history":[{"count":2,"href":"https:\/\/ellotv.com.br\/site\/wp-json\/wp\/v2\/posts\/5081\/revisions"}],"predecessor-version":[{"id":5097,"href":"https:\/\/ellotv.com.br\/site\/wp-json\/wp\/v2\/posts\/5081\/revisions\/5097"}],"wp:featuredmedia":[{"embeddable":true,"href":"https:\/\/ellotv.com.br\/site\/wp-json\/wp\/v2\/media\/5098"}],"wp:attachment":[{"href":"https:\/\/ellotv.com.br\/site\/wp-json\/wp\/v2\/media?parent=5081"}],"wp:term":[{"taxonomy":"category","embeddable":true,"href":"https:\/\/ellotv.com.br\/site\/wp-json\/wp\/v2\/categories?post=5081"},{"taxonomy":"post_tag","embeddable":true,"href":"https:\/\/ellotv.com.br\/site\/wp-json\/wp\/v2\/tags?post=5081"}],"curies":[{"name":"wp","href":"https:\/\/api.w.org\/{rel}","templated":true}]}}