{"id":5106,"date":"2026-03-04T08:33:10","date_gmt":"2026-03-04T11:33:10","guid":{"rendered":"https:\/\/ellotv.com.br\/site\/?p=5106"},"modified":"2026-03-04T08:33:10","modified_gmt":"2026-03-04T11:33:10","slug":"daniel-vorcaro-dono-do-banco-master-e-preso-pela-policia-federal","status":"publish","type":"post","link":"https:\/\/ellotv.com.br\/site\/2026\/03\/04\/daniel-vorcaro-dono-do-banco-master-e-preso-pela-policia-federal\/","title":{"rendered":"Daniel Vorcaro, dono do Banco Master, \u00e9 preso pela Pol\u00edcia Federal"},"content":{"rendered":"<p data-start=\"91\" data-end=\"356\">O empres\u00e1rio <strong data-start=\"104\" data-end=\"145\"><span class=\"hover:entity-accent entity-underline inline cursor-pointer align-baseline\"><span class=\"whitespace-normal\">Daniel Vorcaro<\/span><\/span><\/strong>, propriet\u00e1rio do <strong data-start=\"163\" data-end=\"204\"><span class=\"hover:entity-accent entity-underline inline cursor-pointer align-baseline\"><span class=\"whitespace-normal\">Banco Master<\/span><\/span><\/strong>, foi preso na manh\u00e3 desta quarta-feira (4) durante mais uma fase da Opera\u00e7\u00e3o Compliance Zero, conduzida pela <strong data-start=\"314\" data-end=\"355\"><span class=\"hover:entity-accent entity-underline inline cursor-pointer align-baseline\"><span class=\"whitespace-normal\">Pol\u00edcia Federal<\/span><\/span><\/strong>.<\/p>\n<p data-start=\"358\" data-end=\"533\">A ordem de pris\u00e3o preventiva foi expedida pelo <strong data-start=\"405\" data-end=\"446\"><span class=\"hover:entity-accent entity-underline inline cursor-pointer align-baseline\"><span class=\"whitespace-normal\">Supremo Tribunal Federal<\/span><\/span><\/strong> e autorizada pelo ministro <strong data-start=\"474\" data-end=\"515\"><span class=\"hover:entity-accent entity-underline inline cursor-pointer align-baseline\"><span class=\"whitespace-normal\">Andr\u00e9 Mendon\u00e7a<\/span><\/span><\/strong>, relator do caso.<\/p>\n<p data-start=\"535\" data-end=\"902\">A pris\u00e3o ocorreu na resid\u00eancia do empres\u00e1rio, em S\u00e3o Paulo. Ap\u00f3s o cumprimento do mandado, Vorcaro foi encaminhado \u00e0 Superintend\u00eancia da Pol\u00edcia Federal na capital paulista, onde permanece \u00e0 disposi\u00e7\u00e3o da Justi\u00e7a. Al\u00e9m dele, a opera\u00e7\u00e3o tamb\u00e9m cumpre outros tr\u00eas mandados de pris\u00e3o preventiva e 15 mandados de busca e apreens\u00e3o nos estados de S\u00e3o Paulo e Minas Gerais.<\/p>\n<p data-start=\"904\" data-end=\"1296\">Segundo as investiga\u00e7\u00f5es, esta terceira fase da opera\u00e7\u00e3o aprofunda a apura\u00e7\u00e3o de um suposto esquema bilion\u00e1rio de fraudes financeiras envolvendo a comercializa\u00e7\u00e3o de t\u00edtulos de cr\u00e9dito considerados falsos. A suspeita \u00e9 de que os pap\u00e9is tenham sido utilizados em opera\u00e7\u00f5es de grande porte sem lastro financeiro compat\u00edvel, causando preju\u00edzos expressivos ao sistema financeiro e a investidores.<\/p>\n<p data-start=\"1298\" data-end=\"1669\">As apura\u00e7\u00f5es tamb\u00e9m indicam a poss\u00edvel pr\u00e1tica de crimes como amea\u00e7a, corrup\u00e7\u00e3o, lavagem de dinheiro e invas\u00e3o de dispositivos inform\u00e1ticos, atribu\u00eddos a uma organiza\u00e7\u00e3o criminosa estruturada. A investiga\u00e7\u00e3o conta com apoio t\u00e9cnico do <strong data-start=\"1533\" data-end=\"1574\"><span class=\"hover:entity-accent entity-underline inline cursor-pointer align-baseline\"><span class=\"whitespace-normal\">Banco Central do Brasil<\/span><\/span><\/strong>, que auxilia na an\u00e1lise de opera\u00e7\u00f5es financeiras e na identifica\u00e7\u00e3o de movimenta\u00e7\u00f5es at\u00edpicas.<\/p>\n<p data-start=\"1671\" data-end=\"1995\" data-is-last-node=\"\" data-is-only-node=\"\">Como medidas cautelares, o STF determinou o afastamento de investigados de fun\u00e7\u00f5es p\u00fablicas, al\u00e9m do sequestro e bloqueio de bens que podem chegar a R$ 22 bilh\u00f5es. A decis\u00e3o busca interromper a movimenta\u00e7\u00e3o de ativos ligados ao grupo investigado e preservar valores que possam estar relacionados \u00e0s supostas irregularidades.<\/p>\n","protected":false},"excerpt":{"rendered":"<p>O empres\u00e1rio Daniel Vorcaro, propriet\u00e1rio do Banco Master, foi preso na manh\u00e3 desta quarta-feira (4) durante mais uma<\/p>\n","protected":false},"author":2,"featured_media":5107,"comment_status":"open","ping_status":"open","sticky":false,"template":"","format":"standard","meta":{"footnotes":""},"categories":[8,12],"tags":[],"class_list":["post-5106","post","type-post","status-publish","format-standard","has-post-thumbnail","hentry","category-brasil","category-noticias"],"yoast_head":"<!-- This site is optimized with the Yoast SEO plugin v28.3 - https:\/\/yoast.com\/product\/yoast-seo-wordpress\/ -->\n<title>Daniel Vorcaro, dono do Banco Master, \u00e9 preso pela Pol\u00edcia Federal - Ello TV<\/title>\n<meta name=\"description\" content=\"Empres\u00e1rio Daniel Vorcaro, do Banco Master, \u00e9 preso pela Pol\u00edcia Federal em opera\u00e7\u00e3o que investiga fraudes bilion\u00e1rias e crimes financeiros.\" \/>\n<meta name=\"robots\" content=\"index, follow, max-snippet:-1, max-image-preview:large, max-video-preview:-1\" \/>\n<link rel=\"canonical\" href=\"https:\/\/ellotv.com.br\/site\/2026\/03\/04\/daniel-vorcaro-dono-do-banco-master-e-preso-pela-policia-federal\/\" \/>\n<meta property=\"og:locale\" content=\"pt_BR\" \/>\n<meta property=\"og:type\" content=\"article\" \/>\n<meta property=\"og:title\" content=\"Daniel Vorcaro, dono do Banco Master, \u00e9 preso pela Pol\u00edcia Federal - Ello TV\" \/>\n<meta property=\"og:description\" content=\"Empres\u00e1rio Daniel Vorcaro, do Banco Master, \u00e9 preso pela Pol\u00edcia Federal em opera\u00e7\u00e3o que investiga fraudes bilion\u00e1rias e crimes financeiros.\" \/>\n<meta property=\"og:url\" content=\"https:\/\/ellotv.com.br\/site\/2026\/03\/04\/daniel-vorcaro-dono-do-banco-master-e-preso-pela-policia-federal\/\" \/>\n<meta property=\"og:site_name\" content=\"Ello TV\" \/>\n<meta property=\"article:published_time\" content=\"2026-03-04T11:33:10+00:00\" \/>\n<meta property=\"og:image\" content=\"https:\/\/ellotv.com.br\/site\/wp-content\/uploads\/2026\/03\/WhatsApp-Image-2026-03-04-at-08.24.54.jpeg\" \/>\n\t<meta property=\"og:image:width\" content=\"888\" \/>\n\t<meta property=\"og:image:height\" content=\"926\" \/>\n\t<meta property=\"og:image:type\" content=\"image\/jpeg\" \/>\n<meta name=\"author\" content=\"ELLO TV\" \/>\n<meta name=\"twitter:card\" content=\"summary_large_image\" \/>\n<meta name=\"twitter:label1\" content=\"Escrito por\" \/>\n\t<meta name=\"twitter:data1\" content=\"ELLO TV\" \/>\n\t<meta name=\"twitter:label2\" content=\"Est. tempo de leitura\" \/>\n\t<meta name=\"twitter:data2\" content=\"2 minutos\" \/>\n<script type=\"application\/ld+json\" class=\"yoast-schema-graph\">{\"@context\":\"https:\\\/\\\/schema.org\",\"@graph\":[{\"@type\":\"Article\",\"@id\":\"https:\\\/\\\/ellotv.com.br\\\/site\\\/2026\\\/03\\\/04\\\/daniel-vorcaro-dono-do-banco-master-e-preso-pela-policia-federal\\\/#article\",\"isPartOf\":{\"@id\":\"https:\\\/\\\/ellotv.com.br\\\/site\\\/2026\\\/03\\\/04\\\/daniel-vorcaro-dono-do-banco-master-e-preso-pela-policia-federal\\\/\"},\"author\":{\"name\":\"ELLO TV\",\"@id\":\"https:\\\/\\\/ellotv.com.br\\\/site\\\/#\\\/schema\\\/person\\\/2dbe3abaee38dcc7332fc8205cd2b15d\"},\"headline\":\"Daniel Vorcaro, dono do Banco Master, \u00e9 preso pela Pol\u00edcia Federal\",\"datePublished\":\"2026-03-04T11:33:10+00:00\",\"mainEntityOfPage\":{\"@id\":\"https:\\\/\\\/ellotv.com.br\\\/site\\\/2026\\\/03\\\/04\\\/daniel-vorcaro-dono-do-banco-master-e-preso-pela-policia-federal\\\/\"},\"wordCount\":322,\"commentCount\":0,\"publisher\":{\"@id\":\"https:\\\/\\\/ellotv.com.br\\\/site\\\/#organization\"},\"image\":{\"@id\":\"https:\\\/\\\/ellotv.com.br\\\/site\\\/2026\\\/03\\\/04\\\/daniel-vorcaro-dono-do-banco-master-e-preso-pela-policia-federal\\\/#primaryimage\"},\"thumbnailUrl\":\"https:\\\/\\\/ellotv.com.br\\\/site\\\/wp-content\\\/uploads\\\/2026\\\/03\\\/WhatsApp-Image-2026-03-04-at-08.24.54.jpeg\",\"articleSection\":[\"Brasil\",\"Noticias\"],\"inLanguage\":\"pt-BR\",\"potentialAction\":[{\"@type\":\"CommentAction\",\"name\":\"Comment\",\"target\":[\"https:\\\/\\\/ellotv.com.br\\\/site\\\/2026\\\/03\\\/04\\\/daniel-vorcaro-dono-do-banco-master-e-preso-pela-policia-federal\\\/#respond\"]}]},{\"@type\":\"WebPage\",\"@id\":\"https:\\\/\\\/ellotv.com.br\\\/site\\\/2026\\\/03\\\/04\\\/daniel-vorcaro-dono-do-banco-master-e-preso-pela-policia-federal\\\/\",\"url\":\"https:\\\/\\\/ellotv.com.br\\\/site\\\/2026\\\/03\\\/04\\\/daniel-vorcaro-dono-do-banco-master-e-preso-pela-policia-federal\\\/\",\"name\":\"Daniel Vorcaro, dono do Banco Master, \u00e9 preso pela Pol\u00edcia Federal - Ello TV\",\"isPartOf\":{\"@id\":\"https:\\\/\\\/ellotv.com.br\\\/site\\\/#website\"},\"primaryImageOfPage\":{\"@id\":\"https:\\\/\\\/ellotv.com.br\\\/site\\\/2026\\\/03\\\/04\\\/daniel-vorcaro-dono-do-banco-master-e-preso-pela-policia-federal\\\/#primaryimage\"},\"image\":{\"@id\":\"https:\\\/\\\/ellotv.com.br\\\/site\\\/2026\\\/03\\\/04\\\/daniel-vorcaro-dono-do-banco-master-e-preso-pela-policia-federal\\\/#primaryimage\"},\"thumbnailUrl\":\"https:\\\/\\\/ellotv.com.br\\\/site\\\/wp-content\\\/uploads\\\/2026\\\/03\\\/WhatsApp-Image-2026-03-04-at-08.24.54.jpeg\",\"datePublished\":\"2026-03-04T11:33:10+00:00\",\"description\":\"Empres\u00e1rio Daniel Vorcaro, do Banco Master, \u00e9 preso pela Pol\u00edcia Federal em opera\u00e7\u00e3o que investiga fraudes bilion\u00e1rias e crimes financeiros.\",\"breadcrumb\":{\"@id\":\"https:\\\/\\\/ellotv.com.br\\\/site\\\/2026\\\/03\\\/04\\\/daniel-vorcaro-dono-do-banco-master-e-preso-pela-policia-federal\\\/#breadcrumb\"},\"inLanguage\":\"pt-BR\",\"potentialAction\":[{\"@type\":\"ReadAction\",\"target\":[\"https:\\\/\\\/ellotv.com.br\\\/site\\\/2026\\\/03\\\/04\\\/daniel-vorcaro-dono-do-banco-master-e-preso-pela-policia-federal\\\/\"]}]},{\"@type\":\"ImageObject\",\"inLanguage\":\"pt-BR\",\"@id\":\"https:\\\/\\\/ellotv.com.br\\\/site\\\/2026\\\/03\\\/04\\\/daniel-vorcaro-dono-do-banco-master-e-preso-pela-policia-federal\\\/#primaryimage\",\"url\":\"https:\\\/\\\/ellotv.com.br\\\/site\\\/wp-content\\\/uploads\\\/2026\\\/03\\\/WhatsApp-Image-2026-03-04-at-08.24.54.jpeg\",\"contentUrl\":\"https:\\\/\\\/ellotv.com.br\\\/site\\\/wp-content\\\/uploads\\\/2026\\\/03\\\/WhatsApp-Image-2026-03-04-at-08.24.54.jpeg\",\"width\":888,\"height\":926},{\"@type\":\"BreadcrumbList\",\"@id\":\"https:\\\/\\\/ellotv.com.br\\\/site\\\/2026\\\/03\\\/04\\\/daniel-vorcaro-dono-do-banco-master-e-preso-pela-policia-federal\\\/#breadcrumb\",\"itemListElement\":[{\"@type\":\"ListItem\",\"position\":1,\"name\":\"In\u00edcio\",\"item\":\"https:\\\/\\\/ellotv.com.br\\\/site\\\/\"},{\"@type\":\"ListItem\",\"position\":2,\"name\":\"Daniel Vorcaro, dono do Banco Master, \u00e9 preso pela Pol\u00edcia Federal\"}]},{\"@type\":\"WebSite\",\"@id\":\"https:\\\/\\\/ellotv.com.br\\\/site\\\/#website\",\"url\":\"https:\\\/\\\/ellotv.com.br\\\/site\\\/\",\"name\":\"ELLO TV\",\"description\":\"\",\"publisher\":{\"@id\":\"https:\\\/\\\/ellotv.com.br\\\/site\\\/#organization\"},\"potentialAction\":[{\"@type\":\"SearchAction\",\"target\":{\"@type\":\"EntryPoint\",\"urlTemplate\":\"https:\\\/\\\/ellotv.com.br\\\/site\\\/?s={search_term_string}\"},\"query-input\":{\"@type\":\"PropertyValueSpecification\",\"valueRequired\":true,\"valueName\":\"search_term_string\"}}],\"inLanguage\":\"pt-BR\"},{\"@type\":\"Organization\",\"@id\":\"https:\\\/\\\/ellotv.com.br\\\/site\\\/#organization\",\"name\":\"ELLO TV\",\"url\":\"https:\\\/\\\/ellotv.com.br\\\/site\\\/\",\"logo\":{\"@type\":\"ImageObject\",\"inLanguage\":\"pt-BR\",\"@id\":\"https:\\\/\\\/ellotv.com.br\\\/site\\\/#\\\/schema\\\/logo\\\/image\\\/\",\"url\":\"https:\\\/\\\/ellotv.com.br\\\/site\\\/wp-content\\\/uploads\\\/2025\\\/11\\\/ello-logo-2.fw_.png\",\"contentUrl\":\"https:\\\/\\\/ellotv.com.br\\\/site\\\/wp-content\\\/uploads\\\/2025\\\/11\\\/ello-logo-2.fw_.png\",\"width\":400,\"height\":146,\"caption\":\"ELLO TV\"},\"image\":{\"@id\":\"https:\\\/\\\/ellotv.com.br\\\/site\\\/#\\\/schema\\\/logo\\\/image\\\/\"}},{\"@type\":\"Person\",\"@id\":\"https:\\\/\\\/ellotv.com.br\\\/site\\\/#\\\/schema\\\/person\\\/2dbe3abaee38dcc7332fc8205cd2b15d\",\"name\":\"ELLO TV\",\"image\":{\"@type\":\"ImageObject\",\"inLanguage\":\"pt-BR\",\"@id\":\"https:\\\/\\\/secure.gravatar.com\\\/avatar\\\/c38242b9da8ec217ac3f0aaee31a54f7d7befb11b2b47fdbc8fb0fad60afa1c6?s=96&d=mm&r=g\",\"url\":\"https:\\\/\\\/secure.gravatar.com\\\/avatar\\\/c38242b9da8ec217ac3f0aaee31a54f7d7befb11b2b47fdbc8fb0fad60afa1c6?s=96&d=mm&r=g\",\"contentUrl\":\"https:\\\/\\\/secure.gravatar.com\\\/avatar\\\/c38242b9da8ec217ac3f0aaee31a54f7d7befb11b2b47fdbc8fb0fad60afa1c6?s=96&d=mm&r=g\",\"caption\":\"ELLO TV\"},\"url\":\"https:\\\/\\\/ellotv.com.br\\\/site\\\/author\\\/elloagencia\\\/\"}]}<\/script>\n<!-- \/ Yoast SEO plugin. -->","yoast_head_json":{"title":"Daniel Vorcaro, dono do Banco Master, \u00e9 preso pela Pol\u00edcia Federal - Ello TV","description":"Empres\u00e1rio Daniel Vorcaro, do Banco Master, \u00e9 preso pela Pol\u00edcia Federal em opera\u00e7\u00e3o que investiga fraudes bilion\u00e1rias e crimes financeiros.","robots":{"index":"index","follow":"follow","max-snippet":"max-snippet:-1","max-image-preview":"max-image-preview:large","max-video-preview":"max-video-preview:-1"},"canonical":"https:\/\/ellotv.com.br\/site\/2026\/03\/04\/daniel-vorcaro-dono-do-banco-master-e-preso-pela-policia-federal\/","og_locale":"pt_BR","og_type":"article","og_title":"Daniel Vorcaro, dono do Banco Master, \u00e9 preso pela Pol\u00edcia Federal - Ello TV","og_description":"Empres\u00e1rio Daniel Vorcaro, do Banco Master, \u00e9 preso pela Pol\u00edcia Federal em opera\u00e7\u00e3o que investiga fraudes bilion\u00e1rias e crimes financeiros.","og_url":"https:\/\/ellotv.com.br\/site\/2026\/03\/04\/daniel-vorcaro-dono-do-banco-master-e-preso-pela-policia-federal\/","og_site_name":"Ello TV","article_published_time":"2026-03-04T11:33:10+00:00","og_image":[{"width":888,"height":926,"url":"https:\/\/ellotv.com.br\/site\/wp-content\/uploads\/2026\/03\/WhatsApp-Image-2026-03-04-at-08.24.54.jpeg","type":"image\/jpeg"}],"author":"ELLO TV","twitter_card":"summary_large_image","twitter_misc":{"Escrito por":"ELLO TV","Est. tempo de leitura":"2 minutos"},"schema":{"@context":"https:\/\/schema.org","@graph":[{"@type":"Article","@id":"https:\/\/ellotv.com.br\/site\/2026\/03\/04\/daniel-vorcaro-dono-do-banco-master-e-preso-pela-policia-federal\/#article","isPartOf":{"@id":"https:\/\/ellotv.com.br\/site\/2026\/03\/04\/daniel-vorcaro-dono-do-banco-master-e-preso-pela-policia-federal\/"},"author":{"name":"ELLO TV","@id":"https:\/\/ellotv.com.br\/site\/#\/schema\/person\/2dbe3abaee38dcc7332fc8205cd2b15d"},"headline":"Daniel Vorcaro, dono do Banco Master, \u00e9 preso pela Pol\u00edcia Federal","datePublished":"2026-03-04T11:33:10+00:00","mainEntityOfPage":{"@id":"https:\/\/ellotv.com.br\/site\/2026\/03\/04\/daniel-vorcaro-dono-do-banco-master-e-preso-pela-policia-federal\/"},"wordCount":322,"commentCount":0,"publisher":{"@id":"https:\/\/ellotv.com.br\/site\/#organization"},"image":{"@id":"https:\/\/ellotv.com.br\/site\/2026\/03\/04\/daniel-vorcaro-dono-do-banco-master-e-preso-pela-policia-federal\/#primaryimage"},"thumbnailUrl":"https:\/\/ellotv.com.br\/site\/wp-content\/uploads\/2026\/03\/WhatsApp-Image-2026-03-04-at-08.24.54.jpeg","articleSection":["Brasil","Noticias"],"inLanguage":"pt-BR","potentialAction":[{"@type":"CommentAction","name":"Comment","target":["https:\/\/ellotv.com.br\/site\/2026\/03\/04\/daniel-vorcaro-dono-do-banco-master-e-preso-pela-policia-federal\/#respond"]}]},{"@type":"WebPage","@id":"https:\/\/ellotv.com.br\/site\/2026\/03\/04\/daniel-vorcaro-dono-do-banco-master-e-preso-pela-policia-federal\/","url":"https:\/\/ellotv.com.br\/site\/2026\/03\/04\/daniel-vorcaro-dono-do-banco-master-e-preso-pela-policia-federal\/","name":"Daniel Vorcaro, dono do Banco Master, \u00e9 preso pela Pol\u00edcia Federal - Ello TV","isPartOf":{"@id":"https:\/\/ellotv.com.br\/site\/#website"},"primaryImageOfPage":{"@id":"https:\/\/ellotv.com.br\/site\/2026\/03\/04\/daniel-vorcaro-dono-do-banco-master-e-preso-pela-policia-federal\/#primaryimage"},"image":{"@id":"https:\/\/ellotv.com.br\/site\/2026\/03\/04\/daniel-vorcaro-dono-do-banco-master-e-preso-pela-policia-federal\/#primaryimage"},"thumbnailUrl":"https:\/\/ellotv.com.br\/site\/wp-content\/uploads\/2026\/03\/WhatsApp-Image-2026-03-04-at-08.24.54.jpeg","datePublished":"2026-03-04T11:33:10+00:00","description":"Empres\u00e1rio Daniel Vorcaro, do Banco Master, \u00e9 preso pela Pol\u00edcia Federal em opera\u00e7\u00e3o que investiga fraudes bilion\u00e1rias e crimes financeiros.","breadcrumb":{"@id":"https:\/\/ellotv.com.br\/site\/2026\/03\/04\/daniel-vorcaro-dono-do-banco-master-e-preso-pela-policia-federal\/#breadcrumb"},"inLanguage":"pt-BR","potentialAction":[{"@type":"ReadAction","target":["https:\/\/ellotv.com.br\/site\/2026\/03\/04\/daniel-vorcaro-dono-do-banco-master-e-preso-pela-policia-federal\/"]}]},{"@type":"ImageObject","inLanguage":"pt-BR","@id":"https:\/\/ellotv.com.br\/site\/2026\/03\/04\/daniel-vorcaro-dono-do-banco-master-e-preso-pela-policia-federal\/#primaryimage","url":"https:\/\/ellotv.com.br\/site\/wp-content\/uploads\/2026\/03\/WhatsApp-Image-2026-03-04-at-08.24.54.jpeg","contentUrl":"https:\/\/ellotv.com.br\/site\/wp-content\/uploads\/2026\/03\/WhatsApp-Image-2026-03-04-at-08.24.54.jpeg","width":888,"height":926},{"@type":"BreadcrumbList","@id":"https:\/\/ellotv.com.br\/site\/2026\/03\/04\/daniel-vorcaro-dono-do-banco-master-e-preso-pela-policia-federal\/#breadcrumb","itemListElement":[{"@type":"ListItem","position":1,"name":"In\u00edcio","item":"https:\/\/ellotv.com.br\/site\/"},{"@type":"ListItem","position":2,"name":"Daniel Vorcaro, dono do Banco Master, \u00e9 preso pela Pol\u00edcia Federal"}]},{"@type":"WebSite","@id":"https:\/\/ellotv.com.br\/site\/#website","url":"https:\/\/ellotv.com.br\/site\/","name":"ELLO TV","description":"","publisher":{"@id":"https:\/\/ellotv.com.br\/site\/#organization"},"potentialAction":[{"@type":"SearchAction","target":{"@type":"EntryPoint","urlTemplate":"https:\/\/ellotv.com.br\/site\/?s={search_term_string}"},"query-input":{"@type":"PropertyValueSpecification","valueRequired":true,"valueName":"search_term_string"}}],"inLanguage":"pt-BR"},{"@type":"Organization","@id":"https:\/\/ellotv.com.br\/site\/#organization","name":"ELLO TV","url":"https:\/\/ellotv.com.br\/site\/","logo":{"@type":"ImageObject","inLanguage":"pt-BR","@id":"https:\/\/ellotv.com.br\/site\/#\/schema\/logo\/image\/","url":"https:\/\/ellotv.com.br\/site\/wp-content\/uploads\/2025\/11\/ello-logo-2.fw_.png","contentUrl":"https:\/\/ellotv.com.br\/site\/wp-content\/uploads\/2025\/11\/ello-logo-2.fw_.png","width":400,"height":146,"caption":"ELLO TV"},"image":{"@id":"https:\/\/ellotv.com.br\/site\/#\/schema\/logo\/image\/"}},{"@type":"Person","@id":"https:\/\/ellotv.com.br\/site\/#\/schema\/person\/2dbe3abaee38dcc7332fc8205cd2b15d","name":"ELLO TV","image":{"@type":"ImageObject","inLanguage":"pt-BR","@id":"https:\/\/secure.gravatar.com\/avatar\/c38242b9da8ec217ac3f0aaee31a54f7d7befb11b2b47fdbc8fb0fad60afa1c6?s=96&d=mm&r=g","url":"https:\/\/secure.gravatar.com\/avatar\/c38242b9da8ec217ac3f0aaee31a54f7d7befb11b2b47fdbc8fb0fad60afa1c6?s=96&d=mm&r=g","contentUrl":"https:\/\/secure.gravatar.com\/avatar\/c38242b9da8ec217ac3f0aaee31a54f7d7befb11b2b47fdbc8fb0fad60afa1c6?s=96&d=mm&r=g","caption":"ELLO TV"},"url":"https:\/\/ellotv.com.br\/site\/author\/elloagencia\/"}]}},"featured_image_urls":{"full":["https:\/\/ellotv.com.br\/site\/wp-content\/uploads\/2026\/03\/WhatsApp-Image-2026-03-04-at-08.24.54.jpeg",888,926,false],"thumbnail":["https:\/\/ellotv.com.br\/site\/wp-content\/uploads\/2026\/03\/WhatsApp-Image-2026-03-04-at-08.24.54-150x150.jpeg",150,150,true],"medium":["https:\/\/ellotv.com.br\/site\/wp-content\/uploads\/2026\/03\/WhatsApp-Image-2026-03-04-at-08.24.54-288x300.jpeg",288,300,true],"medium_large":["https:\/\/ellotv.com.br\/site\/wp-content\/uploads\/2026\/03\/WhatsApp-Image-2026-03-04-at-08.24.54-768x801.jpeg",640,668,true],"large":["https:\/\/ellotv.com.br\/site\/wp-content\/uploads\/2026\/03\/WhatsApp-Image-2026-03-04-at-08.24.54.jpeg",640,667,false],"1536x1536":["https:\/\/ellotv.com.br\/site\/wp-content\/uploads\/2026\/03\/WhatsApp-Image-2026-03-04-at-08.24.54.jpeg",888,926,false],"2048x2048":["https:\/\/ellotv.com.br\/site\/wp-content\/uploads\/2026\/03\/WhatsApp-Image-2026-03-04-at-08.24.54.jpeg",888,926,false],"darknews-slider-full":["https:\/\/ellotv.com.br\/site\/wp-content\/uploads\/2026\/03\/WhatsApp-Image-2026-03-04-at-08.24.54-888x720.jpeg",888,720,true],"darknews-featured":["https:\/\/ellotv.com.br\/site\/wp-content\/uploads\/2026\/03\/WhatsApp-Image-2026-03-04-at-08.24.54.jpeg",888,926,false],"darknews-medium":["https:\/\/ellotv.com.br\/site\/wp-content\/uploads\/2026\/03\/WhatsApp-Image-2026-03-04-at-08.24.54-720x530.jpeg",720,530,true],"darknews-medium-square":["https:\/\/ellotv.com.br\/site\/wp-content\/uploads\/2026\/03\/WhatsApp-Image-2026-03-04-at-08.24.54-350x350.jpeg",350,350,true]},"author_info":{"info":["ELLO TV"]},"category_info":"<a href=\"https:\/\/ellotv.com.br\/site\/category\/brasil\/\" rel=\"category tag\">Brasil<\/a> <a href=\"https:\/\/ellotv.com.br\/site\/category\/noticias\/\" rel=\"category tag\">Noticias<\/a>","tag_info":"Noticias","comment_count":"0","_links":{"self":[{"href":"https:\/\/ellotv.com.br\/site\/wp-json\/wp\/v2\/posts\/5106","targetHints":{"allow":["GET"]}}],"collection":[{"href":"https:\/\/ellotv.com.br\/site\/wp-json\/wp\/v2\/posts"}],"about":[{"href":"https:\/\/ellotv.com.br\/site\/wp-json\/wp\/v2\/types\/post"}],"author":[{"embeddable":true,"href":"https:\/\/ellotv.com.br\/site\/wp-json\/wp\/v2\/users\/2"}],"replies":[{"embeddable":true,"href":"https:\/\/ellotv.com.br\/site\/wp-json\/wp\/v2\/comments?post=5106"}],"version-history":[{"count":1,"href":"https:\/\/ellotv.com.br\/site\/wp-json\/wp\/v2\/posts\/5106\/revisions"}],"predecessor-version":[{"id":5108,"href":"https:\/\/ellotv.com.br\/site\/wp-json\/wp\/v2\/posts\/5106\/revisions\/5108"}],"wp:featuredmedia":[{"embeddable":true,"href":"https:\/\/ellotv.com.br\/site\/wp-json\/wp\/v2\/media\/5107"}],"wp:attachment":[{"href":"https:\/\/ellotv.com.br\/site\/wp-json\/wp\/v2\/media?parent=5106"}],"wp:term":[{"taxonomy":"category","embeddable":true,"href":"https:\/\/ellotv.com.br\/site\/wp-json\/wp\/v2\/categories?post=5106"},{"taxonomy":"post_tag","embeddable":true,"href":"https:\/\/ellotv.com.br\/site\/wp-json\/wp\/v2\/tags?post=5106"}],"curies":[{"name":"wp","href":"https:\/\/api.w.org\/{rel}","templated":true}]}}