{"id":5109,"date":"2026-03-04T15:27:54","date_gmt":"2026-03-04T18:27:54","guid":{"rendered":"https:\/\/ellotv.com.br\/site\/?p=5109"},"modified":"2026-03-04T15:27:54","modified_gmt":"2026-03-04T18:27:54","slug":"vitoria-da-transparencia-tce-pe-recomenda-aprovacao-das-contas-do-ex-prefeito-marconi-santana","status":"publish","type":"post","link":"https:\/\/ellotv.com.br\/site\/2026\/03\/04\/vitoria-da-transparencia-tce-pe-recomenda-aprovacao-das-contas-do-ex-prefeito-marconi-santana\/","title":{"rendered":"Vit\u00f3ria da Transpar\u00eancia: TCE-PE recomenda aprova\u00e7\u00e3o das contas do ex-prefeito Marconi Santana"},"content":{"rendered":"<p data-start=\"65\" data-end=\"340\">A Primeira C\u00e2mara do <span class=\"hover:entity-accent entity-underline inline cursor-pointer align-baseline\"><span class=\"whitespace-normal\">Tribunal de Contas do Estado de Pernambuco<\/span><\/span> (TCE-PE) emitiu parecer favor\u00e1vel \u00e0 aprova\u00e7\u00e3o das contas do ex-prefeito Marconi Santana, referentes ao exerc\u00edcio de 2024. A decis\u00e3o foi tomada por unanimidade durante sess\u00e3o ordin\u00e1ria realizada nesta ter\u00e7a-feira (3).<\/p>\n<p data-start=\"342\" data-end=\"641\">O julgamento teve como relator o conselheiro <span class=\"hover:entity-accent entity-underline inline cursor-pointer align-baseline\"><span class=\"whitespace-normal\">Dirceu Rodolfo de Melo J\u00fanior<\/span><\/span>, que acompanhou o parecer t\u00e9cnico pela regularidade das contas. O resultado refor\u00e7a a condu\u00e7\u00e3o administrativa baseada no cumprimento das normas fiscais e na correta aplica\u00e7\u00e3o dos recursos p\u00fablicos ao longo da gest\u00e3o.<\/p>\n<p data-start=\"643\" data-end=\"888\">A defesa do ex-gestor foi realizada pelos advogados <span class=\"hover:entity-accent entity-underline inline cursor-pointer align-baseline\"><span class=\"whitespace-normal\">Luis Alberto Gallindo Martins<\/span><\/span> e <span class=\"hover:entity-accent entity-underline inline cursor-pointer align-baseline\"><span class=\"whitespace-normal\">Mariane Santos Maciel de Oliveira<\/span><\/span>, que apresentaram esclarecimentos t\u00e9cnicos durante o processo, contribuindo para a decis\u00e3o favor\u00e1vel sem ressalvas.<\/p>\n<p data-start=\"890\" data-end=\"1108\">Com o parecer positivo do TCE-PE, o processo segue agora para an\u00e1lise da C\u00e2mara Municipal, respons\u00e1vel pelo julgamento final das contas. A expectativa \u00e9 de que o Legislativo acompanhe o entendimento da Corte de Contas.<\/p>\n<p data-start=\"1110\" data-end=\"1330\">A decis\u00e3o consolida a avalia\u00e7\u00e3o de que a gest\u00e3o de Marconi Santana, em seu \u00faltimo ano de mandato, manteve equil\u00edbrio fiscal, transpar\u00eancia e responsabilidade na administra\u00e7\u00e3o dos recursos p\u00fablicos no munic\u00edpio de Flores.<\/p>\n<p data-start=\"1110\" data-end=\"1330\"><img fetchpriority=\"high\" decoding=\"async\" class=\"alignnone size-medium wp-image-5112\" src=\"https:\/\/ellotv.com.br\/site\/wp-content\/uploads\/2026\/03\/WhatsApp-Image-2026-03-04-at-13.52.13-225x300.jpeg\" alt=\"\" width=\"225\" height=\"300\" srcset=\"https:\/\/ellotv.com.br\/site\/wp-content\/uploads\/2026\/03\/WhatsApp-Image-2026-03-04-at-13.52.13-225x300.jpeg 225w, https:\/\/ellotv.com.br\/site\/wp-content\/uploads\/2026\/03\/WhatsApp-Image-2026-03-04-at-13.52.13-768x1024.jpeg 768w, https:\/\/ellotv.com.br\/site\/wp-content\/uploads\/2026\/03\/WhatsApp-Image-2026-03-04-at-13.52.13.jpeg 960w\" sizes=\"(max-width: 225px) 100vw, 225px\" \/> <img decoding=\"async\" class=\"alignnone size-medium wp-image-5113\" src=\"https:\/\/ellotv.com.br\/site\/wp-content\/uploads\/2026\/03\/WhatsApp-Image-2026-03-04-at-13.52.14-1-225x300.jpeg\" alt=\"\" width=\"225\" height=\"300\" srcset=\"https:\/\/ellotv.com.br\/site\/wp-content\/uploads\/2026\/03\/WhatsApp-Image-2026-03-04-at-13.52.14-1-225x300.jpeg 225w, https:\/\/ellotv.com.br\/site\/wp-content\/uploads\/2026\/03\/WhatsApp-Image-2026-03-04-at-13.52.14-1-768x1024.jpeg 768w, https:\/\/ellotv.com.br\/site\/wp-content\/uploads\/2026\/03\/WhatsApp-Image-2026-03-04-at-13.52.14-1.jpeg 960w\" sizes=\"(max-width: 225px) 100vw, 225px\" \/> <img decoding=\"async\" class=\"alignnone size-medium wp-image-5114\" src=\"https:\/\/ellotv.com.br\/site\/wp-content\/uploads\/2026\/03\/WhatsApp-Image-2026-03-04-at-13.52.14-2-225x300.jpeg\" alt=\"\" width=\"225\" height=\"300\" srcset=\"https:\/\/ellotv.com.br\/site\/wp-content\/uploads\/2026\/03\/WhatsApp-Image-2026-03-04-at-13.52.14-2-225x300.jpeg 225w, https:\/\/ellotv.com.br\/site\/wp-content\/uploads\/2026\/03\/WhatsApp-Image-2026-03-04-at-13.52.14-2-768x1024.jpeg 768w, https:\/\/ellotv.com.br\/site\/wp-content\/uploads\/2026\/03\/WhatsApp-Image-2026-03-04-at-13.52.14-2.jpeg 960w\" sizes=\"(max-width: 225px) 100vw, 225px\" \/> <img loading=\"lazy\" decoding=\"async\" class=\"alignnone size-medium wp-image-5115\" src=\"https:\/\/ellotv.com.br\/site\/wp-content\/uploads\/2026\/03\/WhatsApp-Image-2026-03-04-at-13.52.14-225x300.jpeg\" alt=\"\" width=\"225\" height=\"300\" srcset=\"https:\/\/ellotv.com.br\/site\/wp-content\/uploads\/2026\/03\/WhatsApp-Image-2026-03-04-at-13.52.14-225x300.jpeg 225w, https:\/\/ellotv.com.br\/site\/wp-content\/uploads\/2026\/03\/WhatsApp-Image-2026-03-04-at-13.52.14-768x1024.jpeg 768w, https:\/\/ellotv.com.br\/site\/wp-content\/uploads\/2026\/03\/WhatsApp-Image-2026-03-04-at-13.52.14-1152x1536.jpeg 1152w, https:\/\/ellotv.com.br\/site\/wp-content\/uploads\/2026\/03\/WhatsApp-Image-2026-03-04-at-13.52.14-1536x2048.jpeg 1536w, https:\/\/ellotv.com.br\/site\/wp-content\/uploads\/2026\/03\/WhatsApp-Image-2026-03-04-at-13.52.14-1024x1365.jpeg 1024w, https:\/\/ellotv.com.br\/site\/wp-content\/uploads\/2026\/03\/WhatsApp-Image-2026-03-04-at-13.52.14-scaled.jpeg 1920w\" sizes=\"(max-width: 225px) 100vw, 225px\" \/> <img loading=\"lazy\" decoding=\"async\" class=\"alignnone size-medium wp-image-5116\" src=\"https:\/\/ellotv.com.br\/site\/wp-content\/uploads\/2026\/03\/WhatsApp-Image-2026-03-04-at-13.52.15-225x300.jpeg\" alt=\"\" width=\"225\" height=\"300\" srcset=\"https:\/\/ellotv.com.br\/site\/wp-content\/uploads\/2026\/03\/WhatsApp-Image-2026-03-04-at-13.52.15-225x300.jpeg 225w, https:\/\/ellotv.com.br\/site\/wp-content\/uploads\/2026\/03\/WhatsApp-Image-2026-03-04-at-13.52.15-768x1024.jpeg 768w, https:\/\/ellotv.com.br\/site\/wp-content\/uploads\/2026\/03\/WhatsApp-Image-2026-03-04-at-13.52.15-1152x1536.jpeg 1152w, https:\/\/ellotv.com.br\/site\/wp-content\/uploads\/2026\/03\/WhatsApp-Image-2026-03-04-at-13.52.15-1536x2048.jpeg 1536w, https:\/\/ellotv.com.br\/site\/wp-content\/uploads\/2026\/03\/WhatsApp-Image-2026-03-04-at-13.52.15-1024x1365.jpeg 1024w, https:\/\/ellotv.com.br\/site\/wp-content\/uploads\/2026\/03\/WhatsApp-Image-2026-03-04-at-13.52.15-scaled.jpeg 1920w\" sizes=\"(max-width: 225px) 100vw, 225px\" \/><\/p>\n","protected":false},"excerpt":{"rendered":"<p>A Primeira C\u00e2mara do Tribunal de Contas do Estado de Pernambuco (TCE-PE) emitiu parecer favor\u00e1vel \u00e0 aprova\u00e7\u00e3o das<\/p>\n","protected":false},"author":2,"featured_media":5111,"comment_status":"open","ping_status":"open","sticky":false,"template":"","format":"standard","meta":{"footnotes":""},"categories":[12,9],"tags":[],"class_list":["post-5109","post","type-post","status-publish","format-standard","has-post-thumbnail","hentry","category-noticias","category-regional"],"yoast_head":"<!-- This site is optimized with the Yoast SEO plugin v28.3 - https:\/\/yoast.com\/product\/yoast-seo-wordpress\/ -->\n<title>Vit\u00f3ria da Transpar\u00eancia: TCE-PE recomenda aprova\u00e7\u00e3o das contas do ex-prefeito Marconi Santana - Ello TV<\/title>\n<meta name=\"description\" content=\"TCE-PE aprova por unanimidade as contas de 2024 do ex-prefeito Marconi Santana, destacando gest\u00e3o fiscal respons\u00e1vel e aplica\u00e7\u00e3o correta dos recursos.\" \/>\n<meta name=\"robots\" content=\"index, follow, max-snippet:-1, max-image-preview:large, max-video-preview:-1\" \/>\n<link rel=\"canonical\" href=\"https:\/\/ellotv.com.br\/site\/2026\/03\/04\/vitoria-da-transparencia-tce-pe-recomenda-aprovacao-das-contas-do-ex-prefeito-marconi-santana\/\" \/>\n<meta property=\"og:locale\" content=\"pt_BR\" \/>\n<meta property=\"og:type\" content=\"article\" \/>\n<meta property=\"og:title\" content=\"Vit\u00f3ria da Transpar\u00eancia: TCE-PE recomenda aprova\u00e7\u00e3o das contas do ex-prefeito Marconi Santana - Ello TV\" \/>\n<meta property=\"og:description\" content=\"TCE-PE aprova por unanimidade as contas de 2024 do ex-prefeito Marconi Santana, destacando gest\u00e3o fiscal respons\u00e1vel e aplica\u00e7\u00e3o correta dos recursos.\" \/>\n<meta property=\"og:url\" content=\"https:\/\/ellotv.com.br\/site\/2026\/03\/04\/vitoria-da-transparencia-tce-pe-recomenda-aprovacao-das-contas-do-ex-prefeito-marconi-santana\/\" \/>\n<meta property=\"og:site_name\" content=\"Ello TV\" \/>\n<meta property=\"article:published_time\" content=\"2026-03-04T18:27:54+00:00\" \/>\n<meta property=\"og:image\" content=\"https:\/\/ellotv.com.br\/site\/wp-content\/uploads\/2026\/03\/WhatsApp-Image-2026-03-04-at-13.52.15-1-1.jpeg\" \/>\n\t<meta property=\"og:image:width\" content=\"1200\" \/>\n\t<meta property=\"og:image:height\" content=\"1325\" \/>\n\t<meta property=\"og:image:type\" content=\"image\/jpeg\" \/>\n<meta name=\"author\" content=\"ELLO TV\" \/>\n<meta name=\"twitter:card\" content=\"summary_large_image\" \/>\n<meta name=\"twitter:label1\" content=\"Escrito por\" \/>\n\t<meta name=\"twitter:data1\" content=\"ELLO TV\" \/>\n\t<meta name=\"twitter:label2\" content=\"Est. tempo de leitura\" \/>\n\t<meta name=\"twitter:data2\" content=\"1 minuto\" \/>\n<script type=\"application\/ld+json\" class=\"yoast-schema-graph\">{\"@context\":\"https:\\\/\\\/schema.org\",\"@graph\":[{\"@type\":\"Article\",\"@id\":\"https:\\\/\\\/ellotv.com.br\\\/site\\\/2026\\\/03\\\/04\\\/vitoria-da-transparencia-tce-pe-recomenda-aprovacao-das-contas-do-ex-prefeito-marconi-santana\\\/#article\",\"isPartOf\":{\"@id\":\"https:\\\/\\\/ellotv.com.br\\\/site\\\/2026\\\/03\\\/04\\\/vitoria-da-transparencia-tce-pe-recomenda-aprovacao-das-contas-do-ex-prefeito-marconi-santana\\\/\"},\"author\":{\"name\":\"ELLO TV\",\"@id\":\"https:\\\/\\\/ellotv.com.br\\\/site\\\/#\\\/schema\\\/person\\\/2dbe3abaee38dcc7332fc8205cd2b15d\"},\"headline\":\"Vit\u00f3ria da Transpar\u00eancia: TCE-PE recomenda aprova\u00e7\u00e3o das contas do ex-prefeito Marconi Santana\",\"datePublished\":\"2026-03-04T18:27:54+00:00\",\"mainEntityOfPage\":{\"@id\":\"https:\\\/\\\/ellotv.com.br\\\/site\\\/2026\\\/03\\\/04\\\/vitoria-da-transparencia-tce-pe-recomenda-aprovacao-das-contas-do-ex-prefeito-marconi-santana\\\/\"},\"wordCount\":225,\"commentCount\":0,\"publisher\":{\"@id\":\"https:\\\/\\\/ellotv.com.br\\\/site\\\/#organization\"},\"image\":{\"@id\":\"https:\\\/\\\/ellotv.com.br\\\/site\\\/2026\\\/03\\\/04\\\/vitoria-da-transparencia-tce-pe-recomenda-aprovacao-das-contas-do-ex-prefeito-marconi-santana\\\/#primaryimage\"},\"thumbnailUrl\":\"https:\\\/\\\/ellotv.com.br\\\/site\\\/wp-content\\\/uploads\\\/2026\\\/03\\\/WhatsApp-Image-2026-03-04-at-13.52.15-1-1.jpeg\",\"articleSection\":[\"Noticias\",\"Regional\"],\"inLanguage\":\"pt-BR\",\"potentialAction\":[{\"@type\":\"CommentAction\",\"name\":\"Comment\",\"target\":[\"https:\\\/\\\/ellotv.com.br\\\/site\\\/2026\\\/03\\\/04\\\/vitoria-da-transparencia-tce-pe-recomenda-aprovacao-das-contas-do-ex-prefeito-marconi-santana\\\/#respond\"]}]},{\"@type\":\"WebPage\",\"@id\":\"https:\\\/\\\/ellotv.com.br\\\/site\\\/2026\\\/03\\\/04\\\/vitoria-da-transparencia-tce-pe-recomenda-aprovacao-das-contas-do-ex-prefeito-marconi-santana\\\/\",\"url\":\"https:\\\/\\\/ellotv.com.br\\\/site\\\/2026\\\/03\\\/04\\\/vitoria-da-transparencia-tce-pe-recomenda-aprovacao-das-contas-do-ex-prefeito-marconi-santana\\\/\",\"name\":\"Vit\u00f3ria da Transpar\u00eancia: TCE-PE recomenda aprova\u00e7\u00e3o das contas do ex-prefeito Marconi Santana - Ello TV\",\"isPartOf\":{\"@id\":\"https:\\\/\\\/ellotv.com.br\\\/site\\\/#website\"},\"primaryImageOfPage\":{\"@id\":\"https:\\\/\\\/ellotv.com.br\\\/site\\\/2026\\\/03\\\/04\\\/vitoria-da-transparencia-tce-pe-recomenda-aprovacao-das-contas-do-ex-prefeito-marconi-santana\\\/#primaryimage\"},\"image\":{\"@id\":\"https:\\\/\\\/ellotv.com.br\\\/site\\\/2026\\\/03\\\/04\\\/vitoria-da-transparencia-tce-pe-recomenda-aprovacao-das-contas-do-ex-prefeito-marconi-santana\\\/#primaryimage\"},\"thumbnailUrl\":\"https:\\\/\\\/ellotv.com.br\\\/site\\\/wp-content\\\/uploads\\\/2026\\\/03\\\/WhatsApp-Image-2026-03-04-at-13.52.15-1-1.jpeg\",\"datePublished\":\"2026-03-04T18:27:54+00:00\",\"description\":\"TCE-PE aprova por unanimidade as contas de 2024 do ex-prefeito Marconi Santana, destacando gest\u00e3o fiscal respons\u00e1vel e aplica\u00e7\u00e3o correta dos recursos.\",\"breadcrumb\":{\"@id\":\"https:\\\/\\\/ellotv.com.br\\\/site\\\/2026\\\/03\\\/04\\\/vitoria-da-transparencia-tce-pe-recomenda-aprovacao-das-contas-do-ex-prefeito-marconi-santana\\\/#breadcrumb\"},\"inLanguage\":\"pt-BR\",\"potentialAction\":[{\"@type\":\"ReadAction\",\"target\":[\"https:\\\/\\\/ellotv.com.br\\\/site\\\/2026\\\/03\\\/04\\\/vitoria-da-transparencia-tce-pe-recomenda-aprovacao-das-contas-do-ex-prefeito-marconi-santana\\\/\"]}]},{\"@type\":\"ImageObject\",\"inLanguage\":\"pt-BR\",\"@id\":\"https:\\\/\\\/ellotv.com.br\\\/site\\\/2026\\\/03\\\/04\\\/vitoria-da-transparencia-tce-pe-recomenda-aprovacao-das-contas-do-ex-prefeito-marconi-santana\\\/#primaryimage\",\"url\":\"https:\\\/\\\/ellotv.com.br\\\/site\\\/wp-content\\\/uploads\\\/2026\\\/03\\\/WhatsApp-Image-2026-03-04-at-13.52.15-1-1.jpeg\",\"contentUrl\":\"https:\\\/\\\/ellotv.com.br\\\/site\\\/wp-content\\\/uploads\\\/2026\\\/03\\\/WhatsApp-Image-2026-03-04-at-13.52.15-1-1.jpeg\",\"width\":1200,\"height\":1325},{\"@type\":\"BreadcrumbList\",\"@id\":\"https:\\\/\\\/ellotv.com.br\\\/site\\\/2026\\\/03\\\/04\\\/vitoria-da-transparencia-tce-pe-recomenda-aprovacao-das-contas-do-ex-prefeito-marconi-santana\\\/#breadcrumb\",\"itemListElement\":[{\"@type\":\"ListItem\",\"position\":1,\"name\":\"In\u00edcio\",\"item\":\"https:\\\/\\\/ellotv.com.br\\\/site\\\/\"},{\"@type\":\"ListItem\",\"position\":2,\"name\":\"Vit\u00f3ria da Transpar\u00eancia: TCE-PE recomenda aprova\u00e7\u00e3o das contas do ex-prefeito Marconi Santana\"}]},{\"@type\":\"WebSite\",\"@id\":\"https:\\\/\\\/ellotv.com.br\\\/site\\\/#website\",\"url\":\"https:\\\/\\\/ellotv.com.br\\\/site\\\/\",\"name\":\"ELLO TV\",\"description\":\"\",\"publisher\":{\"@id\":\"https:\\\/\\\/ellotv.com.br\\\/site\\\/#organization\"},\"potentialAction\":[{\"@type\":\"SearchAction\",\"target\":{\"@type\":\"EntryPoint\",\"urlTemplate\":\"https:\\\/\\\/ellotv.com.br\\\/site\\\/?s={search_term_string}\"},\"query-input\":{\"@type\":\"PropertyValueSpecification\",\"valueRequired\":true,\"valueName\":\"search_term_string\"}}],\"inLanguage\":\"pt-BR\"},{\"@type\":\"Organization\",\"@id\":\"https:\\\/\\\/ellotv.com.br\\\/site\\\/#organization\",\"name\":\"ELLO TV\",\"url\":\"https:\\\/\\\/ellotv.com.br\\\/site\\\/\",\"logo\":{\"@type\":\"ImageObject\",\"inLanguage\":\"pt-BR\",\"@id\":\"https:\\\/\\\/ellotv.com.br\\\/site\\\/#\\\/schema\\\/logo\\\/image\\\/\",\"url\":\"https:\\\/\\\/ellotv.com.br\\\/site\\\/wp-content\\\/uploads\\\/2025\\\/11\\\/ello-logo-2.fw_.png\",\"contentUrl\":\"https:\\\/\\\/ellotv.com.br\\\/site\\\/wp-content\\\/uploads\\\/2025\\\/11\\\/ello-logo-2.fw_.png\",\"width\":400,\"height\":146,\"caption\":\"ELLO TV\"},\"image\":{\"@id\":\"https:\\\/\\\/ellotv.com.br\\\/site\\\/#\\\/schema\\\/logo\\\/image\\\/\"}},{\"@type\":\"Person\",\"@id\":\"https:\\\/\\\/ellotv.com.br\\\/site\\\/#\\\/schema\\\/person\\\/2dbe3abaee38dcc7332fc8205cd2b15d\",\"name\":\"ELLO TV\",\"image\":{\"@type\":\"ImageObject\",\"inLanguage\":\"pt-BR\",\"@id\":\"https:\\\/\\\/secure.gravatar.com\\\/avatar\\\/c38242b9da8ec217ac3f0aaee31a54f7d7befb11b2b47fdbc8fb0fad60afa1c6?s=96&d=mm&r=g\",\"url\":\"https:\\\/\\\/secure.gravatar.com\\\/avatar\\\/c38242b9da8ec217ac3f0aaee31a54f7d7befb11b2b47fdbc8fb0fad60afa1c6?s=96&d=mm&r=g\",\"contentUrl\":\"https:\\\/\\\/secure.gravatar.com\\\/avatar\\\/c38242b9da8ec217ac3f0aaee31a54f7d7befb11b2b47fdbc8fb0fad60afa1c6?s=96&d=mm&r=g\",\"caption\":\"ELLO TV\"},\"url\":\"https:\\\/\\\/ellotv.com.br\\\/site\\\/author\\\/elloagencia\\\/\"}]}<\/script>\n<!-- \/ Yoast SEO plugin. -->","yoast_head_json":{"title":"Vit\u00f3ria da Transpar\u00eancia: TCE-PE recomenda aprova\u00e7\u00e3o das contas do ex-prefeito Marconi Santana - Ello TV","description":"TCE-PE aprova por unanimidade as contas de 2024 do ex-prefeito Marconi Santana, destacando gest\u00e3o fiscal respons\u00e1vel e aplica\u00e7\u00e3o correta dos recursos.","robots":{"index":"index","follow":"follow","max-snippet":"max-snippet:-1","max-image-preview":"max-image-preview:large","max-video-preview":"max-video-preview:-1"},"canonical":"https:\/\/ellotv.com.br\/site\/2026\/03\/04\/vitoria-da-transparencia-tce-pe-recomenda-aprovacao-das-contas-do-ex-prefeito-marconi-santana\/","og_locale":"pt_BR","og_type":"article","og_title":"Vit\u00f3ria da Transpar\u00eancia: TCE-PE recomenda aprova\u00e7\u00e3o das contas do ex-prefeito Marconi Santana - Ello TV","og_description":"TCE-PE aprova por unanimidade as contas de 2024 do ex-prefeito Marconi Santana, destacando gest\u00e3o fiscal respons\u00e1vel e aplica\u00e7\u00e3o correta dos recursos.","og_url":"https:\/\/ellotv.com.br\/site\/2026\/03\/04\/vitoria-da-transparencia-tce-pe-recomenda-aprovacao-das-contas-do-ex-prefeito-marconi-santana\/","og_site_name":"Ello TV","article_published_time":"2026-03-04T18:27:54+00:00","og_image":[{"width":1200,"height":1325,"url":"https:\/\/ellotv.com.br\/site\/wp-content\/uploads\/2026\/03\/WhatsApp-Image-2026-03-04-at-13.52.15-1-1.jpeg","type":"image\/jpeg"}],"author":"ELLO TV","twitter_card":"summary_large_image","twitter_misc":{"Escrito por":"ELLO TV","Est. tempo de leitura":"1 minuto"},"schema":{"@context":"https:\/\/schema.org","@graph":[{"@type":"Article","@id":"https:\/\/ellotv.com.br\/site\/2026\/03\/04\/vitoria-da-transparencia-tce-pe-recomenda-aprovacao-das-contas-do-ex-prefeito-marconi-santana\/#article","isPartOf":{"@id":"https:\/\/ellotv.com.br\/site\/2026\/03\/04\/vitoria-da-transparencia-tce-pe-recomenda-aprovacao-das-contas-do-ex-prefeito-marconi-santana\/"},"author":{"name":"ELLO TV","@id":"https:\/\/ellotv.com.br\/site\/#\/schema\/person\/2dbe3abaee38dcc7332fc8205cd2b15d"},"headline":"Vit\u00f3ria da Transpar\u00eancia: TCE-PE recomenda aprova\u00e7\u00e3o das contas do ex-prefeito Marconi Santana","datePublished":"2026-03-04T18:27:54+00:00","mainEntityOfPage":{"@id":"https:\/\/ellotv.com.br\/site\/2026\/03\/04\/vitoria-da-transparencia-tce-pe-recomenda-aprovacao-das-contas-do-ex-prefeito-marconi-santana\/"},"wordCount":225,"commentCount":0,"publisher":{"@id":"https:\/\/ellotv.com.br\/site\/#organization"},"image":{"@id":"https:\/\/ellotv.com.br\/site\/2026\/03\/04\/vitoria-da-transparencia-tce-pe-recomenda-aprovacao-das-contas-do-ex-prefeito-marconi-santana\/#primaryimage"},"thumbnailUrl":"https:\/\/ellotv.com.br\/site\/wp-content\/uploads\/2026\/03\/WhatsApp-Image-2026-03-04-at-13.52.15-1-1.jpeg","articleSection":["Noticias","Regional"],"inLanguage":"pt-BR","potentialAction":[{"@type":"CommentAction","name":"Comment","target":["https:\/\/ellotv.com.br\/site\/2026\/03\/04\/vitoria-da-transparencia-tce-pe-recomenda-aprovacao-das-contas-do-ex-prefeito-marconi-santana\/#respond"]}]},{"@type":"WebPage","@id":"https:\/\/ellotv.com.br\/site\/2026\/03\/04\/vitoria-da-transparencia-tce-pe-recomenda-aprovacao-das-contas-do-ex-prefeito-marconi-santana\/","url":"https:\/\/ellotv.com.br\/site\/2026\/03\/04\/vitoria-da-transparencia-tce-pe-recomenda-aprovacao-das-contas-do-ex-prefeito-marconi-santana\/","name":"Vit\u00f3ria da Transpar\u00eancia: TCE-PE recomenda aprova\u00e7\u00e3o das contas do ex-prefeito Marconi Santana - Ello TV","isPartOf":{"@id":"https:\/\/ellotv.com.br\/site\/#website"},"primaryImageOfPage":{"@id":"https:\/\/ellotv.com.br\/site\/2026\/03\/04\/vitoria-da-transparencia-tce-pe-recomenda-aprovacao-das-contas-do-ex-prefeito-marconi-santana\/#primaryimage"},"image":{"@id":"https:\/\/ellotv.com.br\/site\/2026\/03\/04\/vitoria-da-transparencia-tce-pe-recomenda-aprovacao-das-contas-do-ex-prefeito-marconi-santana\/#primaryimage"},"thumbnailUrl":"https:\/\/ellotv.com.br\/site\/wp-content\/uploads\/2026\/03\/WhatsApp-Image-2026-03-04-at-13.52.15-1-1.jpeg","datePublished":"2026-03-04T18:27:54+00:00","description":"TCE-PE aprova por unanimidade as contas de 2024 do ex-prefeito Marconi Santana, destacando gest\u00e3o fiscal respons\u00e1vel e aplica\u00e7\u00e3o correta dos recursos.","breadcrumb":{"@id":"https:\/\/ellotv.com.br\/site\/2026\/03\/04\/vitoria-da-transparencia-tce-pe-recomenda-aprovacao-das-contas-do-ex-prefeito-marconi-santana\/#breadcrumb"},"inLanguage":"pt-BR","potentialAction":[{"@type":"ReadAction","target":["https:\/\/ellotv.com.br\/site\/2026\/03\/04\/vitoria-da-transparencia-tce-pe-recomenda-aprovacao-das-contas-do-ex-prefeito-marconi-santana\/"]}]},{"@type":"ImageObject","inLanguage":"pt-BR","@id":"https:\/\/ellotv.com.br\/site\/2026\/03\/04\/vitoria-da-transparencia-tce-pe-recomenda-aprovacao-das-contas-do-ex-prefeito-marconi-santana\/#primaryimage","url":"https:\/\/ellotv.com.br\/site\/wp-content\/uploads\/2026\/03\/WhatsApp-Image-2026-03-04-at-13.52.15-1-1.jpeg","contentUrl":"https:\/\/ellotv.com.br\/site\/wp-content\/uploads\/2026\/03\/WhatsApp-Image-2026-03-04-at-13.52.15-1-1.jpeg","width":1200,"height":1325},{"@type":"BreadcrumbList","@id":"https:\/\/ellotv.com.br\/site\/2026\/03\/04\/vitoria-da-transparencia-tce-pe-recomenda-aprovacao-das-contas-do-ex-prefeito-marconi-santana\/#breadcrumb","itemListElement":[{"@type":"ListItem","position":1,"name":"In\u00edcio","item":"https:\/\/ellotv.com.br\/site\/"},{"@type":"ListItem","position":2,"name":"Vit\u00f3ria da Transpar\u00eancia: TCE-PE recomenda aprova\u00e7\u00e3o das contas do ex-prefeito Marconi Santana"}]},{"@type":"WebSite","@id":"https:\/\/ellotv.com.br\/site\/#website","url":"https:\/\/ellotv.com.br\/site\/","name":"ELLO TV","description":"","publisher":{"@id":"https:\/\/ellotv.com.br\/site\/#organization"},"potentialAction":[{"@type":"SearchAction","target":{"@type":"EntryPoint","urlTemplate":"https:\/\/ellotv.com.br\/site\/?s={search_term_string}"},"query-input":{"@type":"PropertyValueSpecification","valueRequired":true,"valueName":"search_term_string"}}],"inLanguage":"pt-BR"},{"@type":"Organization","@id":"https:\/\/ellotv.com.br\/site\/#organization","name":"ELLO TV","url":"https:\/\/ellotv.com.br\/site\/","logo":{"@type":"ImageObject","inLanguage":"pt-BR","@id":"https:\/\/ellotv.com.br\/site\/#\/schema\/logo\/image\/","url":"https:\/\/ellotv.com.br\/site\/wp-content\/uploads\/2025\/11\/ello-logo-2.fw_.png","contentUrl":"https:\/\/ellotv.com.br\/site\/wp-content\/uploads\/2025\/11\/ello-logo-2.fw_.png","width":400,"height":146,"caption":"ELLO TV"},"image":{"@id":"https:\/\/ellotv.com.br\/site\/#\/schema\/logo\/image\/"}},{"@type":"Person","@id":"https:\/\/ellotv.com.br\/site\/#\/schema\/person\/2dbe3abaee38dcc7332fc8205cd2b15d","name":"ELLO TV","image":{"@type":"ImageObject","inLanguage":"pt-BR","@id":"https:\/\/secure.gravatar.com\/avatar\/c38242b9da8ec217ac3f0aaee31a54f7d7befb11b2b47fdbc8fb0fad60afa1c6?s=96&d=mm&r=g","url":"https:\/\/secure.gravatar.com\/avatar\/c38242b9da8ec217ac3f0aaee31a54f7d7befb11b2b47fdbc8fb0fad60afa1c6?s=96&d=mm&r=g","contentUrl":"https:\/\/secure.gravatar.com\/avatar\/c38242b9da8ec217ac3f0aaee31a54f7d7befb11b2b47fdbc8fb0fad60afa1c6?s=96&d=mm&r=g","caption":"ELLO TV"},"url":"https:\/\/ellotv.com.br\/site\/author\/elloagencia\/"}]}},"featured_image_urls":{"full":["https:\/\/ellotv.com.br\/site\/wp-content\/uploads\/2026\/03\/WhatsApp-Image-2026-03-04-at-13.52.15-1-1.jpeg",1200,1325,false],"thumbnail":["https:\/\/ellotv.com.br\/site\/wp-content\/uploads\/2026\/03\/WhatsApp-Image-2026-03-04-at-13.52.15-1-1-150x150.jpeg",150,150,true],"medium":["https:\/\/ellotv.com.br\/site\/wp-content\/uploads\/2026\/03\/WhatsApp-Image-2026-03-04-at-13.52.15-1-1-272x300.jpeg",272,300,true],"medium_large":["https:\/\/ellotv.com.br\/site\/wp-content\/uploads\/2026\/03\/WhatsApp-Image-2026-03-04-at-13.52.15-1-1-768x848.jpeg",640,707,true],"large":["https:\/\/ellotv.com.br\/site\/wp-content\/uploads\/2026\/03\/WhatsApp-Image-2026-03-04-at-13.52.15-1-1-927x1024.jpeg",640,707,true],"1536x1536":["https:\/\/ellotv.com.br\/site\/wp-content\/uploads\/2026\/03\/WhatsApp-Image-2026-03-04-at-13.52.15-1-1.jpeg",1200,1325,false],"2048x2048":["https:\/\/ellotv.com.br\/site\/wp-content\/uploads\/2026\/03\/WhatsApp-Image-2026-03-04-at-13.52.15-1-1.jpeg",1200,1325,false],"darknews-slider-full":["https:\/\/ellotv.com.br\/site\/wp-content\/uploads\/2026\/03\/WhatsApp-Image-2026-03-04-at-13.52.15-1-1-1200x720.jpeg",1200,720,true],"darknews-featured":["https:\/\/ellotv.com.br\/site\/wp-content\/uploads\/2026\/03\/WhatsApp-Image-2026-03-04-at-13.52.15-1-1-1024x1131.jpeg",1024,1131,true],"darknews-medium":["https:\/\/ellotv.com.br\/site\/wp-content\/uploads\/2026\/03\/WhatsApp-Image-2026-03-04-at-13.52.15-1-1-720x530.jpeg",720,530,true],"darknews-medium-square":["https:\/\/ellotv.com.br\/site\/wp-content\/uploads\/2026\/03\/WhatsApp-Image-2026-03-04-at-13.52.15-1-1-350x350.jpeg",350,350,true]},"author_info":{"info":["ELLO TV"]},"category_info":"<a href=\"https:\/\/ellotv.com.br\/site\/category\/noticias\/\" rel=\"category tag\">Noticias<\/a> <a href=\"https:\/\/ellotv.com.br\/site\/category\/regional\/\" rel=\"category tag\">Regional<\/a>","tag_info":"Regional","comment_count":"0","_links":{"self":[{"href":"https:\/\/ellotv.com.br\/site\/wp-json\/wp\/v2\/posts\/5109","targetHints":{"allow":["GET"]}}],"collection":[{"href":"https:\/\/ellotv.com.br\/site\/wp-json\/wp\/v2\/posts"}],"about":[{"href":"https:\/\/ellotv.com.br\/site\/wp-json\/wp\/v2\/types\/post"}],"author":[{"embeddable":true,"href":"https:\/\/ellotv.com.br\/site\/wp-json\/wp\/v2\/users\/2"}],"replies":[{"embeddable":true,"href":"https:\/\/ellotv.com.br\/site\/wp-json\/wp\/v2\/comments?post=5109"}],"version-history":[{"count":1,"href":"https:\/\/ellotv.com.br\/site\/wp-json\/wp\/v2\/posts\/5109\/revisions"}],"predecessor-version":[{"id":5117,"href":"https:\/\/ellotv.com.br\/site\/wp-json\/wp\/v2\/posts\/5109\/revisions\/5117"}],"wp:featuredmedia":[{"embeddable":true,"href":"https:\/\/ellotv.com.br\/site\/wp-json\/wp\/v2\/media\/5111"}],"wp:attachment":[{"href":"https:\/\/ellotv.com.br\/site\/wp-json\/wp\/v2\/media?parent=5109"}],"wp:term":[{"taxonomy":"category","embeddable":true,"href":"https:\/\/ellotv.com.br\/site\/wp-json\/wp\/v2\/categories?post=5109"},{"taxonomy":"post_tag","embeddable":true,"href":"https:\/\/ellotv.com.br\/site\/wp-json\/wp\/v2\/tags?post=5109"}],"curies":[{"name":"wp","href":"https:\/\/api.w.org\/{rel}","templated":true}]}}