{"id":5118,"date":"2026-03-04T15:30:15","date_gmt":"2026-03-04T18:30:15","guid":{"rendered":"https:\/\/ellotv.com.br\/site\/?p=5118"},"modified":"2026-03-04T15:30:15","modified_gmt":"2026-03-04T18:30:15","slug":"o-agente-secreto-e-homenageado-no-senado-federal-apos-conquistas-internacionais","status":"publish","type":"post","link":"https:\/\/ellotv.com.br\/site\/2026\/03\/04\/o-agente-secreto-e-homenageado-no-senado-federal-apos-conquistas-internacionais\/","title":{"rendered":"O Agente Secreto \u00e9 homenageado no Senado Federal ap\u00f3s conquistas internacionais"},"content":{"rendered":"<p data-start=\"86\" data-end=\"435\">O cinema brasileiro foi celebrado na \u00faltima ter\u00e7a-feira (3) no plen\u00e1rio do <span class=\"hover:entity-accent entity-underline inline cursor-pointer align-baseline\"><span class=\"whitespace-normal\">Senado Federal do Brasil<\/span><\/span>. O filme <strong data-start=\"208\" data-end=\"230\">\u201cO Agente Secreto\u201d<\/strong>, dirigido por <span class=\"hover:entity-accent entity-underline inline cursor-pointer align-baseline\"><span class=\"whitespace-normal\">Kleber Mendon\u00e7a Filho<\/span><\/span> e protagonizado por <span class=\"hover:entity-accent entity-underline inline cursor-pointer align-baseline\"><span class=\"whitespace-normal\">Wagner Moura<\/span><\/span>, recebeu voto de aplauso aprovado por unanimidade pela Comiss\u00e3o de Educa\u00e7\u00e3o e Cultura da Casa.<\/p>\n<p data-start=\"437\" data-end=\"736\">A homenagem foi proposta pela senadora <span class=\"hover:entity-accent entity-underline inline cursor-pointer align-baseline\"><span class=\"whitespace-normal\">Teresa Leit\u00e3o<\/span><\/span>, que destacou a import\u00e2ncia da obra para o fortalecimento do audiovisual nacional. O reconhecimento se estende a toda a equipe envolvida na produ\u00e7\u00e3o, incluindo roteiristas, m\u00fasicos, t\u00e9cnicos e profissionais dos bastidores.<\/p>\n<p data-start=\"738\" data-end=\"979\">O longa j\u00e1 conquistou duas estatuetas do <span class=\"hover:entity-accent entity-underline inline cursor-pointer align-baseline\"><span class=\"whitespace-normal\">Globo de Ouro<\/span><\/span> e segue em evid\u00eancia no cen\u00e1rio internacional, com quatro indica\u00e7\u00f5es ao <span class=\"hover:entity-accent entity-underline inline cursor-pointer align-baseline\"><span class=\"whitespace-normal\">Oscar 2026<\/span><\/span>, cuja cerim\u00f4nia est\u00e1 marcada para o dia 15 de mar\u00e7o.<\/p>\n<p data-start=\"981\" data-end=\"1211\">Em sua justificativa, Teresa Leit\u00e3o ressaltou o papel do cinema como instrumento de preserva\u00e7\u00e3o cultural e reflex\u00e3o social, al\u00e9m de destacar o reconhecimento internacional como reflexo da qualidade art\u00edstica e t\u00e9cnica da produ\u00e7\u00e3o.<\/p>\n<p data-start=\"1213\" data-end=\"1413\">A aprova\u00e7\u00e3o un\u00e2nime do voto de aplauso simboliza o reconhecimento institucional \u00e0 relev\u00e2ncia cultural da obra e refor\u00e7a o protagonismo do Brasil na produ\u00e7\u00e3o de conte\u00fado audiovisual com alcance global.<\/p>\n","protected":false},"excerpt":{"rendered":"<p>O cinema brasileiro foi celebrado na \u00faltima ter\u00e7a-feira (3) no plen\u00e1rio do Senado Federal do Brasil. O filme<\/p>\n","protected":false},"author":2,"featured_media":5119,"comment_status":"open","ping_status":"open","sticky":false,"template":"","format":"standard","meta":{"footnotes":""},"categories":[8,12],"tags":[],"class_list":["post-5118","post","type-post","status-publish","format-standard","has-post-thumbnail","hentry","category-brasil","category-noticias"],"yoast_head":"<!-- This site is optimized with the Yoast SEO plugin v28.3 - https:\/\/yoast.com\/product\/yoast-seo-wordpress\/ -->\n<title>O Agente Secreto \u00e9 homenageado no Senado Federal ap\u00f3s conquistas internacionais - Ello TV<\/title>\n<meta name=\"description\" content=\"Senado homenageia o filme \u201cO Agente Secreto\u201d, de Kleber Mendon\u00e7a Filho, ap\u00f3s premia\u00e7\u00f5es internacionais e indica\u00e7\u00f5es ao Oscar 2026.\" \/>\n<meta name=\"robots\" content=\"index, follow, max-snippet:-1, max-image-preview:large, max-video-preview:-1\" \/>\n<link rel=\"canonical\" href=\"https:\/\/ellotv.com.br\/site\/2026\/03\/04\/o-agente-secreto-e-homenageado-no-senado-federal-apos-conquistas-internacionais\/\" \/>\n<meta property=\"og:locale\" content=\"pt_BR\" \/>\n<meta property=\"og:type\" content=\"article\" \/>\n<meta property=\"og:title\" content=\"O Agente Secreto \u00e9 homenageado no Senado Federal ap\u00f3s conquistas internacionais - Ello TV\" \/>\n<meta property=\"og:description\" content=\"Senado homenageia o filme \u201cO Agente Secreto\u201d, de Kleber Mendon\u00e7a Filho, ap\u00f3s premia\u00e7\u00f5es internacionais e indica\u00e7\u00f5es ao Oscar 2026.\" \/>\n<meta property=\"og:url\" content=\"https:\/\/ellotv.com.br\/site\/2026\/03\/04\/o-agente-secreto-e-homenageado-no-senado-federal-apos-conquistas-internacionais\/\" \/>\n<meta property=\"og:site_name\" content=\"Ello TV\" \/>\n<meta property=\"article:published_time\" content=\"2026-03-04T18:30:15+00:00\" \/>\n<meta property=\"og:image\" content=\"https:\/\/ellotv.com.br\/site\/wp-content\/uploads\/2026\/03\/WhatsApp-Image-2026-03-04-at-14.04.32.jpeg\" \/>\n\t<meta property=\"og:image:width\" content=\"554\" \/>\n\t<meta property=\"og:image:height\" content=\"554\" \/>\n\t<meta property=\"og:image:type\" content=\"image\/jpeg\" \/>\n<meta name=\"author\" content=\"ELLO TV\" \/>\n<meta name=\"twitter:card\" content=\"summary_large_image\" \/>\n<meta name=\"twitter:label1\" content=\"Escrito por\" \/>\n\t<meta name=\"twitter:data1\" content=\"ELLO TV\" \/>\n\t<meta name=\"twitter:label2\" content=\"Est. tempo de leitura\" \/>\n\t<meta name=\"twitter:data2\" content=\"1 minuto\" \/>\n<script type=\"application\/ld+json\" class=\"yoast-schema-graph\">{\"@context\":\"https:\\\/\\\/schema.org\",\"@graph\":[{\"@type\":\"Article\",\"@id\":\"https:\\\/\\\/ellotv.com.br\\\/site\\\/2026\\\/03\\\/04\\\/o-agente-secreto-e-homenageado-no-senado-federal-apos-conquistas-internacionais\\\/#article\",\"isPartOf\":{\"@id\":\"https:\\\/\\\/ellotv.com.br\\\/site\\\/2026\\\/03\\\/04\\\/o-agente-secreto-e-homenageado-no-senado-federal-apos-conquistas-internacionais\\\/\"},\"author\":{\"name\":\"ELLO TV\",\"@id\":\"https:\\\/\\\/ellotv.com.br\\\/site\\\/#\\\/schema\\\/person\\\/2dbe3abaee38dcc7332fc8205cd2b15d\"},\"headline\":\"O Agente Secreto \u00e9 homenageado no Senado Federal ap\u00f3s conquistas internacionais\",\"datePublished\":\"2026-03-04T18:30:15+00:00\",\"mainEntityOfPage\":{\"@id\":\"https:\\\/\\\/ellotv.com.br\\\/site\\\/2026\\\/03\\\/04\\\/o-agente-secreto-e-homenageado-no-senado-federal-apos-conquistas-internacionais\\\/\"},\"wordCount\":216,\"commentCount\":0,\"publisher\":{\"@id\":\"https:\\\/\\\/ellotv.com.br\\\/site\\\/#organization\"},\"image\":{\"@id\":\"https:\\\/\\\/ellotv.com.br\\\/site\\\/2026\\\/03\\\/04\\\/o-agente-secreto-e-homenageado-no-senado-federal-apos-conquistas-internacionais\\\/#primaryimage\"},\"thumbnailUrl\":\"https:\\\/\\\/ellotv.com.br\\\/site\\\/wp-content\\\/uploads\\\/2026\\\/03\\\/WhatsApp-Image-2026-03-04-at-14.04.32.jpeg\",\"articleSection\":[\"Brasil\",\"Noticias\"],\"inLanguage\":\"pt-BR\",\"potentialAction\":[{\"@type\":\"CommentAction\",\"name\":\"Comment\",\"target\":[\"https:\\\/\\\/ellotv.com.br\\\/site\\\/2026\\\/03\\\/04\\\/o-agente-secreto-e-homenageado-no-senado-federal-apos-conquistas-internacionais\\\/#respond\"]}]},{\"@type\":\"WebPage\",\"@id\":\"https:\\\/\\\/ellotv.com.br\\\/site\\\/2026\\\/03\\\/04\\\/o-agente-secreto-e-homenageado-no-senado-federal-apos-conquistas-internacionais\\\/\",\"url\":\"https:\\\/\\\/ellotv.com.br\\\/site\\\/2026\\\/03\\\/04\\\/o-agente-secreto-e-homenageado-no-senado-federal-apos-conquistas-internacionais\\\/\",\"name\":\"O Agente Secreto \u00e9 homenageado no Senado Federal ap\u00f3s conquistas internacionais - Ello TV\",\"isPartOf\":{\"@id\":\"https:\\\/\\\/ellotv.com.br\\\/site\\\/#website\"},\"primaryImageOfPage\":{\"@id\":\"https:\\\/\\\/ellotv.com.br\\\/site\\\/2026\\\/03\\\/04\\\/o-agente-secreto-e-homenageado-no-senado-federal-apos-conquistas-internacionais\\\/#primaryimage\"},\"image\":{\"@id\":\"https:\\\/\\\/ellotv.com.br\\\/site\\\/2026\\\/03\\\/04\\\/o-agente-secreto-e-homenageado-no-senado-federal-apos-conquistas-internacionais\\\/#primaryimage\"},\"thumbnailUrl\":\"https:\\\/\\\/ellotv.com.br\\\/site\\\/wp-content\\\/uploads\\\/2026\\\/03\\\/WhatsApp-Image-2026-03-04-at-14.04.32.jpeg\",\"datePublished\":\"2026-03-04T18:30:15+00:00\",\"description\":\"Senado homenageia o filme \u201cO Agente Secreto\u201d, de Kleber Mendon\u00e7a Filho, ap\u00f3s premia\u00e7\u00f5es internacionais e indica\u00e7\u00f5es ao Oscar 2026.\",\"breadcrumb\":{\"@id\":\"https:\\\/\\\/ellotv.com.br\\\/site\\\/2026\\\/03\\\/04\\\/o-agente-secreto-e-homenageado-no-senado-federal-apos-conquistas-internacionais\\\/#breadcrumb\"},\"inLanguage\":\"pt-BR\",\"potentialAction\":[{\"@type\":\"ReadAction\",\"target\":[\"https:\\\/\\\/ellotv.com.br\\\/site\\\/2026\\\/03\\\/04\\\/o-agente-secreto-e-homenageado-no-senado-federal-apos-conquistas-internacionais\\\/\"]}]},{\"@type\":\"ImageObject\",\"inLanguage\":\"pt-BR\",\"@id\":\"https:\\\/\\\/ellotv.com.br\\\/site\\\/2026\\\/03\\\/04\\\/o-agente-secreto-e-homenageado-no-senado-federal-apos-conquistas-internacionais\\\/#primaryimage\",\"url\":\"https:\\\/\\\/ellotv.com.br\\\/site\\\/wp-content\\\/uploads\\\/2026\\\/03\\\/WhatsApp-Image-2026-03-04-at-14.04.32.jpeg\",\"contentUrl\":\"https:\\\/\\\/ellotv.com.br\\\/site\\\/wp-content\\\/uploads\\\/2026\\\/03\\\/WhatsApp-Image-2026-03-04-at-14.04.32.jpeg\",\"width\":554,\"height\":554},{\"@type\":\"BreadcrumbList\",\"@id\":\"https:\\\/\\\/ellotv.com.br\\\/site\\\/2026\\\/03\\\/04\\\/o-agente-secreto-e-homenageado-no-senado-federal-apos-conquistas-internacionais\\\/#breadcrumb\",\"itemListElement\":[{\"@type\":\"ListItem\",\"position\":1,\"name\":\"In\u00edcio\",\"item\":\"https:\\\/\\\/ellotv.com.br\\\/site\\\/\"},{\"@type\":\"ListItem\",\"position\":2,\"name\":\"O Agente Secreto \u00e9 homenageado no Senado Federal ap\u00f3s conquistas internacionais\"}]},{\"@type\":\"WebSite\",\"@id\":\"https:\\\/\\\/ellotv.com.br\\\/site\\\/#website\",\"url\":\"https:\\\/\\\/ellotv.com.br\\\/site\\\/\",\"name\":\"ELLO TV\",\"description\":\"\",\"publisher\":{\"@id\":\"https:\\\/\\\/ellotv.com.br\\\/site\\\/#organization\"},\"potentialAction\":[{\"@type\":\"SearchAction\",\"target\":{\"@type\":\"EntryPoint\",\"urlTemplate\":\"https:\\\/\\\/ellotv.com.br\\\/site\\\/?s={search_term_string}\"},\"query-input\":{\"@type\":\"PropertyValueSpecification\",\"valueRequired\":true,\"valueName\":\"search_term_string\"}}],\"inLanguage\":\"pt-BR\"},{\"@type\":\"Organization\",\"@id\":\"https:\\\/\\\/ellotv.com.br\\\/site\\\/#organization\",\"name\":\"ELLO TV\",\"url\":\"https:\\\/\\\/ellotv.com.br\\\/site\\\/\",\"logo\":{\"@type\":\"ImageObject\",\"inLanguage\":\"pt-BR\",\"@id\":\"https:\\\/\\\/ellotv.com.br\\\/site\\\/#\\\/schema\\\/logo\\\/image\\\/\",\"url\":\"https:\\\/\\\/ellotv.com.br\\\/site\\\/wp-content\\\/uploads\\\/2025\\\/11\\\/ello-logo-2.fw_.png\",\"contentUrl\":\"https:\\\/\\\/ellotv.com.br\\\/site\\\/wp-content\\\/uploads\\\/2025\\\/11\\\/ello-logo-2.fw_.png\",\"width\":400,\"height\":146,\"caption\":\"ELLO TV\"},\"image\":{\"@id\":\"https:\\\/\\\/ellotv.com.br\\\/site\\\/#\\\/schema\\\/logo\\\/image\\\/\"}},{\"@type\":\"Person\",\"@id\":\"https:\\\/\\\/ellotv.com.br\\\/site\\\/#\\\/schema\\\/person\\\/2dbe3abaee38dcc7332fc8205cd2b15d\",\"name\":\"ELLO TV\",\"image\":{\"@type\":\"ImageObject\",\"inLanguage\":\"pt-BR\",\"@id\":\"https:\\\/\\\/secure.gravatar.com\\\/avatar\\\/c38242b9da8ec217ac3f0aaee31a54f7d7befb11b2b47fdbc8fb0fad60afa1c6?s=96&d=mm&r=g\",\"url\":\"https:\\\/\\\/secure.gravatar.com\\\/avatar\\\/c38242b9da8ec217ac3f0aaee31a54f7d7befb11b2b47fdbc8fb0fad60afa1c6?s=96&d=mm&r=g\",\"contentUrl\":\"https:\\\/\\\/secure.gravatar.com\\\/avatar\\\/c38242b9da8ec217ac3f0aaee31a54f7d7befb11b2b47fdbc8fb0fad60afa1c6?s=96&d=mm&r=g\",\"caption\":\"ELLO TV\"},\"url\":\"https:\\\/\\\/ellotv.com.br\\\/site\\\/author\\\/elloagencia\\\/\"}]}<\/script>\n<!-- \/ Yoast SEO plugin. -->","yoast_head_json":{"title":"O Agente Secreto \u00e9 homenageado no Senado Federal ap\u00f3s conquistas internacionais - Ello TV","description":"Senado homenageia o filme \u201cO Agente Secreto\u201d, de Kleber Mendon\u00e7a Filho, ap\u00f3s premia\u00e7\u00f5es internacionais e indica\u00e7\u00f5es ao Oscar 2026.","robots":{"index":"index","follow":"follow","max-snippet":"max-snippet:-1","max-image-preview":"max-image-preview:large","max-video-preview":"max-video-preview:-1"},"canonical":"https:\/\/ellotv.com.br\/site\/2026\/03\/04\/o-agente-secreto-e-homenageado-no-senado-federal-apos-conquistas-internacionais\/","og_locale":"pt_BR","og_type":"article","og_title":"O Agente Secreto \u00e9 homenageado no Senado Federal ap\u00f3s conquistas internacionais - Ello TV","og_description":"Senado homenageia o filme \u201cO Agente Secreto\u201d, de Kleber Mendon\u00e7a Filho, ap\u00f3s premia\u00e7\u00f5es internacionais e indica\u00e7\u00f5es ao Oscar 2026.","og_url":"https:\/\/ellotv.com.br\/site\/2026\/03\/04\/o-agente-secreto-e-homenageado-no-senado-federal-apos-conquistas-internacionais\/","og_site_name":"Ello TV","article_published_time":"2026-03-04T18:30:15+00:00","og_image":[{"width":554,"height":554,"url":"https:\/\/ellotv.com.br\/site\/wp-content\/uploads\/2026\/03\/WhatsApp-Image-2026-03-04-at-14.04.32.jpeg","type":"image\/jpeg"}],"author":"ELLO TV","twitter_card":"summary_large_image","twitter_misc":{"Escrito por":"ELLO TV","Est. tempo de leitura":"1 minuto"},"schema":{"@context":"https:\/\/schema.org","@graph":[{"@type":"Article","@id":"https:\/\/ellotv.com.br\/site\/2026\/03\/04\/o-agente-secreto-e-homenageado-no-senado-federal-apos-conquistas-internacionais\/#article","isPartOf":{"@id":"https:\/\/ellotv.com.br\/site\/2026\/03\/04\/o-agente-secreto-e-homenageado-no-senado-federal-apos-conquistas-internacionais\/"},"author":{"name":"ELLO TV","@id":"https:\/\/ellotv.com.br\/site\/#\/schema\/person\/2dbe3abaee38dcc7332fc8205cd2b15d"},"headline":"O Agente Secreto \u00e9 homenageado no Senado Federal ap\u00f3s conquistas internacionais","datePublished":"2026-03-04T18:30:15+00:00","mainEntityOfPage":{"@id":"https:\/\/ellotv.com.br\/site\/2026\/03\/04\/o-agente-secreto-e-homenageado-no-senado-federal-apos-conquistas-internacionais\/"},"wordCount":216,"commentCount":0,"publisher":{"@id":"https:\/\/ellotv.com.br\/site\/#organization"},"image":{"@id":"https:\/\/ellotv.com.br\/site\/2026\/03\/04\/o-agente-secreto-e-homenageado-no-senado-federal-apos-conquistas-internacionais\/#primaryimage"},"thumbnailUrl":"https:\/\/ellotv.com.br\/site\/wp-content\/uploads\/2026\/03\/WhatsApp-Image-2026-03-04-at-14.04.32.jpeg","articleSection":["Brasil","Noticias"],"inLanguage":"pt-BR","potentialAction":[{"@type":"CommentAction","name":"Comment","target":["https:\/\/ellotv.com.br\/site\/2026\/03\/04\/o-agente-secreto-e-homenageado-no-senado-federal-apos-conquistas-internacionais\/#respond"]}]},{"@type":"WebPage","@id":"https:\/\/ellotv.com.br\/site\/2026\/03\/04\/o-agente-secreto-e-homenageado-no-senado-federal-apos-conquistas-internacionais\/","url":"https:\/\/ellotv.com.br\/site\/2026\/03\/04\/o-agente-secreto-e-homenageado-no-senado-federal-apos-conquistas-internacionais\/","name":"O Agente Secreto \u00e9 homenageado no Senado Federal ap\u00f3s conquistas internacionais - Ello TV","isPartOf":{"@id":"https:\/\/ellotv.com.br\/site\/#website"},"primaryImageOfPage":{"@id":"https:\/\/ellotv.com.br\/site\/2026\/03\/04\/o-agente-secreto-e-homenageado-no-senado-federal-apos-conquistas-internacionais\/#primaryimage"},"image":{"@id":"https:\/\/ellotv.com.br\/site\/2026\/03\/04\/o-agente-secreto-e-homenageado-no-senado-federal-apos-conquistas-internacionais\/#primaryimage"},"thumbnailUrl":"https:\/\/ellotv.com.br\/site\/wp-content\/uploads\/2026\/03\/WhatsApp-Image-2026-03-04-at-14.04.32.jpeg","datePublished":"2026-03-04T18:30:15+00:00","description":"Senado homenageia o filme \u201cO Agente Secreto\u201d, de Kleber Mendon\u00e7a Filho, ap\u00f3s premia\u00e7\u00f5es internacionais e indica\u00e7\u00f5es ao Oscar 2026.","breadcrumb":{"@id":"https:\/\/ellotv.com.br\/site\/2026\/03\/04\/o-agente-secreto-e-homenageado-no-senado-federal-apos-conquistas-internacionais\/#breadcrumb"},"inLanguage":"pt-BR","potentialAction":[{"@type":"ReadAction","target":["https:\/\/ellotv.com.br\/site\/2026\/03\/04\/o-agente-secreto-e-homenageado-no-senado-federal-apos-conquistas-internacionais\/"]}]},{"@type":"ImageObject","inLanguage":"pt-BR","@id":"https:\/\/ellotv.com.br\/site\/2026\/03\/04\/o-agente-secreto-e-homenageado-no-senado-federal-apos-conquistas-internacionais\/#primaryimage","url":"https:\/\/ellotv.com.br\/site\/wp-content\/uploads\/2026\/03\/WhatsApp-Image-2026-03-04-at-14.04.32.jpeg","contentUrl":"https:\/\/ellotv.com.br\/site\/wp-content\/uploads\/2026\/03\/WhatsApp-Image-2026-03-04-at-14.04.32.jpeg","width":554,"height":554},{"@type":"BreadcrumbList","@id":"https:\/\/ellotv.com.br\/site\/2026\/03\/04\/o-agente-secreto-e-homenageado-no-senado-federal-apos-conquistas-internacionais\/#breadcrumb","itemListElement":[{"@type":"ListItem","position":1,"name":"In\u00edcio","item":"https:\/\/ellotv.com.br\/site\/"},{"@type":"ListItem","position":2,"name":"O Agente Secreto \u00e9 homenageado no Senado Federal ap\u00f3s conquistas internacionais"}]},{"@type":"WebSite","@id":"https:\/\/ellotv.com.br\/site\/#website","url":"https:\/\/ellotv.com.br\/site\/","name":"ELLO TV","description":"","publisher":{"@id":"https:\/\/ellotv.com.br\/site\/#organization"},"potentialAction":[{"@type":"SearchAction","target":{"@type":"EntryPoint","urlTemplate":"https:\/\/ellotv.com.br\/site\/?s={search_term_string}"},"query-input":{"@type":"PropertyValueSpecification","valueRequired":true,"valueName":"search_term_string"}}],"inLanguage":"pt-BR"},{"@type":"Organization","@id":"https:\/\/ellotv.com.br\/site\/#organization","name":"ELLO TV","url":"https:\/\/ellotv.com.br\/site\/","logo":{"@type":"ImageObject","inLanguage":"pt-BR","@id":"https:\/\/ellotv.com.br\/site\/#\/schema\/logo\/image\/","url":"https:\/\/ellotv.com.br\/site\/wp-content\/uploads\/2025\/11\/ello-logo-2.fw_.png","contentUrl":"https:\/\/ellotv.com.br\/site\/wp-content\/uploads\/2025\/11\/ello-logo-2.fw_.png","width":400,"height":146,"caption":"ELLO TV"},"image":{"@id":"https:\/\/ellotv.com.br\/site\/#\/schema\/logo\/image\/"}},{"@type":"Person","@id":"https:\/\/ellotv.com.br\/site\/#\/schema\/person\/2dbe3abaee38dcc7332fc8205cd2b15d","name":"ELLO TV","image":{"@type":"ImageObject","inLanguage":"pt-BR","@id":"https:\/\/secure.gravatar.com\/avatar\/c38242b9da8ec217ac3f0aaee31a54f7d7befb11b2b47fdbc8fb0fad60afa1c6?s=96&d=mm&r=g","url":"https:\/\/secure.gravatar.com\/avatar\/c38242b9da8ec217ac3f0aaee31a54f7d7befb11b2b47fdbc8fb0fad60afa1c6?s=96&d=mm&r=g","contentUrl":"https:\/\/secure.gravatar.com\/avatar\/c38242b9da8ec217ac3f0aaee31a54f7d7befb11b2b47fdbc8fb0fad60afa1c6?s=96&d=mm&r=g","caption":"ELLO TV"},"url":"https:\/\/ellotv.com.br\/site\/author\/elloagencia\/"}]}},"featured_image_urls":{"full":["https:\/\/ellotv.com.br\/site\/wp-content\/uploads\/2026\/03\/WhatsApp-Image-2026-03-04-at-14.04.32.jpeg",554,554,false],"thumbnail":["https:\/\/ellotv.com.br\/site\/wp-content\/uploads\/2026\/03\/WhatsApp-Image-2026-03-04-at-14.04.32-150x150.jpeg",150,150,true],"medium":["https:\/\/ellotv.com.br\/site\/wp-content\/uploads\/2026\/03\/WhatsApp-Image-2026-03-04-at-14.04.32-300x300.jpeg",300,300,true],"medium_large":["https:\/\/ellotv.com.br\/site\/wp-content\/uploads\/2026\/03\/WhatsApp-Image-2026-03-04-at-14.04.32.jpeg",554,554,false],"large":["https:\/\/ellotv.com.br\/site\/wp-content\/uploads\/2026\/03\/WhatsApp-Image-2026-03-04-at-14.04.32.jpeg",554,554,false],"1536x1536":["https:\/\/ellotv.com.br\/site\/wp-content\/uploads\/2026\/03\/WhatsApp-Image-2026-03-04-at-14.04.32.jpeg",554,554,false],"2048x2048":["https:\/\/ellotv.com.br\/site\/wp-content\/uploads\/2026\/03\/WhatsApp-Image-2026-03-04-at-14.04.32.jpeg",554,554,false],"darknews-slider-full":["https:\/\/ellotv.com.br\/site\/wp-content\/uploads\/2026\/03\/WhatsApp-Image-2026-03-04-at-14.04.32.jpeg",554,554,false],"darknews-featured":["https:\/\/ellotv.com.br\/site\/wp-content\/uploads\/2026\/03\/WhatsApp-Image-2026-03-04-at-14.04.32.jpeg",554,554,false],"darknews-medium":["https:\/\/ellotv.com.br\/site\/wp-content\/uploads\/2026\/03\/WhatsApp-Image-2026-03-04-at-14.04.32-554x530.jpeg",554,530,true],"darknews-medium-square":["https:\/\/ellotv.com.br\/site\/wp-content\/uploads\/2026\/03\/WhatsApp-Image-2026-03-04-at-14.04.32-350x350.jpeg",350,350,true]},"author_info":{"info":["ELLO TV"]},"category_info":"<a href=\"https:\/\/ellotv.com.br\/site\/category\/brasil\/\" rel=\"category tag\">Brasil<\/a> <a href=\"https:\/\/ellotv.com.br\/site\/category\/noticias\/\" rel=\"category tag\">Noticias<\/a>","tag_info":"Noticias","comment_count":"0","_links":{"self":[{"href":"https:\/\/ellotv.com.br\/site\/wp-json\/wp\/v2\/posts\/5118","targetHints":{"allow":["GET"]}}],"collection":[{"href":"https:\/\/ellotv.com.br\/site\/wp-json\/wp\/v2\/posts"}],"about":[{"href":"https:\/\/ellotv.com.br\/site\/wp-json\/wp\/v2\/types\/post"}],"author":[{"embeddable":true,"href":"https:\/\/ellotv.com.br\/site\/wp-json\/wp\/v2\/users\/2"}],"replies":[{"embeddable":true,"href":"https:\/\/ellotv.com.br\/site\/wp-json\/wp\/v2\/comments?post=5118"}],"version-history":[{"count":1,"href":"https:\/\/ellotv.com.br\/site\/wp-json\/wp\/v2\/posts\/5118\/revisions"}],"predecessor-version":[{"id":5120,"href":"https:\/\/ellotv.com.br\/site\/wp-json\/wp\/v2\/posts\/5118\/revisions\/5120"}],"wp:featuredmedia":[{"embeddable":true,"href":"https:\/\/ellotv.com.br\/site\/wp-json\/wp\/v2\/media\/5119"}],"wp:attachment":[{"href":"https:\/\/ellotv.com.br\/site\/wp-json\/wp\/v2\/media?parent=5118"}],"wp:term":[{"taxonomy":"category","embeddable":true,"href":"https:\/\/ellotv.com.br\/site\/wp-json\/wp\/v2\/categories?post=5118"},{"taxonomy":"post_tag","embeddable":true,"href":"https:\/\/ellotv.com.br\/site\/wp-json\/wp\/v2\/tags?post=5118"}],"curies":[{"name":"wp","href":"https:\/\/api.w.org\/{rel}","templated":true}]}}