{"id":5140,"date":"2026-03-10T08:50:53","date_gmt":"2026-03-10T11:50:53","guid":{"rendered":"https:\/\/ellotv.com.br\/site\/?p=5140"},"modified":"2026-03-10T08:50:53","modified_gmt":"2026-03-10T11:50:53","slug":"ello-tv-lanca-novo-programa-gravado-em-sao-paulo-sao-paulo-de-perto","status":"publish","type":"post","link":"https:\/\/ellotv.com.br\/site\/2026\/03\/10\/ello-tv-lanca-novo-programa-gravado-em-sao-paulo-sao-paulo-de-perto\/","title":{"rendered":"ELLO TV lan\u00e7a novo programa gravado em S\u00e3o Paulo: \u201cS\u00e3o Paulo de Perto\u201d"},"content":{"rendered":"<p data-start=\"90\" data-end=\"395\">A <span class=\"hover:entity-accent entity-underline inline cursor-pointer align-baseline\"><span class=\"whitespace-normal\">ELLO TV<\/span><\/span> prepara mais uma novidade em sua programa\u00e7\u00e3o. Trata-se do programa <strong data-start=\"197\" data-end=\"221\">\u201cS\u00e3o Paulo de Perto\u201d<\/strong>, uma produ\u00e7\u00e3o especial que ser\u00e1 gravada diretamente da capital paulista e que promete mostrar hist\u00f3rias, cultura e curiosidades da cidade que acolhe milhares de nordestinos.<\/p>\n<p data-start=\"397\" data-end=\"709\">O primeiro epis\u00f3dio j\u00e1 est\u00e1 sendo gravado no <span class=\"hover:entity-accent entity-underline inline cursor-pointer align-baseline\"><span class=\"whitespace-normal\">Centro de Tradi\u00e7\u00f5es Nordestinas<\/span><\/span> (CTN), um dos espa\u00e7os mais importantes de valoriza\u00e7\u00e3o da cultura nordestina em <span class=\"hover:entity-accent entity-underline inline cursor-pointer align-baseline\"><span class=\"whitespace-normal\">S\u00e3o Paulo<\/span><\/span>. O local re\u00fane m\u00fasica, gastronomia e tradi\u00e7\u00f5es que mant\u00eam viva a identidade do Nordeste na maior cidade do pa\u00eds.<\/p>\n<p data-start=\"711\" data-end=\"981\">O programa ser\u00e1 apresentado por Cristiano, conhecido h\u00e1 muitos anos como <strong data-start=\"784\" data-end=\"795\">DJ Cris<\/strong>. Natural de <span class=\"hover:entity-accent entity-underline inline cursor-pointer align-baseline\"><span class=\"whitespace-normal\">S\u00e3o Jos\u00e9 do Egito<\/span><\/span>, no Sert\u00e3o pernambucano, ele vive h\u00e1 alguns anos em S\u00e3o Paulo, onde construiu uma trajet\u00f3ria ligada \u00e0 m\u00fasica e \u00e0 comunidade nordestina.<\/p>\n<p data-start=\"983\" data-end=\"1262\">Com uma linguagem din\u00e2mica e pr\u00f3xima do p\u00fablico, \u201cS\u00e3o Paulo de Perto\u201d tem a proposta de apresentar lugares, personagens e hist\u00f3rias de nordestinos que vivem na capital paulista, aproximando os espectadores da realidade de quem saiu do Nordeste, mas continua mantendo suas ra\u00edzes.<\/p>\n<p data-start=\"1264\" data-end=\"1462\">A iniciativa refor\u00e7a o compromisso da ELLO TV em ampliar suas produ\u00e7\u00f5es e levar conte\u00fados que conectam pessoas, culturas e hist\u00f3rias, agora tamb\u00e9m mostrando um pouco da vida nordestina em S\u00e3o Paulo.<\/p>\n<p data-start=\"1264\" data-end=\"1462\"><img fetchpriority=\"high\" decoding=\"async\" class=\"wp-image-5142 size-large aligncenter\" src=\"https:\/\/ellotv.com.br\/site\/wp-content\/uploads\/2026\/03\/WhatsApp-Image-2026-03-07-at-18.48.23-1-768x1024.jpeg\" alt=\"\" width=\"640\" height=\"853\" srcset=\"https:\/\/ellotv.com.br\/site\/wp-content\/uploads\/2026\/03\/WhatsApp-Image-2026-03-07-at-18.48.23-1-768x1024.jpeg 768w, https:\/\/ellotv.com.br\/site\/wp-content\/uploads\/2026\/03\/WhatsApp-Image-2026-03-07-at-18.48.23-1-225x300.jpeg 225w, https:\/\/ellotv.com.br\/site\/wp-content\/uploads\/2026\/03\/WhatsApp-Image-2026-03-07-at-18.48.23-1.jpeg 960w\" sizes=\"(max-width: 640px) 100vw, 640px\" \/> <img decoding=\"async\" class=\"wp-image-5143 size-full aligncenter\" src=\"https:\/\/ellotv.com.br\/site\/wp-content\/uploads\/2026\/03\/WhatsApp-Image-2026-03-07-at-18.48.24-1.jpeg\" alt=\"\" width=\"554\" height=\"554\" srcset=\"https:\/\/ellotv.com.br\/site\/wp-content\/uploads\/2026\/03\/WhatsApp-Image-2026-03-07-at-18.48.24-1.jpeg 554w, https:\/\/ellotv.com.br\/site\/wp-content\/uploads\/2026\/03\/WhatsApp-Image-2026-03-07-at-18.48.24-1-300x300.jpeg 300w, https:\/\/ellotv.com.br\/site\/wp-content\/uploads\/2026\/03\/WhatsApp-Image-2026-03-07-at-18.48.24-1-150x150.jpeg 150w, https:\/\/ellotv.com.br\/site\/wp-content\/uploads\/2026\/03\/WhatsApp-Image-2026-03-07-at-18.48.24-1-350x350.jpeg 350w\" sizes=\"(max-width: 554px) 100vw, 554px\" \/> <img decoding=\"async\" class=\"wp-image-5144 size-full aligncenter\" src=\"https:\/\/ellotv.com.br\/site\/wp-content\/uploads\/2026\/03\/WhatsApp-Image-2026-03-07-at-18.48.24.jpeg\" alt=\"\" width=\"495\" height=\"619\" srcset=\"https:\/\/ellotv.com.br\/site\/wp-content\/uploads\/2026\/03\/WhatsApp-Image-2026-03-07-at-18.48.24.jpeg 495w, https:\/\/ellotv.com.br\/site\/wp-content\/uploads\/2026\/03\/WhatsApp-Image-2026-03-07-at-18.48.24-240x300.jpeg 240w\" sizes=\"(max-width: 495px) 100vw, 495px\" \/> <img loading=\"lazy\" decoding=\"async\" class=\"aligncenter wp-image-5145 size-large\" src=\"https:\/\/ellotv.com.br\/site\/wp-content\/uploads\/2026\/03\/WhatsApp-Image-2026-03-07-at-18.48.25-768x1024.jpeg\" alt=\"\" width=\"640\" height=\"853\" srcset=\"https:\/\/ellotv.com.br\/site\/wp-content\/uploads\/2026\/03\/WhatsApp-Image-2026-03-07-at-18.48.25-768x1024.jpeg 768w, https:\/\/ellotv.com.br\/site\/wp-content\/uploads\/2026\/03\/WhatsApp-Image-2026-03-07-at-18.48.25-225x300.jpeg 225w, https:\/\/ellotv.com.br\/site\/wp-content\/uploads\/2026\/03\/WhatsApp-Image-2026-03-07-at-18.48.25.jpeg 960w\" sizes=\"(max-width: 640px) 100vw, 640px\" \/><\/p>\n","protected":false},"excerpt":{"rendered":"<p>A ELLO TV prepara mais uma novidade em sua programa\u00e7\u00e3o. Trata-se do programa \u201cS\u00e3o Paulo de Perto\u201d, uma<\/p>\n","protected":false},"author":2,"featured_media":5141,"comment_status":"open","ping_status":"open","sticky":false,"template":"","format":"standard","meta":{"footnotes":""},"categories":[8,12],"tags":[],"class_list":["post-5140","post","type-post","status-publish","format-standard","has-post-thumbnail","hentry","category-brasil","category-noticias"],"yoast_head":"<!-- This site is optimized with the Yoast SEO plugin v28.3 - https:\/\/yoast.com\/product\/yoast-seo-wordpress\/ -->\n<title>ELLO TV lan\u00e7a novo programa gravado em S\u00e3o Paulo: \u201cS\u00e3o Paulo de Perto\u201d - Ello TV<\/title>\n<meta name=\"description\" content=\"ELLO TV lan\u00e7a o programa \u201cS\u00e3o Paulo de Perto\u201d, apresentado por DJ Cris, mostrando hist\u00f3rias e cultura nordestina na capital paulista.\" \/>\n<meta name=\"robots\" content=\"index, follow, max-snippet:-1, max-image-preview:large, max-video-preview:-1\" \/>\n<link rel=\"canonical\" href=\"https:\/\/ellotv.com.br\/site\/2026\/03\/10\/ello-tv-lanca-novo-programa-gravado-em-sao-paulo-sao-paulo-de-perto\/\" \/>\n<meta property=\"og:locale\" content=\"pt_BR\" \/>\n<meta property=\"og:type\" content=\"article\" \/>\n<meta property=\"og:title\" content=\"ELLO TV lan\u00e7a novo programa gravado em S\u00e3o Paulo: \u201cS\u00e3o Paulo de Perto\u201d - Ello TV\" \/>\n<meta property=\"og:description\" content=\"ELLO TV lan\u00e7a o programa \u201cS\u00e3o Paulo de Perto\u201d, apresentado por DJ Cris, mostrando hist\u00f3rias e cultura nordestina na capital paulista.\" \/>\n<meta property=\"og:url\" content=\"https:\/\/ellotv.com.br\/site\/2026\/03\/10\/ello-tv-lanca-novo-programa-gravado-em-sao-paulo-sao-paulo-de-perto\/\" \/>\n<meta property=\"og:site_name\" content=\"Ello TV\" \/>\n<meta property=\"article:published_time\" content=\"2026-03-10T11:50:53+00:00\" \/>\n<meta property=\"og:image\" content=\"https:\/\/ellotv.com.br\/site\/wp-content\/uploads\/2026\/03\/WhatsApp-Image-2026-03-07-at-18.48.23.jpeg\" \/>\n\t<meta property=\"og:image:width\" content=\"1177\" \/>\n\t<meta property=\"og:image:height\" content=\"1600\" \/>\n\t<meta property=\"og:image:type\" content=\"image\/jpeg\" \/>\n<meta name=\"author\" content=\"ELLO TV\" \/>\n<meta name=\"twitter:card\" content=\"summary_large_image\" \/>\n<meta name=\"twitter:label1\" content=\"Escrito por\" \/>\n\t<meta name=\"twitter:data1\" content=\"ELLO TV\" \/>\n\t<meta name=\"twitter:label2\" content=\"Est. tempo de leitura\" \/>\n\t<meta name=\"twitter:data2\" content=\"1 minuto\" \/>\n<script type=\"application\/ld+json\" class=\"yoast-schema-graph\">{\"@context\":\"https:\\\/\\\/schema.org\",\"@graph\":[{\"@type\":\"Article\",\"@id\":\"https:\\\/\\\/ellotv.com.br\\\/site\\\/2026\\\/03\\\/10\\\/ello-tv-lanca-novo-programa-gravado-em-sao-paulo-sao-paulo-de-perto\\\/#article\",\"isPartOf\":{\"@id\":\"https:\\\/\\\/ellotv.com.br\\\/site\\\/2026\\\/03\\\/10\\\/ello-tv-lanca-novo-programa-gravado-em-sao-paulo-sao-paulo-de-perto\\\/\"},\"author\":{\"name\":\"ELLO TV\",\"@id\":\"https:\\\/\\\/ellotv.com.br\\\/site\\\/#\\\/schema\\\/person\\\/2dbe3abaee38dcc7332fc8205cd2b15d\"},\"headline\":\"ELLO TV lan\u00e7a novo programa gravado em S\u00e3o Paulo: \u201cS\u00e3o Paulo de Perto\u201d\",\"datePublished\":\"2026-03-10T11:50:53+00:00\",\"mainEntityOfPage\":{\"@id\":\"https:\\\/\\\/ellotv.com.br\\\/site\\\/2026\\\/03\\\/10\\\/ello-tv-lanca-novo-programa-gravado-em-sao-paulo-sao-paulo-de-perto\\\/\"},\"wordCount\":248,\"commentCount\":0,\"publisher\":{\"@id\":\"https:\\\/\\\/ellotv.com.br\\\/site\\\/#organization\"},\"image\":{\"@id\":\"https:\\\/\\\/ellotv.com.br\\\/site\\\/2026\\\/03\\\/10\\\/ello-tv-lanca-novo-programa-gravado-em-sao-paulo-sao-paulo-de-perto\\\/#primaryimage\"},\"thumbnailUrl\":\"https:\\\/\\\/ellotv.com.br\\\/site\\\/wp-content\\\/uploads\\\/2026\\\/03\\\/WhatsApp-Image-2026-03-07-at-18.48.23.jpeg\",\"articleSection\":[\"Brasil\",\"Noticias\"],\"inLanguage\":\"pt-BR\",\"potentialAction\":[{\"@type\":\"CommentAction\",\"name\":\"Comment\",\"target\":[\"https:\\\/\\\/ellotv.com.br\\\/site\\\/2026\\\/03\\\/10\\\/ello-tv-lanca-novo-programa-gravado-em-sao-paulo-sao-paulo-de-perto\\\/#respond\"]}]},{\"@type\":\"WebPage\",\"@id\":\"https:\\\/\\\/ellotv.com.br\\\/site\\\/2026\\\/03\\\/10\\\/ello-tv-lanca-novo-programa-gravado-em-sao-paulo-sao-paulo-de-perto\\\/\",\"url\":\"https:\\\/\\\/ellotv.com.br\\\/site\\\/2026\\\/03\\\/10\\\/ello-tv-lanca-novo-programa-gravado-em-sao-paulo-sao-paulo-de-perto\\\/\",\"name\":\"ELLO TV lan\u00e7a novo programa gravado em S\u00e3o Paulo: \u201cS\u00e3o Paulo de Perto\u201d - Ello TV\",\"isPartOf\":{\"@id\":\"https:\\\/\\\/ellotv.com.br\\\/site\\\/#website\"},\"primaryImageOfPage\":{\"@id\":\"https:\\\/\\\/ellotv.com.br\\\/site\\\/2026\\\/03\\\/10\\\/ello-tv-lanca-novo-programa-gravado-em-sao-paulo-sao-paulo-de-perto\\\/#primaryimage\"},\"image\":{\"@id\":\"https:\\\/\\\/ellotv.com.br\\\/site\\\/2026\\\/03\\\/10\\\/ello-tv-lanca-novo-programa-gravado-em-sao-paulo-sao-paulo-de-perto\\\/#primaryimage\"},\"thumbnailUrl\":\"https:\\\/\\\/ellotv.com.br\\\/site\\\/wp-content\\\/uploads\\\/2026\\\/03\\\/WhatsApp-Image-2026-03-07-at-18.48.23.jpeg\",\"datePublished\":\"2026-03-10T11:50:53+00:00\",\"description\":\"ELLO TV lan\u00e7a o programa \u201cS\u00e3o Paulo de Perto\u201d, apresentado por DJ Cris, mostrando hist\u00f3rias e cultura nordestina na capital paulista.\",\"breadcrumb\":{\"@id\":\"https:\\\/\\\/ellotv.com.br\\\/site\\\/2026\\\/03\\\/10\\\/ello-tv-lanca-novo-programa-gravado-em-sao-paulo-sao-paulo-de-perto\\\/#breadcrumb\"},\"inLanguage\":\"pt-BR\",\"potentialAction\":[{\"@type\":\"ReadAction\",\"target\":[\"https:\\\/\\\/ellotv.com.br\\\/site\\\/2026\\\/03\\\/10\\\/ello-tv-lanca-novo-programa-gravado-em-sao-paulo-sao-paulo-de-perto\\\/\"]}]},{\"@type\":\"ImageObject\",\"inLanguage\":\"pt-BR\",\"@id\":\"https:\\\/\\\/ellotv.com.br\\\/site\\\/2026\\\/03\\\/10\\\/ello-tv-lanca-novo-programa-gravado-em-sao-paulo-sao-paulo-de-perto\\\/#primaryimage\",\"url\":\"https:\\\/\\\/ellotv.com.br\\\/site\\\/wp-content\\\/uploads\\\/2026\\\/03\\\/WhatsApp-Image-2026-03-07-at-18.48.23.jpeg\",\"contentUrl\":\"https:\\\/\\\/ellotv.com.br\\\/site\\\/wp-content\\\/uploads\\\/2026\\\/03\\\/WhatsApp-Image-2026-03-07-at-18.48.23.jpeg\",\"width\":1177,\"height\":1600},{\"@type\":\"BreadcrumbList\",\"@id\":\"https:\\\/\\\/ellotv.com.br\\\/site\\\/2026\\\/03\\\/10\\\/ello-tv-lanca-novo-programa-gravado-em-sao-paulo-sao-paulo-de-perto\\\/#breadcrumb\",\"itemListElement\":[{\"@type\":\"ListItem\",\"position\":1,\"name\":\"In\u00edcio\",\"item\":\"https:\\\/\\\/ellotv.com.br\\\/site\\\/\"},{\"@type\":\"ListItem\",\"position\":2,\"name\":\"ELLO TV lan\u00e7a novo programa gravado em S\u00e3o Paulo: \u201cS\u00e3o Paulo de Perto\u201d\"}]},{\"@type\":\"WebSite\",\"@id\":\"https:\\\/\\\/ellotv.com.br\\\/site\\\/#website\",\"url\":\"https:\\\/\\\/ellotv.com.br\\\/site\\\/\",\"name\":\"ELLO TV\",\"description\":\"\",\"publisher\":{\"@id\":\"https:\\\/\\\/ellotv.com.br\\\/site\\\/#organization\"},\"potentialAction\":[{\"@type\":\"SearchAction\",\"target\":{\"@type\":\"EntryPoint\",\"urlTemplate\":\"https:\\\/\\\/ellotv.com.br\\\/site\\\/?s={search_term_string}\"},\"query-input\":{\"@type\":\"PropertyValueSpecification\",\"valueRequired\":true,\"valueName\":\"search_term_string\"}}],\"inLanguage\":\"pt-BR\"},{\"@type\":\"Organization\",\"@id\":\"https:\\\/\\\/ellotv.com.br\\\/site\\\/#organization\",\"name\":\"ELLO TV\",\"url\":\"https:\\\/\\\/ellotv.com.br\\\/site\\\/\",\"logo\":{\"@type\":\"ImageObject\",\"inLanguage\":\"pt-BR\",\"@id\":\"https:\\\/\\\/ellotv.com.br\\\/site\\\/#\\\/schema\\\/logo\\\/image\\\/\",\"url\":\"https:\\\/\\\/ellotv.com.br\\\/site\\\/wp-content\\\/uploads\\\/2025\\\/11\\\/ello-logo-2.fw_.png\",\"contentUrl\":\"https:\\\/\\\/ellotv.com.br\\\/site\\\/wp-content\\\/uploads\\\/2025\\\/11\\\/ello-logo-2.fw_.png\",\"width\":400,\"height\":146,\"caption\":\"ELLO TV\"},\"image\":{\"@id\":\"https:\\\/\\\/ellotv.com.br\\\/site\\\/#\\\/schema\\\/logo\\\/image\\\/\"}},{\"@type\":\"Person\",\"@id\":\"https:\\\/\\\/ellotv.com.br\\\/site\\\/#\\\/schema\\\/person\\\/2dbe3abaee38dcc7332fc8205cd2b15d\",\"name\":\"ELLO TV\",\"image\":{\"@type\":\"ImageObject\",\"inLanguage\":\"pt-BR\",\"@id\":\"https:\\\/\\\/secure.gravatar.com\\\/avatar\\\/c38242b9da8ec217ac3f0aaee31a54f7d7befb11b2b47fdbc8fb0fad60afa1c6?s=96&d=mm&r=g\",\"url\":\"https:\\\/\\\/secure.gravatar.com\\\/avatar\\\/c38242b9da8ec217ac3f0aaee31a54f7d7befb11b2b47fdbc8fb0fad60afa1c6?s=96&d=mm&r=g\",\"contentUrl\":\"https:\\\/\\\/secure.gravatar.com\\\/avatar\\\/c38242b9da8ec217ac3f0aaee31a54f7d7befb11b2b47fdbc8fb0fad60afa1c6?s=96&d=mm&r=g\",\"caption\":\"ELLO TV\"},\"url\":\"https:\\\/\\\/ellotv.com.br\\\/site\\\/author\\\/elloagencia\\\/\"}]}<\/script>\n<!-- \/ Yoast SEO plugin. -->","yoast_head_json":{"title":"ELLO TV lan\u00e7a novo programa gravado em S\u00e3o Paulo: \u201cS\u00e3o Paulo de Perto\u201d - Ello TV","description":"ELLO TV lan\u00e7a o programa \u201cS\u00e3o Paulo de Perto\u201d, apresentado por DJ Cris, mostrando hist\u00f3rias e cultura nordestina na capital paulista.","robots":{"index":"index","follow":"follow","max-snippet":"max-snippet:-1","max-image-preview":"max-image-preview:large","max-video-preview":"max-video-preview:-1"},"canonical":"https:\/\/ellotv.com.br\/site\/2026\/03\/10\/ello-tv-lanca-novo-programa-gravado-em-sao-paulo-sao-paulo-de-perto\/","og_locale":"pt_BR","og_type":"article","og_title":"ELLO TV lan\u00e7a novo programa gravado em S\u00e3o Paulo: \u201cS\u00e3o Paulo de Perto\u201d - Ello TV","og_description":"ELLO TV lan\u00e7a o programa \u201cS\u00e3o Paulo de Perto\u201d, apresentado por DJ Cris, mostrando hist\u00f3rias e cultura nordestina na capital paulista.","og_url":"https:\/\/ellotv.com.br\/site\/2026\/03\/10\/ello-tv-lanca-novo-programa-gravado-em-sao-paulo-sao-paulo-de-perto\/","og_site_name":"Ello TV","article_published_time":"2026-03-10T11:50:53+00:00","og_image":[{"width":1177,"height":1600,"url":"https:\/\/ellotv.com.br\/site\/wp-content\/uploads\/2026\/03\/WhatsApp-Image-2026-03-07-at-18.48.23.jpeg","type":"image\/jpeg"}],"author":"ELLO TV","twitter_card":"summary_large_image","twitter_misc":{"Escrito por":"ELLO TV","Est. tempo de leitura":"1 minuto"},"schema":{"@context":"https:\/\/schema.org","@graph":[{"@type":"Article","@id":"https:\/\/ellotv.com.br\/site\/2026\/03\/10\/ello-tv-lanca-novo-programa-gravado-em-sao-paulo-sao-paulo-de-perto\/#article","isPartOf":{"@id":"https:\/\/ellotv.com.br\/site\/2026\/03\/10\/ello-tv-lanca-novo-programa-gravado-em-sao-paulo-sao-paulo-de-perto\/"},"author":{"name":"ELLO TV","@id":"https:\/\/ellotv.com.br\/site\/#\/schema\/person\/2dbe3abaee38dcc7332fc8205cd2b15d"},"headline":"ELLO TV lan\u00e7a novo programa gravado em S\u00e3o Paulo: \u201cS\u00e3o Paulo de Perto\u201d","datePublished":"2026-03-10T11:50:53+00:00","mainEntityOfPage":{"@id":"https:\/\/ellotv.com.br\/site\/2026\/03\/10\/ello-tv-lanca-novo-programa-gravado-em-sao-paulo-sao-paulo-de-perto\/"},"wordCount":248,"commentCount":0,"publisher":{"@id":"https:\/\/ellotv.com.br\/site\/#organization"},"image":{"@id":"https:\/\/ellotv.com.br\/site\/2026\/03\/10\/ello-tv-lanca-novo-programa-gravado-em-sao-paulo-sao-paulo-de-perto\/#primaryimage"},"thumbnailUrl":"https:\/\/ellotv.com.br\/site\/wp-content\/uploads\/2026\/03\/WhatsApp-Image-2026-03-07-at-18.48.23.jpeg","articleSection":["Brasil","Noticias"],"inLanguage":"pt-BR","potentialAction":[{"@type":"CommentAction","name":"Comment","target":["https:\/\/ellotv.com.br\/site\/2026\/03\/10\/ello-tv-lanca-novo-programa-gravado-em-sao-paulo-sao-paulo-de-perto\/#respond"]}]},{"@type":"WebPage","@id":"https:\/\/ellotv.com.br\/site\/2026\/03\/10\/ello-tv-lanca-novo-programa-gravado-em-sao-paulo-sao-paulo-de-perto\/","url":"https:\/\/ellotv.com.br\/site\/2026\/03\/10\/ello-tv-lanca-novo-programa-gravado-em-sao-paulo-sao-paulo-de-perto\/","name":"ELLO TV lan\u00e7a novo programa gravado em S\u00e3o Paulo: \u201cS\u00e3o Paulo de Perto\u201d - Ello TV","isPartOf":{"@id":"https:\/\/ellotv.com.br\/site\/#website"},"primaryImageOfPage":{"@id":"https:\/\/ellotv.com.br\/site\/2026\/03\/10\/ello-tv-lanca-novo-programa-gravado-em-sao-paulo-sao-paulo-de-perto\/#primaryimage"},"image":{"@id":"https:\/\/ellotv.com.br\/site\/2026\/03\/10\/ello-tv-lanca-novo-programa-gravado-em-sao-paulo-sao-paulo-de-perto\/#primaryimage"},"thumbnailUrl":"https:\/\/ellotv.com.br\/site\/wp-content\/uploads\/2026\/03\/WhatsApp-Image-2026-03-07-at-18.48.23.jpeg","datePublished":"2026-03-10T11:50:53+00:00","description":"ELLO TV lan\u00e7a o programa \u201cS\u00e3o Paulo de Perto\u201d, apresentado por DJ Cris, mostrando hist\u00f3rias e cultura nordestina na capital paulista.","breadcrumb":{"@id":"https:\/\/ellotv.com.br\/site\/2026\/03\/10\/ello-tv-lanca-novo-programa-gravado-em-sao-paulo-sao-paulo-de-perto\/#breadcrumb"},"inLanguage":"pt-BR","potentialAction":[{"@type":"ReadAction","target":["https:\/\/ellotv.com.br\/site\/2026\/03\/10\/ello-tv-lanca-novo-programa-gravado-em-sao-paulo-sao-paulo-de-perto\/"]}]},{"@type":"ImageObject","inLanguage":"pt-BR","@id":"https:\/\/ellotv.com.br\/site\/2026\/03\/10\/ello-tv-lanca-novo-programa-gravado-em-sao-paulo-sao-paulo-de-perto\/#primaryimage","url":"https:\/\/ellotv.com.br\/site\/wp-content\/uploads\/2026\/03\/WhatsApp-Image-2026-03-07-at-18.48.23.jpeg","contentUrl":"https:\/\/ellotv.com.br\/site\/wp-content\/uploads\/2026\/03\/WhatsApp-Image-2026-03-07-at-18.48.23.jpeg","width":1177,"height":1600},{"@type":"BreadcrumbList","@id":"https:\/\/ellotv.com.br\/site\/2026\/03\/10\/ello-tv-lanca-novo-programa-gravado-em-sao-paulo-sao-paulo-de-perto\/#breadcrumb","itemListElement":[{"@type":"ListItem","position":1,"name":"In\u00edcio","item":"https:\/\/ellotv.com.br\/site\/"},{"@type":"ListItem","position":2,"name":"ELLO TV lan\u00e7a novo programa gravado em S\u00e3o Paulo: \u201cS\u00e3o Paulo de Perto\u201d"}]},{"@type":"WebSite","@id":"https:\/\/ellotv.com.br\/site\/#website","url":"https:\/\/ellotv.com.br\/site\/","name":"ELLO TV","description":"","publisher":{"@id":"https:\/\/ellotv.com.br\/site\/#organization"},"potentialAction":[{"@type":"SearchAction","target":{"@type":"EntryPoint","urlTemplate":"https:\/\/ellotv.com.br\/site\/?s={search_term_string}"},"query-input":{"@type":"PropertyValueSpecification","valueRequired":true,"valueName":"search_term_string"}}],"inLanguage":"pt-BR"},{"@type":"Organization","@id":"https:\/\/ellotv.com.br\/site\/#organization","name":"ELLO TV","url":"https:\/\/ellotv.com.br\/site\/","logo":{"@type":"ImageObject","inLanguage":"pt-BR","@id":"https:\/\/ellotv.com.br\/site\/#\/schema\/logo\/image\/","url":"https:\/\/ellotv.com.br\/site\/wp-content\/uploads\/2025\/11\/ello-logo-2.fw_.png","contentUrl":"https:\/\/ellotv.com.br\/site\/wp-content\/uploads\/2025\/11\/ello-logo-2.fw_.png","width":400,"height":146,"caption":"ELLO TV"},"image":{"@id":"https:\/\/ellotv.com.br\/site\/#\/schema\/logo\/image\/"}},{"@type":"Person","@id":"https:\/\/ellotv.com.br\/site\/#\/schema\/person\/2dbe3abaee38dcc7332fc8205cd2b15d","name":"ELLO TV","image":{"@type":"ImageObject","inLanguage":"pt-BR","@id":"https:\/\/secure.gravatar.com\/avatar\/c38242b9da8ec217ac3f0aaee31a54f7d7befb11b2b47fdbc8fb0fad60afa1c6?s=96&d=mm&r=g","url":"https:\/\/secure.gravatar.com\/avatar\/c38242b9da8ec217ac3f0aaee31a54f7d7befb11b2b47fdbc8fb0fad60afa1c6?s=96&d=mm&r=g","contentUrl":"https:\/\/secure.gravatar.com\/avatar\/c38242b9da8ec217ac3f0aaee31a54f7d7befb11b2b47fdbc8fb0fad60afa1c6?s=96&d=mm&r=g","caption":"ELLO TV"},"url":"https:\/\/ellotv.com.br\/site\/author\/elloagencia\/"}]}},"featured_image_urls":{"full":["https:\/\/ellotv.com.br\/site\/wp-content\/uploads\/2026\/03\/WhatsApp-Image-2026-03-07-at-18.48.23.jpeg",1177,1600,false],"thumbnail":["https:\/\/ellotv.com.br\/site\/wp-content\/uploads\/2026\/03\/WhatsApp-Image-2026-03-07-at-18.48.23-150x150.jpeg",150,150,true],"medium":["https:\/\/ellotv.com.br\/site\/wp-content\/uploads\/2026\/03\/WhatsApp-Image-2026-03-07-at-18.48.23-221x300.jpeg",221,300,true],"medium_large":["https:\/\/ellotv.com.br\/site\/wp-content\/uploads\/2026\/03\/WhatsApp-Image-2026-03-07-at-18.48.23-768x1044.jpeg",640,870,true],"large":["https:\/\/ellotv.com.br\/site\/wp-content\/uploads\/2026\/03\/WhatsApp-Image-2026-03-07-at-18.48.23-753x1024.jpeg",640,870,true],"1536x1536":["https:\/\/ellotv.com.br\/site\/wp-content\/uploads\/2026\/03\/WhatsApp-Image-2026-03-07-at-18.48.23-1130x1536.jpeg",1130,1536,true],"2048x2048":["https:\/\/ellotv.com.br\/site\/wp-content\/uploads\/2026\/03\/WhatsApp-Image-2026-03-07-at-18.48.23.jpeg",1177,1600,false],"darknews-slider-full":["https:\/\/ellotv.com.br\/site\/wp-content\/uploads\/2026\/03\/WhatsApp-Image-2026-03-07-at-18.48.23-1177x720.jpeg",1177,720,true],"darknews-featured":["https:\/\/ellotv.com.br\/site\/wp-content\/uploads\/2026\/03\/WhatsApp-Image-2026-03-07-at-18.48.23-1024x1392.jpeg",1024,1392,true],"darknews-medium":["https:\/\/ellotv.com.br\/site\/wp-content\/uploads\/2026\/03\/WhatsApp-Image-2026-03-07-at-18.48.23-720x530.jpeg",720,530,true],"darknews-medium-square":["https:\/\/ellotv.com.br\/site\/wp-content\/uploads\/2026\/03\/WhatsApp-Image-2026-03-07-at-18.48.23-350x350.jpeg",350,350,true]},"author_info":{"info":["ELLO TV"]},"category_info":"<a href=\"https:\/\/ellotv.com.br\/site\/category\/brasil\/\" rel=\"category tag\">Brasil<\/a> <a href=\"https:\/\/ellotv.com.br\/site\/category\/noticias\/\" rel=\"category tag\">Noticias<\/a>","tag_info":"Noticias","comment_count":"0","_links":{"self":[{"href":"https:\/\/ellotv.com.br\/site\/wp-json\/wp\/v2\/posts\/5140","targetHints":{"allow":["GET"]}}],"collection":[{"href":"https:\/\/ellotv.com.br\/site\/wp-json\/wp\/v2\/posts"}],"about":[{"href":"https:\/\/ellotv.com.br\/site\/wp-json\/wp\/v2\/types\/post"}],"author":[{"embeddable":true,"href":"https:\/\/ellotv.com.br\/site\/wp-json\/wp\/v2\/users\/2"}],"replies":[{"embeddable":true,"href":"https:\/\/ellotv.com.br\/site\/wp-json\/wp\/v2\/comments?post=5140"}],"version-history":[{"count":1,"href":"https:\/\/ellotv.com.br\/site\/wp-json\/wp\/v2\/posts\/5140\/revisions"}],"predecessor-version":[{"id":5146,"href":"https:\/\/ellotv.com.br\/site\/wp-json\/wp\/v2\/posts\/5140\/revisions\/5146"}],"wp:featuredmedia":[{"embeddable":true,"href":"https:\/\/ellotv.com.br\/site\/wp-json\/wp\/v2\/media\/5141"}],"wp:attachment":[{"href":"https:\/\/ellotv.com.br\/site\/wp-json\/wp\/v2\/media?parent=5140"}],"wp:term":[{"taxonomy":"category","embeddable":true,"href":"https:\/\/ellotv.com.br\/site\/wp-json\/wp\/v2\/categories?post=5140"},{"taxonomy":"post_tag","embeddable":true,"href":"https:\/\/ellotv.com.br\/site\/wp-json\/wp\/v2\/tags?post=5140"}],"curies":[{"name":"wp","href":"https:\/\/api.w.org\/{rel}","templated":true}]}}