{"id":5148,"date":"2026-03-10T08:56:35","date_gmt":"2026-03-10T11:56:35","guid":{"rendered":"https:\/\/ellotv.com.br\/site\/?p=5148"},"modified":"2026-03-10T08:56:35","modified_gmt":"2026-03-10T11:56:35","slug":"ello-tv-homenageia-dra-lucia-lima-no-dia-da-mulher","status":"publish","type":"post","link":"https:\/\/ellotv.com.br\/site\/2026\/03\/10\/ello-tv-homenageia-dra-lucia-lima-no-dia-da-mulher\/","title":{"rendered":"ELLO TV homenageia Dra. L\u00facia Lima no Dia da Mulher"},"content":{"rendered":"<p data-start=\"71\" data-end=\"324\">Neste <strong data-start=\"77\" data-end=\"118\"><span class=\"hover:entity-accent entity-underline inline cursor-pointer align-baseline\"><span class=\"whitespace-normal\">Dia Internacional da Mulher<\/span><\/span><\/strong>, a <span class=\"hover:entity-accent entity-underline inline cursor-pointer align-baseline\"><span class=\"whitespace-normal\">ELLO TV<\/span><\/span> presta uma homenagem \u00e0 m\u00e9dica <span class=\"hover:entity-accent entity-underline inline cursor-pointer align-baseline\"><span class=\"whitespace-normal\">L\u00facia Lima<\/span><\/span>, reconhecendo sua trajet\u00f3ria marcada por cuidado, dedica\u00e7\u00e3o e compromisso com o Sert\u00e3o do Paje\u00fa.<\/p>\n<p data-start=\"326\" data-end=\"649\">Natural de <span class=\"hover:entity-accent entity-underline inline cursor-pointer align-baseline\"><span class=\"whitespace-normal\">Recife<\/span><\/span>, Dra. L\u00facia \u00e9 m\u00e9dica anestesista e m\u00e3e de tr\u00eas filhos. H\u00e1 29 anos vivendo no Sert\u00e3o, construiu fortes la\u00e7os com a regi\u00e3o e com o povo sertanejo, dedicando grande parte de sua vida profissional ao cuidado com a sa\u00fade e \u00e0 preserva\u00e7\u00e3o da vida em hospitais e centros cir\u00fargicos.<\/p>\n<p data-start=\"651\" data-end=\"908\">Sua voca\u00e7\u00e3o para servir tamb\u00e9m a levou \u00e0 vida p\u00fablica. Em <span class=\"hover:entity-accent entity-underline inline cursor-pointer align-baseline\"><span class=\"whitespace-normal\">Afogados da Ingazeira<\/span><\/span>, atuou como vice-prefeita ao lado do ent\u00e3o prefeito <span class=\"hover:entity-accent entity-underline inline cursor-pointer align-baseline\"><span class=\"whitespace-normal\">Jos\u00e9 Patriota<\/span><\/span>, participando de a\u00e7\u00f5es importantes para o desenvolvimento do munic\u00edpio.<\/p>\n<p data-start=\"910\" data-end=\"1117\">Atualmente, como primeira-dama de <span class=\"hover:entity-accent entity-underline inline cursor-pointer align-baseline\"><span class=\"whitespace-normal\">S\u00e3o Jos\u00e9 do Egito<\/span><\/span>, continua contribuindo com iniciativas sociais, mantendo um olhar humano e sens\u00edvel voltado \u00e0s fam\u00edlias e \u00e0s pessoas que mais precisam.<\/p>\n<p data-start=\"1119\" data-end=\"1301\">Neste Dia Internacional da Mulher, a ELLO TV destaca em Dra. L\u00facia Lima a for\u00e7a, a sensibilidade e o compromisso que representam tantas mulheres que transformam realidades no Sert\u00e3o.<\/p>\n<p data-start=\"1119\" data-end=\"1301\">\n<p data-start=\"1119\" data-end=\"1301\"><img fetchpriority=\"high\" decoding=\"async\" class=\"aligncenter wp-image-5150 size-large\" src=\"https:\/\/ellotv.com.br\/site\/wp-content\/uploads\/2026\/03\/WhatsApp-Image-2026-03-07-at-20.07.32-1-826x1024.jpeg\" alt=\"\" width=\"640\" height=\"793\" srcset=\"https:\/\/ellotv.com.br\/site\/wp-content\/uploads\/2026\/03\/WhatsApp-Image-2026-03-07-at-20.07.32-1-826x1024.jpeg 826w, https:\/\/ellotv.com.br\/site\/wp-content\/uploads\/2026\/03\/WhatsApp-Image-2026-03-07-at-20.07.32-1-242x300.jpeg 242w, https:\/\/ellotv.com.br\/site\/wp-content\/uploads\/2026\/03\/WhatsApp-Image-2026-03-07-at-20.07.32-1-768x952.jpeg 768w, https:\/\/ellotv.com.br\/site\/wp-content\/uploads\/2026\/03\/WhatsApp-Image-2026-03-07-at-20.07.32-1-1239x1536.jpeg 1239w, https:\/\/ellotv.com.br\/site\/wp-content\/uploads\/2026\/03\/WhatsApp-Image-2026-03-07-at-20.07.32-1-1024x1269.jpeg 1024w, https:\/\/ellotv.com.br\/site\/wp-content\/uploads\/2026\/03\/WhatsApp-Image-2026-03-07-at-20.07.32-1.jpeg 1283w\" sizes=\"(max-width: 640px) 100vw, 640px\" \/> <img decoding=\"async\" class=\"aligncenter wp-image-5151 size-full\" src=\"https:\/\/ellotv.com.br\/site\/wp-content\/uploads\/2026\/03\/WhatsApp-Image-2026-03-07-at-20.07.33.jpeg\" alt=\"\" width=\"926\" height=\"1007\" srcset=\"https:\/\/ellotv.com.br\/site\/wp-content\/uploads\/2026\/03\/WhatsApp-Image-2026-03-07-at-20.07.33.jpeg 926w, https:\/\/ellotv.com.br\/site\/wp-content\/uploads\/2026\/03\/WhatsApp-Image-2026-03-07-at-20.07.33-276x300.jpeg 276w, https:\/\/ellotv.com.br\/site\/wp-content\/uploads\/2026\/03\/WhatsApp-Image-2026-03-07-at-20.07.33-768x835.jpeg 768w\" sizes=\"(max-width: 926px) 100vw, 926px\" \/><\/p>\n","protected":false},"excerpt":{"rendered":"<p>Neste Dia Internacional da Mulher, a ELLO TV presta uma homenagem \u00e0 m\u00e9dica L\u00facia Lima, reconhecendo sua trajet\u00f3ria<\/p>\n","protected":false},"author":2,"featured_media":5149,"comment_status":"open","ping_status":"open","sticky":false,"template":"","format":"standard","meta":{"footnotes":""},"categories":[12,9],"tags":[],"class_list":["post-5148","post","type-post","status-publish","format-standard","has-post-thumbnail","hentry","category-noticias","category-regional"],"yoast_head":"<!-- This site is optimized with the Yoast SEO plugin v28.3 - https:\/\/yoast.com\/product\/yoast-seo-wordpress\/ -->\n<title>ELLO TV homenageia Dra. L\u00facia Lima no Dia da Mulher - Ello TV<\/title>\n<meta name=\"description\" content=\"ELLO TV homenageia Dra. L\u00facia Lima no Dia da Mulher, destacando sua trajet\u00f3ria na medicina, na vida p\u00fablica e no Sert\u00e3o do Paje\u00fa.\" \/>\n<meta name=\"robots\" content=\"index, follow, max-snippet:-1, max-image-preview:large, max-video-preview:-1\" \/>\n<link rel=\"canonical\" href=\"https:\/\/ellotv.com.br\/site\/2026\/03\/10\/ello-tv-homenageia-dra-lucia-lima-no-dia-da-mulher\/\" \/>\n<meta property=\"og:locale\" content=\"pt_BR\" \/>\n<meta property=\"og:type\" content=\"article\" \/>\n<meta property=\"og:title\" content=\"ELLO TV homenageia Dra. L\u00facia Lima no Dia da Mulher - Ello TV\" \/>\n<meta property=\"og:description\" content=\"ELLO TV homenageia Dra. L\u00facia Lima no Dia da Mulher, destacando sua trajet\u00f3ria na medicina, na vida p\u00fablica e no Sert\u00e3o do Paje\u00fa.\" \/>\n<meta property=\"og:url\" content=\"https:\/\/ellotv.com.br\/site\/2026\/03\/10\/ello-tv-homenageia-dra-lucia-lima-no-dia-da-mulher\/\" \/>\n<meta property=\"og:site_name\" content=\"Ello TV\" \/>\n<meta property=\"article:published_time\" content=\"2026-03-10T11:56:35+00:00\" \/>\n<meta property=\"og:image\" content=\"https:\/\/ellotv.com.br\/site\/wp-content\/uploads\/2026\/03\/WhatsApp-Image-2026-03-07-at-20.07.32.jpeg\" \/>\n\t<meta property=\"og:image:width\" content=\"1214\" \/>\n\t<meta property=\"og:image:height\" content=\"1600\" \/>\n\t<meta property=\"og:image:type\" content=\"image\/jpeg\" \/>\n<meta name=\"author\" content=\"ELLO TV\" \/>\n<meta name=\"twitter:card\" content=\"summary_large_image\" \/>\n<meta name=\"twitter:label1\" content=\"Escrito por\" \/>\n\t<meta name=\"twitter:data1\" content=\"ELLO TV\" \/>\n\t<meta name=\"twitter:label2\" content=\"Est. tempo de leitura\" \/>\n\t<meta name=\"twitter:data2\" content=\"1 minuto\" \/>\n<script type=\"application\/ld+json\" class=\"yoast-schema-graph\">{\"@context\":\"https:\\\/\\\/schema.org\",\"@graph\":[{\"@type\":\"Article\",\"@id\":\"https:\\\/\\\/ellotv.com.br\\\/site\\\/2026\\\/03\\\/10\\\/ello-tv-homenageia-dra-lucia-lima-no-dia-da-mulher\\\/#article\",\"isPartOf\":{\"@id\":\"https:\\\/\\\/ellotv.com.br\\\/site\\\/2026\\\/03\\\/10\\\/ello-tv-homenageia-dra-lucia-lima-no-dia-da-mulher\\\/\"},\"author\":{\"name\":\"ELLO TV\",\"@id\":\"https:\\\/\\\/ellotv.com.br\\\/site\\\/#\\\/schema\\\/person\\\/2dbe3abaee38dcc7332fc8205cd2b15d\"},\"headline\":\"ELLO TV homenageia Dra. L\u00facia Lima no Dia da Mulher\",\"datePublished\":\"2026-03-10T11:56:35+00:00\",\"mainEntityOfPage\":{\"@id\":\"https:\\\/\\\/ellotv.com.br\\\/site\\\/2026\\\/03\\\/10\\\/ello-tv-homenageia-dra-lucia-lima-no-dia-da-mulher\\\/\"},\"wordCount\":204,\"commentCount\":0,\"publisher\":{\"@id\":\"https:\\\/\\\/ellotv.com.br\\\/site\\\/#organization\"},\"image\":{\"@id\":\"https:\\\/\\\/ellotv.com.br\\\/site\\\/2026\\\/03\\\/10\\\/ello-tv-homenageia-dra-lucia-lima-no-dia-da-mulher\\\/#primaryimage\"},\"thumbnailUrl\":\"https:\\\/\\\/ellotv.com.br\\\/site\\\/wp-content\\\/uploads\\\/2026\\\/03\\\/WhatsApp-Image-2026-03-07-at-20.07.32.jpeg\",\"articleSection\":[\"Noticias\",\"Regional\"],\"inLanguage\":\"pt-BR\",\"potentialAction\":[{\"@type\":\"CommentAction\",\"name\":\"Comment\",\"target\":[\"https:\\\/\\\/ellotv.com.br\\\/site\\\/2026\\\/03\\\/10\\\/ello-tv-homenageia-dra-lucia-lima-no-dia-da-mulher\\\/#respond\"]}]},{\"@type\":\"WebPage\",\"@id\":\"https:\\\/\\\/ellotv.com.br\\\/site\\\/2026\\\/03\\\/10\\\/ello-tv-homenageia-dra-lucia-lima-no-dia-da-mulher\\\/\",\"url\":\"https:\\\/\\\/ellotv.com.br\\\/site\\\/2026\\\/03\\\/10\\\/ello-tv-homenageia-dra-lucia-lima-no-dia-da-mulher\\\/\",\"name\":\"ELLO TV homenageia Dra. L\u00facia Lima no Dia da Mulher - Ello TV\",\"isPartOf\":{\"@id\":\"https:\\\/\\\/ellotv.com.br\\\/site\\\/#website\"},\"primaryImageOfPage\":{\"@id\":\"https:\\\/\\\/ellotv.com.br\\\/site\\\/2026\\\/03\\\/10\\\/ello-tv-homenageia-dra-lucia-lima-no-dia-da-mulher\\\/#primaryimage\"},\"image\":{\"@id\":\"https:\\\/\\\/ellotv.com.br\\\/site\\\/2026\\\/03\\\/10\\\/ello-tv-homenageia-dra-lucia-lima-no-dia-da-mulher\\\/#primaryimage\"},\"thumbnailUrl\":\"https:\\\/\\\/ellotv.com.br\\\/site\\\/wp-content\\\/uploads\\\/2026\\\/03\\\/WhatsApp-Image-2026-03-07-at-20.07.32.jpeg\",\"datePublished\":\"2026-03-10T11:56:35+00:00\",\"description\":\"ELLO TV homenageia Dra. L\u00facia Lima no Dia da Mulher, destacando sua trajet\u00f3ria na medicina, na vida p\u00fablica e no Sert\u00e3o do Paje\u00fa.\",\"breadcrumb\":{\"@id\":\"https:\\\/\\\/ellotv.com.br\\\/site\\\/2026\\\/03\\\/10\\\/ello-tv-homenageia-dra-lucia-lima-no-dia-da-mulher\\\/#breadcrumb\"},\"inLanguage\":\"pt-BR\",\"potentialAction\":[{\"@type\":\"ReadAction\",\"target\":[\"https:\\\/\\\/ellotv.com.br\\\/site\\\/2026\\\/03\\\/10\\\/ello-tv-homenageia-dra-lucia-lima-no-dia-da-mulher\\\/\"]}]},{\"@type\":\"ImageObject\",\"inLanguage\":\"pt-BR\",\"@id\":\"https:\\\/\\\/ellotv.com.br\\\/site\\\/2026\\\/03\\\/10\\\/ello-tv-homenageia-dra-lucia-lima-no-dia-da-mulher\\\/#primaryimage\",\"url\":\"https:\\\/\\\/ellotv.com.br\\\/site\\\/wp-content\\\/uploads\\\/2026\\\/03\\\/WhatsApp-Image-2026-03-07-at-20.07.32.jpeg\",\"contentUrl\":\"https:\\\/\\\/ellotv.com.br\\\/site\\\/wp-content\\\/uploads\\\/2026\\\/03\\\/WhatsApp-Image-2026-03-07-at-20.07.32.jpeg\",\"width\":1214,\"height\":1600},{\"@type\":\"BreadcrumbList\",\"@id\":\"https:\\\/\\\/ellotv.com.br\\\/site\\\/2026\\\/03\\\/10\\\/ello-tv-homenageia-dra-lucia-lima-no-dia-da-mulher\\\/#breadcrumb\",\"itemListElement\":[{\"@type\":\"ListItem\",\"position\":1,\"name\":\"In\u00edcio\",\"item\":\"https:\\\/\\\/ellotv.com.br\\\/site\\\/\"},{\"@type\":\"ListItem\",\"position\":2,\"name\":\"ELLO TV homenageia Dra. L\u00facia Lima no Dia da Mulher\"}]},{\"@type\":\"WebSite\",\"@id\":\"https:\\\/\\\/ellotv.com.br\\\/site\\\/#website\",\"url\":\"https:\\\/\\\/ellotv.com.br\\\/site\\\/\",\"name\":\"ELLO TV\",\"description\":\"\",\"publisher\":{\"@id\":\"https:\\\/\\\/ellotv.com.br\\\/site\\\/#organization\"},\"potentialAction\":[{\"@type\":\"SearchAction\",\"target\":{\"@type\":\"EntryPoint\",\"urlTemplate\":\"https:\\\/\\\/ellotv.com.br\\\/site\\\/?s={search_term_string}\"},\"query-input\":{\"@type\":\"PropertyValueSpecification\",\"valueRequired\":true,\"valueName\":\"search_term_string\"}}],\"inLanguage\":\"pt-BR\"},{\"@type\":\"Organization\",\"@id\":\"https:\\\/\\\/ellotv.com.br\\\/site\\\/#organization\",\"name\":\"ELLO TV\",\"url\":\"https:\\\/\\\/ellotv.com.br\\\/site\\\/\",\"logo\":{\"@type\":\"ImageObject\",\"inLanguage\":\"pt-BR\",\"@id\":\"https:\\\/\\\/ellotv.com.br\\\/site\\\/#\\\/schema\\\/logo\\\/image\\\/\",\"url\":\"https:\\\/\\\/ellotv.com.br\\\/site\\\/wp-content\\\/uploads\\\/2025\\\/11\\\/ello-logo-2.fw_.png\",\"contentUrl\":\"https:\\\/\\\/ellotv.com.br\\\/site\\\/wp-content\\\/uploads\\\/2025\\\/11\\\/ello-logo-2.fw_.png\",\"width\":400,\"height\":146,\"caption\":\"ELLO TV\"},\"image\":{\"@id\":\"https:\\\/\\\/ellotv.com.br\\\/site\\\/#\\\/schema\\\/logo\\\/image\\\/\"}},{\"@type\":\"Person\",\"@id\":\"https:\\\/\\\/ellotv.com.br\\\/site\\\/#\\\/schema\\\/person\\\/2dbe3abaee38dcc7332fc8205cd2b15d\",\"name\":\"ELLO TV\",\"image\":{\"@type\":\"ImageObject\",\"inLanguage\":\"pt-BR\",\"@id\":\"https:\\\/\\\/secure.gravatar.com\\\/avatar\\\/c38242b9da8ec217ac3f0aaee31a54f7d7befb11b2b47fdbc8fb0fad60afa1c6?s=96&d=mm&r=g\",\"url\":\"https:\\\/\\\/secure.gravatar.com\\\/avatar\\\/c38242b9da8ec217ac3f0aaee31a54f7d7befb11b2b47fdbc8fb0fad60afa1c6?s=96&d=mm&r=g\",\"contentUrl\":\"https:\\\/\\\/secure.gravatar.com\\\/avatar\\\/c38242b9da8ec217ac3f0aaee31a54f7d7befb11b2b47fdbc8fb0fad60afa1c6?s=96&d=mm&r=g\",\"caption\":\"ELLO TV\"},\"url\":\"https:\\\/\\\/ellotv.com.br\\\/site\\\/author\\\/elloagencia\\\/\"}]}<\/script>\n<!-- \/ Yoast SEO plugin. -->","yoast_head_json":{"title":"ELLO TV homenageia Dra. L\u00facia Lima no Dia da Mulher - Ello TV","description":"ELLO TV homenageia Dra. L\u00facia Lima no Dia da Mulher, destacando sua trajet\u00f3ria na medicina, na vida p\u00fablica e no Sert\u00e3o do Paje\u00fa.","robots":{"index":"index","follow":"follow","max-snippet":"max-snippet:-1","max-image-preview":"max-image-preview:large","max-video-preview":"max-video-preview:-1"},"canonical":"https:\/\/ellotv.com.br\/site\/2026\/03\/10\/ello-tv-homenageia-dra-lucia-lima-no-dia-da-mulher\/","og_locale":"pt_BR","og_type":"article","og_title":"ELLO TV homenageia Dra. L\u00facia Lima no Dia da Mulher - Ello TV","og_description":"ELLO TV homenageia Dra. L\u00facia Lima no Dia da Mulher, destacando sua trajet\u00f3ria na medicina, na vida p\u00fablica e no Sert\u00e3o do Paje\u00fa.","og_url":"https:\/\/ellotv.com.br\/site\/2026\/03\/10\/ello-tv-homenageia-dra-lucia-lima-no-dia-da-mulher\/","og_site_name":"Ello TV","article_published_time":"2026-03-10T11:56:35+00:00","og_image":[{"width":1214,"height":1600,"url":"https:\/\/ellotv.com.br\/site\/wp-content\/uploads\/2026\/03\/WhatsApp-Image-2026-03-07-at-20.07.32.jpeg","type":"image\/jpeg"}],"author":"ELLO TV","twitter_card":"summary_large_image","twitter_misc":{"Escrito por":"ELLO TV","Est. tempo de leitura":"1 minuto"},"schema":{"@context":"https:\/\/schema.org","@graph":[{"@type":"Article","@id":"https:\/\/ellotv.com.br\/site\/2026\/03\/10\/ello-tv-homenageia-dra-lucia-lima-no-dia-da-mulher\/#article","isPartOf":{"@id":"https:\/\/ellotv.com.br\/site\/2026\/03\/10\/ello-tv-homenageia-dra-lucia-lima-no-dia-da-mulher\/"},"author":{"name":"ELLO TV","@id":"https:\/\/ellotv.com.br\/site\/#\/schema\/person\/2dbe3abaee38dcc7332fc8205cd2b15d"},"headline":"ELLO TV homenageia Dra. L\u00facia Lima no Dia da Mulher","datePublished":"2026-03-10T11:56:35+00:00","mainEntityOfPage":{"@id":"https:\/\/ellotv.com.br\/site\/2026\/03\/10\/ello-tv-homenageia-dra-lucia-lima-no-dia-da-mulher\/"},"wordCount":204,"commentCount":0,"publisher":{"@id":"https:\/\/ellotv.com.br\/site\/#organization"},"image":{"@id":"https:\/\/ellotv.com.br\/site\/2026\/03\/10\/ello-tv-homenageia-dra-lucia-lima-no-dia-da-mulher\/#primaryimage"},"thumbnailUrl":"https:\/\/ellotv.com.br\/site\/wp-content\/uploads\/2026\/03\/WhatsApp-Image-2026-03-07-at-20.07.32.jpeg","articleSection":["Noticias","Regional"],"inLanguage":"pt-BR","potentialAction":[{"@type":"CommentAction","name":"Comment","target":["https:\/\/ellotv.com.br\/site\/2026\/03\/10\/ello-tv-homenageia-dra-lucia-lima-no-dia-da-mulher\/#respond"]}]},{"@type":"WebPage","@id":"https:\/\/ellotv.com.br\/site\/2026\/03\/10\/ello-tv-homenageia-dra-lucia-lima-no-dia-da-mulher\/","url":"https:\/\/ellotv.com.br\/site\/2026\/03\/10\/ello-tv-homenageia-dra-lucia-lima-no-dia-da-mulher\/","name":"ELLO TV homenageia Dra. L\u00facia Lima no Dia da Mulher - Ello TV","isPartOf":{"@id":"https:\/\/ellotv.com.br\/site\/#website"},"primaryImageOfPage":{"@id":"https:\/\/ellotv.com.br\/site\/2026\/03\/10\/ello-tv-homenageia-dra-lucia-lima-no-dia-da-mulher\/#primaryimage"},"image":{"@id":"https:\/\/ellotv.com.br\/site\/2026\/03\/10\/ello-tv-homenageia-dra-lucia-lima-no-dia-da-mulher\/#primaryimage"},"thumbnailUrl":"https:\/\/ellotv.com.br\/site\/wp-content\/uploads\/2026\/03\/WhatsApp-Image-2026-03-07-at-20.07.32.jpeg","datePublished":"2026-03-10T11:56:35+00:00","description":"ELLO TV homenageia Dra. L\u00facia Lima no Dia da Mulher, destacando sua trajet\u00f3ria na medicina, na vida p\u00fablica e no Sert\u00e3o do Paje\u00fa.","breadcrumb":{"@id":"https:\/\/ellotv.com.br\/site\/2026\/03\/10\/ello-tv-homenageia-dra-lucia-lima-no-dia-da-mulher\/#breadcrumb"},"inLanguage":"pt-BR","potentialAction":[{"@type":"ReadAction","target":["https:\/\/ellotv.com.br\/site\/2026\/03\/10\/ello-tv-homenageia-dra-lucia-lima-no-dia-da-mulher\/"]}]},{"@type":"ImageObject","inLanguage":"pt-BR","@id":"https:\/\/ellotv.com.br\/site\/2026\/03\/10\/ello-tv-homenageia-dra-lucia-lima-no-dia-da-mulher\/#primaryimage","url":"https:\/\/ellotv.com.br\/site\/wp-content\/uploads\/2026\/03\/WhatsApp-Image-2026-03-07-at-20.07.32.jpeg","contentUrl":"https:\/\/ellotv.com.br\/site\/wp-content\/uploads\/2026\/03\/WhatsApp-Image-2026-03-07-at-20.07.32.jpeg","width":1214,"height":1600},{"@type":"BreadcrumbList","@id":"https:\/\/ellotv.com.br\/site\/2026\/03\/10\/ello-tv-homenageia-dra-lucia-lima-no-dia-da-mulher\/#breadcrumb","itemListElement":[{"@type":"ListItem","position":1,"name":"In\u00edcio","item":"https:\/\/ellotv.com.br\/site\/"},{"@type":"ListItem","position":2,"name":"ELLO TV homenageia Dra. L\u00facia Lima no Dia da Mulher"}]},{"@type":"WebSite","@id":"https:\/\/ellotv.com.br\/site\/#website","url":"https:\/\/ellotv.com.br\/site\/","name":"ELLO TV","description":"","publisher":{"@id":"https:\/\/ellotv.com.br\/site\/#organization"},"potentialAction":[{"@type":"SearchAction","target":{"@type":"EntryPoint","urlTemplate":"https:\/\/ellotv.com.br\/site\/?s={search_term_string}"},"query-input":{"@type":"PropertyValueSpecification","valueRequired":true,"valueName":"search_term_string"}}],"inLanguage":"pt-BR"},{"@type":"Organization","@id":"https:\/\/ellotv.com.br\/site\/#organization","name":"ELLO TV","url":"https:\/\/ellotv.com.br\/site\/","logo":{"@type":"ImageObject","inLanguage":"pt-BR","@id":"https:\/\/ellotv.com.br\/site\/#\/schema\/logo\/image\/","url":"https:\/\/ellotv.com.br\/site\/wp-content\/uploads\/2025\/11\/ello-logo-2.fw_.png","contentUrl":"https:\/\/ellotv.com.br\/site\/wp-content\/uploads\/2025\/11\/ello-logo-2.fw_.png","width":400,"height":146,"caption":"ELLO TV"},"image":{"@id":"https:\/\/ellotv.com.br\/site\/#\/schema\/logo\/image\/"}},{"@type":"Person","@id":"https:\/\/ellotv.com.br\/site\/#\/schema\/person\/2dbe3abaee38dcc7332fc8205cd2b15d","name":"ELLO TV","image":{"@type":"ImageObject","inLanguage":"pt-BR","@id":"https:\/\/secure.gravatar.com\/avatar\/c38242b9da8ec217ac3f0aaee31a54f7d7befb11b2b47fdbc8fb0fad60afa1c6?s=96&d=mm&r=g","url":"https:\/\/secure.gravatar.com\/avatar\/c38242b9da8ec217ac3f0aaee31a54f7d7befb11b2b47fdbc8fb0fad60afa1c6?s=96&d=mm&r=g","contentUrl":"https:\/\/secure.gravatar.com\/avatar\/c38242b9da8ec217ac3f0aaee31a54f7d7befb11b2b47fdbc8fb0fad60afa1c6?s=96&d=mm&r=g","caption":"ELLO TV"},"url":"https:\/\/ellotv.com.br\/site\/author\/elloagencia\/"}]}},"featured_image_urls":{"full":["https:\/\/ellotv.com.br\/site\/wp-content\/uploads\/2026\/03\/WhatsApp-Image-2026-03-07-at-20.07.32.jpeg",1214,1600,false],"thumbnail":["https:\/\/ellotv.com.br\/site\/wp-content\/uploads\/2026\/03\/WhatsApp-Image-2026-03-07-at-20.07.32-150x150.jpeg",150,150,true],"medium":["https:\/\/ellotv.com.br\/site\/wp-content\/uploads\/2026\/03\/WhatsApp-Image-2026-03-07-at-20.07.32-228x300.jpeg",228,300,true],"medium_large":["https:\/\/ellotv.com.br\/site\/wp-content\/uploads\/2026\/03\/WhatsApp-Image-2026-03-07-at-20.07.32-768x1012.jpeg",640,843,true],"large":["https:\/\/ellotv.com.br\/site\/wp-content\/uploads\/2026\/03\/WhatsApp-Image-2026-03-07-at-20.07.32-777x1024.jpeg",640,843,true],"1536x1536":["https:\/\/ellotv.com.br\/site\/wp-content\/uploads\/2026\/03\/WhatsApp-Image-2026-03-07-at-20.07.32-1165x1536.jpeg",1165,1536,true],"2048x2048":["https:\/\/ellotv.com.br\/site\/wp-content\/uploads\/2026\/03\/WhatsApp-Image-2026-03-07-at-20.07.32.jpeg",1214,1600,false],"darknews-slider-full":["https:\/\/ellotv.com.br\/site\/wp-content\/uploads\/2026\/03\/WhatsApp-Image-2026-03-07-at-20.07.32-1214x720.jpeg",1214,720,true],"darknews-featured":["https:\/\/ellotv.com.br\/site\/wp-content\/uploads\/2026\/03\/WhatsApp-Image-2026-03-07-at-20.07.32-1024x1350.jpeg",1024,1350,true],"darknews-medium":["https:\/\/ellotv.com.br\/site\/wp-content\/uploads\/2026\/03\/WhatsApp-Image-2026-03-07-at-20.07.32-720x530.jpeg",720,530,true],"darknews-medium-square":["https:\/\/ellotv.com.br\/site\/wp-content\/uploads\/2026\/03\/WhatsApp-Image-2026-03-07-at-20.07.32-350x350.jpeg",350,350,true]},"author_info":{"info":["ELLO TV"]},"category_info":"<a href=\"https:\/\/ellotv.com.br\/site\/category\/noticias\/\" rel=\"category tag\">Noticias<\/a> <a href=\"https:\/\/ellotv.com.br\/site\/category\/regional\/\" rel=\"category tag\">Regional<\/a>","tag_info":"Regional","comment_count":"0","_links":{"self":[{"href":"https:\/\/ellotv.com.br\/site\/wp-json\/wp\/v2\/posts\/5148","targetHints":{"allow":["GET"]}}],"collection":[{"href":"https:\/\/ellotv.com.br\/site\/wp-json\/wp\/v2\/posts"}],"about":[{"href":"https:\/\/ellotv.com.br\/site\/wp-json\/wp\/v2\/types\/post"}],"author":[{"embeddable":true,"href":"https:\/\/ellotv.com.br\/site\/wp-json\/wp\/v2\/users\/2"}],"replies":[{"embeddable":true,"href":"https:\/\/ellotv.com.br\/site\/wp-json\/wp\/v2\/comments?post=5148"}],"version-history":[{"count":1,"href":"https:\/\/ellotv.com.br\/site\/wp-json\/wp\/v2\/posts\/5148\/revisions"}],"predecessor-version":[{"id":5152,"href":"https:\/\/ellotv.com.br\/site\/wp-json\/wp\/v2\/posts\/5148\/revisions\/5152"}],"wp:featuredmedia":[{"embeddable":true,"href":"https:\/\/ellotv.com.br\/site\/wp-json\/wp\/v2\/media\/5149"}],"wp:attachment":[{"href":"https:\/\/ellotv.com.br\/site\/wp-json\/wp\/v2\/media?parent=5148"}],"wp:term":[{"taxonomy":"category","embeddable":true,"href":"https:\/\/ellotv.com.br\/site\/wp-json\/wp\/v2\/categories?post=5148"},{"taxonomy":"post_tag","embeddable":true,"href":"https:\/\/ellotv.com.br\/site\/wp-json\/wp\/v2\/tags?post=5148"}],"curies":[{"name":"wp","href":"https:\/\/api.w.org\/{rel}","templated":true}]}}