{"id":5161,"date":"2026-03-10T09:07:33","date_gmt":"2026-03-10T12:07:33","guid":{"rendered":"https:\/\/ellotv.com.br\/site\/?p=5161"},"modified":"2026-03-10T09:07:33","modified_gmt":"2026-03-10T12:07:33","slug":"italia-aprova-prisao-perpetua-para-feminicidio-e-reforca-combate-a-violencia-contra-a-mulher","status":"publish","type":"post","link":"https:\/\/ellotv.com.br\/site\/2026\/03\/10\/italia-aprova-prisao-perpetua-para-feminicidio-e-reforca-combate-a-violencia-contra-a-mulher\/","title":{"rendered":"It\u00e1lia aprova pris\u00e3o perp\u00e9tua para feminic\u00eddio e refor\u00e7a combate \u00e0 viol\u00eancia contra a mulher"},"content":{"rendered":"<p data-start=\"84\" data-end=\"418\">O <span class=\"hover:entity-accent entity-underline inline cursor-pointer align-baseline\"><span class=\"whitespace-normal\">Parlamento da It\u00e1lia<\/span><\/span> aprovou por unanimidade uma nova legisla\u00e7\u00e3o que estabelece <strong data-start=\"183\" data-end=\"228\">pris\u00e3o perp\u00e9tua para casos de feminic\u00eddio<\/strong>, marcando um avan\u00e7o importante no combate \u00e0 viol\u00eancia contra a mulher no pa\u00eds. A medida tamb\u00e9m passa a reconhecer oficialmente o feminic\u00eddio como um crime espec\u00edfico na legisla\u00e7\u00e3o italiana.<\/p>\n<p data-start=\"420\" data-end=\"735\">De acordo com a nova lei, o feminic\u00eddio \u00e9 caracterizado quando o crime ocorre por <strong data-start=\"502\" data-end=\"592\">\u00f3dio, discrimina\u00e7\u00e3o, domina\u00e7\u00e3o ou controle contra a mulher pelo fato de ela ser mulher<\/strong>. A legisla\u00e7\u00e3o tamb\u00e9m inclui situa\u00e7\u00f5es em que o crime acontece ap\u00f3s o t\u00e9rmino de relacionamentos ou quando h\u00e1 restri\u00e7\u00e3o da liberdade da v\u00edtima.<\/p>\n<p data-start=\"737\" data-end=\"970\">Ao definir o feminic\u00eddio de forma clara na lei, o Estado italiano refor\u00e7a que esse tipo de viol\u00eancia n\u00e3o deve ser tratado como \u201ccrime passional\u201d ou motivado apenas por ci\u00fames, mas sim como uma <strong data-start=\"930\" data-end=\"969\">grave viola\u00e7\u00e3o dos direitos humanos<\/strong>.<\/p>\n<p data-start=\"972\" data-end=\"1220\">Especialistas apontam que, embora leis mais r\u00edgidas n\u00e3o possam apagar trag\u00e9dias j\u00e1 ocorridas, medidas como essa ajudam a estabelecer limites claros na sociedade e fortalecem pol\u00edticas p\u00fablicas de prote\u00e7\u00e3o e preven\u00e7\u00e3o \u00e0 viol\u00eancia contra as mulheres.<\/p>\n<p data-start=\"1222\" data-end=\"1367\">A nova legisla\u00e7\u00e3o tamb\u00e9m representa um posicionamento institucional importante: o de que <strong data-start=\"1311\" data-end=\"1366\">a vida das mulheres deve ser protegida e respeitada<\/strong>.<\/p>\n","protected":false},"excerpt":{"rendered":"<p>O Parlamento da It\u00e1lia aprovou por unanimidade uma nova legisla\u00e7\u00e3o que estabelece pris\u00e3o perp\u00e9tua para casos de feminic\u00eddio,<\/p>\n","protected":false},"author":2,"featured_media":5162,"comment_status":"open","ping_status":"open","sticky":false,"template":"","format":"standard","meta":{"footnotes":""},"categories":[10,12],"tags":[],"class_list":["post-5161","post","type-post","status-publish","format-standard","has-post-thumbnail","hentry","category-mundo","category-noticias"],"yoast_head":"<!-- This site is optimized with the Yoast SEO plugin v28.3 - https:\/\/yoast.com\/product\/yoast-seo-wordpress\/ -->\n<title>It\u00e1lia aprova pris\u00e3o perp\u00e9tua para feminic\u00eddio e refor\u00e7a combate \u00e0 viol\u00eancia contra a mulher - Ello TV<\/title>\n<meta name=\"description\" content=\"Parlamento da It\u00e1lia aprova lei que prev\u00ea pris\u00e3o perp\u00e9tua para feminic\u00eddio e reconhece o crime oficialmente na legisla\u00e7\u00e3o do pa\u00eds.\" \/>\n<meta name=\"robots\" content=\"index, follow, max-snippet:-1, max-image-preview:large, max-video-preview:-1\" \/>\n<link rel=\"canonical\" href=\"https:\/\/ellotv.com.br\/site\/2026\/03\/10\/italia-aprova-prisao-perpetua-para-feminicidio-e-reforca-combate-a-violencia-contra-a-mulher\/\" \/>\n<meta property=\"og:locale\" content=\"pt_BR\" \/>\n<meta property=\"og:type\" content=\"article\" \/>\n<meta property=\"og:title\" content=\"It\u00e1lia aprova pris\u00e3o perp\u00e9tua para feminic\u00eddio e refor\u00e7a combate \u00e0 viol\u00eancia contra a mulher - Ello TV\" \/>\n<meta property=\"og:description\" content=\"Parlamento da It\u00e1lia aprova lei que prev\u00ea pris\u00e3o perp\u00e9tua para feminic\u00eddio e reconhece o crime oficialmente na legisla\u00e7\u00e3o do pa\u00eds.\" \/>\n<meta property=\"og:url\" content=\"https:\/\/ellotv.com.br\/site\/2026\/03\/10\/italia-aprova-prisao-perpetua-para-feminicidio-e-reforca-combate-a-violencia-contra-a-mulher\/\" \/>\n<meta property=\"og:site_name\" content=\"Ello TV\" \/>\n<meta property=\"article:published_time\" content=\"2026-03-10T12:07:33+00:00\" \/>\n<meta property=\"og:image\" content=\"https:\/\/ellotv.com.br\/site\/wp-content\/uploads\/2026\/03\/WhatsApp-Image-2026-03-09-at-21.15.02.jpeg\" \/>\n\t<meta property=\"og:image:width\" content=\"1024\" \/>\n\t<meta property=\"og:image:height\" content=\"1536\" \/>\n\t<meta property=\"og:image:type\" content=\"image\/jpeg\" \/>\n<meta name=\"author\" content=\"ELLO TV\" \/>\n<meta name=\"twitter:card\" content=\"summary_large_image\" \/>\n<meta name=\"twitter:label1\" content=\"Escrito por\" \/>\n\t<meta name=\"twitter:data1\" content=\"ELLO TV\" \/>\n\t<meta name=\"twitter:label2\" content=\"Est. tempo de leitura\" \/>\n\t<meta name=\"twitter:data2\" content=\"1 minuto\" \/>\n<script type=\"application\/ld+json\" class=\"yoast-schema-graph\">{\"@context\":\"https:\\\/\\\/schema.org\",\"@graph\":[{\"@type\":\"Article\",\"@id\":\"https:\\\/\\\/ellotv.com.br\\\/site\\\/2026\\\/03\\\/10\\\/italia-aprova-prisao-perpetua-para-feminicidio-e-reforca-combate-a-violencia-contra-a-mulher\\\/#article\",\"isPartOf\":{\"@id\":\"https:\\\/\\\/ellotv.com.br\\\/site\\\/2026\\\/03\\\/10\\\/italia-aprova-prisao-perpetua-para-feminicidio-e-reforca-combate-a-violencia-contra-a-mulher\\\/\"},\"author\":{\"name\":\"ELLO TV\",\"@id\":\"https:\\\/\\\/ellotv.com.br\\\/site\\\/#\\\/schema\\\/person\\\/2dbe3abaee38dcc7332fc8205cd2b15d\"},\"headline\":\"It\u00e1lia aprova pris\u00e3o perp\u00e9tua para feminic\u00eddio e refor\u00e7a combate \u00e0 viol\u00eancia contra a mulher\",\"datePublished\":\"2026-03-10T12:07:33+00:00\",\"mainEntityOfPage\":{\"@id\":\"https:\\\/\\\/ellotv.com.br\\\/site\\\/2026\\\/03\\\/10\\\/italia-aprova-prisao-perpetua-para-feminicidio-e-reforca-combate-a-violencia-contra-a-mulher\\\/\"},\"wordCount\":249,\"commentCount\":0,\"publisher\":{\"@id\":\"https:\\\/\\\/ellotv.com.br\\\/site\\\/#organization\"},\"image\":{\"@id\":\"https:\\\/\\\/ellotv.com.br\\\/site\\\/2026\\\/03\\\/10\\\/italia-aprova-prisao-perpetua-para-feminicidio-e-reforca-combate-a-violencia-contra-a-mulher\\\/#primaryimage\"},\"thumbnailUrl\":\"https:\\\/\\\/ellotv.com.br\\\/site\\\/wp-content\\\/uploads\\\/2026\\\/03\\\/WhatsApp-Image-2026-03-09-at-21.15.02.jpeg\",\"articleSection\":[\"Mundo\",\"Noticias\"],\"inLanguage\":\"pt-BR\",\"potentialAction\":[{\"@type\":\"CommentAction\",\"name\":\"Comment\",\"target\":[\"https:\\\/\\\/ellotv.com.br\\\/site\\\/2026\\\/03\\\/10\\\/italia-aprova-prisao-perpetua-para-feminicidio-e-reforca-combate-a-violencia-contra-a-mulher\\\/#respond\"]}]},{\"@type\":\"WebPage\",\"@id\":\"https:\\\/\\\/ellotv.com.br\\\/site\\\/2026\\\/03\\\/10\\\/italia-aprova-prisao-perpetua-para-feminicidio-e-reforca-combate-a-violencia-contra-a-mulher\\\/\",\"url\":\"https:\\\/\\\/ellotv.com.br\\\/site\\\/2026\\\/03\\\/10\\\/italia-aprova-prisao-perpetua-para-feminicidio-e-reforca-combate-a-violencia-contra-a-mulher\\\/\",\"name\":\"It\u00e1lia aprova pris\u00e3o perp\u00e9tua para feminic\u00eddio e refor\u00e7a combate \u00e0 viol\u00eancia contra a mulher - Ello TV\",\"isPartOf\":{\"@id\":\"https:\\\/\\\/ellotv.com.br\\\/site\\\/#website\"},\"primaryImageOfPage\":{\"@id\":\"https:\\\/\\\/ellotv.com.br\\\/site\\\/2026\\\/03\\\/10\\\/italia-aprova-prisao-perpetua-para-feminicidio-e-reforca-combate-a-violencia-contra-a-mulher\\\/#primaryimage\"},\"image\":{\"@id\":\"https:\\\/\\\/ellotv.com.br\\\/site\\\/2026\\\/03\\\/10\\\/italia-aprova-prisao-perpetua-para-feminicidio-e-reforca-combate-a-violencia-contra-a-mulher\\\/#primaryimage\"},\"thumbnailUrl\":\"https:\\\/\\\/ellotv.com.br\\\/site\\\/wp-content\\\/uploads\\\/2026\\\/03\\\/WhatsApp-Image-2026-03-09-at-21.15.02.jpeg\",\"datePublished\":\"2026-03-10T12:07:33+00:00\",\"description\":\"Parlamento da It\u00e1lia aprova lei que prev\u00ea pris\u00e3o perp\u00e9tua para feminic\u00eddio e reconhece o crime oficialmente na legisla\u00e7\u00e3o do pa\u00eds.\",\"breadcrumb\":{\"@id\":\"https:\\\/\\\/ellotv.com.br\\\/site\\\/2026\\\/03\\\/10\\\/italia-aprova-prisao-perpetua-para-feminicidio-e-reforca-combate-a-violencia-contra-a-mulher\\\/#breadcrumb\"},\"inLanguage\":\"pt-BR\",\"potentialAction\":[{\"@type\":\"ReadAction\",\"target\":[\"https:\\\/\\\/ellotv.com.br\\\/site\\\/2026\\\/03\\\/10\\\/italia-aprova-prisao-perpetua-para-feminicidio-e-reforca-combate-a-violencia-contra-a-mulher\\\/\"]}]},{\"@type\":\"ImageObject\",\"inLanguage\":\"pt-BR\",\"@id\":\"https:\\\/\\\/ellotv.com.br\\\/site\\\/2026\\\/03\\\/10\\\/italia-aprova-prisao-perpetua-para-feminicidio-e-reforca-combate-a-violencia-contra-a-mulher\\\/#primaryimage\",\"url\":\"https:\\\/\\\/ellotv.com.br\\\/site\\\/wp-content\\\/uploads\\\/2026\\\/03\\\/WhatsApp-Image-2026-03-09-at-21.15.02.jpeg\",\"contentUrl\":\"https:\\\/\\\/ellotv.com.br\\\/site\\\/wp-content\\\/uploads\\\/2026\\\/03\\\/WhatsApp-Image-2026-03-09-at-21.15.02.jpeg\",\"width\":1024,\"height\":1536},{\"@type\":\"BreadcrumbList\",\"@id\":\"https:\\\/\\\/ellotv.com.br\\\/site\\\/2026\\\/03\\\/10\\\/italia-aprova-prisao-perpetua-para-feminicidio-e-reforca-combate-a-violencia-contra-a-mulher\\\/#breadcrumb\",\"itemListElement\":[{\"@type\":\"ListItem\",\"position\":1,\"name\":\"In\u00edcio\",\"item\":\"https:\\\/\\\/ellotv.com.br\\\/site\\\/\"},{\"@type\":\"ListItem\",\"position\":2,\"name\":\"It\u00e1lia aprova pris\u00e3o perp\u00e9tua para feminic\u00eddio e refor\u00e7a combate \u00e0 viol\u00eancia contra a mulher\"}]},{\"@type\":\"WebSite\",\"@id\":\"https:\\\/\\\/ellotv.com.br\\\/site\\\/#website\",\"url\":\"https:\\\/\\\/ellotv.com.br\\\/site\\\/\",\"name\":\"ELLO TV\",\"description\":\"\",\"publisher\":{\"@id\":\"https:\\\/\\\/ellotv.com.br\\\/site\\\/#organization\"},\"potentialAction\":[{\"@type\":\"SearchAction\",\"target\":{\"@type\":\"EntryPoint\",\"urlTemplate\":\"https:\\\/\\\/ellotv.com.br\\\/site\\\/?s={search_term_string}\"},\"query-input\":{\"@type\":\"PropertyValueSpecification\",\"valueRequired\":true,\"valueName\":\"search_term_string\"}}],\"inLanguage\":\"pt-BR\"},{\"@type\":\"Organization\",\"@id\":\"https:\\\/\\\/ellotv.com.br\\\/site\\\/#organization\",\"name\":\"ELLO TV\",\"url\":\"https:\\\/\\\/ellotv.com.br\\\/site\\\/\",\"logo\":{\"@type\":\"ImageObject\",\"inLanguage\":\"pt-BR\",\"@id\":\"https:\\\/\\\/ellotv.com.br\\\/site\\\/#\\\/schema\\\/logo\\\/image\\\/\",\"url\":\"https:\\\/\\\/ellotv.com.br\\\/site\\\/wp-content\\\/uploads\\\/2025\\\/11\\\/ello-logo-2.fw_.png\",\"contentUrl\":\"https:\\\/\\\/ellotv.com.br\\\/site\\\/wp-content\\\/uploads\\\/2025\\\/11\\\/ello-logo-2.fw_.png\",\"width\":400,\"height\":146,\"caption\":\"ELLO TV\"},\"image\":{\"@id\":\"https:\\\/\\\/ellotv.com.br\\\/site\\\/#\\\/schema\\\/logo\\\/image\\\/\"}},{\"@type\":\"Person\",\"@id\":\"https:\\\/\\\/ellotv.com.br\\\/site\\\/#\\\/schema\\\/person\\\/2dbe3abaee38dcc7332fc8205cd2b15d\",\"name\":\"ELLO TV\",\"image\":{\"@type\":\"ImageObject\",\"inLanguage\":\"pt-BR\",\"@id\":\"https:\\\/\\\/secure.gravatar.com\\\/avatar\\\/c38242b9da8ec217ac3f0aaee31a54f7d7befb11b2b47fdbc8fb0fad60afa1c6?s=96&d=mm&r=g\",\"url\":\"https:\\\/\\\/secure.gravatar.com\\\/avatar\\\/c38242b9da8ec217ac3f0aaee31a54f7d7befb11b2b47fdbc8fb0fad60afa1c6?s=96&d=mm&r=g\",\"contentUrl\":\"https:\\\/\\\/secure.gravatar.com\\\/avatar\\\/c38242b9da8ec217ac3f0aaee31a54f7d7befb11b2b47fdbc8fb0fad60afa1c6?s=96&d=mm&r=g\",\"caption\":\"ELLO TV\"},\"url\":\"https:\\\/\\\/ellotv.com.br\\\/site\\\/author\\\/elloagencia\\\/\"}]}<\/script>\n<!-- \/ Yoast SEO plugin. -->","yoast_head_json":{"title":"It\u00e1lia aprova pris\u00e3o perp\u00e9tua para feminic\u00eddio e refor\u00e7a combate \u00e0 viol\u00eancia contra a mulher - Ello TV","description":"Parlamento da It\u00e1lia aprova lei que prev\u00ea pris\u00e3o perp\u00e9tua para feminic\u00eddio e reconhece o crime oficialmente na legisla\u00e7\u00e3o do pa\u00eds.","robots":{"index":"index","follow":"follow","max-snippet":"max-snippet:-1","max-image-preview":"max-image-preview:large","max-video-preview":"max-video-preview:-1"},"canonical":"https:\/\/ellotv.com.br\/site\/2026\/03\/10\/italia-aprova-prisao-perpetua-para-feminicidio-e-reforca-combate-a-violencia-contra-a-mulher\/","og_locale":"pt_BR","og_type":"article","og_title":"It\u00e1lia aprova pris\u00e3o perp\u00e9tua para feminic\u00eddio e refor\u00e7a combate \u00e0 viol\u00eancia contra a mulher - Ello TV","og_description":"Parlamento da It\u00e1lia aprova lei que prev\u00ea pris\u00e3o perp\u00e9tua para feminic\u00eddio e reconhece o crime oficialmente na legisla\u00e7\u00e3o do pa\u00eds.","og_url":"https:\/\/ellotv.com.br\/site\/2026\/03\/10\/italia-aprova-prisao-perpetua-para-feminicidio-e-reforca-combate-a-violencia-contra-a-mulher\/","og_site_name":"Ello TV","article_published_time":"2026-03-10T12:07:33+00:00","og_image":[{"width":1024,"height":1536,"url":"https:\/\/ellotv.com.br\/site\/wp-content\/uploads\/2026\/03\/WhatsApp-Image-2026-03-09-at-21.15.02.jpeg","type":"image\/jpeg"}],"author":"ELLO TV","twitter_card":"summary_large_image","twitter_misc":{"Escrito por":"ELLO TV","Est. tempo de leitura":"1 minuto"},"schema":{"@context":"https:\/\/schema.org","@graph":[{"@type":"Article","@id":"https:\/\/ellotv.com.br\/site\/2026\/03\/10\/italia-aprova-prisao-perpetua-para-feminicidio-e-reforca-combate-a-violencia-contra-a-mulher\/#article","isPartOf":{"@id":"https:\/\/ellotv.com.br\/site\/2026\/03\/10\/italia-aprova-prisao-perpetua-para-feminicidio-e-reforca-combate-a-violencia-contra-a-mulher\/"},"author":{"name":"ELLO TV","@id":"https:\/\/ellotv.com.br\/site\/#\/schema\/person\/2dbe3abaee38dcc7332fc8205cd2b15d"},"headline":"It\u00e1lia aprova pris\u00e3o perp\u00e9tua para feminic\u00eddio e refor\u00e7a combate \u00e0 viol\u00eancia contra a mulher","datePublished":"2026-03-10T12:07:33+00:00","mainEntityOfPage":{"@id":"https:\/\/ellotv.com.br\/site\/2026\/03\/10\/italia-aprova-prisao-perpetua-para-feminicidio-e-reforca-combate-a-violencia-contra-a-mulher\/"},"wordCount":249,"commentCount":0,"publisher":{"@id":"https:\/\/ellotv.com.br\/site\/#organization"},"image":{"@id":"https:\/\/ellotv.com.br\/site\/2026\/03\/10\/italia-aprova-prisao-perpetua-para-feminicidio-e-reforca-combate-a-violencia-contra-a-mulher\/#primaryimage"},"thumbnailUrl":"https:\/\/ellotv.com.br\/site\/wp-content\/uploads\/2026\/03\/WhatsApp-Image-2026-03-09-at-21.15.02.jpeg","articleSection":["Mundo","Noticias"],"inLanguage":"pt-BR","potentialAction":[{"@type":"CommentAction","name":"Comment","target":["https:\/\/ellotv.com.br\/site\/2026\/03\/10\/italia-aprova-prisao-perpetua-para-feminicidio-e-reforca-combate-a-violencia-contra-a-mulher\/#respond"]}]},{"@type":"WebPage","@id":"https:\/\/ellotv.com.br\/site\/2026\/03\/10\/italia-aprova-prisao-perpetua-para-feminicidio-e-reforca-combate-a-violencia-contra-a-mulher\/","url":"https:\/\/ellotv.com.br\/site\/2026\/03\/10\/italia-aprova-prisao-perpetua-para-feminicidio-e-reforca-combate-a-violencia-contra-a-mulher\/","name":"It\u00e1lia aprova pris\u00e3o perp\u00e9tua para feminic\u00eddio e refor\u00e7a combate \u00e0 viol\u00eancia contra a mulher - Ello TV","isPartOf":{"@id":"https:\/\/ellotv.com.br\/site\/#website"},"primaryImageOfPage":{"@id":"https:\/\/ellotv.com.br\/site\/2026\/03\/10\/italia-aprova-prisao-perpetua-para-feminicidio-e-reforca-combate-a-violencia-contra-a-mulher\/#primaryimage"},"image":{"@id":"https:\/\/ellotv.com.br\/site\/2026\/03\/10\/italia-aprova-prisao-perpetua-para-feminicidio-e-reforca-combate-a-violencia-contra-a-mulher\/#primaryimage"},"thumbnailUrl":"https:\/\/ellotv.com.br\/site\/wp-content\/uploads\/2026\/03\/WhatsApp-Image-2026-03-09-at-21.15.02.jpeg","datePublished":"2026-03-10T12:07:33+00:00","description":"Parlamento da It\u00e1lia aprova lei que prev\u00ea pris\u00e3o perp\u00e9tua para feminic\u00eddio e reconhece o crime oficialmente na legisla\u00e7\u00e3o do pa\u00eds.","breadcrumb":{"@id":"https:\/\/ellotv.com.br\/site\/2026\/03\/10\/italia-aprova-prisao-perpetua-para-feminicidio-e-reforca-combate-a-violencia-contra-a-mulher\/#breadcrumb"},"inLanguage":"pt-BR","potentialAction":[{"@type":"ReadAction","target":["https:\/\/ellotv.com.br\/site\/2026\/03\/10\/italia-aprova-prisao-perpetua-para-feminicidio-e-reforca-combate-a-violencia-contra-a-mulher\/"]}]},{"@type":"ImageObject","inLanguage":"pt-BR","@id":"https:\/\/ellotv.com.br\/site\/2026\/03\/10\/italia-aprova-prisao-perpetua-para-feminicidio-e-reforca-combate-a-violencia-contra-a-mulher\/#primaryimage","url":"https:\/\/ellotv.com.br\/site\/wp-content\/uploads\/2026\/03\/WhatsApp-Image-2026-03-09-at-21.15.02.jpeg","contentUrl":"https:\/\/ellotv.com.br\/site\/wp-content\/uploads\/2026\/03\/WhatsApp-Image-2026-03-09-at-21.15.02.jpeg","width":1024,"height":1536},{"@type":"BreadcrumbList","@id":"https:\/\/ellotv.com.br\/site\/2026\/03\/10\/italia-aprova-prisao-perpetua-para-feminicidio-e-reforca-combate-a-violencia-contra-a-mulher\/#breadcrumb","itemListElement":[{"@type":"ListItem","position":1,"name":"In\u00edcio","item":"https:\/\/ellotv.com.br\/site\/"},{"@type":"ListItem","position":2,"name":"It\u00e1lia aprova pris\u00e3o perp\u00e9tua para feminic\u00eddio e refor\u00e7a combate \u00e0 viol\u00eancia contra a mulher"}]},{"@type":"WebSite","@id":"https:\/\/ellotv.com.br\/site\/#website","url":"https:\/\/ellotv.com.br\/site\/","name":"ELLO TV","description":"","publisher":{"@id":"https:\/\/ellotv.com.br\/site\/#organization"},"potentialAction":[{"@type":"SearchAction","target":{"@type":"EntryPoint","urlTemplate":"https:\/\/ellotv.com.br\/site\/?s={search_term_string}"},"query-input":{"@type":"PropertyValueSpecification","valueRequired":true,"valueName":"search_term_string"}}],"inLanguage":"pt-BR"},{"@type":"Organization","@id":"https:\/\/ellotv.com.br\/site\/#organization","name":"ELLO TV","url":"https:\/\/ellotv.com.br\/site\/","logo":{"@type":"ImageObject","inLanguage":"pt-BR","@id":"https:\/\/ellotv.com.br\/site\/#\/schema\/logo\/image\/","url":"https:\/\/ellotv.com.br\/site\/wp-content\/uploads\/2025\/11\/ello-logo-2.fw_.png","contentUrl":"https:\/\/ellotv.com.br\/site\/wp-content\/uploads\/2025\/11\/ello-logo-2.fw_.png","width":400,"height":146,"caption":"ELLO TV"},"image":{"@id":"https:\/\/ellotv.com.br\/site\/#\/schema\/logo\/image\/"}},{"@type":"Person","@id":"https:\/\/ellotv.com.br\/site\/#\/schema\/person\/2dbe3abaee38dcc7332fc8205cd2b15d","name":"ELLO TV","image":{"@type":"ImageObject","inLanguage":"pt-BR","@id":"https:\/\/secure.gravatar.com\/avatar\/c38242b9da8ec217ac3f0aaee31a54f7d7befb11b2b47fdbc8fb0fad60afa1c6?s=96&d=mm&r=g","url":"https:\/\/secure.gravatar.com\/avatar\/c38242b9da8ec217ac3f0aaee31a54f7d7befb11b2b47fdbc8fb0fad60afa1c6?s=96&d=mm&r=g","contentUrl":"https:\/\/secure.gravatar.com\/avatar\/c38242b9da8ec217ac3f0aaee31a54f7d7befb11b2b47fdbc8fb0fad60afa1c6?s=96&d=mm&r=g","caption":"ELLO TV"},"url":"https:\/\/ellotv.com.br\/site\/author\/elloagencia\/"}]}},"featured_image_urls":{"full":["https:\/\/ellotv.com.br\/site\/wp-content\/uploads\/2026\/03\/WhatsApp-Image-2026-03-09-at-21.15.02.jpeg",1024,1536,false],"thumbnail":["https:\/\/ellotv.com.br\/site\/wp-content\/uploads\/2026\/03\/WhatsApp-Image-2026-03-09-at-21.15.02-150x150.jpeg",150,150,true],"medium":["https:\/\/ellotv.com.br\/site\/wp-content\/uploads\/2026\/03\/WhatsApp-Image-2026-03-09-at-21.15.02-200x300.jpeg",200,300,true],"medium_large":["https:\/\/ellotv.com.br\/site\/wp-content\/uploads\/2026\/03\/WhatsApp-Image-2026-03-09-at-21.15.02-768x1152.jpeg",640,960,true],"large":["https:\/\/ellotv.com.br\/site\/wp-content\/uploads\/2026\/03\/WhatsApp-Image-2026-03-09-at-21.15.02-683x1024.jpeg",640,960,true],"1536x1536":["https:\/\/ellotv.com.br\/site\/wp-content\/uploads\/2026\/03\/WhatsApp-Image-2026-03-09-at-21.15.02.jpeg",1024,1536,false],"2048x2048":["https:\/\/ellotv.com.br\/site\/wp-content\/uploads\/2026\/03\/WhatsApp-Image-2026-03-09-at-21.15.02.jpeg",1024,1536,false],"darknews-slider-full":["https:\/\/ellotv.com.br\/site\/wp-content\/uploads\/2026\/03\/WhatsApp-Image-2026-03-09-at-21.15.02-1024x720.jpeg",1024,720,true],"darknews-featured":["https:\/\/ellotv.com.br\/site\/wp-content\/uploads\/2026\/03\/WhatsApp-Image-2026-03-09-at-21.15.02.jpeg",1024,1536,false],"darknews-medium":["https:\/\/ellotv.com.br\/site\/wp-content\/uploads\/2026\/03\/WhatsApp-Image-2026-03-09-at-21.15.02-720x530.jpeg",720,530,true],"darknews-medium-square":["https:\/\/ellotv.com.br\/site\/wp-content\/uploads\/2026\/03\/WhatsApp-Image-2026-03-09-at-21.15.02-350x350.jpeg",350,350,true]},"author_info":{"info":["ELLO TV"]},"category_info":"<a href=\"https:\/\/ellotv.com.br\/site\/category\/mundo\/\" rel=\"category tag\">Mundo<\/a> <a href=\"https:\/\/ellotv.com.br\/site\/category\/noticias\/\" rel=\"category tag\">Noticias<\/a>","tag_info":"Noticias","comment_count":"0","_links":{"self":[{"href":"https:\/\/ellotv.com.br\/site\/wp-json\/wp\/v2\/posts\/5161","targetHints":{"allow":["GET"]}}],"collection":[{"href":"https:\/\/ellotv.com.br\/site\/wp-json\/wp\/v2\/posts"}],"about":[{"href":"https:\/\/ellotv.com.br\/site\/wp-json\/wp\/v2\/types\/post"}],"author":[{"embeddable":true,"href":"https:\/\/ellotv.com.br\/site\/wp-json\/wp\/v2\/users\/2"}],"replies":[{"embeddable":true,"href":"https:\/\/ellotv.com.br\/site\/wp-json\/wp\/v2\/comments?post=5161"}],"version-history":[{"count":1,"href":"https:\/\/ellotv.com.br\/site\/wp-json\/wp\/v2\/posts\/5161\/revisions"}],"predecessor-version":[{"id":5163,"href":"https:\/\/ellotv.com.br\/site\/wp-json\/wp\/v2\/posts\/5161\/revisions\/5163"}],"wp:featuredmedia":[{"embeddable":true,"href":"https:\/\/ellotv.com.br\/site\/wp-json\/wp\/v2\/media\/5162"}],"wp:attachment":[{"href":"https:\/\/ellotv.com.br\/site\/wp-json\/wp\/v2\/media?parent=5161"}],"wp:term":[{"taxonomy":"category","embeddable":true,"href":"https:\/\/ellotv.com.br\/site\/wp-json\/wp\/v2\/categories?post=5161"},{"taxonomy":"post_tag","embeddable":true,"href":"https:\/\/ellotv.com.br\/site\/wp-json\/wp\/v2\/tags?post=5161"}],"curies":[{"name":"wp","href":"https:\/\/api.w.org\/{rel}","templated":true}]}}