{"id":5164,"date":"2026-03-10T10:36:22","date_gmt":"2026-03-10T13:36:22","guid":{"rendered":"https:\/\/ellotv.com.br\/site\/?p=5164"},"modified":"2026-03-10T10:36:22","modified_gmt":"2026-03-10T13:36:22","slug":"governadora-raquel-lyra-amplia-agenda-no-pajeu-e-inclui-sao-jose-do-egito-e-itapetim-na-programacao","status":"publish","type":"post","link":"https:\/\/ellotv.com.br\/site\/2026\/03\/10\/governadora-raquel-lyra-amplia-agenda-no-pajeu-e-inclui-sao-jose-do-egito-e-itapetim-na-programacao\/","title":{"rendered":"Governadora Raquel Lyra amplia agenda no Paje\u00fa e inclui S\u00e3o Jos\u00e9 do Egito e Itapetim na programa\u00e7\u00e3o"},"content":{"rendered":"<p data-start=\"93\" data-end=\"445\">O gerente de Articula\u00e7\u00e3o Regional da Casa Civil, <span class=\"hover:entity-accent entity-underline inline cursor-pointer align-baseline\"><span class=\"whitespace-normal\">Edson Henrique<\/span><\/span>, confirmou nesta ter\u00e7a-feira uma nova altera\u00e7\u00e3o na agenda da governadora <span class=\"hover:entity-accent entity-underline inline cursor-pointer align-baseline\"><span class=\"whitespace-normal\">Raquel Lyra<\/span><\/span> no <span class=\"hover:entity-accent entity-underline inline cursor-pointer align-baseline\"><span class=\"whitespace-normal\">Sert\u00e3o do Paje\u00fa<\/span><\/span>. A informa\u00e7\u00e3o foi divulgada durante entrevista ao programa Manh\u00e3 Total, da <span class=\"hover:entity-accent entity-underline inline cursor-pointer align-baseline\"><span class=\"whitespace-normal\">R\u00e1dio Paje\u00fa<\/span><\/span>.<\/p>\n<p data-start=\"447\" data-end=\"755\">Segundo Edson Henrique, ap\u00f3s reuni\u00f5es realizadas em <span class=\"hover:entity-accent entity-underline inline cursor-pointer align-baseline\"><span class=\"whitespace-normal\">Recife<\/span><\/span>, o governo decidiu ampliar a programa\u00e7\u00e3o da governadora na regi\u00e3o. \u201cPor prud\u00eancia e cautela, resolvemos acrescentar mais um dia. Ela fica dias 12 e 13 no Paje\u00fa, com acr\u00e9scimo de S\u00e3o Jos\u00e9 do Egito e Itapetim\u201d, explicou.<\/p>\n<h3 data-section-id=\"qhjt16\" data-start=\"757\" data-end=\"816\">Quinta-feira (12): Itapetim, S\u00e3o Jos\u00e9 do Egito e Tabira<\/h3>\n<p data-start=\"818\" data-end=\"1038\">A agenda come\u00e7a na quinta-feira (12), quando a governadora chega ao munic\u00edpio de <span class=\"hover:entity-accent entity-underline inline cursor-pointer align-baseline\"><span class=\"whitespace-normal\">Itapetim<\/span><\/span> \u00e0s 15h para inaugurar a rodovia <strong data-start=\"969\" data-end=\"979\">PE-263<\/strong>, no trecho entre os distritos de S\u00e3o Vicente e Livramento.<\/p>\n<p data-start=\"1040\" data-end=\"1304\">Em seguida, a comitiva segue para <span class=\"hover:entity-accent entity-underline inline cursor-pointer align-baseline\"><span class=\"whitespace-normal\">S\u00e3o Jos\u00e9 do Egito<\/span><\/span>, onde ser\u00e3o entregues tr\u00eas dessalinizadores, al\u00e9m da conclus\u00e3o de <strong data-start=\"1178\" data-end=\"1217\">25 quil\u00f4metros de estradas vicinais<\/strong>. A governadora tamb\u00e9m deve visitar as obras de recapeamento em andamento no munic\u00edpio.<\/p>\n<p data-start=\"1306\" data-end=\"1693\">Ainda na quinta-feira, Raquel Lyra segue para <span class=\"hover:entity-accent entity-underline inline cursor-pointer align-baseline\"><span class=\"whitespace-normal\">Tabira<\/span><\/span>, onde participar\u00e1 da inaugura\u00e7\u00e3o da estrada Tabira\u2013\u00c1gua Branca, al\u00e9m da entrega de uma segunda cozinha comunit\u00e1ria e de novos dessalinizadores. Durante a agenda tamb\u00e9m ser\u00e3o assinadas ordens de servi\u00e7o, incluindo o cofinanciamento do <strong data-start=\"1624\" data-end=\"1658\">Centro de Refer\u00eancia da Mulher<\/strong> e obras de pavimenta\u00e7\u00e3o asf\u00e1ltica.<\/p>\n<h3 data-section-id=\"xlzeib\" data-start=\"1695\" data-end=\"1748\">Sexta-feira (13): Afogados da Ingazeira e Solid\u00e3o<\/h3>\n<p data-start=\"1750\" data-end=\"1963\">Na sexta-feira (13), a governadora inicia o dia em <span class=\"hover:entity-accent entity-underline inline cursor-pointer align-baseline\"><span class=\"whitespace-normal\">Afogados da Ingazeira<\/span><\/span>. \u00c0s 9h, ela participa da inaugura\u00e7\u00e3o do <strong data-start=\"1879\" data-end=\"1920\">Ambulat\u00f3rio Orisvaldo In\u00e1cio da Silva<\/strong>, no <span class=\"hover:entity-accent entity-underline inline cursor-pointer align-baseline\"><span class=\"whitespace-normal\">Hospital Regional Em\u00edlia C\u00e2mara<\/span><\/span>.<\/p>\n<p data-start=\"1965\" data-end=\"2225\">Ainda no munic\u00edpio, a gestora visitar\u00e1 a nova se\u00e7\u00e3o do <span class=\"hover:entity-accent entity-underline inline cursor-pointer align-baseline\"><span class=\"whitespace-normal\">Corpo de Bombeiros Militar de Pernambuco<\/span><\/span> antes de seguir para <span class=\"hover:entity-accent entity-underline inline cursor-pointer align-baseline\"><span class=\"whitespace-normal\">Solid\u00e3o<\/span><\/span>, onde assinar\u00e1 a ordem de servi\u00e7o para a constru\u00e7\u00e3o de uma nova <strong data-start=\"2185\" data-end=\"2224\">Esta\u00e7\u00e3o de Tratamento de \u00c1gua (ETA)<\/strong>.<\/p>\n<p data-start=\"2227\" data-end=\"2417\">A agenda refor\u00e7a a presen\u00e7a do Governo de Pernambuco no Sert\u00e3o do Paje\u00fa, com a\u00e7\u00f5es voltadas para infraestrutura, abastecimento de \u00e1gua, sa\u00fade e pol\u00edticas p\u00fablicas para a popula\u00e7\u00e3o da regi\u00e3o.<\/p>\n<p data-start=\"2419\" data-end=\"2583\" data-is-last-node=\"\" data-is-only-node=\"\">\n","protected":false},"excerpt":{"rendered":"<p>O gerente de Articula\u00e7\u00e3o Regional da Casa Civil, Edson Henrique, confirmou nesta ter\u00e7a-feira uma nova altera\u00e7\u00e3o na agenda<\/p>\n","protected":false},"author":2,"featured_media":5165,"comment_status":"open","ping_status":"open","sticky":false,"template":"","format":"standard","meta":{"footnotes":""},"categories":[12,9],"tags":[],"class_list":["post-5164","post","type-post","status-publish","format-standard","has-post-thumbnail","hentry","category-noticias","category-regional"],"yoast_head":"<!-- This site is optimized with the Yoast SEO plugin v28.3 - https:\/\/yoast.com\/product\/yoast-seo-wordpress\/ -->\n<title>Governadora Raquel Lyra amplia agenda no Paje\u00fa e inclui S\u00e3o Jos\u00e9 do Egito e Itapetim na programa\u00e7\u00e3o - Ello TV<\/title>\n<meta name=\"description\" content=\"Raquel Lyra amplia agenda no Sert\u00e3o do Paje\u00fa e visitar\u00e1 Itapetim, S\u00e3o Jos\u00e9 do Egito, Tabira, Afogados da Ingazeira e Solid\u00e3o nos dias 12 e 13.\" \/>\n<meta name=\"robots\" content=\"index, follow, max-snippet:-1, max-image-preview:large, max-video-preview:-1\" \/>\n<link rel=\"canonical\" href=\"https:\/\/ellotv.com.br\/site\/2026\/03\/10\/governadora-raquel-lyra-amplia-agenda-no-pajeu-e-inclui-sao-jose-do-egito-e-itapetim-na-programacao\/\" \/>\n<meta property=\"og:locale\" content=\"pt_BR\" \/>\n<meta property=\"og:type\" content=\"article\" \/>\n<meta property=\"og:title\" content=\"Governadora Raquel Lyra amplia agenda no Paje\u00fa e inclui S\u00e3o Jos\u00e9 do Egito e Itapetim na programa\u00e7\u00e3o - Ello TV\" \/>\n<meta property=\"og:description\" content=\"Raquel Lyra amplia agenda no Sert\u00e3o do Paje\u00fa e visitar\u00e1 Itapetim, S\u00e3o Jos\u00e9 do Egito, Tabira, Afogados da Ingazeira e Solid\u00e3o nos dias 12 e 13.\" \/>\n<meta property=\"og:url\" content=\"https:\/\/ellotv.com.br\/site\/2026\/03\/10\/governadora-raquel-lyra-amplia-agenda-no-pajeu-e-inclui-sao-jose-do-egito-e-itapetim-na-programacao\/\" \/>\n<meta property=\"og:site_name\" content=\"Ello TV\" \/>\n<meta property=\"article:published_time\" content=\"2026-03-10T13:36:22+00:00\" \/>\n<meta property=\"og:image\" content=\"https:\/\/ellotv.com.br\/site\/wp-content\/uploads\/2026\/03\/WhatsApp-Image-2026-03-10-at-09.44.37.jpeg\" \/>\n\t<meta property=\"og:image:width\" content=\"1024\" \/>\n\t<meta property=\"og:image:height\" content=\"1536\" \/>\n\t<meta property=\"og:image:type\" content=\"image\/jpeg\" \/>\n<meta name=\"author\" content=\"ELLO TV\" \/>\n<meta name=\"twitter:card\" content=\"summary_large_image\" \/>\n<meta name=\"twitter:label1\" content=\"Escrito por\" \/>\n\t<meta name=\"twitter:data1\" content=\"ELLO TV\" \/>\n\t<meta name=\"twitter:label2\" content=\"Est. tempo de leitura\" \/>\n\t<meta name=\"twitter:data2\" content=\"2 minutos\" \/>\n<script type=\"application\/ld+json\" class=\"yoast-schema-graph\">{\"@context\":\"https:\\\/\\\/schema.org\",\"@graph\":[{\"@type\":\"Article\",\"@id\":\"https:\\\/\\\/ellotv.com.br\\\/site\\\/2026\\\/03\\\/10\\\/governadora-raquel-lyra-amplia-agenda-no-pajeu-e-inclui-sao-jose-do-egito-e-itapetim-na-programacao\\\/#article\",\"isPartOf\":{\"@id\":\"https:\\\/\\\/ellotv.com.br\\\/site\\\/2026\\\/03\\\/10\\\/governadora-raquel-lyra-amplia-agenda-no-pajeu-e-inclui-sao-jose-do-egito-e-itapetim-na-programacao\\\/\"},\"author\":{\"name\":\"ELLO TV\",\"@id\":\"https:\\\/\\\/ellotv.com.br\\\/site\\\/#\\\/schema\\\/person\\\/2dbe3abaee38dcc7332fc8205cd2b15d\"},\"headline\":\"Governadora Raquel Lyra amplia agenda no Paje\u00fa e inclui S\u00e3o Jos\u00e9 do Egito e Itapetim na programa\u00e7\u00e3o\",\"datePublished\":\"2026-03-10T13:36:22+00:00\",\"mainEntityOfPage\":{\"@id\":\"https:\\\/\\\/ellotv.com.br\\\/site\\\/2026\\\/03\\\/10\\\/governadora-raquel-lyra-amplia-agenda-no-pajeu-e-inclui-sao-jose-do-egito-e-itapetim-na-programacao\\\/\"},\"wordCount\":385,\"commentCount\":0,\"publisher\":{\"@id\":\"https:\\\/\\\/ellotv.com.br\\\/site\\\/#organization\"},\"image\":{\"@id\":\"https:\\\/\\\/ellotv.com.br\\\/site\\\/2026\\\/03\\\/10\\\/governadora-raquel-lyra-amplia-agenda-no-pajeu-e-inclui-sao-jose-do-egito-e-itapetim-na-programacao\\\/#primaryimage\"},\"thumbnailUrl\":\"https:\\\/\\\/ellotv.com.br\\\/site\\\/wp-content\\\/uploads\\\/2026\\\/03\\\/WhatsApp-Image-2026-03-10-at-09.44.37.jpeg\",\"articleSection\":[\"Noticias\",\"Regional\"],\"inLanguage\":\"pt-BR\",\"potentialAction\":[{\"@type\":\"CommentAction\",\"name\":\"Comment\",\"target\":[\"https:\\\/\\\/ellotv.com.br\\\/site\\\/2026\\\/03\\\/10\\\/governadora-raquel-lyra-amplia-agenda-no-pajeu-e-inclui-sao-jose-do-egito-e-itapetim-na-programacao\\\/#respond\"]}]},{\"@type\":\"WebPage\",\"@id\":\"https:\\\/\\\/ellotv.com.br\\\/site\\\/2026\\\/03\\\/10\\\/governadora-raquel-lyra-amplia-agenda-no-pajeu-e-inclui-sao-jose-do-egito-e-itapetim-na-programacao\\\/\",\"url\":\"https:\\\/\\\/ellotv.com.br\\\/site\\\/2026\\\/03\\\/10\\\/governadora-raquel-lyra-amplia-agenda-no-pajeu-e-inclui-sao-jose-do-egito-e-itapetim-na-programacao\\\/\",\"name\":\"Governadora Raquel Lyra amplia agenda no Paje\u00fa e inclui S\u00e3o Jos\u00e9 do Egito e Itapetim na programa\u00e7\u00e3o - Ello TV\",\"isPartOf\":{\"@id\":\"https:\\\/\\\/ellotv.com.br\\\/site\\\/#website\"},\"primaryImageOfPage\":{\"@id\":\"https:\\\/\\\/ellotv.com.br\\\/site\\\/2026\\\/03\\\/10\\\/governadora-raquel-lyra-amplia-agenda-no-pajeu-e-inclui-sao-jose-do-egito-e-itapetim-na-programacao\\\/#primaryimage\"},\"image\":{\"@id\":\"https:\\\/\\\/ellotv.com.br\\\/site\\\/2026\\\/03\\\/10\\\/governadora-raquel-lyra-amplia-agenda-no-pajeu-e-inclui-sao-jose-do-egito-e-itapetim-na-programacao\\\/#primaryimage\"},\"thumbnailUrl\":\"https:\\\/\\\/ellotv.com.br\\\/site\\\/wp-content\\\/uploads\\\/2026\\\/03\\\/WhatsApp-Image-2026-03-10-at-09.44.37.jpeg\",\"datePublished\":\"2026-03-10T13:36:22+00:00\",\"description\":\"Raquel Lyra amplia agenda no Sert\u00e3o do Paje\u00fa e visitar\u00e1 Itapetim, S\u00e3o Jos\u00e9 do Egito, Tabira, Afogados da Ingazeira e Solid\u00e3o nos dias 12 e 13.\",\"breadcrumb\":{\"@id\":\"https:\\\/\\\/ellotv.com.br\\\/site\\\/2026\\\/03\\\/10\\\/governadora-raquel-lyra-amplia-agenda-no-pajeu-e-inclui-sao-jose-do-egito-e-itapetim-na-programacao\\\/#breadcrumb\"},\"inLanguage\":\"pt-BR\",\"potentialAction\":[{\"@type\":\"ReadAction\",\"target\":[\"https:\\\/\\\/ellotv.com.br\\\/site\\\/2026\\\/03\\\/10\\\/governadora-raquel-lyra-amplia-agenda-no-pajeu-e-inclui-sao-jose-do-egito-e-itapetim-na-programacao\\\/\"]}]},{\"@type\":\"ImageObject\",\"inLanguage\":\"pt-BR\",\"@id\":\"https:\\\/\\\/ellotv.com.br\\\/site\\\/2026\\\/03\\\/10\\\/governadora-raquel-lyra-amplia-agenda-no-pajeu-e-inclui-sao-jose-do-egito-e-itapetim-na-programacao\\\/#primaryimage\",\"url\":\"https:\\\/\\\/ellotv.com.br\\\/site\\\/wp-content\\\/uploads\\\/2026\\\/03\\\/WhatsApp-Image-2026-03-10-at-09.44.37.jpeg\",\"contentUrl\":\"https:\\\/\\\/ellotv.com.br\\\/site\\\/wp-content\\\/uploads\\\/2026\\\/03\\\/WhatsApp-Image-2026-03-10-at-09.44.37.jpeg\",\"width\":1024,\"height\":1536},{\"@type\":\"BreadcrumbList\",\"@id\":\"https:\\\/\\\/ellotv.com.br\\\/site\\\/2026\\\/03\\\/10\\\/governadora-raquel-lyra-amplia-agenda-no-pajeu-e-inclui-sao-jose-do-egito-e-itapetim-na-programacao\\\/#breadcrumb\",\"itemListElement\":[{\"@type\":\"ListItem\",\"position\":1,\"name\":\"In\u00edcio\",\"item\":\"https:\\\/\\\/ellotv.com.br\\\/site\\\/\"},{\"@type\":\"ListItem\",\"position\":2,\"name\":\"Governadora Raquel Lyra amplia agenda no Paje\u00fa e inclui S\u00e3o Jos\u00e9 do Egito e Itapetim na programa\u00e7\u00e3o\"}]},{\"@type\":\"WebSite\",\"@id\":\"https:\\\/\\\/ellotv.com.br\\\/site\\\/#website\",\"url\":\"https:\\\/\\\/ellotv.com.br\\\/site\\\/\",\"name\":\"ELLO TV\",\"description\":\"\",\"publisher\":{\"@id\":\"https:\\\/\\\/ellotv.com.br\\\/site\\\/#organization\"},\"potentialAction\":[{\"@type\":\"SearchAction\",\"target\":{\"@type\":\"EntryPoint\",\"urlTemplate\":\"https:\\\/\\\/ellotv.com.br\\\/site\\\/?s={search_term_string}\"},\"query-input\":{\"@type\":\"PropertyValueSpecification\",\"valueRequired\":true,\"valueName\":\"search_term_string\"}}],\"inLanguage\":\"pt-BR\"},{\"@type\":\"Organization\",\"@id\":\"https:\\\/\\\/ellotv.com.br\\\/site\\\/#organization\",\"name\":\"ELLO TV\",\"url\":\"https:\\\/\\\/ellotv.com.br\\\/site\\\/\",\"logo\":{\"@type\":\"ImageObject\",\"inLanguage\":\"pt-BR\",\"@id\":\"https:\\\/\\\/ellotv.com.br\\\/site\\\/#\\\/schema\\\/logo\\\/image\\\/\",\"url\":\"https:\\\/\\\/ellotv.com.br\\\/site\\\/wp-content\\\/uploads\\\/2025\\\/11\\\/ello-logo-2.fw_.png\",\"contentUrl\":\"https:\\\/\\\/ellotv.com.br\\\/site\\\/wp-content\\\/uploads\\\/2025\\\/11\\\/ello-logo-2.fw_.png\",\"width\":400,\"height\":146,\"caption\":\"ELLO TV\"},\"image\":{\"@id\":\"https:\\\/\\\/ellotv.com.br\\\/site\\\/#\\\/schema\\\/logo\\\/image\\\/\"}},{\"@type\":\"Person\",\"@id\":\"https:\\\/\\\/ellotv.com.br\\\/site\\\/#\\\/schema\\\/person\\\/2dbe3abaee38dcc7332fc8205cd2b15d\",\"name\":\"ELLO TV\",\"image\":{\"@type\":\"ImageObject\",\"inLanguage\":\"pt-BR\",\"@id\":\"https:\\\/\\\/secure.gravatar.com\\\/avatar\\\/c38242b9da8ec217ac3f0aaee31a54f7d7befb11b2b47fdbc8fb0fad60afa1c6?s=96&d=mm&r=g\",\"url\":\"https:\\\/\\\/secure.gravatar.com\\\/avatar\\\/c38242b9da8ec217ac3f0aaee31a54f7d7befb11b2b47fdbc8fb0fad60afa1c6?s=96&d=mm&r=g\",\"contentUrl\":\"https:\\\/\\\/secure.gravatar.com\\\/avatar\\\/c38242b9da8ec217ac3f0aaee31a54f7d7befb11b2b47fdbc8fb0fad60afa1c6?s=96&d=mm&r=g\",\"caption\":\"ELLO TV\"},\"url\":\"https:\\\/\\\/ellotv.com.br\\\/site\\\/author\\\/elloagencia\\\/\"}]}<\/script>\n<!-- \/ Yoast SEO plugin. -->","yoast_head_json":{"title":"Governadora Raquel Lyra amplia agenda no Paje\u00fa e inclui S\u00e3o Jos\u00e9 do Egito e Itapetim na programa\u00e7\u00e3o - Ello TV","description":"Raquel Lyra amplia agenda no Sert\u00e3o do Paje\u00fa e visitar\u00e1 Itapetim, S\u00e3o Jos\u00e9 do Egito, Tabira, Afogados da Ingazeira e Solid\u00e3o nos dias 12 e 13.","robots":{"index":"index","follow":"follow","max-snippet":"max-snippet:-1","max-image-preview":"max-image-preview:large","max-video-preview":"max-video-preview:-1"},"canonical":"https:\/\/ellotv.com.br\/site\/2026\/03\/10\/governadora-raquel-lyra-amplia-agenda-no-pajeu-e-inclui-sao-jose-do-egito-e-itapetim-na-programacao\/","og_locale":"pt_BR","og_type":"article","og_title":"Governadora Raquel Lyra amplia agenda no Paje\u00fa e inclui S\u00e3o Jos\u00e9 do Egito e Itapetim na programa\u00e7\u00e3o - Ello TV","og_description":"Raquel Lyra amplia agenda no Sert\u00e3o do Paje\u00fa e visitar\u00e1 Itapetim, S\u00e3o Jos\u00e9 do Egito, Tabira, Afogados da Ingazeira e Solid\u00e3o nos dias 12 e 13.","og_url":"https:\/\/ellotv.com.br\/site\/2026\/03\/10\/governadora-raquel-lyra-amplia-agenda-no-pajeu-e-inclui-sao-jose-do-egito-e-itapetim-na-programacao\/","og_site_name":"Ello TV","article_published_time":"2026-03-10T13:36:22+00:00","og_image":[{"width":1024,"height":1536,"url":"https:\/\/ellotv.com.br\/site\/wp-content\/uploads\/2026\/03\/WhatsApp-Image-2026-03-10-at-09.44.37.jpeg","type":"image\/jpeg"}],"author":"ELLO TV","twitter_card":"summary_large_image","twitter_misc":{"Escrito por":"ELLO TV","Est. tempo de leitura":"2 minutos"},"schema":{"@context":"https:\/\/schema.org","@graph":[{"@type":"Article","@id":"https:\/\/ellotv.com.br\/site\/2026\/03\/10\/governadora-raquel-lyra-amplia-agenda-no-pajeu-e-inclui-sao-jose-do-egito-e-itapetim-na-programacao\/#article","isPartOf":{"@id":"https:\/\/ellotv.com.br\/site\/2026\/03\/10\/governadora-raquel-lyra-amplia-agenda-no-pajeu-e-inclui-sao-jose-do-egito-e-itapetim-na-programacao\/"},"author":{"name":"ELLO TV","@id":"https:\/\/ellotv.com.br\/site\/#\/schema\/person\/2dbe3abaee38dcc7332fc8205cd2b15d"},"headline":"Governadora Raquel Lyra amplia agenda no Paje\u00fa e inclui S\u00e3o Jos\u00e9 do Egito e Itapetim na programa\u00e7\u00e3o","datePublished":"2026-03-10T13:36:22+00:00","mainEntityOfPage":{"@id":"https:\/\/ellotv.com.br\/site\/2026\/03\/10\/governadora-raquel-lyra-amplia-agenda-no-pajeu-e-inclui-sao-jose-do-egito-e-itapetim-na-programacao\/"},"wordCount":385,"commentCount":0,"publisher":{"@id":"https:\/\/ellotv.com.br\/site\/#organization"},"image":{"@id":"https:\/\/ellotv.com.br\/site\/2026\/03\/10\/governadora-raquel-lyra-amplia-agenda-no-pajeu-e-inclui-sao-jose-do-egito-e-itapetim-na-programacao\/#primaryimage"},"thumbnailUrl":"https:\/\/ellotv.com.br\/site\/wp-content\/uploads\/2026\/03\/WhatsApp-Image-2026-03-10-at-09.44.37.jpeg","articleSection":["Noticias","Regional"],"inLanguage":"pt-BR","potentialAction":[{"@type":"CommentAction","name":"Comment","target":["https:\/\/ellotv.com.br\/site\/2026\/03\/10\/governadora-raquel-lyra-amplia-agenda-no-pajeu-e-inclui-sao-jose-do-egito-e-itapetim-na-programacao\/#respond"]}]},{"@type":"WebPage","@id":"https:\/\/ellotv.com.br\/site\/2026\/03\/10\/governadora-raquel-lyra-amplia-agenda-no-pajeu-e-inclui-sao-jose-do-egito-e-itapetim-na-programacao\/","url":"https:\/\/ellotv.com.br\/site\/2026\/03\/10\/governadora-raquel-lyra-amplia-agenda-no-pajeu-e-inclui-sao-jose-do-egito-e-itapetim-na-programacao\/","name":"Governadora Raquel Lyra amplia agenda no Paje\u00fa e inclui S\u00e3o Jos\u00e9 do Egito e Itapetim na programa\u00e7\u00e3o - Ello TV","isPartOf":{"@id":"https:\/\/ellotv.com.br\/site\/#website"},"primaryImageOfPage":{"@id":"https:\/\/ellotv.com.br\/site\/2026\/03\/10\/governadora-raquel-lyra-amplia-agenda-no-pajeu-e-inclui-sao-jose-do-egito-e-itapetim-na-programacao\/#primaryimage"},"image":{"@id":"https:\/\/ellotv.com.br\/site\/2026\/03\/10\/governadora-raquel-lyra-amplia-agenda-no-pajeu-e-inclui-sao-jose-do-egito-e-itapetim-na-programacao\/#primaryimage"},"thumbnailUrl":"https:\/\/ellotv.com.br\/site\/wp-content\/uploads\/2026\/03\/WhatsApp-Image-2026-03-10-at-09.44.37.jpeg","datePublished":"2026-03-10T13:36:22+00:00","description":"Raquel Lyra amplia agenda no Sert\u00e3o do Paje\u00fa e visitar\u00e1 Itapetim, S\u00e3o Jos\u00e9 do Egito, Tabira, Afogados da Ingazeira e Solid\u00e3o nos dias 12 e 13.","breadcrumb":{"@id":"https:\/\/ellotv.com.br\/site\/2026\/03\/10\/governadora-raquel-lyra-amplia-agenda-no-pajeu-e-inclui-sao-jose-do-egito-e-itapetim-na-programacao\/#breadcrumb"},"inLanguage":"pt-BR","potentialAction":[{"@type":"ReadAction","target":["https:\/\/ellotv.com.br\/site\/2026\/03\/10\/governadora-raquel-lyra-amplia-agenda-no-pajeu-e-inclui-sao-jose-do-egito-e-itapetim-na-programacao\/"]}]},{"@type":"ImageObject","inLanguage":"pt-BR","@id":"https:\/\/ellotv.com.br\/site\/2026\/03\/10\/governadora-raquel-lyra-amplia-agenda-no-pajeu-e-inclui-sao-jose-do-egito-e-itapetim-na-programacao\/#primaryimage","url":"https:\/\/ellotv.com.br\/site\/wp-content\/uploads\/2026\/03\/WhatsApp-Image-2026-03-10-at-09.44.37.jpeg","contentUrl":"https:\/\/ellotv.com.br\/site\/wp-content\/uploads\/2026\/03\/WhatsApp-Image-2026-03-10-at-09.44.37.jpeg","width":1024,"height":1536},{"@type":"BreadcrumbList","@id":"https:\/\/ellotv.com.br\/site\/2026\/03\/10\/governadora-raquel-lyra-amplia-agenda-no-pajeu-e-inclui-sao-jose-do-egito-e-itapetim-na-programacao\/#breadcrumb","itemListElement":[{"@type":"ListItem","position":1,"name":"In\u00edcio","item":"https:\/\/ellotv.com.br\/site\/"},{"@type":"ListItem","position":2,"name":"Governadora Raquel Lyra amplia agenda no Paje\u00fa e inclui S\u00e3o Jos\u00e9 do Egito e Itapetim na programa\u00e7\u00e3o"}]},{"@type":"WebSite","@id":"https:\/\/ellotv.com.br\/site\/#website","url":"https:\/\/ellotv.com.br\/site\/","name":"ELLO TV","description":"","publisher":{"@id":"https:\/\/ellotv.com.br\/site\/#organization"},"potentialAction":[{"@type":"SearchAction","target":{"@type":"EntryPoint","urlTemplate":"https:\/\/ellotv.com.br\/site\/?s={search_term_string}"},"query-input":{"@type":"PropertyValueSpecification","valueRequired":true,"valueName":"search_term_string"}}],"inLanguage":"pt-BR"},{"@type":"Organization","@id":"https:\/\/ellotv.com.br\/site\/#organization","name":"ELLO TV","url":"https:\/\/ellotv.com.br\/site\/","logo":{"@type":"ImageObject","inLanguage":"pt-BR","@id":"https:\/\/ellotv.com.br\/site\/#\/schema\/logo\/image\/","url":"https:\/\/ellotv.com.br\/site\/wp-content\/uploads\/2025\/11\/ello-logo-2.fw_.png","contentUrl":"https:\/\/ellotv.com.br\/site\/wp-content\/uploads\/2025\/11\/ello-logo-2.fw_.png","width":400,"height":146,"caption":"ELLO TV"},"image":{"@id":"https:\/\/ellotv.com.br\/site\/#\/schema\/logo\/image\/"}},{"@type":"Person","@id":"https:\/\/ellotv.com.br\/site\/#\/schema\/person\/2dbe3abaee38dcc7332fc8205cd2b15d","name":"ELLO TV","image":{"@type":"ImageObject","inLanguage":"pt-BR","@id":"https:\/\/secure.gravatar.com\/avatar\/c38242b9da8ec217ac3f0aaee31a54f7d7befb11b2b47fdbc8fb0fad60afa1c6?s=96&d=mm&r=g","url":"https:\/\/secure.gravatar.com\/avatar\/c38242b9da8ec217ac3f0aaee31a54f7d7befb11b2b47fdbc8fb0fad60afa1c6?s=96&d=mm&r=g","contentUrl":"https:\/\/secure.gravatar.com\/avatar\/c38242b9da8ec217ac3f0aaee31a54f7d7befb11b2b47fdbc8fb0fad60afa1c6?s=96&d=mm&r=g","caption":"ELLO TV"},"url":"https:\/\/ellotv.com.br\/site\/author\/elloagencia\/"}]}},"featured_image_urls":{"full":["https:\/\/ellotv.com.br\/site\/wp-content\/uploads\/2026\/03\/WhatsApp-Image-2026-03-10-at-09.44.37.jpeg",1024,1536,false],"thumbnail":["https:\/\/ellotv.com.br\/site\/wp-content\/uploads\/2026\/03\/WhatsApp-Image-2026-03-10-at-09.44.37-150x150.jpeg",150,150,true],"medium":["https:\/\/ellotv.com.br\/site\/wp-content\/uploads\/2026\/03\/WhatsApp-Image-2026-03-10-at-09.44.37-200x300.jpeg",200,300,true],"medium_large":["https:\/\/ellotv.com.br\/site\/wp-content\/uploads\/2026\/03\/WhatsApp-Image-2026-03-10-at-09.44.37-768x1152.jpeg",640,960,true],"large":["https:\/\/ellotv.com.br\/site\/wp-content\/uploads\/2026\/03\/WhatsApp-Image-2026-03-10-at-09.44.37-683x1024.jpeg",640,960,true],"1536x1536":["https:\/\/ellotv.com.br\/site\/wp-content\/uploads\/2026\/03\/WhatsApp-Image-2026-03-10-at-09.44.37.jpeg",1024,1536,false],"2048x2048":["https:\/\/ellotv.com.br\/site\/wp-content\/uploads\/2026\/03\/WhatsApp-Image-2026-03-10-at-09.44.37.jpeg",1024,1536,false],"darknews-slider-full":["https:\/\/ellotv.com.br\/site\/wp-content\/uploads\/2026\/03\/WhatsApp-Image-2026-03-10-at-09.44.37-1024x720.jpeg",1024,720,true],"darknews-featured":["https:\/\/ellotv.com.br\/site\/wp-content\/uploads\/2026\/03\/WhatsApp-Image-2026-03-10-at-09.44.37.jpeg",1024,1536,false],"darknews-medium":["https:\/\/ellotv.com.br\/site\/wp-content\/uploads\/2026\/03\/WhatsApp-Image-2026-03-10-at-09.44.37-720x530.jpeg",720,530,true],"darknews-medium-square":["https:\/\/ellotv.com.br\/site\/wp-content\/uploads\/2026\/03\/WhatsApp-Image-2026-03-10-at-09.44.37-350x350.jpeg",350,350,true]},"author_info":{"info":["ELLO TV"]},"category_info":"<a href=\"https:\/\/ellotv.com.br\/site\/category\/noticias\/\" rel=\"category tag\">Noticias<\/a> <a href=\"https:\/\/ellotv.com.br\/site\/category\/regional\/\" rel=\"category tag\">Regional<\/a>","tag_info":"Regional","comment_count":"0","_links":{"self":[{"href":"https:\/\/ellotv.com.br\/site\/wp-json\/wp\/v2\/posts\/5164","targetHints":{"allow":["GET"]}}],"collection":[{"href":"https:\/\/ellotv.com.br\/site\/wp-json\/wp\/v2\/posts"}],"about":[{"href":"https:\/\/ellotv.com.br\/site\/wp-json\/wp\/v2\/types\/post"}],"author":[{"embeddable":true,"href":"https:\/\/ellotv.com.br\/site\/wp-json\/wp\/v2\/users\/2"}],"replies":[{"embeddable":true,"href":"https:\/\/ellotv.com.br\/site\/wp-json\/wp\/v2\/comments?post=5164"}],"version-history":[{"count":1,"href":"https:\/\/ellotv.com.br\/site\/wp-json\/wp\/v2\/posts\/5164\/revisions"}],"predecessor-version":[{"id":5166,"href":"https:\/\/ellotv.com.br\/site\/wp-json\/wp\/v2\/posts\/5164\/revisions\/5166"}],"wp:featuredmedia":[{"embeddable":true,"href":"https:\/\/ellotv.com.br\/site\/wp-json\/wp\/v2\/media\/5165"}],"wp:attachment":[{"href":"https:\/\/ellotv.com.br\/site\/wp-json\/wp\/v2\/media?parent=5164"}],"wp:term":[{"taxonomy":"category","embeddable":true,"href":"https:\/\/ellotv.com.br\/site\/wp-json\/wp\/v2\/categories?post=5164"},{"taxonomy":"post_tag","embeddable":true,"href":"https:\/\/ellotv.com.br\/site\/wp-json\/wp\/v2\/tags?post=5164"}],"curies":[{"name":"wp","href":"https:\/\/api.w.org\/{rel}","templated":true}]}}