{"id":5185,"date":"2026-03-11T08:39:35","date_gmt":"2026-03-11T11:39:35","guid":{"rendered":"https:\/\/ellotv.com.br\/site\/?p=5185"},"modified":"2026-03-11T08:39:35","modified_gmt":"2026-03-11T11:39:35","slug":"alepe-celebra-os-80-anos-do-grupo-joao-duque-e-os-98-anos-do-empresario-joao-duque-em-noite-de-homenagens","status":"publish","type":"post","link":"https:\/\/ellotv.com.br\/site\/2026\/03\/11\/alepe-celebra-os-80-anos-do-grupo-joao-duque-e-os-98-anos-do-empresario-joao-duque-em-noite-de-homenagens\/","title":{"rendered":"ALEPE celebra os 80 anos do Grupo Jo\u00e3o Duque e os 98 anos do empres\u00e1rio Jo\u00e3o Duque em noite de homenagens"},"content":{"rendered":"<p data-start=\"83\" data-end=\"390\">A <span class=\"hover:entity-accent entity-underline inline cursor-pointer align-baseline\"><span class=\"whitespace-normal\">Assembleia Legislativa de Pernambuco<\/span><\/span> realizou, na noite desta segunda-feira (9), uma solenidade especial em homenagem aos <strong data-start=\"208\" data-end=\"251\">80 anos de hist\u00f3ria do Grupo Jo\u00e3o Duque<\/strong>. A cerim\u00f4nia aconteceu no audit\u00f3rio S\u00e9rgio Guerra e foi proposta e presidida pela deputada estadual <span class=\"hover:entity-accent entity-underline inline cursor-pointer align-baseline\"><span class=\"whitespace-normal\">Socorro Pimentel<\/span><\/span>.<\/p>\n<p data-start=\"392\" data-end=\"821\">A homenagem ganhou um significado ainda mais simb\u00f3lico, j\u00e1 que na mesma data o empres\u00e1rio <span class=\"hover:entity-accent entity-underline inline cursor-pointer align-baseline\"><span class=\"whitespace-normal\">Jo\u00e3o Duque<\/span><\/span> celebrou <strong data-start=\"529\" data-end=\"548\">98 anos de vida<\/strong>. Reconhecido como um dos empres\u00e1rios mais longevos em atividade em Pernambuco, ele foi reverenciado por sua trajet\u00f3ria marcada pelo empreendedorismo, pela f\u00e9 e pelo compromisso com o desenvolvimento de <span class=\"hover:entity-accent entity-underline inline cursor-pointer align-baseline\"><span class=\"whitespace-normal\">Serra Talhada<\/span><\/span> e de todo o Sert\u00e3o pernambucano.<\/p>\n<p data-start=\"823\" data-end=\"1131\">O evento reuniu empres\u00e1rios, lideran\u00e7as pol\u00edticas e representantes do setor produtivo de v\u00e1rias regi\u00f5es do estado, com forte presen\u00e7a de empreendedores de Serra Talhada. Tamb\u00e9m participaram familiares do homenageado, entre filhos, noras, netos e bisnetos, al\u00e9m de amigos e colaboradores do grupo empresarial.<\/p>\n<p data-start=\"1133\" data-end=\"1588\">Entre as autoridades presentes estavam o presidente do <span class=\"hover:entity-accent entity-underline inline cursor-pointer align-baseline\"><span class=\"whitespace-normal\">Instituto Agron\u00f4mico de Pernambuco<\/span><\/span> e neto do homenageado, <span class=\"hover:entity-accent entity-underline inline cursor-pointer align-baseline\"><span class=\"whitespace-normal\">Miguel Duque<\/span><\/span>, que representou a governadora <span class=\"hover:entity-accent entity-underline inline cursor-pointer align-baseline\"><span class=\"whitespace-normal\">Raquel Lyra<\/span><\/span>. Tamb\u00e9m marcou presen\u00e7a o presidente do <span class=\"hover:entity-accent entity-underline inline cursor-pointer align-baseline\"><span class=\"whitespace-normal\">Fecom\u00e9rcio Pernambuco<\/span><\/span>, <span class=\"hover:entity-accent entity-underline inline cursor-pointer align-baseline\"><span class=\"whitespace-normal\">Bernardo Peixoto<\/span><\/span>, al\u00e9m do empres\u00e1rio e presidente da <span class=\"hover:entity-accent entity-underline inline cursor-pointer align-baseline\"><span class=\"whitespace-normal\">APAE Serra Talhada<\/span><\/span>, <span class=\"hover:entity-accent entity-underline inline cursor-pointer align-baseline\"><span class=\"whitespace-normal\">Chico Mourato<\/span><\/span>.<\/p>\n<p data-start=\"1590\" data-end=\"1855\">Tamb\u00e9m prestigiaram a solenidade diversos empres\u00e1rios e lideran\u00e7as do Sert\u00e3o, entre eles Ant\u00f4nio Cai\u00e7ara, Maur\u00edcio Melo, Maninho Ferreira, Chico Terto, Everaldo de Melo Lima, Carlito Godoy, Gerson Gon\u00e7alves de Lima e Kleber Carvalho, al\u00e9m do soci\u00f3logo Jos\u00e9 Arlindo.<\/p>\n<p data-start=\"1857\" data-end=\"2038\">Durante a cerim\u00f4nia, o deputado estadual <span class=\"hover:entity-accent entity-underline inline cursor-pointer align-baseline\"><span class=\"whitespace-normal\">Luciano Duque<\/span><\/span>, filho do homenageado, destacou o legado constru\u00eddo ao longo de d\u00e9cadas de trabalho e solidariedade.<\/p>\n<p data-start=\"2040\" data-end=\"2296\">\u201cMeu pai construiu muito mais do que uma empresa. Ele construiu confian\u00e7a, amizade e esperan\u00e7a para muita gente. S\u00e3o 80 anos de portas abertas, gerando emprego, ajudando quem precisa e mostrando que o verdadeiro sucesso est\u00e1 em servir \u00e0s pessoas\u201d, afirmou.<\/p>\n<p data-start=\"2298\" data-end=\"2581\">A solenidade ressaltou a contribui\u00e7\u00e3o do <strong data-start=\"2339\" data-end=\"2359\">Grupo Jo\u00e3o Duque<\/strong> para o desenvolvimento econ\u00f4mico de Serra Talhada e de toda a regi\u00e3o do Sert\u00e3o, al\u00e9m do legado social do empres\u00e1rio, conhecido pelo apoio a diversas iniciativas comunit\u00e1rias e pela ajuda constante \u00e0s pessoas mais simples.<\/p>\n<p data-start=\"2298\" data-end=\"2581\"><img fetchpriority=\"high\" decoding=\"async\" class=\"aligncenter wp-image-5187 size-large\" src=\"https:\/\/ellotv.com.br\/site\/wp-content\/uploads\/2026\/03\/WhatsApp-Image-2026-03-10-at-14.41.03-2-818x1024.jpeg\" alt=\"\" width=\"640\" height=\"801\" srcset=\"https:\/\/ellotv.com.br\/site\/wp-content\/uploads\/2026\/03\/WhatsApp-Image-2026-03-10-at-14.41.03-2-818x1024.jpeg 818w, https:\/\/ellotv.com.br\/site\/wp-content\/uploads\/2026\/03\/WhatsApp-Image-2026-03-10-at-14.41.03-2-240x300.jpeg 240w, https:\/\/ellotv.com.br\/site\/wp-content\/uploads\/2026\/03\/WhatsApp-Image-2026-03-10-at-14.41.03-2-768x962.jpeg 768w, https:\/\/ellotv.com.br\/site\/wp-content\/uploads\/2026\/03\/WhatsApp-Image-2026-03-10-at-14.41.03-2-1227x1536.jpeg 1227w, https:\/\/ellotv.com.br\/site\/wp-content\/uploads\/2026\/03\/WhatsApp-Image-2026-03-10-at-14.41.03-2-1024x1282.jpeg 1024w, https:\/\/ellotv.com.br\/site\/wp-content\/uploads\/2026\/03\/WhatsApp-Image-2026-03-10-at-14.41.03-2.jpeg 1278w\" sizes=\"(max-width: 640px) 100vw, 640px\" \/><\/p>\n<p data-start=\"2298\" data-end=\"2581\"><img decoding=\"async\" class=\"aligncenter wp-image-5188 size-large\" src=\"https:\/\/ellotv.com.br\/site\/wp-content\/uploads\/2026\/03\/WhatsApp-Image-2026-03-10-at-14.41.03-1-818x1024.jpeg\" alt=\"\" width=\"640\" height=\"801\" srcset=\"https:\/\/ellotv.com.br\/site\/wp-content\/uploads\/2026\/03\/WhatsApp-Image-2026-03-10-at-14.41.03-1-818x1024.jpeg 818w, https:\/\/ellotv.com.br\/site\/wp-content\/uploads\/2026\/03\/WhatsApp-Image-2026-03-10-at-14.41.03-1-240x300.jpeg 240w, https:\/\/ellotv.com.br\/site\/wp-content\/uploads\/2026\/03\/WhatsApp-Image-2026-03-10-at-14.41.03-1-768x962.jpeg 768w, https:\/\/ellotv.com.br\/site\/wp-content\/uploads\/2026\/03\/WhatsApp-Image-2026-03-10-at-14.41.03-1-1227x1536.jpeg 1227w, https:\/\/ellotv.com.br\/site\/wp-content\/uploads\/2026\/03\/WhatsApp-Image-2026-03-10-at-14.41.03-1-1024x1282.jpeg 1024w, https:\/\/ellotv.com.br\/site\/wp-content\/uploads\/2026\/03\/WhatsApp-Image-2026-03-10-at-14.41.03-1.jpeg 1278w\" sizes=\"(max-width: 640px) 100vw, 640px\" \/><\/p>\n","protected":false},"excerpt":{"rendered":"<p>A Assembleia Legislativa de Pernambuco realizou, na noite desta segunda-feira (9), uma solenidade especial em homenagem aos 80<\/p>\n","protected":false},"author":2,"featured_media":5186,"comment_status":"open","ping_status":"open","sticky":false,"template":"","format":"standard","meta":{"footnotes":""},"categories":[12,9],"tags":[],"class_list":["post-5185","post","type-post","status-publish","format-standard","has-post-thumbnail","hentry","category-noticias","category-regional"],"yoast_head":"<!-- This site is optimized with the Yoast SEO plugin v28.3 - https:\/\/yoast.com\/product\/yoast-seo-wordpress\/ -->\n<title>ALEPE celebra os 80 anos do Grupo Jo\u00e3o Duque e os 98 anos do empres\u00e1rio Jo\u00e3o Duque em noite de homenagens - Ello TV<\/title>\n<meta name=\"description\" content=\"ALEPE homenageia os 80 anos do Grupo Jo\u00e3o Duque em solenidade no Recife, destacando a trajet\u00f3ria do empres\u00e1rio Jo\u00e3o Duque e sua contribui\u00e7\u00e3o para Serra Talhada e o Sert\u00e3o.\" \/>\n<meta name=\"robots\" content=\"index, follow, max-snippet:-1, max-image-preview:large, max-video-preview:-1\" \/>\n<link rel=\"canonical\" href=\"https:\/\/ellotv.com.br\/site\/2026\/03\/11\/alepe-celebra-os-80-anos-do-grupo-joao-duque-e-os-98-anos-do-empresario-joao-duque-em-noite-de-homenagens\/\" \/>\n<meta property=\"og:locale\" content=\"pt_BR\" \/>\n<meta property=\"og:type\" content=\"article\" \/>\n<meta property=\"og:title\" content=\"ALEPE celebra os 80 anos do Grupo Jo\u00e3o Duque e os 98 anos do empres\u00e1rio Jo\u00e3o Duque em noite de homenagens - Ello TV\" \/>\n<meta property=\"og:description\" content=\"ALEPE homenageia os 80 anos do Grupo Jo\u00e3o Duque em solenidade no Recife, destacando a trajet\u00f3ria do empres\u00e1rio Jo\u00e3o Duque e sua contribui\u00e7\u00e3o para Serra Talhada e o Sert\u00e3o.\" \/>\n<meta property=\"og:url\" content=\"https:\/\/ellotv.com.br\/site\/2026\/03\/11\/alepe-celebra-os-80-anos-do-grupo-joao-duque-e-os-98-anos-do-empresario-joao-duque-em-noite-de-homenagens\/\" \/>\n<meta property=\"og:site_name\" content=\"Ello TV\" \/>\n<meta property=\"article:published_time\" content=\"2026-03-11T11:39:35+00:00\" \/>\n<meta property=\"og:image\" content=\"https:\/\/ellotv.com.br\/site\/wp-content\/uploads\/2026\/03\/WhatsApp-Image-2026-03-10-at-14.41.03.jpeg\" \/>\n\t<meta property=\"og:image:width\" content=\"1066\" \/>\n\t<meta property=\"og:image:height\" content=\"1600\" \/>\n\t<meta property=\"og:image:type\" content=\"image\/jpeg\" \/>\n<meta name=\"author\" content=\"ELLO TV\" \/>\n<meta name=\"twitter:card\" content=\"summary_large_image\" \/>\n<meta name=\"twitter:label1\" content=\"Escrito por\" \/>\n\t<meta name=\"twitter:data1\" content=\"ELLO TV\" \/>\n\t<meta name=\"twitter:label2\" content=\"Est. tempo de leitura\" \/>\n\t<meta name=\"twitter:data2\" content=\"2 minutos\" \/>\n<script type=\"application\/ld+json\" class=\"yoast-schema-graph\">{\"@context\":\"https:\\\/\\\/schema.org\",\"@graph\":[{\"@type\":\"Article\",\"@id\":\"https:\\\/\\\/ellotv.com.br\\\/site\\\/2026\\\/03\\\/11\\\/alepe-celebra-os-80-anos-do-grupo-joao-duque-e-os-98-anos-do-empresario-joao-duque-em-noite-de-homenagens\\\/#article\",\"isPartOf\":{\"@id\":\"https:\\\/\\\/ellotv.com.br\\\/site\\\/2026\\\/03\\\/11\\\/alepe-celebra-os-80-anos-do-grupo-joao-duque-e-os-98-anos-do-empresario-joao-duque-em-noite-de-homenagens\\\/\"},\"author\":{\"name\":\"ELLO TV\",\"@id\":\"https:\\\/\\\/ellotv.com.br\\\/site\\\/#\\\/schema\\\/person\\\/2dbe3abaee38dcc7332fc8205cd2b15d\"},\"headline\":\"ALEPE celebra os 80 anos do Grupo Jo\u00e3o Duque e os 98 anos do empres\u00e1rio Jo\u00e3o Duque em noite de homenagens\",\"datePublished\":\"2026-03-11T11:39:35+00:00\",\"mainEntityOfPage\":{\"@id\":\"https:\\\/\\\/ellotv.com.br\\\/site\\\/2026\\\/03\\\/11\\\/alepe-celebra-os-80-anos-do-grupo-joao-duque-e-os-98-anos-do-empresario-joao-duque-em-noite-de-homenagens\\\/\"},\"wordCount\":402,\"commentCount\":0,\"publisher\":{\"@id\":\"https:\\\/\\\/ellotv.com.br\\\/site\\\/#organization\"},\"image\":{\"@id\":\"https:\\\/\\\/ellotv.com.br\\\/site\\\/2026\\\/03\\\/11\\\/alepe-celebra-os-80-anos-do-grupo-joao-duque-e-os-98-anos-do-empresario-joao-duque-em-noite-de-homenagens\\\/#primaryimage\"},\"thumbnailUrl\":\"https:\\\/\\\/ellotv.com.br\\\/site\\\/wp-content\\\/uploads\\\/2026\\\/03\\\/WhatsApp-Image-2026-03-10-at-14.41.03.jpeg\",\"articleSection\":[\"Noticias\",\"Regional\"],\"inLanguage\":\"pt-BR\",\"potentialAction\":[{\"@type\":\"CommentAction\",\"name\":\"Comment\",\"target\":[\"https:\\\/\\\/ellotv.com.br\\\/site\\\/2026\\\/03\\\/11\\\/alepe-celebra-os-80-anos-do-grupo-joao-duque-e-os-98-anos-do-empresario-joao-duque-em-noite-de-homenagens\\\/#respond\"]}]},{\"@type\":\"WebPage\",\"@id\":\"https:\\\/\\\/ellotv.com.br\\\/site\\\/2026\\\/03\\\/11\\\/alepe-celebra-os-80-anos-do-grupo-joao-duque-e-os-98-anos-do-empresario-joao-duque-em-noite-de-homenagens\\\/\",\"url\":\"https:\\\/\\\/ellotv.com.br\\\/site\\\/2026\\\/03\\\/11\\\/alepe-celebra-os-80-anos-do-grupo-joao-duque-e-os-98-anos-do-empresario-joao-duque-em-noite-de-homenagens\\\/\",\"name\":\"ALEPE celebra os 80 anos do Grupo Jo\u00e3o Duque e os 98 anos do empres\u00e1rio Jo\u00e3o Duque em noite de homenagens - Ello TV\",\"isPartOf\":{\"@id\":\"https:\\\/\\\/ellotv.com.br\\\/site\\\/#website\"},\"primaryImageOfPage\":{\"@id\":\"https:\\\/\\\/ellotv.com.br\\\/site\\\/2026\\\/03\\\/11\\\/alepe-celebra-os-80-anos-do-grupo-joao-duque-e-os-98-anos-do-empresario-joao-duque-em-noite-de-homenagens\\\/#primaryimage\"},\"image\":{\"@id\":\"https:\\\/\\\/ellotv.com.br\\\/site\\\/2026\\\/03\\\/11\\\/alepe-celebra-os-80-anos-do-grupo-joao-duque-e-os-98-anos-do-empresario-joao-duque-em-noite-de-homenagens\\\/#primaryimage\"},\"thumbnailUrl\":\"https:\\\/\\\/ellotv.com.br\\\/site\\\/wp-content\\\/uploads\\\/2026\\\/03\\\/WhatsApp-Image-2026-03-10-at-14.41.03.jpeg\",\"datePublished\":\"2026-03-11T11:39:35+00:00\",\"description\":\"ALEPE homenageia os 80 anos do Grupo Jo\u00e3o Duque em solenidade no Recife, destacando a trajet\u00f3ria do empres\u00e1rio Jo\u00e3o Duque e sua contribui\u00e7\u00e3o para Serra Talhada e o Sert\u00e3o.\",\"breadcrumb\":{\"@id\":\"https:\\\/\\\/ellotv.com.br\\\/site\\\/2026\\\/03\\\/11\\\/alepe-celebra-os-80-anos-do-grupo-joao-duque-e-os-98-anos-do-empresario-joao-duque-em-noite-de-homenagens\\\/#breadcrumb\"},\"inLanguage\":\"pt-BR\",\"potentialAction\":[{\"@type\":\"ReadAction\",\"target\":[\"https:\\\/\\\/ellotv.com.br\\\/site\\\/2026\\\/03\\\/11\\\/alepe-celebra-os-80-anos-do-grupo-joao-duque-e-os-98-anos-do-empresario-joao-duque-em-noite-de-homenagens\\\/\"]}]},{\"@type\":\"ImageObject\",\"inLanguage\":\"pt-BR\",\"@id\":\"https:\\\/\\\/ellotv.com.br\\\/site\\\/2026\\\/03\\\/11\\\/alepe-celebra-os-80-anos-do-grupo-joao-duque-e-os-98-anos-do-empresario-joao-duque-em-noite-de-homenagens\\\/#primaryimage\",\"url\":\"https:\\\/\\\/ellotv.com.br\\\/site\\\/wp-content\\\/uploads\\\/2026\\\/03\\\/WhatsApp-Image-2026-03-10-at-14.41.03.jpeg\",\"contentUrl\":\"https:\\\/\\\/ellotv.com.br\\\/site\\\/wp-content\\\/uploads\\\/2026\\\/03\\\/WhatsApp-Image-2026-03-10-at-14.41.03.jpeg\",\"width\":1066,\"height\":1600},{\"@type\":\"BreadcrumbList\",\"@id\":\"https:\\\/\\\/ellotv.com.br\\\/site\\\/2026\\\/03\\\/11\\\/alepe-celebra-os-80-anos-do-grupo-joao-duque-e-os-98-anos-do-empresario-joao-duque-em-noite-de-homenagens\\\/#breadcrumb\",\"itemListElement\":[{\"@type\":\"ListItem\",\"position\":1,\"name\":\"In\u00edcio\",\"item\":\"https:\\\/\\\/ellotv.com.br\\\/site\\\/\"},{\"@type\":\"ListItem\",\"position\":2,\"name\":\"ALEPE celebra os 80 anos do Grupo Jo\u00e3o Duque e os 98 anos do empres\u00e1rio Jo\u00e3o Duque em noite de homenagens\"}]},{\"@type\":\"WebSite\",\"@id\":\"https:\\\/\\\/ellotv.com.br\\\/site\\\/#website\",\"url\":\"https:\\\/\\\/ellotv.com.br\\\/site\\\/\",\"name\":\"ELLO TV\",\"description\":\"\",\"publisher\":{\"@id\":\"https:\\\/\\\/ellotv.com.br\\\/site\\\/#organization\"},\"potentialAction\":[{\"@type\":\"SearchAction\",\"target\":{\"@type\":\"EntryPoint\",\"urlTemplate\":\"https:\\\/\\\/ellotv.com.br\\\/site\\\/?s={search_term_string}\"},\"query-input\":{\"@type\":\"PropertyValueSpecification\",\"valueRequired\":true,\"valueName\":\"search_term_string\"}}],\"inLanguage\":\"pt-BR\"},{\"@type\":\"Organization\",\"@id\":\"https:\\\/\\\/ellotv.com.br\\\/site\\\/#organization\",\"name\":\"ELLO TV\",\"url\":\"https:\\\/\\\/ellotv.com.br\\\/site\\\/\",\"logo\":{\"@type\":\"ImageObject\",\"inLanguage\":\"pt-BR\",\"@id\":\"https:\\\/\\\/ellotv.com.br\\\/site\\\/#\\\/schema\\\/logo\\\/image\\\/\",\"url\":\"https:\\\/\\\/ellotv.com.br\\\/site\\\/wp-content\\\/uploads\\\/2025\\\/11\\\/ello-logo-2.fw_.png\",\"contentUrl\":\"https:\\\/\\\/ellotv.com.br\\\/site\\\/wp-content\\\/uploads\\\/2025\\\/11\\\/ello-logo-2.fw_.png\",\"width\":400,\"height\":146,\"caption\":\"ELLO TV\"},\"image\":{\"@id\":\"https:\\\/\\\/ellotv.com.br\\\/site\\\/#\\\/schema\\\/logo\\\/image\\\/\"}},{\"@type\":\"Person\",\"@id\":\"https:\\\/\\\/ellotv.com.br\\\/site\\\/#\\\/schema\\\/person\\\/2dbe3abaee38dcc7332fc8205cd2b15d\",\"name\":\"ELLO TV\",\"image\":{\"@type\":\"ImageObject\",\"inLanguage\":\"pt-BR\",\"@id\":\"https:\\\/\\\/secure.gravatar.com\\\/avatar\\\/c38242b9da8ec217ac3f0aaee31a54f7d7befb11b2b47fdbc8fb0fad60afa1c6?s=96&d=mm&r=g\",\"url\":\"https:\\\/\\\/secure.gravatar.com\\\/avatar\\\/c38242b9da8ec217ac3f0aaee31a54f7d7befb11b2b47fdbc8fb0fad60afa1c6?s=96&d=mm&r=g\",\"contentUrl\":\"https:\\\/\\\/secure.gravatar.com\\\/avatar\\\/c38242b9da8ec217ac3f0aaee31a54f7d7befb11b2b47fdbc8fb0fad60afa1c6?s=96&d=mm&r=g\",\"caption\":\"ELLO TV\"},\"url\":\"https:\\\/\\\/ellotv.com.br\\\/site\\\/author\\\/elloagencia\\\/\"}]}<\/script>\n<!-- \/ Yoast SEO plugin. -->","yoast_head_json":{"title":"ALEPE celebra os 80 anos do Grupo Jo\u00e3o Duque e os 98 anos do empres\u00e1rio Jo\u00e3o Duque em noite de homenagens - Ello TV","description":"ALEPE homenageia os 80 anos do Grupo Jo\u00e3o Duque em solenidade no Recife, destacando a trajet\u00f3ria do empres\u00e1rio Jo\u00e3o Duque e sua contribui\u00e7\u00e3o para Serra Talhada e o Sert\u00e3o.","robots":{"index":"index","follow":"follow","max-snippet":"max-snippet:-1","max-image-preview":"max-image-preview:large","max-video-preview":"max-video-preview:-1"},"canonical":"https:\/\/ellotv.com.br\/site\/2026\/03\/11\/alepe-celebra-os-80-anos-do-grupo-joao-duque-e-os-98-anos-do-empresario-joao-duque-em-noite-de-homenagens\/","og_locale":"pt_BR","og_type":"article","og_title":"ALEPE celebra os 80 anos do Grupo Jo\u00e3o Duque e os 98 anos do empres\u00e1rio Jo\u00e3o Duque em noite de homenagens - Ello TV","og_description":"ALEPE homenageia os 80 anos do Grupo Jo\u00e3o Duque em solenidade no Recife, destacando a trajet\u00f3ria do empres\u00e1rio Jo\u00e3o Duque e sua contribui\u00e7\u00e3o para Serra Talhada e o Sert\u00e3o.","og_url":"https:\/\/ellotv.com.br\/site\/2026\/03\/11\/alepe-celebra-os-80-anos-do-grupo-joao-duque-e-os-98-anos-do-empresario-joao-duque-em-noite-de-homenagens\/","og_site_name":"Ello TV","article_published_time":"2026-03-11T11:39:35+00:00","og_image":[{"width":1066,"height":1600,"url":"https:\/\/ellotv.com.br\/site\/wp-content\/uploads\/2026\/03\/WhatsApp-Image-2026-03-10-at-14.41.03.jpeg","type":"image\/jpeg"}],"author":"ELLO TV","twitter_card":"summary_large_image","twitter_misc":{"Escrito por":"ELLO TV","Est. tempo de leitura":"2 minutos"},"schema":{"@context":"https:\/\/schema.org","@graph":[{"@type":"Article","@id":"https:\/\/ellotv.com.br\/site\/2026\/03\/11\/alepe-celebra-os-80-anos-do-grupo-joao-duque-e-os-98-anos-do-empresario-joao-duque-em-noite-de-homenagens\/#article","isPartOf":{"@id":"https:\/\/ellotv.com.br\/site\/2026\/03\/11\/alepe-celebra-os-80-anos-do-grupo-joao-duque-e-os-98-anos-do-empresario-joao-duque-em-noite-de-homenagens\/"},"author":{"name":"ELLO TV","@id":"https:\/\/ellotv.com.br\/site\/#\/schema\/person\/2dbe3abaee38dcc7332fc8205cd2b15d"},"headline":"ALEPE celebra os 80 anos do Grupo Jo\u00e3o Duque e os 98 anos do empres\u00e1rio Jo\u00e3o Duque em noite de homenagens","datePublished":"2026-03-11T11:39:35+00:00","mainEntityOfPage":{"@id":"https:\/\/ellotv.com.br\/site\/2026\/03\/11\/alepe-celebra-os-80-anos-do-grupo-joao-duque-e-os-98-anos-do-empresario-joao-duque-em-noite-de-homenagens\/"},"wordCount":402,"commentCount":0,"publisher":{"@id":"https:\/\/ellotv.com.br\/site\/#organization"},"image":{"@id":"https:\/\/ellotv.com.br\/site\/2026\/03\/11\/alepe-celebra-os-80-anos-do-grupo-joao-duque-e-os-98-anos-do-empresario-joao-duque-em-noite-de-homenagens\/#primaryimage"},"thumbnailUrl":"https:\/\/ellotv.com.br\/site\/wp-content\/uploads\/2026\/03\/WhatsApp-Image-2026-03-10-at-14.41.03.jpeg","articleSection":["Noticias","Regional"],"inLanguage":"pt-BR","potentialAction":[{"@type":"CommentAction","name":"Comment","target":["https:\/\/ellotv.com.br\/site\/2026\/03\/11\/alepe-celebra-os-80-anos-do-grupo-joao-duque-e-os-98-anos-do-empresario-joao-duque-em-noite-de-homenagens\/#respond"]}]},{"@type":"WebPage","@id":"https:\/\/ellotv.com.br\/site\/2026\/03\/11\/alepe-celebra-os-80-anos-do-grupo-joao-duque-e-os-98-anos-do-empresario-joao-duque-em-noite-de-homenagens\/","url":"https:\/\/ellotv.com.br\/site\/2026\/03\/11\/alepe-celebra-os-80-anos-do-grupo-joao-duque-e-os-98-anos-do-empresario-joao-duque-em-noite-de-homenagens\/","name":"ALEPE celebra os 80 anos do Grupo Jo\u00e3o Duque e os 98 anos do empres\u00e1rio Jo\u00e3o Duque em noite de homenagens - Ello TV","isPartOf":{"@id":"https:\/\/ellotv.com.br\/site\/#website"},"primaryImageOfPage":{"@id":"https:\/\/ellotv.com.br\/site\/2026\/03\/11\/alepe-celebra-os-80-anos-do-grupo-joao-duque-e-os-98-anos-do-empresario-joao-duque-em-noite-de-homenagens\/#primaryimage"},"image":{"@id":"https:\/\/ellotv.com.br\/site\/2026\/03\/11\/alepe-celebra-os-80-anos-do-grupo-joao-duque-e-os-98-anos-do-empresario-joao-duque-em-noite-de-homenagens\/#primaryimage"},"thumbnailUrl":"https:\/\/ellotv.com.br\/site\/wp-content\/uploads\/2026\/03\/WhatsApp-Image-2026-03-10-at-14.41.03.jpeg","datePublished":"2026-03-11T11:39:35+00:00","description":"ALEPE homenageia os 80 anos do Grupo Jo\u00e3o Duque em solenidade no Recife, destacando a trajet\u00f3ria do empres\u00e1rio Jo\u00e3o Duque e sua contribui\u00e7\u00e3o para Serra Talhada e o Sert\u00e3o.","breadcrumb":{"@id":"https:\/\/ellotv.com.br\/site\/2026\/03\/11\/alepe-celebra-os-80-anos-do-grupo-joao-duque-e-os-98-anos-do-empresario-joao-duque-em-noite-de-homenagens\/#breadcrumb"},"inLanguage":"pt-BR","potentialAction":[{"@type":"ReadAction","target":["https:\/\/ellotv.com.br\/site\/2026\/03\/11\/alepe-celebra-os-80-anos-do-grupo-joao-duque-e-os-98-anos-do-empresario-joao-duque-em-noite-de-homenagens\/"]}]},{"@type":"ImageObject","inLanguage":"pt-BR","@id":"https:\/\/ellotv.com.br\/site\/2026\/03\/11\/alepe-celebra-os-80-anos-do-grupo-joao-duque-e-os-98-anos-do-empresario-joao-duque-em-noite-de-homenagens\/#primaryimage","url":"https:\/\/ellotv.com.br\/site\/wp-content\/uploads\/2026\/03\/WhatsApp-Image-2026-03-10-at-14.41.03.jpeg","contentUrl":"https:\/\/ellotv.com.br\/site\/wp-content\/uploads\/2026\/03\/WhatsApp-Image-2026-03-10-at-14.41.03.jpeg","width":1066,"height":1600},{"@type":"BreadcrumbList","@id":"https:\/\/ellotv.com.br\/site\/2026\/03\/11\/alepe-celebra-os-80-anos-do-grupo-joao-duque-e-os-98-anos-do-empresario-joao-duque-em-noite-de-homenagens\/#breadcrumb","itemListElement":[{"@type":"ListItem","position":1,"name":"In\u00edcio","item":"https:\/\/ellotv.com.br\/site\/"},{"@type":"ListItem","position":2,"name":"ALEPE celebra os 80 anos do Grupo Jo\u00e3o Duque e os 98 anos do empres\u00e1rio Jo\u00e3o Duque em noite de homenagens"}]},{"@type":"WebSite","@id":"https:\/\/ellotv.com.br\/site\/#website","url":"https:\/\/ellotv.com.br\/site\/","name":"ELLO TV","description":"","publisher":{"@id":"https:\/\/ellotv.com.br\/site\/#organization"},"potentialAction":[{"@type":"SearchAction","target":{"@type":"EntryPoint","urlTemplate":"https:\/\/ellotv.com.br\/site\/?s={search_term_string}"},"query-input":{"@type":"PropertyValueSpecification","valueRequired":true,"valueName":"search_term_string"}}],"inLanguage":"pt-BR"},{"@type":"Organization","@id":"https:\/\/ellotv.com.br\/site\/#organization","name":"ELLO TV","url":"https:\/\/ellotv.com.br\/site\/","logo":{"@type":"ImageObject","inLanguage":"pt-BR","@id":"https:\/\/ellotv.com.br\/site\/#\/schema\/logo\/image\/","url":"https:\/\/ellotv.com.br\/site\/wp-content\/uploads\/2025\/11\/ello-logo-2.fw_.png","contentUrl":"https:\/\/ellotv.com.br\/site\/wp-content\/uploads\/2025\/11\/ello-logo-2.fw_.png","width":400,"height":146,"caption":"ELLO TV"},"image":{"@id":"https:\/\/ellotv.com.br\/site\/#\/schema\/logo\/image\/"}},{"@type":"Person","@id":"https:\/\/ellotv.com.br\/site\/#\/schema\/person\/2dbe3abaee38dcc7332fc8205cd2b15d","name":"ELLO TV","image":{"@type":"ImageObject","inLanguage":"pt-BR","@id":"https:\/\/secure.gravatar.com\/avatar\/c38242b9da8ec217ac3f0aaee31a54f7d7befb11b2b47fdbc8fb0fad60afa1c6?s=96&d=mm&r=g","url":"https:\/\/secure.gravatar.com\/avatar\/c38242b9da8ec217ac3f0aaee31a54f7d7befb11b2b47fdbc8fb0fad60afa1c6?s=96&d=mm&r=g","contentUrl":"https:\/\/secure.gravatar.com\/avatar\/c38242b9da8ec217ac3f0aaee31a54f7d7befb11b2b47fdbc8fb0fad60afa1c6?s=96&d=mm&r=g","caption":"ELLO TV"},"url":"https:\/\/ellotv.com.br\/site\/author\/elloagencia\/"}]}},"featured_image_urls":{"full":["https:\/\/ellotv.com.br\/site\/wp-content\/uploads\/2026\/03\/WhatsApp-Image-2026-03-10-at-14.41.03.jpeg",1066,1600,false],"thumbnail":["https:\/\/ellotv.com.br\/site\/wp-content\/uploads\/2026\/03\/WhatsApp-Image-2026-03-10-at-14.41.03-150x150.jpeg",150,150,true],"medium":["https:\/\/ellotv.com.br\/site\/wp-content\/uploads\/2026\/03\/WhatsApp-Image-2026-03-10-at-14.41.03-200x300.jpeg",200,300,true],"medium_large":["https:\/\/ellotv.com.br\/site\/wp-content\/uploads\/2026\/03\/WhatsApp-Image-2026-03-10-at-14.41.03-768x1153.jpeg",640,961,true],"large":["https:\/\/ellotv.com.br\/site\/wp-content\/uploads\/2026\/03\/WhatsApp-Image-2026-03-10-at-14.41.03-682x1024.jpeg",640,961,true],"1536x1536":["https:\/\/ellotv.com.br\/site\/wp-content\/uploads\/2026\/03\/WhatsApp-Image-2026-03-10-at-14.41.03-1023x1536.jpeg",1023,1536,true],"2048x2048":["https:\/\/ellotv.com.br\/site\/wp-content\/uploads\/2026\/03\/WhatsApp-Image-2026-03-10-at-14.41.03.jpeg",1066,1600,false],"darknews-slider-full":["https:\/\/ellotv.com.br\/site\/wp-content\/uploads\/2026\/03\/WhatsApp-Image-2026-03-10-at-14.41.03-1066x720.jpeg",1066,720,true],"darknews-featured":["https:\/\/ellotv.com.br\/site\/wp-content\/uploads\/2026\/03\/WhatsApp-Image-2026-03-10-at-14.41.03-1024x1537.jpeg",1024,1537,true],"darknews-medium":["https:\/\/ellotv.com.br\/site\/wp-content\/uploads\/2026\/03\/WhatsApp-Image-2026-03-10-at-14.41.03-720x530.jpeg",720,530,true],"darknews-medium-square":["https:\/\/ellotv.com.br\/site\/wp-content\/uploads\/2026\/03\/WhatsApp-Image-2026-03-10-at-14.41.03-350x350.jpeg",350,350,true]},"author_info":{"info":["ELLO TV"]},"category_info":"<a href=\"https:\/\/ellotv.com.br\/site\/category\/noticias\/\" rel=\"category tag\">Noticias<\/a> <a href=\"https:\/\/ellotv.com.br\/site\/category\/regional\/\" rel=\"category tag\">Regional<\/a>","tag_info":"Regional","comment_count":"0","_links":{"self":[{"href":"https:\/\/ellotv.com.br\/site\/wp-json\/wp\/v2\/posts\/5185","targetHints":{"allow":["GET"]}}],"collection":[{"href":"https:\/\/ellotv.com.br\/site\/wp-json\/wp\/v2\/posts"}],"about":[{"href":"https:\/\/ellotv.com.br\/site\/wp-json\/wp\/v2\/types\/post"}],"author":[{"embeddable":true,"href":"https:\/\/ellotv.com.br\/site\/wp-json\/wp\/v2\/users\/2"}],"replies":[{"embeddable":true,"href":"https:\/\/ellotv.com.br\/site\/wp-json\/wp\/v2\/comments?post=5185"}],"version-history":[{"count":1,"href":"https:\/\/ellotv.com.br\/site\/wp-json\/wp\/v2\/posts\/5185\/revisions"}],"predecessor-version":[{"id":5189,"href":"https:\/\/ellotv.com.br\/site\/wp-json\/wp\/v2\/posts\/5185\/revisions\/5189"}],"wp:featuredmedia":[{"embeddable":true,"href":"https:\/\/ellotv.com.br\/site\/wp-json\/wp\/v2\/media\/5186"}],"wp:attachment":[{"href":"https:\/\/ellotv.com.br\/site\/wp-json\/wp\/v2\/media?parent=5185"}],"wp:term":[{"taxonomy":"category","embeddable":true,"href":"https:\/\/ellotv.com.br\/site\/wp-json\/wp\/v2\/categories?post=5185"},{"taxonomy":"post_tag","embeddable":true,"href":"https:\/\/ellotv.com.br\/site\/wp-json\/wp\/v2\/tags?post=5185"}],"curies":[{"name":"wp","href":"https:\/\/api.w.org\/{rel}","templated":true}]}}