{"id":5190,"date":"2026-03-11T08:41:46","date_gmt":"2026-03-11T11:41:46","guid":{"rendered":"https:\/\/ellotv.com.br\/site\/?p=5190"},"modified":"2026-03-11T08:41:46","modified_gmt":"2026-03-11T11:41:46","slug":"assum-preto-voz-marcante-do-forro","status":"publish","type":"post","link":"https:\/\/ellotv.com.br\/site\/2026\/03\/11\/assum-preto-voz-marcante-do-forro\/","title":{"rendered":"Assum Preto: voz marcante do forr\u00f3"},"content":{"rendered":"<p data-start=\"53\" data-end=\"367\">O cantor <span class=\"hover:entity-accent entity-underline inline cursor-pointer align-baseline\"><span class=\"whitespace-normal\">Assum Preto<\/span><\/span> \u00e9 reconhecido como uma das vozes mais marcantes do <strong data-start=\"151\" data-end=\"171\">forr\u00f3 nordestino<\/strong>. Dono de um timbre forte e aut\u00eantico, ele construiu uma trajet\u00f3ria de destaque na m\u00fasica regional, levando o ritmo e a cultura do Nordeste para diversos palcos e conquistando f\u00e3s por onde passou.<\/p>\n<p data-start=\"369\" data-end=\"670\">Assum Preto ganhou grande proje\u00e7\u00e3o ao se tornar um dos principais vocalistas da banda <span class=\"hover:entity-accent entity-underline inline cursor-pointer align-baseline\"><span class=\"whitespace-normal\">Brasas do Forr\u00f3<\/span><\/span>. Durante sua passagem pelo grupo, ficou conhecido por sua interpreta\u00e7\u00e3o intensa e pela voz nordestina aut\u00eantica, que marcou diversas can\u00e7\u00f5es populares entre os amantes do forr\u00f3.<\/p>\n<p data-start=\"672\" data-end=\"886\">Ao longo desse per\u00edodo, o cantor ajudou a fortalecer ainda mais a identidade da banda, participando de in\u00fameros shows e eventos em v\u00e1rias cidades do Nordeste e consolidando sua presen\u00e7a no cen\u00e1rio musical regional.<\/p>\n<p data-start=\"888\" data-end=\"1231\">Com a carreira consolidada e uma forte liga\u00e7\u00e3o com o p\u00fablico, o artista tamb\u00e9m segue atualmente em <strong data-start=\"987\" data-end=\"1004\">carreira solo<\/strong>, levando sua experi\u00eancia e estilo inconfund\u00edvel para novos projetos musicais. A nova fase representa mais um cap\u00edtulo na trajet\u00f3ria de um cantor que continua valorizando o forr\u00f3 e mantendo viva a ess\u00eancia da m\u00fasica nordestina.<\/p>\n<p data-start=\"1233\" data-end=\"1404\">Com talento, carisma e muita hist\u00f3ria na m\u00fasica, Assum Preto segue sendo uma refer\u00eancia do g\u00eanero, mantendo sua voz presente nas festas e no cora\u00e7\u00e3o dos f\u00e3s do forr\u00f3. \ud83c\udfb6<\/p>\n","protected":false},"excerpt":{"rendered":"<p>O cantor Assum Preto \u00e9 reconhecido como uma das vozes mais marcantes do forr\u00f3 nordestino. Dono de um<\/p>\n","protected":false},"author":2,"featured_media":5191,"comment_status":"open","ping_status":"open","sticky":false,"template":"","format":"standard","meta":{"footnotes":""},"categories":[12,9],"tags":[],"class_list":["post-5190","post","type-post","status-publish","format-standard","has-post-thumbnail","hentry","category-noticias","category-regional"],"yoast_head":"<!-- This site is optimized with the Yoast SEO plugin v28.3 - https:\/\/yoast.com\/product\/yoast-seo-wordpress\/ -->\n<title>Assum Preto: voz marcante do forr\u00f3 - Ello TV<\/title>\n<meta name=\"description\" content=\"Assum Preto \u00e9 uma das vozes marcantes do forr\u00f3 nordestino, conhecido por sua passagem pela banda Brasas do Forr\u00f3 e pela carreira solo que valoriza a m\u00fasica regional.\" \/>\n<meta name=\"robots\" content=\"index, follow, max-snippet:-1, max-image-preview:large, max-video-preview:-1\" \/>\n<link rel=\"canonical\" href=\"https:\/\/ellotv.com.br\/site\/2026\/03\/11\/assum-preto-voz-marcante-do-forro\/\" \/>\n<meta property=\"og:locale\" content=\"pt_BR\" \/>\n<meta property=\"og:type\" content=\"article\" \/>\n<meta property=\"og:title\" content=\"Assum Preto: voz marcante do forr\u00f3 - Ello TV\" \/>\n<meta property=\"og:description\" content=\"Assum Preto \u00e9 uma das vozes marcantes do forr\u00f3 nordestino, conhecido por sua passagem pela banda Brasas do Forr\u00f3 e pela carreira solo que valoriza a m\u00fasica regional.\" \/>\n<meta property=\"og:url\" content=\"https:\/\/ellotv.com.br\/site\/2026\/03\/11\/assum-preto-voz-marcante-do-forro\/\" \/>\n<meta property=\"og:site_name\" content=\"Ello TV\" \/>\n<meta property=\"article:published_time\" content=\"2026-03-11T11:41:46+00:00\" \/>\n<meta property=\"og:image\" content=\"https:\/\/ellotv.com.br\/site\/wp-content\/uploads\/2026\/03\/WhatsApp-Image-2026-03-10-at-20.16.23.jpeg\" \/>\n\t<meta property=\"og:image:width\" content=\"828\" \/>\n\t<meta property=\"og:image:height\" content=\"612\" \/>\n\t<meta property=\"og:image:type\" content=\"image\/jpeg\" \/>\n<meta name=\"author\" content=\"ELLO TV\" \/>\n<meta name=\"twitter:card\" content=\"summary_large_image\" \/>\n<meta name=\"twitter:label1\" content=\"Escrito por\" \/>\n\t<meta name=\"twitter:data1\" content=\"ELLO TV\" \/>\n\t<meta name=\"twitter:label2\" content=\"Est. tempo de leitura\" \/>\n\t<meta name=\"twitter:data2\" content=\"1 minuto\" \/>\n<script type=\"application\/ld+json\" class=\"yoast-schema-graph\">{\"@context\":\"https:\\\/\\\/schema.org\",\"@graph\":[{\"@type\":\"Article\",\"@id\":\"https:\\\/\\\/ellotv.com.br\\\/site\\\/2026\\\/03\\\/11\\\/assum-preto-voz-marcante-do-forro\\\/#article\",\"isPartOf\":{\"@id\":\"https:\\\/\\\/ellotv.com.br\\\/site\\\/2026\\\/03\\\/11\\\/assum-preto-voz-marcante-do-forro\\\/\"},\"author\":{\"name\":\"ELLO TV\",\"@id\":\"https:\\\/\\\/ellotv.com.br\\\/site\\\/#\\\/schema\\\/person\\\/2dbe3abaee38dcc7332fc8205cd2b15d\"},\"headline\":\"Assum Preto: voz marcante do forr\u00f3\",\"datePublished\":\"2026-03-11T11:41:46+00:00\",\"mainEntityOfPage\":{\"@id\":\"https:\\\/\\\/ellotv.com.br\\\/site\\\/2026\\\/03\\\/11\\\/assum-preto-voz-marcante-do-forro\\\/\"},\"wordCount\":241,\"commentCount\":0,\"publisher\":{\"@id\":\"https:\\\/\\\/ellotv.com.br\\\/site\\\/#organization\"},\"image\":{\"@id\":\"https:\\\/\\\/ellotv.com.br\\\/site\\\/2026\\\/03\\\/11\\\/assum-preto-voz-marcante-do-forro\\\/#primaryimage\"},\"thumbnailUrl\":\"https:\\\/\\\/ellotv.com.br\\\/site\\\/wp-content\\\/uploads\\\/2026\\\/03\\\/WhatsApp-Image-2026-03-10-at-20.16.23.jpeg\",\"articleSection\":[\"Noticias\",\"Regional\"],\"inLanguage\":\"pt-BR\",\"potentialAction\":[{\"@type\":\"CommentAction\",\"name\":\"Comment\",\"target\":[\"https:\\\/\\\/ellotv.com.br\\\/site\\\/2026\\\/03\\\/11\\\/assum-preto-voz-marcante-do-forro\\\/#respond\"]}]},{\"@type\":\"WebPage\",\"@id\":\"https:\\\/\\\/ellotv.com.br\\\/site\\\/2026\\\/03\\\/11\\\/assum-preto-voz-marcante-do-forro\\\/\",\"url\":\"https:\\\/\\\/ellotv.com.br\\\/site\\\/2026\\\/03\\\/11\\\/assum-preto-voz-marcante-do-forro\\\/\",\"name\":\"Assum Preto: voz marcante do forr\u00f3 - Ello TV\",\"isPartOf\":{\"@id\":\"https:\\\/\\\/ellotv.com.br\\\/site\\\/#website\"},\"primaryImageOfPage\":{\"@id\":\"https:\\\/\\\/ellotv.com.br\\\/site\\\/2026\\\/03\\\/11\\\/assum-preto-voz-marcante-do-forro\\\/#primaryimage\"},\"image\":{\"@id\":\"https:\\\/\\\/ellotv.com.br\\\/site\\\/2026\\\/03\\\/11\\\/assum-preto-voz-marcante-do-forro\\\/#primaryimage\"},\"thumbnailUrl\":\"https:\\\/\\\/ellotv.com.br\\\/site\\\/wp-content\\\/uploads\\\/2026\\\/03\\\/WhatsApp-Image-2026-03-10-at-20.16.23.jpeg\",\"datePublished\":\"2026-03-11T11:41:46+00:00\",\"description\":\"Assum Preto \u00e9 uma das vozes marcantes do forr\u00f3 nordestino, conhecido por sua passagem pela banda Brasas do Forr\u00f3 e pela carreira solo que valoriza a m\u00fasica regional.\",\"breadcrumb\":{\"@id\":\"https:\\\/\\\/ellotv.com.br\\\/site\\\/2026\\\/03\\\/11\\\/assum-preto-voz-marcante-do-forro\\\/#breadcrumb\"},\"inLanguage\":\"pt-BR\",\"potentialAction\":[{\"@type\":\"ReadAction\",\"target\":[\"https:\\\/\\\/ellotv.com.br\\\/site\\\/2026\\\/03\\\/11\\\/assum-preto-voz-marcante-do-forro\\\/\"]}]},{\"@type\":\"ImageObject\",\"inLanguage\":\"pt-BR\",\"@id\":\"https:\\\/\\\/ellotv.com.br\\\/site\\\/2026\\\/03\\\/11\\\/assum-preto-voz-marcante-do-forro\\\/#primaryimage\",\"url\":\"https:\\\/\\\/ellotv.com.br\\\/site\\\/wp-content\\\/uploads\\\/2026\\\/03\\\/WhatsApp-Image-2026-03-10-at-20.16.23.jpeg\",\"contentUrl\":\"https:\\\/\\\/ellotv.com.br\\\/site\\\/wp-content\\\/uploads\\\/2026\\\/03\\\/WhatsApp-Image-2026-03-10-at-20.16.23.jpeg\",\"width\":828,\"height\":612},{\"@type\":\"BreadcrumbList\",\"@id\":\"https:\\\/\\\/ellotv.com.br\\\/site\\\/2026\\\/03\\\/11\\\/assum-preto-voz-marcante-do-forro\\\/#breadcrumb\",\"itemListElement\":[{\"@type\":\"ListItem\",\"position\":1,\"name\":\"In\u00edcio\",\"item\":\"https:\\\/\\\/ellotv.com.br\\\/site\\\/\"},{\"@type\":\"ListItem\",\"position\":2,\"name\":\"Assum Preto: voz marcante do forr\u00f3\"}]},{\"@type\":\"WebSite\",\"@id\":\"https:\\\/\\\/ellotv.com.br\\\/site\\\/#website\",\"url\":\"https:\\\/\\\/ellotv.com.br\\\/site\\\/\",\"name\":\"ELLO TV\",\"description\":\"\",\"publisher\":{\"@id\":\"https:\\\/\\\/ellotv.com.br\\\/site\\\/#organization\"},\"potentialAction\":[{\"@type\":\"SearchAction\",\"target\":{\"@type\":\"EntryPoint\",\"urlTemplate\":\"https:\\\/\\\/ellotv.com.br\\\/site\\\/?s={search_term_string}\"},\"query-input\":{\"@type\":\"PropertyValueSpecification\",\"valueRequired\":true,\"valueName\":\"search_term_string\"}}],\"inLanguage\":\"pt-BR\"},{\"@type\":\"Organization\",\"@id\":\"https:\\\/\\\/ellotv.com.br\\\/site\\\/#organization\",\"name\":\"ELLO TV\",\"url\":\"https:\\\/\\\/ellotv.com.br\\\/site\\\/\",\"logo\":{\"@type\":\"ImageObject\",\"inLanguage\":\"pt-BR\",\"@id\":\"https:\\\/\\\/ellotv.com.br\\\/site\\\/#\\\/schema\\\/logo\\\/image\\\/\",\"url\":\"https:\\\/\\\/ellotv.com.br\\\/site\\\/wp-content\\\/uploads\\\/2025\\\/11\\\/ello-logo-2.fw_.png\",\"contentUrl\":\"https:\\\/\\\/ellotv.com.br\\\/site\\\/wp-content\\\/uploads\\\/2025\\\/11\\\/ello-logo-2.fw_.png\",\"width\":400,\"height\":146,\"caption\":\"ELLO TV\"},\"image\":{\"@id\":\"https:\\\/\\\/ellotv.com.br\\\/site\\\/#\\\/schema\\\/logo\\\/image\\\/\"}},{\"@type\":\"Person\",\"@id\":\"https:\\\/\\\/ellotv.com.br\\\/site\\\/#\\\/schema\\\/person\\\/2dbe3abaee38dcc7332fc8205cd2b15d\",\"name\":\"ELLO TV\",\"image\":{\"@type\":\"ImageObject\",\"inLanguage\":\"pt-BR\",\"@id\":\"https:\\\/\\\/secure.gravatar.com\\\/avatar\\\/c38242b9da8ec217ac3f0aaee31a54f7d7befb11b2b47fdbc8fb0fad60afa1c6?s=96&d=mm&r=g\",\"url\":\"https:\\\/\\\/secure.gravatar.com\\\/avatar\\\/c38242b9da8ec217ac3f0aaee31a54f7d7befb11b2b47fdbc8fb0fad60afa1c6?s=96&d=mm&r=g\",\"contentUrl\":\"https:\\\/\\\/secure.gravatar.com\\\/avatar\\\/c38242b9da8ec217ac3f0aaee31a54f7d7befb11b2b47fdbc8fb0fad60afa1c6?s=96&d=mm&r=g\",\"caption\":\"ELLO TV\"},\"url\":\"https:\\\/\\\/ellotv.com.br\\\/site\\\/author\\\/elloagencia\\\/\"}]}<\/script>\n<!-- \/ Yoast SEO plugin. -->","yoast_head_json":{"title":"Assum Preto: voz marcante do forr\u00f3 - Ello TV","description":"Assum Preto \u00e9 uma das vozes marcantes do forr\u00f3 nordestino, conhecido por sua passagem pela banda Brasas do Forr\u00f3 e pela carreira solo que valoriza a m\u00fasica regional.","robots":{"index":"index","follow":"follow","max-snippet":"max-snippet:-1","max-image-preview":"max-image-preview:large","max-video-preview":"max-video-preview:-1"},"canonical":"https:\/\/ellotv.com.br\/site\/2026\/03\/11\/assum-preto-voz-marcante-do-forro\/","og_locale":"pt_BR","og_type":"article","og_title":"Assum Preto: voz marcante do forr\u00f3 - Ello TV","og_description":"Assum Preto \u00e9 uma das vozes marcantes do forr\u00f3 nordestino, conhecido por sua passagem pela banda Brasas do Forr\u00f3 e pela carreira solo que valoriza a m\u00fasica regional.","og_url":"https:\/\/ellotv.com.br\/site\/2026\/03\/11\/assum-preto-voz-marcante-do-forro\/","og_site_name":"Ello TV","article_published_time":"2026-03-11T11:41:46+00:00","og_image":[{"width":828,"height":612,"url":"https:\/\/ellotv.com.br\/site\/wp-content\/uploads\/2026\/03\/WhatsApp-Image-2026-03-10-at-20.16.23.jpeg","type":"image\/jpeg"}],"author":"ELLO TV","twitter_card":"summary_large_image","twitter_misc":{"Escrito por":"ELLO TV","Est. tempo de leitura":"1 minuto"},"schema":{"@context":"https:\/\/schema.org","@graph":[{"@type":"Article","@id":"https:\/\/ellotv.com.br\/site\/2026\/03\/11\/assum-preto-voz-marcante-do-forro\/#article","isPartOf":{"@id":"https:\/\/ellotv.com.br\/site\/2026\/03\/11\/assum-preto-voz-marcante-do-forro\/"},"author":{"name":"ELLO TV","@id":"https:\/\/ellotv.com.br\/site\/#\/schema\/person\/2dbe3abaee38dcc7332fc8205cd2b15d"},"headline":"Assum Preto: voz marcante do forr\u00f3","datePublished":"2026-03-11T11:41:46+00:00","mainEntityOfPage":{"@id":"https:\/\/ellotv.com.br\/site\/2026\/03\/11\/assum-preto-voz-marcante-do-forro\/"},"wordCount":241,"commentCount":0,"publisher":{"@id":"https:\/\/ellotv.com.br\/site\/#organization"},"image":{"@id":"https:\/\/ellotv.com.br\/site\/2026\/03\/11\/assum-preto-voz-marcante-do-forro\/#primaryimage"},"thumbnailUrl":"https:\/\/ellotv.com.br\/site\/wp-content\/uploads\/2026\/03\/WhatsApp-Image-2026-03-10-at-20.16.23.jpeg","articleSection":["Noticias","Regional"],"inLanguage":"pt-BR","potentialAction":[{"@type":"CommentAction","name":"Comment","target":["https:\/\/ellotv.com.br\/site\/2026\/03\/11\/assum-preto-voz-marcante-do-forro\/#respond"]}]},{"@type":"WebPage","@id":"https:\/\/ellotv.com.br\/site\/2026\/03\/11\/assum-preto-voz-marcante-do-forro\/","url":"https:\/\/ellotv.com.br\/site\/2026\/03\/11\/assum-preto-voz-marcante-do-forro\/","name":"Assum Preto: voz marcante do forr\u00f3 - Ello TV","isPartOf":{"@id":"https:\/\/ellotv.com.br\/site\/#website"},"primaryImageOfPage":{"@id":"https:\/\/ellotv.com.br\/site\/2026\/03\/11\/assum-preto-voz-marcante-do-forro\/#primaryimage"},"image":{"@id":"https:\/\/ellotv.com.br\/site\/2026\/03\/11\/assum-preto-voz-marcante-do-forro\/#primaryimage"},"thumbnailUrl":"https:\/\/ellotv.com.br\/site\/wp-content\/uploads\/2026\/03\/WhatsApp-Image-2026-03-10-at-20.16.23.jpeg","datePublished":"2026-03-11T11:41:46+00:00","description":"Assum Preto \u00e9 uma das vozes marcantes do forr\u00f3 nordestino, conhecido por sua passagem pela banda Brasas do Forr\u00f3 e pela carreira solo que valoriza a m\u00fasica regional.","breadcrumb":{"@id":"https:\/\/ellotv.com.br\/site\/2026\/03\/11\/assum-preto-voz-marcante-do-forro\/#breadcrumb"},"inLanguage":"pt-BR","potentialAction":[{"@type":"ReadAction","target":["https:\/\/ellotv.com.br\/site\/2026\/03\/11\/assum-preto-voz-marcante-do-forro\/"]}]},{"@type":"ImageObject","inLanguage":"pt-BR","@id":"https:\/\/ellotv.com.br\/site\/2026\/03\/11\/assum-preto-voz-marcante-do-forro\/#primaryimage","url":"https:\/\/ellotv.com.br\/site\/wp-content\/uploads\/2026\/03\/WhatsApp-Image-2026-03-10-at-20.16.23.jpeg","contentUrl":"https:\/\/ellotv.com.br\/site\/wp-content\/uploads\/2026\/03\/WhatsApp-Image-2026-03-10-at-20.16.23.jpeg","width":828,"height":612},{"@type":"BreadcrumbList","@id":"https:\/\/ellotv.com.br\/site\/2026\/03\/11\/assum-preto-voz-marcante-do-forro\/#breadcrumb","itemListElement":[{"@type":"ListItem","position":1,"name":"In\u00edcio","item":"https:\/\/ellotv.com.br\/site\/"},{"@type":"ListItem","position":2,"name":"Assum Preto: voz marcante do forr\u00f3"}]},{"@type":"WebSite","@id":"https:\/\/ellotv.com.br\/site\/#website","url":"https:\/\/ellotv.com.br\/site\/","name":"ELLO TV","description":"","publisher":{"@id":"https:\/\/ellotv.com.br\/site\/#organization"},"potentialAction":[{"@type":"SearchAction","target":{"@type":"EntryPoint","urlTemplate":"https:\/\/ellotv.com.br\/site\/?s={search_term_string}"},"query-input":{"@type":"PropertyValueSpecification","valueRequired":true,"valueName":"search_term_string"}}],"inLanguage":"pt-BR"},{"@type":"Organization","@id":"https:\/\/ellotv.com.br\/site\/#organization","name":"ELLO TV","url":"https:\/\/ellotv.com.br\/site\/","logo":{"@type":"ImageObject","inLanguage":"pt-BR","@id":"https:\/\/ellotv.com.br\/site\/#\/schema\/logo\/image\/","url":"https:\/\/ellotv.com.br\/site\/wp-content\/uploads\/2025\/11\/ello-logo-2.fw_.png","contentUrl":"https:\/\/ellotv.com.br\/site\/wp-content\/uploads\/2025\/11\/ello-logo-2.fw_.png","width":400,"height":146,"caption":"ELLO TV"},"image":{"@id":"https:\/\/ellotv.com.br\/site\/#\/schema\/logo\/image\/"}},{"@type":"Person","@id":"https:\/\/ellotv.com.br\/site\/#\/schema\/person\/2dbe3abaee38dcc7332fc8205cd2b15d","name":"ELLO TV","image":{"@type":"ImageObject","inLanguage":"pt-BR","@id":"https:\/\/secure.gravatar.com\/avatar\/c38242b9da8ec217ac3f0aaee31a54f7d7befb11b2b47fdbc8fb0fad60afa1c6?s=96&d=mm&r=g","url":"https:\/\/secure.gravatar.com\/avatar\/c38242b9da8ec217ac3f0aaee31a54f7d7befb11b2b47fdbc8fb0fad60afa1c6?s=96&d=mm&r=g","contentUrl":"https:\/\/secure.gravatar.com\/avatar\/c38242b9da8ec217ac3f0aaee31a54f7d7befb11b2b47fdbc8fb0fad60afa1c6?s=96&d=mm&r=g","caption":"ELLO TV"},"url":"https:\/\/ellotv.com.br\/site\/author\/elloagencia\/"}]}},"featured_image_urls":{"full":["https:\/\/ellotv.com.br\/site\/wp-content\/uploads\/2026\/03\/WhatsApp-Image-2026-03-10-at-20.16.23.jpeg",828,612,false],"thumbnail":["https:\/\/ellotv.com.br\/site\/wp-content\/uploads\/2026\/03\/WhatsApp-Image-2026-03-10-at-20.16.23-150x150.jpeg",150,150,true],"medium":["https:\/\/ellotv.com.br\/site\/wp-content\/uploads\/2026\/03\/WhatsApp-Image-2026-03-10-at-20.16.23-300x222.jpeg",300,222,true],"medium_large":["https:\/\/ellotv.com.br\/site\/wp-content\/uploads\/2026\/03\/WhatsApp-Image-2026-03-10-at-20.16.23-768x568.jpeg",640,473,true],"large":["https:\/\/ellotv.com.br\/site\/wp-content\/uploads\/2026\/03\/WhatsApp-Image-2026-03-10-at-20.16.23.jpeg",640,473,false],"1536x1536":["https:\/\/ellotv.com.br\/site\/wp-content\/uploads\/2026\/03\/WhatsApp-Image-2026-03-10-at-20.16.23.jpeg",828,612,false],"2048x2048":["https:\/\/ellotv.com.br\/site\/wp-content\/uploads\/2026\/03\/WhatsApp-Image-2026-03-10-at-20.16.23.jpeg",828,612,false],"darknews-slider-full":["https:\/\/ellotv.com.br\/site\/wp-content\/uploads\/2026\/03\/WhatsApp-Image-2026-03-10-at-20.16.23.jpeg",828,612,false],"darknews-featured":["https:\/\/ellotv.com.br\/site\/wp-content\/uploads\/2026\/03\/WhatsApp-Image-2026-03-10-at-20.16.23.jpeg",828,612,false],"darknews-medium":["https:\/\/ellotv.com.br\/site\/wp-content\/uploads\/2026\/03\/WhatsApp-Image-2026-03-10-at-20.16.23-720x530.jpeg",720,530,true],"darknews-medium-square":["https:\/\/ellotv.com.br\/site\/wp-content\/uploads\/2026\/03\/WhatsApp-Image-2026-03-10-at-20.16.23-350x350.jpeg",350,350,true]},"author_info":{"info":["ELLO TV"]},"category_info":"<a href=\"https:\/\/ellotv.com.br\/site\/category\/noticias\/\" rel=\"category tag\">Noticias<\/a> <a href=\"https:\/\/ellotv.com.br\/site\/category\/regional\/\" rel=\"category tag\">Regional<\/a>","tag_info":"Regional","comment_count":"0","_links":{"self":[{"href":"https:\/\/ellotv.com.br\/site\/wp-json\/wp\/v2\/posts\/5190","targetHints":{"allow":["GET"]}}],"collection":[{"href":"https:\/\/ellotv.com.br\/site\/wp-json\/wp\/v2\/posts"}],"about":[{"href":"https:\/\/ellotv.com.br\/site\/wp-json\/wp\/v2\/types\/post"}],"author":[{"embeddable":true,"href":"https:\/\/ellotv.com.br\/site\/wp-json\/wp\/v2\/users\/2"}],"replies":[{"embeddable":true,"href":"https:\/\/ellotv.com.br\/site\/wp-json\/wp\/v2\/comments?post=5190"}],"version-history":[{"count":1,"href":"https:\/\/ellotv.com.br\/site\/wp-json\/wp\/v2\/posts\/5190\/revisions"}],"predecessor-version":[{"id":5192,"href":"https:\/\/ellotv.com.br\/site\/wp-json\/wp\/v2\/posts\/5190\/revisions\/5192"}],"wp:featuredmedia":[{"embeddable":true,"href":"https:\/\/ellotv.com.br\/site\/wp-json\/wp\/v2\/media\/5191"}],"wp:attachment":[{"href":"https:\/\/ellotv.com.br\/site\/wp-json\/wp\/v2\/media?parent=5190"}],"wp:term":[{"taxonomy":"category","embeddable":true,"href":"https:\/\/ellotv.com.br\/site\/wp-json\/wp\/v2\/categories?post=5190"},{"taxonomy":"post_tag","embeddable":true,"href":"https:\/\/ellotv.com.br\/site\/wp-json\/wp\/v2\/tags?post=5190"}],"curies":[{"name":"wp","href":"https:\/\/api.w.org\/{rel}","templated":true}]}}