{"id":5196,"date":"2026-03-12T15:43:01","date_gmt":"2026-03-12T18:43:01","guid":{"rendered":"https:\/\/ellotv.com.br\/site\/?p=5196"},"modified":"2026-03-12T15:43:01","modified_gmt":"2026-03-12T18:43:01","slug":"governo-federal-anuncia-medidas-para-reduzir-preco-do-diesel-e-conter-impacto-da-alta-do-petroleo","status":"publish","type":"post","link":"https:\/\/ellotv.com.br\/site\/2026\/03\/12\/governo-federal-anuncia-medidas-para-reduzir-preco-do-diesel-e-conter-impacto-da-alta-do-petroleo\/","title":{"rendered":"Governo Federal anuncia medidas para reduzir pre\u00e7o do diesel e conter impacto da alta do petr\u00f3leo"},"content":{"rendered":"<p data-start=\"76\" data-end=\"552\">O <span class=\"hover:entity-accent entity-underline inline cursor-pointer align-baseline\"><span class=\"whitespace-normal\">Governo Federal do Brasil<\/span><\/span> anunciou nesta quinta-feira (12) um conjunto de medidas para <strong data-start=\"177\" data-end=\"214\">reduzir o pre\u00e7o do diesel no pa\u00eds<\/strong> e proteger a economia diante da alta global do petr\u00f3leo. O aumento nos pre\u00e7os internacionais tem sido impulsionado pelas tens\u00f5es no Oriente M\u00e9dio, envolvendo <span class=\"hover:entity-accent entity-underline inline cursor-pointer align-baseline\"><span class=\"whitespace-normal\">Israel<\/span><\/span>, <span class=\"hover:entity-accent entity-underline inline cursor-pointer align-baseline\"><span class=\"whitespace-normal\">Estados Unidos<\/span><\/span> e <span class=\"hover:entity-accent entity-underline inline cursor-pointer align-baseline\"><span class=\"whitespace-normal\">Ir\u00e3<\/span><\/span>, o que tem gerado instabilidade no mercado energ\u00e9tico mundial.<\/p>\n<p data-start=\"554\" data-end=\"843\">Entre as principais a\u00e7\u00f5es est\u00e1 a <strong data-start=\"587\" data-end=\"627\">isen\u00e7\u00e3o do PIS\/Cofins sobre o diesel<\/strong>, tributos federais que incidem sobre o combust\u00edvel. A medida busca reduzir custos para consumidores e setores que dependem diretamente do diesel, como transporte de cargas, transporte p\u00fablico e atividades agr\u00edcolas.<\/p>\n<p data-start=\"845\" data-end=\"1147\">Al\u00e9m da desonera\u00e7\u00e3o, o governo editar\u00e1 uma <strong data-start=\"888\" data-end=\"909\">Medida Provis\u00f3ria<\/strong> que prev\u00ea o pagamento de uma <strong data-start=\"939\" data-end=\"973\">subven\u00e7\u00e3o de R$ 0,32 por litro<\/strong> a produtores e importadores de diesel. Somando a retirada dos impostos federais e a subven\u00e7\u00e3o anunciada, o impacto estimado \u00e9 de <strong data-start=\"1103\" data-end=\"1146\">R$ 0,64 de redu\u00e7\u00e3o por litro nas bombas<\/strong>.<\/p>\n<p data-start=\"1149\" data-end=\"1410\">Outra iniciativa prevista na MP \u00e9 a cria\u00e7\u00e3o de um <strong data-start=\"1199\" data-end=\"1241\">imposto de exporta\u00e7\u00e3o sobre o petr\u00f3leo<\/strong>, com car\u00e1ter regulat\u00f3rio. O objetivo \u00e9 garantir que parte da produ\u00e7\u00e3o seja direcionada ao mercado interno, ajudando a assegurar o abastecimento de combust\u00edveis no pa\u00eds.<\/p>\n<p data-start=\"1412\" data-end=\"1706\">Para aumentar a transpar\u00eancia das a\u00e7\u00f5es, um decreto que ser\u00e1 publicado ainda nesta quinta-feira determinar\u00e1 que os <strong data-start=\"1527\" data-end=\"1605\">postos de combust\u00edveis exibam sinaliza\u00e7\u00e3o clara e vis\u00edvel aos consumidores<\/strong>, informando sobre a redu\u00e7\u00e3o dos tributos federais e o impacto da subven\u00e7\u00e3o no pre\u00e7o final do diesel.<\/p>\n<p data-start=\"1708\" data-end=\"1968\">Segundo o governo, as medidas fazem parte de uma <strong data-start=\"1757\" data-end=\"1828\">estrat\u00e9gia emergencial para proteger o poder de compra da popula\u00e7\u00e3o<\/strong> e reduzir os efeitos da infla\u00e7\u00e3o internacional do petr\u00f3leo na economia brasileira, especialmente diante do cen\u00e1rio de instabilidade global.<\/p>\n","protected":false},"excerpt":{"rendered":"<p>O Governo Federal do Brasil anunciou nesta quinta-feira (12) um conjunto de medidas para reduzir o pre\u00e7o do<\/p>\n","protected":false},"author":2,"featured_media":5197,"comment_status":"open","ping_status":"open","sticky":false,"template":"","format":"standard","meta":{"footnotes":""},"categories":[8,12],"tags":[],"class_list":["post-5196","post","type-post","status-publish","format-standard","has-post-thumbnail","hentry","category-brasil","category-noticias"],"yoast_head":"<!-- This site is optimized with the Yoast SEO plugin v28.3 - https:\/\/yoast.com\/product\/yoast-seo-wordpress\/ -->\n<title>Governo Federal anuncia medidas para reduzir pre\u00e7o do diesel e conter impacto da alta do petr\u00f3leo - Ello TV<\/title>\n<meta name=\"description\" content=\"Governo Federal anuncia medidas para reduzir o pre\u00e7o do diesel, incluindo isen\u00e7\u00e3o de PIS\/Cofins e subven\u00e7\u00e3o de R$ 0,32 por litro para produtores e importadores. \u26fd\ud83d\udcc9\" \/>\n<meta name=\"robots\" content=\"index, follow, max-snippet:-1, max-image-preview:large, max-video-preview:-1\" \/>\n<link rel=\"canonical\" href=\"https:\/\/ellotv.com.br\/site\/2026\/03\/12\/governo-federal-anuncia-medidas-para-reduzir-preco-do-diesel-e-conter-impacto-da-alta-do-petroleo\/\" \/>\n<meta property=\"og:locale\" content=\"pt_BR\" \/>\n<meta property=\"og:type\" content=\"article\" \/>\n<meta property=\"og:title\" content=\"Governo Federal anuncia medidas para reduzir pre\u00e7o do diesel e conter impacto da alta do petr\u00f3leo - Ello TV\" \/>\n<meta property=\"og:description\" content=\"Governo Federal anuncia medidas para reduzir o pre\u00e7o do diesel, incluindo isen\u00e7\u00e3o de PIS\/Cofins e subven\u00e7\u00e3o de R$ 0,32 por litro para produtores e importadores. \u26fd\ud83d\udcc9\" \/>\n<meta property=\"og:url\" content=\"https:\/\/ellotv.com.br\/site\/2026\/03\/12\/governo-federal-anuncia-medidas-para-reduzir-preco-do-diesel-e-conter-impacto-da-alta-do-petroleo\/\" \/>\n<meta property=\"og:site_name\" content=\"Ello TV\" \/>\n<meta property=\"article:published_time\" content=\"2026-03-12T18:43:01+00:00\" \/>\n<meta property=\"og:image\" content=\"https:\/\/ellotv.com.br\/site\/wp-content\/uploads\/2026\/03\/WhatsApp-Image-2026-03-12-at-15.36.25.jpeg\" \/>\n\t<meta property=\"og:image:width\" content=\"1024\" \/>\n\t<meta property=\"og:image:height\" content=\"1536\" \/>\n\t<meta property=\"og:image:type\" content=\"image\/jpeg\" \/>\n<meta name=\"author\" content=\"ELLO TV\" \/>\n<meta name=\"twitter:card\" content=\"summary_large_image\" \/>\n<meta name=\"twitter:label1\" content=\"Escrito por\" \/>\n\t<meta name=\"twitter:data1\" content=\"ELLO TV\" \/>\n\t<meta name=\"twitter:label2\" content=\"Est. tempo de leitura\" \/>\n\t<meta name=\"twitter:data2\" content=\"2 minutos\" \/>\n<script type=\"application\/ld+json\" class=\"yoast-schema-graph\">{\"@context\":\"https:\\\/\\\/schema.org\",\"@graph\":[{\"@type\":\"Article\",\"@id\":\"https:\\\/\\\/ellotv.com.br\\\/site\\\/2026\\\/03\\\/12\\\/governo-federal-anuncia-medidas-para-reduzir-preco-do-diesel-e-conter-impacto-da-alta-do-petroleo\\\/#article\",\"isPartOf\":{\"@id\":\"https:\\\/\\\/ellotv.com.br\\\/site\\\/2026\\\/03\\\/12\\\/governo-federal-anuncia-medidas-para-reduzir-preco-do-diesel-e-conter-impacto-da-alta-do-petroleo\\\/\"},\"author\":{\"name\":\"ELLO TV\",\"@id\":\"https:\\\/\\\/ellotv.com.br\\\/site\\\/#\\\/schema\\\/person\\\/2dbe3abaee38dcc7332fc8205cd2b15d\"},\"headline\":\"Governo Federal anuncia medidas para reduzir pre\u00e7o do diesel e conter impacto da alta do petr\u00f3leo\",\"datePublished\":\"2026-03-12T18:43:01+00:00\",\"mainEntityOfPage\":{\"@id\":\"https:\\\/\\\/ellotv.com.br\\\/site\\\/2026\\\/03\\\/12\\\/governo-federal-anuncia-medidas-para-reduzir-preco-do-diesel-e-conter-impacto-da-alta-do-petroleo\\\/\"},\"wordCount\":326,\"commentCount\":0,\"publisher\":{\"@id\":\"https:\\\/\\\/ellotv.com.br\\\/site\\\/#organization\"},\"image\":{\"@id\":\"https:\\\/\\\/ellotv.com.br\\\/site\\\/2026\\\/03\\\/12\\\/governo-federal-anuncia-medidas-para-reduzir-preco-do-diesel-e-conter-impacto-da-alta-do-petroleo\\\/#primaryimage\"},\"thumbnailUrl\":\"https:\\\/\\\/ellotv.com.br\\\/site\\\/wp-content\\\/uploads\\\/2026\\\/03\\\/WhatsApp-Image-2026-03-12-at-15.36.25.jpeg\",\"articleSection\":[\"Brasil\",\"Noticias\"],\"inLanguage\":\"pt-BR\",\"potentialAction\":[{\"@type\":\"CommentAction\",\"name\":\"Comment\",\"target\":[\"https:\\\/\\\/ellotv.com.br\\\/site\\\/2026\\\/03\\\/12\\\/governo-federal-anuncia-medidas-para-reduzir-preco-do-diesel-e-conter-impacto-da-alta-do-petroleo\\\/#respond\"]}]},{\"@type\":\"WebPage\",\"@id\":\"https:\\\/\\\/ellotv.com.br\\\/site\\\/2026\\\/03\\\/12\\\/governo-federal-anuncia-medidas-para-reduzir-preco-do-diesel-e-conter-impacto-da-alta-do-petroleo\\\/\",\"url\":\"https:\\\/\\\/ellotv.com.br\\\/site\\\/2026\\\/03\\\/12\\\/governo-federal-anuncia-medidas-para-reduzir-preco-do-diesel-e-conter-impacto-da-alta-do-petroleo\\\/\",\"name\":\"Governo Federal anuncia medidas para reduzir pre\u00e7o do diesel e conter impacto da alta do petr\u00f3leo - Ello TV\",\"isPartOf\":{\"@id\":\"https:\\\/\\\/ellotv.com.br\\\/site\\\/#website\"},\"primaryImageOfPage\":{\"@id\":\"https:\\\/\\\/ellotv.com.br\\\/site\\\/2026\\\/03\\\/12\\\/governo-federal-anuncia-medidas-para-reduzir-preco-do-diesel-e-conter-impacto-da-alta-do-petroleo\\\/#primaryimage\"},\"image\":{\"@id\":\"https:\\\/\\\/ellotv.com.br\\\/site\\\/2026\\\/03\\\/12\\\/governo-federal-anuncia-medidas-para-reduzir-preco-do-diesel-e-conter-impacto-da-alta-do-petroleo\\\/#primaryimage\"},\"thumbnailUrl\":\"https:\\\/\\\/ellotv.com.br\\\/site\\\/wp-content\\\/uploads\\\/2026\\\/03\\\/WhatsApp-Image-2026-03-12-at-15.36.25.jpeg\",\"datePublished\":\"2026-03-12T18:43:01+00:00\",\"description\":\"Governo Federal anuncia medidas para reduzir o pre\u00e7o do diesel, incluindo isen\u00e7\u00e3o de PIS\\\/Cofins e subven\u00e7\u00e3o de R$ 0,32 por litro para produtores e importadores. \u26fd\ud83d\udcc9\",\"breadcrumb\":{\"@id\":\"https:\\\/\\\/ellotv.com.br\\\/site\\\/2026\\\/03\\\/12\\\/governo-federal-anuncia-medidas-para-reduzir-preco-do-diesel-e-conter-impacto-da-alta-do-petroleo\\\/#breadcrumb\"},\"inLanguage\":\"pt-BR\",\"potentialAction\":[{\"@type\":\"ReadAction\",\"target\":[\"https:\\\/\\\/ellotv.com.br\\\/site\\\/2026\\\/03\\\/12\\\/governo-federal-anuncia-medidas-para-reduzir-preco-do-diesel-e-conter-impacto-da-alta-do-petroleo\\\/\"]}]},{\"@type\":\"ImageObject\",\"inLanguage\":\"pt-BR\",\"@id\":\"https:\\\/\\\/ellotv.com.br\\\/site\\\/2026\\\/03\\\/12\\\/governo-federal-anuncia-medidas-para-reduzir-preco-do-diesel-e-conter-impacto-da-alta-do-petroleo\\\/#primaryimage\",\"url\":\"https:\\\/\\\/ellotv.com.br\\\/site\\\/wp-content\\\/uploads\\\/2026\\\/03\\\/WhatsApp-Image-2026-03-12-at-15.36.25.jpeg\",\"contentUrl\":\"https:\\\/\\\/ellotv.com.br\\\/site\\\/wp-content\\\/uploads\\\/2026\\\/03\\\/WhatsApp-Image-2026-03-12-at-15.36.25.jpeg\",\"width\":1024,\"height\":1536},{\"@type\":\"BreadcrumbList\",\"@id\":\"https:\\\/\\\/ellotv.com.br\\\/site\\\/2026\\\/03\\\/12\\\/governo-federal-anuncia-medidas-para-reduzir-preco-do-diesel-e-conter-impacto-da-alta-do-petroleo\\\/#breadcrumb\",\"itemListElement\":[{\"@type\":\"ListItem\",\"position\":1,\"name\":\"In\u00edcio\",\"item\":\"https:\\\/\\\/ellotv.com.br\\\/site\\\/\"},{\"@type\":\"ListItem\",\"position\":2,\"name\":\"Governo Federal anuncia medidas para reduzir pre\u00e7o do diesel e conter impacto da alta do petr\u00f3leo\"}]},{\"@type\":\"WebSite\",\"@id\":\"https:\\\/\\\/ellotv.com.br\\\/site\\\/#website\",\"url\":\"https:\\\/\\\/ellotv.com.br\\\/site\\\/\",\"name\":\"ELLO TV\",\"description\":\"\",\"publisher\":{\"@id\":\"https:\\\/\\\/ellotv.com.br\\\/site\\\/#organization\"},\"potentialAction\":[{\"@type\":\"SearchAction\",\"target\":{\"@type\":\"EntryPoint\",\"urlTemplate\":\"https:\\\/\\\/ellotv.com.br\\\/site\\\/?s={search_term_string}\"},\"query-input\":{\"@type\":\"PropertyValueSpecification\",\"valueRequired\":true,\"valueName\":\"search_term_string\"}}],\"inLanguage\":\"pt-BR\"},{\"@type\":\"Organization\",\"@id\":\"https:\\\/\\\/ellotv.com.br\\\/site\\\/#organization\",\"name\":\"ELLO TV\",\"url\":\"https:\\\/\\\/ellotv.com.br\\\/site\\\/\",\"logo\":{\"@type\":\"ImageObject\",\"inLanguage\":\"pt-BR\",\"@id\":\"https:\\\/\\\/ellotv.com.br\\\/site\\\/#\\\/schema\\\/logo\\\/image\\\/\",\"url\":\"https:\\\/\\\/ellotv.com.br\\\/site\\\/wp-content\\\/uploads\\\/2025\\\/11\\\/ello-logo-2.fw_.png\",\"contentUrl\":\"https:\\\/\\\/ellotv.com.br\\\/site\\\/wp-content\\\/uploads\\\/2025\\\/11\\\/ello-logo-2.fw_.png\",\"width\":400,\"height\":146,\"caption\":\"ELLO TV\"},\"image\":{\"@id\":\"https:\\\/\\\/ellotv.com.br\\\/site\\\/#\\\/schema\\\/logo\\\/image\\\/\"}},{\"@type\":\"Person\",\"@id\":\"https:\\\/\\\/ellotv.com.br\\\/site\\\/#\\\/schema\\\/person\\\/2dbe3abaee38dcc7332fc8205cd2b15d\",\"name\":\"ELLO TV\",\"image\":{\"@type\":\"ImageObject\",\"inLanguage\":\"pt-BR\",\"@id\":\"https:\\\/\\\/secure.gravatar.com\\\/avatar\\\/c38242b9da8ec217ac3f0aaee31a54f7d7befb11b2b47fdbc8fb0fad60afa1c6?s=96&d=mm&r=g\",\"url\":\"https:\\\/\\\/secure.gravatar.com\\\/avatar\\\/c38242b9da8ec217ac3f0aaee31a54f7d7befb11b2b47fdbc8fb0fad60afa1c6?s=96&d=mm&r=g\",\"contentUrl\":\"https:\\\/\\\/secure.gravatar.com\\\/avatar\\\/c38242b9da8ec217ac3f0aaee31a54f7d7befb11b2b47fdbc8fb0fad60afa1c6?s=96&d=mm&r=g\",\"caption\":\"ELLO TV\"},\"url\":\"https:\\\/\\\/ellotv.com.br\\\/site\\\/author\\\/elloagencia\\\/\"}]}<\/script>\n<!-- \/ Yoast SEO plugin. -->","yoast_head_json":{"title":"Governo Federal anuncia medidas para reduzir pre\u00e7o do diesel e conter impacto da alta do petr\u00f3leo - Ello TV","description":"Governo Federal anuncia medidas para reduzir o pre\u00e7o do diesel, incluindo isen\u00e7\u00e3o de PIS\/Cofins e subven\u00e7\u00e3o de R$ 0,32 por litro para produtores e importadores. \u26fd\ud83d\udcc9","robots":{"index":"index","follow":"follow","max-snippet":"max-snippet:-1","max-image-preview":"max-image-preview:large","max-video-preview":"max-video-preview:-1"},"canonical":"https:\/\/ellotv.com.br\/site\/2026\/03\/12\/governo-federal-anuncia-medidas-para-reduzir-preco-do-diesel-e-conter-impacto-da-alta-do-petroleo\/","og_locale":"pt_BR","og_type":"article","og_title":"Governo Federal anuncia medidas para reduzir pre\u00e7o do diesel e conter impacto da alta do petr\u00f3leo - Ello TV","og_description":"Governo Federal anuncia medidas para reduzir o pre\u00e7o do diesel, incluindo isen\u00e7\u00e3o de PIS\/Cofins e subven\u00e7\u00e3o de R$ 0,32 por litro para produtores e importadores. \u26fd\ud83d\udcc9","og_url":"https:\/\/ellotv.com.br\/site\/2026\/03\/12\/governo-federal-anuncia-medidas-para-reduzir-preco-do-diesel-e-conter-impacto-da-alta-do-petroleo\/","og_site_name":"Ello TV","article_published_time":"2026-03-12T18:43:01+00:00","og_image":[{"width":1024,"height":1536,"url":"https:\/\/ellotv.com.br\/site\/wp-content\/uploads\/2026\/03\/WhatsApp-Image-2026-03-12-at-15.36.25.jpeg","type":"image\/jpeg"}],"author":"ELLO TV","twitter_card":"summary_large_image","twitter_misc":{"Escrito por":"ELLO TV","Est. tempo de leitura":"2 minutos"},"schema":{"@context":"https:\/\/schema.org","@graph":[{"@type":"Article","@id":"https:\/\/ellotv.com.br\/site\/2026\/03\/12\/governo-federal-anuncia-medidas-para-reduzir-preco-do-diesel-e-conter-impacto-da-alta-do-petroleo\/#article","isPartOf":{"@id":"https:\/\/ellotv.com.br\/site\/2026\/03\/12\/governo-federal-anuncia-medidas-para-reduzir-preco-do-diesel-e-conter-impacto-da-alta-do-petroleo\/"},"author":{"name":"ELLO TV","@id":"https:\/\/ellotv.com.br\/site\/#\/schema\/person\/2dbe3abaee38dcc7332fc8205cd2b15d"},"headline":"Governo Federal anuncia medidas para reduzir pre\u00e7o do diesel e conter impacto da alta do petr\u00f3leo","datePublished":"2026-03-12T18:43:01+00:00","mainEntityOfPage":{"@id":"https:\/\/ellotv.com.br\/site\/2026\/03\/12\/governo-federal-anuncia-medidas-para-reduzir-preco-do-diesel-e-conter-impacto-da-alta-do-petroleo\/"},"wordCount":326,"commentCount":0,"publisher":{"@id":"https:\/\/ellotv.com.br\/site\/#organization"},"image":{"@id":"https:\/\/ellotv.com.br\/site\/2026\/03\/12\/governo-federal-anuncia-medidas-para-reduzir-preco-do-diesel-e-conter-impacto-da-alta-do-petroleo\/#primaryimage"},"thumbnailUrl":"https:\/\/ellotv.com.br\/site\/wp-content\/uploads\/2026\/03\/WhatsApp-Image-2026-03-12-at-15.36.25.jpeg","articleSection":["Brasil","Noticias"],"inLanguage":"pt-BR","potentialAction":[{"@type":"CommentAction","name":"Comment","target":["https:\/\/ellotv.com.br\/site\/2026\/03\/12\/governo-federal-anuncia-medidas-para-reduzir-preco-do-diesel-e-conter-impacto-da-alta-do-petroleo\/#respond"]}]},{"@type":"WebPage","@id":"https:\/\/ellotv.com.br\/site\/2026\/03\/12\/governo-federal-anuncia-medidas-para-reduzir-preco-do-diesel-e-conter-impacto-da-alta-do-petroleo\/","url":"https:\/\/ellotv.com.br\/site\/2026\/03\/12\/governo-federal-anuncia-medidas-para-reduzir-preco-do-diesel-e-conter-impacto-da-alta-do-petroleo\/","name":"Governo Federal anuncia medidas para reduzir pre\u00e7o do diesel e conter impacto da alta do petr\u00f3leo - Ello TV","isPartOf":{"@id":"https:\/\/ellotv.com.br\/site\/#website"},"primaryImageOfPage":{"@id":"https:\/\/ellotv.com.br\/site\/2026\/03\/12\/governo-federal-anuncia-medidas-para-reduzir-preco-do-diesel-e-conter-impacto-da-alta-do-petroleo\/#primaryimage"},"image":{"@id":"https:\/\/ellotv.com.br\/site\/2026\/03\/12\/governo-federal-anuncia-medidas-para-reduzir-preco-do-diesel-e-conter-impacto-da-alta-do-petroleo\/#primaryimage"},"thumbnailUrl":"https:\/\/ellotv.com.br\/site\/wp-content\/uploads\/2026\/03\/WhatsApp-Image-2026-03-12-at-15.36.25.jpeg","datePublished":"2026-03-12T18:43:01+00:00","description":"Governo Federal anuncia medidas para reduzir o pre\u00e7o do diesel, incluindo isen\u00e7\u00e3o de PIS\/Cofins e subven\u00e7\u00e3o de R$ 0,32 por litro para produtores e importadores. \u26fd\ud83d\udcc9","breadcrumb":{"@id":"https:\/\/ellotv.com.br\/site\/2026\/03\/12\/governo-federal-anuncia-medidas-para-reduzir-preco-do-diesel-e-conter-impacto-da-alta-do-petroleo\/#breadcrumb"},"inLanguage":"pt-BR","potentialAction":[{"@type":"ReadAction","target":["https:\/\/ellotv.com.br\/site\/2026\/03\/12\/governo-federal-anuncia-medidas-para-reduzir-preco-do-diesel-e-conter-impacto-da-alta-do-petroleo\/"]}]},{"@type":"ImageObject","inLanguage":"pt-BR","@id":"https:\/\/ellotv.com.br\/site\/2026\/03\/12\/governo-federal-anuncia-medidas-para-reduzir-preco-do-diesel-e-conter-impacto-da-alta-do-petroleo\/#primaryimage","url":"https:\/\/ellotv.com.br\/site\/wp-content\/uploads\/2026\/03\/WhatsApp-Image-2026-03-12-at-15.36.25.jpeg","contentUrl":"https:\/\/ellotv.com.br\/site\/wp-content\/uploads\/2026\/03\/WhatsApp-Image-2026-03-12-at-15.36.25.jpeg","width":1024,"height":1536},{"@type":"BreadcrumbList","@id":"https:\/\/ellotv.com.br\/site\/2026\/03\/12\/governo-federal-anuncia-medidas-para-reduzir-preco-do-diesel-e-conter-impacto-da-alta-do-petroleo\/#breadcrumb","itemListElement":[{"@type":"ListItem","position":1,"name":"In\u00edcio","item":"https:\/\/ellotv.com.br\/site\/"},{"@type":"ListItem","position":2,"name":"Governo Federal anuncia medidas para reduzir pre\u00e7o do diesel e conter impacto da alta do petr\u00f3leo"}]},{"@type":"WebSite","@id":"https:\/\/ellotv.com.br\/site\/#website","url":"https:\/\/ellotv.com.br\/site\/","name":"ELLO TV","description":"","publisher":{"@id":"https:\/\/ellotv.com.br\/site\/#organization"},"potentialAction":[{"@type":"SearchAction","target":{"@type":"EntryPoint","urlTemplate":"https:\/\/ellotv.com.br\/site\/?s={search_term_string}"},"query-input":{"@type":"PropertyValueSpecification","valueRequired":true,"valueName":"search_term_string"}}],"inLanguage":"pt-BR"},{"@type":"Organization","@id":"https:\/\/ellotv.com.br\/site\/#organization","name":"ELLO TV","url":"https:\/\/ellotv.com.br\/site\/","logo":{"@type":"ImageObject","inLanguage":"pt-BR","@id":"https:\/\/ellotv.com.br\/site\/#\/schema\/logo\/image\/","url":"https:\/\/ellotv.com.br\/site\/wp-content\/uploads\/2025\/11\/ello-logo-2.fw_.png","contentUrl":"https:\/\/ellotv.com.br\/site\/wp-content\/uploads\/2025\/11\/ello-logo-2.fw_.png","width":400,"height":146,"caption":"ELLO TV"},"image":{"@id":"https:\/\/ellotv.com.br\/site\/#\/schema\/logo\/image\/"}},{"@type":"Person","@id":"https:\/\/ellotv.com.br\/site\/#\/schema\/person\/2dbe3abaee38dcc7332fc8205cd2b15d","name":"ELLO TV","image":{"@type":"ImageObject","inLanguage":"pt-BR","@id":"https:\/\/secure.gravatar.com\/avatar\/c38242b9da8ec217ac3f0aaee31a54f7d7befb11b2b47fdbc8fb0fad60afa1c6?s=96&d=mm&r=g","url":"https:\/\/secure.gravatar.com\/avatar\/c38242b9da8ec217ac3f0aaee31a54f7d7befb11b2b47fdbc8fb0fad60afa1c6?s=96&d=mm&r=g","contentUrl":"https:\/\/secure.gravatar.com\/avatar\/c38242b9da8ec217ac3f0aaee31a54f7d7befb11b2b47fdbc8fb0fad60afa1c6?s=96&d=mm&r=g","caption":"ELLO TV"},"url":"https:\/\/ellotv.com.br\/site\/author\/elloagencia\/"}]}},"featured_image_urls":{"full":["https:\/\/ellotv.com.br\/site\/wp-content\/uploads\/2026\/03\/WhatsApp-Image-2026-03-12-at-15.36.25.jpeg",1024,1536,false],"thumbnail":["https:\/\/ellotv.com.br\/site\/wp-content\/uploads\/2026\/03\/WhatsApp-Image-2026-03-12-at-15.36.25-150x150.jpeg",150,150,true],"medium":["https:\/\/ellotv.com.br\/site\/wp-content\/uploads\/2026\/03\/WhatsApp-Image-2026-03-12-at-15.36.25-200x300.jpeg",200,300,true],"medium_large":["https:\/\/ellotv.com.br\/site\/wp-content\/uploads\/2026\/03\/WhatsApp-Image-2026-03-12-at-15.36.25-768x1152.jpeg",640,960,true],"large":["https:\/\/ellotv.com.br\/site\/wp-content\/uploads\/2026\/03\/WhatsApp-Image-2026-03-12-at-15.36.25-683x1024.jpeg",640,960,true],"1536x1536":["https:\/\/ellotv.com.br\/site\/wp-content\/uploads\/2026\/03\/WhatsApp-Image-2026-03-12-at-15.36.25.jpeg",1024,1536,false],"2048x2048":["https:\/\/ellotv.com.br\/site\/wp-content\/uploads\/2026\/03\/WhatsApp-Image-2026-03-12-at-15.36.25.jpeg",1024,1536,false],"darknews-slider-full":["https:\/\/ellotv.com.br\/site\/wp-content\/uploads\/2026\/03\/WhatsApp-Image-2026-03-12-at-15.36.25-1024x720.jpeg",1024,720,true],"darknews-featured":["https:\/\/ellotv.com.br\/site\/wp-content\/uploads\/2026\/03\/WhatsApp-Image-2026-03-12-at-15.36.25.jpeg",1024,1536,false],"darknews-medium":["https:\/\/ellotv.com.br\/site\/wp-content\/uploads\/2026\/03\/WhatsApp-Image-2026-03-12-at-15.36.25-720x530.jpeg",720,530,true],"darknews-medium-square":["https:\/\/ellotv.com.br\/site\/wp-content\/uploads\/2026\/03\/WhatsApp-Image-2026-03-12-at-15.36.25-350x350.jpeg",350,350,true]},"author_info":{"info":["ELLO TV"]},"category_info":"<a href=\"https:\/\/ellotv.com.br\/site\/category\/brasil\/\" rel=\"category tag\">Brasil<\/a> <a href=\"https:\/\/ellotv.com.br\/site\/category\/noticias\/\" rel=\"category tag\">Noticias<\/a>","tag_info":"Noticias","comment_count":"0","_links":{"self":[{"href":"https:\/\/ellotv.com.br\/site\/wp-json\/wp\/v2\/posts\/5196","targetHints":{"allow":["GET"]}}],"collection":[{"href":"https:\/\/ellotv.com.br\/site\/wp-json\/wp\/v2\/posts"}],"about":[{"href":"https:\/\/ellotv.com.br\/site\/wp-json\/wp\/v2\/types\/post"}],"author":[{"embeddable":true,"href":"https:\/\/ellotv.com.br\/site\/wp-json\/wp\/v2\/users\/2"}],"replies":[{"embeddable":true,"href":"https:\/\/ellotv.com.br\/site\/wp-json\/wp\/v2\/comments?post=5196"}],"version-history":[{"count":1,"href":"https:\/\/ellotv.com.br\/site\/wp-json\/wp\/v2\/posts\/5196\/revisions"}],"predecessor-version":[{"id":5198,"href":"https:\/\/ellotv.com.br\/site\/wp-json\/wp\/v2\/posts\/5196\/revisions\/5198"}],"wp:featuredmedia":[{"embeddable":true,"href":"https:\/\/ellotv.com.br\/site\/wp-json\/wp\/v2\/media\/5197"}],"wp:attachment":[{"href":"https:\/\/ellotv.com.br\/site\/wp-json\/wp\/v2\/media?parent=5196"}],"wp:term":[{"taxonomy":"category","embeddable":true,"href":"https:\/\/ellotv.com.br\/site\/wp-json\/wp\/v2\/categories?post=5196"},{"taxonomy":"post_tag","embeddable":true,"href":"https:\/\/ellotv.com.br\/site\/wp-json\/wp\/v2\/tags?post=5196"}],"curies":[{"name":"wp","href":"https:\/\/api.w.org\/{rel}","templated":true}]}}