{"id":5202,"date":"2026-03-16T08:26:44","date_gmt":"2026-03-16T11:26:44","guid":{"rendered":"https:\/\/ellotv.com.br\/site\/?p=5202"},"modified":"2026-03-16T08:26:44","modified_gmt":"2026-03-16T11:26:44","slug":"oscar-2026-acontece-neste-domingo-com-expectativa-por-premiacoes-e-torcida-brasileira","status":"publish","type":"post","link":"https:\/\/ellotv.com.br\/site\/2026\/03\/16\/oscar-2026-acontece-neste-domingo-com-expectativa-por-premiacoes-e-torcida-brasileira\/","title":{"rendered":"Oscar 2026 acontece neste domingo com expectativa por premia\u00e7\u00f5es e torcida brasileira"},"content":{"rendered":"<p data-start=\"82\" data-end=\"416\">A 98\u00aa edi\u00e7\u00e3o do <span class=\"hover:entity-accent entity-underline inline cursor-pointer align-baseline\"><span class=\"whitespace-normal\">Academy Awards<\/span><\/span> acontece neste domingo (15) reunindo os maiores nomes da ind\u00fastria do cinema em <span class=\"hover:entity-accent entity-underline inline cursor-pointer align-baseline\"><span class=\"whitespace-normal\">Hollywood<\/span><\/span>. A cerim\u00f4nia \u00e9 organizada pela <span class=\"hover:entity-accent entity-underline inline cursor-pointer align-baseline\"><span class=\"whitespace-normal\">Academy of Motion Picture Arts and Sciences<\/span><\/span> e promete uma noite marcada por expectativas e poss\u00edveis surpresas nas principais categorias.<\/p>\n<p data-start=\"418\" data-end=\"853\">No Brasil, a aten\u00e7\u00e3o do p\u00fablico est\u00e1 voltada para cinco indica\u00e7\u00f5es. O filme <span class=\"hover:entity-accent entity-underline inline cursor-pointer align-baseline\"><span class=\"whitespace-normal\">O Agente Secreto<\/span><\/span> concorre em quatro categorias: <strong data-start=\"563\" data-end=\"647\">Melhor Filme Internacional, Melhor Filme, Melhor Sele\u00e7\u00e3o de Elenco e Melhor Ator<\/strong>, com indica\u00e7\u00e3o para <span class=\"hover:entity-accent entity-underline inline cursor-pointer align-baseline\"><span class=\"whitespace-normal\">Wagner Moura<\/span><\/span>. J\u00e1 o diretor de fotografia <span class=\"hover:entity-accent entity-underline inline cursor-pointer align-baseline\"><span class=\"whitespace-normal\">Adolpho Veloso<\/span><\/span> disputa a estatueta pelo trabalho no longa <span class=\"hover:entity-accent entity-underline inline cursor-pointer align-baseline\"><span class=\"whitespace-normal\">Sonhos de Trem<\/span><\/span>.<\/p>\n<p data-start=\"855\" data-end=\"1252\">Entre os favoritos da noite est\u00e3o produ\u00e7\u00f5es que acumulam grande n\u00famero de indica\u00e7\u00f5es. O destaque \u00e9 <span class=\"hover:entity-accent entity-underline inline cursor-pointer align-baseline\"><span class=\"whitespace-normal\">Pecadores<\/span><\/span>, que entrou para a hist\u00f3ria com <strong data-start=\"1024\" data-end=\"1041\">16 indica\u00e7\u00f5es<\/strong>. Tamb\u00e9m aparecem com for\u00e7a <span class=\"hover:entity-accent entity-underline inline cursor-pointer align-baseline\"><span class=\"whitespace-normal\">Uma Batalha Ap\u00f3s a Outra<\/span><\/span>, com <strong data-start=\"1112\" data-end=\"1129\">13 indica\u00e7\u00f5es<\/strong>, al\u00e9m de <span class=\"hover:entity-accent entity-underline inline cursor-pointer align-baseline\"><span class=\"whitespace-normal\">Marty Supreme<\/span><\/span> e <span class=\"hover:entity-accent entity-underline inline cursor-pointer align-baseline\"><span class=\"whitespace-normal\">Valor Sentimental<\/span><\/span>, cada um com <strong data-start=\"1232\" data-end=\"1251\">nove indica\u00e7\u00f5es<\/strong>.<\/p>\n<h3 data-section-id=\"1mjfzxm\" data-start=\"1254\" data-end=\"1304\">Sistema de vota\u00e7\u00e3o diferente para Melhor Filme<\/h3>\n<p data-start=\"1306\" data-end=\"1592\">Uma das categorias mais aguardadas da noite, <strong data-start=\"1351\" data-end=\"1367\">Melhor Filme<\/strong>, utiliza um sistema de vota\u00e7\u00e3o diferente das demais. Enquanto nas outras categorias vence quem recebe mais votos, nessa disputa a Academia utiliza um modelo que busca identificar o filme com maior consenso entre os votantes.<\/p>\n<p data-start=\"1594\" data-end=\"1870\">Nesse sistema, os membros da Academia classificam os filmes indicados em ordem de prefer\u00eancia. A partir dessas listas, os votos s\u00e3o redistribu\u00eddos at\u00e9 que um t\u00edtulo alcance maior aceita\u00e7\u00e3o geral entre os votantes \u2014 ou seja, o filme que re\u00fane mais apoio amplo e menos rejei\u00e7\u00e3o.<\/p>\n<p data-start=\"1872\" data-end=\"2124\">Esse formato j\u00e1 provocou surpresas em outras edi\u00e7\u00f5es da premia\u00e7\u00e3o. Filmes como <span class=\"hover:entity-accent entity-underline inline cursor-pointer align-baseline\"><span class=\"whitespace-normal\">Emilia P\u00e9rez<\/span><\/span> e <span class=\"hover:entity-accent entity-underline inline cursor-pointer align-baseline\"><span class=\"whitespace-normal\">La La Land<\/span><\/span> chegaram \u00e0 disputa com muitas indica\u00e7\u00f5es, mas acabaram n\u00e3o conquistando o pr\u00eamio principal.<\/p>\n<h3 data-section-id=\"15yp1a3\" data-start=\"2126\" data-end=\"2153\">Novas regras na vota\u00e7\u00e3o<\/h3>\n<p data-start=\"2155\" data-end=\"2385\">A edi\u00e7\u00e3o de 2026 tamb\u00e9m chega com mudan\u00e7as importantes. A partir deste ano, os cerca de <strong data-start=\"2243\" data-end=\"2274\">10 mil votantes da Academia<\/strong> precisam comprovar que assistiram a todos os filmes indicados em cada categoria antes de registrar seus votos.<\/p>\n<p data-start=\"2387\" data-end=\"2600\">A medida foi adotada para refor\u00e7ar a credibilidade da premia\u00e7\u00e3o, ap\u00f3s cr\u00edticas surgirem em anos anteriores quando alguns profissionais admitiram publicamente que n\u00e3o tinham assistido a todas as obras concorrentes.<\/p>\n<p data-start=\"2602\" data-end=\"2765\">Com favoritos fortes, novas regras e presen\u00e7a brasileira na disputa, a expectativa \u00e9 de uma noite de <strong data-start=\"2703\" data-end=\"2764\">grandes emo\u00e7\u00f5es para os amantes do cinema em todo o mundo<\/strong>.<\/p>\n","protected":false},"excerpt":{"rendered":"<p>A 98\u00aa edi\u00e7\u00e3o do Academy Awards acontece neste domingo (15) reunindo os maiores nomes da ind\u00fastria do cinema<\/p>\n","protected":false},"author":2,"featured_media":5203,"comment_status":"open","ping_status":"open","sticky":false,"template":"","format":"standard","meta":{"footnotes":""},"categories":[10,12],"tags":[],"class_list":["post-5202","post","type-post","status-publish","format-standard","has-post-thumbnail","hentry","category-mundo","category-noticias"],"yoast_head":"<!-- This site is optimized with the Yoast SEO plugin v28.3 - https:\/\/yoast.com\/product\/yoast-seo-wordpress\/ -->\n<title>Oscar 2026 acontece neste domingo com expectativa por premia\u00e7\u00f5es e torcida brasileira - Ello TV<\/title>\n<meta name=\"description\" content=\"Oscar 2026 acontece neste domingo com presen\u00e7a brasileira entre os indicados, incluindo o filme O Agente Secreto e o ator Wagner Moura. \ud83c\udfac\ud83c\udfc6\" \/>\n<meta name=\"robots\" content=\"index, follow, max-snippet:-1, max-image-preview:large, max-video-preview:-1\" \/>\n<link rel=\"canonical\" href=\"https:\/\/ellotv.com.br\/site\/2026\/03\/16\/oscar-2026-acontece-neste-domingo-com-expectativa-por-premiacoes-e-torcida-brasileira\/\" \/>\n<meta property=\"og:locale\" content=\"pt_BR\" \/>\n<meta property=\"og:type\" content=\"article\" \/>\n<meta property=\"og:title\" content=\"Oscar 2026 acontece neste domingo com expectativa por premia\u00e7\u00f5es e torcida brasileira - Ello TV\" \/>\n<meta property=\"og:description\" content=\"Oscar 2026 acontece neste domingo com presen\u00e7a brasileira entre os indicados, incluindo o filme O Agente Secreto e o ator Wagner Moura. \ud83c\udfac\ud83c\udfc6\" \/>\n<meta property=\"og:url\" content=\"https:\/\/ellotv.com.br\/site\/2026\/03\/16\/oscar-2026-acontece-neste-domingo-com-expectativa-por-premiacoes-e-torcida-brasileira\/\" \/>\n<meta property=\"og:site_name\" content=\"Ello TV\" \/>\n<meta property=\"article:published_time\" content=\"2026-03-16T11:26:44+00:00\" \/>\n<meta property=\"og:image\" content=\"https:\/\/ellotv.com.br\/site\/wp-content\/uploads\/2026\/03\/WhatsApp-Image-2026-03-14-at-17.24.32.jpeg\" \/>\n\t<meta property=\"og:image:width\" content=\"900\" \/>\n\t<meta property=\"og:image:height\" content=\"600\" \/>\n\t<meta property=\"og:image:type\" content=\"image\/jpeg\" \/>\n<meta name=\"author\" content=\"ELLO TV\" \/>\n<meta name=\"twitter:card\" content=\"summary_large_image\" \/>\n<meta name=\"twitter:label1\" content=\"Escrito por\" \/>\n\t<meta name=\"twitter:data1\" content=\"ELLO TV\" \/>\n\t<meta name=\"twitter:label2\" content=\"Est. tempo de leitura\" \/>\n\t<meta name=\"twitter:data2\" content=\"2 minutos\" \/>\n<script type=\"application\/ld+json\" class=\"yoast-schema-graph\">{\"@context\":\"https:\\\/\\\/schema.org\",\"@graph\":[{\"@type\":\"Article\",\"@id\":\"https:\\\/\\\/ellotv.com.br\\\/site\\\/2026\\\/03\\\/16\\\/oscar-2026-acontece-neste-domingo-com-expectativa-por-premiacoes-e-torcida-brasileira\\\/#article\",\"isPartOf\":{\"@id\":\"https:\\\/\\\/ellotv.com.br\\\/site\\\/2026\\\/03\\\/16\\\/oscar-2026-acontece-neste-domingo-com-expectativa-por-premiacoes-e-torcida-brasileira\\\/\"},\"author\":{\"name\":\"ELLO TV\",\"@id\":\"https:\\\/\\\/ellotv.com.br\\\/site\\\/#\\\/schema\\\/person\\\/2dbe3abaee38dcc7332fc8205cd2b15d\"},\"headline\":\"Oscar 2026 acontece neste domingo com expectativa por premia\u00e7\u00f5es e torcida brasileira\",\"datePublished\":\"2026-03-16T11:26:44+00:00\",\"mainEntityOfPage\":{\"@id\":\"https:\\\/\\\/ellotv.com.br\\\/site\\\/2026\\\/03\\\/16\\\/oscar-2026-acontece-neste-domingo-com-expectativa-por-premiacoes-e-torcida-brasileira\\\/\"},\"wordCount\":424,\"commentCount\":0,\"publisher\":{\"@id\":\"https:\\\/\\\/ellotv.com.br\\\/site\\\/#organization\"},\"image\":{\"@id\":\"https:\\\/\\\/ellotv.com.br\\\/site\\\/2026\\\/03\\\/16\\\/oscar-2026-acontece-neste-domingo-com-expectativa-por-premiacoes-e-torcida-brasileira\\\/#primaryimage\"},\"thumbnailUrl\":\"https:\\\/\\\/ellotv.com.br\\\/site\\\/wp-content\\\/uploads\\\/2026\\\/03\\\/WhatsApp-Image-2026-03-14-at-17.24.32.jpeg\",\"articleSection\":[\"Mundo\",\"Noticias\"],\"inLanguage\":\"pt-BR\",\"potentialAction\":[{\"@type\":\"CommentAction\",\"name\":\"Comment\",\"target\":[\"https:\\\/\\\/ellotv.com.br\\\/site\\\/2026\\\/03\\\/16\\\/oscar-2026-acontece-neste-domingo-com-expectativa-por-premiacoes-e-torcida-brasileira\\\/#respond\"]}]},{\"@type\":\"WebPage\",\"@id\":\"https:\\\/\\\/ellotv.com.br\\\/site\\\/2026\\\/03\\\/16\\\/oscar-2026-acontece-neste-domingo-com-expectativa-por-premiacoes-e-torcida-brasileira\\\/\",\"url\":\"https:\\\/\\\/ellotv.com.br\\\/site\\\/2026\\\/03\\\/16\\\/oscar-2026-acontece-neste-domingo-com-expectativa-por-premiacoes-e-torcida-brasileira\\\/\",\"name\":\"Oscar 2026 acontece neste domingo com expectativa por premia\u00e7\u00f5es e torcida brasileira - Ello TV\",\"isPartOf\":{\"@id\":\"https:\\\/\\\/ellotv.com.br\\\/site\\\/#website\"},\"primaryImageOfPage\":{\"@id\":\"https:\\\/\\\/ellotv.com.br\\\/site\\\/2026\\\/03\\\/16\\\/oscar-2026-acontece-neste-domingo-com-expectativa-por-premiacoes-e-torcida-brasileira\\\/#primaryimage\"},\"image\":{\"@id\":\"https:\\\/\\\/ellotv.com.br\\\/site\\\/2026\\\/03\\\/16\\\/oscar-2026-acontece-neste-domingo-com-expectativa-por-premiacoes-e-torcida-brasileira\\\/#primaryimage\"},\"thumbnailUrl\":\"https:\\\/\\\/ellotv.com.br\\\/site\\\/wp-content\\\/uploads\\\/2026\\\/03\\\/WhatsApp-Image-2026-03-14-at-17.24.32.jpeg\",\"datePublished\":\"2026-03-16T11:26:44+00:00\",\"description\":\"Oscar 2026 acontece neste domingo com presen\u00e7a brasileira entre os indicados, incluindo o filme O Agente Secreto e o ator Wagner Moura. \ud83c\udfac\ud83c\udfc6\",\"breadcrumb\":{\"@id\":\"https:\\\/\\\/ellotv.com.br\\\/site\\\/2026\\\/03\\\/16\\\/oscar-2026-acontece-neste-domingo-com-expectativa-por-premiacoes-e-torcida-brasileira\\\/#breadcrumb\"},\"inLanguage\":\"pt-BR\",\"potentialAction\":[{\"@type\":\"ReadAction\",\"target\":[\"https:\\\/\\\/ellotv.com.br\\\/site\\\/2026\\\/03\\\/16\\\/oscar-2026-acontece-neste-domingo-com-expectativa-por-premiacoes-e-torcida-brasileira\\\/\"]}]},{\"@type\":\"ImageObject\",\"inLanguage\":\"pt-BR\",\"@id\":\"https:\\\/\\\/ellotv.com.br\\\/site\\\/2026\\\/03\\\/16\\\/oscar-2026-acontece-neste-domingo-com-expectativa-por-premiacoes-e-torcida-brasileira\\\/#primaryimage\",\"url\":\"https:\\\/\\\/ellotv.com.br\\\/site\\\/wp-content\\\/uploads\\\/2026\\\/03\\\/WhatsApp-Image-2026-03-14-at-17.24.32.jpeg\",\"contentUrl\":\"https:\\\/\\\/ellotv.com.br\\\/site\\\/wp-content\\\/uploads\\\/2026\\\/03\\\/WhatsApp-Image-2026-03-14-at-17.24.32.jpeg\",\"width\":900,\"height\":600},{\"@type\":\"BreadcrumbList\",\"@id\":\"https:\\\/\\\/ellotv.com.br\\\/site\\\/2026\\\/03\\\/16\\\/oscar-2026-acontece-neste-domingo-com-expectativa-por-premiacoes-e-torcida-brasileira\\\/#breadcrumb\",\"itemListElement\":[{\"@type\":\"ListItem\",\"position\":1,\"name\":\"In\u00edcio\",\"item\":\"https:\\\/\\\/ellotv.com.br\\\/site\\\/\"},{\"@type\":\"ListItem\",\"position\":2,\"name\":\"Oscar 2026 acontece neste domingo com expectativa por premia\u00e7\u00f5es e torcida brasileira\"}]},{\"@type\":\"WebSite\",\"@id\":\"https:\\\/\\\/ellotv.com.br\\\/site\\\/#website\",\"url\":\"https:\\\/\\\/ellotv.com.br\\\/site\\\/\",\"name\":\"ELLO TV\",\"description\":\"\",\"publisher\":{\"@id\":\"https:\\\/\\\/ellotv.com.br\\\/site\\\/#organization\"},\"potentialAction\":[{\"@type\":\"SearchAction\",\"target\":{\"@type\":\"EntryPoint\",\"urlTemplate\":\"https:\\\/\\\/ellotv.com.br\\\/site\\\/?s={search_term_string}\"},\"query-input\":{\"@type\":\"PropertyValueSpecification\",\"valueRequired\":true,\"valueName\":\"search_term_string\"}}],\"inLanguage\":\"pt-BR\"},{\"@type\":\"Organization\",\"@id\":\"https:\\\/\\\/ellotv.com.br\\\/site\\\/#organization\",\"name\":\"ELLO TV\",\"url\":\"https:\\\/\\\/ellotv.com.br\\\/site\\\/\",\"logo\":{\"@type\":\"ImageObject\",\"inLanguage\":\"pt-BR\",\"@id\":\"https:\\\/\\\/ellotv.com.br\\\/site\\\/#\\\/schema\\\/logo\\\/image\\\/\",\"url\":\"https:\\\/\\\/ellotv.com.br\\\/site\\\/wp-content\\\/uploads\\\/2025\\\/11\\\/ello-logo-2.fw_.png\",\"contentUrl\":\"https:\\\/\\\/ellotv.com.br\\\/site\\\/wp-content\\\/uploads\\\/2025\\\/11\\\/ello-logo-2.fw_.png\",\"width\":400,\"height\":146,\"caption\":\"ELLO TV\"},\"image\":{\"@id\":\"https:\\\/\\\/ellotv.com.br\\\/site\\\/#\\\/schema\\\/logo\\\/image\\\/\"}},{\"@type\":\"Person\",\"@id\":\"https:\\\/\\\/ellotv.com.br\\\/site\\\/#\\\/schema\\\/person\\\/2dbe3abaee38dcc7332fc8205cd2b15d\",\"name\":\"ELLO TV\",\"image\":{\"@type\":\"ImageObject\",\"inLanguage\":\"pt-BR\",\"@id\":\"https:\\\/\\\/secure.gravatar.com\\\/avatar\\\/c38242b9da8ec217ac3f0aaee31a54f7d7befb11b2b47fdbc8fb0fad60afa1c6?s=96&d=mm&r=g\",\"url\":\"https:\\\/\\\/secure.gravatar.com\\\/avatar\\\/c38242b9da8ec217ac3f0aaee31a54f7d7befb11b2b47fdbc8fb0fad60afa1c6?s=96&d=mm&r=g\",\"contentUrl\":\"https:\\\/\\\/secure.gravatar.com\\\/avatar\\\/c38242b9da8ec217ac3f0aaee31a54f7d7befb11b2b47fdbc8fb0fad60afa1c6?s=96&d=mm&r=g\",\"caption\":\"ELLO TV\"},\"url\":\"https:\\\/\\\/ellotv.com.br\\\/site\\\/author\\\/elloagencia\\\/\"}]}<\/script>\n<!-- \/ Yoast SEO plugin. -->","yoast_head_json":{"title":"Oscar 2026 acontece neste domingo com expectativa por premia\u00e7\u00f5es e torcida brasileira - Ello TV","description":"Oscar 2026 acontece neste domingo com presen\u00e7a brasileira entre os indicados, incluindo o filme O Agente Secreto e o ator Wagner Moura. \ud83c\udfac\ud83c\udfc6","robots":{"index":"index","follow":"follow","max-snippet":"max-snippet:-1","max-image-preview":"max-image-preview:large","max-video-preview":"max-video-preview:-1"},"canonical":"https:\/\/ellotv.com.br\/site\/2026\/03\/16\/oscar-2026-acontece-neste-domingo-com-expectativa-por-premiacoes-e-torcida-brasileira\/","og_locale":"pt_BR","og_type":"article","og_title":"Oscar 2026 acontece neste domingo com expectativa por premia\u00e7\u00f5es e torcida brasileira - Ello TV","og_description":"Oscar 2026 acontece neste domingo com presen\u00e7a brasileira entre os indicados, incluindo o filme O Agente Secreto e o ator Wagner Moura. \ud83c\udfac\ud83c\udfc6","og_url":"https:\/\/ellotv.com.br\/site\/2026\/03\/16\/oscar-2026-acontece-neste-domingo-com-expectativa-por-premiacoes-e-torcida-brasileira\/","og_site_name":"Ello TV","article_published_time":"2026-03-16T11:26:44+00:00","og_image":[{"width":900,"height":600,"url":"https:\/\/ellotv.com.br\/site\/wp-content\/uploads\/2026\/03\/WhatsApp-Image-2026-03-14-at-17.24.32.jpeg","type":"image\/jpeg"}],"author":"ELLO TV","twitter_card":"summary_large_image","twitter_misc":{"Escrito por":"ELLO TV","Est. tempo de leitura":"2 minutos"},"schema":{"@context":"https:\/\/schema.org","@graph":[{"@type":"Article","@id":"https:\/\/ellotv.com.br\/site\/2026\/03\/16\/oscar-2026-acontece-neste-domingo-com-expectativa-por-premiacoes-e-torcida-brasileira\/#article","isPartOf":{"@id":"https:\/\/ellotv.com.br\/site\/2026\/03\/16\/oscar-2026-acontece-neste-domingo-com-expectativa-por-premiacoes-e-torcida-brasileira\/"},"author":{"name":"ELLO TV","@id":"https:\/\/ellotv.com.br\/site\/#\/schema\/person\/2dbe3abaee38dcc7332fc8205cd2b15d"},"headline":"Oscar 2026 acontece neste domingo com expectativa por premia\u00e7\u00f5es e torcida brasileira","datePublished":"2026-03-16T11:26:44+00:00","mainEntityOfPage":{"@id":"https:\/\/ellotv.com.br\/site\/2026\/03\/16\/oscar-2026-acontece-neste-domingo-com-expectativa-por-premiacoes-e-torcida-brasileira\/"},"wordCount":424,"commentCount":0,"publisher":{"@id":"https:\/\/ellotv.com.br\/site\/#organization"},"image":{"@id":"https:\/\/ellotv.com.br\/site\/2026\/03\/16\/oscar-2026-acontece-neste-domingo-com-expectativa-por-premiacoes-e-torcida-brasileira\/#primaryimage"},"thumbnailUrl":"https:\/\/ellotv.com.br\/site\/wp-content\/uploads\/2026\/03\/WhatsApp-Image-2026-03-14-at-17.24.32.jpeg","articleSection":["Mundo","Noticias"],"inLanguage":"pt-BR","potentialAction":[{"@type":"CommentAction","name":"Comment","target":["https:\/\/ellotv.com.br\/site\/2026\/03\/16\/oscar-2026-acontece-neste-domingo-com-expectativa-por-premiacoes-e-torcida-brasileira\/#respond"]}]},{"@type":"WebPage","@id":"https:\/\/ellotv.com.br\/site\/2026\/03\/16\/oscar-2026-acontece-neste-domingo-com-expectativa-por-premiacoes-e-torcida-brasileira\/","url":"https:\/\/ellotv.com.br\/site\/2026\/03\/16\/oscar-2026-acontece-neste-domingo-com-expectativa-por-premiacoes-e-torcida-brasileira\/","name":"Oscar 2026 acontece neste domingo com expectativa por premia\u00e7\u00f5es e torcida brasileira - Ello TV","isPartOf":{"@id":"https:\/\/ellotv.com.br\/site\/#website"},"primaryImageOfPage":{"@id":"https:\/\/ellotv.com.br\/site\/2026\/03\/16\/oscar-2026-acontece-neste-domingo-com-expectativa-por-premiacoes-e-torcida-brasileira\/#primaryimage"},"image":{"@id":"https:\/\/ellotv.com.br\/site\/2026\/03\/16\/oscar-2026-acontece-neste-domingo-com-expectativa-por-premiacoes-e-torcida-brasileira\/#primaryimage"},"thumbnailUrl":"https:\/\/ellotv.com.br\/site\/wp-content\/uploads\/2026\/03\/WhatsApp-Image-2026-03-14-at-17.24.32.jpeg","datePublished":"2026-03-16T11:26:44+00:00","description":"Oscar 2026 acontece neste domingo com presen\u00e7a brasileira entre os indicados, incluindo o filme O Agente Secreto e o ator Wagner Moura. \ud83c\udfac\ud83c\udfc6","breadcrumb":{"@id":"https:\/\/ellotv.com.br\/site\/2026\/03\/16\/oscar-2026-acontece-neste-domingo-com-expectativa-por-premiacoes-e-torcida-brasileira\/#breadcrumb"},"inLanguage":"pt-BR","potentialAction":[{"@type":"ReadAction","target":["https:\/\/ellotv.com.br\/site\/2026\/03\/16\/oscar-2026-acontece-neste-domingo-com-expectativa-por-premiacoes-e-torcida-brasileira\/"]}]},{"@type":"ImageObject","inLanguage":"pt-BR","@id":"https:\/\/ellotv.com.br\/site\/2026\/03\/16\/oscar-2026-acontece-neste-domingo-com-expectativa-por-premiacoes-e-torcida-brasileira\/#primaryimage","url":"https:\/\/ellotv.com.br\/site\/wp-content\/uploads\/2026\/03\/WhatsApp-Image-2026-03-14-at-17.24.32.jpeg","contentUrl":"https:\/\/ellotv.com.br\/site\/wp-content\/uploads\/2026\/03\/WhatsApp-Image-2026-03-14-at-17.24.32.jpeg","width":900,"height":600},{"@type":"BreadcrumbList","@id":"https:\/\/ellotv.com.br\/site\/2026\/03\/16\/oscar-2026-acontece-neste-domingo-com-expectativa-por-premiacoes-e-torcida-brasileira\/#breadcrumb","itemListElement":[{"@type":"ListItem","position":1,"name":"In\u00edcio","item":"https:\/\/ellotv.com.br\/site\/"},{"@type":"ListItem","position":2,"name":"Oscar 2026 acontece neste domingo com expectativa por premia\u00e7\u00f5es e torcida brasileira"}]},{"@type":"WebSite","@id":"https:\/\/ellotv.com.br\/site\/#website","url":"https:\/\/ellotv.com.br\/site\/","name":"ELLO TV","description":"","publisher":{"@id":"https:\/\/ellotv.com.br\/site\/#organization"},"potentialAction":[{"@type":"SearchAction","target":{"@type":"EntryPoint","urlTemplate":"https:\/\/ellotv.com.br\/site\/?s={search_term_string}"},"query-input":{"@type":"PropertyValueSpecification","valueRequired":true,"valueName":"search_term_string"}}],"inLanguage":"pt-BR"},{"@type":"Organization","@id":"https:\/\/ellotv.com.br\/site\/#organization","name":"ELLO TV","url":"https:\/\/ellotv.com.br\/site\/","logo":{"@type":"ImageObject","inLanguage":"pt-BR","@id":"https:\/\/ellotv.com.br\/site\/#\/schema\/logo\/image\/","url":"https:\/\/ellotv.com.br\/site\/wp-content\/uploads\/2025\/11\/ello-logo-2.fw_.png","contentUrl":"https:\/\/ellotv.com.br\/site\/wp-content\/uploads\/2025\/11\/ello-logo-2.fw_.png","width":400,"height":146,"caption":"ELLO TV"},"image":{"@id":"https:\/\/ellotv.com.br\/site\/#\/schema\/logo\/image\/"}},{"@type":"Person","@id":"https:\/\/ellotv.com.br\/site\/#\/schema\/person\/2dbe3abaee38dcc7332fc8205cd2b15d","name":"ELLO TV","image":{"@type":"ImageObject","inLanguage":"pt-BR","@id":"https:\/\/secure.gravatar.com\/avatar\/c38242b9da8ec217ac3f0aaee31a54f7d7befb11b2b47fdbc8fb0fad60afa1c6?s=96&d=mm&r=g","url":"https:\/\/secure.gravatar.com\/avatar\/c38242b9da8ec217ac3f0aaee31a54f7d7befb11b2b47fdbc8fb0fad60afa1c6?s=96&d=mm&r=g","contentUrl":"https:\/\/secure.gravatar.com\/avatar\/c38242b9da8ec217ac3f0aaee31a54f7d7befb11b2b47fdbc8fb0fad60afa1c6?s=96&d=mm&r=g","caption":"ELLO TV"},"url":"https:\/\/ellotv.com.br\/site\/author\/elloagencia\/"}]}},"featured_image_urls":{"full":["https:\/\/ellotv.com.br\/site\/wp-content\/uploads\/2026\/03\/WhatsApp-Image-2026-03-14-at-17.24.32.jpeg",900,600,false],"thumbnail":["https:\/\/ellotv.com.br\/site\/wp-content\/uploads\/2026\/03\/WhatsApp-Image-2026-03-14-at-17.24.32-150x150.jpeg",150,150,true],"medium":["https:\/\/ellotv.com.br\/site\/wp-content\/uploads\/2026\/03\/WhatsApp-Image-2026-03-14-at-17.24.32-300x200.jpeg",300,200,true],"medium_large":["https:\/\/ellotv.com.br\/site\/wp-content\/uploads\/2026\/03\/WhatsApp-Image-2026-03-14-at-17.24.32-768x512.jpeg",640,427,true],"large":["https:\/\/ellotv.com.br\/site\/wp-content\/uploads\/2026\/03\/WhatsApp-Image-2026-03-14-at-17.24.32.jpeg",640,427,false],"1536x1536":["https:\/\/ellotv.com.br\/site\/wp-content\/uploads\/2026\/03\/WhatsApp-Image-2026-03-14-at-17.24.32.jpeg",900,600,false],"2048x2048":["https:\/\/ellotv.com.br\/site\/wp-content\/uploads\/2026\/03\/WhatsApp-Image-2026-03-14-at-17.24.32.jpeg",900,600,false],"darknews-slider-full":["https:\/\/ellotv.com.br\/site\/wp-content\/uploads\/2026\/03\/WhatsApp-Image-2026-03-14-at-17.24.32.jpeg",900,600,false],"darknews-featured":["https:\/\/ellotv.com.br\/site\/wp-content\/uploads\/2026\/03\/WhatsApp-Image-2026-03-14-at-17.24.32.jpeg",900,600,false],"darknews-medium":["https:\/\/ellotv.com.br\/site\/wp-content\/uploads\/2026\/03\/WhatsApp-Image-2026-03-14-at-17.24.32-720x530.jpeg",720,530,true],"darknews-medium-square":["https:\/\/ellotv.com.br\/site\/wp-content\/uploads\/2026\/03\/WhatsApp-Image-2026-03-14-at-17.24.32-350x350.jpeg",350,350,true]},"author_info":{"info":["ELLO TV"]},"category_info":"<a href=\"https:\/\/ellotv.com.br\/site\/category\/mundo\/\" rel=\"category tag\">Mundo<\/a> <a href=\"https:\/\/ellotv.com.br\/site\/category\/noticias\/\" rel=\"category tag\">Noticias<\/a>","tag_info":"Noticias","comment_count":"0","_links":{"self":[{"href":"https:\/\/ellotv.com.br\/site\/wp-json\/wp\/v2\/posts\/5202","targetHints":{"allow":["GET"]}}],"collection":[{"href":"https:\/\/ellotv.com.br\/site\/wp-json\/wp\/v2\/posts"}],"about":[{"href":"https:\/\/ellotv.com.br\/site\/wp-json\/wp\/v2\/types\/post"}],"author":[{"embeddable":true,"href":"https:\/\/ellotv.com.br\/site\/wp-json\/wp\/v2\/users\/2"}],"replies":[{"embeddable":true,"href":"https:\/\/ellotv.com.br\/site\/wp-json\/wp\/v2\/comments?post=5202"}],"version-history":[{"count":1,"href":"https:\/\/ellotv.com.br\/site\/wp-json\/wp\/v2\/posts\/5202\/revisions"}],"predecessor-version":[{"id":5204,"href":"https:\/\/ellotv.com.br\/site\/wp-json\/wp\/v2\/posts\/5202\/revisions\/5204"}],"wp:featuredmedia":[{"embeddable":true,"href":"https:\/\/ellotv.com.br\/site\/wp-json\/wp\/v2\/media\/5203"}],"wp:attachment":[{"href":"https:\/\/ellotv.com.br\/site\/wp-json\/wp\/v2\/media?parent=5202"}],"wp:term":[{"taxonomy":"category","embeddable":true,"href":"https:\/\/ellotv.com.br\/site\/wp-json\/wp\/v2\/categories?post=5202"},{"taxonomy":"post_tag","embeddable":true,"href":"https:\/\/ellotv.com.br\/site\/wp-json\/wp\/v2\/tags?post=5202"}],"curies":[{"name":"wp","href":"https:\/\/api.w.org\/{rel}","templated":true}]}}