{"id":5218,"date":"2026-03-16T15:49:17","date_gmt":"2026-03-16T18:49:17","guid":{"rendered":"https:\/\/ellotv.com.br\/site\/?p=5218"},"modified":"2026-03-16T15:49:17","modified_gmt":"2026-03-16T18:49:17","slug":"neymar-fica-fora-da-copa-do-mundo-de-2026","status":"publish","type":"post","link":"https:\/\/ellotv.com.br\/site\/2026\/03\/16\/neymar-fica-fora-da-copa-do-mundo-de-2026\/","title":{"rendered":"Neymar fica fora da Copa do Mundo de 2026"},"content":{"rendered":"<p data-start=\"85\" data-end=\"353\">A aus\u00eancia de <span class=\"hover:entity-accent entity-underline inline cursor-pointer align-baseline\"><span class=\"whitespace-normal\">Neymar<\/span><\/span> na lista final da <span class=\"hover:entity-accent entity-underline inline cursor-pointer align-baseline\"><span class=\"whitespace-normal\">Sele\u00e7\u00e3o Brasileira de Futebol<\/span><\/span> para a <span class=\"hover:entity-accent entity-underline inline cursor-pointer align-baseline\"><span class=\"whitespace-normal\">Copa do Mundo FIFA 2026<\/span><\/span> marca o fim de um ciclo de mais de uma d\u00e9cada em que o atacante foi um dos principais rostos do futebol brasileiro.<\/p>\n<p data-start=\"355\" data-end=\"753\">Camisa 10 do Brasil em tr\u00eas edi\u00e7\u00f5es do torneio \u2014 2014, 2018 e 2022 \u2014 o jogador de 34 anos n\u00e3o conseguiu recuperar plenamente sua forma f\u00edsica ap\u00f3s uma sequ\u00eancia de les\u00f5es nos \u00faltimos anos. O problema mais grave ocorreu em 2023, quando sofreu ruptura do ligamento cruzado anterior e do menisco do joelho esquerdo durante uma partida das Eliminat\u00f3rias, ficando afastado dos gramados por quase um ano.<\/p>\n<p data-start=\"755\" data-end=\"932\">Mesmo ap\u00f3s retornar ao futebol, Neymar continuou enfrentando dificuldades para manter uma sequ\u00eancia de jogos e recuperar o ritmo competitivo necess\u00e1rio para disputar um Mundial.<\/p>\n<h3 data-section-id=\"19kd1xy\" data-start=\"934\" data-end=\"970\">Condi\u00e7\u00e3o f\u00edsica pesou na decis\u00e3o<\/h3>\n<p data-start=\"972\" data-end=\"1280\">A comiss\u00e3o t\u00e9cnica da sele\u00e7\u00e3o brasileira, comandada por <span class=\"hover:entity-accent entity-underline inline cursor-pointer align-baseline\"><span class=\"whitespace-normal\">Carlo Ancelotti<\/span><\/span>, deixou claro ao longo dos \u00faltimos meses que apenas atletas em plena condi\u00e7\u00e3o f\u00edsica seriam convocados para o torneio. A irregularidade f\u00edsica do atacante acabou sendo determinante para sua aus\u00eancia na lista final.<\/p>\n<p data-start=\"1282\" data-end=\"1498\">Neymar n\u00e3o atua pela sele\u00e7\u00e3o desde outubro de 2023, justamente por causa da grave les\u00e3o no joelho. Desde ent\u00e3o, tentou retomar o ritmo em clubes, mas conviveu com novos problemas musculares e per\u00edodos de recupera\u00e7\u00e3o.<\/p>\n<p data-start=\"1500\" data-end=\"1726\">Com a proximidade do Mundial \u2014 que ser\u00e1 disputado nos <span class=\"hover:entity-accent entity-underline inline cursor-pointer align-baseline\"><span class=\"whitespace-normal\">Estados Unidos<\/span><\/span>, <span class=\"hover:entity-accent entity-underline inline cursor-pointer align-baseline\"><span class=\"whitespace-normal\">Canad\u00e1<\/span><\/span> e <span class=\"hover:entity-accent entity-underline inline cursor-pointer align-baseline\"><span class=\"whitespace-normal\">M\u00e9xico<\/span><\/span> \u2014 o tempo para recuperar a forma ideal se tornou curto.<\/p>\n<h3 data-section-id=\"1lgkhws\" data-start=\"1728\" data-end=\"1758\">Fim de um ciclo na sele\u00e7\u00e3o<\/h3>\n<p data-start=\"1760\" data-end=\"2035\">A aus\u00eancia do atacante representa o poss\u00edvel encerramento de uma das eras mais marcantes da sele\u00e7\u00e3o brasileira no s\u00e9culo XXI. Neymar \u00e9 o <strong data-start=\"1897\" data-end=\"1940\">maior artilheiro da hist\u00f3ria da sele\u00e7\u00e3o<\/strong>, com 79 gols, e acumulou mais de uma d\u00e9cada defendendo o Brasil em competi\u00e7\u00f5es internacionais.<\/p>\n<p data-start=\"2037\" data-end=\"2252\">Durante sua trajet\u00f3ria, o jogador disputou tr\u00eas Copas do Mundo e foi protagonista em diferentes gera\u00e7\u00f5es da equipe, sendo frequentemente apontado como um dos principais talentos do futebol brasileiro de sua gera\u00e7\u00e3o.<\/p>\n<h3 data-section-id=\"1ubb8wg\" data-start=\"2254\" data-end=\"2290\">Nova gera\u00e7\u00e3o assume protagonismo<\/h3>\n<p data-start=\"2292\" data-end=\"2497\">Sem Neymar, a sele\u00e7\u00e3o brasileira chega \u00e0 Copa de 2026 apostando em uma nova gera\u00e7\u00e3o de jogadores. Atletas mais jovens passaram a ocupar espa\u00e7o no setor ofensivo, refletindo uma renova\u00e7\u00e3o natural no elenco.<\/p>\n<p data-start=\"2499\" data-end=\"2649\">O momento marca uma transi\u00e7\u00e3o importante no futebol brasileiro, que busca retomar o protagonismo mundial com novos nomes e um estilo de jogo renovado.<\/p>\n<h3 data-section-id=\"s86gun\" data-start=\"2651\" data-end=\"2678\">Futuro ainda indefinido<\/h3>\n<p data-start=\"2680\" data-end=\"2895\">Apesar de ficar fora da Copa, Neymar n\u00e3o descarta continuar no futebol por mais algum tempo. O atacante j\u00e1 afirmou que avalia seu futuro temporada a temporada e que pode considerar a aposentadoria at\u00e9 o fim de 2026.<\/p>\n<p data-start=\"2897\" data-end=\"3057\">Independentemente do que venha pela frente, sua aus\u00eancia no Mundial encerra a expectativa de v\u00ea-lo disputar uma <strong data-start=\"3009\" data-end=\"3056\">quarta Copa do Mundo com a camisa do Brasil<\/strong>.<\/p>\n","protected":false},"excerpt":{"rendered":"<p>A aus\u00eancia de Neymar na lista final da Sele\u00e7\u00e3o Brasileira de Futebol para a Copa do Mundo FIFA<\/p>\n","protected":false},"author":2,"featured_media":5219,"comment_status":"open","ping_status":"open","sticky":false,"template":"","format":"standard","meta":{"footnotes":""},"categories":[10,12],"tags":[],"class_list":["post-5218","post","type-post","status-publish","format-standard","has-post-thumbnail","hentry","category-mundo","category-noticias"],"yoast_head":"<!-- This site is optimized with the Yoast SEO plugin v28.3 - https:\/\/yoast.com\/product\/yoast-seo-wordpress\/ -->\n<title>Neymar fica fora da Copa do Mundo de 2026 - Ello TV<\/title>\n<meta name=\"description\" content=\"Neymar fica fora da Copa do Mundo de 2026 ap\u00f3s sequ\u00eancia de les\u00f5es, encerrando um ciclo de mais de uma d\u00e9cada como protagonista da sele\u00e7\u00e3o brasileira. \u26bd\" \/>\n<meta name=\"robots\" content=\"index, follow, max-snippet:-1, max-image-preview:large, max-video-preview:-1\" \/>\n<link rel=\"canonical\" href=\"https:\/\/ellotv.com.br\/site\/2026\/03\/16\/neymar-fica-fora-da-copa-do-mundo-de-2026\/\" \/>\n<meta property=\"og:locale\" content=\"pt_BR\" \/>\n<meta property=\"og:type\" content=\"article\" \/>\n<meta property=\"og:title\" content=\"Neymar fica fora da Copa do Mundo de 2026 - Ello TV\" \/>\n<meta property=\"og:description\" content=\"Neymar fica fora da Copa do Mundo de 2026 ap\u00f3s sequ\u00eancia de les\u00f5es, encerrando um ciclo de mais de uma d\u00e9cada como protagonista da sele\u00e7\u00e3o brasileira. \u26bd\" \/>\n<meta property=\"og:url\" content=\"https:\/\/ellotv.com.br\/site\/2026\/03\/16\/neymar-fica-fora-da-copa-do-mundo-de-2026\/\" \/>\n<meta property=\"og:site_name\" content=\"Ello TV\" \/>\n<meta property=\"article:published_time\" content=\"2026-03-16T18:49:17+00:00\" \/>\n<meta property=\"og:image\" content=\"https:\/\/ellotv.com.br\/site\/wp-content\/uploads\/2026\/03\/WhatsApp-Image-2026-03-16-at-15.46.53.jpeg\" \/>\n\t<meta property=\"og:image:width\" content=\"1080\" \/>\n\t<meta property=\"og:image:height\" content=\"1116\" \/>\n\t<meta property=\"og:image:type\" content=\"image\/jpeg\" \/>\n<meta name=\"author\" content=\"ELLO TV\" \/>\n<meta name=\"twitter:card\" content=\"summary_large_image\" \/>\n<meta name=\"twitter:label1\" content=\"Escrito por\" \/>\n\t<meta name=\"twitter:data1\" content=\"ELLO TV\" \/>\n\t<meta name=\"twitter:label2\" content=\"Est. tempo de leitura\" \/>\n\t<meta name=\"twitter:data2\" content=\"2 minutos\" \/>\n<script type=\"application\/ld+json\" class=\"yoast-schema-graph\">{\"@context\":\"https:\\\/\\\/schema.org\",\"@graph\":[{\"@type\":\"Article\",\"@id\":\"https:\\\/\\\/ellotv.com.br\\\/site\\\/2026\\\/03\\\/16\\\/neymar-fica-fora-da-copa-do-mundo-de-2026\\\/#article\",\"isPartOf\":{\"@id\":\"https:\\\/\\\/ellotv.com.br\\\/site\\\/2026\\\/03\\\/16\\\/neymar-fica-fora-da-copa-do-mundo-de-2026\\\/\"},\"author\":{\"name\":\"ELLO TV\",\"@id\":\"https:\\\/\\\/ellotv.com.br\\\/site\\\/#\\\/schema\\\/person\\\/2dbe3abaee38dcc7332fc8205cd2b15d\"},\"headline\":\"Neymar fica fora da Copa do Mundo de 2026\",\"datePublished\":\"2026-03-16T18:49:17+00:00\",\"mainEntityOfPage\":{\"@id\":\"https:\\\/\\\/ellotv.com.br\\\/site\\\/2026\\\/03\\\/16\\\/neymar-fica-fora-da-copa-do-mundo-de-2026\\\/\"},\"wordCount\":498,\"commentCount\":0,\"publisher\":{\"@id\":\"https:\\\/\\\/ellotv.com.br\\\/site\\\/#organization\"},\"image\":{\"@id\":\"https:\\\/\\\/ellotv.com.br\\\/site\\\/2026\\\/03\\\/16\\\/neymar-fica-fora-da-copa-do-mundo-de-2026\\\/#primaryimage\"},\"thumbnailUrl\":\"https:\\\/\\\/ellotv.com.br\\\/site\\\/wp-content\\\/uploads\\\/2026\\\/03\\\/WhatsApp-Image-2026-03-16-at-15.46.53.jpeg\",\"articleSection\":[\"Mundo\",\"Noticias\"],\"inLanguage\":\"pt-BR\",\"potentialAction\":[{\"@type\":\"CommentAction\",\"name\":\"Comment\",\"target\":[\"https:\\\/\\\/ellotv.com.br\\\/site\\\/2026\\\/03\\\/16\\\/neymar-fica-fora-da-copa-do-mundo-de-2026\\\/#respond\"]}]},{\"@type\":\"WebPage\",\"@id\":\"https:\\\/\\\/ellotv.com.br\\\/site\\\/2026\\\/03\\\/16\\\/neymar-fica-fora-da-copa-do-mundo-de-2026\\\/\",\"url\":\"https:\\\/\\\/ellotv.com.br\\\/site\\\/2026\\\/03\\\/16\\\/neymar-fica-fora-da-copa-do-mundo-de-2026\\\/\",\"name\":\"Neymar fica fora da Copa do Mundo de 2026 - Ello TV\",\"isPartOf\":{\"@id\":\"https:\\\/\\\/ellotv.com.br\\\/site\\\/#website\"},\"primaryImageOfPage\":{\"@id\":\"https:\\\/\\\/ellotv.com.br\\\/site\\\/2026\\\/03\\\/16\\\/neymar-fica-fora-da-copa-do-mundo-de-2026\\\/#primaryimage\"},\"image\":{\"@id\":\"https:\\\/\\\/ellotv.com.br\\\/site\\\/2026\\\/03\\\/16\\\/neymar-fica-fora-da-copa-do-mundo-de-2026\\\/#primaryimage\"},\"thumbnailUrl\":\"https:\\\/\\\/ellotv.com.br\\\/site\\\/wp-content\\\/uploads\\\/2026\\\/03\\\/WhatsApp-Image-2026-03-16-at-15.46.53.jpeg\",\"datePublished\":\"2026-03-16T18:49:17+00:00\",\"description\":\"Neymar fica fora da Copa do Mundo de 2026 ap\u00f3s sequ\u00eancia de les\u00f5es, encerrando um ciclo de mais de uma d\u00e9cada como protagonista da sele\u00e7\u00e3o brasileira. \u26bd\",\"breadcrumb\":{\"@id\":\"https:\\\/\\\/ellotv.com.br\\\/site\\\/2026\\\/03\\\/16\\\/neymar-fica-fora-da-copa-do-mundo-de-2026\\\/#breadcrumb\"},\"inLanguage\":\"pt-BR\",\"potentialAction\":[{\"@type\":\"ReadAction\",\"target\":[\"https:\\\/\\\/ellotv.com.br\\\/site\\\/2026\\\/03\\\/16\\\/neymar-fica-fora-da-copa-do-mundo-de-2026\\\/\"]}]},{\"@type\":\"ImageObject\",\"inLanguage\":\"pt-BR\",\"@id\":\"https:\\\/\\\/ellotv.com.br\\\/site\\\/2026\\\/03\\\/16\\\/neymar-fica-fora-da-copa-do-mundo-de-2026\\\/#primaryimage\",\"url\":\"https:\\\/\\\/ellotv.com.br\\\/site\\\/wp-content\\\/uploads\\\/2026\\\/03\\\/WhatsApp-Image-2026-03-16-at-15.46.53.jpeg\",\"contentUrl\":\"https:\\\/\\\/ellotv.com.br\\\/site\\\/wp-content\\\/uploads\\\/2026\\\/03\\\/WhatsApp-Image-2026-03-16-at-15.46.53.jpeg\",\"width\":1080,\"height\":1116},{\"@type\":\"BreadcrumbList\",\"@id\":\"https:\\\/\\\/ellotv.com.br\\\/site\\\/2026\\\/03\\\/16\\\/neymar-fica-fora-da-copa-do-mundo-de-2026\\\/#breadcrumb\",\"itemListElement\":[{\"@type\":\"ListItem\",\"position\":1,\"name\":\"In\u00edcio\",\"item\":\"https:\\\/\\\/ellotv.com.br\\\/site\\\/\"},{\"@type\":\"ListItem\",\"position\":2,\"name\":\"Neymar fica fora da Copa do Mundo de 2026\"}]},{\"@type\":\"WebSite\",\"@id\":\"https:\\\/\\\/ellotv.com.br\\\/site\\\/#website\",\"url\":\"https:\\\/\\\/ellotv.com.br\\\/site\\\/\",\"name\":\"ELLO TV\",\"description\":\"\",\"publisher\":{\"@id\":\"https:\\\/\\\/ellotv.com.br\\\/site\\\/#organization\"},\"potentialAction\":[{\"@type\":\"SearchAction\",\"target\":{\"@type\":\"EntryPoint\",\"urlTemplate\":\"https:\\\/\\\/ellotv.com.br\\\/site\\\/?s={search_term_string}\"},\"query-input\":{\"@type\":\"PropertyValueSpecification\",\"valueRequired\":true,\"valueName\":\"search_term_string\"}}],\"inLanguage\":\"pt-BR\"},{\"@type\":\"Organization\",\"@id\":\"https:\\\/\\\/ellotv.com.br\\\/site\\\/#organization\",\"name\":\"ELLO TV\",\"url\":\"https:\\\/\\\/ellotv.com.br\\\/site\\\/\",\"logo\":{\"@type\":\"ImageObject\",\"inLanguage\":\"pt-BR\",\"@id\":\"https:\\\/\\\/ellotv.com.br\\\/site\\\/#\\\/schema\\\/logo\\\/image\\\/\",\"url\":\"https:\\\/\\\/ellotv.com.br\\\/site\\\/wp-content\\\/uploads\\\/2025\\\/11\\\/ello-logo-2.fw_.png\",\"contentUrl\":\"https:\\\/\\\/ellotv.com.br\\\/site\\\/wp-content\\\/uploads\\\/2025\\\/11\\\/ello-logo-2.fw_.png\",\"width\":400,\"height\":146,\"caption\":\"ELLO TV\"},\"image\":{\"@id\":\"https:\\\/\\\/ellotv.com.br\\\/site\\\/#\\\/schema\\\/logo\\\/image\\\/\"}},{\"@type\":\"Person\",\"@id\":\"https:\\\/\\\/ellotv.com.br\\\/site\\\/#\\\/schema\\\/person\\\/2dbe3abaee38dcc7332fc8205cd2b15d\",\"name\":\"ELLO TV\",\"image\":{\"@type\":\"ImageObject\",\"inLanguage\":\"pt-BR\",\"@id\":\"https:\\\/\\\/secure.gravatar.com\\\/avatar\\\/c38242b9da8ec217ac3f0aaee31a54f7d7befb11b2b47fdbc8fb0fad60afa1c6?s=96&d=mm&r=g\",\"url\":\"https:\\\/\\\/secure.gravatar.com\\\/avatar\\\/c38242b9da8ec217ac3f0aaee31a54f7d7befb11b2b47fdbc8fb0fad60afa1c6?s=96&d=mm&r=g\",\"contentUrl\":\"https:\\\/\\\/secure.gravatar.com\\\/avatar\\\/c38242b9da8ec217ac3f0aaee31a54f7d7befb11b2b47fdbc8fb0fad60afa1c6?s=96&d=mm&r=g\",\"caption\":\"ELLO TV\"},\"url\":\"https:\\\/\\\/ellotv.com.br\\\/site\\\/author\\\/elloagencia\\\/\"}]}<\/script>\n<!-- \/ Yoast SEO plugin. -->","yoast_head_json":{"title":"Neymar fica fora da Copa do Mundo de 2026 - Ello TV","description":"Neymar fica fora da Copa do Mundo de 2026 ap\u00f3s sequ\u00eancia de les\u00f5es, encerrando um ciclo de mais de uma d\u00e9cada como protagonista da sele\u00e7\u00e3o brasileira. \u26bd","robots":{"index":"index","follow":"follow","max-snippet":"max-snippet:-1","max-image-preview":"max-image-preview:large","max-video-preview":"max-video-preview:-1"},"canonical":"https:\/\/ellotv.com.br\/site\/2026\/03\/16\/neymar-fica-fora-da-copa-do-mundo-de-2026\/","og_locale":"pt_BR","og_type":"article","og_title":"Neymar fica fora da Copa do Mundo de 2026 - Ello TV","og_description":"Neymar fica fora da Copa do Mundo de 2026 ap\u00f3s sequ\u00eancia de les\u00f5es, encerrando um ciclo de mais de uma d\u00e9cada como protagonista da sele\u00e7\u00e3o brasileira. \u26bd","og_url":"https:\/\/ellotv.com.br\/site\/2026\/03\/16\/neymar-fica-fora-da-copa-do-mundo-de-2026\/","og_site_name":"Ello TV","article_published_time":"2026-03-16T18:49:17+00:00","og_image":[{"width":1080,"height":1116,"url":"https:\/\/ellotv.com.br\/site\/wp-content\/uploads\/2026\/03\/WhatsApp-Image-2026-03-16-at-15.46.53.jpeg","type":"image\/jpeg"}],"author":"ELLO TV","twitter_card":"summary_large_image","twitter_misc":{"Escrito por":"ELLO TV","Est. tempo de leitura":"2 minutos"},"schema":{"@context":"https:\/\/schema.org","@graph":[{"@type":"Article","@id":"https:\/\/ellotv.com.br\/site\/2026\/03\/16\/neymar-fica-fora-da-copa-do-mundo-de-2026\/#article","isPartOf":{"@id":"https:\/\/ellotv.com.br\/site\/2026\/03\/16\/neymar-fica-fora-da-copa-do-mundo-de-2026\/"},"author":{"name":"ELLO TV","@id":"https:\/\/ellotv.com.br\/site\/#\/schema\/person\/2dbe3abaee38dcc7332fc8205cd2b15d"},"headline":"Neymar fica fora da Copa do Mundo de 2026","datePublished":"2026-03-16T18:49:17+00:00","mainEntityOfPage":{"@id":"https:\/\/ellotv.com.br\/site\/2026\/03\/16\/neymar-fica-fora-da-copa-do-mundo-de-2026\/"},"wordCount":498,"commentCount":0,"publisher":{"@id":"https:\/\/ellotv.com.br\/site\/#organization"},"image":{"@id":"https:\/\/ellotv.com.br\/site\/2026\/03\/16\/neymar-fica-fora-da-copa-do-mundo-de-2026\/#primaryimage"},"thumbnailUrl":"https:\/\/ellotv.com.br\/site\/wp-content\/uploads\/2026\/03\/WhatsApp-Image-2026-03-16-at-15.46.53.jpeg","articleSection":["Mundo","Noticias"],"inLanguage":"pt-BR","potentialAction":[{"@type":"CommentAction","name":"Comment","target":["https:\/\/ellotv.com.br\/site\/2026\/03\/16\/neymar-fica-fora-da-copa-do-mundo-de-2026\/#respond"]}]},{"@type":"WebPage","@id":"https:\/\/ellotv.com.br\/site\/2026\/03\/16\/neymar-fica-fora-da-copa-do-mundo-de-2026\/","url":"https:\/\/ellotv.com.br\/site\/2026\/03\/16\/neymar-fica-fora-da-copa-do-mundo-de-2026\/","name":"Neymar fica fora da Copa do Mundo de 2026 - Ello TV","isPartOf":{"@id":"https:\/\/ellotv.com.br\/site\/#website"},"primaryImageOfPage":{"@id":"https:\/\/ellotv.com.br\/site\/2026\/03\/16\/neymar-fica-fora-da-copa-do-mundo-de-2026\/#primaryimage"},"image":{"@id":"https:\/\/ellotv.com.br\/site\/2026\/03\/16\/neymar-fica-fora-da-copa-do-mundo-de-2026\/#primaryimage"},"thumbnailUrl":"https:\/\/ellotv.com.br\/site\/wp-content\/uploads\/2026\/03\/WhatsApp-Image-2026-03-16-at-15.46.53.jpeg","datePublished":"2026-03-16T18:49:17+00:00","description":"Neymar fica fora da Copa do Mundo de 2026 ap\u00f3s sequ\u00eancia de les\u00f5es, encerrando um ciclo de mais de uma d\u00e9cada como protagonista da sele\u00e7\u00e3o brasileira. \u26bd","breadcrumb":{"@id":"https:\/\/ellotv.com.br\/site\/2026\/03\/16\/neymar-fica-fora-da-copa-do-mundo-de-2026\/#breadcrumb"},"inLanguage":"pt-BR","potentialAction":[{"@type":"ReadAction","target":["https:\/\/ellotv.com.br\/site\/2026\/03\/16\/neymar-fica-fora-da-copa-do-mundo-de-2026\/"]}]},{"@type":"ImageObject","inLanguage":"pt-BR","@id":"https:\/\/ellotv.com.br\/site\/2026\/03\/16\/neymar-fica-fora-da-copa-do-mundo-de-2026\/#primaryimage","url":"https:\/\/ellotv.com.br\/site\/wp-content\/uploads\/2026\/03\/WhatsApp-Image-2026-03-16-at-15.46.53.jpeg","contentUrl":"https:\/\/ellotv.com.br\/site\/wp-content\/uploads\/2026\/03\/WhatsApp-Image-2026-03-16-at-15.46.53.jpeg","width":1080,"height":1116},{"@type":"BreadcrumbList","@id":"https:\/\/ellotv.com.br\/site\/2026\/03\/16\/neymar-fica-fora-da-copa-do-mundo-de-2026\/#breadcrumb","itemListElement":[{"@type":"ListItem","position":1,"name":"In\u00edcio","item":"https:\/\/ellotv.com.br\/site\/"},{"@type":"ListItem","position":2,"name":"Neymar fica fora da Copa do Mundo de 2026"}]},{"@type":"WebSite","@id":"https:\/\/ellotv.com.br\/site\/#website","url":"https:\/\/ellotv.com.br\/site\/","name":"ELLO TV","description":"","publisher":{"@id":"https:\/\/ellotv.com.br\/site\/#organization"},"potentialAction":[{"@type":"SearchAction","target":{"@type":"EntryPoint","urlTemplate":"https:\/\/ellotv.com.br\/site\/?s={search_term_string}"},"query-input":{"@type":"PropertyValueSpecification","valueRequired":true,"valueName":"search_term_string"}}],"inLanguage":"pt-BR"},{"@type":"Organization","@id":"https:\/\/ellotv.com.br\/site\/#organization","name":"ELLO TV","url":"https:\/\/ellotv.com.br\/site\/","logo":{"@type":"ImageObject","inLanguage":"pt-BR","@id":"https:\/\/ellotv.com.br\/site\/#\/schema\/logo\/image\/","url":"https:\/\/ellotv.com.br\/site\/wp-content\/uploads\/2025\/11\/ello-logo-2.fw_.png","contentUrl":"https:\/\/ellotv.com.br\/site\/wp-content\/uploads\/2025\/11\/ello-logo-2.fw_.png","width":400,"height":146,"caption":"ELLO TV"},"image":{"@id":"https:\/\/ellotv.com.br\/site\/#\/schema\/logo\/image\/"}},{"@type":"Person","@id":"https:\/\/ellotv.com.br\/site\/#\/schema\/person\/2dbe3abaee38dcc7332fc8205cd2b15d","name":"ELLO TV","image":{"@type":"ImageObject","inLanguage":"pt-BR","@id":"https:\/\/secure.gravatar.com\/avatar\/c38242b9da8ec217ac3f0aaee31a54f7d7befb11b2b47fdbc8fb0fad60afa1c6?s=96&d=mm&r=g","url":"https:\/\/secure.gravatar.com\/avatar\/c38242b9da8ec217ac3f0aaee31a54f7d7befb11b2b47fdbc8fb0fad60afa1c6?s=96&d=mm&r=g","contentUrl":"https:\/\/secure.gravatar.com\/avatar\/c38242b9da8ec217ac3f0aaee31a54f7d7befb11b2b47fdbc8fb0fad60afa1c6?s=96&d=mm&r=g","caption":"ELLO TV"},"url":"https:\/\/ellotv.com.br\/site\/author\/elloagencia\/"}]}},"featured_image_urls":{"full":["https:\/\/ellotv.com.br\/site\/wp-content\/uploads\/2026\/03\/WhatsApp-Image-2026-03-16-at-15.46.53.jpeg",1080,1116,false],"thumbnail":["https:\/\/ellotv.com.br\/site\/wp-content\/uploads\/2026\/03\/WhatsApp-Image-2026-03-16-at-15.46.53-150x150.jpeg",150,150,true],"medium":["https:\/\/ellotv.com.br\/site\/wp-content\/uploads\/2026\/03\/WhatsApp-Image-2026-03-16-at-15.46.53-290x300.jpeg",290,300,true],"medium_large":["https:\/\/ellotv.com.br\/site\/wp-content\/uploads\/2026\/03\/WhatsApp-Image-2026-03-16-at-15.46.53-768x794.jpeg",640,662,true],"large":["https:\/\/ellotv.com.br\/site\/wp-content\/uploads\/2026\/03\/WhatsApp-Image-2026-03-16-at-15.46.53-991x1024.jpeg",640,661,true],"1536x1536":["https:\/\/ellotv.com.br\/site\/wp-content\/uploads\/2026\/03\/WhatsApp-Image-2026-03-16-at-15.46.53.jpeg",1080,1116,false],"2048x2048":["https:\/\/ellotv.com.br\/site\/wp-content\/uploads\/2026\/03\/WhatsApp-Image-2026-03-16-at-15.46.53.jpeg",1080,1116,false],"darknews-slider-full":["https:\/\/ellotv.com.br\/site\/wp-content\/uploads\/2026\/03\/WhatsApp-Image-2026-03-16-at-15.46.53-1080x720.jpeg",1080,720,true],"darknews-featured":["https:\/\/ellotv.com.br\/site\/wp-content\/uploads\/2026\/03\/WhatsApp-Image-2026-03-16-at-15.46.53-1024x1058.jpeg",1024,1058,true],"darknews-medium":["https:\/\/ellotv.com.br\/site\/wp-content\/uploads\/2026\/03\/WhatsApp-Image-2026-03-16-at-15.46.53-720x530.jpeg",720,530,true],"darknews-medium-square":["https:\/\/ellotv.com.br\/site\/wp-content\/uploads\/2026\/03\/WhatsApp-Image-2026-03-16-at-15.46.53-350x350.jpeg",350,350,true]},"author_info":{"info":["ELLO TV"]},"category_info":"<a href=\"https:\/\/ellotv.com.br\/site\/category\/mundo\/\" rel=\"category tag\">Mundo<\/a> <a href=\"https:\/\/ellotv.com.br\/site\/category\/noticias\/\" rel=\"category tag\">Noticias<\/a>","tag_info":"Noticias","comment_count":"0","_links":{"self":[{"href":"https:\/\/ellotv.com.br\/site\/wp-json\/wp\/v2\/posts\/5218","targetHints":{"allow":["GET"]}}],"collection":[{"href":"https:\/\/ellotv.com.br\/site\/wp-json\/wp\/v2\/posts"}],"about":[{"href":"https:\/\/ellotv.com.br\/site\/wp-json\/wp\/v2\/types\/post"}],"author":[{"embeddable":true,"href":"https:\/\/ellotv.com.br\/site\/wp-json\/wp\/v2\/users\/2"}],"replies":[{"embeddable":true,"href":"https:\/\/ellotv.com.br\/site\/wp-json\/wp\/v2\/comments?post=5218"}],"version-history":[{"count":1,"href":"https:\/\/ellotv.com.br\/site\/wp-json\/wp\/v2\/posts\/5218\/revisions"}],"predecessor-version":[{"id":5220,"href":"https:\/\/ellotv.com.br\/site\/wp-json\/wp\/v2\/posts\/5218\/revisions\/5220"}],"wp:featuredmedia":[{"embeddable":true,"href":"https:\/\/ellotv.com.br\/site\/wp-json\/wp\/v2\/media\/5219"}],"wp:attachment":[{"href":"https:\/\/ellotv.com.br\/site\/wp-json\/wp\/v2\/media?parent=5218"}],"wp:term":[{"taxonomy":"category","embeddable":true,"href":"https:\/\/ellotv.com.br\/site\/wp-json\/wp\/v2\/categories?post=5218"},{"taxonomy":"post_tag","embeddable":true,"href":"https:\/\/ellotv.com.br\/site\/wp-json\/wp\/v2\/tags?post=5218"}],"curies":[{"name":"wp","href":"https:\/\/api.w.org\/{rel}","templated":true}]}}