{"id":5221,"date":"2026-03-17T10:03:06","date_gmt":"2026-03-17T13:03:06","guid":{"rendered":"https:\/\/ellotv.com.br\/site\/?p=5221"},"modified":"2026-03-17T10:03:06","modified_gmt":"2026-03-17T13:03:06","slug":"marconi-santana-e-homenageado-com-o-trofeu-leao-dourado-em-pernambuco","status":"publish","type":"post","link":"https:\/\/ellotv.com.br\/site\/2026\/03\/17\/marconi-santana-e-homenageado-com-o-trofeu-leao-dourado-em-pernambuco\/","title":{"rendered":"Marconi Santana \u00e9 homenageado com o Trof\u00e9u Le\u00e3o Dourado em Pernambuco"},"content":{"rendered":"<p data-start=\"72\" data-end=\"270\">O l\u00edder pol\u00edtico <span class=\"hover:entity-accent entity-underline inline cursor-pointer align-baseline\"><span class=\"whitespace-normal\">Marconi Santana<\/span><\/span> foi homenageado com o prestigiado <strong data-start=\"161\" data-end=\"184\">Trof\u00e9u Le\u00e3o Dourado<\/strong>, em uma solenidade realizada no Sal\u00e3o Nobre do <span class=\"hover:entity-accent entity-underline inline cursor-pointer align-baseline\"><span class=\"whitespace-normal\">Pal\u00e1cio da Justi\u00e7a de Pernambuco<\/span><\/span>.<\/p>\n<p data-start=\"272\" data-end=\"487\">O evento reuniu importantes lideran\u00e7as de diversas \u00e1reas, consolidando-se como um espa\u00e7o de reconhecimento e valoriza\u00e7\u00e3o de trajet\u00f3rias que contribuem para o desenvolvimento do <span class=\"hover:entity-accent entity-underline inline cursor-pointer align-baseline\"><span class=\"whitespace-normal\">Pernambuco<\/span><\/span>.<\/p>\n<p data-start=\"489\" data-end=\"805\">A premia\u00e7\u00e3o foi concedida pela <span class=\"hover:entity-accent entity-underline inline cursor-pointer align-baseline\"><span class=\"whitespace-normal\">Revista Total<\/span><\/span>, por meio dos representantes <span class=\"hover:entity-accent entity-underline inline cursor-pointer align-baseline\"><span class=\"whitespace-normal\">Marcelo Mesquita<\/span><\/span> e <span class=\"hover:entity-accent entity-underline inline cursor-pointer align-baseline\"><span class=\"whitespace-normal\">Carlos Roberto<\/span><\/span>, destacando o compromisso de Marconi Santana com iniciativas voltadas ao progresso e \u00e0 constru\u00e7\u00e3o de um futuro mais promissor para o estado.<\/p>\n<p data-start=\"807\" data-end=\"1088\">Em declara\u00e7\u00e3o, Marconi ressaltou a import\u00e2ncia do reconhecimento e dividiu a conquista com todos que acompanham sua trajet\u00f3ria. \u201cRecebo com muita honra este trof\u00e9u. Ele refor\u00e7a o nosso compromisso com o desenvolvimento e com o caminho que acreditamos para o nosso estado\u201d, afirmou.<\/p>\n<p data-start=\"1090\" data-end=\"1269\">A cerim\u00f4nia foi marcada pela organiza\u00e7\u00e3o e pela presen\u00e7a de nomes influentes do cen\u00e1rio pol\u00edtico e social, refor\u00e7ando a relev\u00e2ncia do pr\u00eamio e a for\u00e7a das lideran\u00e7as homenageadas.<\/p>\n<p data-start=\"1271\" data-end=\"1491\">O <strong data-start=\"1273\" data-end=\"1296\">Trof\u00e9u Le\u00e3o Dourado<\/strong> simboliza n\u00e3o apenas uma conquista individual, mas tamb\u00e9m o reconhecimento de um trabalho coletivo, pautado na dedica\u00e7\u00e3o, no compromisso p\u00fablico e na busca constante por avan\u00e7os para Pernambuco.<\/p>\n<p data-start=\"1271\" data-end=\"1491\"><img fetchpriority=\"high\" decoding=\"async\" class=\"aligncenter wp-image-5223 size-large\" src=\"https:\/\/ellotv.com.br\/site\/wp-content\/uploads\/2026\/03\/WhatsApp-Image-2026-03-17-at-07.28.42-1-774x1024.jpeg\" alt=\"\" width=\"640\" height=\"847\" srcset=\"https:\/\/ellotv.com.br\/site\/wp-content\/uploads\/2026\/03\/WhatsApp-Image-2026-03-17-at-07.28.42-1-774x1024.jpeg 774w, https:\/\/ellotv.com.br\/site\/wp-content\/uploads\/2026\/03\/WhatsApp-Image-2026-03-17-at-07.28.42-1-227x300.jpeg 227w, https:\/\/ellotv.com.br\/site\/wp-content\/uploads\/2026\/03\/WhatsApp-Image-2026-03-17-at-07.28.42-1-768x1016.jpeg 768w, https:\/\/ellotv.com.br\/site\/wp-content\/uploads\/2026\/03\/WhatsApp-Image-2026-03-17-at-07.28.42-1-1162x1536.jpeg 1162w, https:\/\/ellotv.com.br\/site\/wp-content\/uploads\/2026\/03\/WhatsApp-Image-2026-03-17-at-07.28.42-1-1024x1354.jpeg 1024w, https:\/\/ellotv.com.br\/site\/wp-content\/uploads\/2026\/03\/WhatsApp-Image-2026-03-17-at-07.28.42-1.jpeg 1210w\" sizes=\"(max-width: 640px) 100vw, 640px\" \/> <img decoding=\"async\" class=\"aligncenter wp-image-5224 size-large\" src=\"https:\/\/ellotv.com.br\/site\/wp-content\/uploads\/2026\/03\/WhatsApp-Image-2026-03-17-at-07.28.43-771x1024.jpeg\" alt=\"\" width=\"640\" height=\"850\" srcset=\"https:\/\/ellotv.com.br\/site\/wp-content\/uploads\/2026\/03\/WhatsApp-Image-2026-03-17-at-07.28.43-771x1024.jpeg 771w, https:\/\/ellotv.com.br\/site\/wp-content\/uploads\/2026\/03\/WhatsApp-Image-2026-03-17-at-07.28.43-226x300.jpeg 226w, https:\/\/ellotv.com.br\/site\/wp-content\/uploads\/2026\/03\/WhatsApp-Image-2026-03-17-at-07.28.43-768x1021.jpeg 768w, https:\/\/ellotv.com.br\/site\/wp-content\/uploads\/2026\/03\/WhatsApp-Image-2026-03-17-at-07.28.43-1156x1536.jpeg 1156w, https:\/\/ellotv.com.br\/site\/wp-content\/uploads\/2026\/03\/WhatsApp-Image-2026-03-17-at-07.28.43-1024x1361.jpeg 1024w, https:\/\/ellotv.com.br\/site\/wp-content\/uploads\/2026\/03\/WhatsApp-Image-2026-03-17-at-07.28.43.jpeg 1204w\" sizes=\"(max-width: 640px) 100vw, 640px\" \/><\/p>\n","protected":false},"excerpt":{"rendered":"<p>O l\u00edder pol\u00edtico Marconi Santana foi homenageado com o prestigiado Trof\u00e9u Le\u00e3o Dourado, em uma solenidade realizada no<\/p>\n","protected":false},"author":2,"featured_media":5222,"comment_status":"open","ping_status":"open","sticky":false,"template":"","format":"standard","meta":{"footnotes":""},"categories":[12,9],"tags":[],"class_list":["post-5221","post","type-post","status-publish","format-standard","has-post-thumbnail","hentry","category-noticias","category-regional"],"yoast_head":"<!-- This site is optimized with the Yoast SEO plugin v28.3 - https:\/\/yoast.com\/product\/yoast-seo-wordpress\/ -->\n<title>Marconi Santana \u00e9 homenageado com o Trof\u00e9u Le\u00e3o Dourado em Pernambuco - Ello TV<\/title>\n<meta name=\"description\" content=\"Marconi Santana recebe o Trof\u00e9u Le\u00e3o Dourado em cerim\u00f4nia no Pal\u00e1cio da Justi\u00e7a de Pernambuco, reconhecendo sua atua\u00e7\u00e3o em prol do desenvolvimento do estado.\" \/>\n<meta name=\"robots\" content=\"index, follow, max-snippet:-1, max-image-preview:large, max-video-preview:-1\" \/>\n<link rel=\"canonical\" href=\"https:\/\/ellotv.com.br\/site\/2026\/03\/17\/marconi-santana-e-homenageado-com-o-trofeu-leao-dourado-em-pernambuco\/\" \/>\n<meta property=\"og:locale\" content=\"pt_BR\" \/>\n<meta property=\"og:type\" content=\"article\" \/>\n<meta property=\"og:title\" content=\"Marconi Santana \u00e9 homenageado com o Trof\u00e9u Le\u00e3o Dourado em Pernambuco - Ello TV\" \/>\n<meta property=\"og:description\" content=\"Marconi Santana recebe o Trof\u00e9u Le\u00e3o Dourado em cerim\u00f4nia no Pal\u00e1cio da Justi\u00e7a de Pernambuco, reconhecendo sua atua\u00e7\u00e3o em prol do desenvolvimento do estado.\" \/>\n<meta property=\"og:url\" content=\"https:\/\/ellotv.com.br\/site\/2026\/03\/17\/marconi-santana-e-homenageado-com-o-trofeu-leao-dourado-em-pernambuco\/\" \/>\n<meta property=\"og:site_name\" content=\"Ello TV\" \/>\n<meta property=\"article:published_time\" content=\"2026-03-17T13:03:06+00:00\" \/>\n<meta property=\"og:image\" content=\"https:\/\/ellotv.com.br\/site\/wp-content\/uploads\/2026\/03\/WhatsApp-Image-2026-03-17-at-07.28.42.jpeg\" \/>\n\t<meta property=\"og:image:width\" content=\"1214\" \/>\n\t<meta property=\"og:image:height\" content=\"1600\" \/>\n\t<meta property=\"og:image:type\" content=\"image\/jpeg\" \/>\n<meta name=\"author\" content=\"ELLO TV\" \/>\n<meta name=\"twitter:card\" content=\"summary_large_image\" \/>\n<meta name=\"twitter:label1\" content=\"Escrito por\" \/>\n\t<meta name=\"twitter:data1\" content=\"ELLO TV\" \/>\n\t<meta name=\"twitter:label2\" content=\"Est. tempo de leitura\" \/>\n\t<meta name=\"twitter:data2\" content=\"1 minuto\" \/>\n<script type=\"application\/ld+json\" class=\"yoast-schema-graph\">{\"@context\":\"https:\\\/\\\/schema.org\",\"@graph\":[{\"@type\":\"Article\",\"@id\":\"https:\\\/\\\/ellotv.com.br\\\/site\\\/2026\\\/03\\\/17\\\/marconi-santana-e-homenageado-com-o-trofeu-leao-dourado-em-pernambuco\\\/#article\",\"isPartOf\":{\"@id\":\"https:\\\/\\\/ellotv.com.br\\\/site\\\/2026\\\/03\\\/17\\\/marconi-santana-e-homenageado-com-o-trofeu-leao-dourado-em-pernambuco\\\/\"},\"author\":{\"name\":\"ELLO TV\",\"@id\":\"https:\\\/\\\/ellotv.com.br\\\/site\\\/#\\\/schema\\\/person\\\/2dbe3abaee38dcc7332fc8205cd2b15d\"},\"headline\":\"Marconi Santana \u00e9 homenageado com o Trof\u00e9u Le\u00e3o Dourado em Pernambuco\",\"datePublished\":\"2026-03-17T13:03:06+00:00\",\"mainEntityOfPage\":{\"@id\":\"https:\\\/\\\/ellotv.com.br\\\/site\\\/2026\\\/03\\\/17\\\/marconi-santana-e-homenageado-com-o-trofeu-leao-dourado-em-pernambuco\\\/\"},\"wordCount\":238,\"commentCount\":0,\"publisher\":{\"@id\":\"https:\\\/\\\/ellotv.com.br\\\/site\\\/#organization\"},\"image\":{\"@id\":\"https:\\\/\\\/ellotv.com.br\\\/site\\\/2026\\\/03\\\/17\\\/marconi-santana-e-homenageado-com-o-trofeu-leao-dourado-em-pernambuco\\\/#primaryimage\"},\"thumbnailUrl\":\"https:\\\/\\\/ellotv.com.br\\\/site\\\/wp-content\\\/uploads\\\/2026\\\/03\\\/WhatsApp-Image-2026-03-17-at-07.28.42.jpeg\",\"articleSection\":[\"Noticias\",\"Regional\"],\"inLanguage\":\"pt-BR\",\"potentialAction\":[{\"@type\":\"CommentAction\",\"name\":\"Comment\",\"target\":[\"https:\\\/\\\/ellotv.com.br\\\/site\\\/2026\\\/03\\\/17\\\/marconi-santana-e-homenageado-com-o-trofeu-leao-dourado-em-pernambuco\\\/#respond\"]}]},{\"@type\":\"WebPage\",\"@id\":\"https:\\\/\\\/ellotv.com.br\\\/site\\\/2026\\\/03\\\/17\\\/marconi-santana-e-homenageado-com-o-trofeu-leao-dourado-em-pernambuco\\\/\",\"url\":\"https:\\\/\\\/ellotv.com.br\\\/site\\\/2026\\\/03\\\/17\\\/marconi-santana-e-homenageado-com-o-trofeu-leao-dourado-em-pernambuco\\\/\",\"name\":\"Marconi Santana \u00e9 homenageado com o Trof\u00e9u Le\u00e3o Dourado em Pernambuco - Ello TV\",\"isPartOf\":{\"@id\":\"https:\\\/\\\/ellotv.com.br\\\/site\\\/#website\"},\"primaryImageOfPage\":{\"@id\":\"https:\\\/\\\/ellotv.com.br\\\/site\\\/2026\\\/03\\\/17\\\/marconi-santana-e-homenageado-com-o-trofeu-leao-dourado-em-pernambuco\\\/#primaryimage\"},\"image\":{\"@id\":\"https:\\\/\\\/ellotv.com.br\\\/site\\\/2026\\\/03\\\/17\\\/marconi-santana-e-homenageado-com-o-trofeu-leao-dourado-em-pernambuco\\\/#primaryimage\"},\"thumbnailUrl\":\"https:\\\/\\\/ellotv.com.br\\\/site\\\/wp-content\\\/uploads\\\/2026\\\/03\\\/WhatsApp-Image-2026-03-17-at-07.28.42.jpeg\",\"datePublished\":\"2026-03-17T13:03:06+00:00\",\"description\":\"Marconi Santana recebe o Trof\u00e9u Le\u00e3o Dourado em cerim\u00f4nia no Pal\u00e1cio da Justi\u00e7a de Pernambuco, reconhecendo sua atua\u00e7\u00e3o em prol do desenvolvimento do estado.\",\"breadcrumb\":{\"@id\":\"https:\\\/\\\/ellotv.com.br\\\/site\\\/2026\\\/03\\\/17\\\/marconi-santana-e-homenageado-com-o-trofeu-leao-dourado-em-pernambuco\\\/#breadcrumb\"},\"inLanguage\":\"pt-BR\",\"potentialAction\":[{\"@type\":\"ReadAction\",\"target\":[\"https:\\\/\\\/ellotv.com.br\\\/site\\\/2026\\\/03\\\/17\\\/marconi-santana-e-homenageado-com-o-trofeu-leao-dourado-em-pernambuco\\\/\"]}]},{\"@type\":\"ImageObject\",\"inLanguage\":\"pt-BR\",\"@id\":\"https:\\\/\\\/ellotv.com.br\\\/site\\\/2026\\\/03\\\/17\\\/marconi-santana-e-homenageado-com-o-trofeu-leao-dourado-em-pernambuco\\\/#primaryimage\",\"url\":\"https:\\\/\\\/ellotv.com.br\\\/site\\\/wp-content\\\/uploads\\\/2026\\\/03\\\/WhatsApp-Image-2026-03-17-at-07.28.42.jpeg\",\"contentUrl\":\"https:\\\/\\\/ellotv.com.br\\\/site\\\/wp-content\\\/uploads\\\/2026\\\/03\\\/WhatsApp-Image-2026-03-17-at-07.28.42.jpeg\",\"width\":1214,\"height\":1600},{\"@type\":\"BreadcrumbList\",\"@id\":\"https:\\\/\\\/ellotv.com.br\\\/site\\\/2026\\\/03\\\/17\\\/marconi-santana-e-homenageado-com-o-trofeu-leao-dourado-em-pernambuco\\\/#breadcrumb\",\"itemListElement\":[{\"@type\":\"ListItem\",\"position\":1,\"name\":\"In\u00edcio\",\"item\":\"https:\\\/\\\/ellotv.com.br\\\/site\\\/\"},{\"@type\":\"ListItem\",\"position\":2,\"name\":\"Marconi Santana \u00e9 homenageado com o Trof\u00e9u Le\u00e3o Dourado em Pernambuco\"}]},{\"@type\":\"WebSite\",\"@id\":\"https:\\\/\\\/ellotv.com.br\\\/site\\\/#website\",\"url\":\"https:\\\/\\\/ellotv.com.br\\\/site\\\/\",\"name\":\"ELLO TV\",\"description\":\"\",\"publisher\":{\"@id\":\"https:\\\/\\\/ellotv.com.br\\\/site\\\/#organization\"},\"potentialAction\":[{\"@type\":\"SearchAction\",\"target\":{\"@type\":\"EntryPoint\",\"urlTemplate\":\"https:\\\/\\\/ellotv.com.br\\\/site\\\/?s={search_term_string}\"},\"query-input\":{\"@type\":\"PropertyValueSpecification\",\"valueRequired\":true,\"valueName\":\"search_term_string\"}}],\"inLanguage\":\"pt-BR\"},{\"@type\":\"Organization\",\"@id\":\"https:\\\/\\\/ellotv.com.br\\\/site\\\/#organization\",\"name\":\"ELLO TV\",\"url\":\"https:\\\/\\\/ellotv.com.br\\\/site\\\/\",\"logo\":{\"@type\":\"ImageObject\",\"inLanguage\":\"pt-BR\",\"@id\":\"https:\\\/\\\/ellotv.com.br\\\/site\\\/#\\\/schema\\\/logo\\\/image\\\/\",\"url\":\"https:\\\/\\\/ellotv.com.br\\\/site\\\/wp-content\\\/uploads\\\/2025\\\/11\\\/ello-logo-2.fw_.png\",\"contentUrl\":\"https:\\\/\\\/ellotv.com.br\\\/site\\\/wp-content\\\/uploads\\\/2025\\\/11\\\/ello-logo-2.fw_.png\",\"width\":400,\"height\":146,\"caption\":\"ELLO TV\"},\"image\":{\"@id\":\"https:\\\/\\\/ellotv.com.br\\\/site\\\/#\\\/schema\\\/logo\\\/image\\\/\"}},{\"@type\":\"Person\",\"@id\":\"https:\\\/\\\/ellotv.com.br\\\/site\\\/#\\\/schema\\\/person\\\/2dbe3abaee38dcc7332fc8205cd2b15d\",\"name\":\"ELLO TV\",\"image\":{\"@type\":\"ImageObject\",\"inLanguage\":\"pt-BR\",\"@id\":\"https:\\\/\\\/secure.gravatar.com\\\/avatar\\\/c38242b9da8ec217ac3f0aaee31a54f7d7befb11b2b47fdbc8fb0fad60afa1c6?s=96&d=mm&r=g\",\"url\":\"https:\\\/\\\/secure.gravatar.com\\\/avatar\\\/c38242b9da8ec217ac3f0aaee31a54f7d7befb11b2b47fdbc8fb0fad60afa1c6?s=96&d=mm&r=g\",\"contentUrl\":\"https:\\\/\\\/secure.gravatar.com\\\/avatar\\\/c38242b9da8ec217ac3f0aaee31a54f7d7befb11b2b47fdbc8fb0fad60afa1c6?s=96&d=mm&r=g\",\"caption\":\"ELLO TV\"},\"url\":\"https:\\\/\\\/ellotv.com.br\\\/site\\\/author\\\/elloagencia\\\/\"}]}<\/script>\n<!-- \/ Yoast SEO plugin. -->","yoast_head_json":{"title":"Marconi Santana \u00e9 homenageado com o Trof\u00e9u Le\u00e3o Dourado em Pernambuco - Ello TV","description":"Marconi Santana recebe o Trof\u00e9u Le\u00e3o Dourado em cerim\u00f4nia no Pal\u00e1cio da Justi\u00e7a de Pernambuco, reconhecendo sua atua\u00e7\u00e3o em prol do desenvolvimento do estado.","robots":{"index":"index","follow":"follow","max-snippet":"max-snippet:-1","max-image-preview":"max-image-preview:large","max-video-preview":"max-video-preview:-1"},"canonical":"https:\/\/ellotv.com.br\/site\/2026\/03\/17\/marconi-santana-e-homenageado-com-o-trofeu-leao-dourado-em-pernambuco\/","og_locale":"pt_BR","og_type":"article","og_title":"Marconi Santana \u00e9 homenageado com o Trof\u00e9u Le\u00e3o Dourado em Pernambuco - Ello TV","og_description":"Marconi Santana recebe o Trof\u00e9u Le\u00e3o Dourado em cerim\u00f4nia no Pal\u00e1cio da Justi\u00e7a de Pernambuco, reconhecendo sua atua\u00e7\u00e3o em prol do desenvolvimento do estado.","og_url":"https:\/\/ellotv.com.br\/site\/2026\/03\/17\/marconi-santana-e-homenageado-com-o-trofeu-leao-dourado-em-pernambuco\/","og_site_name":"Ello TV","article_published_time":"2026-03-17T13:03:06+00:00","og_image":[{"width":1214,"height":1600,"url":"https:\/\/ellotv.com.br\/site\/wp-content\/uploads\/2026\/03\/WhatsApp-Image-2026-03-17-at-07.28.42.jpeg","type":"image\/jpeg"}],"author":"ELLO TV","twitter_card":"summary_large_image","twitter_misc":{"Escrito por":"ELLO TV","Est. tempo de leitura":"1 minuto"},"schema":{"@context":"https:\/\/schema.org","@graph":[{"@type":"Article","@id":"https:\/\/ellotv.com.br\/site\/2026\/03\/17\/marconi-santana-e-homenageado-com-o-trofeu-leao-dourado-em-pernambuco\/#article","isPartOf":{"@id":"https:\/\/ellotv.com.br\/site\/2026\/03\/17\/marconi-santana-e-homenageado-com-o-trofeu-leao-dourado-em-pernambuco\/"},"author":{"name":"ELLO TV","@id":"https:\/\/ellotv.com.br\/site\/#\/schema\/person\/2dbe3abaee38dcc7332fc8205cd2b15d"},"headline":"Marconi Santana \u00e9 homenageado com o Trof\u00e9u Le\u00e3o Dourado em Pernambuco","datePublished":"2026-03-17T13:03:06+00:00","mainEntityOfPage":{"@id":"https:\/\/ellotv.com.br\/site\/2026\/03\/17\/marconi-santana-e-homenageado-com-o-trofeu-leao-dourado-em-pernambuco\/"},"wordCount":238,"commentCount":0,"publisher":{"@id":"https:\/\/ellotv.com.br\/site\/#organization"},"image":{"@id":"https:\/\/ellotv.com.br\/site\/2026\/03\/17\/marconi-santana-e-homenageado-com-o-trofeu-leao-dourado-em-pernambuco\/#primaryimage"},"thumbnailUrl":"https:\/\/ellotv.com.br\/site\/wp-content\/uploads\/2026\/03\/WhatsApp-Image-2026-03-17-at-07.28.42.jpeg","articleSection":["Noticias","Regional"],"inLanguage":"pt-BR","potentialAction":[{"@type":"CommentAction","name":"Comment","target":["https:\/\/ellotv.com.br\/site\/2026\/03\/17\/marconi-santana-e-homenageado-com-o-trofeu-leao-dourado-em-pernambuco\/#respond"]}]},{"@type":"WebPage","@id":"https:\/\/ellotv.com.br\/site\/2026\/03\/17\/marconi-santana-e-homenageado-com-o-trofeu-leao-dourado-em-pernambuco\/","url":"https:\/\/ellotv.com.br\/site\/2026\/03\/17\/marconi-santana-e-homenageado-com-o-trofeu-leao-dourado-em-pernambuco\/","name":"Marconi Santana \u00e9 homenageado com o Trof\u00e9u Le\u00e3o Dourado em Pernambuco - Ello TV","isPartOf":{"@id":"https:\/\/ellotv.com.br\/site\/#website"},"primaryImageOfPage":{"@id":"https:\/\/ellotv.com.br\/site\/2026\/03\/17\/marconi-santana-e-homenageado-com-o-trofeu-leao-dourado-em-pernambuco\/#primaryimage"},"image":{"@id":"https:\/\/ellotv.com.br\/site\/2026\/03\/17\/marconi-santana-e-homenageado-com-o-trofeu-leao-dourado-em-pernambuco\/#primaryimage"},"thumbnailUrl":"https:\/\/ellotv.com.br\/site\/wp-content\/uploads\/2026\/03\/WhatsApp-Image-2026-03-17-at-07.28.42.jpeg","datePublished":"2026-03-17T13:03:06+00:00","description":"Marconi Santana recebe o Trof\u00e9u Le\u00e3o Dourado em cerim\u00f4nia no Pal\u00e1cio da Justi\u00e7a de Pernambuco, reconhecendo sua atua\u00e7\u00e3o em prol do desenvolvimento do estado.","breadcrumb":{"@id":"https:\/\/ellotv.com.br\/site\/2026\/03\/17\/marconi-santana-e-homenageado-com-o-trofeu-leao-dourado-em-pernambuco\/#breadcrumb"},"inLanguage":"pt-BR","potentialAction":[{"@type":"ReadAction","target":["https:\/\/ellotv.com.br\/site\/2026\/03\/17\/marconi-santana-e-homenageado-com-o-trofeu-leao-dourado-em-pernambuco\/"]}]},{"@type":"ImageObject","inLanguage":"pt-BR","@id":"https:\/\/ellotv.com.br\/site\/2026\/03\/17\/marconi-santana-e-homenageado-com-o-trofeu-leao-dourado-em-pernambuco\/#primaryimage","url":"https:\/\/ellotv.com.br\/site\/wp-content\/uploads\/2026\/03\/WhatsApp-Image-2026-03-17-at-07.28.42.jpeg","contentUrl":"https:\/\/ellotv.com.br\/site\/wp-content\/uploads\/2026\/03\/WhatsApp-Image-2026-03-17-at-07.28.42.jpeg","width":1214,"height":1600},{"@type":"BreadcrumbList","@id":"https:\/\/ellotv.com.br\/site\/2026\/03\/17\/marconi-santana-e-homenageado-com-o-trofeu-leao-dourado-em-pernambuco\/#breadcrumb","itemListElement":[{"@type":"ListItem","position":1,"name":"In\u00edcio","item":"https:\/\/ellotv.com.br\/site\/"},{"@type":"ListItem","position":2,"name":"Marconi Santana \u00e9 homenageado com o Trof\u00e9u Le\u00e3o Dourado em Pernambuco"}]},{"@type":"WebSite","@id":"https:\/\/ellotv.com.br\/site\/#website","url":"https:\/\/ellotv.com.br\/site\/","name":"ELLO TV","description":"","publisher":{"@id":"https:\/\/ellotv.com.br\/site\/#organization"},"potentialAction":[{"@type":"SearchAction","target":{"@type":"EntryPoint","urlTemplate":"https:\/\/ellotv.com.br\/site\/?s={search_term_string}"},"query-input":{"@type":"PropertyValueSpecification","valueRequired":true,"valueName":"search_term_string"}}],"inLanguage":"pt-BR"},{"@type":"Organization","@id":"https:\/\/ellotv.com.br\/site\/#organization","name":"ELLO TV","url":"https:\/\/ellotv.com.br\/site\/","logo":{"@type":"ImageObject","inLanguage":"pt-BR","@id":"https:\/\/ellotv.com.br\/site\/#\/schema\/logo\/image\/","url":"https:\/\/ellotv.com.br\/site\/wp-content\/uploads\/2025\/11\/ello-logo-2.fw_.png","contentUrl":"https:\/\/ellotv.com.br\/site\/wp-content\/uploads\/2025\/11\/ello-logo-2.fw_.png","width":400,"height":146,"caption":"ELLO TV"},"image":{"@id":"https:\/\/ellotv.com.br\/site\/#\/schema\/logo\/image\/"}},{"@type":"Person","@id":"https:\/\/ellotv.com.br\/site\/#\/schema\/person\/2dbe3abaee38dcc7332fc8205cd2b15d","name":"ELLO TV","image":{"@type":"ImageObject","inLanguage":"pt-BR","@id":"https:\/\/secure.gravatar.com\/avatar\/c38242b9da8ec217ac3f0aaee31a54f7d7befb11b2b47fdbc8fb0fad60afa1c6?s=96&d=mm&r=g","url":"https:\/\/secure.gravatar.com\/avatar\/c38242b9da8ec217ac3f0aaee31a54f7d7befb11b2b47fdbc8fb0fad60afa1c6?s=96&d=mm&r=g","contentUrl":"https:\/\/secure.gravatar.com\/avatar\/c38242b9da8ec217ac3f0aaee31a54f7d7befb11b2b47fdbc8fb0fad60afa1c6?s=96&d=mm&r=g","caption":"ELLO TV"},"url":"https:\/\/ellotv.com.br\/site\/author\/elloagencia\/"}]}},"featured_image_urls":{"full":["https:\/\/ellotv.com.br\/site\/wp-content\/uploads\/2026\/03\/WhatsApp-Image-2026-03-17-at-07.28.42.jpeg",1214,1600,false],"thumbnail":["https:\/\/ellotv.com.br\/site\/wp-content\/uploads\/2026\/03\/WhatsApp-Image-2026-03-17-at-07.28.42-150x150.jpeg",150,150,true],"medium":["https:\/\/ellotv.com.br\/site\/wp-content\/uploads\/2026\/03\/WhatsApp-Image-2026-03-17-at-07.28.42-228x300.jpeg",228,300,true],"medium_large":["https:\/\/ellotv.com.br\/site\/wp-content\/uploads\/2026\/03\/WhatsApp-Image-2026-03-17-at-07.28.42-768x1012.jpeg",640,843,true],"large":["https:\/\/ellotv.com.br\/site\/wp-content\/uploads\/2026\/03\/WhatsApp-Image-2026-03-17-at-07.28.42-777x1024.jpeg",640,843,true],"1536x1536":["https:\/\/ellotv.com.br\/site\/wp-content\/uploads\/2026\/03\/WhatsApp-Image-2026-03-17-at-07.28.42-1165x1536.jpeg",1165,1536,true],"2048x2048":["https:\/\/ellotv.com.br\/site\/wp-content\/uploads\/2026\/03\/WhatsApp-Image-2026-03-17-at-07.28.42.jpeg",1214,1600,false],"darknews-slider-full":["https:\/\/ellotv.com.br\/site\/wp-content\/uploads\/2026\/03\/WhatsApp-Image-2026-03-17-at-07.28.42-1214x720.jpeg",1214,720,true],"darknews-featured":["https:\/\/ellotv.com.br\/site\/wp-content\/uploads\/2026\/03\/WhatsApp-Image-2026-03-17-at-07.28.42-1024x1350.jpeg",1024,1350,true],"darknews-medium":["https:\/\/ellotv.com.br\/site\/wp-content\/uploads\/2026\/03\/WhatsApp-Image-2026-03-17-at-07.28.42-720x530.jpeg",720,530,true],"darknews-medium-square":["https:\/\/ellotv.com.br\/site\/wp-content\/uploads\/2026\/03\/WhatsApp-Image-2026-03-17-at-07.28.42-350x350.jpeg",350,350,true]},"author_info":{"info":["ELLO TV"]},"category_info":"<a href=\"https:\/\/ellotv.com.br\/site\/category\/noticias\/\" rel=\"category tag\">Noticias<\/a> <a href=\"https:\/\/ellotv.com.br\/site\/category\/regional\/\" rel=\"category tag\">Regional<\/a>","tag_info":"Regional","comment_count":"0","_links":{"self":[{"href":"https:\/\/ellotv.com.br\/site\/wp-json\/wp\/v2\/posts\/5221","targetHints":{"allow":["GET"]}}],"collection":[{"href":"https:\/\/ellotv.com.br\/site\/wp-json\/wp\/v2\/posts"}],"about":[{"href":"https:\/\/ellotv.com.br\/site\/wp-json\/wp\/v2\/types\/post"}],"author":[{"embeddable":true,"href":"https:\/\/ellotv.com.br\/site\/wp-json\/wp\/v2\/users\/2"}],"replies":[{"embeddable":true,"href":"https:\/\/ellotv.com.br\/site\/wp-json\/wp\/v2\/comments?post=5221"}],"version-history":[{"count":1,"href":"https:\/\/ellotv.com.br\/site\/wp-json\/wp\/v2\/posts\/5221\/revisions"}],"predecessor-version":[{"id":5225,"href":"https:\/\/ellotv.com.br\/site\/wp-json\/wp\/v2\/posts\/5221\/revisions\/5225"}],"wp:featuredmedia":[{"embeddable":true,"href":"https:\/\/ellotv.com.br\/site\/wp-json\/wp\/v2\/media\/5222"}],"wp:attachment":[{"href":"https:\/\/ellotv.com.br\/site\/wp-json\/wp\/v2\/media?parent=5221"}],"wp:term":[{"taxonomy":"category","embeddable":true,"href":"https:\/\/ellotv.com.br\/site\/wp-json\/wp\/v2\/categories?post=5221"},{"taxonomy":"post_tag","embeddable":true,"href":"https:\/\/ellotv.com.br\/site\/wp-json\/wp\/v2\/tags?post=5221"}],"curies":[{"name":"wp","href":"https:\/\/api.w.org\/{rel}","templated":true}]}}