{"id":5248,"date":"2026-03-17T16:06:49","date_gmt":"2026-03-17T19:06:49","guid":{"rendered":"https:\/\/ellotv.com.br\/site\/?p=5248"},"modified":"2026-03-17T16:06:49","modified_gmt":"2026-03-17T19:06:49","slug":"acao-do-ministerio-do-turismo-leva-festa-junina-do-nordeste-a-buenos-aires-pela-primeira-vez","status":"publish","type":"post","link":"https:\/\/ellotv.com.br\/site\/2026\/03\/17\/acao-do-ministerio-do-turismo-leva-festa-junina-do-nordeste-a-buenos-aires-pela-primeira-vez\/","title":{"rendered":"A\u00e7\u00e3o do Minist\u00e9rio do Turismo leva festa junina do Nordeste a Buenos Aires pela primeira vez"},"content":{"rendered":"<p data-start=\"86\" data-end=\"353\">A cultura nordestina ultrapassou fronteiras e chegou nesta ter\u00e7a-feira (17) a <span class=\"hover:entity-accent entity-underline inline cursor-pointer align-baseline\"><span class=\"whitespace-normal\">Buenos Aires<\/span><\/span>, que recebe pela primeira vez uma tradicional festa junina \u2014 uma das mais importantes manifesta\u00e7\u00f5es culturais do <span class=\"hover:entity-accent entity-underline inline cursor-pointer align-baseline\"><span class=\"whitespace-normal\">Brasil<\/span><\/span>.<\/p>\n<p data-start=\"355\" data-end=\"626\">A a\u00e7\u00e3o \u00e9 promovida pelo <span class=\"hover:entity-accent entity-underline inline cursor-pointer align-baseline\"><span class=\"whitespace-normal\">Minist\u00e9rio do Turismo<\/span><\/span> em parceria com a <span class=\"hover:entity-accent entity-underline inline cursor-pointer align-baseline\"><span class=\"whitespace-normal\">Embratur<\/span><\/span>, como parte de uma estrat\u00e9gia para fortalecer a imagem do pa\u00eds no exterior e atrair mais visitantes internacionais, especialmente para a regi\u00e3o Nordeste.<\/p>\n<p data-start=\"628\" data-end=\"884\">O ponto alto da programa\u00e7\u00e3o acontece no <span class=\"hover:entity-accent entity-underline inline cursor-pointer align-baseline\"><span class=\"whitespace-normal\">Obelisco de Buenos Aires<\/span><\/span>, um dos principais cart\u00f5es-postais da cidade, onde o p\u00fablico poder\u00e1 vivenciar de perto a energia das quadrilhas juninas, com dan\u00e7as t\u00edpicas, figurinos coloridos e muita anima\u00e7\u00e3o.<\/p>\n<p data-start=\"886\" data-end=\"1265\">A iniciativa busca estimular a vinda de turistas argentinos ao Brasil durante o m\u00eas de junho, per\u00edodo considerado de baixa temporada para esse p\u00fablico. Ainda assim, os n\u00fameros seguem expressivos: at\u00e9 fevereiro deste ano, o Brasil j\u00e1 recebeu mais de <strong data-start=\"1135\" data-end=\"1183\">1,2 milh\u00e3o de visitantes vindos da Argentina<\/strong>, consolidando o pa\u00eds vizinho como o principal emissor de turistas internacionais.<\/p>\n<p data-start=\"1267\" data-end=\"1518\">Com a a\u00e7\u00e3o, o governo brasileiro aposta na for\u00e7a da cultura popular nordestina como ferramenta de promo\u00e7\u00e3o tur\u00edstica, refor\u00e7ando la\u00e7os culturais e ampliando o interesse internacional pelas festas juninas \u2014 um dos maiores patrim\u00f4nios culturais do pa\u00eds.<\/p>\n","protected":false},"excerpt":{"rendered":"<p>A cultura nordestina ultrapassou fronteiras e chegou nesta ter\u00e7a-feira (17) a Buenos Aires, que recebe pela primeira vez<\/p>\n","protected":false},"author":2,"featured_media":5249,"comment_status":"open","ping_status":"open","sticky":false,"template":"","format":"standard","meta":{"footnotes":""},"categories":[8,10,12,9],"tags":[],"class_list":["post-5248","post","type-post","status-publish","format-standard","has-post-thumbnail","hentry","category-brasil","category-mundo","category-noticias","category-regional"],"yoast_head":"<!-- This site is optimized with the Yoast SEO plugin v28.3 - https:\/\/yoast.com\/product\/yoast-seo-wordpress\/ -->\n<title>A\u00e7\u00e3o do Minist\u00e9rio do Turismo leva festa junina do Nordeste a Buenos Aires pela primeira vez - Ello TV<\/title>\n<meta name=\"description\" content=\"Festa junina nordestina chega a Buenos Aires para promover o turismo brasileiro e atrair visitantes argentinos para o Nordeste.\" \/>\n<meta name=\"robots\" content=\"index, follow, max-snippet:-1, max-image-preview:large, max-video-preview:-1\" \/>\n<link rel=\"canonical\" href=\"https:\/\/ellotv.com.br\/site\/2026\/03\/17\/acao-do-ministerio-do-turismo-leva-festa-junina-do-nordeste-a-buenos-aires-pela-primeira-vez\/\" \/>\n<meta property=\"og:locale\" content=\"pt_BR\" \/>\n<meta property=\"og:type\" content=\"article\" \/>\n<meta property=\"og:title\" content=\"A\u00e7\u00e3o do Minist\u00e9rio do Turismo leva festa junina do Nordeste a Buenos Aires pela primeira vez - Ello TV\" \/>\n<meta property=\"og:description\" content=\"Festa junina nordestina chega a Buenos Aires para promover o turismo brasileiro e atrair visitantes argentinos para o Nordeste.\" \/>\n<meta property=\"og:url\" content=\"https:\/\/ellotv.com.br\/site\/2026\/03\/17\/acao-do-ministerio-do-turismo-leva-festa-junina-do-nordeste-a-buenos-aires-pela-primeira-vez\/\" \/>\n<meta property=\"og:site_name\" content=\"Ello TV\" \/>\n<meta property=\"article:published_time\" content=\"2026-03-17T19:06:49+00:00\" \/>\n<meta property=\"og:image\" content=\"https:\/\/ellotv.com.br\/site\/wp-content\/uploads\/2026\/03\/WhatsApp-Image-2026-03-17-at-15.52.04.jpeg\" \/>\n\t<meta property=\"og:image:width\" content=\"679\" \/>\n\t<meta property=\"og:image:height\" content=\"451\" \/>\n\t<meta property=\"og:image:type\" content=\"image\/jpeg\" \/>\n<meta name=\"author\" content=\"ELLO TV\" \/>\n<meta name=\"twitter:card\" content=\"summary_large_image\" \/>\n<meta name=\"twitter:label1\" content=\"Escrito por\" \/>\n\t<meta name=\"twitter:data1\" content=\"ELLO TV\" \/>\n\t<meta name=\"twitter:label2\" content=\"Est. tempo de leitura\" \/>\n\t<meta name=\"twitter:data2\" content=\"1 minuto\" \/>\n<script type=\"application\/ld+json\" class=\"yoast-schema-graph\">{\"@context\":\"https:\\\/\\\/schema.org\",\"@graph\":[{\"@type\":\"Article\",\"@id\":\"https:\\\/\\\/ellotv.com.br\\\/site\\\/2026\\\/03\\\/17\\\/acao-do-ministerio-do-turismo-leva-festa-junina-do-nordeste-a-buenos-aires-pela-primeira-vez\\\/#article\",\"isPartOf\":{\"@id\":\"https:\\\/\\\/ellotv.com.br\\\/site\\\/2026\\\/03\\\/17\\\/acao-do-ministerio-do-turismo-leva-festa-junina-do-nordeste-a-buenos-aires-pela-primeira-vez\\\/\"},\"author\":{\"name\":\"ELLO TV\",\"@id\":\"https:\\\/\\\/ellotv.com.br\\\/site\\\/#\\\/schema\\\/person\\\/2dbe3abaee38dcc7332fc8205cd2b15d\"},\"headline\":\"A\u00e7\u00e3o do Minist\u00e9rio do Turismo leva festa junina do Nordeste a Buenos Aires pela primeira vez\",\"datePublished\":\"2026-03-17T19:06:49+00:00\",\"mainEntityOfPage\":{\"@id\":\"https:\\\/\\\/ellotv.com.br\\\/site\\\/2026\\\/03\\\/17\\\/acao-do-ministerio-do-turismo-leva-festa-junina-do-nordeste-a-buenos-aires-pela-primeira-vez\\\/\"},\"wordCount\":239,\"commentCount\":0,\"publisher\":{\"@id\":\"https:\\\/\\\/ellotv.com.br\\\/site\\\/#organization\"},\"image\":{\"@id\":\"https:\\\/\\\/ellotv.com.br\\\/site\\\/2026\\\/03\\\/17\\\/acao-do-ministerio-do-turismo-leva-festa-junina-do-nordeste-a-buenos-aires-pela-primeira-vez\\\/#primaryimage\"},\"thumbnailUrl\":\"https:\\\/\\\/ellotv.com.br\\\/site\\\/wp-content\\\/uploads\\\/2026\\\/03\\\/WhatsApp-Image-2026-03-17-at-15.52.04.jpeg\",\"articleSection\":[\"Brasil\",\"Mundo\",\"Noticias\",\"Regional\"],\"inLanguage\":\"pt-BR\",\"potentialAction\":[{\"@type\":\"CommentAction\",\"name\":\"Comment\",\"target\":[\"https:\\\/\\\/ellotv.com.br\\\/site\\\/2026\\\/03\\\/17\\\/acao-do-ministerio-do-turismo-leva-festa-junina-do-nordeste-a-buenos-aires-pela-primeira-vez\\\/#respond\"]}]},{\"@type\":\"WebPage\",\"@id\":\"https:\\\/\\\/ellotv.com.br\\\/site\\\/2026\\\/03\\\/17\\\/acao-do-ministerio-do-turismo-leva-festa-junina-do-nordeste-a-buenos-aires-pela-primeira-vez\\\/\",\"url\":\"https:\\\/\\\/ellotv.com.br\\\/site\\\/2026\\\/03\\\/17\\\/acao-do-ministerio-do-turismo-leva-festa-junina-do-nordeste-a-buenos-aires-pela-primeira-vez\\\/\",\"name\":\"A\u00e7\u00e3o do Minist\u00e9rio do Turismo leva festa junina do Nordeste a Buenos Aires pela primeira vez - Ello TV\",\"isPartOf\":{\"@id\":\"https:\\\/\\\/ellotv.com.br\\\/site\\\/#website\"},\"primaryImageOfPage\":{\"@id\":\"https:\\\/\\\/ellotv.com.br\\\/site\\\/2026\\\/03\\\/17\\\/acao-do-ministerio-do-turismo-leva-festa-junina-do-nordeste-a-buenos-aires-pela-primeira-vez\\\/#primaryimage\"},\"image\":{\"@id\":\"https:\\\/\\\/ellotv.com.br\\\/site\\\/2026\\\/03\\\/17\\\/acao-do-ministerio-do-turismo-leva-festa-junina-do-nordeste-a-buenos-aires-pela-primeira-vez\\\/#primaryimage\"},\"thumbnailUrl\":\"https:\\\/\\\/ellotv.com.br\\\/site\\\/wp-content\\\/uploads\\\/2026\\\/03\\\/WhatsApp-Image-2026-03-17-at-15.52.04.jpeg\",\"datePublished\":\"2026-03-17T19:06:49+00:00\",\"description\":\"Festa junina nordestina chega a Buenos Aires para promover o turismo brasileiro e atrair visitantes argentinos para o Nordeste.\",\"breadcrumb\":{\"@id\":\"https:\\\/\\\/ellotv.com.br\\\/site\\\/2026\\\/03\\\/17\\\/acao-do-ministerio-do-turismo-leva-festa-junina-do-nordeste-a-buenos-aires-pela-primeira-vez\\\/#breadcrumb\"},\"inLanguage\":\"pt-BR\",\"potentialAction\":[{\"@type\":\"ReadAction\",\"target\":[\"https:\\\/\\\/ellotv.com.br\\\/site\\\/2026\\\/03\\\/17\\\/acao-do-ministerio-do-turismo-leva-festa-junina-do-nordeste-a-buenos-aires-pela-primeira-vez\\\/\"]}]},{\"@type\":\"ImageObject\",\"inLanguage\":\"pt-BR\",\"@id\":\"https:\\\/\\\/ellotv.com.br\\\/site\\\/2026\\\/03\\\/17\\\/acao-do-ministerio-do-turismo-leva-festa-junina-do-nordeste-a-buenos-aires-pela-primeira-vez\\\/#primaryimage\",\"url\":\"https:\\\/\\\/ellotv.com.br\\\/site\\\/wp-content\\\/uploads\\\/2026\\\/03\\\/WhatsApp-Image-2026-03-17-at-15.52.04.jpeg\",\"contentUrl\":\"https:\\\/\\\/ellotv.com.br\\\/site\\\/wp-content\\\/uploads\\\/2026\\\/03\\\/WhatsApp-Image-2026-03-17-at-15.52.04.jpeg\",\"width\":679,\"height\":451},{\"@type\":\"BreadcrumbList\",\"@id\":\"https:\\\/\\\/ellotv.com.br\\\/site\\\/2026\\\/03\\\/17\\\/acao-do-ministerio-do-turismo-leva-festa-junina-do-nordeste-a-buenos-aires-pela-primeira-vez\\\/#breadcrumb\",\"itemListElement\":[{\"@type\":\"ListItem\",\"position\":1,\"name\":\"In\u00edcio\",\"item\":\"https:\\\/\\\/ellotv.com.br\\\/site\\\/\"},{\"@type\":\"ListItem\",\"position\":2,\"name\":\"A\u00e7\u00e3o do Minist\u00e9rio do Turismo leva festa junina do Nordeste a Buenos Aires pela primeira vez\"}]},{\"@type\":\"WebSite\",\"@id\":\"https:\\\/\\\/ellotv.com.br\\\/site\\\/#website\",\"url\":\"https:\\\/\\\/ellotv.com.br\\\/site\\\/\",\"name\":\"ELLO TV\",\"description\":\"\",\"publisher\":{\"@id\":\"https:\\\/\\\/ellotv.com.br\\\/site\\\/#organization\"},\"potentialAction\":[{\"@type\":\"SearchAction\",\"target\":{\"@type\":\"EntryPoint\",\"urlTemplate\":\"https:\\\/\\\/ellotv.com.br\\\/site\\\/?s={search_term_string}\"},\"query-input\":{\"@type\":\"PropertyValueSpecification\",\"valueRequired\":true,\"valueName\":\"search_term_string\"}}],\"inLanguage\":\"pt-BR\"},{\"@type\":\"Organization\",\"@id\":\"https:\\\/\\\/ellotv.com.br\\\/site\\\/#organization\",\"name\":\"ELLO TV\",\"url\":\"https:\\\/\\\/ellotv.com.br\\\/site\\\/\",\"logo\":{\"@type\":\"ImageObject\",\"inLanguage\":\"pt-BR\",\"@id\":\"https:\\\/\\\/ellotv.com.br\\\/site\\\/#\\\/schema\\\/logo\\\/image\\\/\",\"url\":\"https:\\\/\\\/ellotv.com.br\\\/site\\\/wp-content\\\/uploads\\\/2025\\\/11\\\/ello-logo-2.fw_.png\",\"contentUrl\":\"https:\\\/\\\/ellotv.com.br\\\/site\\\/wp-content\\\/uploads\\\/2025\\\/11\\\/ello-logo-2.fw_.png\",\"width\":400,\"height\":146,\"caption\":\"ELLO TV\"},\"image\":{\"@id\":\"https:\\\/\\\/ellotv.com.br\\\/site\\\/#\\\/schema\\\/logo\\\/image\\\/\"}},{\"@type\":\"Person\",\"@id\":\"https:\\\/\\\/ellotv.com.br\\\/site\\\/#\\\/schema\\\/person\\\/2dbe3abaee38dcc7332fc8205cd2b15d\",\"name\":\"ELLO TV\",\"image\":{\"@type\":\"ImageObject\",\"inLanguage\":\"pt-BR\",\"@id\":\"https:\\\/\\\/secure.gravatar.com\\\/avatar\\\/c38242b9da8ec217ac3f0aaee31a54f7d7befb11b2b47fdbc8fb0fad60afa1c6?s=96&d=mm&r=g\",\"url\":\"https:\\\/\\\/secure.gravatar.com\\\/avatar\\\/c38242b9da8ec217ac3f0aaee31a54f7d7befb11b2b47fdbc8fb0fad60afa1c6?s=96&d=mm&r=g\",\"contentUrl\":\"https:\\\/\\\/secure.gravatar.com\\\/avatar\\\/c38242b9da8ec217ac3f0aaee31a54f7d7befb11b2b47fdbc8fb0fad60afa1c6?s=96&d=mm&r=g\",\"caption\":\"ELLO TV\"},\"url\":\"https:\\\/\\\/ellotv.com.br\\\/site\\\/author\\\/elloagencia\\\/\"}]}<\/script>\n<!-- \/ Yoast SEO plugin. -->","yoast_head_json":{"title":"A\u00e7\u00e3o do Minist\u00e9rio do Turismo leva festa junina do Nordeste a Buenos Aires pela primeira vez - Ello TV","description":"Festa junina nordestina chega a Buenos Aires para promover o turismo brasileiro e atrair visitantes argentinos para o Nordeste.","robots":{"index":"index","follow":"follow","max-snippet":"max-snippet:-1","max-image-preview":"max-image-preview:large","max-video-preview":"max-video-preview:-1"},"canonical":"https:\/\/ellotv.com.br\/site\/2026\/03\/17\/acao-do-ministerio-do-turismo-leva-festa-junina-do-nordeste-a-buenos-aires-pela-primeira-vez\/","og_locale":"pt_BR","og_type":"article","og_title":"A\u00e7\u00e3o do Minist\u00e9rio do Turismo leva festa junina do Nordeste a Buenos Aires pela primeira vez - Ello TV","og_description":"Festa junina nordestina chega a Buenos Aires para promover o turismo brasileiro e atrair visitantes argentinos para o Nordeste.","og_url":"https:\/\/ellotv.com.br\/site\/2026\/03\/17\/acao-do-ministerio-do-turismo-leva-festa-junina-do-nordeste-a-buenos-aires-pela-primeira-vez\/","og_site_name":"Ello TV","article_published_time":"2026-03-17T19:06:49+00:00","og_image":[{"width":679,"height":451,"url":"https:\/\/ellotv.com.br\/site\/wp-content\/uploads\/2026\/03\/WhatsApp-Image-2026-03-17-at-15.52.04.jpeg","type":"image\/jpeg"}],"author":"ELLO TV","twitter_card":"summary_large_image","twitter_misc":{"Escrito por":"ELLO TV","Est. tempo de leitura":"1 minuto"},"schema":{"@context":"https:\/\/schema.org","@graph":[{"@type":"Article","@id":"https:\/\/ellotv.com.br\/site\/2026\/03\/17\/acao-do-ministerio-do-turismo-leva-festa-junina-do-nordeste-a-buenos-aires-pela-primeira-vez\/#article","isPartOf":{"@id":"https:\/\/ellotv.com.br\/site\/2026\/03\/17\/acao-do-ministerio-do-turismo-leva-festa-junina-do-nordeste-a-buenos-aires-pela-primeira-vez\/"},"author":{"name":"ELLO TV","@id":"https:\/\/ellotv.com.br\/site\/#\/schema\/person\/2dbe3abaee38dcc7332fc8205cd2b15d"},"headline":"A\u00e7\u00e3o do Minist\u00e9rio do Turismo leva festa junina do Nordeste a Buenos Aires pela primeira vez","datePublished":"2026-03-17T19:06:49+00:00","mainEntityOfPage":{"@id":"https:\/\/ellotv.com.br\/site\/2026\/03\/17\/acao-do-ministerio-do-turismo-leva-festa-junina-do-nordeste-a-buenos-aires-pela-primeira-vez\/"},"wordCount":239,"commentCount":0,"publisher":{"@id":"https:\/\/ellotv.com.br\/site\/#organization"},"image":{"@id":"https:\/\/ellotv.com.br\/site\/2026\/03\/17\/acao-do-ministerio-do-turismo-leva-festa-junina-do-nordeste-a-buenos-aires-pela-primeira-vez\/#primaryimage"},"thumbnailUrl":"https:\/\/ellotv.com.br\/site\/wp-content\/uploads\/2026\/03\/WhatsApp-Image-2026-03-17-at-15.52.04.jpeg","articleSection":["Brasil","Mundo","Noticias","Regional"],"inLanguage":"pt-BR","potentialAction":[{"@type":"CommentAction","name":"Comment","target":["https:\/\/ellotv.com.br\/site\/2026\/03\/17\/acao-do-ministerio-do-turismo-leva-festa-junina-do-nordeste-a-buenos-aires-pela-primeira-vez\/#respond"]}]},{"@type":"WebPage","@id":"https:\/\/ellotv.com.br\/site\/2026\/03\/17\/acao-do-ministerio-do-turismo-leva-festa-junina-do-nordeste-a-buenos-aires-pela-primeira-vez\/","url":"https:\/\/ellotv.com.br\/site\/2026\/03\/17\/acao-do-ministerio-do-turismo-leva-festa-junina-do-nordeste-a-buenos-aires-pela-primeira-vez\/","name":"A\u00e7\u00e3o do Minist\u00e9rio do Turismo leva festa junina do Nordeste a Buenos Aires pela primeira vez - Ello TV","isPartOf":{"@id":"https:\/\/ellotv.com.br\/site\/#website"},"primaryImageOfPage":{"@id":"https:\/\/ellotv.com.br\/site\/2026\/03\/17\/acao-do-ministerio-do-turismo-leva-festa-junina-do-nordeste-a-buenos-aires-pela-primeira-vez\/#primaryimage"},"image":{"@id":"https:\/\/ellotv.com.br\/site\/2026\/03\/17\/acao-do-ministerio-do-turismo-leva-festa-junina-do-nordeste-a-buenos-aires-pela-primeira-vez\/#primaryimage"},"thumbnailUrl":"https:\/\/ellotv.com.br\/site\/wp-content\/uploads\/2026\/03\/WhatsApp-Image-2026-03-17-at-15.52.04.jpeg","datePublished":"2026-03-17T19:06:49+00:00","description":"Festa junina nordestina chega a Buenos Aires para promover o turismo brasileiro e atrair visitantes argentinos para o Nordeste.","breadcrumb":{"@id":"https:\/\/ellotv.com.br\/site\/2026\/03\/17\/acao-do-ministerio-do-turismo-leva-festa-junina-do-nordeste-a-buenos-aires-pela-primeira-vez\/#breadcrumb"},"inLanguage":"pt-BR","potentialAction":[{"@type":"ReadAction","target":["https:\/\/ellotv.com.br\/site\/2026\/03\/17\/acao-do-ministerio-do-turismo-leva-festa-junina-do-nordeste-a-buenos-aires-pela-primeira-vez\/"]}]},{"@type":"ImageObject","inLanguage":"pt-BR","@id":"https:\/\/ellotv.com.br\/site\/2026\/03\/17\/acao-do-ministerio-do-turismo-leva-festa-junina-do-nordeste-a-buenos-aires-pela-primeira-vez\/#primaryimage","url":"https:\/\/ellotv.com.br\/site\/wp-content\/uploads\/2026\/03\/WhatsApp-Image-2026-03-17-at-15.52.04.jpeg","contentUrl":"https:\/\/ellotv.com.br\/site\/wp-content\/uploads\/2026\/03\/WhatsApp-Image-2026-03-17-at-15.52.04.jpeg","width":679,"height":451},{"@type":"BreadcrumbList","@id":"https:\/\/ellotv.com.br\/site\/2026\/03\/17\/acao-do-ministerio-do-turismo-leva-festa-junina-do-nordeste-a-buenos-aires-pela-primeira-vez\/#breadcrumb","itemListElement":[{"@type":"ListItem","position":1,"name":"In\u00edcio","item":"https:\/\/ellotv.com.br\/site\/"},{"@type":"ListItem","position":2,"name":"A\u00e7\u00e3o do Minist\u00e9rio do Turismo leva festa junina do Nordeste a Buenos Aires pela primeira vez"}]},{"@type":"WebSite","@id":"https:\/\/ellotv.com.br\/site\/#website","url":"https:\/\/ellotv.com.br\/site\/","name":"ELLO TV","description":"","publisher":{"@id":"https:\/\/ellotv.com.br\/site\/#organization"},"potentialAction":[{"@type":"SearchAction","target":{"@type":"EntryPoint","urlTemplate":"https:\/\/ellotv.com.br\/site\/?s={search_term_string}"},"query-input":{"@type":"PropertyValueSpecification","valueRequired":true,"valueName":"search_term_string"}}],"inLanguage":"pt-BR"},{"@type":"Organization","@id":"https:\/\/ellotv.com.br\/site\/#organization","name":"ELLO TV","url":"https:\/\/ellotv.com.br\/site\/","logo":{"@type":"ImageObject","inLanguage":"pt-BR","@id":"https:\/\/ellotv.com.br\/site\/#\/schema\/logo\/image\/","url":"https:\/\/ellotv.com.br\/site\/wp-content\/uploads\/2025\/11\/ello-logo-2.fw_.png","contentUrl":"https:\/\/ellotv.com.br\/site\/wp-content\/uploads\/2025\/11\/ello-logo-2.fw_.png","width":400,"height":146,"caption":"ELLO TV"},"image":{"@id":"https:\/\/ellotv.com.br\/site\/#\/schema\/logo\/image\/"}},{"@type":"Person","@id":"https:\/\/ellotv.com.br\/site\/#\/schema\/person\/2dbe3abaee38dcc7332fc8205cd2b15d","name":"ELLO TV","image":{"@type":"ImageObject","inLanguage":"pt-BR","@id":"https:\/\/secure.gravatar.com\/avatar\/c38242b9da8ec217ac3f0aaee31a54f7d7befb11b2b47fdbc8fb0fad60afa1c6?s=96&d=mm&r=g","url":"https:\/\/secure.gravatar.com\/avatar\/c38242b9da8ec217ac3f0aaee31a54f7d7befb11b2b47fdbc8fb0fad60afa1c6?s=96&d=mm&r=g","contentUrl":"https:\/\/secure.gravatar.com\/avatar\/c38242b9da8ec217ac3f0aaee31a54f7d7befb11b2b47fdbc8fb0fad60afa1c6?s=96&d=mm&r=g","caption":"ELLO TV"},"url":"https:\/\/ellotv.com.br\/site\/author\/elloagencia\/"}]}},"featured_image_urls":{"full":["https:\/\/ellotv.com.br\/site\/wp-content\/uploads\/2026\/03\/WhatsApp-Image-2026-03-17-at-15.52.04.jpeg",679,451,false],"thumbnail":["https:\/\/ellotv.com.br\/site\/wp-content\/uploads\/2026\/03\/WhatsApp-Image-2026-03-17-at-15.52.04-150x150.jpeg",150,150,true],"medium":["https:\/\/ellotv.com.br\/site\/wp-content\/uploads\/2026\/03\/WhatsApp-Image-2026-03-17-at-15.52.04-300x199.jpeg",300,199,true],"medium_large":["https:\/\/ellotv.com.br\/site\/wp-content\/uploads\/2026\/03\/WhatsApp-Image-2026-03-17-at-15.52.04.jpeg",640,425,false],"large":["https:\/\/ellotv.com.br\/site\/wp-content\/uploads\/2026\/03\/WhatsApp-Image-2026-03-17-at-15.52.04.jpeg",640,425,false],"1536x1536":["https:\/\/ellotv.com.br\/site\/wp-content\/uploads\/2026\/03\/WhatsApp-Image-2026-03-17-at-15.52.04.jpeg",679,451,false],"2048x2048":["https:\/\/ellotv.com.br\/site\/wp-content\/uploads\/2026\/03\/WhatsApp-Image-2026-03-17-at-15.52.04.jpeg",679,451,false],"darknews-slider-full":["https:\/\/ellotv.com.br\/site\/wp-content\/uploads\/2026\/03\/WhatsApp-Image-2026-03-17-at-15.52.04.jpeg",679,451,false],"darknews-featured":["https:\/\/ellotv.com.br\/site\/wp-content\/uploads\/2026\/03\/WhatsApp-Image-2026-03-17-at-15.52.04.jpeg",679,451,false],"darknews-medium":["https:\/\/ellotv.com.br\/site\/wp-content\/uploads\/2026\/03\/WhatsApp-Image-2026-03-17-at-15.52.04.jpeg",679,451,false],"darknews-medium-square":["https:\/\/ellotv.com.br\/site\/wp-content\/uploads\/2026\/03\/WhatsApp-Image-2026-03-17-at-15.52.04-350x350.jpeg",350,350,true]},"author_info":{"info":["ELLO TV"]},"category_info":"<a href=\"https:\/\/ellotv.com.br\/site\/category\/brasil\/\" rel=\"category tag\">Brasil<\/a> <a href=\"https:\/\/ellotv.com.br\/site\/category\/mundo\/\" rel=\"category tag\">Mundo<\/a> <a href=\"https:\/\/ellotv.com.br\/site\/category\/noticias\/\" rel=\"category tag\">Noticias<\/a> <a href=\"https:\/\/ellotv.com.br\/site\/category\/regional\/\" rel=\"category tag\">Regional<\/a>","tag_info":"Regional","comment_count":"0","_links":{"self":[{"href":"https:\/\/ellotv.com.br\/site\/wp-json\/wp\/v2\/posts\/5248","targetHints":{"allow":["GET"]}}],"collection":[{"href":"https:\/\/ellotv.com.br\/site\/wp-json\/wp\/v2\/posts"}],"about":[{"href":"https:\/\/ellotv.com.br\/site\/wp-json\/wp\/v2\/types\/post"}],"author":[{"embeddable":true,"href":"https:\/\/ellotv.com.br\/site\/wp-json\/wp\/v2\/users\/2"}],"replies":[{"embeddable":true,"href":"https:\/\/ellotv.com.br\/site\/wp-json\/wp\/v2\/comments?post=5248"}],"version-history":[{"count":1,"href":"https:\/\/ellotv.com.br\/site\/wp-json\/wp\/v2\/posts\/5248\/revisions"}],"predecessor-version":[{"id":5250,"href":"https:\/\/ellotv.com.br\/site\/wp-json\/wp\/v2\/posts\/5248\/revisions\/5250"}],"wp:featuredmedia":[{"embeddable":true,"href":"https:\/\/ellotv.com.br\/site\/wp-json\/wp\/v2\/media\/5249"}],"wp:attachment":[{"href":"https:\/\/ellotv.com.br\/site\/wp-json\/wp\/v2\/media?parent=5248"}],"wp:term":[{"taxonomy":"category","embeddable":true,"href":"https:\/\/ellotv.com.br\/site\/wp-json\/wp\/v2\/categories?post=5248"},{"taxonomy":"post_tag","embeddable":true,"href":"https:\/\/ellotv.com.br\/site\/wp-json\/wp\/v2\/tags?post=5248"}],"curies":[{"name":"wp","href":"https:\/\/api.w.org\/{rel}","templated":true}]}}