{"id":5261,"date":"2026-03-18T11:00:34","date_gmt":"2026-03-18T14:00:34","guid":{"rendered":"https:\/\/ellotv.com.br\/site\/?p=5261"},"modified":"2026-03-18T11:02:51","modified_gmt":"2026-03-18T14:02:51","slug":"causos-causas-recebe-maria-medeiros-para-falar-sobre-direito-previdenciario-e-historias-de-superacao","status":"publish","type":"post","link":"https:\/\/ellotv.com.br\/site\/2026\/03\/18\/causos-causas-recebe-maria-medeiros-para-falar-sobre-direito-previdenciario-e-historias-de-superacao\/","title":{"rendered":"Causos &#038; Causas recebe Maria Medeiros para falar sobre Direito previdenci\u00e1rio e hist\u00f3rias de supera\u00e7\u00e3o"},"content":{"rendered":"<p>Tema: Da agricultura ao Direito \u2014 a hist\u00f3ria de uma advogada que luta pelos direitos previdenci\u00e1rios<\/p>\n<p>No <a href=\"https:\/\/www.instagram.com\/causos.causas?igsh=MXAyYTY4OG8yeGp0eg==\">Causos &amp; Causas<\/a>, recebemos <a href=\"https:\/\/www.instagram.com\/mariamedeiros.prev?igsh=YWdoMzNuNDBqa2Jq\">Maria Medeiros<\/a>, advogada previdenciarista com 10 anos de atua\u00e7\u00e3o em benef\u00edcios do INSS \u2014 e uma hist\u00f3ria de vida que come\u00e7a bem antes da advocacia.<\/p>\n<p>Filha da ro\u00e7a, ex-agricultora e nascida em fam\u00edlia simples do interior, Maria faz quest\u00e3o de honrar suas ra\u00edzes. Hoje, transforma essa viv\u00eancia em prop\u00f3sito: usar o Direito para ajudar trabalhadores rurais a resolverem seus problemas junto ao INSS.<\/p>\n<p>\u201cMinha miss\u00e3o \u00e9 dar voz a quem muitas vezes \u00e9 esquecido.\u201d<\/p>\n<p>Assista na quinta-feira (19), ao meio-dia, no canal da <a href=\"https:\/\/www.youtube.com\/@ELLOTVOF\">ELLO TV no YouTube<\/a>.<\/p>\n","protected":false},"excerpt":{"rendered":"<p>Tema: Da agricultura ao Direito \u2014 a hist\u00f3ria de uma advogada que luta pelos direitos previdenci\u00e1rios No Causos<\/p>\n","protected":false},"author":2,"featured_media":5262,"comment_status":"open","ping_status":"open","sticky":false,"template":"","format":"standard","meta":{"footnotes":""},"categories":[1],"tags":[],"class_list":["post-5261","post","type-post","status-publish","format-standard","has-post-thumbnail","hentry","category-ello"],"yoast_head":"<!-- This site is optimized with the Yoast SEO plugin v28.3 - https:\/\/yoast.com\/product\/yoast-seo-wordpress\/ -->\n<title>Causos &amp; Causas recebe Maria Medeiros para falar sobre Direito previdenci\u00e1rio e hist\u00f3rias de supera\u00e7\u00e3o - Ello TV<\/title>\n<meta name=\"description\" content=\"Causos &amp; Causas recebe a advogada Maria Medeiros, que atua com Direito previdenci\u00e1rio e defende trabalhadores rurais junto ao INSS.\" \/>\n<meta name=\"robots\" content=\"index, follow, max-snippet:-1, max-image-preview:large, max-video-preview:-1\" \/>\n<link rel=\"canonical\" href=\"https:\/\/ellotv.com.br\/site\/2026\/03\/18\/causos-causas-recebe-maria-medeiros-para-falar-sobre-direito-previdenciario-e-historias-de-superacao\/\" \/>\n<meta property=\"og:locale\" content=\"pt_BR\" \/>\n<meta property=\"og:type\" content=\"article\" \/>\n<meta property=\"og:title\" content=\"Causos &amp; Causas recebe Maria Medeiros para falar sobre Direito previdenci\u00e1rio e hist\u00f3rias de supera\u00e7\u00e3o - Ello TV\" \/>\n<meta property=\"og:description\" content=\"Causos &amp; Causas recebe a advogada Maria Medeiros, que atua com Direito previdenci\u00e1rio e defende trabalhadores rurais junto ao INSS.\" \/>\n<meta property=\"og:url\" content=\"https:\/\/ellotv.com.br\/site\/2026\/03\/18\/causos-causas-recebe-maria-medeiros-para-falar-sobre-direito-previdenciario-e-historias-de-superacao\/\" \/>\n<meta property=\"og:site_name\" content=\"Ello TV\" \/>\n<meta property=\"article:published_time\" content=\"2026-03-18T14:00:34+00:00\" \/>\n<meta property=\"article:modified_time\" content=\"2026-03-18T14:02:51+00:00\" \/>\n<meta property=\"og:image\" content=\"https:\/\/ellotv.com.br\/site\/wp-content\/uploads\/2026\/03\/WhatsApp-Image-2026-03-18-at-10.45.53.jpeg\" \/>\n\t<meta property=\"og:image:width\" content=\"1080\" \/>\n\t<meta property=\"og:image:height\" content=\"1350\" \/>\n\t<meta property=\"og:image:type\" content=\"image\/jpeg\" \/>\n<meta name=\"author\" content=\"ELLO TV\" \/>\n<meta name=\"twitter:card\" content=\"summary_large_image\" \/>\n<meta name=\"twitter:label1\" content=\"Escrito por\" \/>\n\t<meta name=\"twitter:data1\" content=\"ELLO TV\" \/>\n\t<meta name=\"twitter:label2\" content=\"Est. tempo de leitura\" \/>\n\t<meta name=\"twitter:data2\" content=\"1 minuto\" \/>\n<script type=\"application\/ld+json\" class=\"yoast-schema-graph\">{\"@context\":\"https:\\\/\\\/schema.org\",\"@graph\":[{\"@type\":\"Article\",\"@id\":\"https:\\\/\\\/ellotv.com.br\\\/site\\\/2026\\\/03\\\/18\\\/causos-causas-recebe-maria-medeiros-para-falar-sobre-direito-previdenciario-e-historias-de-superacao\\\/#article\",\"isPartOf\":{\"@id\":\"https:\\\/\\\/ellotv.com.br\\\/site\\\/2026\\\/03\\\/18\\\/causos-causas-recebe-maria-medeiros-para-falar-sobre-direito-previdenciario-e-historias-de-superacao\\\/\"},\"author\":{\"name\":\"ELLO TV\",\"@id\":\"https:\\\/\\\/ellotv.com.br\\\/site\\\/#\\\/schema\\\/person\\\/2dbe3abaee38dcc7332fc8205cd2b15d\"},\"headline\":\"Causos &#038; Causas recebe Maria Medeiros para falar sobre Direito previdenci\u00e1rio e hist\u00f3rias de supera\u00e7\u00e3o\",\"datePublished\":\"2026-03-18T14:00:34+00:00\",\"dateModified\":\"2026-03-18T14:02:51+00:00\",\"mainEntityOfPage\":{\"@id\":\"https:\\\/\\\/ellotv.com.br\\\/site\\\/2026\\\/03\\\/18\\\/causos-causas-recebe-maria-medeiros-para-falar-sobre-direito-previdenciario-e-historias-de-superacao\\\/\"},\"wordCount\":132,\"commentCount\":0,\"publisher\":{\"@id\":\"https:\\\/\\\/ellotv.com.br\\\/site\\\/#organization\"},\"image\":{\"@id\":\"https:\\\/\\\/ellotv.com.br\\\/site\\\/2026\\\/03\\\/18\\\/causos-causas-recebe-maria-medeiros-para-falar-sobre-direito-previdenciario-e-historias-de-superacao\\\/#primaryimage\"},\"thumbnailUrl\":\"https:\\\/\\\/ellotv.com.br\\\/site\\\/wp-content\\\/uploads\\\/2026\\\/03\\\/WhatsApp-Image-2026-03-18-at-10.45.53.jpeg\",\"articleSection\":[\"Ello\"],\"inLanguage\":\"pt-BR\",\"potentialAction\":[{\"@type\":\"CommentAction\",\"name\":\"Comment\",\"target\":[\"https:\\\/\\\/ellotv.com.br\\\/site\\\/2026\\\/03\\\/18\\\/causos-causas-recebe-maria-medeiros-para-falar-sobre-direito-previdenciario-e-historias-de-superacao\\\/#respond\"]}]},{\"@type\":\"WebPage\",\"@id\":\"https:\\\/\\\/ellotv.com.br\\\/site\\\/2026\\\/03\\\/18\\\/causos-causas-recebe-maria-medeiros-para-falar-sobre-direito-previdenciario-e-historias-de-superacao\\\/\",\"url\":\"https:\\\/\\\/ellotv.com.br\\\/site\\\/2026\\\/03\\\/18\\\/causos-causas-recebe-maria-medeiros-para-falar-sobre-direito-previdenciario-e-historias-de-superacao\\\/\",\"name\":\"Causos & Causas recebe Maria Medeiros para falar sobre Direito previdenci\u00e1rio e hist\u00f3rias de supera\u00e7\u00e3o - Ello TV\",\"isPartOf\":{\"@id\":\"https:\\\/\\\/ellotv.com.br\\\/site\\\/#website\"},\"primaryImageOfPage\":{\"@id\":\"https:\\\/\\\/ellotv.com.br\\\/site\\\/2026\\\/03\\\/18\\\/causos-causas-recebe-maria-medeiros-para-falar-sobre-direito-previdenciario-e-historias-de-superacao\\\/#primaryimage\"},\"image\":{\"@id\":\"https:\\\/\\\/ellotv.com.br\\\/site\\\/2026\\\/03\\\/18\\\/causos-causas-recebe-maria-medeiros-para-falar-sobre-direito-previdenciario-e-historias-de-superacao\\\/#primaryimage\"},\"thumbnailUrl\":\"https:\\\/\\\/ellotv.com.br\\\/site\\\/wp-content\\\/uploads\\\/2026\\\/03\\\/WhatsApp-Image-2026-03-18-at-10.45.53.jpeg\",\"datePublished\":\"2026-03-18T14:00:34+00:00\",\"dateModified\":\"2026-03-18T14:02:51+00:00\",\"description\":\"Causos & Causas recebe a advogada Maria Medeiros, que atua com Direito previdenci\u00e1rio e defende trabalhadores rurais junto ao INSS.\",\"breadcrumb\":{\"@id\":\"https:\\\/\\\/ellotv.com.br\\\/site\\\/2026\\\/03\\\/18\\\/causos-causas-recebe-maria-medeiros-para-falar-sobre-direito-previdenciario-e-historias-de-superacao\\\/#breadcrumb\"},\"inLanguage\":\"pt-BR\",\"potentialAction\":[{\"@type\":\"ReadAction\",\"target\":[\"https:\\\/\\\/ellotv.com.br\\\/site\\\/2026\\\/03\\\/18\\\/causos-causas-recebe-maria-medeiros-para-falar-sobre-direito-previdenciario-e-historias-de-superacao\\\/\"]}]},{\"@type\":\"ImageObject\",\"inLanguage\":\"pt-BR\",\"@id\":\"https:\\\/\\\/ellotv.com.br\\\/site\\\/2026\\\/03\\\/18\\\/causos-causas-recebe-maria-medeiros-para-falar-sobre-direito-previdenciario-e-historias-de-superacao\\\/#primaryimage\",\"url\":\"https:\\\/\\\/ellotv.com.br\\\/site\\\/wp-content\\\/uploads\\\/2026\\\/03\\\/WhatsApp-Image-2026-03-18-at-10.45.53.jpeg\",\"contentUrl\":\"https:\\\/\\\/ellotv.com.br\\\/site\\\/wp-content\\\/uploads\\\/2026\\\/03\\\/WhatsApp-Image-2026-03-18-at-10.45.53.jpeg\",\"width\":1080,\"height\":1350},{\"@type\":\"BreadcrumbList\",\"@id\":\"https:\\\/\\\/ellotv.com.br\\\/site\\\/2026\\\/03\\\/18\\\/causos-causas-recebe-maria-medeiros-para-falar-sobre-direito-previdenciario-e-historias-de-superacao\\\/#breadcrumb\",\"itemListElement\":[{\"@type\":\"ListItem\",\"position\":1,\"name\":\"In\u00edcio\",\"item\":\"https:\\\/\\\/ellotv.com.br\\\/site\\\/\"},{\"@type\":\"ListItem\",\"position\":2,\"name\":\"Causos &#038; Causas recebe Maria Medeiros para falar sobre Direito previdenci\u00e1rio e hist\u00f3rias de supera\u00e7\u00e3o\"}]},{\"@type\":\"WebSite\",\"@id\":\"https:\\\/\\\/ellotv.com.br\\\/site\\\/#website\",\"url\":\"https:\\\/\\\/ellotv.com.br\\\/site\\\/\",\"name\":\"ELLO TV\",\"description\":\"\",\"publisher\":{\"@id\":\"https:\\\/\\\/ellotv.com.br\\\/site\\\/#organization\"},\"potentialAction\":[{\"@type\":\"SearchAction\",\"target\":{\"@type\":\"EntryPoint\",\"urlTemplate\":\"https:\\\/\\\/ellotv.com.br\\\/site\\\/?s={search_term_string}\"},\"query-input\":{\"@type\":\"PropertyValueSpecification\",\"valueRequired\":true,\"valueName\":\"search_term_string\"}}],\"inLanguage\":\"pt-BR\"},{\"@type\":\"Organization\",\"@id\":\"https:\\\/\\\/ellotv.com.br\\\/site\\\/#organization\",\"name\":\"ELLO TV\",\"url\":\"https:\\\/\\\/ellotv.com.br\\\/site\\\/\",\"logo\":{\"@type\":\"ImageObject\",\"inLanguage\":\"pt-BR\",\"@id\":\"https:\\\/\\\/ellotv.com.br\\\/site\\\/#\\\/schema\\\/logo\\\/image\\\/\",\"url\":\"https:\\\/\\\/ellotv.com.br\\\/site\\\/wp-content\\\/uploads\\\/2025\\\/11\\\/ello-logo-2.fw_.png\",\"contentUrl\":\"https:\\\/\\\/ellotv.com.br\\\/site\\\/wp-content\\\/uploads\\\/2025\\\/11\\\/ello-logo-2.fw_.png\",\"width\":400,\"height\":146,\"caption\":\"ELLO TV\"},\"image\":{\"@id\":\"https:\\\/\\\/ellotv.com.br\\\/site\\\/#\\\/schema\\\/logo\\\/image\\\/\"}},{\"@type\":\"Person\",\"@id\":\"https:\\\/\\\/ellotv.com.br\\\/site\\\/#\\\/schema\\\/person\\\/2dbe3abaee38dcc7332fc8205cd2b15d\",\"name\":\"ELLO TV\",\"image\":{\"@type\":\"ImageObject\",\"inLanguage\":\"pt-BR\",\"@id\":\"https:\\\/\\\/secure.gravatar.com\\\/avatar\\\/c38242b9da8ec217ac3f0aaee31a54f7d7befb11b2b47fdbc8fb0fad60afa1c6?s=96&d=mm&r=g\",\"url\":\"https:\\\/\\\/secure.gravatar.com\\\/avatar\\\/c38242b9da8ec217ac3f0aaee31a54f7d7befb11b2b47fdbc8fb0fad60afa1c6?s=96&d=mm&r=g\",\"contentUrl\":\"https:\\\/\\\/secure.gravatar.com\\\/avatar\\\/c38242b9da8ec217ac3f0aaee31a54f7d7befb11b2b47fdbc8fb0fad60afa1c6?s=96&d=mm&r=g\",\"caption\":\"ELLO TV\"},\"url\":\"https:\\\/\\\/ellotv.com.br\\\/site\\\/author\\\/elloagencia\\\/\"}]}<\/script>\n<!-- \/ Yoast SEO plugin. -->","yoast_head_json":{"title":"Causos & Causas recebe Maria Medeiros para falar sobre Direito previdenci\u00e1rio e hist\u00f3rias de supera\u00e7\u00e3o - Ello TV","description":"Causos & Causas recebe a advogada Maria Medeiros, que atua com Direito previdenci\u00e1rio e defende trabalhadores rurais junto ao INSS.","robots":{"index":"index","follow":"follow","max-snippet":"max-snippet:-1","max-image-preview":"max-image-preview:large","max-video-preview":"max-video-preview:-1"},"canonical":"https:\/\/ellotv.com.br\/site\/2026\/03\/18\/causos-causas-recebe-maria-medeiros-para-falar-sobre-direito-previdenciario-e-historias-de-superacao\/","og_locale":"pt_BR","og_type":"article","og_title":"Causos & Causas recebe Maria Medeiros para falar sobre Direito previdenci\u00e1rio e hist\u00f3rias de supera\u00e7\u00e3o - Ello TV","og_description":"Causos & Causas recebe a advogada Maria Medeiros, que atua com Direito previdenci\u00e1rio e defende trabalhadores rurais junto ao INSS.","og_url":"https:\/\/ellotv.com.br\/site\/2026\/03\/18\/causos-causas-recebe-maria-medeiros-para-falar-sobre-direito-previdenciario-e-historias-de-superacao\/","og_site_name":"Ello TV","article_published_time":"2026-03-18T14:00:34+00:00","article_modified_time":"2026-03-18T14:02:51+00:00","og_image":[{"width":1080,"height":1350,"url":"https:\/\/ellotv.com.br\/site\/wp-content\/uploads\/2026\/03\/WhatsApp-Image-2026-03-18-at-10.45.53.jpeg","type":"image\/jpeg"}],"author":"ELLO TV","twitter_card":"summary_large_image","twitter_misc":{"Escrito por":"ELLO TV","Est. tempo de leitura":"1 minuto"},"schema":{"@context":"https:\/\/schema.org","@graph":[{"@type":"Article","@id":"https:\/\/ellotv.com.br\/site\/2026\/03\/18\/causos-causas-recebe-maria-medeiros-para-falar-sobre-direito-previdenciario-e-historias-de-superacao\/#article","isPartOf":{"@id":"https:\/\/ellotv.com.br\/site\/2026\/03\/18\/causos-causas-recebe-maria-medeiros-para-falar-sobre-direito-previdenciario-e-historias-de-superacao\/"},"author":{"name":"ELLO TV","@id":"https:\/\/ellotv.com.br\/site\/#\/schema\/person\/2dbe3abaee38dcc7332fc8205cd2b15d"},"headline":"Causos &#038; Causas recebe Maria Medeiros para falar sobre Direito previdenci\u00e1rio e hist\u00f3rias de supera\u00e7\u00e3o","datePublished":"2026-03-18T14:00:34+00:00","dateModified":"2026-03-18T14:02:51+00:00","mainEntityOfPage":{"@id":"https:\/\/ellotv.com.br\/site\/2026\/03\/18\/causos-causas-recebe-maria-medeiros-para-falar-sobre-direito-previdenciario-e-historias-de-superacao\/"},"wordCount":132,"commentCount":0,"publisher":{"@id":"https:\/\/ellotv.com.br\/site\/#organization"},"image":{"@id":"https:\/\/ellotv.com.br\/site\/2026\/03\/18\/causos-causas-recebe-maria-medeiros-para-falar-sobre-direito-previdenciario-e-historias-de-superacao\/#primaryimage"},"thumbnailUrl":"https:\/\/ellotv.com.br\/site\/wp-content\/uploads\/2026\/03\/WhatsApp-Image-2026-03-18-at-10.45.53.jpeg","articleSection":["Ello"],"inLanguage":"pt-BR","potentialAction":[{"@type":"CommentAction","name":"Comment","target":["https:\/\/ellotv.com.br\/site\/2026\/03\/18\/causos-causas-recebe-maria-medeiros-para-falar-sobre-direito-previdenciario-e-historias-de-superacao\/#respond"]}]},{"@type":"WebPage","@id":"https:\/\/ellotv.com.br\/site\/2026\/03\/18\/causos-causas-recebe-maria-medeiros-para-falar-sobre-direito-previdenciario-e-historias-de-superacao\/","url":"https:\/\/ellotv.com.br\/site\/2026\/03\/18\/causos-causas-recebe-maria-medeiros-para-falar-sobre-direito-previdenciario-e-historias-de-superacao\/","name":"Causos & Causas recebe Maria Medeiros para falar sobre Direito previdenci\u00e1rio e hist\u00f3rias de supera\u00e7\u00e3o - Ello TV","isPartOf":{"@id":"https:\/\/ellotv.com.br\/site\/#website"},"primaryImageOfPage":{"@id":"https:\/\/ellotv.com.br\/site\/2026\/03\/18\/causos-causas-recebe-maria-medeiros-para-falar-sobre-direito-previdenciario-e-historias-de-superacao\/#primaryimage"},"image":{"@id":"https:\/\/ellotv.com.br\/site\/2026\/03\/18\/causos-causas-recebe-maria-medeiros-para-falar-sobre-direito-previdenciario-e-historias-de-superacao\/#primaryimage"},"thumbnailUrl":"https:\/\/ellotv.com.br\/site\/wp-content\/uploads\/2026\/03\/WhatsApp-Image-2026-03-18-at-10.45.53.jpeg","datePublished":"2026-03-18T14:00:34+00:00","dateModified":"2026-03-18T14:02:51+00:00","description":"Causos & Causas recebe a advogada Maria Medeiros, que atua com Direito previdenci\u00e1rio e defende trabalhadores rurais junto ao INSS.","breadcrumb":{"@id":"https:\/\/ellotv.com.br\/site\/2026\/03\/18\/causos-causas-recebe-maria-medeiros-para-falar-sobre-direito-previdenciario-e-historias-de-superacao\/#breadcrumb"},"inLanguage":"pt-BR","potentialAction":[{"@type":"ReadAction","target":["https:\/\/ellotv.com.br\/site\/2026\/03\/18\/causos-causas-recebe-maria-medeiros-para-falar-sobre-direito-previdenciario-e-historias-de-superacao\/"]}]},{"@type":"ImageObject","inLanguage":"pt-BR","@id":"https:\/\/ellotv.com.br\/site\/2026\/03\/18\/causos-causas-recebe-maria-medeiros-para-falar-sobre-direito-previdenciario-e-historias-de-superacao\/#primaryimage","url":"https:\/\/ellotv.com.br\/site\/wp-content\/uploads\/2026\/03\/WhatsApp-Image-2026-03-18-at-10.45.53.jpeg","contentUrl":"https:\/\/ellotv.com.br\/site\/wp-content\/uploads\/2026\/03\/WhatsApp-Image-2026-03-18-at-10.45.53.jpeg","width":1080,"height":1350},{"@type":"BreadcrumbList","@id":"https:\/\/ellotv.com.br\/site\/2026\/03\/18\/causos-causas-recebe-maria-medeiros-para-falar-sobre-direito-previdenciario-e-historias-de-superacao\/#breadcrumb","itemListElement":[{"@type":"ListItem","position":1,"name":"In\u00edcio","item":"https:\/\/ellotv.com.br\/site\/"},{"@type":"ListItem","position":2,"name":"Causos &#038; Causas recebe Maria Medeiros para falar sobre Direito previdenci\u00e1rio e hist\u00f3rias de supera\u00e7\u00e3o"}]},{"@type":"WebSite","@id":"https:\/\/ellotv.com.br\/site\/#website","url":"https:\/\/ellotv.com.br\/site\/","name":"ELLO TV","description":"","publisher":{"@id":"https:\/\/ellotv.com.br\/site\/#organization"},"potentialAction":[{"@type":"SearchAction","target":{"@type":"EntryPoint","urlTemplate":"https:\/\/ellotv.com.br\/site\/?s={search_term_string}"},"query-input":{"@type":"PropertyValueSpecification","valueRequired":true,"valueName":"search_term_string"}}],"inLanguage":"pt-BR"},{"@type":"Organization","@id":"https:\/\/ellotv.com.br\/site\/#organization","name":"ELLO TV","url":"https:\/\/ellotv.com.br\/site\/","logo":{"@type":"ImageObject","inLanguage":"pt-BR","@id":"https:\/\/ellotv.com.br\/site\/#\/schema\/logo\/image\/","url":"https:\/\/ellotv.com.br\/site\/wp-content\/uploads\/2025\/11\/ello-logo-2.fw_.png","contentUrl":"https:\/\/ellotv.com.br\/site\/wp-content\/uploads\/2025\/11\/ello-logo-2.fw_.png","width":400,"height":146,"caption":"ELLO TV"},"image":{"@id":"https:\/\/ellotv.com.br\/site\/#\/schema\/logo\/image\/"}},{"@type":"Person","@id":"https:\/\/ellotv.com.br\/site\/#\/schema\/person\/2dbe3abaee38dcc7332fc8205cd2b15d","name":"ELLO TV","image":{"@type":"ImageObject","inLanguage":"pt-BR","@id":"https:\/\/secure.gravatar.com\/avatar\/c38242b9da8ec217ac3f0aaee31a54f7d7befb11b2b47fdbc8fb0fad60afa1c6?s=96&d=mm&r=g","url":"https:\/\/secure.gravatar.com\/avatar\/c38242b9da8ec217ac3f0aaee31a54f7d7befb11b2b47fdbc8fb0fad60afa1c6?s=96&d=mm&r=g","contentUrl":"https:\/\/secure.gravatar.com\/avatar\/c38242b9da8ec217ac3f0aaee31a54f7d7befb11b2b47fdbc8fb0fad60afa1c6?s=96&d=mm&r=g","caption":"ELLO TV"},"url":"https:\/\/ellotv.com.br\/site\/author\/elloagencia\/"}]}},"featured_image_urls":{"full":["https:\/\/ellotv.com.br\/site\/wp-content\/uploads\/2026\/03\/WhatsApp-Image-2026-03-18-at-10.45.53.jpeg",1080,1350,false],"thumbnail":["https:\/\/ellotv.com.br\/site\/wp-content\/uploads\/2026\/03\/WhatsApp-Image-2026-03-18-at-10.45.53-150x150.jpeg",150,150,true],"medium":["https:\/\/ellotv.com.br\/site\/wp-content\/uploads\/2026\/03\/WhatsApp-Image-2026-03-18-at-10.45.53-240x300.jpeg",240,300,true],"medium_large":["https:\/\/ellotv.com.br\/site\/wp-content\/uploads\/2026\/03\/WhatsApp-Image-2026-03-18-at-10.45.53-768x960.jpeg",640,800,true],"large":["https:\/\/ellotv.com.br\/site\/wp-content\/uploads\/2026\/03\/WhatsApp-Image-2026-03-18-at-10.45.53-819x1024.jpeg",640,800,true],"1536x1536":["https:\/\/ellotv.com.br\/site\/wp-content\/uploads\/2026\/03\/WhatsApp-Image-2026-03-18-at-10.45.53.jpeg",1080,1350,false],"2048x2048":["https:\/\/ellotv.com.br\/site\/wp-content\/uploads\/2026\/03\/WhatsApp-Image-2026-03-18-at-10.45.53.jpeg",1080,1350,false],"darknews-slider-full":["https:\/\/ellotv.com.br\/site\/wp-content\/uploads\/2026\/03\/WhatsApp-Image-2026-03-18-at-10.45.53-1080x720.jpeg",1080,720,true],"darknews-featured":["https:\/\/ellotv.com.br\/site\/wp-content\/uploads\/2026\/03\/WhatsApp-Image-2026-03-18-at-10.45.53-1024x1280.jpeg",1024,1280,true],"darknews-medium":["https:\/\/ellotv.com.br\/site\/wp-content\/uploads\/2026\/03\/WhatsApp-Image-2026-03-18-at-10.45.53-720x530.jpeg",720,530,true],"darknews-medium-square":["https:\/\/ellotv.com.br\/site\/wp-content\/uploads\/2026\/03\/WhatsApp-Image-2026-03-18-at-10.45.53-350x350.jpeg",350,350,true]},"author_info":{"info":["ELLO TV"]},"category_info":"<a href=\"https:\/\/ellotv.com.br\/site\/category\/ello\/\" rel=\"category tag\">Ello<\/a>","tag_info":"Ello","comment_count":"0","_links":{"self":[{"href":"https:\/\/ellotv.com.br\/site\/wp-json\/wp\/v2\/posts\/5261","targetHints":{"allow":["GET"]}}],"collection":[{"href":"https:\/\/ellotv.com.br\/site\/wp-json\/wp\/v2\/posts"}],"about":[{"href":"https:\/\/ellotv.com.br\/site\/wp-json\/wp\/v2\/types\/post"}],"author":[{"embeddable":true,"href":"https:\/\/ellotv.com.br\/site\/wp-json\/wp\/v2\/users\/2"}],"replies":[{"embeddable":true,"href":"https:\/\/ellotv.com.br\/site\/wp-json\/wp\/v2\/comments?post=5261"}],"version-history":[{"count":2,"href":"https:\/\/ellotv.com.br\/site\/wp-json\/wp\/v2\/posts\/5261\/revisions"}],"predecessor-version":[{"id":5264,"href":"https:\/\/ellotv.com.br\/site\/wp-json\/wp\/v2\/posts\/5261\/revisions\/5264"}],"wp:featuredmedia":[{"embeddable":true,"href":"https:\/\/ellotv.com.br\/site\/wp-json\/wp\/v2\/media\/5262"}],"wp:attachment":[{"href":"https:\/\/ellotv.com.br\/site\/wp-json\/wp\/v2\/media?parent=5261"}],"wp:term":[{"taxonomy":"category","embeddable":true,"href":"https:\/\/ellotv.com.br\/site\/wp-json\/wp\/v2\/categories?post=5261"},{"taxonomy":"post_tag","embeddable":true,"href":"https:\/\/ellotv.com.br\/site\/wp-json\/wp\/v2\/tags?post=5261"}],"curies":[{"name":"wp","href":"https:\/\/api.w.org\/{rel}","templated":true}]}}