{"id":5268,"date":"2026-03-18T11:14:02","date_gmt":"2026-03-18T14:14:02","guid":{"rendered":"https:\/\/ellotv.com.br\/site\/?p=5268"},"modified":"2026-03-18T11:14:02","modified_gmt":"2026-03-18T14:14:02","slug":"artistas-com-caches-acima-de-r-350-mil-devem-ficar-fora-de-eventos-municipais-em-pernambuco","status":"publish","type":"post","link":"https:\/\/ellotv.com.br\/site\/2026\/03\/18\/artistas-com-caches-acima-de-r-350-mil-devem-ficar-fora-de-eventos-municipais-em-pernambuco\/","title":{"rendered":"Artistas com cach\u00eas acima de R$ 350 mil devem ficar fora de eventos municipais em Pernambuco"},"content":{"rendered":"<p data-start=\"78\" data-end=\"304\">Com a defini\u00e7\u00e3o do teto de R$ 350 mil para cach\u00eas art\u00edsticos por parte da <span class=\"hover:entity-accent entity-underline inline cursor-pointer align-baseline\"><span class=\"whitespace-normal\">Associa\u00e7\u00e3o Municipalista de Pernambuco<\/span><\/span>, diversos nomes de destaque nacional podem ficar fora da programa\u00e7\u00e3o de eventos p\u00fablicos em cidades pernambucanas.<\/p>\n<p data-start=\"306\" data-end=\"689\">Entre os artistas que costumam cobrar valores acima desse limite est\u00e3o <span class=\"hover:entity-accent entity-underline inline cursor-pointer align-baseline\"><span class=\"whitespace-normal\">Jo\u00e3o Gomes<\/span><\/span>, <span class=\"hover:entity-accent entity-underline inline cursor-pointer align-baseline\"><span class=\"whitespace-normal\">Wesley Safad\u00e3o<\/span><\/span>, <span class=\"hover:entity-accent entity-underline inline cursor-pointer align-baseline\"><span class=\"whitespace-normal\">Xand Avi\u00e3o<\/span><\/span>, <span class=\"hover:entity-accent entity-underline inline cursor-pointer align-baseline\"><span class=\"whitespace-normal\">Nathanzinho Lima<\/span><\/span>, <span class=\"hover:entity-accent entity-underline inline cursor-pointer align-baseline\"><span class=\"whitespace-normal\">Nattan<\/span><\/span>, <span class=\"hover:entity-accent entity-underline inline cursor-pointer align-baseline\"><span class=\"whitespace-normal\">Iguinho e Lulinha<\/span><\/span>, <span class=\"hover:entity-accent entity-underline inline cursor-pointer align-baseline\"><span class=\"whitespace-normal\">Seu Desejo<\/span><\/span> e <span class=\"hover:entity-accent entity-underline inline cursor-pointer align-baseline\"><span class=\"whitespace-normal\">Gusttavo Lima<\/span><\/span>.<\/p>\n<p data-start=\"691\" data-end=\"842\">Esses artistas, conhecidos por arrastar multid\u00f5es, possuem cach\u00eas elevados devido \u00e0 alta demanda, \u00e0 estrutura de shows e \u00e0 forte popularidade nacional.<\/p>\n<p data-start=\"844\" data-end=\"1104\">A nova medida busca equilibrar os investimentos p\u00fablicos e incentivar uma programa\u00e7\u00e3o mais diversificada, abrindo espa\u00e7o para artistas regionais e nomes com valores mais acess\u00edveis, sem comprometer a realiza\u00e7\u00e3o de eventos tradicionais como S\u00e3o Jo\u00e3o e Carnaval.<\/p>\n<p data-start=\"1106\" data-end=\"1274\">Mesmo com a limita\u00e7\u00e3o, a expectativa \u00e9 de que os munic\u00edpios mantenham grandes festejos, priorizando responsabilidade fiscal e transpar\u00eancia na contrata\u00e7\u00e3o das atra\u00e7\u00f5es.<\/p>\n<p data-start=\"1106\" data-end=\"1274\"><img fetchpriority=\"high\" decoding=\"async\" class=\"alignnone size-medium wp-image-5272\" src=\"https:\/\/ellotv.com.br\/site\/wp-content\/uploads\/2026\/03\/WhatsApp-Image-2026-03-18-at-10.20.37-300x247.jpeg\" alt=\"\" width=\"300\" height=\"247\" srcset=\"https:\/\/ellotv.com.br\/site\/wp-content\/uploads\/2026\/03\/WhatsApp-Image-2026-03-18-at-10.20.37-300x247.jpeg 300w, https:\/\/ellotv.com.br\/site\/wp-content\/uploads\/2026\/03\/WhatsApp-Image-2026-03-18-at-10.20.37-768x631.jpeg 768w, https:\/\/ellotv.com.br\/site\/wp-content\/uploads\/2026\/03\/WhatsApp-Image-2026-03-18-at-10.20.37.jpeg 984w\" sizes=\"(max-width: 300px) 100vw, 300px\" \/> <img decoding=\"async\" class=\"alignnone size-medium wp-image-5270\" src=\"https:\/\/ellotv.com.br\/site\/wp-content\/uploads\/2026\/03\/WhatsApp-Image-2026-03-18-at-10.20.37-2-300x300.jpeg\" alt=\"\" width=\"300\" height=\"300\" srcset=\"https:\/\/ellotv.com.br\/site\/wp-content\/uploads\/2026\/03\/WhatsApp-Image-2026-03-18-at-10.20.37-2-300x300.jpeg 300w, https:\/\/ellotv.com.br\/site\/wp-content\/uploads\/2026\/03\/WhatsApp-Image-2026-03-18-at-10.20.37-2-1024x1024.jpeg 1024w, https:\/\/ellotv.com.br\/site\/wp-content\/uploads\/2026\/03\/WhatsApp-Image-2026-03-18-at-10.20.37-2-150x150.jpeg 150w, https:\/\/ellotv.com.br\/site\/wp-content\/uploads\/2026\/03\/WhatsApp-Image-2026-03-18-at-10.20.37-2-768x768.jpeg 768w, https:\/\/ellotv.com.br\/site\/wp-content\/uploads\/2026\/03\/WhatsApp-Image-2026-03-18-at-10.20.37-2-350x350.jpeg 350w, https:\/\/ellotv.com.br\/site\/wp-content\/uploads\/2026\/03\/WhatsApp-Image-2026-03-18-at-10.20.37-2.jpeg 1200w\" sizes=\"(max-width: 300px) 100vw, 300px\" \/> <img decoding=\"async\" class=\"alignnone size-medium wp-image-5271\" src=\"https:\/\/ellotv.com.br\/site\/wp-content\/uploads\/2026\/03\/WhatsApp-Image-2026-03-18-at-10.20.37-3-300x300.jpeg\" alt=\"\" width=\"300\" height=\"300\" srcset=\"https:\/\/ellotv.com.br\/site\/wp-content\/uploads\/2026\/03\/WhatsApp-Image-2026-03-18-at-10.20.37-3-300x300.jpeg 300w, https:\/\/ellotv.com.br\/site\/wp-content\/uploads\/2026\/03\/WhatsApp-Image-2026-03-18-at-10.20.37-3-150x150.jpeg 150w, https:\/\/ellotv.com.br\/site\/wp-content\/uploads\/2026\/03\/WhatsApp-Image-2026-03-18-at-10.20.37-3-350x350.jpeg 350w, https:\/\/ellotv.com.br\/site\/wp-content\/uploads\/2026\/03\/WhatsApp-Image-2026-03-18-at-10.20.37-3.jpeg 640w\" sizes=\"(max-width: 300px) 100vw, 300px\" \/> <img loading=\"lazy\" decoding=\"async\" class=\"alignnone size-medium wp-image-5274\" src=\"https:\/\/ellotv.com.br\/site\/wp-content\/uploads\/2026\/03\/WhatsApp-Image-2026-03-18-at-10.20.38-2-300x300.jpeg\" alt=\"\" width=\"300\" height=\"300\" srcset=\"https:\/\/ellotv.com.br\/site\/wp-content\/uploads\/2026\/03\/WhatsApp-Image-2026-03-18-at-10.20.38-2-300x300.jpeg 300w, https:\/\/ellotv.com.br\/site\/wp-content\/uploads\/2026\/03\/WhatsApp-Image-2026-03-18-at-10.20.38-2-150x150.jpeg 150w, https:\/\/ellotv.com.br\/site\/wp-content\/uploads\/2026\/03\/WhatsApp-Image-2026-03-18-at-10.20.38-2-350x350.jpeg 350w, https:\/\/ellotv.com.br\/site\/wp-content\/uploads\/2026\/03\/WhatsApp-Image-2026-03-18-at-10.20.38-2.jpeg 640w\" sizes=\"(max-width: 300px) 100vw, 300px\" \/> <img loading=\"lazy\" decoding=\"async\" class=\"alignnone size-medium wp-image-5276\" src=\"https:\/\/ellotv.com.br\/site\/wp-content\/uploads\/2026\/03\/WhatsApp-Image-2026-03-18-at-10.20.38-225x300.jpeg\" alt=\"\" width=\"225\" height=\"300\" srcset=\"https:\/\/ellotv.com.br\/site\/wp-content\/uploads\/2026\/03\/WhatsApp-Image-2026-03-18-at-10.20.38-225x300.jpeg 225w, https:\/\/ellotv.com.br\/site\/wp-content\/uploads\/2026\/03\/WhatsApp-Image-2026-03-18-at-10.20.38-768x1024.jpeg 768w, https:\/\/ellotv.com.br\/site\/wp-content\/uploads\/2026\/03\/WhatsApp-Image-2026-03-18-at-10.20.38-1152x1536.jpeg 1152w, https:\/\/ellotv.com.br\/site\/wp-content\/uploads\/2026\/03\/WhatsApp-Image-2026-03-18-at-10.20.38-1024x1365.jpeg 1024w, https:\/\/ellotv.com.br\/site\/wp-content\/uploads\/2026\/03\/WhatsApp-Image-2026-03-18-at-10.20.38.jpeg 1200w\" sizes=\"(max-width: 225px) 100vw, 225px\" \/> <img loading=\"lazy\" decoding=\"async\" class=\"alignnone size-medium wp-image-5275\" src=\"https:\/\/ellotv.com.br\/site\/wp-content\/uploads\/2026\/03\/WhatsApp-Image-2026-03-18-at-10.20.38-3-300x200.jpeg\" alt=\"\" width=\"300\" height=\"200\" srcset=\"https:\/\/ellotv.com.br\/site\/wp-content\/uploads\/2026\/03\/WhatsApp-Image-2026-03-18-at-10.20.38-3-300x200.jpeg 300w, https:\/\/ellotv.com.br\/site\/wp-content\/uploads\/2026\/03\/WhatsApp-Image-2026-03-18-at-10.20.38-3-1024x683.jpeg 1024w, https:\/\/ellotv.com.br\/site\/wp-content\/uploads\/2026\/03\/WhatsApp-Image-2026-03-18-at-10.20.38-3-768x512.jpeg 768w, https:\/\/ellotv.com.br\/site\/wp-content\/uploads\/2026\/03\/WhatsApp-Image-2026-03-18-at-10.20.38-3.jpeg 1300w\" sizes=\"(max-width: 300px) 100vw, 300px\" \/> <img loading=\"lazy\" decoding=\"async\" class=\"alignnone size-medium wp-image-5273\" src=\"https:\/\/ellotv.com.br\/site\/wp-content\/uploads\/2026\/03\/WhatsApp-Image-2026-03-18-at-10.20.38-1-200x300.jpeg\" alt=\"\" width=\"200\" height=\"300\" srcset=\"https:\/\/ellotv.com.br\/site\/wp-content\/uploads\/2026\/03\/WhatsApp-Image-2026-03-18-at-10.20.38-1-200x300.jpeg 200w, https:\/\/ellotv.com.br\/site\/wp-content\/uploads\/2026\/03\/WhatsApp-Image-2026-03-18-at-10.20.38-1-682x1024.jpeg 682w, https:\/\/ellotv.com.br\/site\/wp-content\/uploads\/2026\/03\/WhatsApp-Image-2026-03-18-at-10.20.38-1-768x1153.jpeg 768w, https:\/\/ellotv.com.br\/site\/wp-content\/uploads\/2026\/03\/WhatsApp-Image-2026-03-18-at-10.20.38-1-1023x1536.jpeg 1023w, https:\/\/ellotv.com.br\/site\/wp-content\/uploads\/2026\/03\/WhatsApp-Image-2026-03-18-at-10.20.38-1-1024x1537.jpeg 1024w, https:\/\/ellotv.com.br\/site\/wp-content\/uploads\/2026\/03\/WhatsApp-Image-2026-03-18-at-10.20.38-1.jpeg 1066w\" sizes=\"(max-width: 200px) 100vw, 200px\" \/><\/p>\n","protected":false},"excerpt":{"rendered":"<p>Com a defini\u00e7\u00e3o do teto de R$ 350 mil para cach\u00eas art\u00edsticos por parte da Associa\u00e7\u00e3o Municipalista de<\/p>\n","protected":false},"author":2,"featured_media":5269,"comment_status":"open","ping_status":"open","sticky":false,"template":"","format":"standard","meta":{"footnotes":""},"categories":[8,12,9],"tags":[],"class_list":["post-5268","post","type-post","status-publish","format-standard","has-post-thumbnail","hentry","category-brasil","category-noticias","category-regional"],"yoast_head":"<!-- This site is optimized with the Yoast SEO plugin v28.3 - https:\/\/yoast.com\/product\/yoast-seo-wordpress\/ -->\n<title>Artistas com cach\u00eas acima de R$ 350 mil devem ficar fora de eventos municipais em Pernambuco - Ello TV<\/title>\n<meta name=\"description\" content=\"Teto de R$ 350 mil para cach\u00eas em Pernambuco pode limitar grandes artistas em eventos p\u00fablicos e abrir espa\u00e7o para atra\u00e7\u00f5es regionais.\" \/>\n<meta name=\"robots\" content=\"index, follow, max-snippet:-1, max-image-preview:large, max-video-preview:-1\" \/>\n<link rel=\"canonical\" href=\"https:\/\/ellotv.com.br\/site\/2026\/03\/18\/artistas-com-caches-acima-de-r-350-mil-devem-ficar-fora-de-eventos-municipais-em-pernambuco\/\" \/>\n<meta property=\"og:locale\" content=\"pt_BR\" \/>\n<meta property=\"og:type\" content=\"article\" \/>\n<meta property=\"og:title\" content=\"Artistas com cach\u00eas acima de R$ 350 mil devem ficar fora de eventos municipais em Pernambuco - Ello TV\" \/>\n<meta property=\"og:description\" content=\"Teto de R$ 350 mil para cach\u00eas em Pernambuco pode limitar grandes artistas em eventos p\u00fablicos e abrir espa\u00e7o para atra\u00e7\u00f5es regionais.\" \/>\n<meta property=\"og:url\" content=\"https:\/\/ellotv.com.br\/site\/2026\/03\/18\/artistas-com-caches-acima-de-r-350-mil-devem-ficar-fora-de-eventos-municipais-em-pernambuco\/\" \/>\n<meta property=\"og:site_name\" content=\"Ello TV\" \/>\n<meta property=\"article:published_time\" content=\"2026-03-18T14:14:02+00:00\" \/>\n<meta property=\"og:image\" content=\"https:\/\/ellotv.com.br\/site\/wp-content\/uploads\/2026\/03\/WhatsApp-Image-2026-03-18-at-10.20.37-1.jpeg\" \/>\n\t<meta property=\"og:image:width\" content=\"900\" \/>\n\t<meta property=\"og:image:height\" content=\"900\" \/>\n\t<meta property=\"og:image:type\" content=\"image\/jpeg\" \/>\n<meta name=\"author\" content=\"ELLO TV\" \/>\n<meta name=\"twitter:card\" content=\"summary_large_image\" \/>\n<meta name=\"twitter:label1\" content=\"Escrito por\" \/>\n\t<meta name=\"twitter:data1\" content=\"ELLO TV\" \/>\n\t<meta name=\"twitter:label2\" content=\"Est. tempo de leitura\" \/>\n\t<meta name=\"twitter:data2\" content=\"1 minuto\" \/>\n<script type=\"application\/ld+json\" class=\"yoast-schema-graph\">{\"@context\":\"https:\\\/\\\/schema.org\",\"@graph\":[{\"@type\":\"Article\",\"@id\":\"https:\\\/\\\/ellotv.com.br\\\/site\\\/2026\\\/03\\\/18\\\/artistas-com-caches-acima-de-r-350-mil-devem-ficar-fora-de-eventos-municipais-em-pernambuco\\\/#article\",\"isPartOf\":{\"@id\":\"https:\\\/\\\/ellotv.com.br\\\/site\\\/2026\\\/03\\\/18\\\/artistas-com-caches-acima-de-r-350-mil-devem-ficar-fora-de-eventos-municipais-em-pernambuco\\\/\"},\"author\":{\"name\":\"ELLO TV\",\"@id\":\"https:\\\/\\\/ellotv.com.br\\\/site\\\/#\\\/schema\\\/person\\\/2dbe3abaee38dcc7332fc8205cd2b15d\"},\"headline\":\"Artistas com cach\u00eas acima de R$ 350 mil devem ficar fora de eventos municipais em Pernambuco\",\"datePublished\":\"2026-03-18T14:14:02+00:00\",\"mainEntityOfPage\":{\"@id\":\"https:\\\/\\\/ellotv.com.br\\\/site\\\/2026\\\/03\\\/18\\\/artistas-com-caches-acima-de-r-350-mil-devem-ficar-fora-de-eventos-municipais-em-pernambuco\\\/\"},\"wordCount\":180,\"commentCount\":0,\"publisher\":{\"@id\":\"https:\\\/\\\/ellotv.com.br\\\/site\\\/#organization\"},\"image\":{\"@id\":\"https:\\\/\\\/ellotv.com.br\\\/site\\\/2026\\\/03\\\/18\\\/artistas-com-caches-acima-de-r-350-mil-devem-ficar-fora-de-eventos-municipais-em-pernambuco\\\/#primaryimage\"},\"thumbnailUrl\":\"https:\\\/\\\/ellotv.com.br\\\/site\\\/wp-content\\\/uploads\\\/2026\\\/03\\\/WhatsApp-Image-2026-03-18-at-10.20.37-1.jpeg\",\"articleSection\":[\"Brasil\",\"Noticias\",\"Regional\"],\"inLanguage\":\"pt-BR\",\"potentialAction\":[{\"@type\":\"CommentAction\",\"name\":\"Comment\",\"target\":[\"https:\\\/\\\/ellotv.com.br\\\/site\\\/2026\\\/03\\\/18\\\/artistas-com-caches-acima-de-r-350-mil-devem-ficar-fora-de-eventos-municipais-em-pernambuco\\\/#respond\"]}]},{\"@type\":\"WebPage\",\"@id\":\"https:\\\/\\\/ellotv.com.br\\\/site\\\/2026\\\/03\\\/18\\\/artistas-com-caches-acima-de-r-350-mil-devem-ficar-fora-de-eventos-municipais-em-pernambuco\\\/\",\"url\":\"https:\\\/\\\/ellotv.com.br\\\/site\\\/2026\\\/03\\\/18\\\/artistas-com-caches-acima-de-r-350-mil-devem-ficar-fora-de-eventos-municipais-em-pernambuco\\\/\",\"name\":\"Artistas com cach\u00eas acima de R$ 350 mil devem ficar fora de eventos municipais em Pernambuco - Ello TV\",\"isPartOf\":{\"@id\":\"https:\\\/\\\/ellotv.com.br\\\/site\\\/#website\"},\"primaryImageOfPage\":{\"@id\":\"https:\\\/\\\/ellotv.com.br\\\/site\\\/2026\\\/03\\\/18\\\/artistas-com-caches-acima-de-r-350-mil-devem-ficar-fora-de-eventos-municipais-em-pernambuco\\\/#primaryimage\"},\"image\":{\"@id\":\"https:\\\/\\\/ellotv.com.br\\\/site\\\/2026\\\/03\\\/18\\\/artistas-com-caches-acima-de-r-350-mil-devem-ficar-fora-de-eventos-municipais-em-pernambuco\\\/#primaryimage\"},\"thumbnailUrl\":\"https:\\\/\\\/ellotv.com.br\\\/site\\\/wp-content\\\/uploads\\\/2026\\\/03\\\/WhatsApp-Image-2026-03-18-at-10.20.37-1.jpeg\",\"datePublished\":\"2026-03-18T14:14:02+00:00\",\"description\":\"Teto de R$ 350 mil para cach\u00eas em Pernambuco pode limitar grandes artistas em eventos p\u00fablicos e abrir espa\u00e7o para atra\u00e7\u00f5es regionais.\",\"breadcrumb\":{\"@id\":\"https:\\\/\\\/ellotv.com.br\\\/site\\\/2026\\\/03\\\/18\\\/artistas-com-caches-acima-de-r-350-mil-devem-ficar-fora-de-eventos-municipais-em-pernambuco\\\/#breadcrumb\"},\"inLanguage\":\"pt-BR\",\"potentialAction\":[{\"@type\":\"ReadAction\",\"target\":[\"https:\\\/\\\/ellotv.com.br\\\/site\\\/2026\\\/03\\\/18\\\/artistas-com-caches-acima-de-r-350-mil-devem-ficar-fora-de-eventos-municipais-em-pernambuco\\\/\"]}]},{\"@type\":\"ImageObject\",\"inLanguage\":\"pt-BR\",\"@id\":\"https:\\\/\\\/ellotv.com.br\\\/site\\\/2026\\\/03\\\/18\\\/artistas-com-caches-acima-de-r-350-mil-devem-ficar-fora-de-eventos-municipais-em-pernambuco\\\/#primaryimage\",\"url\":\"https:\\\/\\\/ellotv.com.br\\\/site\\\/wp-content\\\/uploads\\\/2026\\\/03\\\/WhatsApp-Image-2026-03-18-at-10.20.37-1.jpeg\",\"contentUrl\":\"https:\\\/\\\/ellotv.com.br\\\/site\\\/wp-content\\\/uploads\\\/2026\\\/03\\\/WhatsApp-Image-2026-03-18-at-10.20.37-1.jpeg\",\"width\":900,\"height\":900},{\"@type\":\"BreadcrumbList\",\"@id\":\"https:\\\/\\\/ellotv.com.br\\\/site\\\/2026\\\/03\\\/18\\\/artistas-com-caches-acima-de-r-350-mil-devem-ficar-fora-de-eventos-municipais-em-pernambuco\\\/#breadcrumb\",\"itemListElement\":[{\"@type\":\"ListItem\",\"position\":1,\"name\":\"In\u00edcio\",\"item\":\"https:\\\/\\\/ellotv.com.br\\\/site\\\/\"},{\"@type\":\"ListItem\",\"position\":2,\"name\":\"Artistas com cach\u00eas acima de R$ 350 mil devem ficar fora de eventos municipais em Pernambuco\"}]},{\"@type\":\"WebSite\",\"@id\":\"https:\\\/\\\/ellotv.com.br\\\/site\\\/#website\",\"url\":\"https:\\\/\\\/ellotv.com.br\\\/site\\\/\",\"name\":\"ELLO TV\",\"description\":\"\",\"publisher\":{\"@id\":\"https:\\\/\\\/ellotv.com.br\\\/site\\\/#organization\"},\"potentialAction\":[{\"@type\":\"SearchAction\",\"target\":{\"@type\":\"EntryPoint\",\"urlTemplate\":\"https:\\\/\\\/ellotv.com.br\\\/site\\\/?s={search_term_string}\"},\"query-input\":{\"@type\":\"PropertyValueSpecification\",\"valueRequired\":true,\"valueName\":\"search_term_string\"}}],\"inLanguage\":\"pt-BR\"},{\"@type\":\"Organization\",\"@id\":\"https:\\\/\\\/ellotv.com.br\\\/site\\\/#organization\",\"name\":\"ELLO TV\",\"url\":\"https:\\\/\\\/ellotv.com.br\\\/site\\\/\",\"logo\":{\"@type\":\"ImageObject\",\"inLanguage\":\"pt-BR\",\"@id\":\"https:\\\/\\\/ellotv.com.br\\\/site\\\/#\\\/schema\\\/logo\\\/image\\\/\",\"url\":\"https:\\\/\\\/ellotv.com.br\\\/site\\\/wp-content\\\/uploads\\\/2025\\\/11\\\/ello-logo-2.fw_.png\",\"contentUrl\":\"https:\\\/\\\/ellotv.com.br\\\/site\\\/wp-content\\\/uploads\\\/2025\\\/11\\\/ello-logo-2.fw_.png\",\"width\":400,\"height\":146,\"caption\":\"ELLO TV\"},\"image\":{\"@id\":\"https:\\\/\\\/ellotv.com.br\\\/site\\\/#\\\/schema\\\/logo\\\/image\\\/\"}},{\"@type\":\"Person\",\"@id\":\"https:\\\/\\\/ellotv.com.br\\\/site\\\/#\\\/schema\\\/person\\\/2dbe3abaee38dcc7332fc8205cd2b15d\",\"name\":\"ELLO TV\",\"image\":{\"@type\":\"ImageObject\",\"inLanguage\":\"pt-BR\",\"@id\":\"https:\\\/\\\/secure.gravatar.com\\\/avatar\\\/c38242b9da8ec217ac3f0aaee31a54f7d7befb11b2b47fdbc8fb0fad60afa1c6?s=96&d=mm&r=g\",\"url\":\"https:\\\/\\\/secure.gravatar.com\\\/avatar\\\/c38242b9da8ec217ac3f0aaee31a54f7d7befb11b2b47fdbc8fb0fad60afa1c6?s=96&d=mm&r=g\",\"contentUrl\":\"https:\\\/\\\/secure.gravatar.com\\\/avatar\\\/c38242b9da8ec217ac3f0aaee31a54f7d7befb11b2b47fdbc8fb0fad60afa1c6?s=96&d=mm&r=g\",\"caption\":\"ELLO TV\"},\"url\":\"https:\\\/\\\/ellotv.com.br\\\/site\\\/author\\\/elloagencia\\\/\"}]}<\/script>\n<!-- \/ Yoast SEO plugin. -->","yoast_head_json":{"title":"Artistas com cach\u00eas acima de R$ 350 mil devem ficar fora de eventos municipais em Pernambuco - Ello TV","description":"Teto de R$ 350 mil para cach\u00eas em Pernambuco pode limitar grandes artistas em eventos p\u00fablicos e abrir espa\u00e7o para atra\u00e7\u00f5es regionais.","robots":{"index":"index","follow":"follow","max-snippet":"max-snippet:-1","max-image-preview":"max-image-preview:large","max-video-preview":"max-video-preview:-1"},"canonical":"https:\/\/ellotv.com.br\/site\/2026\/03\/18\/artistas-com-caches-acima-de-r-350-mil-devem-ficar-fora-de-eventos-municipais-em-pernambuco\/","og_locale":"pt_BR","og_type":"article","og_title":"Artistas com cach\u00eas acima de R$ 350 mil devem ficar fora de eventos municipais em Pernambuco - Ello TV","og_description":"Teto de R$ 350 mil para cach\u00eas em Pernambuco pode limitar grandes artistas em eventos p\u00fablicos e abrir espa\u00e7o para atra\u00e7\u00f5es regionais.","og_url":"https:\/\/ellotv.com.br\/site\/2026\/03\/18\/artistas-com-caches-acima-de-r-350-mil-devem-ficar-fora-de-eventos-municipais-em-pernambuco\/","og_site_name":"Ello TV","article_published_time":"2026-03-18T14:14:02+00:00","og_image":[{"width":900,"height":900,"url":"https:\/\/ellotv.com.br\/site\/wp-content\/uploads\/2026\/03\/WhatsApp-Image-2026-03-18-at-10.20.37-1.jpeg","type":"image\/jpeg"}],"author":"ELLO TV","twitter_card":"summary_large_image","twitter_misc":{"Escrito por":"ELLO TV","Est. tempo de leitura":"1 minuto"},"schema":{"@context":"https:\/\/schema.org","@graph":[{"@type":"Article","@id":"https:\/\/ellotv.com.br\/site\/2026\/03\/18\/artistas-com-caches-acima-de-r-350-mil-devem-ficar-fora-de-eventos-municipais-em-pernambuco\/#article","isPartOf":{"@id":"https:\/\/ellotv.com.br\/site\/2026\/03\/18\/artistas-com-caches-acima-de-r-350-mil-devem-ficar-fora-de-eventos-municipais-em-pernambuco\/"},"author":{"name":"ELLO TV","@id":"https:\/\/ellotv.com.br\/site\/#\/schema\/person\/2dbe3abaee38dcc7332fc8205cd2b15d"},"headline":"Artistas com cach\u00eas acima de R$ 350 mil devem ficar fora de eventos municipais em Pernambuco","datePublished":"2026-03-18T14:14:02+00:00","mainEntityOfPage":{"@id":"https:\/\/ellotv.com.br\/site\/2026\/03\/18\/artistas-com-caches-acima-de-r-350-mil-devem-ficar-fora-de-eventos-municipais-em-pernambuco\/"},"wordCount":180,"commentCount":0,"publisher":{"@id":"https:\/\/ellotv.com.br\/site\/#organization"},"image":{"@id":"https:\/\/ellotv.com.br\/site\/2026\/03\/18\/artistas-com-caches-acima-de-r-350-mil-devem-ficar-fora-de-eventos-municipais-em-pernambuco\/#primaryimage"},"thumbnailUrl":"https:\/\/ellotv.com.br\/site\/wp-content\/uploads\/2026\/03\/WhatsApp-Image-2026-03-18-at-10.20.37-1.jpeg","articleSection":["Brasil","Noticias","Regional"],"inLanguage":"pt-BR","potentialAction":[{"@type":"CommentAction","name":"Comment","target":["https:\/\/ellotv.com.br\/site\/2026\/03\/18\/artistas-com-caches-acima-de-r-350-mil-devem-ficar-fora-de-eventos-municipais-em-pernambuco\/#respond"]}]},{"@type":"WebPage","@id":"https:\/\/ellotv.com.br\/site\/2026\/03\/18\/artistas-com-caches-acima-de-r-350-mil-devem-ficar-fora-de-eventos-municipais-em-pernambuco\/","url":"https:\/\/ellotv.com.br\/site\/2026\/03\/18\/artistas-com-caches-acima-de-r-350-mil-devem-ficar-fora-de-eventos-municipais-em-pernambuco\/","name":"Artistas com cach\u00eas acima de R$ 350 mil devem ficar fora de eventos municipais em Pernambuco - Ello TV","isPartOf":{"@id":"https:\/\/ellotv.com.br\/site\/#website"},"primaryImageOfPage":{"@id":"https:\/\/ellotv.com.br\/site\/2026\/03\/18\/artistas-com-caches-acima-de-r-350-mil-devem-ficar-fora-de-eventos-municipais-em-pernambuco\/#primaryimage"},"image":{"@id":"https:\/\/ellotv.com.br\/site\/2026\/03\/18\/artistas-com-caches-acima-de-r-350-mil-devem-ficar-fora-de-eventos-municipais-em-pernambuco\/#primaryimage"},"thumbnailUrl":"https:\/\/ellotv.com.br\/site\/wp-content\/uploads\/2026\/03\/WhatsApp-Image-2026-03-18-at-10.20.37-1.jpeg","datePublished":"2026-03-18T14:14:02+00:00","description":"Teto de R$ 350 mil para cach\u00eas em Pernambuco pode limitar grandes artistas em eventos p\u00fablicos e abrir espa\u00e7o para atra\u00e7\u00f5es regionais.","breadcrumb":{"@id":"https:\/\/ellotv.com.br\/site\/2026\/03\/18\/artistas-com-caches-acima-de-r-350-mil-devem-ficar-fora-de-eventos-municipais-em-pernambuco\/#breadcrumb"},"inLanguage":"pt-BR","potentialAction":[{"@type":"ReadAction","target":["https:\/\/ellotv.com.br\/site\/2026\/03\/18\/artistas-com-caches-acima-de-r-350-mil-devem-ficar-fora-de-eventos-municipais-em-pernambuco\/"]}]},{"@type":"ImageObject","inLanguage":"pt-BR","@id":"https:\/\/ellotv.com.br\/site\/2026\/03\/18\/artistas-com-caches-acima-de-r-350-mil-devem-ficar-fora-de-eventos-municipais-em-pernambuco\/#primaryimage","url":"https:\/\/ellotv.com.br\/site\/wp-content\/uploads\/2026\/03\/WhatsApp-Image-2026-03-18-at-10.20.37-1.jpeg","contentUrl":"https:\/\/ellotv.com.br\/site\/wp-content\/uploads\/2026\/03\/WhatsApp-Image-2026-03-18-at-10.20.37-1.jpeg","width":900,"height":900},{"@type":"BreadcrumbList","@id":"https:\/\/ellotv.com.br\/site\/2026\/03\/18\/artistas-com-caches-acima-de-r-350-mil-devem-ficar-fora-de-eventos-municipais-em-pernambuco\/#breadcrumb","itemListElement":[{"@type":"ListItem","position":1,"name":"In\u00edcio","item":"https:\/\/ellotv.com.br\/site\/"},{"@type":"ListItem","position":2,"name":"Artistas com cach\u00eas acima de R$ 350 mil devem ficar fora de eventos municipais em Pernambuco"}]},{"@type":"WebSite","@id":"https:\/\/ellotv.com.br\/site\/#website","url":"https:\/\/ellotv.com.br\/site\/","name":"ELLO TV","description":"","publisher":{"@id":"https:\/\/ellotv.com.br\/site\/#organization"},"potentialAction":[{"@type":"SearchAction","target":{"@type":"EntryPoint","urlTemplate":"https:\/\/ellotv.com.br\/site\/?s={search_term_string}"},"query-input":{"@type":"PropertyValueSpecification","valueRequired":true,"valueName":"search_term_string"}}],"inLanguage":"pt-BR"},{"@type":"Organization","@id":"https:\/\/ellotv.com.br\/site\/#organization","name":"ELLO TV","url":"https:\/\/ellotv.com.br\/site\/","logo":{"@type":"ImageObject","inLanguage":"pt-BR","@id":"https:\/\/ellotv.com.br\/site\/#\/schema\/logo\/image\/","url":"https:\/\/ellotv.com.br\/site\/wp-content\/uploads\/2025\/11\/ello-logo-2.fw_.png","contentUrl":"https:\/\/ellotv.com.br\/site\/wp-content\/uploads\/2025\/11\/ello-logo-2.fw_.png","width":400,"height":146,"caption":"ELLO TV"},"image":{"@id":"https:\/\/ellotv.com.br\/site\/#\/schema\/logo\/image\/"}},{"@type":"Person","@id":"https:\/\/ellotv.com.br\/site\/#\/schema\/person\/2dbe3abaee38dcc7332fc8205cd2b15d","name":"ELLO TV","image":{"@type":"ImageObject","inLanguage":"pt-BR","@id":"https:\/\/secure.gravatar.com\/avatar\/c38242b9da8ec217ac3f0aaee31a54f7d7befb11b2b47fdbc8fb0fad60afa1c6?s=96&d=mm&r=g","url":"https:\/\/secure.gravatar.com\/avatar\/c38242b9da8ec217ac3f0aaee31a54f7d7befb11b2b47fdbc8fb0fad60afa1c6?s=96&d=mm&r=g","contentUrl":"https:\/\/secure.gravatar.com\/avatar\/c38242b9da8ec217ac3f0aaee31a54f7d7befb11b2b47fdbc8fb0fad60afa1c6?s=96&d=mm&r=g","caption":"ELLO TV"},"url":"https:\/\/ellotv.com.br\/site\/author\/elloagencia\/"}]}},"featured_image_urls":{"full":["https:\/\/ellotv.com.br\/site\/wp-content\/uploads\/2026\/03\/WhatsApp-Image-2026-03-18-at-10.20.37-1.jpeg",900,900,false],"thumbnail":["https:\/\/ellotv.com.br\/site\/wp-content\/uploads\/2026\/03\/WhatsApp-Image-2026-03-18-at-10.20.37-1-150x150.jpeg",150,150,true],"medium":["https:\/\/ellotv.com.br\/site\/wp-content\/uploads\/2026\/03\/WhatsApp-Image-2026-03-18-at-10.20.37-1-300x300.jpeg",300,300,true],"medium_large":["https:\/\/ellotv.com.br\/site\/wp-content\/uploads\/2026\/03\/WhatsApp-Image-2026-03-18-at-10.20.37-1-768x768.jpeg",640,640,true],"large":["https:\/\/ellotv.com.br\/site\/wp-content\/uploads\/2026\/03\/WhatsApp-Image-2026-03-18-at-10.20.37-1.jpeg",640,640,false],"1536x1536":["https:\/\/ellotv.com.br\/site\/wp-content\/uploads\/2026\/03\/WhatsApp-Image-2026-03-18-at-10.20.37-1.jpeg",900,900,false],"2048x2048":["https:\/\/ellotv.com.br\/site\/wp-content\/uploads\/2026\/03\/WhatsApp-Image-2026-03-18-at-10.20.37-1.jpeg",900,900,false],"darknews-slider-full":["https:\/\/ellotv.com.br\/site\/wp-content\/uploads\/2026\/03\/WhatsApp-Image-2026-03-18-at-10.20.37-1-900x720.jpeg",900,720,true],"darknews-featured":["https:\/\/ellotv.com.br\/site\/wp-content\/uploads\/2026\/03\/WhatsApp-Image-2026-03-18-at-10.20.37-1.jpeg",900,900,false],"darknews-medium":["https:\/\/ellotv.com.br\/site\/wp-content\/uploads\/2026\/03\/WhatsApp-Image-2026-03-18-at-10.20.37-1-720x530.jpeg",720,530,true],"darknews-medium-square":["https:\/\/ellotv.com.br\/site\/wp-content\/uploads\/2026\/03\/WhatsApp-Image-2026-03-18-at-10.20.37-1-350x350.jpeg",350,350,true]},"author_info":{"info":["ELLO TV"]},"category_info":"<a href=\"https:\/\/ellotv.com.br\/site\/category\/brasil\/\" rel=\"category tag\">Brasil<\/a> <a href=\"https:\/\/ellotv.com.br\/site\/category\/noticias\/\" rel=\"category tag\">Noticias<\/a> <a href=\"https:\/\/ellotv.com.br\/site\/category\/regional\/\" rel=\"category tag\">Regional<\/a>","tag_info":"Regional","comment_count":"0","_links":{"self":[{"href":"https:\/\/ellotv.com.br\/site\/wp-json\/wp\/v2\/posts\/5268","targetHints":{"allow":["GET"]}}],"collection":[{"href":"https:\/\/ellotv.com.br\/site\/wp-json\/wp\/v2\/posts"}],"about":[{"href":"https:\/\/ellotv.com.br\/site\/wp-json\/wp\/v2\/types\/post"}],"author":[{"embeddable":true,"href":"https:\/\/ellotv.com.br\/site\/wp-json\/wp\/v2\/users\/2"}],"replies":[{"embeddable":true,"href":"https:\/\/ellotv.com.br\/site\/wp-json\/wp\/v2\/comments?post=5268"}],"version-history":[{"count":2,"href":"https:\/\/ellotv.com.br\/site\/wp-json\/wp\/v2\/posts\/5268\/revisions"}],"predecessor-version":[{"id":5278,"href":"https:\/\/ellotv.com.br\/site\/wp-json\/wp\/v2\/posts\/5268\/revisions\/5278"}],"wp:featuredmedia":[{"embeddable":true,"href":"https:\/\/ellotv.com.br\/site\/wp-json\/wp\/v2\/media\/5269"}],"wp:attachment":[{"href":"https:\/\/ellotv.com.br\/site\/wp-json\/wp\/v2\/media?parent=5268"}],"wp:term":[{"taxonomy":"category","embeddable":true,"href":"https:\/\/ellotv.com.br\/site\/wp-json\/wp\/v2\/categories?post=5268"},{"taxonomy":"post_tag","embeddable":true,"href":"https:\/\/ellotv.com.br\/site\/wp-json\/wp\/v2\/tags?post=5268"}],"curies":[{"name":"wp","href":"https:\/\/api.w.org\/{rel}","templated":true}]}}