{"id":5330,"date":"2026-03-23T14:13:01","date_gmt":"2026-03-23T17:13:01","guid":{"rendered":"https:\/\/ellotv.com.br\/site\/?p=5330"},"modified":"2026-03-23T14:13:01","modified_gmt":"2026-03-23T17:13:01","slug":"programa-gas-do-povo-amplia-alcance-e-ja-beneficia-milhoes-de-familias-no-brasil","status":"publish","type":"post","link":"https:\/\/ellotv.com.br\/site\/2026\/03\/23\/programa-gas-do-povo-amplia-alcance-e-ja-beneficia-milhoes-de-familias-no-brasil\/","title":{"rendered":"Programa G\u00e1s do Povo amplia alcance e j\u00e1 beneficia milh\u00f5es de fam\u00edlias no Brasil"},"content":{"rendered":"<p data-start=\"86\" data-end=\"346\">O programa <strong data-start=\"97\" data-end=\"112\">G\u00e1s do Povo<\/strong> segue avan\u00e7ando em todo o pa\u00eds e j\u00e1 alcan\u00e7ou aproximadamente 15 milh\u00f5es de fam\u00edlias, segundo o <span class=\"hover:entity-accent entity-underline inline cursor-pointer align-baseline\"><span class=\"whitespace-normal\">Minist\u00e9rio de Minas e Energia<\/span><\/span>. A iniciativa tem como objetivo garantir o acesso ao g\u00e1s de cozinha para a popula\u00e7\u00e3o de baixa renda.<\/p>\n<p data-start=\"348\" data-end=\"571\">Nesta segunda-feira (23), teve in\u00edcio uma nova fase de operacionaliza\u00e7\u00e3o do programa, com investimento de R$ 957,2 milh\u00f5es somente no m\u00eas de mar\u00e7o. Nesta etapa, cerca de 9,4 milh\u00f5es de fam\u00edlias passam a receber o benef\u00edcio.<\/p>\n<h3 data-section-id=\"9kk84s\" data-start=\"573\" data-end=\"601\">Acesso ao g\u00e1s de cozinha<\/h3>\n<p data-start=\"603\" data-end=\"824\">O programa assegura a recarga gratuita do botij\u00e3o de 13 quilos diretamente nas revendas credenciadas, proporcionando mais dignidade e seguran\u00e7a alimentar para milh\u00f5es de brasileiros que enfrentam dificuldades financeiras.<\/p>\n<h3 data-section-id=\"12f914g\" data-start=\"826\" data-end=\"846\">Expans\u00e3o e metas<\/h3>\n<p data-start=\"848\" data-end=\"1063\">A meta do <span class=\"hover:entity-accent entity-underline inline cursor-pointer align-baseline\"><span class=\"whitespace-normal\">Governo do Brasil<\/span><\/span> \u00e9 viabilizar cerca de 65 milh\u00f5es de recargas por ano, ampliando o alcance da pol\u00edtica p\u00fablica e fortalecendo o apoio \u00e0s fam\u00edlias em situa\u00e7\u00e3o de vulnerabilidade social.<\/p>\n<p data-start=\"1065\" data-end=\"1308\">A iniciativa refor\u00e7a o compromisso do governo federal em promover inclus\u00e3o social e garantir condi\u00e7\u00f5es b\u00e1sicas para a popula\u00e7\u00e3o, especialmente em um cen\u00e1rio em que o custo de vida ainda impacta diretamente o or\u00e7amento das fam\u00edlias brasileiras<\/p>\n","protected":false},"excerpt":{"rendered":"<p>O programa G\u00e1s do Povo segue avan\u00e7ando em todo o pa\u00eds e j\u00e1 alcan\u00e7ou aproximadamente 15 milh\u00f5es de<\/p>\n","protected":false},"author":2,"featured_media":5331,"comment_status":"open","ping_status":"open","sticky":false,"template":"","format":"standard","meta":{"footnotes":""},"categories":[8,12],"tags":[],"class_list":["post-5330","post","type-post","status-publish","format-standard","has-post-thumbnail","hentry","category-brasil","category-noticias"],"yoast_head":"<!-- This site is optimized with the Yoast SEO plugin v28.3 - https:\/\/yoast.com\/product\/yoast-seo-wordpress\/ -->\n<title>Programa G\u00e1s do Povo amplia alcance e j\u00e1 beneficia milh\u00f5es de fam\u00edlias no Brasil - Ello TV<\/title>\n<meta name=\"description\" content=\"Programa G\u00e1s do Povo j\u00e1 atende 15 milh\u00f5es de fam\u00edlias e amplia distribui\u00e7\u00e3o de g\u00e1s gratuito para popula\u00e7\u00e3o de baixa renda no Brasil.\" \/>\n<meta name=\"robots\" content=\"index, follow, max-snippet:-1, max-image-preview:large, max-video-preview:-1\" \/>\n<link rel=\"canonical\" href=\"https:\/\/ellotv.com.br\/site\/2026\/03\/23\/programa-gas-do-povo-amplia-alcance-e-ja-beneficia-milhoes-de-familias-no-brasil\/\" \/>\n<meta property=\"og:locale\" content=\"pt_BR\" \/>\n<meta property=\"og:type\" content=\"article\" \/>\n<meta property=\"og:title\" content=\"Programa G\u00e1s do Povo amplia alcance e j\u00e1 beneficia milh\u00f5es de fam\u00edlias no Brasil - Ello TV\" \/>\n<meta property=\"og:description\" content=\"Programa G\u00e1s do Povo j\u00e1 atende 15 milh\u00f5es de fam\u00edlias e amplia distribui\u00e7\u00e3o de g\u00e1s gratuito para popula\u00e7\u00e3o de baixa renda no Brasil.\" \/>\n<meta property=\"og:url\" content=\"https:\/\/ellotv.com.br\/site\/2026\/03\/23\/programa-gas-do-povo-amplia-alcance-e-ja-beneficia-milhoes-de-familias-no-brasil\/\" \/>\n<meta property=\"og:site_name\" content=\"Ello TV\" \/>\n<meta property=\"article:published_time\" content=\"2026-03-23T17:13:01+00:00\" \/>\n<meta property=\"og:image\" content=\"https:\/\/ellotv.com.br\/site\/wp-content\/uploads\/2026\/03\/WhatsApp-Image-2026-03-23-at-13.11.21.jpeg\" \/>\n\t<meta property=\"og:image:width\" content=\"679\" \/>\n\t<meta property=\"og:image:height\" content=\"452\" \/>\n\t<meta property=\"og:image:type\" content=\"image\/jpeg\" \/>\n<meta name=\"author\" content=\"ELLO TV\" \/>\n<meta name=\"twitter:card\" content=\"summary_large_image\" \/>\n<meta name=\"twitter:label1\" content=\"Escrito por\" \/>\n\t<meta name=\"twitter:data1\" content=\"ELLO TV\" \/>\n\t<meta name=\"twitter:label2\" content=\"Est. tempo de leitura\" \/>\n\t<meta name=\"twitter:data2\" content=\"1 minuto\" \/>\n<script type=\"application\/ld+json\" class=\"yoast-schema-graph\">{\"@context\":\"https:\\\/\\\/schema.org\",\"@graph\":[{\"@type\":\"Article\",\"@id\":\"https:\\\/\\\/ellotv.com.br\\\/site\\\/2026\\\/03\\\/23\\\/programa-gas-do-povo-amplia-alcance-e-ja-beneficia-milhoes-de-familias-no-brasil\\\/#article\",\"isPartOf\":{\"@id\":\"https:\\\/\\\/ellotv.com.br\\\/site\\\/2026\\\/03\\\/23\\\/programa-gas-do-povo-amplia-alcance-e-ja-beneficia-milhoes-de-familias-no-brasil\\\/\"},\"author\":{\"name\":\"ELLO TV\",\"@id\":\"https:\\\/\\\/ellotv.com.br\\\/site\\\/#\\\/schema\\\/person\\\/2dbe3abaee38dcc7332fc8205cd2b15d\"},\"headline\":\"Programa G\u00e1s do Povo amplia alcance e j\u00e1 beneficia milh\u00f5es de fam\u00edlias no Brasil\",\"datePublished\":\"2026-03-23T17:13:01+00:00\",\"mainEntityOfPage\":{\"@id\":\"https:\\\/\\\/ellotv.com.br\\\/site\\\/2026\\\/03\\\/23\\\/programa-gas-do-povo-amplia-alcance-e-ja-beneficia-milhoes-de-familias-no-brasil\\\/\"},\"wordCount\":232,\"commentCount\":0,\"publisher\":{\"@id\":\"https:\\\/\\\/ellotv.com.br\\\/site\\\/#organization\"},\"image\":{\"@id\":\"https:\\\/\\\/ellotv.com.br\\\/site\\\/2026\\\/03\\\/23\\\/programa-gas-do-povo-amplia-alcance-e-ja-beneficia-milhoes-de-familias-no-brasil\\\/#primaryimage\"},\"thumbnailUrl\":\"https:\\\/\\\/ellotv.com.br\\\/site\\\/wp-content\\\/uploads\\\/2026\\\/03\\\/WhatsApp-Image-2026-03-23-at-13.11.21.jpeg\",\"articleSection\":[\"Brasil\",\"Noticias\"],\"inLanguage\":\"pt-BR\",\"potentialAction\":[{\"@type\":\"CommentAction\",\"name\":\"Comment\",\"target\":[\"https:\\\/\\\/ellotv.com.br\\\/site\\\/2026\\\/03\\\/23\\\/programa-gas-do-povo-amplia-alcance-e-ja-beneficia-milhoes-de-familias-no-brasil\\\/#respond\"]}]},{\"@type\":\"WebPage\",\"@id\":\"https:\\\/\\\/ellotv.com.br\\\/site\\\/2026\\\/03\\\/23\\\/programa-gas-do-povo-amplia-alcance-e-ja-beneficia-milhoes-de-familias-no-brasil\\\/\",\"url\":\"https:\\\/\\\/ellotv.com.br\\\/site\\\/2026\\\/03\\\/23\\\/programa-gas-do-povo-amplia-alcance-e-ja-beneficia-milhoes-de-familias-no-brasil\\\/\",\"name\":\"Programa G\u00e1s do Povo amplia alcance e j\u00e1 beneficia milh\u00f5es de fam\u00edlias no Brasil - Ello TV\",\"isPartOf\":{\"@id\":\"https:\\\/\\\/ellotv.com.br\\\/site\\\/#website\"},\"primaryImageOfPage\":{\"@id\":\"https:\\\/\\\/ellotv.com.br\\\/site\\\/2026\\\/03\\\/23\\\/programa-gas-do-povo-amplia-alcance-e-ja-beneficia-milhoes-de-familias-no-brasil\\\/#primaryimage\"},\"image\":{\"@id\":\"https:\\\/\\\/ellotv.com.br\\\/site\\\/2026\\\/03\\\/23\\\/programa-gas-do-povo-amplia-alcance-e-ja-beneficia-milhoes-de-familias-no-brasil\\\/#primaryimage\"},\"thumbnailUrl\":\"https:\\\/\\\/ellotv.com.br\\\/site\\\/wp-content\\\/uploads\\\/2026\\\/03\\\/WhatsApp-Image-2026-03-23-at-13.11.21.jpeg\",\"datePublished\":\"2026-03-23T17:13:01+00:00\",\"description\":\"Programa G\u00e1s do Povo j\u00e1 atende 15 milh\u00f5es de fam\u00edlias e amplia distribui\u00e7\u00e3o de g\u00e1s gratuito para popula\u00e7\u00e3o de baixa renda no Brasil.\",\"breadcrumb\":{\"@id\":\"https:\\\/\\\/ellotv.com.br\\\/site\\\/2026\\\/03\\\/23\\\/programa-gas-do-povo-amplia-alcance-e-ja-beneficia-milhoes-de-familias-no-brasil\\\/#breadcrumb\"},\"inLanguage\":\"pt-BR\",\"potentialAction\":[{\"@type\":\"ReadAction\",\"target\":[\"https:\\\/\\\/ellotv.com.br\\\/site\\\/2026\\\/03\\\/23\\\/programa-gas-do-povo-amplia-alcance-e-ja-beneficia-milhoes-de-familias-no-brasil\\\/\"]}]},{\"@type\":\"ImageObject\",\"inLanguage\":\"pt-BR\",\"@id\":\"https:\\\/\\\/ellotv.com.br\\\/site\\\/2026\\\/03\\\/23\\\/programa-gas-do-povo-amplia-alcance-e-ja-beneficia-milhoes-de-familias-no-brasil\\\/#primaryimage\",\"url\":\"https:\\\/\\\/ellotv.com.br\\\/site\\\/wp-content\\\/uploads\\\/2026\\\/03\\\/WhatsApp-Image-2026-03-23-at-13.11.21.jpeg\",\"contentUrl\":\"https:\\\/\\\/ellotv.com.br\\\/site\\\/wp-content\\\/uploads\\\/2026\\\/03\\\/WhatsApp-Image-2026-03-23-at-13.11.21.jpeg\",\"width\":679,\"height\":452},{\"@type\":\"BreadcrumbList\",\"@id\":\"https:\\\/\\\/ellotv.com.br\\\/site\\\/2026\\\/03\\\/23\\\/programa-gas-do-povo-amplia-alcance-e-ja-beneficia-milhoes-de-familias-no-brasil\\\/#breadcrumb\",\"itemListElement\":[{\"@type\":\"ListItem\",\"position\":1,\"name\":\"In\u00edcio\",\"item\":\"https:\\\/\\\/ellotv.com.br\\\/site\\\/\"},{\"@type\":\"ListItem\",\"position\":2,\"name\":\"Programa G\u00e1s do Povo amplia alcance e j\u00e1 beneficia milh\u00f5es de fam\u00edlias no Brasil\"}]},{\"@type\":\"WebSite\",\"@id\":\"https:\\\/\\\/ellotv.com.br\\\/site\\\/#website\",\"url\":\"https:\\\/\\\/ellotv.com.br\\\/site\\\/\",\"name\":\"ELLO TV\",\"description\":\"\",\"publisher\":{\"@id\":\"https:\\\/\\\/ellotv.com.br\\\/site\\\/#organization\"},\"potentialAction\":[{\"@type\":\"SearchAction\",\"target\":{\"@type\":\"EntryPoint\",\"urlTemplate\":\"https:\\\/\\\/ellotv.com.br\\\/site\\\/?s={search_term_string}\"},\"query-input\":{\"@type\":\"PropertyValueSpecification\",\"valueRequired\":true,\"valueName\":\"search_term_string\"}}],\"inLanguage\":\"pt-BR\"},{\"@type\":\"Organization\",\"@id\":\"https:\\\/\\\/ellotv.com.br\\\/site\\\/#organization\",\"name\":\"ELLO TV\",\"url\":\"https:\\\/\\\/ellotv.com.br\\\/site\\\/\",\"logo\":{\"@type\":\"ImageObject\",\"inLanguage\":\"pt-BR\",\"@id\":\"https:\\\/\\\/ellotv.com.br\\\/site\\\/#\\\/schema\\\/logo\\\/image\\\/\",\"url\":\"https:\\\/\\\/ellotv.com.br\\\/site\\\/wp-content\\\/uploads\\\/2025\\\/11\\\/ello-logo-2.fw_.png\",\"contentUrl\":\"https:\\\/\\\/ellotv.com.br\\\/site\\\/wp-content\\\/uploads\\\/2025\\\/11\\\/ello-logo-2.fw_.png\",\"width\":400,\"height\":146,\"caption\":\"ELLO TV\"},\"image\":{\"@id\":\"https:\\\/\\\/ellotv.com.br\\\/site\\\/#\\\/schema\\\/logo\\\/image\\\/\"}},{\"@type\":\"Person\",\"@id\":\"https:\\\/\\\/ellotv.com.br\\\/site\\\/#\\\/schema\\\/person\\\/2dbe3abaee38dcc7332fc8205cd2b15d\",\"name\":\"ELLO TV\",\"image\":{\"@type\":\"ImageObject\",\"inLanguage\":\"pt-BR\",\"@id\":\"https:\\\/\\\/secure.gravatar.com\\\/avatar\\\/c38242b9da8ec217ac3f0aaee31a54f7d7befb11b2b47fdbc8fb0fad60afa1c6?s=96&d=mm&r=g\",\"url\":\"https:\\\/\\\/secure.gravatar.com\\\/avatar\\\/c38242b9da8ec217ac3f0aaee31a54f7d7befb11b2b47fdbc8fb0fad60afa1c6?s=96&d=mm&r=g\",\"contentUrl\":\"https:\\\/\\\/secure.gravatar.com\\\/avatar\\\/c38242b9da8ec217ac3f0aaee31a54f7d7befb11b2b47fdbc8fb0fad60afa1c6?s=96&d=mm&r=g\",\"caption\":\"ELLO TV\"},\"url\":\"https:\\\/\\\/ellotv.com.br\\\/site\\\/author\\\/elloagencia\\\/\"}]}<\/script>\n<!-- \/ Yoast SEO plugin. -->","yoast_head_json":{"title":"Programa G\u00e1s do Povo amplia alcance e j\u00e1 beneficia milh\u00f5es de fam\u00edlias no Brasil - Ello TV","description":"Programa G\u00e1s do Povo j\u00e1 atende 15 milh\u00f5es de fam\u00edlias e amplia distribui\u00e7\u00e3o de g\u00e1s gratuito para popula\u00e7\u00e3o de baixa renda no Brasil.","robots":{"index":"index","follow":"follow","max-snippet":"max-snippet:-1","max-image-preview":"max-image-preview:large","max-video-preview":"max-video-preview:-1"},"canonical":"https:\/\/ellotv.com.br\/site\/2026\/03\/23\/programa-gas-do-povo-amplia-alcance-e-ja-beneficia-milhoes-de-familias-no-brasil\/","og_locale":"pt_BR","og_type":"article","og_title":"Programa G\u00e1s do Povo amplia alcance e j\u00e1 beneficia milh\u00f5es de fam\u00edlias no Brasil - Ello TV","og_description":"Programa G\u00e1s do Povo j\u00e1 atende 15 milh\u00f5es de fam\u00edlias e amplia distribui\u00e7\u00e3o de g\u00e1s gratuito para popula\u00e7\u00e3o de baixa renda no Brasil.","og_url":"https:\/\/ellotv.com.br\/site\/2026\/03\/23\/programa-gas-do-povo-amplia-alcance-e-ja-beneficia-milhoes-de-familias-no-brasil\/","og_site_name":"Ello TV","article_published_time":"2026-03-23T17:13:01+00:00","og_image":[{"width":679,"height":452,"url":"https:\/\/ellotv.com.br\/site\/wp-content\/uploads\/2026\/03\/WhatsApp-Image-2026-03-23-at-13.11.21.jpeg","type":"image\/jpeg"}],"author":"ELLO TV","twitter_card":"summary_large_image","twitter_misc":{"Escrito por":"ELLO TV","Est. tempo de leitura":"1 minuto"},"schema":{"@context":"https:\/\/schema.org","@graph":[{"@type":"Article","@id":"https:\/\/ellotv.com.br\/site\/2026\/03\/23\/programa-gas-do-povo-amplia-alcance-e-ja-beneficia-milhoes-de-familias-no-brasil\/#article","isPartOf":{"@id":"https:\/\/ellotv.com.br\/site\/2026\/03\/23\/programa-gas-do-povo-amplia-alcance-e-ja-beneficia-milhoes-de-familias-no-brasil\/"},"author":{"name":"ELLO TV","@id":"https:\/\/ellotv.com.br\/site\/#\/schema\/person\/2dbe3abaee38dcc7332fc8205cd2b15d"},"headline":"Programa G\u00e1s do Povo amplia alcance e j\u00e1 beneficia milh\u00f5es de fam\u00edlias no Brasil","datePublished":"2026-03-23T17:13:01+00:00","mainEntityOfPage":{"@id":"https:\/\/ellotv.com.br\/site\/2026\/03\/23\/programa-gas-do-povo-amplia-alcance-e-ja-beneficia-milhoes-de-familias-no-brasil\/"},"wordCount":232,"commentCount":0,"publisher":{"@id":"https:\/\/ellotv.com.br\/site\/#organization"},"image":{"@id":"https:\/\/ellotv.com.br\/site\/2026\/03\/23\/programa-gas-do-povo-amplia-alcance-e-ja-beneficia-milhoes-de-familias-no-brasil\/#primaryimage"},"thumbnailUrl":"https:\/\/ellotv.com.br\/site\/wp-content\/uploads\/2026\/03\/WhatsApp-Image-2026-03-23-at-13.11.21.jpeg","articleSection":["Brasil","Noticias"],"inLanguage":"pt-BR","potentialAction":[{"@type":"CommentAction","name":"Comment","target":["https:\/\/ellotv.com.br\/site\/2026\/03\/23\/programa-gas-do-povo-amplia-alcance-e-ja-beneficia-milhoes-de-familias-no-brasil\/#respond"]}]},{"@type":"WebPage","@id":"https:\/\/ellotv.com.br\/site\/2026\/03\/23\/programa-gas-do-povo-amplia-alcance-e-ja-beneficia-milhoes-de-familias-no-brasil\/","url":"https:\/\/ellotv.com.br\/site\/2026\/03\/23\/programa-gas-do-povo-amplia-alcance-e-ja-beneficia-milhoes-de-familias-no-brasil\/","name":"Programa G\u00e1s do Povo amplia alcance e j\u00e1 beneficia milh\u00f5es de fam\u00edlias no Brasil - Ello TV","isPartOf":{"@id":"https:\/\/ellotv.com.br\/site\/#website"},"primaryImageOfPage":{"@id":"https:\/\/ellotv.com.br\/site\/2026\/03\/23\/programa-gas-do-povo-amplia-alcance-e-ja-beneficia-milhoes-de-familias-no-brasil\/#primaryimage"},"image":{"@id":"https:\/\/ellotv.com.br\/site\/2026\/03\/23\/programa-gas-do-povo-amplia-alcance-e-ja-beneficia-milhoes-de-familias-no-brasil\/#primaryimage"},"thumbnailUrl":"https:\/\/ellotv.com.br\/site\/wp-content\/uploads\/2026\/03\/WhatsApp-Image-2026-03-23-at-13.11.21.jpeg","datePublished":"2026-03-23T17:13:01+00:00","description":"Programa G\u00e1s do Povo j\u00e1 atende 15 milh\u00f5es de fam\u00edlias e amplia distribui\u00e7\u00e3o de g\u00e1s gratuito para popula\u00e7\u00e3o de baixa renda no Brasil.","breadcrumb":{"@id":"https:\/\/ellotv.com.br\/site\/2026\/03\/23\/programa-gas-do-povo-amplia-alcance-e-ja-beneficia-milhoes-de-familias-no-brasil\/#breadcrumb"},"inLanguage":"pt-BR","potentialAction":[{"@type":"ReadAction","target":["https:\/\/ellotv.com.br\/site\/2026\/03\/23\/programa-gas-do-povo-amplia-alcance-e-ja-beneficia-milhoes-de-familias-no-brasil\/"]}]},{"@type":"ImageObject","inLanguage":"pt-BR","@id":"https:\/\/ellotv.com.br\/site\/2026\/03\/23\/programa-gas-do-povo-amplia-alcance-e-ja-beneficia-milhoes-de-familias-no-brasil\/#primaryimage","url":"https:\/\/ellotv.com.br\/site\/wp-content\/uploads\/2026\/03\/WhatsApp-Image-2026-03-23-at-13.11.21.jpeg","contentUrl":"https:\/\/ellotv.com.br\/site\/wp-content\/uploads\/2026\/03\/WhatsApp-Image-2026-03-23-at-13.11.21.jpeg","width":679,"height":452},{"@type":"BreadcrumbList","@id":"https:\/\/ellotv.com.br\/site\/2026\/03\/23\/programa-gas-do-povo-amplia-alcance-e-ja-beneficia-milhoes-de-familias-no-brasil\/#breadcrumb","itemListElement":[{"@type":"ListItem","position":1,"name":"In\u00edcio","item":"https:\/\/ellotv.com.br\/site\/"},{"@type":"ListItem","position":2,"name":"Programa G\u00e1s do Povo amplia alcance e j\u00e1 beneficia milh\u00f5es de fam\u00edlias no Brasil"}]},{"@type":"WebSite","@id":"https:\/\/ellotv.com.br\/site\/#website","url":"https:\/\/ellotv.com.br\/site\/","name":"ELLO TV","description":"","publisher":{"@id":"https:\/\/ellotv.com.br\/site\/#organization"},"potentialAction":[{"@type":"SearchAction","target":{"@type":"EntryPoint","urlTemplate":"https:\/\/ellotv.com.br\/site\/?s={search_term_string}"},"query-input":{"@type":"PropertyValueSpecification","valueRequired":true,"valueName":"search_term_string"}}],"inLanguage":"pt-BR"},{"@type":"Organization","@id":"https:\/\/ellotv.com.br\/site\/#organization","name":"ELLO TV","url":"https:\/\/ellotv.com.br\/site\/","logo":{"@type":"ImageObject","inLanguage":"pt-BR","@id":"https:\/\/ellotv.com.br\/site\/#\/schema\/logo\/image\/","url":"https:\/\/ellotv.com.br\/site\/wp-content\/uploads\/2025\/11\/ello-logo-2.fw_.png","contentUrl":"https:\/\/ellotv.com.br\/site\/wp-content\/uploads\/2025\/11\/ello-logo-2.fw_.png","width":400,"height":146,"caption":"ELLO TV"},"image":{"@id":"https:\/\/ellotv.com.br\/site\/#\/schema\/logo\/image\/"}},{"@type":"Person","@id":"https:\/\/ellotv.com.br\/site\/#\/schema\/person\/2dbe3abaee38dcc7332fc8205cd2b15d","name":"ELLO TV","image":{"@type":"ImageObject","inLanguage":"pt-BR","@id":"https:\/\/secure.gravatar.com\/avatar\/c38242b9da8ec217ac3f0aaee31a54f7d7befb11b2b47fdbc8fb0fad60afa1c6?s=96&d=mm&r=g","url":"https:\/\/secure.gravatar.com\/avatar\/c38242b9da8ec217ac3f0aaee31a54f7d7befb11b2b47fdbc8fb0fad60afa1c6?s=96&d=mm&r=g","contentUrl":"https:\/\/secure.gravatar.com\/avatar\/c38242b9da8ec217ac3f0aaee31a54f7d7befb11b2b47fdbc8fb0fad60afa1c6?s=96&d=mm&r=g","caption":"ELLO TV"},"url":"https:\/\/ellotv.com.br\/site\/author\/elloagencia\/"}]}},"featured_image_urls":{"full":["https:\/\/ellotv.com.br\/site\/wp-content\/uploads\/2026\/03\/WhatsApp-Image-2026-03-23-at-13.11.21.jpeg",679,452,false],"thumbnail":["https:\/\/ellotv.com.br\/site\/wp-content\/uploads\/2026\/03\/WhatsApp-Image-2026-03-23-at-13.11.21-150x150.jpeg",150,150,true],"medium":["https:\/\/ellotv.com.br\/site\/wp-content\/uploads\/2026\/03\/WhatsApp-Image-2026-03-23-at-13.11.21-300x200.jpeg",300,200,true],"medium_large":["https:\/\/ellotv.com.br\/site\/wp-content\/uploads\/2026\/03\/WhatsApp-Image-2026-03-23-at-13.11.21.jpeg",640,426,false],"large":["https:\/\/ellotv.com.br\/site\/wp-content\/uploads\/2026\/03\/WhatsApp-Image-2026-03-23-at-13.11.21.jpeg",640,426,false],"1536x1536":["https:\/\/ellotv.com.br\/site\/wp-content\/uploads\/2026\/03\/WhatsApp-Image-2026-03-23-at-13.11.21.jpeg",679,452,false],"2048x2048":["https:\/\/ellotv.com.br\/site\/wp-content\/uploads\/2026\/03\/WhatsApp-Image-2026-03-23-at-13.11.21.jpeg",679,452,false],"darknews-slider-full":["https:\/\/ellotv.com.br\/site\/wp-content\/uploads\/2026\/03\/WhatsApp-Image-2026-03-23-at-13.11.21.jpeg",679,452,false],"darknews-featured":["https:\/\/ellotv.com.br\/site\/wp-content\/uploads\/2026\/03\/WhatsApp-Image-2026-03-23-at-13.11.21.jpeg",679,452,false],"darknews-medium":["https:\/\/ellotv.com.br\/site\/wp-content\/uploads\/2026\/03\/WhatsApp-Image-2026-03-23-at-13.11.21.jpeg",679,452,false],"darknews-medium-square":["https:\/\/ellotv.com.br\/site\/wp-content\/uploads\/2026\/03\/WhatsApp-Image-2026-03-23-at-13.11.21-350x350.jpeg",350,350,true]},"author_info":{"info":["ELLO TV"]},"category_info":"<a href=\"https:\/\/ellotv.com.br\/site\/category\/brasil\/\" rel=\"category tag\">Brasil<\/a> <a href=\"https:\/\/ellotv.com.br\/site\/category\/noticias\/\" rel=\"category tag\">Noticias<\/a>","tag_info":"Noticias","comment_count":"0","_links":{"self":[{"href":"https:\/\/ellotv.com.br\/site\/wp-json\/wp\/v2\/posts\/5330","targetHints":{"allow":["GET"]}}],"collection":[{"href":"https:\/\/ellotv.com.br\/site\/wp-json\/wp\/v2\/posts"}],"about":[{"href":"https:\/\/ellotv.com.br\/site\/wp-json\/wp\/v2\/types\/post"}],"author":[{"embeddable":true,"href":"https:\/\/ellotv.com.br\/site\/wp-json\/wp\/v2\/users\/2"}],"replies":[{"embeddable":true,"href":"https:\/\/ellotv.com.br\/site\/wp-json\/wp\/v2\/comments?post=5330"}],"version-history":[{"count":1,"href":"https:\/\/ellotv.com.br\/site\/wp-json\/wp\/v2\/posts\/5330\/revisions"}],"predecessor-version":[{"id":5332,"href":"https:\/\/ellotv.com.br\/site\/wp-json\/wp\/v2\/posts\/5330\/revisions\/5332"}],"wp:featuredmedia":[{"embeddable":true,"href":"https:\/\/ellotv.com.br\/site\/wp-json\/wp\/v2\/media\/5331"}],"wp:attachment":[{"href":"https:\/\/ellotv.com.br\/site\/wp-json\/wp\/v2\/media?parent=5330"}],"wp:term":[{"taxonomy":"category","embeddable":true,"href":"https:\/\/ellotv.com.br\/site\/wp-json\/wp\/v2\/categories?post=5330"},{"taxonomy":"post_tag","embeddable":true,"href":"https:\/\/ellotv.com.br\/site\/wp-json\/wp\/v2\/tags?post=5330"}],"curies":[{"name":"wp","href":"https:\/\/api.w.org\/{rel}","templated":true}]}}