{"id":5477,"date":"2026-04-01T08:37:13","date_gmt":"2026-04-01T11:37:13","guid":{"rendered":"https:\/\/ellotv.com.br\/site\/?p=5477"},"modified":"2026-04-01T08:37:13","modified_gmt":"2026-04-01T11:37:13","slug":"tulio-gadelha-oficializa-ida-ao-psd-e-entra-na-disputa-pelo-senado-na-chapa-de-raquel-lyra","status":"publish","type":"post","link":"https:\/\/ellotv.com.br\/site\/2026\/04\/01\/tulio-gadelha-oficializa-ida-ao-psd-e-entra-na-disputa-pelo-senado-na-chapa-de-raquel-lyra\/","title":{"rendered":"T\u00falio Gadelha oficializa ida ao PSD e entra na disputa pelo Senado na chapa de Raquel Lyra"},"content":{"rendered":"<p data-start=\"80\" data-end=\"438\">O cen\u00e1rio pol\u00edtico de <span class=\"hover:entity-accent entity-underline inline cursor-pointer align-baseline\"><span class=\"whitespace-normal\">Pernambuco<\/span><\/span> ganhou um novo cap\u00edtulo com a filia\u00e7\u00e3o do deputado federal <span class=\"hover:entity-accent entity-underline inline cursor-pointer align-baseline\"><span class=\"whitespace-normal\">T\u00falio Gadelha<\/span><\/span> ao <span class=\"hover:entity-accent entity-underline inline cursor-pointer align-baseline\"><span class=\"whitespace-normal\">PSD<\/span><\/span>. A mudan\u00e7a confirma sua pr\u00e9-candidatura ao Senado e o coloca na chapa majorit\u00e1ria da governadora <span class=\"hover:entity-accent entity-underline inline cursor-pointer align-baseline\"><span class=\"whitespace-normal\">Raquel Lyra<\/span><\/span> para as elei\u00e7\u00f5es de 2026.<\/p>\n<h3 data-section-id=\"1wj8ca\" data-start=\"440\" data-end=\"483\">Articula\u00e7\u00e3o pol\u00edtica e novo alinhamento<\/h3>\n<p data-start=\"485\" data-end=\"662\">O movimento foi resultado de semanas de articula\u00e7\u00e3o envolvendo o grupo pol\u00edtico do parlamentar, aliados da governadora e interlocutores do <span class=\"hover:entity-accent entity-underline inline cursor-pointer align-baseline\"><span class=\"whitespace-normal\">Pal\u00e1cio do Planalto<\/span><\/span>.<\/p>\n<p data-start=\"664\" data-end=\"890\">O ato de filia\u00e7\u00e3o ocorreu no <span class=\"hover:entity-accent entity-underline inline cursor-pointer align-baseline\"><span class=\"whitespace-normal\">Jardim Monte Verde<\/span><\/span>, reunindo representantes de movimentos sociais, sindicatos e lideran\u00e7as pol\u00edticas, simbolizando a aproxima\u00e7\u00e3o entre setores progressistas e o projeto estadual.<\/p>\n<h3 data-section-id=\"54wol9\" data-start=\"892\" data-end=\"925\">Trajet\u00f3ria e atua\u00e7\u00e3o pol\u00edtica<\/h3>\n<p data-start=\"927\" data-end=\"1135\">Com origem no movimento estudantil, T\u00falio Gadelha teve passagem pelo <span class=\"hover:entity-accent entity-underline inline cursor-pointer align-baseline\"><span class=\"whitespace-normal\">PDT<\/span><\/span> e foi reeleito deputado federal pela <span class=\"hover:entity-accent entity-underline inline cursor-pointer align-baseline\"><span class=\"whitespace-normal\">Rede Sustentabilidade<\/span><\/span> com mais de 134 mil votos.<\/p>\n<p data-start=\"1137\" data-end=\"1319\">Ao longo de sua trajet\u00f3ria, consolidou atua\u00e7\u00e3o voltada \u00e0 defesa da democracia, dos direitos humanos e das pol\u00edticas sociais, ampliando agora sua presen\u00e7a no debate pol\u00edtico estadual.<\/p>\n<h3 data-section-id=\"1yoi0dd\" data-start=\"1321\" data-end=\"1345\">Estrat\u00e9gia para 2026<\/h3>\n<p data-start=\"1347\" data-end=\"1574\">Nos bastidores, a entrada de T\u00falio na chapa \u00e9 vista como estrat\u00e9gica por aproximar o grupo da governadora ao campo pol\u00edtico do presidente <span class=\"hover:entity-accent entity-underline inline cursor-pointer align-baseline\"><span class=\"whitespace-normal\">Luiz In\u00e1cio Lula da Silva<\/span><\/span>, criando um segundo palanque competitivo no estado.<\/p>\n<p data-start=\"1576\" data-end=\"1742\">A movimenta\u00e7\u00e3o tamb\u00e9m tende a redesenhar o equil\u00edbrio pol\u00edtico em Pernambuco, reduzindo espa\u00e7o para setores bolsonaristas dentro da base de apoio do governo estadual.<\/p>\n<h3 data-section-id=\"4feewh\" data-start=\"1744\" data-end=\"1776\">Disputa deve se intensificar<\/h3>\n<p data-start=\"1778\" data-end=\"2029\">A pr\u00e9-candidatura de T\u00falio Gadelha ao Senado amplia o campo pol\u00edtico de Raquel Lyra e promete acirrar ainda mais a disputa eleitoral em Pernambuco, diante das movimenta\u00e7\u00f5es de outras for\u00e7as que tamb\u00e9m buscam associa\u00e7\u00e3o com o presidente Lula para 2026.<\/p>\n","protected":false},"excerpt":{"rendered":"<p>O cen\u00e1rio pol\u00edtico de Pernambuco ganhou um novo cap\u00edtulo com a filia\u00e7\u00e3o do deputado federal T\u00falio Gadelha ao<\/p>\n","protected":false},"author":2,"featured_media":5478,"comment_status":"open","ping_status":"open","sticky":false,"template":"","format":"standard","meta":{"footnotes":""},"categories":[8,12,9],"tags":[],"class_list":["post-5477","post","type-post","status-publish","format-standard","has-post-thumbnail","hentry","category-brasil","category-noticias","category-regional"],"yoast_head":"<!-- This site is optimized with the Yoast SEO plugin v28.3 - https:\/\/yoast.com\/product\/yoast-seo-wordpress\/ -->\n<title>T\u00falio Gadelha oficializa ida ao PSD e entra na disputa pelo Senado na chapa de Raquel Lyra - Ello TV<\/title>\n<meta name=\"description\" content=\"T\u00falio Gadelha se filia ao PSD, confirma pr\u00e9-candidatura ao Senado e fortalece chapa de Raquel Lyra em Pernambuco para 2026.\" \/>\n<meta name=\"robots\" content=\"index, follow, max-snippet:-1, max-image-preview:large, max-video-preview:-1\" \/>\n<link rel=\"canonical\" href=\"https:\/\/ellotv.com.br\/site\/2026\/04\/01\/tulio-gadelha-oficializa-ida-ao-psd-e-entra-na-disputa-pelo-senado-na-chapa-de-raquel-lyra\/\" \/>\n<meta property=\"og:locale\" content=\"pt_BR\" \/>\n<meta property=\"og:type\" content=\"article\" \/>\n<meta property=\"og:title\" content=\"T\u00falio Gadelha oficializa ida ao PSD e entra na disputa pelo Senado na chapa de Raquel Lyra - Ello TV\" \/>\n<meta property=\"og:description\" content=\"T\u00falio Gadelha se filia ao PSD, confirma pr\u00e9-candidatura ao Senado e fortalece chapa de Raquel Lyra em Pernambuco para 2026.\" \/>\n<meta property=\"og:url\" content=\"https:\/\/ellotv.com.br\/site\/2026\/04\/01\/tulio-gadelha-oficializa-ida-ao-psd-e-entra-na-disputa-pelo-senado-na-chapa-de-raquel-lyra\/\" \/>\n<meta property=\"og:site_name\" content=\"Ello TV\" \/>\n<meta property=\"article:published_time\" content=\"2026-04-01T11:37:13+00:00\" \/>\n<meta property=\"og:image\" content=\"https:\/\/ellotv.com.br\/site\/wp-content\/uploads\/2026\/04\/WhatsApp-Image-2026-04-01-at-06.33.10.jpeg\" \/>\n\t<meta property=\"og:image:width\" content=\"1121\" \/>\n\t<meta property=\"og:image:height\" content=\"1402\" \/>\n\t<meta property=\"og:image:type\" content=\"image\/jpeg\" \/>\n<meta name=\"author\" content=\"ELLO TV\" \/>\n<meta name=\"twitter:card\" content=\"summary_large_image\" \/>\n<meta name=\"twitter:label1\" content=\"Escrito por\" \/>\n\t<meta name=\"twitter:data1\" content=\"ELLO TV\" \/>\n\t<meta name=\"twitter:label2\" content=\"Est. tempo de leitura\" \/>\n\t<meta name=\"twitter:data2\" content=\"1 minuto\" \/>\n<script type=\"application\/ld+json\" class=\"yoast-schema-graph\">{\"@context\":\"https:\\\/\\\/schema.org\",\"@graph\":[{\"@type\":\"Article\",\"@id\":\"https:\\\/\\\/ellotv.com.br\\\/site\\\/2026\\\/04\\\/01\\\/tulio-gadelha-oficializa-ida-ao-psd-e-entra-na-disputa-pelo-senado-na-chapa-de-raquel-lyra\\\/#article\",\"isPartOf\":{\"@id\":\"https:\\\/\\\/ellotv.com.br\\\/site\\\/2026\\\/04\\\/01\\\/tulio-gadelha-oficializa-ida-ao-psd-e-entra-na-disputa-pelo-senado-na-chapa-de-raquel-lyra\\\/\"},\"author\":{\"name\":\"ELLO TV\",\"@id\":\"https:\\\/\\\/ellotv.com.br\\\/site\\\/#\\\/schema\\\/person\\\/2dbe3abaee38dcc7332fc8205cd2b15d\"},\"headline\":\"T\u00falio Gadelha oficializa ida ao PSD e entra na disputa pelo Senado na chapa de Raquel Lyra\",\"datePublished\":\"2026-04-01T11:37:13+00:00\",\"mainEntityOfPage\":{\"@id\":\"https:\\\/\\\/ellotv.com.br\\\/site\\\/2026\\\/04\\\/01\\\/tulio-gadelha-oficializa-ida-ao-psd-e-entra-na-disputa-pelo-senado-na-chapa-de-raquel-lyra\\\/\"},\"wordCount\":315,\"commentCount\":0,\"publisher\":{\"@id\":\"https:\\\/\\\/ellotv.com.br\\\/site\\\/#organization\"},\"image\":{\"@id\":\"https:\\\/\\\/ellotv.com.br\\\/site\\\/2026\\\/04\\\/01\\\/tulio-gadelha-oficializa-ida-ao-psd-e-entra-na-disputa-pelo-senado-na-chapa-de-raquel-lyra\\\/#primaryimage\"},\"thumbnailUrl\":\"https:\\\/\\\/ellotv.com.br\\\/site\\\/wp-content\\\/uploads\\\/2026\\\/04\\\/WhatsApp-Image-2026-04-01-at-06.33.10.jpeg\",\"articleSection\":[\"Brasil\",\"Noticias\",\"Regional\"],\"inLanguage\":\"pt-BR\",\"potentialAction\":[{\"@type\":\"CommentAction\",\"name\":\"Comment\",\"target\":[\"https:\\\/\\\/ellotv.com.br\\\/site\\\/2026\\\/04\\\/01\\\/tulio-gadelha-oficializa-ida-ao-psd-e-entra-na-disputa-pelo-senado-na-chapa-de-raquel-lyra\\\/#respond\"]}]},{\"@type\":\"WebPage\",\"@id\":\"https:\\\/\\\/ellotv.com.br\\\/site\\\/2026\\\/04\\\/01\\\/tulio-gadelha-oficializa-ida-ao-psd-e-entra-na-disputa-pelo-senado-na-chapa-de-raquel-lyra\\\/\",\"url\":\"https:\\\/\\\/ellotv.com.br\\\/site\\\/2026\\\/04\\\/01\\\/tulio-gadelha-oficializa-ida-ao-psd-e-entra-na-disputa-pelo-senado-na-chapa-de-raquel-lyra\\\/\",\"name\":\"T\u00falio Gadelha oficializa ida ao PSD e entra na disputa pelo Senado na chapa de Raquel Lyra - Ello TV\",\"isPartOf\":{\"@id\":\"https:\\\/\\\/ellotv.com.br\\\/site\\\/#website\"},\"primaryImageOfPage\":{\"@id\":\"https:\\\/\\\/ellotv.com.br\\\/site\\\/2026\\\/04\\\/01\\\/tulio-gadelha-oficializa-ida-ao-psd-e-entra-na-disputa-pelo-senado-na-chapa-de-raquel-lyra\\\/#primaryimage\"},\"image\":{\"@id\":\"https:\\\/\\\/ellotv.com.br\\\/site\\\/2026\\\/04\\\/01\\\/tulio-gadelha-oficializa-ida-ao-psd-e-entra-na-disputa-pelo-senado-na-chapa-de-raquel-lyra\\\/#primaryimage\"},\"thumbnailUrl\":\"https:\\\/\\\/ellotv.com.br\\\/site\\\/wp-content\\\/uploads\\\/2026\\\/04\\\/WhatsApp-Image-2026-04-01-at-06.33.10.jpeg\",\"datePublished\":\"2026-04-01T11:37:13+00:00\",\"description\":\"T\u00falio Gadelha se filia ao PSD, confirma pr\u00e9-candidatura ao Senado e fortalece chapa de Raquel Lyra em Pernambuco para 2026.\",\"breadcrumb\":{\"@id\":\"https:\\\/\\\/ellotv.com.br\\\/site\\\/2026\\\/04\\\/01\\\/tulio-gadelha-oficializa-ida-ao-psd-e-entra-na-disputa-pelo-senado-na-chapa-de-raquel-lyra\\\/#breadcrumb\"},\"inLanguage\":\"pt-BR\",\"potentialAction\":[{\"@type\":\"ReadAction\",\"target\":[\"https:\\\/\\\/ellotv.com.br\\\/site\\\/2026\\\/04\\\/01\\\/tulio-gadelha-oficializa-ida-ao-psd-e-entra-na-disputa-pelo-senado-na-chapa-de-raquel-lyra\\\/\"]}]},{\"@type\":\"ImageObject\",\"inLanguage\":\"pt-BR\",\"@id\":\"https:\\\/\\\/ellotv.com.br\\\/site\\\/2026\\\/04\\\/01\\\/tulio-gadelha-oficializa-ida-ao-psd-e-entra-na-disputa-pelo-senado-na-chapa-de-raquel-lyra\\\/#primaryimage\",\"url\":\"https:\\\/\\\/ellotv.com.br\\\/site\\\/wp-content\\\/uploads\\\/2026\\\/04\\\/WhatsApp-Image-2026-04-01-at-06.33.10.jpeg\",\"contentUrl\":\"https:\\\/\\\/ellotv.com.br\\\/site\\\/wp-content\\\/uploads\\\/2026\\\/04\\\/WhatsApp-Image-2026-04-01-at-06.33.10.jpeg\",\"width\":1121,\"height\":1402},{\"@type\":\"BreadcrumbList\",\"@id\":\"https:\\\/\\\/ellotv.com.br\\\/site\\\/2026\\\/04\\\/01\\\/tulio-gadelha-oficializa-ida-ao-psd-e-entra-na-disputa-pelo-senado-na-chapa-de-raquel-lyra\\\/#breadcrumb\",\"itemListElement\":[{\"@type\":\"ListItem\",\"position\":1,\"name\":\"In\u00edcio\",\"item\":\"https:\\\/\\\/ellotv.com.br\\\/site\\\/\"},{\"@type\":\"ListItem\",\"position\":2,\"name\":\"T\u00falio Gadelha oficializa ida ao PSD e entra na disputa pelo Senado na chapa de Raquel Lyra\"}]},{\"@type\":\"WebSite\",\"@id\":\"https:\\\/\\\/ellotv.com.br\\\/site\\\/#website\",\"url\":\"https:\\\/\\\/ellotv.com.br\\\/site\\\/\",\"name\":\"ELLO TV\",\"description\":\"\",\"publisher\":{\"@id\":\"https:\\\/\\\/ellotv.com.br\\\/site\\\/#organization\"},\"potentialAction\":[{\"@type\":\"SearchAction\",\"target\":{\"@type\":\"EntryPoint\",\"urlTemplate\":\"https:\\\/\\\/ellotv.com.br\\\/site\\\/?s={search_term_string}\"},\"query-input\":{\"@type\":\"PropertyValueSpecification\",\"valueRequired\":true,\"valueName\":\"search_term_string\"}}],\"inLanguage\":\"pt-BR\"},{\"@type\":\"Organization\",\"@id\":\"https:\\\/\\\/ellotv.com.br\\\/site\\\/#organization\",\"name\":\"ELLO TV\",\"url\":\"https:\\\/\\\/ellotv.com.br\\\/site\\\/\",\"logo\":{\"@type\":\"ImageObject\",\"inLanguage\":\"pt-BR\",\"@id\":\"https:\\\/\\\/ellotv.com.br\\\/site\\\/#\\\/schema\\\/logo\\\/image\\\/\",\"url\":\"https:\\\/\\\/ellotv.com.br\\\/site\\\/wp-content\\\/uploads\\\/2025\\\/11\\\/ello-logo-2.fw_.png\",\"contentUrl\":\"https:\\\/\\\/ellotv.com.br\\\/site\\\/wp-content\\\/uploads\\\/2025\\\/11\\\/ello-logo-2.fw_.png\",\"width\":400,\"height\":146,\"caption\":\"ELLO TV\"},\"image\":{\"@id\":\"https:\\\/\\\/ellotv.com.br\\\/site\\\/#\\\/schema\\\/logo\\\/image\\\/\"}},{\"@type\":\"Person\",\"@id\":\"https:\\\/\\\/ellotv.com.br\\\/site\\\/#\\\/schema\\\/person\\\/2dbe3abaee38dcc7332fc8205cd2b15d\",\"name\":\"ELLO TV\",\"image\":{\"@type\":\"ImageObject\",\"inLanguage\":\"pt-BR\",\"@id\":\"https:\\\/\\\/secure.gravatar.com\\\/avatar\\\/c38242b9da8ec217ac3f0aaee31a54f7d7befb11b2b47fdbc8fb0fad60afa1c6?s=96&d=mm&r=g\",\"url\":\"https:\\\/\\\/secure.gravatar.com\\\/avatar\\\/c38242b9da8ec217ac3f0aaee31a54f7d7befb11b2b47fdbc8fb0fad60afa1c6?s=96&d=mm&r=g\",\"contentUrl\":\"https:\\\/\\\/secure.gravatar.com\\\/avatar\\\/c38242b9da8ec217ac3f0aaee31a54f7d7befb11b2b47fdbc8fb0fad60afa1c6?s=96&d=mm&r=g\",\"caption\":\"ELLO TV\"},\"url\":\"https:\\\/\\\/ellotv.com.br\\\/site\\\/author\\\/elloagencia\\\/\"}]}<\/script>\n<!-- \/ Yoast SEO plugin. -->","yoast_head_json":{"title":"T\u00falio Gadelha oficializa ida ao PSD e entra na disputa pelo Senado na chapa de Raquel Lyra - Ello TV","description":"T\u00falio Gadelha se filia ao PSD, confirma pr\u00e9-candidatura ao Senado e fortalece chapa de Raquel Lyra em Pernambuco para 2026.","robots":{"index":"index","follow":"follow","max-snippet":"max-snippet:-1","max-image-preview":"max-image-preview:large","max-video-preview":"max-video-preview:-1"},"canonical":"https:\/\/ellotv.com.br\/site\/2026\/04\/01\/tulio-gadelha-oficializa-ida-ao-psd-e-entra-na-disputa-pelo-senado-na-chapa-de-raquel-lyra\/","og_locale":"pt_BR","og_type":"article","og_title":"T\u00falio Gadelha oficializa ida ao PSD e entra na disputa pelo Senado na chapa de Raquel Lyra - Ello TV","og_description":"T\u00falio Gadelha se filia ao PSD, confirma pr\u00e9-candidatura ao Senado e fortalece chapa de Raquel Lyra em Pernambuco para 2026.","og_url":"https:\/\/ellotv.com.br\/site\/2026\/04\/01\/tulio-gadelha-oficializa-ida-ao-psd-e-entra-na-disputa-pelo-senado-na-chapa-de-raquel-lyra\/","og_site_name":"Ello TV","article_published_time":"2026-04-01T11:37:13+00:00","og_image":[{"width":1121,"height":1402,"url":"https:\/\/ellotv.com.br\/site\/wp-content\/uploads\/2026\/04\/WhatsApp-Image-2026-04-01-at-06.33.10.jpeg","type":"image\/jpeg"}],"author":"ELLO TV","twitter_card":"summary_large_image","twitter_misc":{"Escrito por":"ELLO TV","Est. tempo de leitura":"1 minuto"},"schema":{"@context":"https:\/\/schema.org","@graph":[{"@type":"Article","@id":"https:\/\/ellotv.com.br\/site\/2026\/04\/01\/tulio-gadelha-oficializa-ida-ao-psd-e-entra-na-disputa-pelo-senado-na-chapa-de-raquel-lyra\/#article","isPartOf":{"@id":"https:\/\/ellotv.com.br\/site\/2026\/04\/01\/tulio-gadelha-oficializa-ida-ao-psd-e-entra-na-disputa-pelo-senado-na-chapa-de-raquel-lyra\/"},"author":{"name":"ELLO TV","@id":"https:\/\/ellotv.com.br\/site\/#\/schema\/person\/2dbe3abaee38dcc7332fc8205cd2b15d"},"headline":"T\u00falio Gadelha oficializa ida ao PSD e entra na disputa pelo Senado na chapa de Raquel Lyra","datePublished":"2026-04-01T11:37:13+00:00","mainEntityOfPage":{"@id":"https:\/\/ellotv.com.br\/site\/2026\/04\/01\/tulio-gadelha-oficializa-ida-ao-psd-e-entra-na-disputa-pelo-senado-na-chapa-de-raquel-lyra\/"},"wordCount":315,"commentCount":0,"publisher":{"@id":"https:\/\/ellotv.com.br\/site\/#organization"},"image":{"@id":"https:\/\/ellotv.com.br\/site\/2026\/04\/01\/tulio-gadelha-oficializa-ida-ao-psd-e-entra-na-disputa-pelo-senado-na-chapa-de-raquel-lyra\/#primaryimage"},"thumbnailUrl":"https:\/\/ellotv.com.br\/site\/wp-content\/uploads\/2026\/04\/WhatsApp-Image-2026-04-01-at-06.33.10.jpeg","articleSection":["Brasil","Noticias","Regional"],"inLanguage":"pt-BR","potentialAction":[{"@type":"CommentAction","name":"Comment","target":["https:\/\/ellotv.com.br\/site\/2026\/04\/01\/tulio-gadelha-oficializa-ida-ao-psd-e-entra-na-disputa-pelo-senado-na-chapa-de-raquel-lyra\/#respond"]}]},{"@type":"WebPage","@id":"https:\/\/ellotv.com.br\/site\/2026\/04\/01\/tulio-gadelha-oficializa-ida-ao-psd-e-entra-na-disputa-pelo-senado-na-chapa-de-raquel-lyra\/","url":"https:\/\/ellotv.com.br\/site\/2026\/04\/01\/tulio-gadelha-oficializa-ida-ao-psd-e-entra-na-disputa-pelo-senado-na-chapa-de-raquel-lyra\/","name":"T\u00falio Gadelha oficializa ida ao PSD e entra na disputa pelo Senado na chapa de Raquel Lyra - Ello TV","isPartOf":{"@id":"https:\/\/ellotv.com.br\/site\/#website"},"primaryImageOfPage":{"@id":"https:\/\/ellotv.com.br\/site\/2026\/04\/01\/tulio-gadelha-oficializa-ida-ao-psd-e-entra-na-disputa-pelo-senado-na-chapa-de-raquel-lyra\/#primaryimage"},"image":{"@id":"https:\/\/ellotv.com.br\/site\/2026\/04\/01\/tulio-gadelha-oficializa-ida-ao-psd-e-entra-na-disputa-pelo-senado-na-chapa-de-raquel-lyra\/#primaryimage"},"thumbnailUrl":"https:\/\/ellotv.com.br\/site\/wp-content\/uploads\/2026\/04\/WhatsApp-Image-2026-04-01-at-06.33.10.jpeg","datePublished":"2026-04-01T11:37:13+00:00","description":"T\u00falio Gadelha se filia ao PSD, confirma pr\u00e9-candidatura ao Senado e fortalece chapa de Raquel Lyra em Pernambuco para 2026.","breadcrumb":{"@id":"https:\/\/ellotv.com.br\/site\/2026\/04\/01\/tulio-gadelha-oficializa-ida-ao-psd-e-entra-na-disputa-pelo-senado-na-chapa-de-raquel-lyra\/#breadcrumb"},"inLanguage":"pt-BR","potentialAction":[{"@type":"ReadAction","target":["https:\/\/ellotv.com.br\/site\/2026\/04\/01\/tulio-gadelha-oficializa-ida-ao-psd-e-entra-na-disputa-pelo-senado-na-chapa-de-raquel-lyra\/"]}]},{"@type":"ImageObject","inLanguage":"pt-BR","@id":"https:\/\/ellotv.com.br\/site\/2026\/04\/01\/tulio-gadelha-oficializa-ida-ao-psd-e-entra-na-disputa-pelo-senado-na-chapa-de-raquel-lyra\/#primaryimage","url":"https:\/\/ellotv.com.br\/site\/wp-content\/uploads\/2026\/04\/WhatsApp-Image-2026-04-01-at-06.33.10.jpeg","contentUrl":"https:\/\/ellotv.com.br\/site\/wp-content\/uploads\/2026\/04\/WhatsApp-Image-2026-04-01-at-06.33.10.jpeg","width":1121,"height":1402},{"@type":"BreadcrumbList","@id":"https:\/\/ellotv.com.br\/site\/2026\/04\/01\/tulio-gadelha-oficializa-ida-ao-psd-e-entra-na-disputa-pelo-senado-na-chapa-de-raquel-lyra\/#breadcrumb","itemListElement":[{"@type":"ListItem","position":1,"name":"In\u00edcio","item":"https:\/\/ellotv.com.br\/site\/"},{"@type":"ListItem","position":2,"name":"T\u00falio Gadelha oficializa ida ao PSD e entra na disputa pelo Senado na chapa de Raquel Lyra"}]},{"@type":"WebSite","@id":"https:\/\/ellotv.com.br\/site\/#website","url":"https:\/\/ellotv.com.br\/site\/","name":"ELLO TV","description":"","publisher":{"@id":"https:\/\/ellotv.com.br\/site\/#organization"},"potentialAction":[{"@type":"SearchAction","target":{"@type":"EntryPoint","urlTemplate":"https:\/\/ellotv.com.br\/site\/?s={search_term_string}"},"query-input":{"@type":"PropertyValueSpecification","valueRequired":true,"valueName":"search_term_string"}}],"inLanguage":"pt-BR"},{"@type":"Organization","@id":"https:\/\/ellotv.com.br\/site\/#organization","name":"ELLO TV","url":"https:\/\/ellotv.com.br\/site\/","logo":{"@type":"ImageObject","inLanguage":"pt-BR","@id":"https:\/\/ellotv.com.br\/site\/#\/schema\/logo\/image\/","url":"https:\/\/ellotv.com.br\/site\/wp-content\/uploads\/2025\/11\/ello-logo-2.fw_.png","contentUrl":"https:\/\/ellotv.com.br\/site\/wp-content\/uploads\/2025\/11\/ello-logo-2.fw_.png","width":400,"height":146,"caption":"ELLO TV"},"image":{"@id":"https:\/\/ellotv.com.br\/site\/#\/schema\/logo\/image\/"}},{"@type":"Person","@id":"https:\/\/ellotv.com.br\/site\/#\/schema\/person\/2dbe3abaee38dcc7332fc8205cd2b15d","name":"ELLO TV","image":{"@type":"ImageObject","inLanguage":"pt-BR","@id":"https:\/\/secure.gravatar.com\/avatar\/c38242b9da8ec217ac3f0aaee31a54f7d7befb11b2b47fdbc8fb0fad60afa1c6?s=96&d=mm&r=g","url":"https:\/\/secure.gravatar.com\/avatar\/c38242b9da8ec217ac3f0aaee31a54f7d7befb11b2b47fdbc8fb0fad60afa1c6?s=96&d=mm&r=g","contentUrl":"https:\/\/secure.gravatar.com\/avatar\/c38242b9da8ec217ac3f0aaee31a54f7d7befb11b2b47fdbc8fb0fad60afa1c6?s=96&d=mm&r=g","caption":"ELLO TV"},"url":"https:\/\/ellotv.com.br\/site\/author\/elloagencia\/"}]}},"featured_image_urls":{"full":["https:\/\/ellotv.com.br\/site\/wp-content\/uploads\/2026\/04\/WhatsApp-Image-2026-04-01-at-06.33.10.jpeg",1121,1402,false],"thumbnail":["https:\/\/ellotv.com.br\/site\/wp-content\/uploads\/2026\/04\/WhatsApp-Image-2026-04-01-at-06.33.10-150x150.jpeg",150,150,true],"medium":["https:\/\/ellotv.com.br\/site\/wp-content\/uploads\/2026\/04\/WhatsApp-Image-2026-04-01-at-06.33.10-240x300.jpeg",240,300,true],"medium_large":["https:\/\/ellotv.com.br\/site\/wp-content\/uploads\/2026\/04\/WhatsApp-Image-2026-04-01-at-06.33.10-768x961.jpeg",640,801,true],"large":["https:\/\/ellotv.com.br\/site\/wp-content\/uploads\/2026\/04\/WhatsApp-Image-2026-04-01-at-06.33.10-819x1024.jpeg",640,800,true],"1536x1536":["https:\/\/ellotv.com.br\/site\/wp-content\/uploads\/2026\/04\/WhatsApp-Image-2026-04-01-at-06.33.10.jpeg",1121,1402,false],"2048x2048":["https:\/\/ellotv.com.br\/site\/wp-content\/uploads\/2026\/04\/WhatsApp-Image-2026-04-01-at-06.33.10.jpeg",1121,1402,false],"darknews-slider-full":["https:\/\/ellotv.com.br\/site\/wp-content\/uploads\/2026\/04\/WhatsApp-Image-2026-04-01-at-06.33.10-1121x720.jpeg",1121,720,true],"darknews-featured":["https:\/\/ellotv.com.br\/site\/wp-content\/uploads\/2026\/04\/WhatsApp-Image-2026-04-01-at-06.33.10-1024x1281.jpeg",1024,1281,true],"darknews-medium":["https:\/\/ellotv.com.br\/site\/wp-content\/uploads\/2026\/04\/WhatsApp-Image-2026-04-01-at-06.33.10-720x530.jpeg",720,530,true],"darknews-medium-square":["https:\/\/ellotv.com.br\/site\/wp-content\/uploads\/2026\/04\/WhatsApp-Image-2026-04-01-at-06.33.10-350x350.jpeg",350,350,true]},"author_info":{"info":["ELLO TV"]},"category_info":"<a href=\"https:\/\/ellotv.com.br\/site\/category\/brasil\/\" rel=\"category tag\">Brasil<\/a> <a href=\"https:\/\/ellotv.com.br\/site\/category\/noticias\/\" rel=\"category tag\">Noticias<\/a> <a href=\"https:\/\/ellotv.com.br\/site\/category\/regional\/\" rel=\"category tag\">Regional<\/a>","tag_info":"Regional","comment_count":"0","_links":{"self":[{"href":"https:\/\/ellotv.com.br\/site\/wp-json\/wp\/v2\/posts\/5477","targetHints":{"allow":["GET"]}}],"collection":[{"href":"https:\/\/ellotv.com.br\/site\/wp-json\/wp\/v2\/posts"}],"about":[{"href":"https:\/\/ellotv.com.br\/site\/wp-json\/wp\/v2\/types\/post"}],"author":[{"embeddable":true,"href":"https:\/\/ellotv.com.br\/site\/wp-json\/wp\/v2\/users\/2"}],"replies":[{"embeddable":true,"href":"https:\/\/ellotv.com.br\/site\/wp-json\/wp\/v2\/comments?post=5477"}],"version-history":[{"count":1,"href":"https:\/\/ellotv.com.br\/site\/wp-json\/wp\/v2\/posts\/5477\/revisions"}],"predecessor-version":[{"id":5479,"href":"https:\/\/ellotv.com.br\/site\/wp-json\/wp\/v2\/posts\/5477\/revisions\/5479"}],"wp:featuredmedia":[{"embeddable":true,"href":"https:\/\/ellotv.com.br\/site\/wp-json\/wp\/v2\/media\/5478"}],"wp:attachment":[{"href":"https:\/\/ellotv.com.br\/site\/wp-json\/wp\/v2\/media?parent=5477"}],"wp:term":[{"taxonomy":"category","embeddable":true,"href":"https:\/\/ellotv.com.br\/site\/wp-json\/wp\/v2\/categories?post=5477"},{"taxonomy":"post_tag","embeddable":true,"href":"https:\/\/ellotv.com.br\/site\/wp-json\/wp\/v2\/tags?post=5477"}],"curies":[{"name":"wp","href":"https:\/\/api.w.org\/{rel}","templated":true}]}}