{"id":5483,"date":"2026-04-01T14:46:26","date_gmt":"2026-04-01T17:46:26","guid":{"rendered":"https:\/\/ellotv.com.br\/site\/?p=5483"},"modified":"2026-04-01T14:46:26","modified_gmt":"2026-04-01T17:46:26","slug":"miguel-duque-deixa-presidencia-do-ipa-e-confirma-pre-candidatura-a-deputado-federal","status":"publish","type":"post","link":"https:\/\/ellotv.com.br\/site\/2026\/04\/01\/miguel-duque-deixa-presidencia-do-ipa-e-confirma-pre-candidatura-a-deputado-federal\/","title":{"rendered":"Miguel Duque deixa presid\u00eancia do IPA e confirma pr\u00e9-candidatura a deputado federal"},"content":{"rendered":"<p data-start=\"85\" data-end=\"419\">O presidente do <span class=\"hover:entity-accent entity-underline inline cursor-pointer align-baseline\"><span class=\"whitespace-normal\">Instituto Agron\u00f4mico de Pernambuco<\/span><\/span>, <span class=\"hover:entity-accent entity-underline inline cursor-pointer align-baseline\"><span class=\"whitespace-normal\">Miguel Duque<\/span><\/span>, est\u00e1 deixando o comando do \u00f3rg\u00e3o ap\u00f3s um ano de gest\u00e3o marcado por avan\u00e7os no fortalecimento do campo pernambucano. A sa\u00edda ocorre em meio \u00e0 prepara\u00e7\u00e3o para disputar uma vaga como deputado federal pelo <span class=\"hover:entity-accent entity-underline inline cursor-pointer align-baseline\"><span class=\"whitespace-normal\">Podemos<\/span><\/span>.<\/p>\n<h3 data-section-id=\"1u5o230\" data-start=\"421\" data-end=\"464\">Investimentos e apoio ao produtor rural<\/h3>\n<p data-start=\"466\" data-end=\"766\">Durante sua gest\u00e3o, Miguel Duque se destacou por iniciativas voltadas \u00e0 agricultura familiar e ao apoio direto a pequenos e m\u00e9dios produtores. Entre os resultados, est\u00e3o a entrega de mais de 200 tratores, centenas de implementos agr\u00edcolas e equipamentos que ampliaram a capacidade produtiva no campo.<\/p>\n<h3 data-section-id=\"hy8592\" data-start=\"768\" data-end=\"805\">Infraestrutura e mobilidade rural<\/h3>\n<p data-start=\"807\" data-end=\"1045\">Outro avan\u00e7o significativo foi a recupera\u00e7\u00e3o de mais de 1.750 quil\u00f4metros de estradas vicinais, facilitando o acesso \u00e0s comunidades rurais e melhorando o escoamento da produ\u00e7\u00e3o em diversas regi\u00f5es de <span class=\"hover:entity-accent entity-underline inline cursor-pointer align-baseline\"><span class=\"whitespace-normal\">Pernambuco<\/span><\/span>.<\/p>\n<h3 data-section-id=\"a3wdbm\" data-start=\"1047\" data-end=\"1082\">Combate \u00e0 estiagem no semi\u00e1rido<\/h3>\n<p data-start=\"1084\" data-end=\"1290\">No eixo h\u00eddrico, a gest\u00e3o priorizou a\u00e7\u00f5es de conviv\u00eancia com a seca, com a limpeza de barragens e barreiros, al\u00e9m da perfura\u00e7\u00e3o de po\u00e7os artesianos, garantindo mais acesso \u00e0 \u00e1gua para fam\u00edlias do semi\u00e1rido.<\/p>\n<h3 data-section-id=\"19ixbfm\" data-start=\"1292\" data-end=\"1317\">Novo desafio pol\u00edtico<\/h3>\n<p data-start=\"1319\" data-end=\"1550\">Ao se despedir do cargo, Miguel Duque agradeceu \u00e0 governadora <span class=\"hover:entity-accent entity-underline inline cursor-pointer align-baseline\"><span class=\"whitespace-normal\">Raquel Lyra<\/span><\/span> pela confian\u00e7a e destacou o trabalho de reestrutura\u00e7\u00e3o do IPA, aproximando a institui\u00e7\u00e3o das necessidades reais da popula\u00e7\u00e3o rural.<\/p>\n<p data-start=\"1552\" data-end=\"1753\">Mesmo fora da presid\u00eancia, ele refor\u00e7ou que seguir\u00e1 alinhado ao projeto pol\u00edtico do governo estadual, especialmente nas pautas relacionadas \u00e0 seguran\u00e7a h\u00eddrica e ao enfrentamento da estiagem no Sert\u00e3o.<\/p>\n","protected":false},"excerpt":{"rendered":"<p>O presidente do Instituto Agron\u00f4mico de Pernambuco, Miguel Duque, est\u00e1 deixando o comando do \u00f3rg\u00e3o ap\u00f3s um ano<\/p>\n","protected":false},"author":2,"featured_media":5484,"comment_status":"open","ping_status":"open","sticky":false,"template":"","format":"standard","meta":{"footnotes":""},"categories":[12,9],"tags":[],"class_list":["post-5483","post","type-post","status-publish","format-standard","has-post-thumbnail","hentry","category-noticias","category-regional"],"yoast_head":"<!-- This site is optimized with the Yoast SEO plugin v28.3 - https:\/\/yoast.com\/product\/yoast-seo-wordpress\/ -->\n<title>Miguel Duque deixa presid\u00eancia do IPA e confirma pr\u00e9-candidatura a deputado federal - Ello TV<\/title>\n<meta name=\"description\" content=\"Miguel Duque deixa presid\u00eancia do IPA ap\u00f3s avan\u00e7os no campo e se prepara para disputar vaga de deputado federal por Pernambuco.\" \/>\n<meta name=\"robots\" content=\"index, follow, max-snippet:-1, max-image-preview:large, max-video-preview:-1\" \/>\n<link rel=\"canonical\" href=\"https:\/\/ellotv.com.br\/site\/2026\/04\/01\/miguel-duque-deixa-presidencia-do-ipa-e-confirma-pre-candidatura-a-deputado-federal\/\" \/>\n<meta property=\"og:locale\" content=\"pt_BR\" \/>\n<meta property=\"og:type\" content=\"article\" \/>\n<meta property=\"og:title\" content=\"Miguel Duque deixa presid\u00eancia do IPA e confirma pr\u00e9-candidatura a deputado federal - Ello TV\" \/>\n<meta property=\"og:description\" content=\"Miguel Duque deixa presid\u00eancia do IPA ap\u00f3s avan\u00e7os no campo e se prepara para disputar vaga de deputado federal por Pernambuco.\" \/>\n<meta property=\"og:url\" content=\"https:\/\/ellotv.com.br\/site\/2026\/04\/01\/miguel-duque-deixa-presidencia-do-ipa-e-confirma-pre-candidatura-a-deputado-federal\/\" \/>\n<meta property=\"og:site_name\" content=\"Ello TV\" \/>\n<meta property=\"article:published_time\" content=\"2026-04-01T17:46:26+00:00\" \/>\n<meta property=\"og:image\" content=\"https:\/\/ellotv.com.br\/site\/wp-content\/uploads\/2026\/04\/WhatsApp-Image-2026-04-01-at-14.37.33.jpeg\" \/>\n\t<meta property=\"og:image:width\" content=\"1024\" \/>\n\t<meta property=\"og:image:height\" content=\"1536\" \/>\n\t<meta property=\"og:image:type\" content=\"image\/jpeg\" \/>\n<meta name=\"author\" content=\"ELLO TV\" \/>\n<meta name=\"twitter:card\" content=\"summary_large_image\" \/>\n<meta name=\"twitter:label1\" content=\"Escrito por\" \/>\n\t<meta name=\"twitter:data1\" content=\"ELLO TV\" \/>\n\t<meta name=\"twitter:label2\" content=\"Est. tempo de leitura\" \/>\n\t<meta name=\"twitter:data2\" content=\"1 minuto\" \/>\n<script type=\"application\/ld+json\" class=\"yoast-schema-graph\">{\"@context\":\"https:\\\/\\\/schema.org\",\"@graph\":[{\"@type\":\"Article\",\"@id\":\"https:\\\/\\\/ellotv.com.br\\\/site\\\/2026\\\/04\\\/01\\\/miguel-duque-deixa-presidencia-do-ipa-e-confirma-pre-candidatura-a-deputado-federal\\\/#article\",\"isPartOf\":{\"@id\":\"https:\\\/\\\/ellotv.com.br\\\/site\\\/2026\\\/04\\\/01\\\/miguel-duque-deixa-presidencia-do-ipa-e-confirma-pre-candidatura-a-deputado-federal\\\/\"},\"author\":{\"name\":\"ELLO TV\",\"@id\":\"https:\\\/\\\/ellotv.com.br\\\/site\\\/#\\\/schema\\\/person\\\/2dbe3abaee38dcc7332fc8205cd2b15d\"},\"headline\":\"Miguel Duque deixa presid\u00eancia do IPA e confirma pr\u00e9-candidatura a deputado federal\",\"datePublished\":\"2026-04-01T17:46:26+00:00\",\"mainEntityOfPage\":{\"@id\":\"https:\\\/\\\/ellotv.com.br\\\/site\\\/2026\\\/04\\\/01\\\/miguel-duque-deixa-presidencia-do-ipa-e-confirma-pre-candidatura-a-deputado-federal\\\/\"},\"wordCount\":276,\"commentCount\":0,\"publisher\":{\"@id\":\"https:\\\/\\\/ellotv.com.br\\\/site\\\/#organization\"},\"image\":{\"@id\":\"https:\\\/\\\/ellotv.com.br\\\/site\\\/2026\\\/04\\\/01\\\/miguel-duque-deixa-presidencia-do-ipa-e-confirma-pre-candidatura-a-deputado-federal\\\/#primaryimage\"},\"thumbnailUrl\":\"https:\\\/\\\/ellotv.com.br\\\/site\\\/wp-content\\\/uploads\\\/2026\\\/04\\\/WhatsApp-Image-2026-04-01-at-14.37.33.jpeg\",\"articleSection\":[\"Noticias\",\"Regional\"],\"inLanguage\":\"pt-BR\",\"potentialAction\":[{\"@type\":\"CommentAction\",\"name\":\"Comment\",\"target\":[\"https:\\\/\\\/ellotv.com.br\\\/site\\\/2026\\\/04\\\/01\\\/miguel-duque-deixa-presidencia-do-ipa-e-confirma-pre-candidatura-a-deputado-federal\\\/#respond\"]}]},{\"@type\":\"WebPage\",\"@id\":\"https:\\\/\\\/ellotv.com.br\\\/site\\\/2026\\\/04\\\/01\\\/miguel-duque-deixa-presidencia-do-ipa-e-confirma-pre-candidatura-a-deputado-federal\\\/\",\"url\":\"https:\\\/\\\/ellotv.com.br\\\/site\\\/2026\\\/04\\\/01\\\/miguel-duque-deixa-presidencia-do-ipa-e-confirma-pre-candidatura-a-deputado-federal\\\/\",\"name\":\"Miguel Duque deixa presid\u00eancia do IPA e confirma pr\u00e9-candidatura a deputado federal - Ello TV\",\"isPartOf\":{\"@id\":\"https:\\\/\\\/ellotv.com.br\\\/site\\\/#website\"},\"primaryImageOfPage\":{\"@id\":\"https:\\\/\\\/ellotv.com.br\\\/site\\\/2026\\\/04\\\/01\\\/miguel-duque-deixa-presidencia-do-ipa-e-confirma-pre-candidatura-a-deputado-federal\\\/#primaryimage\"},\"image\":{\"@id\":\"https:\\\/\\\/ellotv.com.br\\\/site\\\/2026\\\/04\\\/01\\\/miguel-duque-deixa-presidencia-do-ipa-e-confirma-pre-candidatura-a-deputado-federal\\\/#primaryimage\"},\"thumbnailUrl\":\"https:\\\/\\\/ellotv.com.br\\\/site\\\/wp-content\\\/uploads\\\/2026\\\/04\\\/WhatsApp-Image-2026-04-01-at-14.37.33.jpeg\",\"datePublished\":\"2026-04-01T17:46:26+00:00\",\"description\":\"Miguel Duque deixa presid\u00eancia do IPA ap\u00f3s avan\u00e7os no campo e se prepara para disputar vaga de deputado federal por Pernambuco.\",\"breadcrumb\":{\"@id\":\"https:\\\/\\\/ellotv.com.br\\\/site\\\/2026\\\/04\\\/01\\\/miguel-duque-deixa-presidencia-do-ipa-e-confirma-pre-candidatura-a-deputado-federal\\\/#breadcrumb\"},\"inLanguage\":\"pt-BR\",\"potentialAction\":[{\"@type\":\"ReadAction\",\"target\":[\"https:\\\/\\\/ellotv.com.br\\\/site\\\/2026\\\/04\\\/01\\\/miguel-duque-deixa-presidencia-do-ipa-e-confirma-pre-candidatura-a-deputado-federal\\\/\"]}]},{\"@type\":\"ImageObject\",\"inLanguage\":\"pt-BR\",\"@id\":\"https:\\\/\\\/ellotv.com.br\\\/site\\\/2026\\\/04\\\/01\\\/miguel-duque-deixa-presidencia-do-ipa-e-confirma-pre-candidatura-a-deputado-federal\\\/#primaryimage\",\"url\":\"https:\\\/\\\/ellotv.com.br\\\/site\\\/wp-content\\\/uploads\\\/2026\\\/04\\\/WhatsApp-Image-2026-04-01-at-14.37.33.jpeg\",\"contentUrl\":\"https:\\\/\\\/ellotv.com.br\\\/site\\\/wp-content\\\/uploads\\\/2026\\\/04\\\/WhatsApp-Image-2026-04-01-at-14.37.33.jpeg\",\"width\":1024,\"height\":1536},{\"@type\":\"BreadcrumbList\",\"@id\":\"https:\\\/\\\/ellotv.com.br\\\/site\\\/2026\\\/04\\\/01\\\/miguel-duque-deixa-presidencia-do-ipa-e-confirma-pre-candidatura-a-deputado-federal\\\/#breadcrumb\",\"itemListElement\":[{\"@type\":\"ListItem\",\"position\":1,\"name\":\"In\u00edcio\",\"item\":\"https:\\\/\\\/ellotv.com.br\\\/site\\\/\"},{\"@type\":\"ListItem\",\"position\":2,\"name\":\"Miguel Duque deixa presid\u00eancia do IPA e confirma pr\u00e9-candidatura a deputado federal\"}]},{\"@type\":\"WebSite\",\"@id\":\"https:\\\/\\\/ellotv.com.br\\\/site\\\/#website\",\"url\":\"https:\\\/\\\/ellotv.com.br\\\/site\\\/\",\"name\":\"ELLO TV\",\"description\":\"\",\"publisher\":{\"@id\":\"https:\\\/\\\/ellotv.com.br\\\/site\\\/#organization\"},\"potentialAction\":[{\"@type\":\"SearchAction\",\"target\":{\"@type\":\"EntryPoint\",\"urlTemplate\":\"https:\\\/\\\/ellotv.com.br\\\/site\\\/?s={search_term_string}\"},\"query-input\":{\"@type\":\"PropertyValueSpecification\",\"valueRequired\":true,\"valueName\":\"search_term_string\"}}],\"inLanguage\":\"pt-BR\"},{\"@type\":\"Organization\",\"@id\":\"https:\\\/\\\/ellotv.com.br\\\/site\\\/#organization\",\"name\":\"ELLO TV\",\"url\":\"https:\\\/\\\/ellotv.com.br\\\/site\\\/\",\"logo\":{\"@type\":\"ImageObject\",\"inLanguage\":\"pt-BR\",\"@id\":\"https:\\\/\\\/ellotv.com.br\\\/site\\\/#\\\/schema\\\/logo\\\/image\\\/\",\"url\":\"https:\\\/\\\/ellotv.com.br\\\/site\\\/wp-content\\\/uploads\\\/2025\\\/11\\\/ello-logo-2.fw_.png\",\"contentUrl\":\"https:\\\/\\\/ellotv.com.br\\\/site\\\/wp-content\\\/uploads\\\/2025\\\/11\\\/ello-logo-2.fw_.png\",\"width\":400,\"height\":146,\"caption\":\"ELLO TV\"},\"image\":{\"@id\":\"https:\\\/\\\/ellotv.com.br\\\/site\\\/#\\\/schema\\\/logo\\\/image\\\/\"}},{\"@type\":\"Person\",\"@id\":\"https:\\\/\\\/ellotv.com.br\\\/site\\\/#\\\/schema\\\/person\\\/2dbe3abaee38dcc7332fc8205cd2b15d\",\"name\":\"ELLO TV\",\"image\":{\"@type\":\"ImageObject\",\"inLanguage\":\"pt-BR\",\"@id\":\"https:\\\/\\\/secure.gravatar.com\\\/avatar\\\/c38242b9da8ec217ac3f0aaee31a54f7d7befb11b2b47fdbc8fb0fad60afa1c6?s=96&d=mm&r=g\",\"url\":\"https:\\\/\\\/secure.gravatar.com\\\/avatar\\\/c38242b9da8ec217ac3f0aaee31a54f7d7befb11b2b47fdbc8fb0fad60afa1c6?s=96&d=mm&r=g\",\"contentUrl\":\"https:\\\/\\\/secure.gravatar.com\\\/avatar\\\/c38242b9da8ec217ac3f0aaee31a54f7d7befb11b2b47fdbc8fb0fad60afa1c6?s=96&d=mm&r=g\",\"caption\":\"ELLO TV\"},\"url\":\"https:\\\/\\\/ellotv.com.br\\\/site\\\/author\\\/elloagencia\\\/\"}]}<\/script>\n<!-- \/ Yoast SEO plugin. -->","yoast_head_json":{"title":"Miguel Duque deixa presid\u00eancia do IPA e confirma pr\u00e9-candidatura a deputado federal - Ello TV","description":"Miguel Duque deixa presid\u00eancia do IPA ap\u00f3s avan\u00e7os no campo e se prepara para disputar vaga de deputado federal por Pernambuco.","robots":{"index":"index","follow":"follow","max-snippet":"max-snippet:-1","max-image-preview":"max-image-preview:large","max-video-preview":"max-video-preview:-1"},"canonical":"https:\/\/ellotv.com.br\/site\/2026\/04\/01\/miguel-duque-deixa-presidencia-do-ipa-e-confirma-pre-candidatura-a-deputado-federal\/","og_locale":"pt_BR","og_type":"article","og_title":"Miguel Duque deixa presid\u00eancia do IPA e confirma pr\u00e9-candidatura a deputado federal - Ello TV","og_description":"Miguel Duque deixa presid\u00eancia do IPA ap\u00f3s avan\u00e7os no campo e se prepara para disputar vaga de deputado federal por Pernambuco.","og_url":"https:\/\/ellotv.com.br\/site\/2026\/04\/01\/miguel-duque-deixa-presidencia-do-ipa-e-confirma-pre-candidatura-a-deputado-federal\/","og_site_name":"Ello TV","article_published_time":"2026-04-01T17:46:26+00:00","og_image":[{"width":1024,"height":1536,"url":"https:\/\/ellotv.com.br\/site\/wp-content\/uploads\/2026\/04\/WhatsApp-Image-2026-04-01-at-14.37.33.jpeg","type":"image\/jpeg"}],"author":"ELLO TV","twitter_card":"summary_large_image","twitter_misc":{"Escrito por":"ELLO TV","Est. tempo de leitura":"1 minuto"},"schema":{"@context":"https:\/\/schema.org","@graph":[{"@type":"Article","@id":"https:\/\/ellotv.com.br\/site\/2026\/04\/01\/miguel-duque-deixa-presidencia-do-ipa-e-confirma-pre-candidatura-a-deputado-federal\/#article","isPartOf":{"@id":"https:\/\/ellotv.com.br\/site\/2026\/04\/01\/miguel-duque-deixa-presidencia-do-ipa-e-confirma-pre-candidatura-a-deputado-federal\/"},"author":{"name":"ELLO TV","@id":"https:\/\/ellotv.com.br\/site\/#\/schema\/person\/2dbe3abaee38dcc7332fc8205cd2b15d"},"headline":"Miguel Duque deixa presid\u00eancia do IPA e confirma pr\u00e9-candidatura a deputado federal","datePublished":"2026-04-01T17:46:26+00:00","mainEntityOfPage":{"@id":"https:\/\/ellotv.com.br\/site\/2026\/04\/01\/miguel-duque-deixa-presidencia-do-ipa-e-confirma-pre-candidatura-a-deputado-federal\/"},"wordCount":276,"commentCount":0,"publisher":{"@id":"https:\/\/ellotv.com.br\/site\/#organization"},"image":{"@id":"https:\/\/ellotv.com.br\/site\/2026\/04\/01\/miguel-duque-deixa-presidencia-do-ipa-e-confirma-pre-candidatura-a-deputado-federal\/#primaryimage"},"thumbnailUrl":"https:\/\/ellotv.com.br\/site\/wp-content\/uploads\/2026\/04\/WhatsApp-Image-2026-04-01-at-14.37.33.jpeg","articleSection":["Noticias","Regional"],"inLanguage":"pt-BR","potentialAction":[{"@type":"CommentAction","name":"Comment","target":["https:\/\/ellotv.com.br\/site\/2026\/04\/01\/miguel-duque-deixa-presidencia-do-ipa-e-confirma-pre-candidatura-a-deputado-federal\/#respond"]}]},{"@type":"WebPage","@id":"https:\/\/ellotv.com.br\/site\/2026\/04\/01\/miguel-duque-deixa-presidencia-do-ipa-e-confirma-pre-candidatura-a-deputado-federal\/","url":"https:\/\/ellotv.com.br\/site\/2026\/04\/01\/miguel-duque-deixa-presidencia-do-ipa-e-confirma-pre-candidatura-a-deputado-federal\/","name":"Miguel Duque deixa presid\u00eancia do IPA e confirma pr\u00e9-candidatura a deputado federal - Ello TV","isPartOf":{"@id":"https:\/\/ellotv.com.br\/site\/#website"},"primaryImageOfPage":{"@id":"https:\/\/ellotv.com.br\/site\/2026\/04\/01\/miguel-duque-deixa-presidencia-do-ipa-e-confirma-pre-candidatura-a-deputado-federal\/#primaryimage"},"image":{"@id":"https:\/\/ellotv.com.br\/site\/2026\/04\/01\/miguel-duque-deixa-presidencia-do-ipa-e-confirma-pre-candidatura-a-deputado-federal\/#primaryimage"},"thumbnailUrl":"https:\/\/ellotv.com.br\/site\/wp-content\/uploads\/2026\/04\/WhatsApp-Image-2026-04-01-at-14.37.33.jpeg","datePublished":"2026-04-01T17:46:26+00:00","description":"Miguel Duque deixa presid\u00eancia do IPA ap\u00f3s avan\u00e7os no campo e se prepara para disputar vaga de deputado federal por Pernambuco.","breadcrumb":{"@id":"https:\/\/ellotv.com.br\/site\/2026\/04\/01\/miguel-duque-deixa-presidencia-do-ipa-e-confirma-pre-candidatura-a-deputado-federal\/#breadcrumb"},"inLanguage":"pt-BR","potentialAction":[{"@type":"ReadAction","target":["https:\/\/ellotv.com.br\/site\/2026\/04\/01\/miguel-duque-deixa-presidencia-do-ipa-e-confirma-pre-candidatura-a-deputado-federal\/"]}]},{"@type":"ImageObject","inLanguage":"pt-BR","@id":"https:\/\/ellotv.com.br\/site\/2026\/04\/01\/miguel-duque-deixa-presidencia-do-ipa-e-confirma-pre-candidatura-a-deputado-federal\/#primaryimage","url":"https:\/\/ellotv.com.br\/site\/wp-content\/uploads\/2026\/04\/WhatsApp-Image-2026-04-01-at-14.37.33.jpeg","contentUrl":"https:\/\/ellotv.com.br\/site\/wp-content\/uploads\/2026\/04\/WhatsApp-Image-2026-04-01-at-14.37.33.jpeg","width":1024,"height":1536},{"@type":"BreadcrumbList","@id":"https:\/\/ellotv.com.br\/site\/2026\/04\/01\/miguel-duque-deixa-presidencia-do-ipa-e-confirma-pre-candidatura-a-deputado-federal\/#breadcrumb","itemListElement":[{"@type":"ListItem","position":1,"name":"In\u00edcio","item":"https:\/\/ellotv.com.br\/site\/"},{"@type":"ListItem","position":2,"name":"Miguel Duque deixa presid\u00eancia do IPA e confirma pr\u00e9-candidatura a deputado federal"}]},{"@type":"WebSite","@id":"https:\/\/ellotv.com.br\/site\/#website","url":"https:\/\/ellotv.com.br\/site\/","name":"ELLO TV","description":"","publisher":{"@id":"https:\/\/ellotv.com.br\/site\/#organization"},"potentialAction":[{"@type":"SearchAction","target":{"@type":"EntryPoint","urlTemplate":"https:\/\/ellotv.com.br\/site\/?s={search_term_string}"},"query-input":{"@type":"PropertyValueSpecification","valueRequired":true,"valueName":"search_term_string"}}],"inLanguage":"pt-BR"},{"@type":"Organization","@id":"https:\/\/ellotv.com.br\/site\/#organization","name":"ELLO TV","url":"https:\/\/ellotv.com.br\/site\/","logo":{"@type":"ImageObject","inLanguage":"pt-BR","@id":"https:\/\/ellotv.com.br\/site\/#\/schema\/logo\/image\/","url":"https:\/\/ellotv.com.br\/site\/wp-content\/uploads\/2025\/11\/ello-logo-2.fw_.png","contentUrl":"https:\/\/ellotv.com.br\/site\/wp-content\/uploads\/2025\/11\/ello-logo-2.fw_.png","width":400,"height":146,"caption":"ELLO TV"},"image":{"@id":"https:\/\/ellotv.com.br\/site\/#\/schema\/logo\/image\/"}},{"@type":"Person","@id":"https:\/\/ellotv.com.br\/site\/#\/schema\/person\/2dbe3abaee38dcc7332fc8205cd2b15d","name":"ELLO TV","image":{"@type":"ImageObject","inLanguage":"pt-BR","@id":"https:\/\/secure.gravatar.com\/avatar\/c38242b9da8ec217ac3f0aaee31a54f7d7befb11b2b47fdbc8fb0fad60afa1c6?s=96&d=mm&r=g","url":"https:\/\/secure.gravatar.com\/avatar\/c38242b9da8ec217ac3f0aaee31a54f7d7befb11b2b47fdbc8fb0fad60afa1c6?s=96&d=mm&r=g","contentUrl":"https:\/\/secure.gravatar.com\/avatar\/c38242b9da8ec217ac3f0aaee31a54f7d7befb11b2b47fdbc8fb0fad60afa1c6?s=96&d=mm&r=g","caption":"ELLO TV"},"url":"https:\/\/ellotv.com.br\/site\/author\/elloagencia\/"}]}},"featured_image_urls":{"full":["https:\/\/ellotv.com.br\/site\/wp-content\/uploads\/2026\/04\/WhatsApp-Image-2026-04-01-at-14.37.33.jpeg",1024,1536,false],"thumbnail":["https:\/\/ellotv.com.br\/site\/wp-content\/uploads\/2026\/04\/WhatsApp-Image-2026-04-01-at-14.37.33-150x150.jpeg",150,150,true],"medium":["https:\/\/ellotv.com.br\/site\/wp-content\/uploads\/2026\/04\/WhatsApp-Image-2026-04-01-at-14.37.33-200x300.jpeg",200,300,true],"medium_large":["https:\/\/ellotv.com.br\/site\/wp-content\/uploads\/2026\/04\/WhatsApp-Image-2026-04-01-at-14.37.33-768x1152.jpeg",640,960,true],"large":["https:\/\/ellotv.com.br\/site\/wp-content\/uploads\/2026\/04\/WhatsApp-Image-2026-04-01-at-14.37.33-683x1024.jpeg",640,960,true],"1536x1536":["https:\/\/ellotv.com.br\/site\/wp-content\/uploads\/2026\/04\/WhatsApp-Image-2026-04-01-at-14.37.33.jpeg",1024,1536,false],"2048x2048":["https:\/\/ellotv.com.br\/site\/wp-content\/uploads\/2026\/04\/WhatsApp-Image-2026-04-01-at-14.37.33.jpeg",1024,1536,false],"darknews-slider-full":["https:\/\/ellotv.com.br\/site\/wp-content\/uploads\/2026\/04\/WhatsApp-Image-2026-04-01-at-14.37.33-1024x720.jpeg",1024,720,true],"darknews-featured":["https:\/\/ellotv.com.br\/site\/wp-content\/uploads\/2026\/04\/WhatsApp-Image-2026-04-01-at-14.37.33.jpeg",1024,1536,false],"darknews-medium":["https:\/\/ellotv.com.br\/site\/wp-content\/uploads\/2026\/04\/WhatsApp-Image-2026-04-01-at-14.37.33-720x530.jpeg",720,530,true],"darknews-medium-square":["https:\/\/ellotv.com.br\/site\/wp-content\/uploads\/2026\/04\/WhatsApp-Image-2026-04-01-at-14.37.33-350x350.jpeg",350,350,true]},"author_info":{"info":["ELLO TV"]},"category_info":"<a href=\"https:\/\/ellotv.com.br\/site\/category\/noticias\/\" rel=\"category tag\">Noticias<\/a> <a href=\"https:\/\/ellotv.com.br\/site\/category\/regional\/\" rel=\"category tag\">Regional<\/a>","tag_info":"Regional","comment_count":"0","_links":{"self":[{"href":"https:\/\/ellotv.com.br\/site\/wp-json\/wp\/v2\/posts\/5483","targetHints":{"allow":["GET"]}}],"collection":[{"href":"https:\/\/ellotv.com.br\/site\/wp-json\/wp\/v2\/posts"}],"about":[{"href":"https:\/\/ellotv.com.br\/site\/wp-json\/wp\/v2\/types\/post"}],"author":[{"embeddable":true,"href":"https:\/\/ellotv.com.br\/site\/wp-json\/wp\/v2\/users\/2"}],"replies":[{"embeddable":true,"href":"https:\/\/ellotv.com.br\/site\/wp-json\/wp\/v2\/comments?post=5483"}],"version-history":[{"count":1,"href":"https:\/\/ellotv.com.br\/site\/wp-json\/wp\/v2\/posts\/5483\/revisions"}],"predecessor-version":[{"id":5485,"href":"https:\/\/ellotv.com.br\/site\/wp-json\/wp\/v2\/posts\/5483\/revisions\/5485"}],"wp:featuredmedia":[{"embeddable":true,"href":"https:\/\/ellotv.com.br\/site\/wp-json\/wp\/v2\/media\/5484"}],"wp:attachment":[{"href":"https:\/\/ellotv.com.br\/site\/wp-json\/wp\/v2\/media?parent=5483"}],"wp:term":[{"taxonomy":"category","embeddable":true,"href":"https:\/\/ellotv.com.br\/site\/wp-json\/wp\/v2\/categories?post=5483"},{"taxonomy":"post_tag","embeddable":true,"href":"https:\/\/ellotv.com.br\/site\/wp-json\/wp\/v2\/tags?post=5483"}],"curies":[{"name":"wp","href":"https:\/\/api.w.org\/{rel}","templated":true}]}}