{"id":5556,"date":"2026-04-07T08:41:48","date_gmt":"2026-04-07T11:41:48","guid":{"rendered":"https:\/\/ellotv.com.br\/site\/?p=5556"},"modified":"2026-04-07T08:41:48","modified_gmt":"2026-04-07T11:41:48","slug":"festival-de-inverno-de-garanhuns-e-reconhecido-por-lei-como-manifestacao-da-cultura-nacional","status":"publish","type":"post","link":"https:\/\/ellotv.com.br\/site\/2026\/04\/07\/festival-de-inverno-de-garanhuns-e-reconhecido-por-lei-como-manifestacao-da-cultura-nacional\/","title":{"rendered":"Festival de Inverno de Garanhuns \u00e9 reconhecido por lei como manifesta\u00e7\u00e3o da cultura nacional"},"content":{"rendered":"<p data-start=\"61\" data-end=\"259\">O <span class=\"hover:entity-accent entity-underline inline cursor-pointer align-baseline\"><span class=\"whitespace-normal\">Festival de Inverno de Garanhuns<\/span><\/span> (FIG), um dos maiores eventos multiculturais do Brasil, conquistou um reconhecimento hist\u00f3rico ao ser oficialmente declarado manifesta\u00e7\u00e3o da cultura nacional.<\/p>\n<p data-start=\"261\" data-end=\"446\">A medida foi estabelecida pela Lei n\u00ba 15.375, sancionada pelo presidente <span class=\"hover:entity-accent entity-underline inline cursor-pointer align-baseline\"><span class=\"whitespace-normal\">Luiz In\u00e1cio Lula da Silva<\/span><\/span> e assinada pela ministra da Cultura <span class=\"hover:entity-accent entity-underline inline cursor-pointer align-baseline\"><span class=\"whitespace-normal\">Margareth Menezes<\/span><\/span>.<\/p>\n<h3 data-section-id=\"m768fj\" data-start=\"448\" data-end=\"490\">\ud83d\udccd Evento fortalece cultura nordestina<\/h3>\n<p data-start=\"492\" data-end=\"678\">Realizado em <span class=\"hover:entity-accent entity-underline inline cursor-pointer align-baseline\"><span class=\"whitespace-normal\">Garanhuns<\/span><\/span>, no Agreste pernambucano, o festival chega \u00e0 sua 34\u00aa edi\u00e7\u00e3o em 2026, reafirmando a for\u00e7a da arte e da diversidade cultural do Nordeste.<\/p>\n<p data-start=\"680\" data-end=\"735\">O evento acontecer\u00e1 entre os dias 9 e 26 de julho, com:<\/p>\n<ul>\n<li>18 dias de programa\u00e7\u00e3o gratuita<\/li>\n<li>Mais de 20 polos culturais<\/li>\n<li>Grande participa\u00e7\u00e3o popular<\/li>\n<\/ul>\n<h3 data-section-id=\"qsm2wm\" data-start=\"836\" data-end=\"882\">\ud83c\udfb6 M\u00fasica e diversidade no palco principal<\/h3>\n<p data-start=\"884\" data-end=\"1016\">O tradicional Polo Mestre Dominguinhos ser\u00e1 o principal palco, reunindo grandes nomes da m\u00fasica brasileira em uma mistura de ritmos:<\/p>\n<ul>\n<li>Forr\u00f3<\/li>\n<li>MPB<\/li>\n<li>Rock<\/li>\n<li>Pop<\/li>\n<li>Samba<\/li>\n<li>Brega<\/li>\n<li>Rap e trap<\/li>\n<\/ul>\n<p data-start=\"1088\" data-end=\"1178\">Essa diversidade \u00e9 uma das marcas que consolidaram o FIG como refer\u00eancia cultural no pa\u00eds.<\/p>\n<h3 data-section-id=\"bkkov0\" data-start=\"1180\" data-end=\"1207\">\ud83c\udfad Muito al\u00e9m dos shows<\/h3>\n<p data-start=\"1209\" data-end=\"1270\">O festival tamb\u00e9m conta com uma programa\u00e7\u00e3o ampla, incluindo:<\/p>\n<ul>\n<li>Teatro<\/li>\n<li>Dan\u00e7a<\/li>\n<li>Circo<\/li>\n<li>Cultura popular<\/li>\n<li>Artesanato<\/li>\n<li>Literatura<\/li>\n<\/ul>\n<p data-start=\"1353\" data-end=\"1440\">O evento se destaca como um espa\u00e7o democr\u00e1tico de valoriza\u00e7\u00e3o da identidade brasileira.<\/p>\n<h3 data-section-id=\"1ku8aux\" data-start=\"1442\" data-end=\"1478\">\ud83d\udcdc Import\u00e2ncia do reconhecimento<\/h3>\n<p data-start=\"1480\" data-end=\"1583\">O reconhecimento em lei refor\u00e7a o FIG como um verdadeiro patrim\u00f4nio vivo da cultura, contribuindo para:<\/p>\n<ul>\n<li>Preserva\u00e7\u00e3o de tradi\u00e7\u00f5es<\/li>\n<li>Fortalecimento da economia criativa<\/li>\n<li>Promo\u00e7\u00e3o da inclus\u00e3o social<\/li>\n<\/ul>\n<p data-start=\"1686\" data-end=\"1845\">Segundo o <span class=\"hover:entity-accent entity-underline inline cursor-pointer align-baseline\"><span class=\"whitespace-normal\">Senado Federal<\/span><\/span>, manifesta\u00e7\u00f5es reconhecidas como cultura nacional representam a hist\u00f3ria, os valores e a identidade de um povo.<\/p>\n<h3 data-section-id=\"ro9iqj\" data-start=\"1847\" data-end=\"1875\">\ud83c\udf0e Protagonismo nacional<\/h3>\n<p data-start=\"1877\" data-end=\"2114\">Com esse marco, o Festival de Inverno de Garanhuns amplia ainda mais seu protagonismo no cen\u00e1rio cultural brasileiro, consolidando <span class=\"hover:entity-accent entity-underline inline cursor-pointer align-baseline\"><span class=\"whitespace-normal\">Pernambuco<\/span><\/span> como um dos grandes polos de produ\u00e7\u00e3o art\u00edstica e tur\u00edstica do pa\u00eds.<\/p>\n","protected":false},"excerpt":{"rendered":"<p>O Festival de Inverno de Garanhuns (FIG), um dos maiores eventos multiculturais do Brasil, conquistou um reconhecimento hist\u00f3rico<\/p>\n","protected":false},"author":2,"featured_media":5557,"comment_status":"open","ping_status":"open","sticky":false,"template":"","format":"standard","meta":{"footnotes":""},"categories":[8,12,9],"tags":[],"class_list":["post-5556","post","type-post","status-publish","format-standard","has-post-thumbnail","hentry","category-brasil","category-noticias","category-regional"],"yoast_head":"<!-- This site is optimized with the Yoast SEO plugin v28.3 - https:\/\/yoast.com\/product\/yoast-seo-wordpress\/ -->\n<title>Festival de Inverno de Garanhuns \u00e9 reconhecido por lei como manifesta\u00e7\u00e3o da cultura nacional - Ello TV<\/title>\n<meta name=\"description\" content=\"Festival de Inverno de Garanhuns \u00e9 reconhecido como manifesta\u00e7\u00e3o da cultura nacional e refor\u00e7a protagonismo cultural de Pernambuco.\" \/>\n<meta name=\"robots\" content=\"index, follow, max-snippet:-1, max-image-preview:large, max-video-preview:-1\" \/>\n<link rel=\"canonical\" href=\"https:\/\/ellotv.com.br\/site\/2026\/04\/07\/festival-de-inverno-de-garanhuns-e-reconhecido-por-lei-como-manifestacao-da-cultura-nacional\/\" \/>\n<meta property=\"og:locale\" content=\"pt_BR\" \/>\n<meta property=\"og:type\" content=\"article\" \/>\n<meta property=\"og:title\" content=\"Festival de Inverno de Garanhuns \u00e9 reconhecido por lei como manifesta\u00e7\u00e3o da cultura nacional - Ello TV\" \/>\n<meta property=\"og:description\" content=\"Festival de Inverno de Garanhuns \u00e9 reconhecido como manifesta\u00e7\u00e3o da cultura nacional e refor\u00e7a protagonismo cultural de Pernambuco.\" \/>\n<meta property=\"og:url\" content=\"https:\/\/ellotv.com.br\/site\/2026\/04\/07\/festival-de-inverno-de-garanhuns-e-reconhecido-por-lei-como-manifestacao-da-cultura-nacional\/\" \/>\n<meta property=\"og:site_name\" content=\"Ello TV\" \/>\n<meta property=\"article:published_time\" content=\"2026-04-07T11:41:48+00:00\" \/>\n<meta property=\"og:image\" content=\"https:\/\/ellotv.com.br\/site\/wp-content\/uploads\/2026\/04\/WhatsApp-Image-2026-04-06-at-17.02.12.jpeg\" \/>\n\t<meta property=\"og:image:width\" content=\"800\" \/>\n\t<meta property=\"og:image:height\" content=\"600\" \/>\n\t<meta property=\"og:image:type\" content=\"image\/jpeg\" \/>\n<meta name=\"author\" content=\"ELLO TV\" \/>\n<meta name=\"twitter:card\" content=\"summary_large_image\" \/>\n<meta name=\"twitter:label1\" content=\"Escrito por\" \/>\n\t<meta name=\"twitter:data1\" content=\"ELLO TV\" \/>\n\t<meta name=\"twitter:label2\" content=\"Est. tempo de leitura\" \/>\n\t<meta name=\"twitter:data2\" content=\"1 minuto\" \/>\n<script type=\"application\/ld+json\" class=\"yoast-schema-graph\">{\"@context\":\"https:\\\/\\\/schema.org\",\"@graph\":[{\"@type\":\"Article\",\"@id\":\"https:\\\/\\\/ellotv.com.br\\\/site\\\/2026\\\/04\\\/07\\\/festival-de-inverno-de-garanhuns-e-reconhecido-por-lei-como-manifestacao-da-cultura-nacional\\\/#article\",\"isPartOf\":{\"@id\":\"https:\\\/\\\/ellotv.com.br\\\/site\\\/2026\\\/04\\\/07\\\/festival-de-inverno-de-garanhuns-e-reconhecido-por-lei-como-manifestacao-da-cultura-nacional\\\/\"},\"author\":{\"name\":\"ELLO TV\",\"@id\":\"https:\\\/\\\/ellotv.com.br\\\/site\\\/#\\\/schema\\\/person\\\/2dbe3abaee38dcc7332fc8205cd2b15d\"},\"headline\":\"Festival de Inverno de Garanhuns \u00e9 reconhecido por lei como manifesta\u00e7\u00e3o da cultura nacional\",\"datePublished\":\"2026-04-07T11:41:48+00:00\",\"mainEntityOfPage\":{\"@id\":\"https:\\\/\\\/ellotv.com.br\\\/site\\\/2026\\\/04\\\/07\\\/festival-de-inverno-de-garanhuns-e-reconhecido-por-lei-como-manifestacao-da-cultura-nacional\\\/\"},\"wordCount\":309,\"commentCount\":0,\"publisher\":{\"@id\":\"https:\\\/\\\/ellotv.com.br\\\/site\\\/#organization\"},\"image\":{\"@id\":\"https:\\\/\\\/ellotv.com.br\\\/site\\\/2026\\\/04\\\/07\\\/festival-de-inverno-de-garanhuns-e-reconhecido-por-lei-como-manifestacao-da-cultura-nacional\\\/#primaryimage\"},\"thumbnailUrl\":\"https:\\\/\\\/ellotv.com.br\\\/site\\\/wp-content\\\/uploads\\\/2026\\\/04\\\/WhatsApp-Image-2026-04-06-at-17.02.12.jpeg\",\"articleSection\":[\"Brasil\",\"Noticias\",\"Regional\"],\"inLanguage\":\"pt-BR\",\"potentialAction\":[{\"@type\":\"CommentAction\",\"name\":\"Comment\",\"target\":[\"https:\\\/\\\/ellotv.com.br\\\/site\\\/2026\\\/04\\\/07\\\/festival-de-inverno-de-garanhuns-e-reconhecido-por-lei-como-manifestacao-da-cultura-nacional\\\/#respond\"]}]},{\"@type\":\"WebPage\",\"@id\":\"https:\\\/\\\/ellotv.com.br\\\/site\\\/2026\\\/04\\\/07\\\/festival-de-inverno-de-garanhuns-e-reconhecido-por-lei-como-manifestacao-da-cultura-nacional\\\/\",\"url\":\"https:\\\/\\\/ellotv.com.br\\\/site\\\/2026\\\/04\\\/07\\\/festival-de-inverno-de-garanhuns-e-reconhecido-por-lei-como-manifestacao-da-cultura-nacional\\\/\",\"name\":\"Festival de Inverno de Garanhuns \u00e9 reconhecido por lei como manifesta\u00e7\u00e3o da cultura nacional - Ello TV\",\"isPartOf\":{\"@id\":\"https:\\\/\\\/ellotv.com.br\\\/site\\\/#website\"},\"primaryImageOfPage\":{\"@id\":\"https:\\\/\\\/ellotv.com.br\\\/site\\\/2026\\\/04\\\/07\\\/festival-de-inverno-de-garanhuns-e-reconhecido-por-lei-como-manifestacao-da-cultura-nacional\\\/#primaryimage\"},\"image\":{\"@id\":\"https:\\\/\\\/ellotv.com.br\\\/site\\\/2026\\\/04\\\/07\\\/festival-de-inverno-de-garanhuns-e-reconhecido-por-lei-como-manifestacao-da-cultura-nacional\\\/#primaryimage\"},\"thumbnailUrl\":\"https:\\\/\\\/ellotv.com.br\\\/site\\\/wp-content\\\/uploads\\\/2026\\\/04\\\/WhatsApp-Image-2026-04-06-at-17.02.12.jpeg\",\"datePublished\":\"2026-04-07T11:41:48+00:00\",\"description\":\"Festival de Inverno de Garanhuns \u00e9 reconhecido como manifesta\u00e7\u00e3o da cultura nacional e refor\u00e7a protagonismo cultural de Pernambuco.\",\"breadcrumb\":{\"@id\":\"https:\\\/\\\/ellotv.com.br\\\/site\\\/2026\\\/04\\\/07\\\/festival-de-inverno-de-garanhuns-e-reconhecido-por-lei-como-manifestacao-da-cultura-nacional\\\/#breadcrumb\"},\"inLanguage\":\"pt-BR\",\"potentialAction\":[{\"@type\":\"ReadAction\",\"target\":[\"https:\\\/\\\/ellotv.com.br\\\/site\\\/2026\\\/04\\\/07\\\/festival-de-inverno-de-garanhuns-e-reconhecido-por-lei-como-manifestacao-da-cultura-nacional\\\/\"]}]},{\"@type\":\"ImageObject\",\"inLanguage\":\"pt-BR\",\"@id\":\"https:\\\/\\\/ellotv.com.br\\\/site\\\/2026\\\/04\\\/07\\\/festival-de-inverno-de-garanhuns-e-reconhecido-por-lei-como-manifestacao-da-cultura-nacional\\\/#primaryimage\",\"url\":\"https:\\\/\\\/ellotv.com.br\\\/site\\\/wp-content\\\/uploads\\\/2026\\\/04\\\/WhatsApp-Image-2026-04-06-at-17.02.12.jpeg\",\"contentUrl\":\"https:\\\/\\\/ellotv.com.br\\\/site\\\/wp-content\\\/uploads\\\/2026\\\/04\\\/WhatsApp-Image-2026-04-06-at-17.02.12.jpeg\",\"width\":800,\"height\":600},{\"@type\":\"BreadcrumbList\",\"@id\":\"https:\\\/\\\/ellotv.com.br\\\/site\\\/2026\\\/04\\\/07\\\/festival-de-inverno-de-garanhuns-e-reconhecido-por-lei-como-manifestacao-da-cultura-nacional\\\/#breadcrumb\",\"itemListElement\":[{\"@type\":\"ListItem\",\"position\":1,\"name\":\"In\u00edcio\",\"item\":\"https:\\\/\\\/ellotv.com.br\\\/site\\\/\"},{\"@type\":\"ListItem\",\"position\":2,\"name\":\"Festival de Inverno de Garanhuns \u00e9 reconhecido por lei como manifesta\u00e7\u00e3o da cultura nacional\"}]},{\"@type\":\"WebSite\",\"@id\":\"https:\\\/\\\/ellotv.com.br\\\/site\\\/#website\",\"url\":\"https:\\\/\\\/ellotv.com.br\\\/site\\\/\",\"name\":\"ELLO TV\",\"description\":\"\",\"publisher\":{\"@id\":\"https:\\\/\\\/ellotv.com.br\\\/site\\\/#organization\"},\"potentialAction\":[{\"@type\":\"SearchAction\",\"target\":{\"@type\":\"EntryPoint\",\"urlTemplate\":\"https:\\\/\\\/ellotv.com.br\\\/site\\\/?s={search_term_string}\"},\"query-input\":{\"@type\":\"PropertyValueSpecification\",\"valueRequired\":true,\"valueName\":\"search_term_string\"}}],\"inLanguage\":\"pt-BR\"},{\"@type\":\"Organization\",\"@id\":\"https:\\\/\\\/ellotv.com.br\\\/site\\\/#organization\",\"name\":\"ELLO TV\",\"url\":\"https:\\\/\\\/ellotv.com.br\\\/site\\\/\",\"logo\":{\"@type\":\"ImageObject\",\"inLanguage\":\"pt-BR\",\"@id\":\"https:\\\/\\\/ellotv.com.br\\\/site\\\/#\\\/schema\\\/logo\\\/image\\\/\",\"url\":\"https:\\\/\\\/ellotv.com.br\\\/site\\\/wp-content\\\/uploads\\\/2025\\\/11\\\/ello-logo-2.fw_.png\",\"contentUrl\":\"https:\\\/\\\/ellotv.com.br\\\/site\\\/wp-content\\\/uploads\\\/2025\\\/11\\\/ello-logo-2.fw_.png\",\"width\":400,\"height\":146,\"caption\":\"ELLO TV\"},\"image\":{\"@id\":\"https:\\\/\\\/ellotv.com.br\\\/site\\\/#\\\/schema\\\/logo\\\/image\\\/\"}},{\"@type\":\"Person\",\"@id\":\"https:\\\/\\\/ellotv.com.br\\\/site\\\/#\\\/schema\\\/person\\\/2dbe3abaee38dcc7332fc8205cd2b15d\",\"name\":\"ELLO TV\",\"image\":{\"@type\":\"ImageObject\",\"inLanguage\":\"pt-BR\",\"@id\":\"https:\\\/\\\/secure.gravatar.com\\\/avatar\\\/c38242b9da8ec217ac3f0aaee31a54f7d7befb11b2b47fdbc8fb0fad60afa1c6?s=96&d=mm&r=g\",\"url\":\"https:\\\/\\\/secure.gravatar.com\\\/avatar\\\/c38242b9da8ec217ac3f0aaee31a54f7d7befb11b2b47fdbc8fb0fad60afa1c6?s=96&d=mm&r=g\",\"contentUrl\":\"https:\\\/\\\/secure.gravatar.com\\\/avatar\\\/c38242b9da8ec217ac3f0aaee31a54f7d7befb11b2b47fdbc8fb0fad60afa1c6?s=96&d=mm&r=g\",\"caption\":\"ELLO TV\"},\"url\":\"https:\\\/\\\/ellotv.com.br\\\/site\\\/author\\\/elloagencia\\\/\"}]}<\/script>\n<!-- \/ Yoast SEO plugin. -->","yoast_head_json":{"title":"Festival de Inverno de Garanhuns \u00e9 reconhecido por lei como manifesta\u00e7\u00e3o da cultura nacional - Ello TV","description":"Festival de Inverno de Garanhuns \u00e9 reconhecido como manifesta\u00e7\u00e3o da cultura nacional e refor\u00e7a protagonismo cultural de Pernambuco.","robots":{"index":"index","follow":"follow","max-snippet":"max-snippet:-1","max-image-preview":"max-image-preview:large","max-video-preview":"max-video-preview:-1"},"canonical":"https:\/\/ellotv.com.br\/site\/2026\/04\/07\/festival-de-inverno-de-garanhuns-e-reconhecido-por-lei-como-manifestacao-da-cultura-nacional\/","og_locale":"pt_BR","og_type":"article","og_title":"Festival de Inverno de Garanhuns \u00e9 reconhecido por lei como manifesta\u00e7\u00e3o da cultura nacional - Ello TV","og_description":"Festival de Inverno de Garanhuns \u00e9 reconhecido como manifesta\u00e7\u00e3o da cultura nacional e refor\u00e7a protagonismo cultural de Pernambuco.","og_url":"https:\/\/ellotv.com.br\/site\/2026\/04\/07\/festival-de-inverno-de-garanhuns-e-reconhecido-por-lei-como-manifestacao-da-cultura-nacional\/","og_site_name":"Ello TV","article_published_time":"2026-04-07T11:41:48+00:00","og_image":[{"width":800,"height":600,"url":"https:\/\/ellotv.com.br\/site\/wp-content\/uploads\/2026\/04\/WhatsApp-Image-2026-04-06-at-17.02.12.jpeg","type":"image\/jpeg"}],"author":"ELLO TV","twitter_card":"summary_large_image","twitter_misc":{"Escrito por":"ELLO TV","Est. tempo de leitura":"1 minuto"},"schema":{"@context":"https:\/\/schema.org","@graph":[{"@type":"Article","@id":"https:\/\/ellotv.com.br\/site\/2026\/04\/07\/festival-de-inverno-de-garanhuns-e-reconhecido-por-lei-como-manifestacao-da-cultura-nacional\/#article","isPartOf":{"@id":"https:\/\/ellotv.com.br\/site\/2026\/04\/07\/festival-de-inverno-de-garanhuns-e-reconhecido-por-lei-como-manifestacao-da-cultura-nacional\/"},"author":{"name":"ELLO TV","@id":"https:\/\/ellotv.com.br\/site\/#\/schema\/person\/2dbe3abaee38dcc7332fc8205cd2b15d"},"headline":"Festival de Inverno de Garanhuns \u00e9 reconhecido por lei como manifesta\u00e7\u00e3o da cultura nacional","datePublished":"2026-04-07T11:41:48+00:00","mainEntityOfPage":{"@id":"https:\/\/ellotv.com.br\/site\/2026\/04\/07\/festival-de-inverno-de-garanhuns-e-reconhecido-por-lei-como-manifestacao-da-cultura-nacional\/"},"wordCount":309,"commentCount":0,"publisher":{"@id":"https:\/\/ellotv.com.br\/site\/#organization"},"image":{"@id":"https:\/\/ellotv.com.br\/site\/2026\/04\/07\/festival-de-inverno-de-garanhuns-e-reconhecido-por-lei-como-manifestacao-da-cultura-nacional\/#primaryimage"},"thumbnailUrl":"https:\/\/ellotv.com.br\/site\/wp-content\/uploads\/2026\/04\/WhatsApp-Image-2026-04-06-at-17.02.12.jpeg","articleSection":["Brasil","Noticias","Regional"],"inLanguage":"pt-BR","potentialAction":[{"@type":"CommentAction","name":"Comment","target":["https:\/\/ellotv.com.br\/site\/2026\/04\/07\/festival-de-inverno-de-garanhuns-e-reconhecido-por-lei-como-manifestacao-da-cultura-nacional\/#respond"]}]},{"@type":"WebPage","@id":"https:\/\/ellotv.com.br\/site\/2026\/04\/07\/festival-de-inverno-de-garanhuns-e-reconhecido-por-lei-como-manifestacao-da-cultura-nacional\/","url":"https:\/\/ellotv.com.br\/site\/2026\/04\/07\/festival-de-inverno-de-garanhuns-e-reconhecido-por-lei-como-manifestacao-da-cultura-nacional\/","name":"Festival de Inverno de Garanhuns \u00e9 reconhecido por lei como manifesta\u00e7\u00e3o da cultura nacional - Ello TV","isPartOf":{"@id":"https:\/\/ellotv.com.br\/site\/#website"},"primaryImageOfPage":{"@id":"https:\/\/ellotv.com.br\/site\/2026\/04\/07\/festival-de-inverno-de-garanhuns-e-reconhecido-por-lei-como-manifestacao-da-cultura-nacional\/#primaryimage"},"image":{"@id":"https:\/\/ellotv.com.br\/site\/2026\/04\/07\/festival-de-inverno-de-garanhuns-e-reconhecido-por-lei-como-manifestacao-da-cultura-nacional\/#primaryimage"},"thumbnailUrl":"https:\/\/ellotv.com.br\/site\/wp-content\/uploads\/2026\/04\/WhatsApp-Image-2026-04-06-at-17.02.12.jpeg","datePublished":"2026-04-07T11:41:48+00:00","description":"Festival de Inverno de Garanhuns \u00e9 reconhecido como manifesta\u00e7\u00e3o da cultura nacional e refor\u00e7a protagonismo cultural de Pernambuco.","breadcrumb":{"@id":"https:\/\/ellotv.com.br\/site\/2026\/04\/07\/festival-de-inverno-de-garanhuns-e-reconhecido-por-lei-como-manifestacao-da-cultura-nacional\/#breadcrumb"},"inLanguage":"pt-BR","potentialAction":[{"@type":"ReadAction","target":["https:\/\/ellotv.com.br\/site\/2026\/04\/07\/festival-de-inverno-de-garanhuns-e-reconhecido-por-lei-como-manifestacao-da-cultura-nacional\/"]}]},{"@type":"ImageObject","inLanguage":"pt-BR","@id":"https:\/\/ellotv.com.br\/site\/2026\/04\/07\/festival-de-inverno-de-garanhuns-e-reconhecido-por-lei-como-manifestacao-da-cultura-nacional\/#primaryimage","url":"https:\/\/ellotv.com.br\/site\/wp-content\/uploads\/2026\/04\/WhatsApp-Image-2026-04-06-at-17.02.12.jpeg","contentUrl":"https:\/\/ellotv.com.br\/site\/wp-content\/uploads\/2026\/04\/WhatsApp-Image-2026-04-06-at-17.02.12.jpeg","width":800,"height":600},{"@type":"BreadcrumbList","@id":"https:\/\/ellotv.com.br\/site\/2026\/04\/07\/festival-de-inverno-de-garanhuns-e-reconhecido-por-lei-como-manifestacao-da-cultura-nacional\/#breadcrumb","itemListElement":[{"@type":"ListItem","position":1,"name":"In\u00edcio","item":"https:\/\/ellotv.com.br\/site\/"},{"@type":"ListItem","position":2,"name":"Festival de Inverno de Garanhuns \u00e9 reconhecido por lei como manifesta\u00e7\u00e3o da cultura nacional"}]},{"@type":"WebSite","@id":"https:\/\/ellotv.com.br\/site\/#website","url":"https:\/\/ellotv.com.br\/site\/","name":"ELLO TV","description":"","publisher":{"@id":"https:\/\/ellotv.com.br\/site\/#organization"},"potentialAction":[{"@type":"SearchAction","target":{"@type":"EntryPoint","urlTemplate":"https:\/\/ellotv.com.br\/site\/?s={search_term_string}"},"query-input":{"@type":"PropertyValueSpecification","valueRequired":true,"valueName":"search_term_string"}}],"inLanguage":"pt-BR"},{"@type":"Organization","@id":"https:\/\/ellotv.com.br\/site\/#organization","name":"ELLO TV","url":"https:\/\/ellotv.com.br\/site\/","logo":{"@type":"ImageObject","inLanguage":"pt-BR","@id":"https:\/\/ellotv.com.br\/site\/#\/schema\/logo\/image\/","url":"https:\/\/ellotv.com.br\/site\/wp-content\/uploads\/2025\/11\/ello-logo-2.fw_.png","contentUrl":"https:\/\/ellotv.com.br\/site\/wp-content\/uploads\/2025\/11\/ello-logo-2.fw_.png","width":400,"height":146,"caption":"ELLO TV"},"image":{"@id":"https:\/\/ellotv.com.br\/site\/#\/schema\/logo\/image\/"}},{"@type":"Person","@id":"https:\/\/ellotv.com.br\/site\/#\/schema\/person\/2dbe3abaee38dcc7332fc8205cd2b15d","name":"ELLO TV","image":{"@type":"ImageObject","inLanguage":"pt-BR","@id":"https:\/\/secure.gravatar.com\/avatar\/c38242b9da8ec217ac3f0aaee31a54f7d7befb11b2b47fdbc8fb0fad60afa1c6?s=96&d=mm&r=g","url":"https:\/\/secure.gravatar.com\/avatar\/c38242b9da8ec217ac3f0aaee31a54f7d7befb11b2b47fdbc8fb0fad60afa1c6?s=96&d=mm&r=g","contentUrl":"https:\/\/secure.gravatar.com\/avatar\/c38242b9da8ec217ac3f0aaee31a54f7d7befb11b2b47fdbc8fb0fad60afa1c6?s=96&d=mm&r=g","caption":"ELLO TV"},"url":"https:\/\/ellotv.com.br\/site\/author\/elloagencia\/"}]}},"featured_image_urls":{"full":["https:\/\/ellotv.com.br\/site\/wp-content\/uploads\/2026\/04\/WhatsApp-Image-2026-04-06-at-17.02.12.jpeg",800,600,false],"thumbnail":["https:\/\/ellotv.com.br\/site\/wp-content\/uploads\/2026\/04\/WhatsApp-Image-2026-04-06-at-17.02.12-150x150.jpeg",150,150,true],"medium":["https:\/\/ellotv.com.br\/site\/wp-content\/uploads\/2026\/04\/WhatsApp-Image-2026-04-06-at-17.02.12-300x225.jpeg",300,225,true],"medium_large":["https:\/\/ellotv.com.br\/site\/wp-content\/uploads\/2026\/04\/WhatsApp-Image-2026-04-06-at-17.02.12-768x576.jpeg",640,480,true],"large":["https:\/\/ellotv.com.br\/site\/wp-content\/uploads\/2026\/04\/WhatsApp-Image-2026-04-06-at-17.02.12.jpeg",640,480,false],"1536x1536":["https:\/\/ellotv.com.br\/site\/wp-content\/uploads\/2026\/04\/WhatsApp-Image-2026-04-06-at-17.02.12.jpeg",800,600,false],"2048x2048":["https:\/\/ellotv.com.br\/site\/wp-content\/uploads\/2026\/04\/WhatsApp-Image-2026-04-06-at-17.02.12.jpeg",800,600,false],"darknews-slider-full":["https:\/\/ellotv.com.br\/site\/wp-content\/uploads\/2026\/04\/WhatsApp-Image-2026-04-06-at-17.02.12.jpeg",800,600,false],"darknews-featured":["https:\/\/ellotv.com.br\/site\/wp-content\/uploads\/2026\/04\/WhatsApp-Image-2026-04-06-at-17.02.12.jpeg",800,600,false],"darknews-medium":["https:\/\/ellotv.com.br\/site\/wp-content\/uploads\/2026\/04\/WhatsApp-Image-2026-04-06-at-17.02.12-720x530.jpeg",720,530,true],"darknews-medium-square":["https:\/\/ellotv.com.br\/site\/wp-content\/uploads\/2026\/04\/WhatsApp-Image-2026-04-06-at-17.02.12-350x350.jpeg",350,350,true]},"author_info":{"info":["ELLO TV"]},"category_info":"<a href=\"https:\/\/ellotv.com.br\/site\/category\/brasil\/\" rel=\"category tag\">Brasil<\/a> <a href=\"https:\/\/ellotv.com.br\/site\/category\/noticias\/\" rel=\"category tag\">Noticias<\/a> <a href=\"https:\/\/ellotv.com.br\/site\/category\/regional\/\" rel=\"category tag\">Regional<\/a>","tag_info":"Regional","comment_count":"0","_links":{"self":[{"href":"https:\/\/ellotv.com.br\/site\/wp-json\/wp\/v2\/posts\/5556","targetHints":{"allow":["GET"]}}],"collection":[{"href":"https:\/\/ellotv.com.br\/site\/wp-json\/wp\/v2\/posts"}],"about":[{"href":"https:\/\/ellotv.com.br\/site\/wp-json\/wp\/v2\/types\/post"}],"author":[{"embeddable":true,"href":"https:\/\/ellotv.com.br\/site\/wp-json\/wp\/v2\/users\/2"}],"replies":[{"embeddable":true,"href":"https:\/\/ellotv.com.br\/site\/wp-json\/wp\/v2\/comments?post=5556"}],"version-history":[{"count":1,"href":"https:\/\/ellotv.com.br\/site\/wp-json\/wp\/v2\/posts\/5556\/revisions"}],"predecessor-version":[{"id":5558,"href":"https:\/\/ellotv.com.br\/site\/wp-json\/wp\/v2\/posts\/5556\/revisions\/5558"}],"wp:featuredmedia":[{"embeddable":true,"href":"https:\/\/ellotv.com.br\/site\/wp-json\/wp\/v2\/media\/5557"}],"wp:attachment":[{"href":"https:\/\/ellotv.com.br\/site\/wp-json\/wp\/v2\/media?parent=5556"}],"wp:term":[{"taxonomy":"category","embeddable":true,"href":"https:\/\/ellotv.com.br\/site\/wp-json\/wp\/v2\/categories?post=5556"},{"taxonomy":"post_tag","embeddable":true,"href":"https:\/\/ellotv.com.br\/site\/wp-json\/wp\/v2\/tags?post=5556"}],"curies":[{"name":"wp","href":"https:\/\/api.w.org\/{rel}","templated":true}]}}