{"id":5634,"date":"2026-04-13T08:33:21","date_gmt":"2026-04-13T11:33:21","guid":{"rendered":"https:\/\/ellotv.com.br\/site\/?p=5634"},"modified":"2026-04-13T08:33:21","modified_gmt":"2026-04-13T11:33:21","slug":"johnny-depp-e-o-oscar-que-nunca-veio-quando-o-legado-fala-mais-alto-que-a-estatueta","status":"publish","type":"post","link":"https:\/\/ellotv.com.br\/site\/2026\/04\/13\/johnny-depp-e-o-oscar-que-nunca-veio-quando-o-legado-fala-mais-alto-que-a-estatueta\/","title":{"rendered":"Johnny Depp e o Oscar que nunca veio: quando o legado fala mais alto que a estatueta"},"content":{"rendered":"<p data-start=\"66\" data-end=\"274\">A internet voltou a levantar um dos debates mais emblem\u00e1ticos do cinema mundial: como <span class=\"hover:entity-accent entity-underline inline cursor-pointer align-baseline\"><span class=\"whitespace-normal\">Johnny Depp<\/span><\/span>, um dos atores mais vers\u00e1teis e marcantes de sua gera\u00e7\u00e3o, nunca conquistou um Oscar?<\/p>\n<p data-start=\"276\" data-end=\"420\">Ao longo da carreira, o ator recebeu tr\u00eas indica\u00e7\u00f5es ao pr\u00eamio da <span class=\"hover:entity-accent entity-underline inline cursor-pointer align-baseline\"><span class=\"whitespace-normal\">Academy Awards<\/span><\/span>, todas na categoria de Melhor Ator, por:<\/p>\n<ul data-start=\"421\" data-end=\"546\">\n<li data-section-id=\"1gcjogl\" data-start=\"421\" data-end=\"462\"><span class=\"hover:entity-accent entity-underline inline cursor-pointer align-baseline\"><span class=\"whitespace-normal\">Pirates of the Caribbean: The Curse of the Black Pearl<\/span><\/span><\/li>\n<li data-section-id=\"cgv1px\" data-start=\"463\" data-end=\"504\"><span class=\"hover:entity-accent entity-underline inline cursor-pointer align-baseline\"><span class=\"whitespace-normal\">Finding Neverland<\/span><\/span><\/li>\n<li data-section-id=\"eyrt5h\" data-start=\"505\" data-end=\"546\"><span class=\"hover:entity-accent entity-underline inline cursor-pointer align-baseline\"><span class=\"whitespace-normal\">Sweeney Todd: The Demon Barber of Fleet Street<\/span><\/span><\/li>\n<\/ul>\n<p data-start=\"548\" data-end=\"612\">Apesar do reconhecimento, a estatueta nunca chegou \u00e0s suas m\u00e3os.<\/p>\n<h3 data-section-id=\"z3n06r\" data-start=\"614\" data-end=\"644\">\ud83c\udfac Legado al\u00e9m dos pr\u00eamios<\/h3>\n<p data-start=\"646\" data-end=\"826\">Mesmo sem o principal pr\u00eamio da ind\u00fastria, Johnny Depp construiu uma carreira marcada por personagens ic\u00f4nicos, que ultrapassaram as telas e se tornaram refer\u00eancias da cultura pop.<\/p>\n<p data-start=\"828\" data-end=\"983\">Seus pap\u00e9is ajudaram a moldar gera\u00e7\u00f5es e influenciaram milh\u00f5es de f\u00e3s ao redor do mundo, consolidando seu nome como um dos grandes do cinema contempor\u00e2neo.<\/p>\n<h3 data-section-id=\"1wsrgb7\" data-start=\"985\" data-end=\"1017\">\ud83d\udcad Reconhecimento do p\u00fablico<\/h3>\n<p data-start=\"1019\" data-end=\"1192\">Para muitos admiradores, a aus\u00eancia do Oscar n\u00e3o diminui sua import\u00e2ncia \u2014 pelo contr\u00e1rio, refor\u00e7a a ideia de que talento e impacto cultural v\u00e3o al\u00e9m de premia\u00e7\u00f5es oficiais.<\/p>\n<p data-start=\"1194\" data-end=\"1362\">O debate, que voltou a ganhar for\u00e7a nas redes sociais, evidencia que, para o p\u00fablico, Depp j\u00e1 alcan\u00e7ou algo ainda mais raro: um lugar permanente no imagin\u00e1rio coletivo.<\/p>\n","protected":false},"excerpt":{"rendered":"<p>A internet voltou a levantar um dos debates mais emblem\u00e1ticos do cinema mundial: como Johnny Depp, um dos<\/p>\n","protected":false},"author":2,"featured_media":5635,"comment_status":"open","ping_status":"open","sticky":false,"template":"","format":"standard","meta":{"footnotes":""},"categories":[10,12],"tags":[],"class_list":["post-5634","post","type-post","status-publish","format-standard","has-post-thumbnail","hentry","category-mundo","category-noticias"],"yoast_head":"<!-- This site is optimized with the Yoast SEO plugin v28.3 - https:\/\/yoast.com\/product\/yoast-seo-wordpress\/ -->\n<title>Johnny Depp e o Oscar que nunca veio: quando o legado fala mais alto que a estatueta - Ello TV<\/title>\n<meta name=\"description\" content=\"Debate nas redes questiona por que Johnny Depp nunca ganhou um Oscar, apesar de sua carreira marcante e impacto cultural.\" \/>\n<meta name=\"robots\" content=\"index, follow, max-snippet:-1, max-image-preview:large, max-video-preview:-1\" \/>\n<link rel=\"canonical\" href=\"https:\/\/ellotv.com.br\/site\/2026\/04\/13\/johnny-depp-e-o-oscar-que-nunca-veio-quando-o-legado-fala-mais-alto-que-a-estatueta\/\" \/>\n<meta property=\"og:locale\" content=\"pt_BR\" \/>\n<meta property=\"og:type\" content=\"article\" \/>\n<meta property=\"og:title\" content=\"Johnny Depp e o Oscar que nunca veio: quando o legado fala mais alto que a estatueta - Ello TV\" \/>\n<meta property=\"og:description\" content=\"Debate nas redes questiona por que Johnny Depp nunca ganhou um Oscar, apesar de sua carreira marcante e impacto cultural.\" \/>\n<meta property=\"og:url\" content=\"https:\/\/ellotv.com.br\/site\/2026\/04\/13\/johnny-depp-e-o-oscar-que-nunca-veio-quando-o-legado-fala-mais-alto-que-a-estatueta\/\" \/>\n<meta property=\"og:site_name\" content=\"Ello TV\" \/>\n<meta property=\"article:published_time\" content=\"2026-04-13T11:33:21+00:00\" \/>\n<meta property=\"og:image\" content=\"https:\/\/ellotv.com.br\/site\/wp-content\/uploads\/2026\/04\/WhatsApp-Image-2026-04-11-at-10.33.37.jpeg\" \/>\n\t<meta property=\"og:image:width\" content=\"1277\" \/>\n\t<meta property=\"og:image:height\" content=\"1170\" \/>\n\t<meta property=\"og:image:type\" content=\"image\/jpeg\" \/>\n<meta name=\"author\" content=\"ELLO TV\" \/>\n<meta name=\"twitter:card\" content=\"summary_large_image\" \/>\n<meta name=\"twitter:label1\" content=\"Escrito por\" \/>\n\t<meta name=\"twitter:data1\" content=\"ELLO TV\" \/>\n\t<meta name=\"twitter:label2\" content=\"Est. tempo de leitura\" \/>\n\t<meta name=\"twitter:data2\" content=\"1 minuto\" \/>\n<script type=\"application\/ld+json\" class=\"yoast-schema-graph\">{\"@context\":\"https:\\\/\\\/schema.org\",\"@graph\":[{\"@type\":\"Article\",\"@id\":\"https:\\\/\\\/ellotv.com.br\\\/site\\\/2026\\\/04\\\/13\\\/johnny-depp-e-o-oscar-que-nunca-veio-quando-o-legado-fala-mais-alto-que-a-estatueta\\\/#article\",\"isPartOf\":{\"@id\":\"https:\\\/\\\/ellotv.com.br\\\/site\\\/2026\\\/04\\\/13\\\/johnny-depp-e-o-oscar-que-nunca-veio-quando-o-legado-fala-mais-alto-que-a-estatueta\\\/\"},\"author\":{\"name\":\"ELLO TV\",\"@id\":\"https:\\\/\\\/ellotv.com.br\\\/site\\\/#\\\/schema\\\/person\\\/2dbe3abaee38dcc7332fc8205cd2b15d\"},\"headline\":\"Johnny Depp e o Oscar que nunca veio: quando o legado fala mais alto que a estatueta\",\"datePublished\":\"2026-04-13T11:33:21+00:00\",\"mainEntityOfPage\":{\"@id\":\"https:\\\/\\\/ellotv.com.br\\\/site\\\/2026\\\/04\\\/13\\\/johnny-depp-e-o-oscar-que-nunca-veio-quando-o-legado-fala-mais-alto-que-a-estatueta\\\/\"},\"wordCount\":243,\"commentCount\":0,\"publisher\":{\"@id\":\"https:\\\/\\\/ellotv.com.br\\\/site\\\/#organization\"},\"image\":{\"@id\":\"https:\\\/\\\/ellotv.com.br\\\/site\\\/2026\\\/04\\\/13\\\/johnny-depp-e-o-oscar-que-nunca-veio-quando-o-legado-fala-mais-alto-que-a-estatueta\\\/#primaryimage\"},\"thumbnailUrl\":\"https:\\\/\\\/ellotv.com.br\\\/site\\\/wp-content\\\/uploads\\\/2026\\\/04\\\/WhatsApp-Image-2026-04-11-at-10.33.37.jpeg\",\"articleSection\":[\"Mundo\",\"Noticias\"],\"inLanguage\":\"pt-BR\",\"potentialAction\":[{\"@type\":\"CommentAction\",\"name\":\"Comment\",\"target\":[\"https:\\\/\\\/ellotv.com.br\\\/site\\\/2026\\\/04\\\/13\\\/johnny-depp-e-o-oscar-que-nunca-veio-quando-o-legado-fala-mais-alto-que-a-estatueta\\\/#respond\"]}]},{\"@type\":\"WebPage\",\"@id\":\"https:\\\/\\\/ellotv.com.br\\\/site\\\/2026\\\/04\\\/13\\\/johnny-depp-e-o-oscar-que-nunca-veio-quando-o-legado-fala-mais-alto-que-a-estatueta\\\/\",\"url\":\"https:\\\/\\\/ellotv.com.br\\\/site\\\/2026\\\/04\\\/13\\\/johnny-depp-e-o-oscar-que-nunca-veio-quando-o-legado-fala-mais-alto-que-a-estatueta\\\/\",\"name\":\"Johnny Depp e o Oscar que nunca veio: quando o legado fala mais alto que a estatueta - Ello TV\",\"isPartOf\":{\"@id\":\"https:\\\/\\\/ellotv.com.br\\\/site\\\/#website\"},\"primaryImageOfPage\":{\"@id\":\"https:\\\/\\\/ellotv.com.br\\\/site\\\/2026\\\/04\\\/13\\\/johnny-depp-e-o-oscar-que-nunca-veio-quando-o-legado-fala-mais-alto-que-a-estatueta\\\/#primaryimage\"},\"image\":{\"@id\":\"https:\\\/\\\/ellotv.com.br\\\/site\\\/2026\\\/04\\\/13\\\/johnny-depp-e-o-oscar-que-nunca-veio-quando-o-legado-fala-mais-alto-que-a-estatueta\\\/#primaryimage\"},\"thumbnailUrl\":\"https:\\\/\\\/ellotv.com.br\\\/site\\\/wp-content\\\/uploads\\\/2026\\\/04\\\/WhatsApp-Image-2026-04-11-at-10.33.37.jpeg\",\"datePublished\":\"2026-04-13T11:33:21+00:00\",\"description\":\"Debate nas redes questiona por que Johnny Depp nunca ganhou um Oscar, apesar de sua carreira marcante e impacto cultural.\",\"breadcrumb\":{\"@id\":\"https:\\\/\\\/ellotv.com.br\\\/site\\\/2026\\\/04\\\/13\\\/johnny-depp-e-o-oscar-que-nunca-veio-quando-o-legado-fala-mais-alto-que-a-estatueta\\\/#breadcrumb\"},\"inLanguage\":\"pt-BR\",\"potentialAction\":[{\"@type\":\"ReadAction\",\"target\":[\"https:\\\/\\\/ellotv.com.br\\\/site\\\/2026\\\/04\\\/13\\\/johnny-depp-e-o-oscar-que-nunca-veio-quando-o-legado-fala-mais-alto-que-a-estatueta\\\/\"]}]},{\"@type\":\"ImageObject\",\"inLanguage\":\"pt-BR\",\"@id\":\"https:\\\/\\\/ellotv.com.br\\\/site\\\/2026\\\/04\\\/13\\\/johnny-depp-e-o-oscar-que-nunca-veio-quando-o-legado-fala-mais-alto-que-a-estatueta\\\/#primaryimage\",\"url\":\"https:\\\/\\\/ellotv.com.br\\\/site\\\/wp-content\\\/uploads\\\/2026\\\/04\\\/WhatsApp-Image-2026-04-11-at-10.33.37.jpeg\",\"contentUrl\":\"https:\\\/\\\/ellotv.com.br\\\/site\\\/wp-content\\\/uploads\\\/2026\\\/04\\\/WhatsApp-Image-2026-04-11-at-10.33.37.jpeg\",\"width\":1277,\"height\":1170},{\"@type\":\"BreadcrumbList\",\"@id\":\"https:\\\/\\\/ellotv.com.br\\\/site\\\/2026\\\/04\\\/13\\\/johnny-depp-e-o-oscar-que-nunca-veio-quando-o-legado-fala-mais-alto-que-a-estatueta\\\/#breadcrumb\",\"itemListElement\":[{\"@type\":\"ListItem\",\"position\":1,\"name\":\"In\u00edcio\",\"item\":\"https:\\\/\\\/ellotv.com.br\\\/site\\\/\"},{\"@type\":\"ListItem\",\"position\":2,\"name\":\"Johnny Depp e o Oscar que nunca veio: quando o legado fala mais alto que a estatueta\"}]},{\"@type\":\"WebSite\",\"@id\":\"https:\\\/\\\/ellotv.com.br\\\/site\\\/#website\",\"url\":\"https:\\\/\\\/ellotv.com.br\\\/site\\\/\",\"name\":\"ELLO TV\",\"description\":\"\",\"publisher\":{\"@id\":\"https:\\\/\\\/ellotv.com.br\\\/site\\\/#organization\"},\"potentialAction\":[{\"@type\":\"SearchAction\",\"target\":{\"@type\":\"EntryPoint\",\"urlTemplate\":\"https:\\\/\\\/ellotv.com.br\\\/site\\\/?s={search_term_string}\"},\"query-input\":{\"@type\":\"PropertyValueSpecification\",\"valueRequired\":true,\"valueName\":\"search_term_string\"}}],\"inLanguage\":\"pt-BR\"},{\"@type\":\"Organization\",\"@id\":\"https:\\\/\\\/ellotv.com.br\\\/site\\\/#organization\",\"name\":\"ELLO TV\",\"url\":\"https:\\\/\\\/ellotv.com.br\\\/site\\\/\",\"logo\":{\"@type\":\"ImageObject\",\"inLanguage\":\"pt-BR\",\"@id\":\"https:\\\/\\\/ellotv.com.br\\\/site\\\/#\\\/schema\\\/logo\\\/image\\\/\",\"url\":\"https:\\\/\\\/ellotv.com.br\\\/site\\\/wp-content\\\/uploads\\\/2025\\\/11\\\/ello-logo-2.fw_.png\",\"contentUrl\":\"https:\\\/\\\/ellotv.com.br\\\/site\\\/wp-content\\\/uploads\\\/2025\\\/11\\\/ello-logo-2.fw_.png\",\"width\":400,\"height\":146,\"caption\":\"ELLO TV\"},\"image\":{\"@id\":\"https:\\\/\\\/ellotv.com.br\\\/site\\\/#\\\/schema\\\/logo\\\/image\\\/\"}},{\"@type\":\"Person\",\"@id\":\"https:\\\/\\\/ellotv.com.br\\\/site\\\/#\\\/schema\\\/person\\\/2dbe3abaee38dcc7332fc8205cd2b15d\",\"name\":\"ELLO TV\",\"image\":{\"@type\":\"ImageObject\",\"inLanguage\":\"pt-BR\",\"@id\":\"https:\\\/\\\/secure.gravatar.com\\\/avatar\\\/c38242b9da8ec217ac3f0aaee31a54f7d7befb11b2b47fdbc8fb0fad60afa1c6?s=96&d=mm&r=g\",\"url\":\"https:\\\/\\\/secure.gravatar.com\\\/avatar\\\/c38242b9da8ec217ac3f0aaee31a54f7d7befb11b2b47fdbc8fb0fad60afa1c6?s=96&d=mm&r=g\",\"contentUrl\":\"https:\\\/\\\/secure.gravatar.com\\\/avatar\\\/c38242b9da8ec217ac3f0aaee31a54f7d7befb11b2b47fdbc8fb0fad60afa1c6?s=96&d=mm&r=g\",\"caption\":\"ELLO TV\"},\"url\":\"https:\\\/\\\/ellotv.com.br\\\/site\\\/author\\\/elloagencia\\\/\"}]}<\/script>\n<!-- \/ Yoast SEO plugin. -->","yoast_head_json":{"title":"Johnny Depp e o Oscar que nunca veio: quando o legado fala mais alto que a estatueta - Ello TV","description":"Debate nas redes questiona por que Johnny Depp nunca ganhou um Oscar, apesar de sua carreira marcante e impacto cultural.","robots":{"index":"index","follow":"follow","max-snippet":"max-snippet:-1","max-image-preview":"max-image-preview:large","max-video-preview":"max-video-preview:-1"},"canonical":"https:\/\/ellotv.com.br\/site\/2026\/04\/13\/johnny-depp-e-o-oscar-que-nunca-veio-quando-o-legado-fala-mais-alto-que-a-estatueta\/","og_locale":"pt_BR","og_type":"article","og_title":"Johnny Depp e o Oscar que nunca veio: quando o legado fala mais alto que a estatueta - Ello TV","og_description":"Debate nas redes questiona por que Johnny Depp nunca ganhou um Oscar, apesar de sua carreira marcante e impacto cultural.","og_url":"https:\/\/ellotv.com.br\/site\/2026\/04\/13\/johnny-depp-e-o-oscar-que-nunca-veio-quando-o-legado-fala-mais-alto-que-a-estatueta\/","og_site_name":"Ello TV","article_published_time":"2026-04-13T11:33:21+00:00","og_image":[{"width":1277,"height":1170,"url":"https:\/\/ellotv.com.br\/site\/wp-content\/uploads\/2026\/04\/WhatsApp-Image-2026-04-11-at-10.33.37.jpeg","type":"image\/jpeg"}],"author":"ELLO TV","twitter_card":"summary_large_image","twitter_misc":{"Escrito por":"ELLO TV","Est. tempo de leitura":"1 minuto"},"schema":{"@context":"https:\/\/schema.org","@graph":[{"@type":"Article","@id":"https:\/\/ellotv.com.br\/site\/2026\/04\/13\/johnny-depp-e-o-oscar-que-nunca-veio-quando-o-legado-fala-mais-alto-que-a-estatueta\/#article","isPartOf":{"@id":"https:\/\/ellotv.com.br\/site\/2026\/04\/13\/johnny-depp-e-o-oscar-que-nunca-veio-quando-o-legado-fala-mais-alto-que-a-estatueta\/"},"author":{"name":"ELLO TV","@id":"https:\/\/ellotv.com.br\/site\/#\/schema\/person\/2dbe3abaee38dcc7332fc8205cd2b15d"},"headline":"Johnny Depp e o Oscar que nunca veio: quando o legado fala mais alto que a estatueta","datePublished":"2026-04-13T11:33:21+00:00","mainEntityOfPage":{"@id":"https:\/\/ellotv.com.br\/site\/2026\/04\/13\/johnny-depp-e-o-oscar-que-nunca-veio-quando-o-legado-fala-mais-alto-que-a-estatueta\/"},"wordCount":243,"commentCount":0,"publisher":{"@id":"https:\/\/ellotv.com.br\/site\/#organization"},"image":{"@id":"https:\/\/ellotv.com.br\/site\/2026\/04\/13\/johnny-depp-e-o-oscar-que-nunca-veio-quando-o-legado-fala-mais-alto-que-a-estatueta\/#primaryimage"},"thumbnailUrl":"https:\/\/ellotv.com.br\/site\/wp-content\/uploads\/2026\/04\/WhatsApp-Image-2026-04-11-at-10.33.37.jpeg","articleSection":["Mundo","Noticias"],"inLanguage":"pt-BR","potentialAction":[{"@type":"CommentAction","name":"Comment","target":["https:\/\/ellotv.com.br\/site\/2026\/04\/13\/johnny-depp-e-o-oscar-que-nunca-veio-quando-o-legado-fala-mais-alto-que-a-estatueta\/#respond"]}]},{"@type":"WebPage","@id":"https:\/\/ellotv.com.br\/site\/2026\/04\/13\/johnny-depp-e-o-oscar-que-nunca-veio-quando-o-legado-fala-mais-alto-que-a-estatueta\/","url":"https:\/\/ellotv.com.br\/site\/2026\/04\/13\/johnny-depp-e-o-oscar-que-nunca-veio-quando-o-legado-fala-mais-alto-que-a-estatueta\/","name":"Johnny Depp e o Oscar que nunca veio: quando o legado fala mais alto que a estatueta - Ello TV","isPartOf":{"@id":"https:\/\/ellotv.com.br\/site\/#website"},"primaryImageOfPage":{"@id":"https:\/\/ellotv.com.br\/site\/2026\/04\/13\/johnny-depp-e-o-oscar-que-nunca-veio-quando-o-legado-fala-mais-alto-que-a-estatueta\/#primaryimage"},"image":{"@id":"https:\/\/ellotv.com.br\/site\/2026\/04\/13\/johnny-depp-e-o-oscar-que-nunca-veio-quando-o-legado-fala-mais-alto-que-a-estatueta\/#primaryimage"},"thumbnailUrl":"https:\/\/ellotv.com.br\/site\/wp-content\/uploads\/2026\/04\/WhatsApp-Image-2026-04-11-at-10.33.37.jpeg","datePublished":"2026-04-13T11:33:21+00:00","description":"Debate nas redes questiona por que Johnny Depp nunca ganhou um Oscar, apesar de sua carreira marcante e impacto cultural.","breadcrumb":{"@id":"https:\/\/ellotv.com.br\/site\/2026\/04\/13\/johnny-depp-e-o-oscar-que-nunca-veio-quando-o-legado-fala-mais-alto-que-a-estatueta\/#breadcrumb"},"inLanguage":"pt-BR","potentialAction":[{"@type":"ReadAction","target":["https:\/\/ellotv.com.br\/site\/2026\/04\/13\/johnny-depp-e-o-oscar-que-nunca-veio-quando-o-legado-fala-mais-alto-que-a-estatueta\/"]}]},{"@type":"ImageObject","inLanguage":"pt-BR","@id":"https:\/\/ellotv.com.br\/site\/2026\/04\/13\/johnny-depp-e-o-oscar-que-nunca-veio-quando-o-legado-fala-mais-alto-que-a-estatueta\/#primaryimage","url":"https:\/\/ellotv.com.br\/site\/wp-content\/uploads\/2026\/04\/WhatsApp-Image-2026-04-11-at-10.33.37.jpeg","contentUrl":"https:\/\/ellotv.com.br\/site\/wp-content\/uploads\/2026\/04\/WhatsApp-Image-2026-04-11-at-10.33.37.jpeg","width":1277,"height":1170},{"@type":"BreadcrumbList","@id":"https:\/\/ellotv.com.br\/site\/2026\/04\/13\/johnny-depp-e-o-oscar-que-nunca-veio-quando-o-legado-fala-mais-alto-que-a-estatueta\/#breadcrumb","itemListElement":[{"@type":"ListItem","position":1,"name":"In\u00edcio","item":"https:\/\/ellotv.com.br\/site\/"},{"@type":"ListItem","position":2,"name":"Johnny Depp e o Oscar que nunca veio: quando o legado fala mais alto que a estatueta"}]},{"@type":"WebSite","@id":"https:\/\/ellotv.com.br\/site\/#website","url":"https:\/\/ellotv.com.br\/site\/","name":"ELLO TV","description":"","publisher":{"@id":"https:\/\/ellotv.com.br\/site\/#organization"},"potentialAction":[{"@type":"SearchAction","target":{"@type":"EntryPoint","urlTemplate":"https:\/\/ellotv.com.br\/site\/?s={search_term_string}"},"query-input":{"@type":"PropertyValueSpecification","valueRequired":true,"valueName":"search_term_string"}}],"inLanguage":"pt-BR"},{"@type":"Organization","@id":"https:\/\/ellotv.com.br\/site\/#organization","name":"ELLO TV","url":"https:\/\/ellotv.com.br\/site\/","logo":{"@type":"ImageObject","inLanguage":"pt-BR","@id":"https:\/\/ellotv.com.br\/site\/#\/schema\/logo\/image\/","url":"https:\/\/ellotv.com.br\/site\/wp-content\/uploads\/2025\/11\/ello-logo-2.fw_.png","contentUrl":"https:\/\/ellotv.com.br\/site\/wp-content\/uploads\/2025\/11\/ello-logo-2.fw_.png","width":400,"height":146,"caption":"ELLO TV"},"image":{"@id":"https:\/\/ellotv.com.br\/site\/#\/schema\/logo\/image\/"}},{"@type":"Person","@id":"https:\/\/ellotv.com.br\/site\/#\/schema\/person\/2dbe3abaee38dcc7332fc8205cd2b15d","name":"ELLO TV","image":{"@type":"ImageObject","inLanguage":"pt-BR","@id":"https:\/\/secure.gravatar.com\/avatar\/c38242b9da8ec217ac3f0aaee31a54f7d7befb11b2b47fdbc8fb0fad60afa1c6?s=96&d=mm&r=g","url":"https:\/\/secure.gravatar.com\/avatar\/c38242b9da8ec217ac3f0aaee31a54f7d7befb11b2b47fdbc8fb0fad60afa1c6?s=96&d=mm&r=g","contentUrl":"https:\/\/secure.gravatar.com\/avatar\/c38242b9da8ec217ac3f0aaee31a54f7d7befb11b2b47fdbc8fb0fad60afa1c6?s=96&d=mm&r=g","caption":"ELLO TV"},"url":"https:\/\/ellotv.com.br\/site\/author\/elloagencia\/"}]}},"featured_image_urls":{"full":["https:\/\/ellotv.com.br\/site\/wp-content\/uploads\/2026\/04\/WhatsApp-Image-2026-04-11-at-10.33.37.jpeg",1277,1170,false],"thumbnail":["https:\/\/ellotv.com.br\/site\/wp-content\/uploads\/2026\/04\/WhatsApp-Image-2026-04-11-at-10.33.37-150x150.jpeg",150,150,true],"medium":["https:\/\/ellotv.com.br\/site\/wp-content\/uploads\/2026\/04\/WhatsApp-Image-2026-04-11-at-10.33.37-300x275.jpeg",300,275,true],"medium_large":["https:\/\/ellotv.com.br\/site\/wp-content\/uploads\/2026\/04\/WhatsApp-Image-2026-04-11-at-10.33.37-768x704.jpeg",640,587,true],"large":["https:\/\/ellotv.com.br\/site\/wp-content\/uploads\/2026\/04\/WhatsApp-Image-2026-04-11-at-10.33.37-1024x938.jpeg",640,586,true],"1536x1536":["https:\/\/ellotv.com.br\/site\/wp-content\/uploads\/2026\/04\/WhatsApp-Image-2026-04-11-at-10.33.37.jpeg",1277,1170,false],"2048x2048":["https:\/\/ellotv.com.br\/site\/wp-content\/uploads\/2026\/04\/WhatsApp-Image-2026-04-11-at-10.33.37.jpeg",1277,1170,false],"darknews-slider-full":["https:\/\/ellotv.com.br\/site\/wp-content\/uploads\/2026\/04\/WhatsApp-Image-2026-04-11-at-10.33.37-1277x720.jpeg",1277,720,true],"darknews-featured":["https:\/\/ellotv.com.br\/site\/wp-content\/uploads\/2026\/04\/WhatsApp-Image-2026-04-11-at-10.33.37-1024x938.jpeg",1024,938,true],"darknews-medium":["https:\/\/ellotv.com.br\/site\/wp-content\/uploads\/2026\/04\/WhatsApp-Image-2026-04-11-at-10.33.37-720x530.jpeg",720,530,true],"darknews-medium-square":["https:\/\/ellotv.com.br\/site\/wp-content\/uploads\/2026\/04\/WhatsApp-Image-2026-04-11-at-10.33.37-350x350.jpeg",350,350,true]},"author_info":{"info":["ELLO TV"]},"category_info":"<a href=\"https:\/\/ellotv.com.br\/site\/category\/mundo\/\" rel=\"category tag\">Mundo<\/a> <a href=\"https:\/\/ellotv.com.br\/site\/category\/noticias\/\" rel=\"category tag\">Noticias<\/a>","tag_info":"Noticias","comment_count":"0","_links":{"self":[{"href":"https:\/\/ellotv.com.br\/site\/wp-json\/wp\/v2\/posts\/5634","targetHints":{"allow":["GET"]}}],"collection":[{"href":"https:\/\/ellotv.com.br\/site\/wp-json\/wp\/v2\/posts"}],"about":[{"href":"https:\/\/ellotv.com.br\/site\/wp-json\/wp\/v2\/types\/post"}],"author":[{"embeddable":true,"href":"https:\/\/ellotv.com.br\/site\/wp-json\/wp\/v2\/users\/2"}],"replies":[{"embeddable":true,"href":"https:\/\/ellotv.com.br\/site\/wp-json\/wp\/v2\/comments?post=5634"}],"version-history":[{"count":1,"href":"https:\/\/ellotv.com.br\/site\/wp-json\/wp\/v2\/posts\/5634\/revisions"}],"predecessor-version":[{"id":5636,"href":"https:\/\/ellotv.com.br\/site\/wp-json\/wp\/v2\/posts\/5634\/revisions\/5636"}],"wp:featuredmedia":[{"embeddable":true,"href":"https:\/\/ellotv.com.br\/site\/wp-json\/wp\/v2\/media\/5635"}],"wp:attachment":[{"href":"https:\/\/ellotv.com.br\/site\/wp-json\/wp\/v2\/media?parent=5634"}],"wp:term":[{"taxonomy":"category","embeddable":true,"href":"https:\/\/ellotv.com.br\/site\/wp-json\/wp\/v2\/categories?post=5634"},{"taxonomy":"post_tag","embeddable":true,"href":"https:\/\/ellotv.com.br\/site\/wp-json\/wp\/v2\/tags?post=5634"}],"curies":[{"name":"wp","href":"https:\/\/api.w.org\/{rel}","templated":true}]}}