{"id":5640,"date":"2026-04-13T08:39:02","date_gmt":"2026-04-13T11:39:02","guid":{"rendered":"https:\/\/ellotv.com.br\/site\/?p=5640"},"modified":"2026-05-06T08:45:13","modified_gmt":"2026-05-06T11:45:13","slug":"ello-tv-amplia-projetos-e-prepara-selecao-para-novos-apresentadores-e-reporteres","status":"publish","type":"post","link":"https:\/\/ellotv.com.br\/site\/2026\/04\/13\/ello-tv-amplia-projetos-e-prepara-selecao-para-novos-apresentadores-e-reporteres\/","title":{"rendered":"ELLO TV amplia projetos e prepara sele\u00e7\u00e3o para novos apresentadores e rep\u00f3rteres"},"content":{"rendered":"<p data-start=\"66\" data-end=\"236\">A <span class=\"hover:entity-accent entity-underline inline cursor-pointer align-baseline\"><span class=\"whitespace-normal\">ELLO TV<\/span><\/span> segue em ritmo de crescimento e j\u00e1 demonstra a for\u00e7a da sua expans\u00e3o com produ\u00e7\u00f5es sendo realizadas em diferentes regi\u00f5es do pa\u00eds.<\/p>\n<p data-start=\"238\" data-end=\"564\">Um dos destaques dessa nova fase \u00e9 o programa <span class=\"hover:entity-accent entity-underline inline cursor-pointer align-baseline\"><span class=\"whitespace-normal\">S\u00e3o Paulo de Perto<\/span><\/span>, que j\u00e1 conta com epis\u00f3dios gravados diretamente da <span class=\"hover:entity-accent entity-underline inline cursor-pointer align-baseline\"><span class=\"whitespace-normal\">S\u00e3o Paulo<\/span><\/span> e tem apresenta\u00e7\u00e3o de <span class=\"hover:entity-accent entity-underline inline cursor-pointer align-baseline\"><span class=\"whitespace-normal\">DJ Criss<\/span><\/span>, levando informa\u00e7\u00e3o, entretenimento e experi\u00eancias da maior cidade do Brasil para o p\u00fablico.<\/p>\n<h3 data-section-id=\"zije8e\" data-start=\"566\" data-end=\"598\">\ud83c\udfa5 Nova fase e oportunidades<\/h3>\n<p data-start=\"600\" data-end=\"791\">Dentro desse momento de expans\u00e3o, a emissora confirmou que abrir\u00e1, em breve, sele\u00e7\u00e3o para novos apresentadores e rep\u00f3rteres que ir\u00e3o integrar programas e quadros especiais em desenvolvimento.<\/p>\n<p data-start=\"793\" data-end=\"829\">A proposta \u00e9 descobrir talentos com:<\/p>\n<ul data-start=\"830\" data-end=\"942\">\n<li data-section-id=\"3w5rjt\" data-start=\"830\" data-end=\"853\">Perfil comunicativo<\/li>\n<li data-section-id=\"7mtunx\" data-start=\"854\" data-end=\"885\">Presen\u00e7a diante das c\u00e2meras<\/li>\n<li data-section-id=\"19cnlav\" data-start=\"886\" data-end=\"902\">Criatividade<\/li>\n<li data-section-id=\"1ultjkk\" data-start=\"903\" data-end=\"942\">Interesse em crescer no audiovisual<\/li>\n<\/ul>\n<h3 data-section-id=\"22zef\" data-start=\"944\" data-end=\"970\">\ud83d\ude80 Expans\u00e3o e inova\u00e7\u00e3o<\/h3>\n<p data-start=\"972\" data-end=\"1170\">Com novos formatos saindo do papel e projetos ganhando forma, a iniciativa faz parte de uma estrat\u00e9gia maior de fortalecimento da marca e amplia\u00e7\u00e3o da presen\u00e7a da emissora no cen\u00e1rio da comunica\u00e7\u00e3o.<\/p>\n<p data-start=\"1172\" data-end=\"1331\"><span dir=\"auto\" style=\"vertical-align: inherit;\"><span dir=\"auto\" style=\"vertical-align: inherit;\">A sele\u00e7\u00e3o surge como uma oportunidade para revelar novos nomes e consolidar ainda mais a atua\u00e7\u00e3o da ELLO TV no jornalismo, entretenimento e grandes coberturas.<\/span><\/span><\/p>\n","protected":false},"excerpt":{"rendered":"<p>A ELLO TV segue em ritmo de crescimento e j\u00e1 demonstra a for\u00e7a da sua expans\u00e3o com produ\u00e7\u00f5es<\/p>\n","protected":false},"author":2,"featured_media":5641,"comment_status":"open","ping_status":"open","sticky":false,"template":"","format":"standard","meta":{"footnotes":""},"categories":[1,12,9],"tags":[],"class_list":["post-5640","post","type-post","status-publish","format-standard","has-post-thumbnail","hentry","category-ello","category-noticias","category-regional"],"yoast_head":"<!-- This site is optimized with the Yoast SEO plugin v28.3 - https:\/\/yoast.com\/product\/yoast-seo-wordpress\/ -->\n<title>ELLO TV amplia projetos e prepara sele\u00e7\u00e3o para novos apresentadores e rep\u00f3rteres - Ello TV<\/title>\n<meta name=\"description\" content=\"ELLO TV anuncia expans\u00e3o com novas produ\u00e7\u00f5es e prepara sele\u00e7\u00e3o para descobrir apresentadores e rep\u00f3rteres.\" \/>\n<meta name=\"robots\" content=\"index, follow, max-snippet:-1, max-image-preview:large, max-video-preview:-1\" \/>\n<link rel=\"canonical\" href=\"https:\/\/ellotv.com.br\/site\/2026\/04\/13\/ello-tv-amplia-projetos-e-prepara-selecao-para-novos-apresentadores-e-reporteres\/\" \/>\n<meta property=\"og:locale\" content=\"pt_BR\" \/>\n<meta property=\"og:type\" content=\"article\" \/>\n<meta property=\"og:title\" content=\"ELLO TV amplia projetos e prepara sele\u00e7\u00e3o para novos apresentadores e rep\u00f3rteres - Ello TV\" \/>\n<meta property=\"og:description\" content=\"ELLO TV anuncia expans\u00e3o com novas produ\u00e7\u00f5es e prepara sele\u00e7\u00e3o para descobrir apresentadores e rep\u00f3rteres.\" \/>\n<meta property=\"og:url\" content=\"https:\/\/ellotv.com.br\/site\/2026\/04\/13\/ello-tv-amplia-projetos-e-prepara-selecao-para-novos-apresentadores-e-reporteres\/\" \/>\n<meta property=\"og:site_name\" content=\"Ello TV\" \/>\n<meta property=\"article:published_time\" content=\"2026-04-13T11:39:02+00:00\" \/>\n<meta property=\"article:modified_time\" content=\"2026-05-06T11:45:13+00:00\" \/>\n<meta property=\"og:image\" content=\"https:\/\/ellotv.com.br\/site\/wp-content\/uploads\/2026\/04\/WhatsApp-Image-2026-04-11-at-19.22.42.jpeg\" \/>\n\t<meta property=\"og:image:width\" content=\"1024\" \/>\n\t<meta property=\"og:image:height\" content=\"1536\" \/>\n\t<meta property=\"og:image:type\" content=\"image\/jpeg\" \/>\n<meta name=\"author\" content=\"ELLO TV\" \/>\n<meta name=\"twitter:card\" content=\"summary_large_image\" \/>\n<meta name=\"twitter:label1\" content=\"Escrito por\" \/>\n\t<meta name=\"twitter:data1\" content=\"ELLO TV\" \/>\n\t<meta name=\"twitter:label2\" content=\"Est. tempo de leitura\" \/>\n\t<meta name=\"twitter:data2\" content=\"1 minuto\" \/>\n<script type=\"application\/ld+json\" class=\"yoast-schema-graph\">{\"@context\":\"https:\\\/\\\/schema.org\",\"@graph\":[{\"@type\":\"Article\",\"@id\":\"https:\\\/\\\/ellotv.com.br\\\/site\\\/2026\\\/04\\\/13\\\/ello-tv-amplia-projetos-e-prepara-selecao-para-novos-apresentadores-e-reporteres\\\/#article\",\"isPartOf\":{\"@id\":\"https:\\\/\\\/ellotv.com.br\\\/site\\\/2026\\\/04\\\/13\\\/ello-tv-amplia-projetos-e-prepara-selecao-para-novos-apresentadores-e-reporteres\\\/\"},\"author\":{\"name\":\"ELLO TV\",\"@id\":\"https:\\\/\\\/ellotv.com.br\\\/site\\\/#\\\/schema\\\/person\\\/2dbe3abaee38dcc7332fc8205cd2b15d\"},\"headline\":\"ELLO TV amplia projetos e prepara sele\u00e7\u00e3o para novos apresentadores e rep\u00f3rteres\",\"datePublished\":\"2026-04-13T11:39:02+00:00\",\"dateModified\":\"2026-05-06T11:45:13+00:00\",\"mainEntityOfPage\":{\"@id\":\"https:\\\/\\\/ellotv.com.br\\\/site\\\/2026\\\/04\\\/13\\\/ello-tv-amplia-projetos-e-prepara-selecao-para-novos-apresentadores-e-reporteres\\\/\"},\"wordCount\":215,\"commentCount\":0,\"publisher\":{\"@id\":\"https:\\\/\\\/ellotv.com.br\\\/site\\\/#organization\"},\"image\":{\"@id\":\"https:\\\/\\\/ellotv.com.br\\\/site\\\/2026\\\/04\\\/13\\\/ello-tv-amplia-projetos-e-prepara-selecao-para-novos-apresentadores-e-reporteres\\\/#primaryimage\"},\"thumbnailUrl\":\"https:\\\/\\\/ellotv.com.br\\\/site\\\/wp-content\\\/uploads\\\/2026\\\/04\\\/WhatsApp-Image-2026-04-11-at-19.22.42.jpeg\",\"articleSection\":[\"Ello\",\"Noticias\",\"Regional\"],\"inLanguage\":\"pt-BR\",\"potentialAction\":[{\"@type\":\"CommentAction\",\"name\":\"Comment\",\"target\":[\"https:\\\/\\\/ellotv.com.br\\\/site\\\/2026\\\/04\\\/13\\\/ello-tv-amplia-projetos-e-prepara-selecao-para-novos-apresentadores-e-reporteres\\\/#respond\"]}]},{\"@type\":\"WebPage\",\"@id\":\"https:\\\/\\\/ellotv.com.br\\\/site\\\/2026\\\/04\\\/13\\\/ello-tv-amplia-projetos-e-prepara-selecao-para-novos-apresentadores-e-reporteres\\\/\",\"url\":\"https:\\\/\\\/ellotv.com.br\\\/site\\\/2026\\\/04\\\/13\\\/ello-tv-amplia-projetos-e-prepara-selecao-para-novos-apresentadores-e-reporteres\\\/\",\"name\":\"ELLO TV amplia projetos e prepara sele\u00e7\u00e3o para novos apresentadores e rep\u00f3rteres - Ello TV\",\"isPartOf\":{\"@id\":\"https:\\\/\\\/ellotv.com.br\\\/site\\\/#website\"},\"primaryImageOfPage\":{\"@id\":\"https:\\\/\\\/ellotv.com.br\\\/site\\\/2026\\\/04\\\/13\\\/ello-tv-amplia-projetos-e-prepara-selecao-para-novos-apresentadores-e-reporteres\\\/#primaryimage\"},\"image\":{\"@id\":\"https:\\\/\\\/ellotv.com.br\\\/site\\\/2026\\\/04\\\/13\\\/ello-tv-amplia-projetos-e-prepara-selecao-para-novos-apresentadores-e-reporteres\\\/#primaryimage\"},\"thumbnailUrl\":\"https:\\\/\\\/ellotv.com.br\\\/site\\\/wp-content\\\/uploads\\\/2026\\\/04\\\/WhatsApp-Image-2026-04-11-at-19.22.42.jpeg\",\"datePublished\":\"2026-04-13T11:39:02+00:00\",\"dateModified\":\"2026-05-06T11:45:13+00:00\",\"description\":\"ELLO TV anuncia expans\u00e3o com novas produ\u00e7\u00f5es e prepara sele\u00e7\u00e3o para descobrir apresentadores e rep\u00f3rteres.\",\"breadcrumb\":{\"@id\":\"https:\\\/\\\/ellotv.com.br\\\/site\\\/2026\\\/04\\\/13\\\/ello-tv-amplia-projetos-e-prepara-selecao-para-novos-apresentadores-e-reporteres\\\/#breadcrumb\"},\"inLanguage\":\"pt-BR\",\"potentialAction\":[{\"@type\":\"ReadAction\",\"target\":[\"https:\\\/\\\/ellotv.com.br\\\/site\\\/2026\\\/04\\\/13\\\/ello-tv-amplia-projetos-e-prepara-selecao-para-novos-apresentadores-e-reporteres\\\/\"]}]},{\"@type\":\"ImageObject\",\"inLanguage\":\"pt-BR\",\"@id\":\"https:\\\/\\\/ellotv.com.br\\\/site\\\/2026\\\/04\\\/13\\\/ello-tv-amplia-projetos-e-prepara-selecao-para-novos-apresentadores-e-reporteres\\\/#primaryimage\",\"url\":\"https:\\\/\\\/ellotv.com.br\\\/site\\\/wp-content\\\/uploads\\\/2026\\\/04\\\/WhatsApp-Image-2026-04-11-at-19.22.42.jpeg\",\"contentUrl\":\"https:\\\/\\\/ellotv.com.br\\\/site\\\/wp-content\\\/uploads\\\/2026\\\/04\\\/WhatsApp-Image-2026-04-11-at-19.22.42.jpeg\",\"width\":1024,\"height\":1536},{\"@type\":\"BreadcrumbList\",\"@id\":\"https:\\\/\\\/ellotv.com.br\\\/site\\\/2026\\\/04\\\/13\\\/ello-tv-amplia-projetos-e-prepara-selecao-para-novos-apresentadores-e-reporteres\\\/#breadcrumb\",\"itemListElement\":[{\"@type\":\"ListItem\",\"position\":1,\"name\":\"In\u00edcio\",\"item\":\"https:\\\/\\\/ellotv.com.br\\\/site\\\/\"},{\"@type\":\"ListItem\",\"position\":2,\"name\":\"ELLO TV amplia projetos e prepara sele\u00e7\u00e3o para novos apresentadores e rep\u00f3rteres\"}]},{\"@type\":\"WebSite\",\"@id\":\"https:\\\/\\\/ellotv.com.br\\\/site\\\/#website\",\"url\":\"https:\\\/\\\/ellotv.com.br\\\/site\\\/\",\"name\":\"ELLO TV\",\"description\":\"\",\"publisher\":{\"@id\":\"https:\\\/\\\/ellotv.com.br\\\/site\\\/#organization\"},\"potentialAction\":[{\"@type\":\"SearchAction\",\"target\":{\"@type\":\"EntryPoint\",\"urlTemplate\":\"https:\\\/\\\/ellotv.com.br\\\/site\\\/?s={search_term_string}\"},\"query-input\":{\"@type\":\"PropertyValueSpecification\",\"valueRequired\":true,\"valueName\":\"search_term_string\"}}],\"inLanguage\":\"pt-BR\"},{\"@type\":\"Organization\",\"@id\":\"https:\\\/\\\/ellotv.com.br\\\/site\\\/#organization\",\"name\":\"ELLO TV\",\"url\":\"https:\\\/\\\/ellotv.com.br\\\/site\\\/\",\"logo\":{\"@type\":\"ImageObject\",\"inLanguage\":\"pt-BR\",\"@id\":\"https:\\\/\\\/ellotv.com.br\\\/site\\\/#\\\/schema\\\/logo\\\/image\\\/\",\"url\":\"https:\\\/\\\/ellotv.com.br\\\/site\\\/wp-content\\\/uploads\\\/2025\\\/11\\\/ello-logo-2.fw_.png\",\"contentUrl\":\"https:\\\/\\\/ellotv.com.br\\\/site\\\/wp-content\\\/uploads\\\/2025\\\/11\\\/ello-logo-2.fw_.png\",\"width\":400,\"height\":146,\"caption\":\"ELLO TV\"},\"image\":{\"@id\":\"https:\\\/\\\/ellotv.com.br\\\/site\\\/#\\\/schema\\\/logo\\\/image\\\/\"}},{\"@type\":\"Person\",\"@id\":\"https:\\\/\\\/ellotv.com.br\\\/site\\\/#\\\/schema\\\/person\\\/2dbe3abaee38dcc7332fc8205cd2b15d\",\"name\":\"ELLO TV\",\"image\":{\"@type\":\"ImageObject\",\"inLanguage\":\"pt-BR\",\"@id\":\"https:\\\/\\\/secure.gravatar.com\\\/avatar\\\/c38242b9da8ec217ac3f0aaee31a54f7d7befb11b2b47fdbc8fb0fad60afa1c6?s=96&d=mm&r=g\",\"url\":\"https:\\\/\\\/secure.gravatar.com\\\/avatar\\\/c38242b9da8ec217ac3f0aaee31a54f7d7befb11b2b47fdbc8fb0fad60afa1c6?s=96&d=mm&r=g\",\"contentUrl\":\"https:\\\/\\\/secure.gravatar.com\\\/avatar\\\/c38242b9da8ec217ac3f0aaee31a54f7d7befb11b2b47fdbc8fb0fad60afa1c6?s=96&d=mm&r=g\",\"caption\":\"ELLO TV\"},\"url\":\"https:\\\/\\\/ellotv.com.br\\\/site\\\/author\\\/elloagencia\\\/\"}]}<\/script>\n<!-- \/ Yoast SEO plugin. -->","yoast_head_json":{"title":"ELLO TV amplia projetos e prepara sele\u00e7\u00e3o para novos apresentadores e rep\u00f3rteres - Ello TV","description":"ELLO TV anuncia expans\u00e3o com novas produ\u00e7\u00f5es e prepara sele\u00e7\u00e3o para descobrir apresentadores e rep\u00f3rteres.","robots":{"index":"index","follow":"follow","max-snippet":"max-snippet:-1","max-image-preview":"max-image-preview:large","max-video-preview":"max-video-preview:-1"},"canonical":"https:\/\/ellotv.com.br\/site\/2026\/04\/13\/ello-tv-amplia-projetos-e-prepara-selecao-para-novos-apresentadores-e-reporteres\/","og_locale":"pt_BR","og_type":"article","og_title":"ELLO TV amplia projetos e prepara sele\u00e7\u00e3o para novos apresentadores e rep\u00f3rteres - Ello TV","og_description":"ELLO TV anuncia expans\u00e3o com novas produ\u00e7\u00f5es e prepara sele\u00e7\u00e3o para descobrir apresentadores e rep\u00f3rteres.","og_url":"https:\/\/ellotv.com.br\/site\/2026\/04\/13\/ello-tv-amplia-projetos-e-prepara-selecao-para-novos-apresentadores-e-reporteres\/","og_site_name":"Ello TV","article_published_time":"2026-04-13T11:39:02+00:00","article_modified_time":"2026-05-06T11:45:13+00:00","og_image":[{"width":1024,"height":1536,"url":"https:\/\/ellotv.com.br\/site\/wp-content\/uploads\/2026\/04\/WhatsApp-Image-2026-04-11-at-19.22.42.jpeg","type":"image\/jpeg"}],"author":"ELLO TV","twitter_card":"summary_large_image","twitter_misc":{"Escrito por":"ELLO TV","Est. tempo de leitura":"1 minuto"},"schema":{"@context":"https:\/\/schema.org","@graph":[{"@type":"Article","@id":"https:\/\/ellotv.com.br\/site\/2026\/04\/13\/ello-tv-amplia-projetos-e-prepara-selecao-para-novos-apresentadores-e-reporteres\/#article","isPartOf":{"@id":"https:\/\/ellotv.com.br\/site\/2026\/04\/13\/ello-tv-amplia-projetos-e-prepara-selecao-para-novos-apresentadores-e-reporteres\/"},"author":{"name":"ELLO TV","@id":"https:\/\/ellotv.com.br\/site\/#\/schema\/person\/2dbe3abaee38dcc7332fc8205cd2b15d"},"headline":"ELLO TV amplia projetos e prepara sele\u00e7\u00e3o para novos apresentadores e rep\u00f3rteres","datePublished":"2026-04-13T11:39:02+00:00","dateModified":"2026-05-06T11:45:13+00:00","mainEntityOfPage":{"@id":"https:\/\/ellotv.com.br\/site\/2026\/04\/13\/ello-tv-amplia-projetos-e-prepara-selecao-para-novos-apresentadores-e-reporteres\/"},"wordCount":215,"commentCount":0,"publisher":{"@id":"https:\/\/ellotv.com.br\/site\/#organization"},"image":{"@id":"https:\/\/ellotv.com.br\/site\/2026\/04\/13\/ello-tv-amplia-projetos-e-prepara-selecao-para-novos-apresentadores-e-reporteres\/#primaryimage"},"thumbnailUrl":"https:\/\/ellotv.com.br\/site\/wp-content\/uploads\/2026\/04\/WhatsApp-Image-2026-04-11-at-19.22.42.jpeg","articleSection":["Ello","Noticias","Regional"],"inLanguage":"pt-BR","potentialAction":[{"@type":"CommentAction","name":"Comment","target":["https:\/\/ellotv.com.br\/site\/2026\/04\/13\/ello-tv-amplia-projetos-e-prepara-selecao-para-novos-apresentadores-e-reporteres\/#respond"]}]},{"@type":"WebPage","@id":"https:\/\/ellotv.com.br\/site\/2026\/04\/13\/ello-tv-amplia-projetos-e-prepara-selecao-para-novos-apresentadores-e-reporteres\/","url":"https:\/\/ellotv.com.br\/site\/2026\/04\/13\/ello-tv-amplia-projetos-e-prepara-selecao-para-novos-apresentadores-e-reporteres\/","name":"ELLO TV amplia projetos e prepara sele\u00e7\u00e3o para novos apresentadores e rep\u00f3rteres - Ello TV","isPartOf":{"@id":"https:\/\/ellotv.com.br\/site\/#website"},"primaryImageOfPage":{"@id":"https:\/\/ellotv.com.br\/site\/2026\/04\/13\/ello-tv-amplia-projetos-e-prepara-selecao-para-novos-apresentadores-e-reporteres\/#primaryimage"},"image":{"@id":"https:\/\/ellotv.com.br\/site\/2026\/04\/13\/ello-tv-amplia-projetos-e-prepara-selecao-para-novos-apresentadores-e-reporteres\/#primaryimage"},"thumbnailUrl":"https:\/\/ellotv.com.br\/site\/wp-content\/uploads\/2026\/04\/WhatsApp-Image-2026-04-11-at-19.22.42.jpeg","datePublished":"2026-04-13T11:39:02+00:00","dateModified":"2026-05-06T11:45:13+00:00","description":"ELLO TV anuncia expans\u00e3o com novas produ\u00e7\u00f5es e prepara sele\u00e7\u00e3o para descobrir apresentadores e rep\u00f3rteres.","breadcrumb":{"@id":"https:\/\/ellotv.com.br\/site\/2026\/04\/13\/ello-tv-amplia-projetos-e-prepara-selecao-para-novos-apresentadores-e-reporteres\/#breadcrumb"},"inLanguage":"pt-BR","potentialAction":[{"@type":"ReadAction","target":["https:\/\/ellotv.com.br\/site\/2026\/04\/13\/ello-tv-amplia-projetos-e-prepara-selecao-para-novos-apresentadores-e-reporteres\/"]}]},{"@type":"ImageObject","inLanguage":"pt-BR","@id":"https:\/\/ellotv.com.br\/site\/2026\/04\/13\/ello-tv-amplia-projetos-e-prepara-selecao-para-novos-apresentadores-e-reporteres\/#primaryimage","url":"https:\/\/ellotv.com.br\/site\/wp-content\/uploads\/2026\/04\/WhatsApp-Image-2026-04-11-at-19.22.42.jpeg","contentUrl":"https:\/\/ellotv.com.br\/site\/wp-content\/uploads\/2026\/04\/WhatsApp-Image-2026-04-11-at-19.22.42.jpeg","width":1024,"height":1536},{"@type":"BreadcrumbList","@id":"https:\/\/ellotv.com.br\/site\/2026\/04\/13\/ello-tv-amplia-projetos-e-prepara-selecao-para-novos-apresentadores-e-reporteres\/#breadcrumb","itemListElement":[{"@type":"ListItem","position":1,"name":"In\u00edcio","item":"https:\/\/ellotv.com.br\/site\/"},{"@type":"ListItem","position":2,"name":"ELLO TV amplia projetos e prepara sele\u00e7\u00e3o para novos apresentadores e rep\u00f3rteres"}]},{"@type":"WebSite","@id":"https:\/\/ellotv.com.br\/site\/#website","url":"https:\/\/ellotv.com.br\/site\/","name":"ELLO TV","description":"","publisher":{"@id":"https:\/\/ellotv.com.br\/site\/#organization"},"potentialAction":[{"@type":"SearchAction","target":{"@type":"EntryPoint","urlTemplate":"https:\/\/ellotv.com.br\/site\/?s={search_term_string}"},"query-input":{"@type":"PropertyValueSpecification","valueRequired":true,"valueName":"search_term_string"}}],"inLanguage":"pt-BR"},{"@type":"Organization","@id":"https:\/\/ellotv.com.br\/site\/#organization","name":"ELLO TV","url":"https:\/\/ellotv.com.br\/site\/","logo":{"@type":"ImageObject","inLanguage":"pt-BR","@id":"https:\/\/ellotv.com.br\/site\/#\/schema\/logo\/image\/","url":"https:\/\/ellotv.com.br\/site\/wp-content\/uploads\/2025\/11\/ello-logo-2.fw_.png","contentUrl":"https:\/\/ellotv.com.br\/site\/wp-content\/uploads\/2025\/11\/ello-logo-2.fw_.png","width":400,"height":146,"caption":"ELLO TV"},"image":{"@id":"https:\/\/ellotv.com.br\/site\/#\/schema\/logo\/image\/"}},{"@type":"Person","@id":"https:\/\/ellotv.com.br\/site\/#\/schema\/person\/2dbe3abaee38dcc7332fc8205cd2b15d","name":"ELLO TV","image":{"@type":"ImageObject","inLanguage":"pt-BR","@id":"https:\/\/secure.gravatar.com\/avatar\/c38242b9da8ec217ac3f0aaee31a54f7d7befb11b2b47fdbc8fb0fad60afa1c6?s=96&d=mm&r=g","url":"https:\/\/secure.gravatar.com\/avatar\/c38242b9da8ec217ac3f0aaee31a54f7d7befb11b2b47fdbc8fb0fad60afa1c6?s=96&d=mm&r=g","contentUrl":"https:\/\/secure.gravatar.com\/avatar\/c38242b9da8ec217ac3f0aaee31a54f7d7befb11b2b47fdbc8fb0fad60afa1c6?s=96&d=mm&r=g","caption":"ELLO TV"},"url":"https:\/\/ellotv.com.br\/site\/author\/elloagencia\/"}]}},"featured_image_urls":{"full":["https:\/\/ellotv.com.br\/site\/wp-content\/uploads\/2026\/04\/WhatsApp-Image-2026-04-11-at-19.22.42.jpeg",1024,1536,false],"thumbnail":["https:\/\/ellotv.com.br\/site\/wp-content\/uploads\/2026\/04\/WhatsApp-Image-2026-04-11-at-19.22.42-150x150.jpeg",150,150,true],"medium":["https:\/\/ellotv.com.br\/site\/wp-content\/uploads\/2026\/04\/WhatsApp-Image-2026-04-11-at-19.22.42-200x300.jpeg",200,300,true],"medium_large":["https:\/\/ellotv.com.br\/site\/wp-content\/uploads\/2026\/04\/WhatsApp-Image-2026-04-11-at-19.22.42-768x1152.jpeg",640,960,true],"large":["https:\/\/ellotv.com.br\/site\/wp-content\/uploads\/2026\/04\/WhatsApp-Image-2026-04-11-at-19.22.42-683x1024.jpeg",640,960,true],"1536x1536":["https:\/\/ellotv.com.br\/site\/wp-content\/uploads\/2026\/04\/WhatsApp-Image-2026-04-11-at-19.22.42.jpeg",1024,1536,false],"2048x2048":["https:\/\/ellotv.com.br\/site\/wp-content\/uploads\/2026\/04\/WhatsApp-Image-2026-04-11-at-19.22.42.jpeg",1024,1536,false],"darknews-slider-full":["https:\/\/ellotv.com.br\/site\/wp-content\/uploads\/2026\/04\/WhatsApp-Image-2026-04-11-at-19.22.42-1024x720.jpeg",1024,720,true],"darknews-featured":["https:\/\/ellotv.com.br\/site\/wp-content\/uploads\/2026\/04\/WhatsApp-Image-2026-04-11-at-19.22.42.jpeg",1024,1536,false],"darknews-medium":["https:\/\/ellotv.com.br\/site\/wp-content\/uploads\/2026\/04\/WhatsApp-Image-2026-04-11-at-19.22.42-720x530.jpeg",720,530,true],"darknews-medium-square":["https:\/\/ellotv.com.br\/site\/wp-content\/uploads\/2026\/04\/WhatsApp-Image-2026-04-11-at-19.22.42-350x350.jpeg",350,350,true]},"author_info":{"info":["ELLO TV"]},"category_info":"<a href=\"https:\/\/ellotv.com.br\/site\/category\/ello\/\" rel=\"category tag\">Ello<\/a> <a href=\"https:\/\/ellotv.com.br\/site\/category\/noticias\/\" rel=\"category tag\">Noticias<\/a> <a href=\"https:\/\/ellotv.com.br\/site\/category\/regional\/\" rel=\"category tag\">Regional<\/a>","tag_info":"Regional","comment_count":"0","_links":{"self":[{"href":"https:\/\/ellotv.com.br\/site\/wp-json\/wp\/v2\/posts\/5640","targetHints":{"allow":["GET"]}}],"collection":[{"href":"https:\/\/ellotv.com.br\/site\/wp-json\/wp\/v2\/posts"}],"about":[{"href":"https:\/\/ellotv.com.br\/site\/wp-json\/wp\/v2\/types\/post"}],"author":[{"embeddable":true,"href":"https:\/\/ellotv.com.br\/site\/wp-json\/wp\/v2\/users\/2"}],"replies":[{"embeddable":true,"href":"https:\/\/ellotv.com.br\/site\/wp-json\/wp\/v2\/comments?post=5640"}],"version-history":[{"count":2,"href":"https:\/\/ellotv.com.br\/site\/wp-json\/wp\/v2\/posts\/5640\/revisions"}],"predecessor-version":[{"id":5990,"href":"https:\/\/ellotv.com.br\/site\/wp-json\/wp\/v2\/posts\/5640\/revisions\/5990"}],"wp:featuredmedia":[{"embeddable":true,"href":"https:\/\/ellotv.com.br\/site\/wp-json\/wp\/v2\/media\/5641"}],"wp:attachment":[{"href":"https:\/\/ellotv.com.br\/site\/wp-json\/wp\/v2\/media?parent=5640"}],"wp:term":[{"taxonomy":"category","embeddable":true,"href":"https:\/\/ellotv.com.br\/site\/wp-json\/wp\/v2\/categories?post=5640"},{"taxonomy":"post_tag","embeddable":true,"href":"https:\/\/ellotv.com.br\/site\/wp-json\/wp\/v2\/tags?post=5640"}],"curies":[{"name":"wp","href":"https:\/\/api.w.org\/{rel}","templated":true}]}}