{"id":5643,"date":"2026-04-13T08:44:52","date_gmt":"2026-04-13T11:44:52","guid":{"rendered":"https:\/\/ellotv.com.br\/site\/?p=5643"},"modified":"2026-04-13T08:45:53","modified_gmt":"2026-04-13T11:45:53","slug":"brasil-entra-para-o-guinness-com-recorde-historico-na-educacao-publica-e-a-ello-tv-mostra-tudo-de-perto","status":"publish","type":"post","link":"https:\/\/ellotv.com.br\/site\/2026\/04\/13\/brasil-entra-para-o-guinness-com-recorde-historico-na-educacao-publica-e-a-ello-tv-mostra-tudo-de-perto\/","title":{"rendered":"Brasil entra para o Guinness com recorde hist\u00f3rico na educa\u00e7\u00e3o p\u00fablica e a ELLO TV mostra tudo de perto"},"content":{"rendered":"<p data-start=\"86\" data-end=\"386\">O Brasil celebra uma conquista hist\u00f3rica na educa\u00e7\u00e3o p\u00fablica com o reconhecimento da <span class=\"hover:entity-accent entity-underline inline cursor-pointer align-baseline\"><span class=\"whitespace-normal\">Estudo Play<\/span><\/span>, que entrou oficialmente para o <span class=\"hover:entity-accent entity-underline inline cursor-pointer align-baseline\"><span class=\"whitespace-normal\">Guinness World Records<\/span><\/span> ao registrar o maior volume de reda\u00e7\u00f5es manuscritas corrigidas por intelig\u00eancia artificial em um \u00fanico m\u00eas.<\/p>\n<p data-start=\"388\" data-end=\"600\">A certifica\u00e7\u00e3o foi entregue em cerim\u00f4nia realizada no dia 9 de abril de 2026, na sede da empresa, em <span class=\"hover:entity-accent entity-underline inline cursor-pointer align-baseline\"><span class=\"whitespace-normal\">Jo\u00e3o Pessoa<\/span><\/span>, reunindo autoridades e representantes da educa\u00e7\u00e3o e da inova\u00e7\u00e3o no pa\u00eds.<\/p>\n<h3 data-section-id=\"8bwkzw\" data-start=\"602\" data-end=\"631\">\ud83d\udcca Recorde impressionante<\/h3>\n<p data-start=\"633\" data-end=\"835\">O feito foi alcan\u00e7ado durante o Projeto Enem MG, em parceria com a Secretaria de Educa\u00e7\u00e3o de <span class=\"hover:entity-accent entity-underline inline cursor-pointer align-baseline\"><span class=\"whitespace-normal\">Minas Gerais<\/span><\/span>, quando mais de <strong data-start=\"780\" data-end=\"800\">461 mil reda\u00e7\u00f5es<\/strong> foram corrigidas em apenas um m\u00eas.<\/p>\n<p data-start=\"837\" data-end=\"1010\">No total, a plataforma j\u00e1 ultrapassou a marca de <strong data-start=\"886\" data-end=\"919\">5 milh\u00f5es de textos avaliados<\/strong>, consolidando a empresa como refer\u00eancia nacional em solu\u00e7\u00f5es educacionais em larga escala.<\/p>\n<h3 data-section-id=\"9u420s\" data-start=\"1012\" data-end=\"1048\">\ud83d\udc68\u200d\ud83c\udfeb Lideran\u00e7a e reconhecimento<\/h3>\n<p data-start=\"1050\" data-end=\"1197\">A empresa \u00e9 presidida por <span class=\"hover:entity-accent entity-underline inline cursor-pointer align-baseline\"><span class=\"whitespace-normal\">Felipe Pianc\u00f3<\/span><\/span>, que celebrou o reconhecimento internacional ao lado de diversas autoridades, como:<\/p>\n<ul data-start=\"1198\" data-end=\"1365\">\n<li data-section-id=\"hjs5dh\" data-start=\"1198\" data-end=\"1239\"><span class=\"hover:entity-accent entity-underline inline cursor-pointer align-baseline\"><span class=\"whitespace-normal\">Lucas Ribeiro<\/span><\/span><\/li>\n<li data-section-id=\"pzvh1x\" data-start=\"1240\" data-end=\"1281\"><span class=\"hover:entity-accent entity-underline inline cursor-pointer align-baseline\"><span class=\"whitespace-normal\">Efraim Filho<\/span><\/span><\/li>\n<li data-section-id=\"1l5awad\" data-start=\"1282\" data-end=\"1323\"><span class=\"hover:entity-accent entity-underline inline cursor-pointer align-baseline\"><span class=\"whitespace-normal\">C\u00e1ssio Cunha Lima<\/span><\/span><\/li>\n<li data-section-id=\"1upsd79\" data-start=\"1324\" data-end=\"1365\"><span class=\"hover:entity-accent entity-underline inline cursor-pointer align-baseline\"><span class=\"whitespace-normal\">F\u00e1bio T\u00falio Nogueira<\/span><\/span><\/li>\n<\/ul>\n<p data-start=\"1367\" data-end=\"1513\">O evento tamb\u00e9m contou com representantes de institui\u00e7\u00f5es como o <span class=\"hover:entity-accent entity-underline inline cursor-pointer align-baseline\"><span class=\"whitespace-normal\">INEP<\/span><\/span> e lideran\u00e7as ligadas \u00e0 educa\u00e7\u00e3o e inova\u00e7\u00e3o.<\/p>\n<h3 data-section-id=\"b4tlj8\" data-start=\"1515\" data-end=\"1541\">\ud83d\ude80 Impacto na educa\u00e7\u00e3o<\/h3>\n<p data-start=\"1543\" data-end=\"1792\">Com parcerias em 18 redes estaduais, incluindo Minas Gerais, Bahia e Rio de Janeiro, a Estudo Play tem ampliado o acesso \u00e0 educa\u00e7\u00e3o de qualidade, utilizando tecnologia e intelig\u00eancia artificial para oferecer corre\u00e7\u00f5es r\u00e1pidas, precisas e acess\u00edveis.<\/p>\n<p data-start=\"1794\" data-end=\"1973\">O reconhecimento coloca a empresa no centro das discuss\u00f5es sobre o futuro da educa\u00e7\u00e3o, mostrando como a inova\u00e7\u00e3o pode contribuir para mais equidade e efici\u00eancia no ensino p\u00fablico.<\/p>\n<h3 data-section-id=\"g8buj2\" data-start=\"1975\" data-end=\"2000\">\ud83d\udcfa Cobertura especial<\/h3>\n<p data-start=\"2002\" data-end=\"2266\">A <span class=\"hover:entity-accent entity-underline inline cursor-pointer align-baseline\"><span class=\"whitespace-normal\">ELLO TV<\/span><\/span> acompanhou de perto esse momento hist\u00f3rico. O jornalista <span class=\"hover:entity-accent entity-underline inline cursor-pointer align-baseline\"><span class=\"whitespace-normal\">Marcello Patriota<\/span><\/span> trouxe entrevistas exclusivas e os bastidores da cerim\u00f4nia que colocou o nome do Brasil em destaque no cen\u00e1rio internacional.<\/p>\n<p data-start=\"2002\" data-end=\"2266\"><img fetchpriority=\"high\" decoding=\"async\" class=\"aligncenter wp-image-5646 size-full\" src=\"https:\/\/ellotv.com.br\/site\/wp-content\/uploads\/2026\/04\/WhatsApp-Image-2026-04-12-at-20.06.05.jpeg\" alt=\"\" width=\"1270\" height=\"841\" srcset=\"https:\/\/ellotv.com.br\/site\/wp-content\/uploads\/2026\/04\/WhatsApp-Image-2026-04-12-at-20.06.05.jpeg 1270w, https:\/\/ellotv.com.br\/site\/wp-content\/uploads\/2026\/04\/WhatsApp-Image-2026-04-12-at-20.06.05-300x199.jpeg 300w, https:\/\/ellotv.com.br\/site\/wp-content\/uploads\/2026\/04\/WhatsApp-Image-2026-04-12-at-20.06.05-1024x678.jpeg 1024w, https:\/\/ellotv.com.br\/site\/wp-content\/uploads\/2026\/04\/WhatsApp-Image-2026-04-12-at-20.06.05-768x509.jpeg 768w\" sizes=\"(max-width: 1270px) 100vw, 1270px\" \/><img decoding=\"async\" class=\"aligncenter wp-image-5645 size-full\" src=\"https:\/\/ellotv.com.br\/site\/wp-content\/uploads\/2026\/04\/WhatsApp-Image-2026-04-12-at-20.06.06-2.jpeg\" alt=\"\" width=\"960\" height=\"1280\" srcset=\"https:\/\/ellotv.com.br\/site\/wp-content\/uploads\/2026\/04\/WhatsApp-Image-2026-04-12-at-20.06.06-2.jpeg 960w, https:\/\/ellotv.com.br\/site\/wp-content\/uploads\/2026\/04\/WhatsApp-Image-2026-04-12-at-20.06.06-2-225x300.jpeg 225w, https:\/\/ellotv.com.br\/site\/wp-content\/uploads\/2026\/04\/WhatsApp-Image-2026-04-12-at-20.06.06-2-768x1024.jpeg 768w\" sizes=\"(max-width: 960px) 100vw, 960px\" \/> \u00a0<img decoding=\"async\" class=\"aligncenter wp-image-5647 size-full\" src=\"https:\/\/ellotv.com.br\/site\/wp-content\/uploads\/2026\/04\/WhatsApp-Image-2026-04-12-at-20.06.06.jpeg\" alt=\"\" width=\"1274\" height=\"1600\" srcset=\"https:\/\/ellotv.com.br\/site\/wp-content\/uploads\/2026\/04\/WhatsApp-Image-2026-04-12-at-20.06.06.jpeg 1274w, https:\/\/ellotv.com.br\/site\/wp-content\/uploads\/2026\/04\/WhatsApp-Image-2026-04-12-at-20.06.06-239x300.jpeg 239w, https:\/\/ellotv.com.br\/site\/wp-content\/uploads\/2026\/04\/WhatsApp-Image-2026-04-12-at-20.06.06-815x1024.jpeg 815w, https:\/\/ellotv.com.br\/site\/wp-content\/uploads\/2026\/04\/WhatsApp-Image-2026-04-12-at-20.06.06-768x965.jpeg 768w, https:\/\/ellotv.com.br\/site\/wp-content\/uploads\/2026\/04\/WhatsApp-Image-2026-04-12-at-20.06.06-1223x1536.jpeg 1223w, https:\/\/ellotv.com.br\/site\/wp-content\/uploads\/2026\/04\/WhatsApp-Image-2026-04-12-at-20.06.06-1024x1286.jpeg 1024w\" sizes=\"(max-width: 1274px) 100vw, 1274px\" \/><\/p>\n","protected":false},"excerpt":{"rendered":"<p>O Brasil celebra uma conquista hist\u00f3rica na educa\u00e7\u00e3o p\u00fablica com o reconhecimento da Estudo Play, que entrou oficialmente<\/p>\n","protected":false},"author":2,"featured_media":5644,"comment_status":"open","ping_status":"open","sticky":false,"template":"","format":"standard","meta":{"footnotes":""},"categories":[8,1,10,12,9],"tags":[],"class_list":["post-5643","post","type-post","status-publish","format-standard","has-post-thumbnail","hentry","category-brasil","category-ello","category-mundo","category-noticias","category-regional"],"yoast_head":"<!-- This site is optimized with the Yoast SEO plugin v28.3 - https:\/\/yoast.com\/product\/yoast-seo-wordpress\/ -->\n<title>Brasil entra para o Guinness com recorde hist\u00f3rico na educa\u00e7\u00e3o p\u00fablica e a ELLO TV mostra tudo de perto - Ello TV<\/title>\n<meta name=\"description\" content=\"Estudo Play entra para o Guinness com recorde de reda\u00e7\u00f5es corrigidas por IA e destaca inova\u00e7\u00e3o na educa\u00e7\u00e3o brasileira.\" \/>\n<meta name=\"robots\" content=\"index, follow, max-snippet:-1, max-image-preview:large, max-video-preview:-1\" \/>\n<link rel=\"canonical\" href=\"https:\/\/ellotv.com.br\/site\/2026\/04\/13\/brasil-entra-para-o-guinness-com-recorde-historico-na-educacao-publica-e-a-ello-tv-mostra-tudo-de-perto\/\" \/>\n<meta property=\"og:locale\" content=\"pt_BR\" \/>\n<meta property=\"og:type\" content=\"article\" \/>\n<meta property=\"og:title\" content=\"Brasil entra para o Guinness com recorde hist\u00f3rico na educa\u00e7\u00e3o p\u00fablica e a ELLO TV mostra tudo de perto - Ello TV\" \/>\n<meta property=\"og:description\" content=\"Estudo Play entra para o Guinness com recorde de reda\u00e7\u00f5es corrigidas por IA e destaca inova\u00e7\u00e3o na educa\u00e7\u00e3o brasileira.\" \/>\n<meta property=\"og:url\" content=\"https:\/\/ellotv.com.br\/site\/2026\/04\/13\/brasil-entra-para-o-guinness-com-recorde-historico-na-educacao-publica-e-a-ello-tv-mostra-tudo-de-perto\/\" \/>\n<meta property=\"og:site_name\" content=\"Ello TV\" \/>\n<meta property=\"article:published_time\" content=\"2026-04-13T11:44:52+00:00\" \/>\n<meta property=\"article:modified_time\" content=\"2026-04-13T11:45:53+00:00\" \/>\n<meta property=\"og:image\" content=\"https:\/\/ellotv.com.br\/site\/wp-content\/uploads\/2026\/04\/WhatsApp-Image-2026-04-12-at-20.06.06-1.jpeg\" \/>\n\t<meta property=\"og:image:width\" content=\"960\" \/>\n\t<meta property=\"og:image:height\" content=\"1280\" \/>\n\t<meta property=\"og:image:type\" content=\"image\/jpeg\" \/>\n<meta name=\"author\" content=\"ELLO TV\" \/>\n<meta name=\"twitter:card\" content=\"summary_large_image\" \/>\n<meta name=\"twitter:label1\" content=\"Escrito por\" \/>\n\t<meta name=\"twitter:data1\" content=\"ELLO TV\" \/>\n\t<meta name=\"twitter:label2\" content=\"Est. tempo de leitura\" \/>\n\t<meta name=\"twitter:data2\" content=\"2 minutos\" \/>\n<script type=\"application\/ld+json\" class=\"yoast-schema-graph\">{\"@context\":\"https:\\\/\\\/schema.org\",\"@graph\":[{\"@type\":\"Article\",\"@id\":\"https:\\\/\\\/ellotv.com.br\\\/site\\\/2026\\\/04\\\/13\\\/brasil-entra-para-o-guinness-com-recorde-historico-na-educacao-publica-e-a-ello-tv-mostra-tudo-de-perto\\\/#article\",\"isPartOf\":{\"@id\":\"https:\\\/\\\/ellotv.com.br\\\/site\\\/2026\\\/04\\\/13\\\/brasil-entra-para-o-guinness-com-recorde-historico-na-educacao-publica-e-a-ello-tv-mostra-tudo-de-perto\\\/\"},\"author\":{\"name\":\"ELLO TV\",\"@id\":\"https:\\\/\\\/ellotv.com.br\\\/site\\\/#\\\/schema\\\/person\\\/2dbe3abaee38dcc7332fc8205cd2b15d\"},\"headline\":\"Brasil entra para o Guinness com recorde hist\u00f3rico na educa\u00e7\u00e3o p\u00fablica e a ELLO TV mostra tudo de perto\",\"datePublished\":\"2026-04-13T11:44:52+00:00\",\"dateModified\":\"2026-04-13T11:45:53+00:00\",\"mainEntityOfPage\":{\"@id\":\"https:\\\/\\\/ellotv.com.br\\\/site\\\/2026\\\/04\\\/13\\\/brasil-entra-para-o-guinness-com-recorde-historico-na-educacao-publica-e-a-ello-tv-mostra-tudo-de-perto\\\/\"},\"wordCount\":337,\"commentCount\":0,\"publisher\":{\"@id\":\"https:\\\/\\\/ellotv.com.br\\\/site\\\/#organization\"},\"image\":{\"@id\":\"https:\\\/\\\/ellotv.com.br\\\/site\\\/2026\\\/04\\\/13\\\/brasil-entra-para-o-guinness-com-recorde-historico-na-educacao-publica-e-a-ello-tv-mostra-tudo-de-perto\\\/#primaryimage\"},\"thumbnailUrl\":\"https:\\\/\\\/ellotv.com.br\\\/site\\\/wp-content\\\/uploads\\\/2026\\\/04\\\/WhatsApp-Image-2026-04-12-at-20.06.06-1.jpeg\",\"articleSection\":[\"Brasil\",\"Ello\",\"Mundo\",\"Noticias\",\"Regional\"],\"inLanguage\":\"pt-BR\",\"potentialAction\":[{\"@type\":\"CommentAction\",\"name\":\"Comment\",\"target\":[\"https:\\\/\\\/ellotv.com.br\\\/site\\\/2026\\\/04\\\/13\\\/brasil-entra-para-o-guinness-com-recorde-historico-na-educacao-publica-e-a-ello-tv-mostra-tudo-de-perto\\\/#respond\"]}]},{\"@type\":\"WebPage\",\"@id\":\"https:\\\/\\\/ellotv.com.br\\\/site\\\/2026\\\/04\\\/13\\\/brasil-entra-para-o-guinness-com-recorde-historico-na-educacao-publica-e-a-ello-tv-mostra-tudo-de-perto\\\/\",\"url\":\"https:\\\/\\\/ellotv.com.br\\\/site\\\/2026\\\/04\\\/13\\\/brasil-entra-para-o-guinness-com-recorde-historico-na-educacao-publica-e-a-ello-tv-mostra-tudo-de-perto\\\/\",\"name\":\"Brasil entra para o Guinness com recorde hist\u00f3rico na educa\u00e7\u00e3o p\u00fablica e a ELLO TV mostra tudo de perto - Ello TV\",\"isPartOf\":{\"@id\":\"https:\\\/\\\/ellotv.com.br\\\/site\\\/#website\"},\"primaryImageOfPage\":{\"@id\":\"https:\\\/\\\/ellotv.com.br\\\/site\\\/2026\\\/04\\\/13\\\/brasil-entra-para-o-guinness-com-recorde-historico-na-educacao-publica-e-a-ello-tv-mostra-tudo-de-perto\\\/#primaryimage\"},\"image\":{\"@id\":\"https:\\\/\\\/ellotv.com.br\\\/site\\\/2026\\\/04\\\/13\\\/brasil-entra-para-o-guinness-com-recorde-historico-na-educacao-publica-e-a-ello-tv-mostra-tudo-de-perto\\\/#primaryimage\"},\"thumbnailUrl\":\"https:\\\/\\\/ellotv.com.br\\\/site\\\/wp-content\\\/uploads\\\/2026\\\/04\\\/WhatsApp-Image-2026-04-12-at-20.06.06-1.jpeg\",\"datePublished\":\"2026-04-13T11:44:52+00:00\",\"dateModified\":\"2026-04-13T11:45:53+00:00\",\"description\":\"Estudo Play entra para o Guinness com recorde de reda\u00e7\u00f5es corrigidas por IA e destaca inova\u00e7\u00e3o na educa\u00e7\u00e3o brasileira.\",\"breadcrumb\":{\"@id\":\"https:\\\/\\\/ellotv.com.br\\\/site\\\/2026\\\/04\\\/13\\\/brasil-entra-para-o-guinness-com-recorde-historico-na-educacao-publica-e-a-ello-tv-mostra-tudo-de-perto\\\/#breadcrumb\"},\"inLanguage\":\"pt-BR\",\"potentialAction\":[{\"@type\":\"ReadAction\",\"target\":[\"https:\\\/\\\/ellotv.com.br\\\/site\\\/2026\\\/04\\\/13\\\/brasil-entra-para-o-guinness-com-recorde-historico-na-educacao-publica-e-a-ello-tv-mostra-tudo-de-perto\\\/\"]}]},{\"@type\":\"ImageObject\",\"inLanguage\":\"pt-BR\",\"@id\":\"https:\\\/\\\/ellotv.com.br\\\/site\\\/2026\\\/04\\\/13\\\/brasil-entra-para-o-guinness-com-recorde-historico-na-educacao-publica-e-a-ello-tv-mostra-tudo-de-perto\\\/#primaryimage\",\"url\":\"https:\\\/\\\/ellotv.com.br\\\/site\\\/wp-content\\\/uploads\\\/2026\\\/04\\\/WhatsApp-Image-2026-04-12-at-20.06.06-1.jpeg\",\"contentUrl\":\"https:\\\/\\\/ellotv.com.br\\\/site\\\/wp-content\\\/uploads\\\/2026\\\/04\\\/WhatsApp-Image-2026-04-12-at-20.06.06-1.jpeg\",\"width\":960,\"height\":1280},{\"@type\":\"BreadcrumbList\",\"@id\":\"https:\\\/\\\/ellotv.com.br\\\/site\\\/2026\\\/04\\\/13\\\/brasil-entra-para-o-guinness-com-recorde-historico-na-educacao-publica-e-a-ello-tv-mostra-tudo-de-perto\\\/#breadcrumb\",\"itemListElement\":[{\"@type\":\"ListItem\",\"position\":1,\"name\":\"In\u00edcio\",\"item\":\"https:\\\/\\\/ellotv.com.br\\\/site\\\/\"},{\"@type\":\"ListItem\",\"position\":2,\"name\":\"Brasil entra para o Guinness com recorde hist\u00f3rico na educa\u00e7\u00e3o p\u00fablica e a ELLO TV mostra tudo de perto\"}]},{\"@type\":\"WebSite\",\"@id\":\"https:\\\/\\\/ellotv.com.br\\\/site\\\/#website\",\"url\":\"https:\\\/\\\/ellotv.com.br\\\/site\\\/\",\"name\":\"ELLO TV\",\"description\":\"\",\"publisher\":{\"@id\":\"https:\\\/\\\/ellotv.com.br\\\/site\\\/#organization\"},\"potentialAction\":[{\"@type\":\"SearchAction\",\"target\":{\"@type\":\"EntryPoint\",\"urlTemplate\":\"https:\\\/\\\/ellotv.com.br\\\/site\\\/?s={search_term_string}\"},\"query-input\":{\"@type\":\"PropertyValueSpecification\",\"valueRequired\":true,\"valueName\":\"search_term_string\"}}],\"inLanguage\":\"pt-BR\"},{\"@type\":\"Organization\",\"@id\":\"https:\\\/\\\/ellotv.com.br\\\/site\\\/#organization\",\"name\":\"ELLO TV\",\"url\":\"https:\\\/\\\/ellotv.com.br\\\/site\\\/\",\"logo\":{\"@type\":\"ImageObject\",\"inLanguage\":\"pt-BR\",\"@id\":\"https:\\\/\\\/ellotv.com.br\\\/site\\\/#\\\/schema\\\/logo\\\/image\\\/\",\"url\":\"https:\\\/\\\/ellotv.com.br\\\/site\\\/wp-content\\\/uploads\\\/2025\\\/11\\\/ello-logo-2.fw_.png\",\"contentUrl\":\"https:\\\/\\\/ellotv.com.br\\\/site\\\/wp-content\\\/uploads\\\/2025\\\/11\\\/ello-logo-2.fw_.png\",\"width\":400,\"height\":146,\"caption\":\"ELLO TV\"},\"image\":{\"@id\":\"https:\\\/\\\/ellotv.com.br\\\/site\\\/#\\\/schema\\\/logo\\\/image\\\/\"}},{\"@type\":\"Person\",\"@id\":\"https:\\\/\\\/ellotv.com.br\\\/site\\\/#\\\/schema\\\/person\\\/2dbe3abaee38dcc7332fc8205cd2b15d\",\"name\":\"ELLO TV\",\"image\":{\"@type\":\"ImageObject\",\"inLanguage\":\"pt-BR\",\"@id\":\"https:\\\/\\\/secure.gravatar.com\\\/avatar\\\/c38242b9da8ec217ac3f0aaee31a54f7d7befb11b2b47fdbc8fb0fad60afa1c6?s=96&d=mm&r=g\",\"url\":\"https:\\\/\\\/secure.gravatar.com\\\/avatar\\\/c38242b9da8ec217ac3f0aaee31a54f7d7befb11b2b47fdbc8fb0fad60afa1c6?s=96&d=mm&r=g\",\"contentUrl\":\"https:\\\/\\\/secure.gravatar.com\\\/avatar\\\/c38242b9da8ec217ac3f0aaee31a54f7d7befb11b2b47fdbc8fb0fad60afa1c6?s=96&d=mm&r=g\",\"caption\":\"ELLO TV\"},\"url\":\"https:\\\/\\\/ellotv.com.br\\\/site\\\/author\\\/elloagencia\\\/\"}]}<\/script>\n<!-- \/ Yoast SEO plugin. -->","yoast_head_json":{"title":"Brasil entra para o Guinness com recorde hist\u00f3rico na educa\u00e7\u00e3o p\u00fablica e a ELLO TV mostra tudo de perto - Ello TV","description":"Estudo Play entra para o Guinness com recorde de reda\u00e7\u00f5es corrigidas por IA e destaca inova\u00e7\u00e3o na educa\u00e7\u00e3o brasileira.","robots":{"index":"index","follow":"follow","max-snippet":"max-snippet:-1","max-image-preview":"max-image-preview:large","max-video-preview":"max-video-preview:-1"},"canonical":"https:\/\/ellotv.com.br\/site\/2026\/04\/13\/brasil-entra-para-o-guinness-com-recorde-historico-na-educacao-publica-e-a-ello-tv-mostra-tudo-de-perto\/","og_locale":"pt_BR","og_type":"article","og_title":"Brasil entra para o Guinness com recorde hist\u00f3rico na educa\u00e7\u00e3o p\u00fablica e a ELLO TV mostra tudo de perto - Ello TV","og_description":"Estudo Play entra para o Guinness com recorde de reda\u00e7\u00f5es corrigidas por IA e destaca inova\u00e7\u00e3o na educa\u00e7\u00e3o brasileira.","og_url":"https:\/\/ellotv.com.br\/site\/2026\/04\/13\/brasil-entra-para-o-guinness-com-recorde-historico-na-educacao-publica-e-a-ello-tv-mostra-tudo-de-perto\/","og_site_name":"Ello TV","article_published_time":"2026-04-13T11:44:52+00:00","article_modified_time":"2026-04-13T11:45:53+00:00","og_image":[{"width":960,"height":1280,"url":"https:\/\/ellotv.com.br\/site\/wp-content\/uploads\/2026\/04\/WhatsApp-Image-2026-04-12-at-20.06.06-1.jpeg","type":"image\/jpeg"}],"author":"ELLO TV","twitter_card":"summary_large_image","twitter_misc":{"Escrito por":"ELLO TV","Est. tempo de leitura":"2 minutos"},"schema":{"@context":"https:\/\/schema.org","@graph":[{"@type":"Article","@id":"https:\/\/ellotv.com.br\/site\/2026\/04\/13\/brasil-entra-para-o-guinness-com-recorde-historico-na-educacao-publica-e-a-ello-tv-mostra-tudo-de-perto\/#article","isPartOf":{"@id":"https:\/\/ellotv.com.br\/site\/2026\/04\/13\/brasil-entra-para-o-guinness-com-recorde-historico-na-educacao-publica-e-a-ello-tv-mostra-tudo-de-perto\/"},"author":{"name":"ELLO TV","@id":"https:\/\/ellotv.com.br\/site\/#\/schema\/person\/2dbe3abaee38dcc7332fc8205cd2b15d"},"headline":"Brasil entra para o Guinness com recorde hist\u00f3rico na educa\u00e7\u00e3o p\u00fablica e a ELLO TV mostra tudo de perto","datePublished":"2026-04-13T11:44:52+00:00","dateModified":"2026-04-13T11:45:53+00:00","mainEntityOfPage":{"@id":"https:\/\/ellotv.com.br\/site\/2026\/04\/13\/brasil-entra-para-o-guinness-com-recorde-historico-na-educacao-publica-e-a-ello-tv-mostra-tudo-de-perto\/"},"wordCount":337,"commentCount":0,"publisher":{"@id":"https:\/\/ellotv.com.br\/site\/#organization"},"image":{"@id":"https:\/\/ellotv.com.br\/site\/2026\/04\/13\/brasil-entra-para-o-guinness-com-recorde-historico-na-educacao-publica-e-a-ello-tv-mostra-tudo-de-perto\/#primaryimage"},"thumbnailUrl":"https:\/\/ellotv.com.br\/site\/wp-content\/uploads\/2026\/04\/WhatsApp-Image-2026-04-12-at-20.06.06-1.jpeg","articleSection":["Brasil","Ello","Mundo","Noticias","Regional"],"inLanguage":"pt-BR","potentialAction":[{"@type":"CommentAction","name":"Comment","target":["https:\/\/ellotv.com.br\/site\/2026\/04\/13\/brasil-entra-para-o-guinness-com-recorde-historico-na-educacao-publica-e-a-ello-tv-mostra-tudo-de-perto\/#respond"]}]},{"@type":"WebPage","@id":"https:\/\/ellotv.com.br\/site\/2026\/04\/13\/brasil-entra-para-o-guinness-com-recorde-historico-na-educacao-publica-e-a-ello-tv-mostra-tudo-de-perto\/","url":"https:\/\/ellotv.com.br\/site\/2026\/04\/13\/brasil-entra-para-o-guinness-com-recorde-historico-na-educacao-publica-e-a-ello-tv-mostra-tudo-de-perto\/","name":"Brasil entra para o Guinness com recorde hist\u00f3rico na educa\u00e7\u00e3o p\u00fablica e a ELLO TV mostra tudo de perto - Ello TV","isPartOf":{"@id":"https:\/\/ellotv.com.br\/site\/#website"},"primaryImageOfPage":{"@id":"https:\/\/ellotv.com.br\/site\/2026\/04\/13\/brasil-entra-para-o-guinness-com-recorde-historico-na-educacao-publica-e-a-ello-tv-mostra-tudo-de-perto\/#primaryimage"},"image":{"@id":"https:\/\/ellotv.com.br\/site\/2026\/04\/13\/brasil-entra-para-o-guinness-com-recorde-historico-na-educacao-publica-e-a-ello-tv-mostra-tudo-de-perto\/#primaryimage"},"thumbnailUrl":"https:\/\/ellotv.com.br\/site\/wp-content\/uploads\/2026\/04\/WhatsApp-Image-2026-04-12-at-20.06.06-1.jpeg","datePublished":"2026-04-13T11:44:52+00:00","dateModified":"2026-04-13T11:45:53+00:00","description":"Estudo Play entra para o Guinness com recorde de reda\u00e7\u00f5es corrigidas por IA e destaca inova\u00e7\u00e3o na educa\u00e7\u00e3o brasileira.","breadcrumb":{"@id":"https:\/\/ellotv.com.br\/site\/2026\/04\/13\/brasil-entra-para-o-guinness-com-recorde-historico-na-educacao-publica-e-a-ello-tv-mostra-tudo-de-perto\/#breadcrumb"},"inLanguage":"pt-BR","potentialAction":[{"@type":"ReadAction","target":["https:\/\/ellotv.com.br\/site\/2026\/04\/13\/brasil-entra-para-o-guinness-com-recorde-historico-na-educacao-publica-e-a-ello-tv-mostra-tudo-de-perto\/"]}]},{"@type":"ImageObject","inLanguage":"pt-BR","@id":"https:\/\/ellotv.com.br\/site\/2026\/04\/13\/brasil-entra-para-o-guinness-com-recorde-historico-na-educacao-publica-e-a-ello-tv-mostra-tudo-de-perto\/#primaryimage","url":"https:\/\/ellotv.com.br\/site\/wp-content\/uploads\/2026\/04\/WhatsApp-Image-2026-04-12-at-20.06.06-1.jpeg","contentUrl":"https:\/\/ellotv.com.br\/site\/wp-content\/uploads\/2026\/04\/WhatsApp-Image-2026-04-12-at-20.06.06-1.jpeg","width":960,"height":1280},{"@type":"BreadcrumbList","@id":"https:\/\/ellotv.com.br\/site\/2026\/04\/13\/brasil-entra-para-o-guinness-com-recorde-historico-na-educacao-publica-e-a-ello-tv-mostra-tudo-de-perto\/#breadcrumb","itemListElement":[{"@type":"ListItem","position":1,"name":"In\u00edcio","item":"https:\/\/ellotv.com.br\/site\/"},{"@type":"ListItem","position":2,"name":"Brasil entra para o Guinness com recorde hist\u00f3rico na educa\u00e7\u00e3o p\u00fablica e a ELLO TV mostra tudo de perto"}]},{"@type":"WebSite","@id":"https:\/\/ellotv.com.br\/site\/#website","url":"https:\/\/ellotv.com.br\/site\/","name":"ELLO TV","description":"","publisher":{"@id":"https:\/\/ellotv.com.br\/site\/#organization"},"potentialAction":[{"@type":"SearchAction","target":{"@type":"EntryPoint","urlTemplate":"https:\/\/ellotv.com.br\/site\/?s={search_term_string}"},"query-input":{"@type":"PropertyValueSpecification","valueRequired":true,"valueName":"search_term_string"}}],"inLanguage":"pt-BR"},{"@type":"Organization","@id":"https:\/\/ellotv.com.br\/site\/#organization","name":"ELLO TV","url":"https:\/\/ellotv.com.br\/site\/","logo":{"@type":"ImageObject","inLanguage":"pt-BR","@id":"https:\/\/ellotv.com.br\/site\/#\/schema\/logo\/image\/","url":"https:\/\/ellotv.com.br\/site\/wp-content\/uploads\/2025\/11\/ello-logo-2.fw_.png","contentUrl":"https:\/\/ellotv.com.br\/site\/wp-content\/uploads\/2025\/11\/ello-logo-2.fw_.png","width":400,"height":146,"caption":"ELLO TV"},"image":{"@id":"https:\/\/ellotv.com.br\/site\/#\/schema\/logo\/image\/"}},{"@type":"Person","@id":"https:\/\/ellotv.com.br\/site\/#\/schema\/person\/2dbe3abaee38dcc7332fc8205cd2b15d","name":"ELLO TV","image":{"@type":"ImageObject","inLanguage":"pt-BR","@id":"https:\/\/secure.gravatar.com\/avatar\/c38242b9da8ec217ac3f0aaee31a54f7d7befb11b2b47fdbc8fb0fad60afa1c6?s=96&d=mm&r=g","url":"https:\/\/secure.gravatar.com\/avatar\/c38242b9da8ec217ac3f0aaee31a54f7d7befb11b2b47fdbc8fb0fad60afa1c6?s=96&d=mm&r=g","contentUrl":"https:\/\/secure.gravatar.com\/avatar\/c38242b9da8ec217ac3f0aaee31a54f7d7befb11b2b47fdbc8fb0fad60afa1c6?s=96&d=mm&r=g","caption":"ELLO TV"},"url":"https:\/\/ellotv.com.br\/site\/author\/elloagencia\/"}]}},"featured_image_urls":{"full":["https:\/\/ellotv.com.br\/site\/wp-content\/uploads\/2026\/04\/WhatsApp-Image-2026-04-12-at-20.06.06-1.jpeg",960,1280,false],"thumbnail":["https:\/\/ellotv.com.br\/site\/wp-content\/uploads\/2026\/04\/WhatsApp-Image-2026-04-12-at-20.06.06-1-150x150.jpeg",150,150,true],"medium":["https:\/\/ellotv.com.br\/site\/wp-content\/uploads\/2026\/04\/WhatsApp-Image-2026-04-12-at-20.06.06-1-225x300.jpeg",225,300,true],"medium_large":["https:\/\/ellotv.com.br\/site\/wp-content\/uploads\/2026\/04\/WhatsApp-Image-2026-04-12-at-20.06.06-1-768x1024.jpeg",640,853,true],"large":["https:\/\/ellotv.com.br\/site\/wp-content\/uploads\/2026\/04\/WhatsApp-Image-2026-04-12-at-20.06.06-1-768x1024.jpeg",640,853,true],"1536x1536":["https:\/\/ellotv.com.br\/site\/wp-content\/uploads\/2026\/04\/WhatsApp-Image-2026-04-12-at-20.06.06-1.jpeg",960,1280,false],"2048x2048":["https:\/\/ellotv.com.br\/site\/wp-content\/uploads\/2026\/04\/WhatsApp-Image-2026-04-12-at-20.06.06-1.jpeg",960,1280,false],"darknews-slider-full":["https:\/\/ellotv.com.br\/site\/wp-content\/uploads\/2026\/04\/WhatsApp-Image-2026-04-12-at-20.06.06-1-960x720.jpeg",960,720,true],"darknews-featured":["https:\/\/ellotv.com.br\/site\/wp-content\/uploads\/2026\/04\/WhatsApp-Image-2026-04-12-at-20.06.06-1.jpeg",960,1280,false],"darknews-medium":["https:\/\/ellotv.com.br\/site\/wp-content\/uploads\/2026\/04\/WhatsApp-Image-2026-04-12-at-20.06.06-1-720x530.jpeg",720,530,true],"darknews-medium-square":["https:\/\/ellotv.com.br\/site\/wp-content\/uploads\/2026\/04\/WhatsApp-Image-2026-04-12-at-20.06.06-1-350x350.jpeg",350,350,true]},"author_info":{"info":["ELLO TV"]},"category_info":"<a href=\"https:\/\/ellotv.com.br\/site\/category\/brasil\/\" rel=\"category tag\">Brasil<\/a> <a href=\"https:\/\/ellotv.com.br\/site\/category\/ello\/\" rel=\"category tag\">Ello<\/a> <a href=\"https:\/\/ellotv.com.br\/site\/category\/mundo\/\" rel=\"category tag\">Mundo<\/a> <a href=\"https:\/\/ellotv.com.br\/site\/category\/noticias\/\" rel=\"category tag\">Noticias<\/a> <a href=\"https:\/\/ellotv.com.br\/site\/category\/regional\/\" rel=\"category tag\">Regional<\/a>","tag_info":"Regional","comment_count":"0","_links":{"self":[{"href":"https:\/\/ellotv.com.br\/site\/wp-json\/wp\/v2\/posts\/5643","targetHints":{"allow":["GET"]}}],"collection":[{"href":"https:\/\/ellotv.com.br\/site\/wp-json\/wp\/v2\/posts"}],"about":[{"href":"https:\/\/ellotv.com.br\/site\/wp-json\/wp\/v2\/types\/post"}],"author":[{"embeddable":true,"href":"https:\/\/ellotv.com.br\/site\/wp-json\/wp\/v2\/users\/2"}],"replies":[{"embeddable":true,"href":"https:\/\/ellotv.com.br\/site\/wp-json\/wp\/v2\/comments?post=5643"}],"version-history":[{"count":1,"href":"https:\/\/ellotv.com.br\/site\/wp-json\/wp\/v2\/posts\/5643\/revisions"}],"predecessor-version":[{"id":5648,"href":"https:\/\/ellotv.com.br\/site\/wp-json\/wp\/v2\/posts\/5643\/revisions\/5648"}],"wp:featuredmedia":[{"embeddable":true,"href":"https:\/\/ellotv.com.br\/site\/wp-json\/wp\/v2\/media\/5644"}],"wp:attachment":[{"href":"https:\/\/ellotv.com.br\/site\/wp-json\/wp\/v2\/media?parent=5643"}],"wp:term":[{"taxonomy":"category","embeddable":true,"href":"https:\/\/ellotv.com.br\/site\/wp-json\/wp\/v2\/categories?post=5643"},{"taxonomy":"post_tag","embeddable":true,"href":"https:\/\/ellotv.com.br\/site\/wp-json\/wp\/v2\/tags?post=5643"}],"curies":[{"name":"wp","href":"https:\/\/api.w.org\/{rel}","templated":true}]}}