{"id":5653,"date":"2026-04-13T12:03:46","date_gmt":"2026-04-13T15:03:46","guid":{"rendered":"https:\/\/ellotv.com.br\/site\/?p=5653"},"modified":"2026-04-13T12:03:46","modified_gmt":"2026-04-13T15:03:46","slug":"1975-cego-oliveira-o-rei-da-rabeca-que-eternizou-os-cordeis-no-nordeste","status":"publish","type":"post","link":"https:\/\/ellotv.com.br\/site\/2026\/04\/13\/1975-cego-oliveira-o-rei-da-rabeca-que-eternizou-os-cordeis-no-nordeste\/","title":{"rendered":"1975: Cego Oliveira, o Rei da Rabeca que eternizou os cord\u00e9is no Nordeste"},"content":{"rendered":"<p data-start=\"77\" data-end=\"388\">Em 1975, <span class=\"hover:entity-accent entity-underline inline cursor-pointer align-baseline\"><span class=\"whitespace-normal\">Pedro Oliveira<\/span><\/span>, conhecido como Cego Oliveira, j\u00e1 era reconhecido como um dos grandes nomes da cultura popular do Nordeste. De uma trajet\u00f3ria humilde nas ruas, encontrou na arte um novo destino ao receber uma rabeca \u2014 instrumento que o consagrou como o inesquec\u00edvel Rei da Rabeca.<\/p>\n<h3 data-section-id=\"1krdx8i\" data-start=\"390\" data-end=\"427\">\ud83c\udfbb A for\u00e7a da rabeca e da mem\u00f3ria<\/h3>\n<p data-start=\"429\" data-end=\"731\">Com talento singular e mem\u00f3ria impressionante, Cego Oliveira levava para ruas, feiras e comunidades a tradi\u00e7\u00e3o dos menestr\u00e9is. Por meio da <span class=\"hover:entity-accent entity-underline inline cursor-pointer align-baseline\"><span class=\"whitespace-normal\">literatura de cordel<\/span><\/span>, encantava o p\u00fablico com romances, epopeias e hist\u00f3rias cheias de emo\u00e7\u00e3o, que funcionavam como verdadeiras novelas em versos.<\/p>\n<h3 data-section-id=\"11i9p8z\" data-start=\"733\" data-end=\"773\">\ud83d\udcfb Antes da televis\u00e3o, a voz do povo<\/h3>\n<p data-start=\"775\" data-end=\"1039\">Em um per\u00edodo em que a televis\u00e3o ainda n\u00e3o fazia parte da realidade de muitas cidades do interior e a energia el\u00e9trica chegava de forma gradual ao Nordeste, artistas populares como Cego Oliveira eram essenciais para o entretenimento e a informa\u00e7\u00e3o das comunidades.<\/p>\n<p data-start=\"1041\" data-end=\"1175\">Foi nesse contexto que ele se tornou uma refer\u00eancia hist\u00f3rica, mantendo viva a oralidade, a poesia e a identidade cultural nordestina.<\/p>\n<h3 data-section-id=\"1y1ydsb\" data-start=\"1177\" data-end=\"1213\">\ud83c\udf35 Legado que atravessa gera\u00e7\u00f5es<\/h3>\n<p data-start=\"1215\" data-end=\"1418\">At\u00e9 hoje, o nome de Cego Oliveira \u00e9 lembrado como s\u00edmbolo de resist\u00eancia da arte popular. Sua trajet\u00f3ria representa a riqueza da cultura nordestina e a for\u00e7a dos cord\u00e9is que seguem atravessando gera\u00e7\u00f5es.<\/p>\n","protected":false},"excerpt":{"rendered":"<p>Em 1975, Pedro Oliveira, conhecido como Cego Oliveira, j\u00e1 era reconhecido como um dos grandes nomes da cultura<\/p>\n","protected":false},"author":2,"featured_media":5657,"comment_status":"open","ping_status":"open","sticky":false,"template":"","format":"standard","meta":{"footnotes":""},"categories":[12,9],"tags":[],"class_list":["post-5653","post","type-post","status-publish","format-standard","has-post-thumbnail","hentry","category-noticias","category-regional"],"yoast_head":"<!-- This site is optimized with the Yoast SEO plugin v28.3 - https:\/\/yoast.com\/product\/yoast-seo-wordpress\/ -->\n<title>1975: Cego Oliveira, o Rei da Rabeca que eternizou os cord\u00e9is no Nordeste - Ello TV<\/title>\n<meta name=\"description\" content=\"Cego Oliveira, o Rei da Rabeca, marcou a cultura nordestina com sua arte e mant\u00e9m vivo o legado da literatura de cordel.\" \/>\n<meta name=\"robots\" content=\"index, follow, max-snippet:-1, max-image-preview:large, max-video-preview:-1\" \/>\n<link rel=\"canonical\" href=\"https:\/\/ellotv.com.br\/site\/2026\/04\/13\/1975-cego-oliveira-o-rei-da-rabeca-que-eternizou-os-cordeis-no-nordeste\/\" \/>\n<meta property=\"og:locale\" content=\"pt_BR\" \/>\n<meta property=\"og:type\" content=\"article\" \/>\n<meta property=\"og:title\" content=\"1975: Cego Oliveira, o Rei da Rabeca que eternizou os cord\u00e9is no Nordeste - Ello TV\" \/>\n<meta property=\"og:description\" content=\"Cego Oliveira, o Rei da Rabeca, marcou a cultura nordestina com sua arte e mant\u00e9m vivo o legado da literatura de cordel.\" \/>\n<meta property=\"og:url\" content=\"https:\/\/ellotv.com.br\/site\/2026\/04\/13\/1975-cego-oliveira-o-rei-da-rabeca-que-eternizou-os-cordeis-no-nordeste\/\" \/>\n<meta property=\"og:site_name\" content=\"Ello TV\" \/>\n<meta property=\"article:published_time\" content=\"2026-04-13T15:03:46+00:00\" \/>\n<meta property=\"og:image\" content=\"https:\/\/ellotv.com.br\/site\/wp-content\/uploads\/2026\/04\/Cego_Oliveira_Rabeca_e_Cantoria-capa-1.jpg\" \/>\n\t<meta property=\"og:image:width\" content=\"1600\" \/>\n\t<meta property=\"og:image:height\" content=\"1600\" \/>\n\t<meta property=\"og:image:type\" content=\"image\/jpeg\" \/>\n<meta name=\"author\" content=\"ELLO TV\" \/>\n<meta name=\"twitter:card\" content=\"summary_large_image\" \/>\n<meta name=\"twitter:label1\" content=\"Escrito por\" \/>\n\t<meta name=\"twitter:data1\" content=\"ELLO TV\" \/>\n\t<meta name=\"twitter:label2\" content=\"Est. tempo de leitura\" \/>\n\t<meta name=\"twitter:data2\" content=\"1 minuto\" \/>\n<script type=\"application\/ld+json\" class=\"yoast-schema-graph\">{\"@context\":\"https:\\\/\\\/schema.org\",\"@graph\":[{\"@type\":\"Article\",\"@id\":\"https:\\\/\\\/ellotv.com.br\\\/site\\\/2026\\\/04\\\/13\\\/1975-cego-oliveira-o-rei-da-rabeca-que-eternizou-os-cordeis-no-nordeste\\\/#article\",\"isPartOf\":{\"@id\":\"https:\\\/\\\/ellotv.com.br\\\/site\\\/2026\\\/04\\\/13\\\/1975-cego-oliveira-o-rei-da-rabeca-que-eternizou-os-cordeis-no-nordeste\\\/\"},\"author\":{\"name\":\"ELLO TV\",\"@id\":\"https:\\\/\\\/ellotv.com.br\\\/site\\\/#\\\/schema\\\/person\\\/2dbe3abaee38dcc7332fc8205cd2b15d\"},\"headline\":\"1975: Cego Oliveira, o Rei da Rabeca que eternizou os cord\u00e9is no Nordeste\",\"datePublished\":\"2026-04-13T15:03:46+00:00\",\"mainEntityOfPage\":{\"@id\":\"https:\\\/\\\/ellotv.com.br\\\/site\\\/2026\\\/04\\\/13\\\/1975-cego-oliveira-o-rei-da-rabeca-que-eternizou-os-cordeis-no-nordeste\\\/\"},\"wordCount\":240,\"commentCount\":0,\"publisher\":{\"@id\":\"https:\\\/\\\/ellotv.com.br\\\/site\\\/#organization\"},\"image\":{\"@id\":\"https:\\\/\\\/ellotv.com.br\\\/site\\\/2026\\\/04\\\/13\\\/1975-cego-oliveira-o-rei-da-rabeca-que-eternizou-os-cordeis-no-nordeste\\\/#primaryimage\"},\"thumbnailUrl\":\"https:\\\/\\\/ellotv.com.br\\\/site\\\/wp-content\\\/uploads\\\/2026\\\/04\\\/Cego_Oliveira_Rabeca_e_Cantoria-capa-1.jpg\",\"articleSection\":[\"Noticias\",\"Regional\"],\"inLanguage\":\"pt-BR\",\"potentialAction\":[{\"@type\":\"CommentAction\",\"name\":\"Comment\",\"target\":[\"https:\\\/\\\/ellotv.com.br\\\/site\\\/2026\\\/04\\\/13\\\/1975-cego-oliveira-o-rei-da-rabeca-que-eternizou-os-cordeis-no-nordeste\\\/#respond\"]}]},{\"@type\":\"WebPage\",\"@id\":\"https:\\\/\\\/ellotv.com.br\\\/site\\\/2026\\\/04\\\/13\\\/1975-cego-oliveira-o-rei-da-rabeca-que-eternizou-os-cordeis-no-nordeste\\\/\",\"url\":\"https:\\\/\\\/ellotv.com.br\\\/site\\\/2026\\\/04\\\/13\\\/1975-cego-oliveira-o-rei-da-rabeca-que-eternizou-os-cordeis-no-nordeste\\\/\",\"name\":\"1975: Cego Oliveira, o Rei da Rabeca que eternizou os cord\u00e9is no Nordeste - Ello TV\",\"isPartOf\":{\"@id\":\"https:\\\/\\\/ellotv.com.br\\\/site\\\/#website\"},\"primaryImageOfPage\":{\"@id\":\"https:\\\/\\\/ellotv.com.br\\\/site\\\/2026\\\/04\\\/13\\\/1975-cego-oliveira-o-rei-da-rabeca-que-eternizou-os-cordeis-no-nordeste\\\/#primaryimage\"},\"image\":{\"@id\":\"https:\\\/\\\/ellotv.com.br\\\/site\\\/2026\\\/04\\\/13\\\/1975-cego-oliveira-o-rei-da-rabeca-que-eternizou-os-cordeis-no-nordeste\\\/#primaryimage\"},\"thumbnailUrl\":\"https:\\\/\\\/ellotv.com.br\\\/site\\\/wp-content\\\/uploads\\\/2026\\\/04\\\/Cego_Oliveira_Rabeca_e_Cantoria-capa-1.jpg\",\"datePublished\":\"2026-04-13T15:03:46+00:00\",\"description\":\"Cego Oliveira, o Rei da Rabeca, marcou a cultura nordestina com sua arte e mant\u00e9m vivo o legado da literatura de cordel.\",\"breadcrumb\":{\"@id\":\"https:\\\/\\\/ellotv.com.br\\\/site\\\/2026\\\/04\\\/13\\\/1975-cego-oliveira-o-rei-da-rabeca-que-eternizou-os-cordeis-no-nordeste\\\/#breadcrumb\"},\"inLanguage\":\"pt-BR\",\"potentialAction\":[{\"@type\":\"ReadAction\",\"target\":[\"https:\\\/\\\/ellotv.com.br\\\/site\\\/2026\\\/04\\\/13\\\/1975-cego-oliveira-o-rei-da-rabeca-que-eternizou-os-cordeis-no-nordeste\\\/\"]}]},{\"@type\":\"ImageObject\",\"inLanguage\":\"pt-BR\",\"@id\":\"https:\\\/\\\/ellotv.com.br\\\/site\\\/2026\\\/04\\\/13\\\/1975-cego-oliveira-o-rei-da-rabeca-que-eternizou-os-cordeis-no-nordeste\\\/#primaryimage\",\"url\":\"https:\\\/\\\/ellotv.com.br\\\/site\\\/wp-content\\\/uploads\\\/2026\\\/04\\\/Cego_Oliveira_Rabeca_e_Cantoria-capa-1.jpg\",\"contentUrl\":\"https:\\\/\\\/ellotv.com.br\\\/site\\\/wp-content\\\/uploads\\\/2026\\\/04\\\/Cego_Oliveira_Rabeca_e_Cantoria-capa-1.jpg\",\"width\":1600,\"height\":1600},{\"@type\":\"BreadcrumbList\",\"@id\":\"https:\\\/\\\/ellotv.com.br\\\/site\\\/2026\\\/04\\\/13\\\/1975-cego-oliveira-o-rei-da-rabeca-que-eternizou-os-cordeis-no-nordeste\\\/#breadcrumb\",\"itemListElement\":[{\"@type\":\"ListItem\",\"position\":1,\"name\":\"In\u00edcio\",\"item\":\"https:\\\/\\\/ellotv.com.br\\\/site\\\/\"},{\"@type\":\"ListItem\",\"position\":2,\"name\":\"1975: Cego Oliveira, o Rei da Rabeca que eternizou os cord\u00e9is no Nordeste\"}]},{\"@type\":\"WebSite\",\"@id\":\"https:\\\/\\\/ellotv.com.br\\\/site\\\/#website\",\"url\":\"https:\\\/\\\/ellotv.com.br\\\/site\\\/\",\"name\":\"ELLO TV\",\"description\":\"\",\"publisher\":{\"@id\":\"https:\\\/\\\/ellotv.com.br\\\/site\\\/#organization\"},\"potentialAction\":[{\"@type\":\"SearchAction\",\"target\":{\"@type\":\"EntryPoint\",\"urlTemplate\":\"https:\\\/\\\/ellotv.com.br\\\/site\\\/?s={search_term_string}\"},\"query-input\":{\"@type\":\"PropertyValueSpecification\",\"valueRequired\":true,\"valueName\":\"search_term_string\"}}],\"inLanguage\":\"pt-BR\"},{\"@type\":\"Organization\",\"@id\":\"https:\\\/\\\/ellotv.com.br\\\/site\\\/#organization\",\"name\":\"ELLO TV\",\"url\":\"https:\\\/\\\/ellotv.com.br\\\/site\\\/\",\"logo\":{\"@type\":\"ImageObject\",\"inLanguage\":\"pt-BR\",\"@id\":\"https:\\\/\\\/ellotv.com.br\\\/site\\\/#\\\/schema\\\/logo\\\/image\\\/\",\"url\":\"https:\\\/\\\/ellotv.com.br\\\/site\\\/wp-content\\\/uploads\\\/2025\\\/11\\\/ello-logo-2.fw_.png\",\"contentUrl\":\"https:\\\/\\\/ellotv.com.br\\\/site\\\/wp-content\\\/uploads\\\/2025\\\/11\\\/ello-logo-2.fw_.png\",\"width\":400,\"height\":146,\"caption\":\"ELLO TV\"},\"image\":{\"@id\":\"https:\\\/\\\/ellotv.com.br\\\/site\\\/#\\\/schema\\\/logo\\\/image\\\/\"}},{\"@type\":\"Person\",\"@id\":\"https:\\\/\\\/ellotv.com.br\\\/site\\\/#\\\/schema\\\/person\\\/2dbe3abaee38dcc7332fc8205cd2b15d\",\"name\":\"ELLO TV\",\"image\":{\"@type\":\"ImageObject\",\"inLanguage\":\"pt-BR\",\"@id\":\"https:\\\/\\\/secure.gravatar.com\\\/avatar\\\/c38242b9da8ec217ac3f0aaee31a54f7d7befb11b2b47fdbc8fb0fad60afa1c6?s=96&d=mm&r=g\",\"url\":\"https:\\\/\\\/secure.gravatar.com\\\/avatar\\\/c38242b9da8ec217ac3f0aaee31a54f7d7befb11b2b47fdbc8fb0fad60afa1c6?s=96&d=mm&r=g\",\"contentUrl\":\"https:\\\/\\\/secure.gravatar.com\\\/avatar\\\/c38242b9da8ec217ac3f0aaee31a54f7d7befb11b2b47fdbc8fb0fad60afa1c6?s=96&d=mm&r=g\",\"caption\":\"ELLO TV\"},\"url\":\"https:\\\/\\\/ellotv.com.br\\\/site\\\/author\\\/elloagencia\\\/\"}]}<\/script>\n<!-- \/ Yoast SEO plugin. -->","yoast_head_json":{"title":"1975: Cego Oliveira, o Rei da Rabeca que eternizou os cord\u00e9is no Nordeste - Ello TV","description":"Cego Oliveira, o Rei da Rabeca, marcou a cultura nordestina com sua arte e mant\u00e9m vivo o legado da literatura de cordel.","robots":{"index":"index","follow":"follow","max-snippet":"max-snippet:-1","max-image-preview":"max-image-preview:large","max-video-preview":"max-video-preview:-1"},"canonical":"https:\/\/ellotv.com.br\/site\/2026\/04\/13\/1975-cego-oliveira-o-rei-da-rabeca-que-eternizou-os-cordeis-no-nordeste\/","og_locale":"pt_BR","og_type":"article","og_title":"1975: Cego Oliveira, o Rei da Rabeca que eternizou os cord\u00e9is no Nordeste - Ello TV","og_description":"Cego Oliveira, o Rei da Rabeca, marcou a cultura nordestina com sua arte e mant\u00e9m vivo o legado da literatura de cordel.","og_url":"https:\/\/ellotv.com.br\/site\/2026\/04\/13\/1975-cego-oliveira-o-rei-da-rabeca-que-eternizou-os-cordeis-no-nordeste\/","og_site_name":"Ello TV","article_published_time":"2026-04-13T15:03:46+00:00","og_image":[{"width":1600,"height":1600,"url":"https:\/\/ellotv.com.br\/site\/wp-content\/uploads\/2026\/04\/Cego_Oliveira_Rabeca_e_Cantoria-capa-1.jpg","type":"image\/jpeg"}],"author":"ELLO TV","twitter_card":"summary_large_image","twitter_misc":{"Escrito por":"ELLO TV","Est. tempo de leitura":"1 minuto"},"schema":{"@context":"https:\/\/schema.org","@graph":[{"@type":"Article","@id":"https:\/\/ellotv.com.br\/site\/2026\/04\/13\/1975-cego-oliveira-o-rei-da-rabeca-que-eternizou-os-cordeis-no-nordeste\/#article","isPartOf":{"@id":"https:\/\/ellotv.com.br\/site\/2026\/04\/13\/1975-cego-oliveira-o-rei-da-rabeca-que-eternizou-os-cordeis-no-nordeste\/"},"author":{"name":"ELLO TV","@id":"https:\/\/ellotv.com.br\/site\/#\/schema\/person\/2dbe3abaee38dcc7332fc8205cd2b15d"},"headline":"1975: Cego Oliveira, o Rei da Rabeca que eternizou os cord\u00e9is no Nordeste","datePublished":"2026-04-13T15:03:46+00:00","mainEntityOfPage":{"@id":"https:\/\/ellotv.com.br\/site\/2026\/04\/13\/1975-cego-oliveira-o-rei-da-rabeca-que-eternizou-os-cordeis-no-nordeste\/"},"wordCount":240,"commentCount":0,"publisher":{"@id":"https:\/\/ellotv.com.br\/site\/#organization"},"image":{"@id":"https:\/\/ellotv.com.br\/site\/2026\/04\/13\/1975-cego-oliveira-o-rei-da-rabeca-que-eternizou-os-cordeis-no-nordeste\/#primaryimage"},"thumbnailUrl":"https:\/\/ellotv.com.br\/site\/wp-content\/uploads\/2026\/04\/Cego_Oliveira_Rabeca_e_Cantoria-capa-1.jpg","articleSection":["Noticias","Regional"],"inLanguage":"pt-BR","potentialAction":[{"@type":"CommentAction","name":"Comment","target":["https:\/\/ellotv.com.br\/site\/2026\/04\/13\/1975-cego-oliveira-o-rei-da-rabeca-que-eternizou-os-cordeis-no-nordeste\/#respond"]}]},{"@type":"WebPage","@id":"https:\/\/ellotv.com.br\/site\/2026\/04\/13\/1975-cego-oliveira-o-rei-da-rabeca-que-eternizou-os-cordeis-no-nordeste\/","url":"https:\/\/ellotv.com.br\/site\/2026\/04\/13\/1975-cego-oliveira-o-rei-da-rabeca-que-eternizou-os-cordeis-no-nordeste\/","name":"1975: Cego Oliveira, o Rei da Rabeca que eternizou os cord\u00e9is no Nordeste - Ello TV","isPartOf":{"@id":"https:\/\/ellotv.com.br\/site\/#website"},"primaryImageOfPage":{"@id":"https:\/\/ellotv.com.br\/site\/2026\/04\/13\/1975-cego-oliveira-o-rei-da-rabeca-que-eternizou-os-cordeis-no-nordeste\/#primaryimage"},"image":{"@id":"https:\/\/ellotv.com.br\/site\/2026\/04\/13\/1975-cego-oliveira-o-rei-da-rabeca-que-eternizou-os-cordeis-no-nordeste\/#primaryimage"},"thumbnailUrl":"https:\/\/ellotv.com.br\/site\/wp-content\/uploads\/2026\/04\/Cego_Oliveira_Rabeca_e_Cantoria-capa-1.jpg","datePublished":"2026-04-13T15:03:46+00:00","description":"Cego Oliveira, o Rei da Rabeca, marcou a cultura nordestina com sua arte e mant\u00e9m vivo o legado da literatura de cordel.","breadcrumb":{"@id":"https:\/\/ellotv.com.br\/site\/2026\/04\/13\/1975-cego-oliveira-o-rei-da-rabeca-que-eternizou-os-cordeis-no-nordeste\/#breadcrumb"},"inLanguage":"pt-BR","potentialAction":[{"@type":"ReadAction","target":["https:\/\/ellotv.com.br\/site\/2026\/04\/13\/1975-cego-oliveira-o-rei-da-rabeca-que-eternizou-os-cordeis-no-nordeste\/"]}]},{"@type":"ImageObject","inLanguage":"pt-BR","@id":"https:\/\/ellotv.com.br\/site\/2026\/04\/13\/1975-cego-oliveira-o-rei-da-rabeca-que-eternizou-os-cordeis-no-nordeste\/#primaryimage","url":"https:\/\/ellotv.com.br\/site\/wp-content\/uploads\/2026\/04\/Cego_Oliveira_Rabeca_e_Cantoria-capa-1.jpg","contentUrl":"https:\/\/ellotv.com.br\/site\/wp-content\/uploads\/2026\/04\/Cego_Oliveira_Rabeca_e_Cantoria-capa-1.jpg","width":1600,"height":1600},{"@type":"BreadcrumbList","@id":"https:\/\/ellotv.com.br\/site\/2026\/04\/13\/1975-cego-oliveira-o-rei-da-rabeca-que-eternizou-os-cordeis-no-nordeste\/#breadcrumb","itemListElement":[{"@type":"ListItem","position":1,"name":"In\u00edcio","item":"https:\/\/ellotv.com.br\/site\/"},{"@type":"ListItem","position":2,"name":"1975: Cego Oliveira, o Rei da Rabeca que eternizou os cord\u00e9is no Nordeste"}]},{"@type":"WebSite","@id":"https:\/\/ellotv.com.br\/site\/#website","url":"https:\/\/ellotv.com.br\/site\/","name":"ELLO TV","description":"","publisher":{"@id":"https:\/\/ellotv.com.br\/site\/#organization"},"potentialAction":[{"@type":"SearchAction","target":{"@type":"EntryPoint","urlTemplate":"https:\/\/ellotv.com.br\/site\/?s={search_term_string}"},"query-input":{"@type":"PropertyValueSpecification","valueRequired":true,"valueName":"search_term_string"}}],"inLanguage":"pt-BR"},{"@type":"Organization","@id":"https:\/\/ellotv.com.br\/site\/#organization","name":"ELLO TV","url":"https:\/\/ellotv.com.br\/site\/","logo":{"@type":"ImageObject","inLanguage":"pt-BR","@id":"https:\/\/ellotv.com.br\/site\/#\/schema\/logo\/image\/","url":"https:\/\/ellotv.com.br\/site\/wp-content\/uploads\/2025\/11\/ello-logo-2.fw_.png","contentUrl":"https:\/\/ellotv.com.br\/site\/wp-content\/uploads\/2025\/11\/ello-logo-2.fw_.png","width":400,"height":146,"caption":"ELLO TV"},"image":{"@id":"https:\/\/ellotv.com.br\/site\/#\/schema\/logo\/image\/"}},{"@type":"Person","@id":"https:\/\/ellotv.com.br\/site\/#\/schema\/person\/2dbe3abaee38dcc7332fc8205cd2b15d","name":"ELLO TV","image":{"@type":"ImageObject","inLanguage":"pt-BR","@id":"https:\/\/secure.gravatar.com\/avatar\/c38242b9da8ec217ac3f0aaee31a54f7d7befb11b2b47fdbc8fb0fad60afa1c6?s=96&d=mm&r=g","url":"https:\/\/secure.gravatar.com\/avatar\/c38242b9da8ec217ac3f0aaee31a54f7d7befb11b2b47fdbc8fb0fad60afa1c6?s=96&d=mm&r=g","contentUrl":"https:\/\/secure.gravatar.com\/avatar\/c38242b9da8ec217ac3f0aaee31a54f7d7befb11b2b47fdbc8fb0fad60afa1c6?s=96&d=mm&r=g","caption":"ELLO TV"},"url":"https:\/\/ellotv.com.br\/site\/author\/elloagencia\/"}]}},"featured_image_urls":{"full":["https:\/\/ellotv.com.br\/site\/wp-content\/uploads\/2026\/04\/Cego_Oliveira_Rabeca_e_Cantoria-capa-1.jpg",1600,1600,false],"thumbnail":["https:\/\/ellotv.com.br\/site\/wp-content\/uploads\/2026\/04\/Cego_Oliveira_Rabeca_e_Cantoria-capa-1-150x150.jpg",150,150,true],"medium":["https:\/\/ellotv.com.br\/site\/wp-content\/uploads\/2026\/04\/Cego_Oliveira_Rabeca_e_Cantoria-capa-1-300x300.jpg",300,300,true],"medium_large":["https:\/\/ellotv.com.br\/site\/wp-content\/uploads\/2026\/04\/Cego_Oliveira_Rabeca_e_Cantoria-capa-1-768x768.jpg",640,640,true],"large":["https:\/\/ellotv.com.br\/site\/wp-content\/uploads\/2026\/04\/Cego_Oliveira_Rabeca_e_Cantoria-capa-1-1024x1024.jpg",640,640,true],"1536x1536":["https:\/\/ellotv.com.br\/site\/wp-content\/uploads\/2026\/04\/Cego_Oliveira_Rabeca_e_Cantoria-capa-1-1536x1536.jpg",1536,1536,true],"2048x2048":["https:\/\/ellotv.com.br\/site\/wp-content\/uploads\/2026\/04\/Cego_Oliveira_Rabeca_e_Cantoria-capa-1.jpg",1600,1600,false],"darknews-slider-full":["https:\/\/ellotv.com.br\/site\/wp-content\/uploads\/2026\/04\/Cego_Oliveira_Rabeca_e_Cantoria-capa-1-1280x720.jpg",1280,720,true],"darknews-featured":["https:\/\/ellotv.com.br\/site\/wp-content\/uploads\/2026\/04\/Cego_Oliveira_Rabeca_e_Cantoria-capa-1-1024x1024.jpg",1024,1024,true],"darknews-medium":["https:\/\/ellotv.com.br\/site\/wp-content\/uploads\/2026\/04\/Cego_Oliveira_Rabeca_e_Cantoria-capa-1-720x530.jpg",720,530,true],"darknews-medium-square":["https:\/\/ellotv.com.br\/site\/wp-content\/uploads\/2026\/04\/Cego_Oliveira_Rabeca_e_Cantoria-capa-1-350x350.jpg",350,350,true]},"author_info":{"info":["ELLO TV"]},"category_info":"<a href=\"https:\/\/ellotv.com.br\/site\/category\/noticias\/\" rel=\"category tag\">Noticias<\/a> <a href=\"https:\/\/ellotv.com.br\/site\/category\/regional\/\" rel=\"category tag\">Regional<\/a>","tag_info":"Regional","comment_count":"0","_links":{"self":[{"href":"https:\/\/ellotv.com.br\/site\/wp-json\/wp\/v2\/posts\/5653","targetHints":{"allow":["GET"]}}],"collection":[{"href":"https:\/\/ellotv.com.br\/site\/wp-json\/wp\/v2\/posts"}],"about":[{"href":"https:\/\/ellotv.com.br\/site\/wp-json\/wp\/v2\/types\/post"}],"author":[{"embeddable":true,"href":"https:\/\/ellotv.com.br\/site\/wp-json\/wp\/v2\/users\/2"}],"replies":[{"embeddable":true,"href":"https:\/\/ellotv.com.br\/site\/wp-json\/wp\/v2\/comments?post=5653"}],"version-history":[{"count":1,"href":"https:\/\/ellotv.com.br\/site\/wp-json\/wp\/v2\/posts\/5653\/revisions"}],"predecessor-version":[{"id":5656,"href":"https:\/\/ellotv.com.br\/site\/wp-json\/wp\/v2\/posts\/5653\/revisions\/5656"}],"wp:featuredmedia":[{"embeddable":true,"href":"https:\/\/ellotv.com.br\/site\/wp-json\/wp\/v2\/media\/5657"}],"wp:attachment":[{"href":"https:\/\/ellotv.com.br\/site\/wp-json\/wp\/v2\/media?parent=5653"}],"wp:term":[{"taxonomy":"category","embeddable":true,"href":"https:\/\/ellotv.com.br\/site\/wp-json\/wp\/v2\/categories?post=5653"},{"taxonomy":"post_tag","embeddable":true,"href":"https:\/\/ellotv.com.br\/site\/wp-json\/wp\/v2\/tags?post=5653"}],"curies":[{"name":"wp","href":"https:\/\/api.w.org\/{rel}","templated":true}]}}