{"id":5658,"date":"2026-04-13T12:05:19","date_gmt":"2026-04-13T15:05:19","guid":{"rendered":"https:\/\/ellotv.com.br\/site\/?p=5658"},"modified":"2026-04-13T12:05:19","modified_gmt":"2026-04-13T15:05:19","slug":"imunoterapia-no-sus-passa-a-ser-realidade-para-pacientes-com-cancer","status":"publish","type":"post","link":"https:\/\/ellotv.com.br\/site\/2026\/04\/13\/imunoterapia-no-sus-passa-a-ser-realidade-para-pacientes-com-cancer\/","title":{"rendered":"Imunoterapia no SUS passa a ser realidade para pacientes com c\u00e2ncer"},"content":{"rendered":"<p data-start=\"63\" data-end=\"288\">O presidente <span class=\"hover:entity-accent entity-underline inline cursor-pointer align-baseline\"><span class=\"whitespace-normal\">Luiz In\u00e1cio Lula da Silva<\/span><\/span> sancionou a Lei n\u00ba 15.379\/2026, que inclui a <span class=\"hover:entity-accent entity-underline inline cursor-pointer align-baseline\"><span class=\"whitespace-normal\">imunoterapia<\/span><\/span> nos protocolos cl\u00ednicos e diretrizes terap\u00eauticas do <span class=\"hover:entity-accent entity-underline inline cursor-pointer align-baseline\"><span class=\"whitespace-normal\">Sistema \u00danico de Sa\u00fade<\/span><\/span>.<\/p>\n<p data-start=\"290\" data-end=\"459\">A medida representa um avan\u00e7o importante na sa\u00fade p\u00fablica brasileira, ampliando o acesso a tratamentos modernos e potencialmente mais eficazes para pacientes com c\u00e2ncer.<\/p>\n<h3 data-section-id=\"1pkfr1i\" data-start=\"461\" data-end=\"496\">\ud83e\uddec Como funciona a imunoterapia<\/h3>\n<p data-start=\"498\" data-end=\"660\">A imunoterapia atua estimulando o sistema imunol\u00f3gico a reconhecer e combater c\u00e9lulas cancer\u00edgenas, fortalecendo as defesas naturais do organismo contra a doen\u00e7a.<\/p>\n<h3 data-section-id=\"15rkuml\" data-start=\"662\" data-end=\"706\">\u2695\ufe0f Mais acesso e qualidade no tratamento<\/h3>\n<p data-start=\"708\" data-end=\"792\">Com a nova lei, o SUS dever\u00e1 oferecer a imunoterapia sempre que ela for considerada:<\/p>\n<ul data-start=\"793\" data-end=\"860\">\n<li data-section-id=\"gkimcp\" data-start=\"793\" data-end=\"808\">Mais segura<\/li>\n<li data-section-id=\"c38w98\" data-start=\"809\" data-end=\"824\">Mais eficaz<\/li>\n<li data-section-id=\"1y400nj\" data-start=\"825\" data-end=\"860\">Superior \u00e0s op\u00e7\u00f5es tradicionais<\/li>\n<\/ul>\n<p data-start=\"862\" data-end=\"903\">Entre os tratamentos convencionais est\u00e3o:<\/p>\n<ul data-start=\"904\" data-end=\"987\">\n<li data-section-id=\"cgv1px\" data-start=\"904\" data-end=\"945\"><span class=\"hover:entity-accent entity-underline inline cursor-pointer align-baseline\"><span class=\"whitespace-normal\">quimioterapia<\/span><\/span><\/li>\n<li data-section-id=\"eyrt5h\" data-start=\"946\" data-end=\"987\"><span class=\"hover:entity-accent entity-underline inline cursor-pointer align-baseline\"><span class=\"whitespace-normal\">radioterapia<\/span><\/span><\/li>\n<\/ul>\n<p data-start=\"989\" data-end=\"1133\">A inclus\u00e3o da nova abordagem amplia as possibilidades de cuidado, trazendo mais chances de recupera\u00e7\u00e3o e melhor qualidade de vida aos pacientes.<\/p>\n<h3 data-section-id=\"1480w96\" data-start=\"1135\" data-end=\"1165\">\ud83d\udcc8 Avan\u00e7o na sa\u00fade p\u00fablica<\/h3>\n<p data-start=\"1167\" data-end=\"1319\">A iniciativa refor\u00e7a o compromisso com a moderniza\u00e7\u00e3o do sistema de sa\u00fade e coloca o Brasil em sintonia com pr\u00e1ticas mais recentes no combate ao c\u00e2ncer.<\/p>\n","protected":false},"excerpt":{"rendered":"<p>O presidente Luiz In\u00e1cio Lula da Silva sancionou a Lei n\u00ba 15.379\/2026, que inclui a imunoterapia nos protocolos<\/p>\n","protected":false},"author":2,"featured_media":5659,"comment_status":"open","ping_status":"open","sticky":false,"template":"","format":"standard","meta":{"footnotes":""},"categories":[8,12],"tags":[],"class_list":["post-5658","post","type-post","status-publish","format-standard","has-post-thumbnail","hentry","category-brasil","category-noticias"],"yoast_head":"<!-- This site is optimized with the Yoast SEO plugin v28.3 - https:\/\/yoast.com\/product\/yoast-seo-wordpress\/ -->\n<title>Imunoterapia no SUS passa a ser realidade para pacientes com c\u00e2ncer - Ello TV<\/title>\n<meta name=\"description\" content=\"Lei sancionada por Lula inclui imunoterapia no SUS e amplia acesso a tratamentos modernos contra o c\u00e2ncer no Brasil.\" \/>\n<meta name=\"robots\" content=\"index, follow, max-snippet:-1, max-image-preview:large, max-video-preview:-1\" \/>\n<link rel=\"canonical\" href=\"https:\/\/ellotv.com.br\/site\/2026\/04\/13\/imunoterapia-no-sus-passa-a-ser-realidade-para-pacientes-com-cancer\/\" \/>\n<meta property=\"og:locale\" content=\"pt_BR\" \/>\n<meta property=\"og:type\" content=\"article\" \/>\n<meta property=\"og:title\" content=\"Imunoterapia no SUS passa a ser realidade para pacientes com c\u00e2ncer - Ello TV\" \/>\n<meta property=\"og:description\" content=\"Lei sancionada por Lula inclui imunoterapia no SUS e amplia acesso a tratamentos modernos contra o c\u00e2ncer no Brasil.\" \/>\n<meta property=\"og:url\" content=\"https:\/\/ellotv.com.br\/site\/2026\/04\/13\/imunoterapia-no-sus-passa-a-ser-realidade-para-pacientes-com-cancer\/\" \/>\n<meta property=\"og:site_name\" content=\"Ello TV\" \/>\n<meta property=\"article:published_time\" content=\"2026-04-13T15:05:19+00:00\" \/>\n<meta property=\"og:image\" content=\"https:\/\/ellotv.com.br\/site\/wp-content\/uploads\/2026\/04\/WhatsApp-Image-2026-04-13-at-11.55.09.jpeg\" \/>\n\t<meta property=\"og:image:width\" content=\"1024\" \/>\n\t<meta property=\"og:image:height\" content=\"576\" \/>\n\t<meta property=\"og:image:type\" content=\"image\/jpeg\" \/>\n<meta name=\"author\" content=\"ELLO TV\" \/>\n<meta name=\"twitter:card\" content=\"summary_large_image\" \/>\n<meta name=\"twitter:label1\" content=\"Escrito por\" \/>\n\t<meta name=\"twitter:data1\" content=\"ELLO TV\" \/>\n\t<meta name=\"twitter:label2\" content=\"Est. tempo de leitura\" \/>\n\t<meta name=\"twitter:data2\" content=\"1 minuto\" \/>\n<script type=\"application\/ld+json\" class=\"yoast-schema-graph\">{\"@context\":\"https:\\\/\\\/schema.org\",\"@graph\":[{\"@type\":\"Article\",\"@id\":\"https:\\\/\\\/ellotv.com.br\\\/site\\\/2026\\\/04\\\/13\\\/imunoterapia-no-sus-passa-a-ser-realidade-para-pacientes-com-cancer\\\/#article\",\"isPartOf\":{\"@id\":\"https:\\\/\\\/ellotv.com.br\\\/site\\\/2026\\\/04\\\/13\\\/imunoterapia-no-sus-passa-a-ser-realidade-para-pacientes-com-cancer\\\/\"},\"author\":{\"name\":\"ELLO TV\",\"@id\":\"https:\\\/\\\/ellotv.com.br\\\/site\\\/#\\\/schema\\\/person\\\/2dbe3abaee38dcc7332fc8205cd2b15d\"},\"headline\":\"Imunoterapia no SUS passa a ser realidade para pacientes com c\u00e2ncer\",\"datePublished\":\"2026-04-13T15:05:19+00:00\",\"mainEntityOfPage\":{\"@id\":\"https:\\\/\\\/ellotv.com.br\\\/site\\\/2026\\\/04\\\/13\\\/imunoterapia-no-sus-passa-a-ser-realidade-para-pacientes-com-cancer\\\/\"},\"wordCount\":200,\"commentCount\":0,\"publisher\":{\"@id\":\"https:\\\/\\\/ellotv.com.br\\\/site\\\/#organization\"},\"image\":{\"@id\":\"https:\\\/\\\/ellotv.com.br\\\/site\\\/2026\\\/04\\\/13\\\/imunoterapia-no-sus-passa-a-ser-realidade-para-pacientes-com-cancer\\\/#primaryimage\"},\"thumbnailUrl\":\"https:\\\/\\\/ellotv.com.br\\\/site\\\/wp-content\\\/uploads\\\/2026\\\/04\\\/WhatsApp-Image-2026-04-13-at-11.55.09.jpeg\",\"articleSection\":[\"Brasil\",\"Noticias\"],\"inLanguage\":\"pt-BR\",\"potentialAction\":[{\"@type\":\"CommentAction\",\"name\":\"Comment\",\"target\":[\"https:\\\/\\\/ellotv.com.br\\\/site\\\/2026\\\/04\\\/13\\\/imunoterapia-no-sus-passa-a-ser-realidade-para-pacientes-com-cancer\\\/#respond\"]}]},{\"@type\":\"WebPage\",\"@id\":\"https:\\\/\\\/ellotv.com.br\\\/site\\\/2026\\\/04\\\/13\\\/imunoterapia-no-sus-passa-a-ser-realidade-para-pacientes-com-cancer\\\/\",\"url\":\"https:\\\/\\\/ellotv.com.br\\\/site\\\/2026\\\/04\\\/13\\\/imunoterapia-no-sus-passa-a-ser-realidade-para-pacientes-com-cancer\\\/\",\"name\":\"Imunoterapia no SUS passa a ser realidade para pacientes com c\u00e2ncer - Ello TV\",\"isPartOf\":{\"@id\":\"https:\\\/\\\/ellotv.com.br\\\/site\\\/#website\"},\"primaryImageOfPage\":{\"@id\":\"https:\\\/\\\/ellotv.com.br\\\/site\\\/2026\\\/04\\\/13\\\/imunoterapia-no-sus-passa-a-ser-realidade-para-pacientes-com-cancer\\\/#primaryimage\"},\"image\":{\"@id\":\"https:\\\/\\\/ellotv.com.br\\\/site\\\/2026\\\/04\\\/13\\\/imunoterapia-no-sus-passa-a-ser-realidade-para-pacientes-com-cancer\\\/#primaryimage\"},\"thumbnailUrl\":\"https:\\\/\\\/ellotv.com.br\\\/site\\\/wp-content\\\/uploads\\\/2026\\\/04\\\/WhatsApp-Image-2026-04-13-at-11.55.09.jpeg\",\"datePublished\":\"2026-04-13T15:05:19+00:00\",\"description\":\"Lei sancionada por Lula inclui imunoterapia no SUS e amplia acesso a tratamentos modernos contra o c\u00e2ncer no Brasil.\",\"breadcrumb\":{\"@id\":\"https:\\\/\\\/ellotv.com.br\\\/site\\\/2026\\\/04\\\/13\\\/imunoterapia-no-sus-passa-a-ser-realidade-para-pacientes-com-cancer\\\/#breadcrumb\"},\"inLanguage\":\"pt-BR\",\"potentialAction\":[{\"@type\":\"ReadAction\",\"target\":[\"https:\\\/\\\/ellotv.com.br\\\/site\\\/2026\\\/04\\\/13\\\/imunoterapia-no-sus-passa-a-ser-realidade-para-pacientes-com-cancer\\\/\"]}]},{\"@type\":\"ImageObject\",\"inLanguage\":\"pt-BR\",\"@id\":\"https:\\\/\\\/ellotv.com.br\\\/site\\\/2026\\\/04\\\/13\\\/imunoterapia-no-sus-passa-a-ser-realidade-para-pacientes-com-cancer\\\/#primaryimage\",\"url\":\"https:\\\/\\\/ellotv.com.br\\\/site\\\/wp-content\\\/uploads\\\/2026\\\/04\\\/WhatsApp-Image-2026-04-13-at-11.55.09.jpeg\",\"contentUrl\":\"https:\\\/\\\/ellotv.com.br\\\/site\\\/wp-content\\\/uploads\\\/2026\\\/04\\\/WhatsApp-Image-2026-04-13-at-11.55.09.jpeg\",\"width\":1024,\"height\":576},{\"@type\":\"BreadcrumbList\",\"@id\":\"https:\\\/\\\/ellotv.com.br\\\/site\\\/2026\\\/04\\\/13\\\/imunoterapia-no-sus-passa-a-ser-realidade-para-pacientes-com-cancer\\\/#breadcrumb\",\"itemListElement\":[{\"@type\":\"ListItem\",\"position\":1,\"name\":\"In\u00edcio\",\"item\":\"https:\\\/\\\/ellotv.com.br\\\/site\\\/\"},{\"@type\":\"ListItem\",\"position\":2,\"name\":\"Imunoterapia no SUS passa a ser realidade para pacientes com c\u00e2ncer\"}]},{\"@type\":\"WebSite\",\"@id\":\"https:\\\/\\\/ellotv.com.br\\\/site\\\/#website\",\"url\":\"https:\\\/\\\/ellotv.com.br\\\/site\\\/\",\"name\":\"ELLO TV\",\"description\":\"\",\"publisher\":{\"@id\":\"https:\\\/\\\/ellotv.com.br\\\/site\\\/#organization\"},\"potentialAction\":[{\"@type\":\"SearchAction\",\"target\":{\"@type\":\"EntryPoint\",\"urlTemplate\":\"https:\\\/\\\/ellotv.com.br\\\/site\\\/?s={search_term_string}\"},\"query-input\":{\"@type\":\"PropertyValueSpecification\",\"valueRequired\":true,\"valueName\":\"search_term_string\"}}],\"inLanguage\":\"pt-BR\"},{\"@type\":\"Organization\",\"@id\":\"https:\\\/\\\/ellotv.com.br\\\/site\\\/#organization\",\"name\":\"ELLO TV\",\"url\":\"https:\\\/\\\/ellotv.com.br\\\/site\\\/\",\"logo\":{\"@type\":\"ImageObject\",\"inLanguage\":\"pt-BR\",\"@id\":\"https:\\\/\\\/ellotv.com.br\\\/site\\\/#\\\/schema\\\/logo\\\/image\\\/\",\"url\":\"https:\\\/\\\/ellotv.com.br\\\/site\\\/wp-content\\\/uploads\\\/2025\\\/11\\\/ello-logo-2.fw_.png\",\"contentUrl\":\"https:\\\/\\\/ellotv.com.br\\\/site\\\/wp-content\\\/uploads\\\/2025\\\/11\\\/ello-logo-2.fw_.png\",\"width\":400,\"height\":146,\"caption\":\"ELLO TV\"},\"image\":{\"@id\":\"https:\\\/\\\/ellotv.com.br\\\/site\\\/#\\\/schema\\\/logo\\\/image\\\/\"}},{\"@type\":\"Person\",\"@id\":\"https:\\\/\\\/ellotv.com.br\\\/site\\\/#\\\/schema\\\/person\\\/2dbe3abaee38dcc7332fc8205cd2b15d\",\"name\":\"ELLO TV\",\"image\":{\"@type\":\"ImageObject\",\"inLanguage\":\"pt-BR\",\"@id\":\"https:\\\/\\\/secure.gravatar.com\\\/avatar\\\/c38242b9da8ec217ac3f0aaee31a54f7d7befb11b2b47fdbc8fb0fad60afa1c6?s=96&d=mm&r=g\",\"url\":\"https:\\\/\\\/secure.gravatar.com\\\/avatar\\\/c38242b9da8ec217ac3f0aaee31a54f7d7befb11b2b47fdbc8fb0fad60afa1c6?s=96&d=mm&r=g\",\"contentUrl\":\"https:\\\/\\\/secure.gravatar.com\\\/avatar\\\/c38242b9da8ec217ac3f0aaee31a54f7d7befb11b2b47fdbc8fb0fad60afa1c6?s=96&d=mm&r=g\",\"caption\":\"ELLO TV\"},\"url\":\"https:\\\/\\\/ellotv.com.br\\\/site\\\/author\\\/elloagencia\\\/\"}]}<\/script>\n<!-- \/ Yoast SEO plugin. -->","yoast_head_json":{"title":"Imunoterapia no SUS passa a ser realidade para pacientes com c\u00e2ncer - Ello TV","description":"Lei sancionada por Lula inclui imunoterapia no SUS e amplia acesso a tratamentos modernos contra o c\u00e2ncer no Brasil.","robots":{"index":"index","follow":"follow","max-snippet":"max-snippet:-1","max-image-preview":"max-image-preview:large","max-video-preview":"max-video-preview:-1"},"canonical":"https:\/\/ellotv.com.br\/site\/2026\/04\/13\/imunoterapia-no-sus-passa-a-ser-realidade-para-pacientes-com-cancer\/","og_locale":"pt_BR","og_type":"article","og_title":"Imunoterapia no SUS passa a ser realidade para pacientes com c\u00e2ncer - Ello TV","og_description":"Lei sancionada por Lula inclui imunoterapia no SUS e amplia acesso a tratamentos modernos contra o c\u00e2ncer no Brasil.","og_url":"https:\/\/ellotv.com.br\/site\/2026\/04\/13\/imunoterapia-no-sus-passa-a-ser-realidade-para-pacientes-com-cancer\/","og_site_name":"Ello TV","article_published_time":"2026-04-13T15:05:19+00:00","og_image":[{"width":1024,"height":576,"url":"https:\/\/ellotv.com.br\/site\/wp-content\/uploads\/2026\/04\/WhatsApp-Image-2026-04-13-at-11.55.09.jpeg","type":"image\/jpeg"}],"author":"ELLO TV","twitter_card":"summary_large_image","twitter_misc":{"Escrito por":"ELLO TV","Est. tempo de leitura":"1 minuto"},"schema":{"@context":"https:\/\/schema.org","@graph":[{"@type":"Article","@id":"https:\/\/ellotv.com.br\/site\/2026\/04\/13\/imunoterapia-no-sus-passa-a-ser-realidade-para-pacientes-com-cancer\/#article","isPartOf":{"@id":"https:\/\/ellotv.com.br\/site\/2026\/04\/13\/imunoterapia-no-sus-passa-a-ser-realidade-para-pacientes-com-cancer\/"},"author":{"name":"ELLO TV","@id":"https:\/\/ellotv.com.br\/site\/#\/schema\/person\/2dbe3abaee38dcc7332fc8205cd2b15d"},"headline":"Imunoterapia no SUS passa a ser realidade para pacientes com c\u00e2ncer","datePublished":"2026-04-13T15:05:19+00:00","mainEntityOfPage":{"@id":"https:\/\/ellotv.com.br\/site\/2026\/04\/13\/imunoterapia-no-sus-passa-a-ser-realidade-para-pacientes-com-cancer\/"},"wordCount":200,"commentCount":0,"publisher":{"@id":"https:\/\/ellotv.com.br\/site\/#organization"},"image":{"@id":"https:\/\/ellotv.com.br\/site\/2026\/04\/13\/imunoterapia-no-sus-passa-a-ser-realidade-para-pacientes-com-cancer\/#primaryimage"},"thumbnailUrl":"https:\/\/ellotv.com.br\/site\/wp-content\/uploads\/2026\/04\/WhatsApp-Image-2026-04-13-at-11.55.09.jpeg","articleSection":["Brasil","Noticias"],"inLanguage":"pt-BR","potentialAction":[{"@type":"CommentAction","name":"Comment","target":["https:\/\/ellotv.com.br\/site\/2026\/04\/13\/imunoterapia-no-sus-passa-a-ser-realidade-para-pacientes-com-cancer\/#respond"]}]},{"@type":"WebPage","@id":"https:\/\/ellotv.com.br\/site\/2026\/04\/13\/imunoterapia-no-sus-passa-a-ser-realidade-para-pacientes-com-cancer\/","url":"https:\/\/ellotv.com.br\/site\/2026\/04\/13\/imunoterapia-no-sus-passa-a-ser-realidade-para-pacientes-com-cancer\/","name":"Imunoterapia no SUS passa a ser realidade para pacientes com c\u00e2ncer - Ello TV","isPartOf":{"@id":"https:\/\/ellotv.com.br\/site\/#website"},"primaryImageOfPage":{"@id":"https:\/\/ellotv.com.br\/site\/2026\/04\/13\/imunoterapia-no-sus-passa-a-ser-realidade-para-pacientes-com-cancer\/#primaryimage"},"image":{"@id":"https:\/\/ellotv.com.br\/site\/2026\/04\/13\/imunoterapia-no-sus-passa-a-ser-realidade-para-pacientes-com-cancer\/#primaryimage"},"thumbnailUrl":"https:\/\/ellotv.com.br\/site\/wp-content\/uploads\/2026\/04\/WhatsApp-Image-2026-04-13-at-11.55.09.jpeg","datePublished":"2026-04-13T15:05:19+00:00","description":"Lei sancionada por Lula inclui imunoterapia no SUS e amplia acesso a tratamentos modernos contra o c\u00e2ncer no Brasil.","breadcrumb":{"@id":"https:\/\/ellotv.com.br\/site\/2026\/04\/13\/imunoterapia-no-sus-passa-a-ser-realidade-para-pacientes-com-cancer\/#breadcrumb"},"inLanguage":"pt-BR","potentialAction":[{"@type":"ReadAction","target":["https:\/\/ellotv.com.br\/site\/2026\/04\/13\/imunoterapia-no-sus-passa-a-ser-realidade-para-pacientes-com-cancer\/"]}]},{"@type":"ImageObject","inLanguage":"pt-BR","@id":"https:\/\/ellotv.com.br\/site\/2026\/04\/13\/imunoterapia-no-sus-passa-a-ser-realidade-para-pacientes-com-cancer\/#primaryimage","url":"https:\/\/ellotv.com.br\/site\/wp-content\/uploads\/2026\/04\/WhatsApp-Image-2026-04-13-at-11.55.09.jpeg","contentUrl":"https:\/\/ellotv.com.br\/site\/wp-content\/uploads\/2026\/04\/WhatsApp-Image-2026-04-13-at-11.55.09.jpeg","width":1024,"height":576},{"@type":"BreadcrumbList","@id":"https:\/\/ellotv.com.br\/site\/2026\/04\/13\/imunoterapia-no-sus-passa-a-ser-realidade-para-pacientes-com-cancer\/#breadcrumb","itemListElement":[{"@type":"ListItem","position":1,"name":"In\u00edcio","item":"https:\/\/ellotv.com.br\/site\/"},{"@type":"ListItem","position":2,"name":"Imunoterapia no SUS passa a ser realidade para pacientes com c\u00e2ncer"}]},{"@type":"WebSite","@id":"https:\/\/ellotv.com.br\/site\/#website","url":"https:\/\/ellotv.com.br\/site\/","name":"ELLO TV","description":"","publisher":{"@id":"https:\/\/ellotv.com.br\/site\/#organization"},"potentialAction":[{"@type":"SearchAction","target":{"@type":"EntryPoint","urlTemplate":"https:\/\/ellotv.com.br\/site\/?s={search_term_string}"},"query-input":{"@type":"PropertyValueSpecification","valueRequired":true,"valueName":"search_term_string"}}],"inLanguage":"pt-BR"},{"@type":"Organization","@id":"https:\/\/ellotv.com.br\/site\/#organization","name":"ELLO TV","url":"https:\/\/ellotv.com.br\/site\/","logo":{"@type":"ImageObject","inLanguage":"pt-BR","@id":"https:\/\/ellotv.com.br\/site\/#\/schema\/logo\/image\/","url":"https:\/\/ellotv.com.br\/site\/wp-content\/uploads\/2025\/11\/ello-logo-2.fw_.png","contentUrl":"https:\/\/ellotv.com.br\/site\/wp-content\/uploads\/2025\/11\/ello-logo-2.fw_.png","width":400,"height":146,"caption":"ELLO TV"},"image":{"@id":"https:\/\/ellotv.com.br\/site\/#\/schema\/logo\/image\/"}},{"@type":"Person","@id":"https:\/\/ellotv.com.br\/site\/#\/schema\/person\/2dbe3abaee38dcc7332fc8205cd2b15d","name":"ELLO TV","image":{"@type":"ImageObject","inLanguage":"pt-BR","@id":"https:\/\/secure.gravatar.com\/avatar\/c38242b9da8ec217ac3f0aaee31a54f7d7befb11b2b47fdbc8fb0fad60afa1c6?s=96&d=mm&r=g","url":"https:\/\/secure.gravatar.com\/avatar\/c38242b9da8ec217ac3f0aaee31a54f7d7befb11b2b47fdbc8fb0fad60afa1c6?s=96&d=mm&r=g","contentUrl":"https:\/\/secure.gravatar.com\/avatar\/c38242b9da8ec217ac3f0aaee31a54f7d7befb11b2b47fdbc8fb0fad60afa1c6?s=96&d=mm&r=g","caption":"ELLO TV"},"url":"https:\/\/ellotv.com.br\/site\/author\/elloagencia\/"}]}},"featured_image_urls":{"full":["https:\/\/ellotv.com.br\/site\/wp-content\/uploads\/2026\/04\/WhatsApp-Image-2026-04-13-at-11.55.09.jpeg",1024,576,false],"thumbnail":["https:\/\/ellotv.com.br\/site\/wp-content\/uploads\/2026\/04\/WhatsApp-Image-2026-04-13-at-11.55.09-150x150.jpeg",150,150,true],"medium":["https:\/\/ellotv.com.br\/site\/wp-content\/uploads\/2026\/04\/WhatsApp-Image-2026-04-13-at-11.55.09-300x169.jpeg",300,169,true],"medium_large":["https:\/\/ellotv.com.br\/site\/wp-content\/uploads\/2026\/04\/WhatsApp-Image-2026-04-13-at-11.55.09-768x432.jpeg",640,360,true],"large":["https:\/\/ellotv.com.br\/site\/wp-content\/uploads\/2026\/04\/WhatsApp-Image-2026-04-13-at-11.55.09.jpeg",640,360,false],"1536x1536":["https:\/\/ellotv.com.br\/site\/wp-content\/uploads\/2026\/04\/WhatsApp-Image-2026-04-13-at-11.55.09.jpeg",1024,576,false],"2048x2048":["https:\/\/ellotv.com.br\/site\/wp-content\/uploads\/2026\/04\/WhatsApp-Image-2026-04-13-at-11.55.09.jpeg",1024,576,false],"darknews-slider-full":["https:\/\/ellotv.com.br\/site\/wp-content\/uploads\/2026\/04\/WhatsApp-Image-2026-04-13-at-11.55.09.jpeg",1024,576,false],"darknews-featured":["https:\/\/ellotv.com.br\/site\/wp-content\/uploads\/2026\/04\/WhatsApp-Image-2026-04-13-at-11.55.09.jpeg",1024,576,false],"darknews-medium":["https:\/\/ellotv.com.br\/site\/wp-content\/uploads\/2026\/04\/WhatsApp-Image-2026-04-13-at-11.55.09-720x530.jpeg",720,530,true],"darknews-medium-square":["https:\/\/ellotv.com.br\/site\/wp-content\/uploads\/2026\/04\/WhatsApp-Image-2026-04-13-at-11.55.09-350x350.jpeg",350,350,true]},"author_info":{"info":["ELLO TV"]},"category_info":"<a href=\"https:\/\/ellotv.com.br\/site\/category\/brasil\/\" rel=\"category tag\">Brasil<\/a> <a href=\"https:\/\/ellotv.com.br\/site\/category\/noticias\/\" rel=\"category tag\">Noticias<\/a>","tag_info":"Noticias","comment_count":"0","_links":{"self":[{"href":"https:\/\/ellotv.com.br\/site\/wp-json\/wp\/v2\/posts\/5658","targetHints":{"allow":["GET"]}}],"collection":[{"href":"https:\/\/ellotv.com.br\/site\/wp-json\/wp\/v2\/posts"}],"about":[{"href":"https:\/\/ellotv.com.br\/site\/wp-json\/wp\/v2\/types\/post"}],"author":[{"embeddable":true,"href":"https:\/\/ellotv.com.br\/site\/wp-json\/wp\/v2\/users\/2"}],"replies":[{"embeddable":true,"href":"https:\/\/ellotv.com.br\/site\/wp-json\/wp\/v2\/comments?post=5658"}],"version-history":[{"count":1,"href":"https:\/\/ellotv.com.br\/site\/wp-json\/wp\/v2\/posts\/5658\/revisions"}],"predecessor-version":[{"id":5660,"href":"https:\/\/ellotv.com.br\/site\/wp-json\/wp\/v2\/posts\/5658\/revisions\/5660"}],"wp:featuredmedia":[{"embeddable":true,"href":"https:\/\/ellotv.com.br\/site\/wp-json\/wp\/v2\/media\/5659"}],"wp:attachment":[{"href":"https:\/\/ellotv.com.br\/site\/wp-json\/wp\/v2\/media?parent=5658"}],"wp:term":[{"taxonomy":"category","embeddable":true,"href":"https:\/\/ellotv.com.br\/site\/wp-json\/wp\/v2\/categories?post=5658"},{"taxonomy":"post_tag","embeddable":true,"href":"https:\/\/ellotv.com.br\/site\/wp-json\/wp\/v2\/tags?post=5658"}],"curies":[{"name":"wp","href":"https:\/\/api.w.org\/{rel}","templated":true}]}}