{"id":5661,"date":"2026-04-13T14:22:41","date_gmt":"2026-04-13T17:22:41","guid":{"rendered":"https:\/\/ellotv.com.br\/site\/?p=5661"},"modified":"2026-04-13T14:22:41","modified_gmt":"2026-04-13T17:22:41","slug":"trump-critica-papa-leao-xiv-apos-apelo-pela-paz","status":"publish","type":"post","link":"https:\/\/ellotv.com.br\/site\/2026\/04\/13\/trump-critica-papa-leao-xiv-apos-apelo-pela-paz\/","title":{"rendered":"Trump critica Papa Le\u00e3o XIV ap\u00f3s apelo pela paz"},"content":{"rendered":"<p data-start=\"80\" data-end=\"256\">O presidente dos Estados Unidos, <span class=\"hover:entity-accent entity-underline inline cursor-pointer align-baseline\"><span class=\"whitespace-normal\">Donald Trump<\/span><\/span>, voltou a gerar repercuss\u00e3o ao afirmar que \u201cn\u00e3o \u00e9 um grande f\u00e3\u201d do <span class=\"hover:entity-accent entity-underline inline cursor-pointer align-baseline\"><span class=\"whitespace-normal\">Papa Le\u00e3o XIV<\/span><\/span>.<\/p>\n<p data-start=\"258\" data-end=\"408\">A declara\u00e7\u00e3o ocorreu ap\u00f3s o pont\u00edfice fazer um apelo pelo fim das guerras e condenar a escalada de viol\u00eancia no <span class=\"hover:entity-accent entity-underline inline cursor-pointer align-baseline\"><span class=\"whitespace-normal\">Oriente M\u00e9dio<\/span><\/span>.<\/p>\n<h3 data-section-id=\"1a914rn\" data-start=\"410\" data-end=\"443\">\ud83c\udf0d Cr\u00edticas e posicionamentos<\/h3>\n<p data-start=\"445\" data-end=\"581\">Durante a fala, Trump classificou o Papa como \u201cliberal\u201d e disse que ele estaria sendo \u201cfraco\u201d em temas como seguran\u00e7a e armas nucleares.<\/p>\n<p data-start=\"583\" data-end=\"767\">Mesmo diante das cr\u00edticas, o Papa evitou confronto direto e refor\u00e7ou sua posi\u00e7\u00e3o em defesa da paz, pedindo di\u00e1logo entre l\u00edderes mundiais e o fim da demonstra\u00e7\u00e3o de for\u00e7a entre na\u00e7\u00f5es.<\/p>\n<h3 data-section-id=\"6153d2\" data-start=\"769\" data-end=\"790\">\ud83d\udd4a\ufe0f Debate global<\/h3>\n<p data-start=\"792\" data-end=\"886\">A troca de declara\u00e7\u00f5es ganhou destaque na imprensa internacional e reacendeu discuss\u00f5es sobre:<\/p>\n<ul data-start=\"887\" data-end=\"1004\">\n<li data-section-id=\"1dhky05\" data-start=\"887\" data-end=\"924\">Rela\u00e7\u00e3o entre pol\u00edtica e religi\u00e3o<\/li>\n<li data-section-id=\"ckb3um\" data-start=\"925\" data-end=\"959\">Diplomacia em tempos de guerra<\/li>\n<li data-section-id=\"1jmk8hd\" data-start=\"960\" data-end=\"1004\">Papel de lideran\u00e7as globais em conflitos<\/li>\n<\/ul>\n<p data-start=\"1006\" data-end=\"1151\">O epis\u00f3dio evidencia como discursos de figuras influentes podem impactar o cen\u00e1rio internacional e ampliar debates sobre paz e seguran\u00e7a mundial.<\/p>\n<p data-start=\"1006\" data-end=\"1151\"><img fetchpriority=\"high\" decoding=\"async\" class=\"aligncenter wp-image-5663 size-full\" src=\"https:\/\/ellotv.com.br\/site\/wp-content\/uploads\/2026\/04\/WhatsApp-Image-2026-04-13-at-13.45.23.jpeg\" alt=\"\" width=\"800\" height=\"1200\" srcset=\"https:\/\/ellotv.com.br\/site\/wp-content\/uploads\/2026\/04\/WhatsApp-Image-2026-04-13-at-13.45.23.jpeg 800w, https:\/\/ellotv.com.br\/site\/wp-content\/uploads\/2026\/04\/WhatsApp-Image-2026-04-13-at-13.45.23-200x300.jpeg 200w, https:\/\/ellotv.com.br\/site\/wp-content\/uploads\/2026\/04\/WhatsApp-Image-2026-04-13-at-13.45.23-683x1024.jpeg 683w, https:\/\/ellotv.com.br\/site\/wp-content\/uploads\/2026\/04\/WhatsApp-Image-2026-04-13-at-13.45.23-768x1152.jpeg 768w\" sizes=\"(max-width: 800px) 100vw, 800px\" \/><\/p>\n","protected":false},"excerpt":{"rendered":"<p>O presidente dos Estados Unidos, Donald Trump, voltou a gerar repercuss\u00e3o ao afirmar que \u201cn\u00e3o \u00e9 um grande<\/p>\n","protected":false},"author":2,"featured_media":5662,"comment_status":"open","ping_status":"open","sticky":false,"template":"","format":"standard","meta":{"footnotes":""},"categories":[10,12],"tags":[],"class_list":["post-5661","post","type-post","status-publish","format-standard","has-post-thumbnail","hentry","category-mundo","category-noticias"],"yoast_head":"<!-- This site is optimized with the Yoast SEO plugin v28.3 - https:\/\/yoast.com\/product\/yoast-seo-wordpress\/ -->\n<title>Trump critica Papa Le\u00e3o XIV ap\u00f3s apelo pela paz - Ello TV<\/title>\n<meta name=\"description\" content=\"Trump critica Papa Le\u00e3o XIV ap\u00f3s apelo pela paz e reacende debate global sobre pol\u00edtica, religi\u00e3o e diplomacia.\" \/>\n<meta name=\"robots\" content=\"index, follow, max-snippet:-1, max-image-preview:large, max-video-preview:-1\" \/>\n<link rel=\"canonical\" href=\"https:\/\/ellotv.com.br\/site\/2026\/04\/13\/trump-critica-papa-leao-xiv-apos-apelo-pela-paz\/\" \/>\n<meta property=\"og:locale\" content=\"pt_BR\" \/>\n<meta property=\"og:type\" content=\"article\" \/>\n<meta property=\"og:title\" content=\"Trump critica Papa Le\u00e3o XIV ap\u00f3s apelo pela paz - Ello TV\" \/>\n<meta property=\"og:description\" content=\"Trump critica Papa Le\u00e3o XIV ap\u00f3s apelo pela paz e reacende debate global sobre pol\u00edtica, religi\u00e3o e diplomacia.\" \/>\n<meta property=\"og:url\" content=\"https:\/\/ellotv.com.br\/site\/2026\/04\/13\/trump-critica-papa-leao-xiv-apos-apelo-pela-paz\/\" \/>\n<meta property=\"og:site_name\" content=\"Ello TV\" \/>\n<meta property=\"article:published_time\" content=\"2026-04-13T17:22:41+00:00\" \/>\n<meta property=\"og:image\" content=\"https:\/\/ellotv.com.br\/site\/wp-content\/uploads\/2026\/04\/WhatsApp-Image-2026-04-13-at-13.45.22.jpeg\" \/>\n\t<meta property=\"og:image:width\" content=\"888\" \/>\n\t<meta property=\"og:image:height\" content=\"592\" \/>\n\t<meta property=\"og:image:type\" content=\"image\/jpeg\" \/>\n<meta name=\"author\" content=\"ELLO TV\" \/>\n<meta name=\"twitter:card\" content=\"summary_large_image\" \/>\n<meta name=\"twitter:label1\" content=\"Escrito por\" \/>\n\t<meta name=\"twitter:data1\" content=\"ELLO TV\" \/>\n\t<meta name=\"twitter:label2\" content=\"Est. tempo de leitura\" \/>\n\t<meta name=\"twitter:data2\" content=\"1 minuto\" \/>\n<script type=\"application\/ld+json\" class=\"yoast-schema-graph\">{\"@context\":\"https:\\\/\\\/schema.org\",\"@graph\":[{\"@type\":\"Article\",\"@id\":\"https:\\\/\\\/ellotv.com.br\\\/site\\\/2026\\\/04\\\/13\\\/trump-critica-papa-leao-xiv-apos-apelo-pela-paz\\\/#article\",\"isPartOf\":{\"@id\":\"https:\\\/\\\/ellotv.com.br\\\/site\\\/2026\\\/04\\\/13\\\/trump-critica-papa-leao-xiv-apos-apelo-pela-paz\\\/\"},\"author\":{\"name\":\"ELLO TV\",\"@id\":\"https:\\\/\\\/ellotv.com.br\\\/site\\\/#\\\/schema\\\/person\\\/2dbe3abaee38dcc7332fc8205cd2b15d\"},\"headline\":\"Trump critica Papa Le\u00e3o XIV ap\u00f3s apelo pela paz\",\"datePublished\":\"2026-04-13T17:22:41+00:00\",\"mainEntityOfPage\":{\"@id\":\"https:\\\/\\\/ellotv.com.br\\\/site\\\/2026\\\/04\\\/13\\\/trump-critica-papa-leao-xiv-apos-apelo-pela-paz\\\/\"},\"wordCount\":191,\"commentCount\":0,\"publisher\":{\"@id\":\"https:\\\/\\\/ellotv.com.br\\\/site\\\/#organization\"},\"image\":{\"@id\":\"https:\\\/\\\/ellotv.com.br\\\/site\\\/2026\\\/04\\\/13\\\/trump-critica-papa-leao-xiv-apos-apelo-pela-paz\\\/#primaryimage\"},\"thumbnailUrl\":\"https:\\\/\\\/ellotv.com.br\\\/site\\\/wp-content\\\/uploads\\\/2026\\\/04\\\/WhatsApp-Image-2026-04-13-at-13.45.22.jpeg\",\"articleSection\":[\"Mundo\",\"Noticias\"],\"inLanguage\":\"pt-BR\",\"potentialAction\":[{\"@type\":\"CommentAction\",\"name\":\"Comment\",\"target\":[\"https:\\\/\\\/ellotv.com.br\\\/site\\\/2026\\\/04\\\/13\\\/trump-critica-papa-leao-xiv-apos-apelo-pela-paz\\\/#respond\"]}]},{\"@type\":\"WebPage\",\"@id\":\"https:\\\/\\\/ellotv.com.br\\\/site\\\/2026\\\/04\\\/13\\\/trump-critica-papa-leao-xiv-apos-apelo-pela-paz\\\/\",\"url\":\"https:\\\/\\\/ellotv.com.br\\\/site\\\/2026\\\/04\\\/13\\\/trump-critica-papa-leao-xiv-apos-apelo-pela-paz\\\/\",\"name\":\"Trump critica Papa Le\u00e3o XIV ap\u00f3s apelo pela paz - Ello TV\",\"isPartOf\":{\"@id\":\"https:\\\/\\\/ellotv.com.br\\\/site\\\/#website\"},\"primaryImageOfPage\":{\"@id\":\"https:\\\/\\\/ellotv.com.br\\\/site\\\/2026\\\/04\\\/13\\\/trump-critica-papa-leao-xiv-apos-apelo-pela-paz\\\/#primaryimage\"},\"image\":{\"@id\":\"https:\\\/\\\/ellotv.com.br\\\/site\\\/2026\\\/04\\\/13\\\/trump-critica-papa-leao-xiv-apos-apelo-pela-paz\\\/#primaryimage\"},\"thumbnailUrl\":\"https:\\\/\\\/ellotv.com.br\\\/site\\\/wp-content\\\/uploads\\\/2026\\\/04\\\/WhatsApp-Image-2026-04-13-at-13.45.22.jpeg\",\"datePublished\":\"2026-04-13T17:22:41+00:00\",\"description\":\"Trump critica Papa Le\u00e3o XIV ap\u00f3s apelo pela paz e reacende debate global sobre pol\u00edtica, religi\u00e3o e diplomacia.\",\"breadcrumb\":{\"@id\":\"https:\\\/\\\/ellotv.com.br\\\/site\\\/2026\\\/04\\\/13\\\/trump-critica-papa-leao-xiv-apos-apelo-pela-paz\\\/#breadcrumb\"},\"inLanguage\":\"pt-BR\",\"potentialAction\":[{\"@type\":\"ReadAction\",\"target\":[\"https:\\\/\\\/ellotv.com.br\\\/site\\\/2026\\\/04\\\/13\\\/trump-critica-papa-leao-xiv-apos-apelo-pela-paz\\\/\"]}]},{\"@type\":\"ImageObject\",\"inLanguage\":\"pt-BR\",\"@id\":\"https:\\\/\\\/ellotv.com.br\\\/site\\\/2026\\\/04\\\/13\\\/trump-critica-papa-leao-xiv-apos-apelo-pela-paz\\\/#primaryimage\",\"url\":\"https:\\\/\\\/ellotv.com.br\\\/site\\\/wp-content\\\/uploads\\\/2026\\\/04\\\/WhatsApp-Image-2026-04-13-at-13.45.22.jpeg\",\"contentUrl\":\"https:\\\/\\\/ellotv.com.br\\\/site\\\/wp-content\\\/uploads\\\/2026\\\/04\\\/WhatsApp-Image-2026-04-13-at-13.45.22.jpeg\",\"width\":888,\"height\":592},{\"@type\":\"BreadcrumbList\",\"@id\":\"https:\\\/\\\/ellotv.com.br\\\/site\\\/2026\\\/04\\\/13\\\/trump-critica-papa-leao-xiv-apos-apelo-pela-paz\\\/#breadcrumb\",\"itemListElement\":[{\"@type\":\"ListItem\",\"position\":1,\"name\":\"In\u00edcio\",\"item\":\"https:\\\/\\\/ellotv.com.br\\\/site\\\/\"},{\"@type\":\"ListItem\",\"position\":2,\"name\":\"Trump critica Papa Le\u00e3o XIV ap\u00f3s apelo pela paz\"}]},{\"@type\":\"WebSite\",\"@id\":\"https:\\\/\\\/ellotv.com.br\\\/site\\\/#website\",\"url\":\"https:\\\/\\\/ellotv.com.br\\\/site\\\/\",\"name\":\"ELLO TV\",\"description\":\"\",\"publisher\":{\"@id\":\"https:\\\/\\\/ellotv.com.br\\\/site\\\/#organization\"},\"potentialAction\":[{\"@type\":\"SearchAction\",\"target\":{\"@type\":\"EntryPoint\",\"urlTemplate\":\"https:\\\/\\\/ellotv.com.br\\\/site\\\/?s={search_term_string}\"},\"query-input\":{\"@type\":\"PropertyValueSpecification\",\"valueRequired\":true,\"valueName\":\"search_term_string\"}}],\"inLanguage\":\"pt-BR\"},{\"@type\":\"Organization\",\"@id\":\"https:\\\/\\\/ellotv.com.br\\\/site\\\/#organization\",\"name\":\"ELLO TV\",\"url\":\"https:\\\/\\\/ellotv.com.br\\\/site\\\/\",\"logo\":{\"@type\":\"ImageObject\",\"inLanguage\":\"pt-BR\",\"@id\":\"https:\\\/\\\/ellotv.com.br\\\/site\\\/#\\\/schema\\\/logo\\\/image\\\/\",\"url\":\"https:\\\/\\\/ellotv.com.br\\\/site\\\/wp-content\\\/uploads\\\/2025\\\/11\\\/ello-logo-2.fw_.png\",\"contentUrl\":\"https:\\\/\\\/ellotv.com.br\\\/site\\\/wp-content\\\/uploads\\\/2025\\\/11\\\/ello-logo-2.fw_.png\",\"width\":400,\"height\":146,\"caption\":\"ELLO TV\"},\"image\":{\"@id\":\"https:\\\/\\\/ellotv.com.br\\\/site\\\/#\\\/schema\\\/logo\\\/image\\\/\"}},{\"@type\":\"Person\",\"@id\":\"https:\\\/\\\/ellotv.com.br\\\/site\\\/#\\\/schema\\\/person\\\/2dbe3abaee38dcc7332fc8205cd2b15d\",\"name\":\"ELLO TV\",\"image\":{\"@type\":\"ImageObject\",\"inLanguage\":\"pt-BR\",\"@id\":\"https:\\\/\\\/secure.gravatar.com\\\/avatar\\\/c38242b9da8ec217ac3f0aaee31a54f7d7befb11b2b47fdbc8fb0fad60afa1c6?s=96&d=mm&r=g\",\"url\":\"https:\\\/\\\/secure.gravatar.com\\\/avatar\\\/c38242b9da8ec217ac3f0aaee31a54f7d7befb11b2b47fdbc8fb0fad60afa1c6?s=96&d=mm&r=g\",\"contentUrl\":\"https:\\\/\\\/secure.gravatar.com\\\/avatar\\\/c38242b9da8ec217ac3f0aaee31a54f7d7befb11b2b47fdbc8fb0fad60afa1c6?s=96&d=mm&r=g\",\"caption\":\"ELLO TV\"},\"url\":\"https:\\\/\\\/ellotv.com.br\\\/site\\\/author\\\/elloagencia\\\/\"}]}<\/script>\n<!-- \/ Yoast SEO plugin. -->","yoast_head_json":{"title":"Trump critica Papa Le\u00e3o XIV ap\u00f3s apelo pela paz - Ello TV","description":"Trump critica Papa Le\u00e3o XIV ap\u00f3s apelo pela paz e reacende debate global sobre pol\u00edtica, religi\u00e3o e diplomacia.","robots":{"index":"index","follow":"follow","max-snippet":"max-snippet:-1","max-image-preview":"max-image-preview:large","max-video-preview":"max-video-preview:-1"},"canonical":"https:\/\/ellotv.com.br\/site\/2026\/04\/13\/trump-critica-papa-leao-xiv-apos-apelo-pela-paz\/","og_locale":"pt_BR","og_type":"article","og_title":"Trump critica Papa Le\u00e3o XIV ap\u00f3s apelo pela paz - Ello TV","og_description":"Trump critica Papa Le\u00e3o XIV ap\u00f3s apelo pela paz e reacende debate global sobre pol\u00edtica, religi\u00e3o e diplomacia.","og_url":"https:\/\/ellotv.com.br\/site\/2026\/04\/13\/trump-critica-papa-leao-xiv-apos-apelo-pela-paz\/","og_site_name":"Ello TV","article_published_time":"2026-04-13T17:22:41+00:00","og_image":[{"width":888,"height":592,"url":"https:\/\/ellotv.com.br\/site\/wp-content\/uploads\/2026\/04\/WhatsApp-Image-2026-04-13-at-13.45.22.jpeg","type":"image\/jpeg"}],"author":"ELLO TV","twitter_card":"summary_large_image","twitter_misc":{"Escrito por":"ELLO TV","Est. tempo de leitura":"1 minuto"},"schema":{"@context":"https:\/\/schema.org","@graph":[{"@type":"Article","@id":"https:\/\/ellotv.com.br\/site\/2026\/04\/13\/trump-critica-papa-leao-xiv-apos-apelo-pela-paz\/#article","isPartOf":{"@id":"https:\/\/ellotv.com.br\/site\/2026\/04\/13\/trump-critica-papa-leao-xiv-apos-apelo-pela-paz\/"},"author":{"name":"ELLO TV","@id":"https:\/\/ellotv.com.br\/site\/#\/schema\/person\/2dbe3abaee38dcc7332fc8205cd2b15d"},"headline":"Trump critica Papa Le\u00e3o XIV ap\u00f3s apelo pela paz","datePublished":"2026-04-13T17:22:41+00:00","mainEntityOfPage":{"@id":"https:\/\/ellotv.com.br\/site\/2026\/04\/13\/trump-critica-papa-leao-xiv-apos-apelo-pela-paz\/"},"wordCount":191,"commentCount":0,"publisher":{"@id":"https:\/\/ellotv.com.br\/site\/#organization"},"image":{"@id":"https:\/\/ellotv.com.br\/site\/2026\/04\/13\/trump-critica-papa-leao-xiv-apos-apelo-pela-paz\/#primaryimage"},"thumbnailUrl":"https:\/\/ellotv.com.br\/site\/wp-content\/uploads\/2026\/04\/WhatsApp-Image-2026-04-13-at-13.45.22.jpeg","articleSection":["Mundo","Noticias"],"inLanguage":"pt-BR","potentialAction":[{"@type":"CommentAction","name":"Comment","target":["https:\/\/ellotv.com.br\/site\/2026\/04\/13\/trump-critica-papa-leao-xiv-apos-apelo-pela-paz\/#respond"]}]},{"@type":"WebPage","@id":"https:\/\/ellotv.com.br\/site\/2026\/04\/13\/trump-critica-papa-leao-xiv-apos-apelo-pela-paz\/","url":"https:\/\/ellotv.com.br\/site\/2026\/04\/13\/trump-critica-papa-leao-xiv-apos-apelo-pela-paz\/","name":"Trump critica Papa Le\u00e3o XIV ap\u00f3s apelo pela paz - Ello TV","isPartOf":{"@id":"https:\/\/ellotv.com.br\/site\/#website"},"primaryImageOfPage":{"@id":"https:\/\/ellotv.com.br\/site\/2026\/04\/13\/trump-critica-papa-leao-xiv-apos-apelo-pela-paz\/#primaryimage"},"image":{"@id":"https:\/\/ellotv.com.br\/site\/2026\/04\/13\/trump-critica-papa-leao-xiv-apos-apelo-pela-paz\/#primaryimage"},"thumbnailUrl":"https:\/\/ellotv.com.br\/site\/wp-content\/uploads\/2026\/04\/WhatsApp-Image-2026-04-13-at-13.45.22.jpeg","datePublished":"2026-04-13T17:22:41+00:00","description":"Trump critica Papa Le\u00e3o XIV ap\u00f3s apelo pela paz e reacende debate global sobre pol\u00edtica, religi\u00e3o e diplomacia.","breadcrumb":{"@id":"https:\/\/ellotv.com.br\/site\/2026\/04\/13\/trump-critica-papa-leao-xiv-apos-apelo-pela-paz\/#breadcrumb"},"inLanguage":"pt-BR","potentialAction":[{"@type":"ReadAction","target":["https:\/\/ellotv.com.br\/site\/2026\/04\/13\/trump-critica-papa-leao-xiv-apos-apelo-pela-paz\/"]}]},{"@type":"ImageObject","inLanguage":"pt-BR","@id":"https:\/\/ellotv.com.br\/site\/2026\/04\/13\/trump-critica-papa-leao-xiv-apos-apelo-pela-paz\/#primaryimage","url":"https:\/\/ellotv.com.br\/site\/wp-content\/uploads\/2026\/04\/WhatsApp-Image-2026-04-13-at-13.45.22.jpeg","contentUrl":"https:\/\/ellotv.com.br\/site\/wp-content\/uploads\/2026\/04\/WhatsApp-Image-2026-04-13-at-13.45.22.jpeg","width":888,"height":592},{"@type":"BreadcrumbList","@id":"https:\/\/ellotv.com.br\/site\/2026\/04\/13\/trump-critica-papa-leao-xiv-apos-apelo-pela-paz\/#breadcrumb","itemListElement":[{"@type":"ListItem","position":1,"name":"In\u00edcio","item":"https:\/\/ellotv.com.br\/site\/"},{"@type":"ListItem","position":2,"name":"Trump critica Papa Le\u00e3o XIV ap\u00f3s apelo pela paz"}]},{"@type":"WebSite","@id":"https:\/\/ellotv.com.br\/site\/#website","url":"https:\/\/ellotv.com.br\/site\/","name":"ELLO TV","description":"","publisher":{"@id":"https:\/\/ellotv.com.br\/site\/#organization"},"potentialAction":[{"@type":"SearchAction","target":{"@type":"EntryPoint","urlTemplate":"https:\/\/ellotv.com.br\/site\/?s={search_term_string}"},"query-input":{"@type":"PropertyValueSpecification","valueRequired":true,"valueName":"search_term_string"}}],"inLanguage":"pt-BR"},{"@type":"Organization","@id":"https:\/\/ellotv.com.br\/site\/#organization","name":"ELLO TV","url":"https:\/\/ellotv.com.br\/site\/","logo":{"@type":"ImageObject","inLanguage":"pt-BR","@id":"https:\/\/ellotv.com.br\/site\/#\/schema\/logo\/image\/","url":"https:\/\/ellotv.com.br\/site\/wp-content\/uploads\/2025\/11\/ello-logo-2.fw_.png","contentUrl":"https:\/\/ellotv.com.br\/site\/wp-content\/uploads\/2025\/11\/ello-logo-2.fw_.png","width":400,"height":146,"caption":"ELLO TV"},"image":{"@id":"https:\/\/ellotv.com.br\/site\/#\/schema\/logo\/image\/"}},{"@type":"Person","@id":"https:\/\/ellotv.com.br\/site\/#\/schema\/person\/2dbe3abaee38dcc7332fc8205cd2b15d","name":"ELLO TV","image":{"@type":"ImageObject","inLanguage":"pt-BR","@id":"https:\/\/secure.gravatar.com\/avatar\/c38242b9da8ec217ac3f0aaee31a54f7d7befb11b2b47fdbc8fb0fad60afa1c6?s=96&d=mm&r=g","url":"https:\/\/secure.gravatar.com\/avatar\/c38242b9da8ec217ac3f0aaee31a54f7d7befb11b2b47fdbc8fb0fad60afa1c6?s=96&d=mm&r=g","contentUrl":"https:\/\/secure.gravatar.com\/avatar\/c38242b9da8ec217ac3f0aaee31a54f7d7befb11b2b47fdbc8fb0fad60afa1c6?s=96&d=mm&r=g","caption":"ELLO TV"},"url":"https:\/\/ellotv.com.br\/site\/author\/elloagencia\/"}]}},"featured_image_urls":{"full":["https:\/\/ellotv.com.br\/site\/wp-content\/uploads\/2026\/04\/WhatsApp-Image-2026-04-13-at-13.45.22.jpeg",888,592,false],"thumbnail":["https:\/\/ellotv.com.br\/site\/wp-content\/uploads\/2026\/04\/WhatsApp-Image-2026-04-13-at-13.45.22-150x150.jpeg",150,150,true],"medium":["https:\/\/ellotv.com.br\/site\/wp-content\/uploads\/2026\/04\/WhatsApp-Image-2026-04-13-at-13.45.22-300x200.jpeg",300,200,true],"medium_large":["https:\/\/ellotv.com.br\/site\/wp-content\/uploads\/2026\/04\/WhatsApp-Image-2026-04-13-at-13.45.22-768x512.jpeg",640,427,true],"large":["https:\/\/ellotv.com.br\/site\/wp-content\/uploads\/2026\/04\/WhatsApp-Image-2026-04-13-at-13.45.22.jpeg",640,427,false],"1536x1536":["https:\/\/ellotv.com.br\/site\/wp-content\/uploads\/2026\/04\/WhatsApp-Image-2026-04-13-at-13.45.22.jpeg",888,592,false],"2048x2048":["https:\/\/ellotv.com.br\/site\/wp-content\/uploads\/2026\/04\/WhatsApp-Image-2026-04-13-at-13.45.22.jpeg",888,592,false],"darknews-slider-full":["https:\/\/ellotv.com.br\/site\/wp-content\/uploads\/2026\/04\/WhatsApp-Image-2026-04-13-at-13.45.22.jpeg",888,592,false],"darknews-featured":["https:\/\/ellotv.com.br\/site\/wp-content\/uploads\/2026\/04\/WhatsApp-Image-2026-04-13-at-13.45.22.jpeg",888,592,false],"darknews-medium":["https:\/\/ellotv.com.br\/site\/wp-content\/uploads\/2026\/04\/WhatsApp-Image-2026-04-13-at-13.45.22-720x530.jpeg",720,530,true],"darknews-medium-square":["https:\/\/ellotv.com.br\/site\/wp-content\/uploads\/2026\/04\/WhatsApp-Image-2026-04-13-at-13.45.22-350x350.jpeg",350,350,true]},"author_info":{"info":["ELLO TV"]},"category_info":"<a href=\"https:\/\/ellotv.com.br\/site\/category\/mundo\/\" rel=\"category tag\">Mundo<\/a> <a href=\"https:\/\/ellotv.com.br\/site\/category\/noticias\/\" rel=\"category tag\">Noticias<\/a>","tag_info":"Noticias","comment_count":"0","_links":{"self":[{"href":"https:\/\/ellotv.com.br\/site\/wp-json\/wp\/v2\/posts\/5661","targetHints":{"allow":["GET"]}}],"collection":[{"href":"https:\/\/ellotv.com.br\/site\/wp-json\/wp\/v2\/posts"}],"about":[{"href":"https:\/\/ellotv.com.br\/site\/wp-json\/wp\/v2\/types\/post"}],"author":[{"embeddable":true,"href":"https:\/\/ellotv.com.br\/site\/wp-json\/wp\/v2\/users\/2"}],"replies":[{"embeddable":true,"href":"https:\/\/ellotv.com.br\/site\/wp-json\/wp\/v2\/comments?post=5661"}],"version-history":[{"count":1,"href":"https:\/\/ellotv.com.br\/site\/wp-json\/wp\/v2\/posts\/5661\/revisions"}],"predecessor-version":[{"id":5664,"href":"https:\/\/ellotv.com.br\/site\/wp-json\/wp\/v2\/posts\/5661\/revisions\/5664"}],"wp:featuredmedia":[{"embeddable":true,"href":"https:\/\/ellotv.com.br\/site\/wp-json\/wp\/v2\/media\/5662"}],"wp:attachment":[{"href":"https:\/\/ellotv.com.br\/site\/wp-json\/wp\/v2\/media?parent=5661"}],"wp:term":[{"taxonomy":"category","embeddable":true,"href":"https:\/\/ellotv.com.br\/site\/wp-json\/wp\/v2\/categories?post=5661"},{"taxonomy":"post_tag","embeddable":true,"href":"https:\/\/ellotv.com.br\/site\/wp-json\/wp\/v2\/tags?post=5661"}],"curies":[{"name":"wp","href":"https:\/\/api.w.org\/{rel}","templated":true}]}}