{"id":5665,"date":"2026-04-13T16:59:06","date_gmt":"2026-04-13T19:59:06","guid":{"rendered":"https:\/\/ellotv.com.br\/site\/?p=5665"},"modified":"2026-04-13T16:59:06","modified_gmt":"2026-04-13T19:59:06","slug":"paraiba-pode-receber-primeiros-computadores-quanticos-do-brasil-em-joao-pessoa","status":"publish","type":"post","link":"https:\/\/ellotv.com.br\/site\/2026\/04\/13\/paraiba-pode-receber-primeiros-computadores-quanticos-do-brasil-em-joao-pessoa\/","title":{"rendered":"Para\u00edba pode receber primeiros computadores qu\u00e2nticos do Brasil em Jo\u00e3o Pessoa"},"content":{"rendered":"<p data-start=\"80\" data-end=\"295\">A <span class=\"hover:entity-accent entity-underline inline cursor-pointer align-baseline\"><span class=\"whitespace-normal\">Para\u00edba<\/span><\/span> est\u00e1 prestes a entrar para a hist\u00f3ria da ci\u00eancia e tecnologia com o projeto <span class=\"hover:entity-accent entity-underline inline cursor-pointer align-baseline\"><span class=\"whitespace-normal\">CIQuanta<\/span><\/span>, que ser\u00e1 instalado em <span class=\"hover:entity-accent entity-underline inline cursor-pointer align-baseline\"><span class=\"whitespace-normal\">Jo\u00e3o Pessoa<\/span><\/span>.<\/p>\n<p data-start=\"297\" data-end=\"433\">A iniciativa prev\u00ea a chegada dos primeiros computadores qu\u00e2nticos operacionais do pa\u00eds, com investimento estimado em <strong data-start=\"414\" data-end=\"432\">R$ 150 milh\u00f5es<\/strong>.<\/p>\n<h3 data-section-id=\"1fvnw1v\" data-start=\"435\" data-end=\"470\">\u269b\ufe0f Estrutura de alta tecnologia<\/h3>\n<p data-start=\"472\" data-end=\"510\">O projeto contar\u00e1 com equipamentos de:<\/p>\n<ul data-start=\"511\" data-end=\"539\">\n<li data-section-id=\"nca2hu\" data-start=\"511\" data-end=\"524\">20 qubits<\/li>\n<li data-section-id=\"1ow1t9t\" data-start=\"525\" data-end=\"539\">100 qubits<\/li>\n<\/ul>\n<p data-start=\"541\" data-end=\"723\">Al\u00e9m disso, a estrutura inclui ambientes altamente controlados, como sistemas criog\u00eanicos e salas blindadas, essenciais para o funcionamento da <span class=\"hover:entity-accent entity-underline inline cursor-pointer align-baseline\"><span class=\"whitespace-normal\">computa\u00e7\u00e3o qu\u00e2ntica<\/span><\/span>.<\/p>\n<h3 data-section-id=\"zl2gcp\" data-start=\"725\" data-end=\"761\">\ud83d\ude80 Impacto em \u00e1reas estrat\u00e9gicas<\/h3>\n<p data-start=\"763\" data-end=\"820\">A tecnologia promete revolucionar diversos setores, como:<\/p>\n<ul data-start=\"821\" data-end=\"905\">\n<li data-section-id=\"1uvkrgh\" data-start=\"821\" data-end=\"830\">Sa\u00fade<\/li>\n<li data-section-id=\"wl1ob0\" data-start=\"831\" data-end=\"844\">Ind\u00fastria<\/li>\n<li data-section-id=\"1ahkcxk\" data-start=\"845\" data-end=\"855\">Defesa<\/li>\n<li data-section-id=\"1q969xp\" data-start=\"856\" data-end=\"877\">Seguran\u00e7a digital<\/li>\n<li data-section-id=\"1z0jw9h\" data-start=\"878\" data-end=\"905\">Intelig\u00eancia artificial<\/li>\n<\/ul>\n<p data-start=\"907\" data-end=\"1066\">Os computadores qu\u00e2nticos oferecem velocidade e precis\u00e3o muito superiores aos modelos tradicionais, sendo capazes de resolver problemas extremamente complexos.<\/p>\n<h3 data-section-id=\"sphikr\" data-start=\"1068\" data-end=\"1096\">\ud83d\udcc5 Cronograma do projeto<\/h3>\n<p data-start=\"1098\" data-end=\"1127\">De acordo com o planejamento:<\/p>\n<ul data-start=\"1128\" data-end=\"1245\">\n<li data-section-id=\"1y5snaq\" data-start=\"1128\" data-end=\"1176\">Treinamento da equipe: junho e julho de 2026<\/li>\n<li data-section-id=\"tbyj01\" data-start=\"1177\" data-end=\"1213\">Chegada dos equipamentos: agosto<\/li>\n<li data-section-id=\"1llpzbk\" data-start=\"1214\" data-end=\"1245\">Montagem final: at\u00e9 outubro<\/li>\n<\/ul>\n<h3 data-section-id=\"1iqtbb4\" data-start=\"1247\" data-end=\"1284\">\ud83c\udf0d Nordeste como polo de inova\u00e7\u00e3o<\/h3>\n<p data-start=\"1286\" data-end=\"1482\">Com o CIQuanta, a Para\u00edba se consolida como um dos principais polos de inova\u00e7\u00e3o do Brasil, refor\u00e7ando o protagonismo do Nordeste na produ\u00e7\u00e3o cient\u00edfica e no desenvolvimento de tecnologia de ponta.<\/p>\n","protected":false},"excerpt":{"rendered":"<p>A Para\u00edba est\u00e1 prestes a entrar para a hist\u00f3ria da ci\u00eancia e tecnologia com o projeto CIQuanta, que<\/p>\n","protected":false},"author":2,"featured_media":5666,"comment_status":"open","ping_status":"open","sticky":false,"template":"","format":"standard","meta":{"footnotes":""},"categories":[8,12,9],"tags":[],"class_list":["post-5665","post","type-post","status-publish","format-standard","has-post-thumbnail","hentry","category-brasil","category-noticias","category-regional"],"yoast_head":"<!-- This site is optimized with the Yoast SEO plugin v28.3 - https:\/\/yoast.com\/product\/yoast-seo-wordpress\/ -->\n<title>Para\u00edba pode receber primeiros computadores qu\u00e2nticos do Brasil em Jo\u00e3o Pessoa - Ello TV<\/title>\n<meta name=\"description\" content=\"Projeto CIQuanta levar\u00e1 computadores qu\u00e2nticos \u00e0 Para\u00edba e posiciona o estado como polo de inova\u00e7\u00e3o tecnol\u00f3gica no Brasil.\" \/>\n<meta name=\"robots\" content=\"index, follow, max-snippet:-1, max-image-preview:large, max-video-preview:-1\" \/>\n<link rel=\"canonical\" href=\"https:\/\/ellotv.com.br\/site\/2026\/04\/13\/paraiba-pode-receber-primeiros-computadores-quanticos-do-brasil-em-joao-pessoa\/\" \/>\n<meta property=\"og:locale\" content=\"pt_BR\" \/>\n<meta property=\"og:type\" content=\"article\" \/>\n<meta property=\"og:title\" content=\"Para\u00edba pode receber primeiros computadores qu\u00e2nticos do Brasil em Jo\u00e3o Pessoa - Ello TV\" \/>\n<meta property=\"og:description\" content=\"Projeto CIQuanta levar\u00e1 computadores qu\u00e2nticos \u00e0 Para\u00edba e posiciona o estado como polo de inova\u00e7\u00e3o tecnol\u00f3gica no Brasil.\" \/>\n<meta property=\"og:url\" content=\"https:\/\/ellotv.com.br\/site\/2026\/04\/13\/paraiba-pode-receber-primeiros-computadores-quanticos-do-brasil-em-joao-pessoa\/\" \/>\n<meta property=\"og:site_name\" content=\"Ello TV\" \/>\n<meta property=\"article:published_time\" content=\"2026-04-13T19:59:06+00:00\" \/>\n<meta property=\"og:image\" content=\"https:\/\/ellotv.com.br\/site\/wp-content\/uploads\/2026\/04\/WhatsApp-Image-2026-04-13-at-15.54.59.jpeg\" \/>\n\t<meta property=\"og:image:width\" content=\"480\" \/>\n\t<meta property=\"og:image:height\" content=\"639\" \/>\n\t<meta property=\"og:image:type\" content=\"image\/jpeg\" \/>\n<meta name=\"author\" content=\"ELLO TV\" \/>\n<meta name=\"twitter:card\" content=\"summary_large_image\" \/>\n<meta name=\"twitter:label1\" content=\"Escrito por\" \/>\n\t<meta name=\"twitter:data1\" content=\"ELLO TV\" \/>\n\t<meta name=\"twitter:label2\" content=\"Est. tempo de leitura\" \/>\n\t<meta name=\"twitter:data2\" content=\"1 minuto\" \/>\n<script type=\"application\/ld+json\" class=\"yoast-schema-graph\">{\"@context\":\"https:\\\/\\\/schema.org\",\"@graph\":[{\"@type\":\"Article\",\"@id\":\"https:\\\/\\\/ellotv.com.br\\\/site\\\/2026\\\/04\\\/13\\\/paraiba-pode-receber-primeiros-computadores-quanticos-do-brasil-em-joao-pessoa\\\/#article\",\"isPartOf\":{\"@id\":\"https:\\\/\\\/ellotv.com.br\\\/site\\\/2026\\\/04\\\/13\\\/paraiba-pode-receber-primeiros-computadores-quanticos-do-brasil-em-joao-pessoa\\\/\"},\"author\":{\"name\":\"ELLO TV\",\"@id\":\"https:\\\/\\\/ellotv.com.br\\\/site\\\/#\\\/schema\\\/person\\\/2dbe3abaee38dcc7332fc8205cd2b15d\"},\"headline\":\"Para\u00edba pode receber primeiros computadores qu\u00e2nticos do Brasil em Jo\u00e3o Pessoa\",\"datePublished\":\"2026-04-13T19:59:06+00:00\",\"mainEntityOfPage\":{\"@id\":\"https:\\\/\\\/ellotv.com.br\\\/site\\\/2026\\\/04\\\/13\\\/paraiba-pode-receber-primeiros-computadores-quanticos-do-brasil-em-joao-pessoa\\\/\"},\"wordCount\":208,\"commentCount\":0,\"publisher\":{\"@id\":\"https:\\\/\\\/ellotv.com.br\\\/site\\\/#organization\"},\"image\":{\"@id\":\"https:\\\/\\\/ellotv.com.br\\\/site\\\/2026\\\/04\\\/13\\\/paraiba-pode-receber-primeiros-computadores-quanticos-do-brasil-em-joao-pessoa\\\/#primaryimage\"},\"thumbnailUrl\":\"https:\\\/\\\/ellotv.com.br\\\/site\\\/wp-content\\\/uploads\\\/2026\\\/04\\\/WhatsApp-Image-2026-04-13-at-15.54.59.jpeg\",\"articleSection\":[\"Brasil\",\"Noticias\",\"Regional\"],\"inLanguage\":\"pt-BR\",\"potentialAction\":[{\"@type\":\"CommentAction\",\"name\":\"Comment\",\"target\":[\"https:\\\/\\\/ellotv.com.br\\\/site\\\/2026\\\/04\\\/13\\\/paraiba-pode-receber-primeiros-computadores-quanticos-do-brasil-em-joao-pessoa\\\/#respond\"]}]},{\"@type\":\"WebPage\",\"@id\":\"https:\\\/\\\/ellotv.com.br\\\/site\\\/2026\\\/04\\\/13\\\/paraiba-pode-receber-primeiros-computadores-quanticos-do-brasil-em-joao-pessoa\\\/\",\"url\":\"https:\\\/\\\/ellotv.com.br\\\/site\\\/2026\\\/04\\\/13\\\/paraiba-pode-receber-primeiros-computadores-quanticos-do-brasil-em-joao-pessoa\\\/\",\"name\":\"Para\u00edba pode receber primeiros computadores qu\u00e2nticos do Brasil em Jo\u00e3o Pessoa - Ello TV\",\"isPartOf\":{\"@id\":\"https:\\\/\\\/ellotv.com.br\\\/site\\\/#website\"},\"primaryImageOfPage\":{\"@id\":\"https:\\\/\\\/ellotv.com.br\\\/site\\\/2026\\\/04\\\/13\\\/paraiba-pode-receber-primeiros-computadores-quanticos-do-brasil-em-joao-pessoa\\\/#primaryimage\"},\"image\":{\"@id\":\"https:\\\/\\\/ellotv.com.br\\\/site\\\/2026\\\/04\\\/13\\\/paraiba-pode-receber-primeiros-computadores-quanticos-do-brasil-em-joao-pessoa\\\/#primaryimage\"},\"thumbnailUrl\":\"https:\\\/\\\/ellotv.com.br\\\/site\\\/wp-content\\\/uploads\\\/2026\\\/04\\\/WhatsApp-Image-2026-04-13-at-15.54.59.jpeg\",\"datePublished\":\"2026-04-13T19:59:06+00:00\",\"description\":\"Projeto CIQuanta levar\u00e1 computadores qu\u00e2nticos \u00e0 Para\u00edba e posiciona o estado como polo de inova\u00e7\u00e3o tecnol\u00f3gica no Brasil.\",\"breadcrumb\":{\"@id\":\"https:\\\/\\\/ellotv.com.br\\\/site\\\/2026\\\/04\\\/13\\\/paraiba-pode-receber-primeiros-computadores-quanticos-do-brasil-em-joao-pessoa\\\/#breadcrumb\"},\"inLanguage\":\"pt-BR\",\"potentialAction\":[{\"@type\":\"ReadAction\",\"target\":[\"https:\\\/\\\/ellotv.com.br\\\/site\\\/2026\\\/04\\\/13\\\/paraiba-pode-receber-primeiros-computadores-quanticos-do-brasil-em-joao-pessoa\\\/\"]}]},{\"@type\":\"ImageObject\",\"inLanguage\":\"pt-BR\",\"@id\":\"https:\\\/\\\/ellotv.com.br\\\/site\\\/2026\\\/04\\\/13\\\/paraiba-pode-receber-primeiros-computadores-quanticos-do-brasil-em-joao-pessoa\\\/#primaryimage\",\"url\":\"https:\\\/\\\/ellotv.com.br\\\/site\\\/wp-content\\\/uploads\\\/2026\\\/04\\\/WhatsApp-Image-2026-04-13-at-15.54.59.jpeg\",\"contentUrl\":\"https:\\\/\\\/ellotv.com.br\\\/site\\\/wp-content\\\/uploads\\\/2026\\\/04\\\/WhatsApp-Image-2026-04-13-at-15.54.59.jpeg\",\"width\":480,\"height\":639},{\"@type\":\"BreadcrumbList\",\"@id\":\"https:\\\/\\\/ellotv.com.br\\\/site\\\/2026\\\/04\\\/13\\\/paraiba-pode-receber-primeiros-computadores-quanticos-do-brasil-em-joao-pessoa\\\/#breadcrumb\",\"itemListElement\":[{\"@type\":\"ListItem\",\"position\":1,\"name\":\"In\u00edcio\",\"item\":\"https:\\\/\\\/ellotv.com.br\\\/site\\\/\"},{\"@type\":\"ListItem\",\"position\":2,\"name\":\"Para\u00edba pode receber primeiros computadores qu\u00e2nticos do Brasil em Jo\u00e3o Pessoa\"}]},{\"@type\":\"WebSite\",\"@id\":\"https:\\\/\\\/ellotv.com.br\\\/site\\\/#website\",\"url\":\"https:\\\/\\\/ellotv.com.br\\\/site\\\/\",\"name\":\"ELLO TV\",\"description\":\"\",\"publisher\":{\"@id\":\"https:\\\/\\\/ellotv.com.br\\\/site\\\/#organization\"},\"potentialAction\":[{\"@type\":\"SearchAction\",\"target\":{\"@type\":\"EntryPoint\",\"urlTemplate\":\"https:\\\/\\\/ellotv.com.br\\\/site\\\/?s={search_term_string}\"},\"query-input\":{\"@type\":\"PropertyValueSpecification\",\"valueRequired\":true,\"valueName\":\"search_term_string\"}}],\"inLanguage\":\"pt-BR\"},{\"@type\":\"Organization\",\"@id\":\"https:\\\/\\\/ellotv.com.br\\\/site\\\/#organization\",\"name\":\"ELLO TV\",\"url\":\"https:\\\/\\\/ellotv.com.br\\\/site\\\/\",\"logo\":{\"@type\":\"ImageObject\",\"inLanguage\":\"pt-BR\",\"@id\":\"https:\\\/\\\/ellotv.com.br\\\/site\\\/#\\\/schema\\\/logo\\\/image\\\/\",\"url\":\"https:\\\/\\\/ellotv.com.br\\\/site\\\/wp-content\\\/uploads\\\/2025\\\/11\\\/ello-logo-2.fw_.png\",\"contentUrl\":\"https:\\\/\\\/ellotv.com.br\\\/site\\\/wp-content\\\/uploads\\\/2025\\\/11\\\/ello-logo-2.fw_.png\",\"width\":400,\"height\":146,\"caption\":\"ELLO TV\"},\"image\":{\"@id\":\"https:\\\/\\\/ellotv.com.br\\\/site\\\/#\\\/schema\\\/logo\\\/image\\\/\"}},{\"@type\":\"Person\",\"@id\":\"https:\\\/\\\/ellotv.com.br\\\/site\\\/#\\\/schema\\\/person\\\/2dbe3abaee38dcc7332fc8205cd2b15d\",\"name\":\"ELLO TV\",\"image\":{\"@type\":\"ImageObject\",\"inLanguage\":\"pt-BR\",\"@id\":\"https:\\\/\\\/secure.gravatar.com\\\/avatar\\\/c38242b9da8ec217ac3f0aaee31a54f7d7befb11b2b47fdbc8fb0fad60afa1c6?s=96&d=mm&r=g\",\"url\":\"https:\\\/\\\/secure.gravatar.com\\\/avatar\\\/c38242b9da8ec217ac3f0aaee31a54f7d7befb11b2b47fdbc8fb0fad60afa1c6?s=96&d=mm&r=g\",\"contentUrl\":\"https:\\\/\\\/secure.gravatar.com\\\/avatar\\\/c38242b9da8ec217ac3f0aaee31a54f7d7befb11b2b47fdbc8fb0fad60afa1c6?s=96&d=mm&r=g\",\"caption\":\"ELLO TV\"},\"url\":\"https:\\\/\\\/ellotv.com.br\\\/site\\\/author\\\/elloagencia\\\/\"}]}<\/script>\n<!-- \/ Yoast SEO plugin. -->","yoast_head_json":{"title":"Para\u00edba pode receber primeiros computadores qu\u00e2nticos do Brasil em Jo\u00e3o Pessoa - Ello TV","description":"Projeto CIQuanta levar\u00e1 computadores qu\u00e2nticos \u00e0 Para\u00edba e posiciona o estado como polo de inova\u00e7\u00e3o tecnol\u00f3gica no Brasil.","robots":{"index":"index","follow":"follow","max-snippet":"max-snippet:-1","max-image-preview":"max-image-preview:large","max-video-preview":"max-video-preview:-1"},"canonical":"https:\/\/ellotv.com.br\/site\/2026\/04\/13\/paraiba-pode-receber-primeiros-computadores-quanticos-do-brasil-em-joao-pessoa\/","og_locale":"pt_BR","og_type":"article","og_title":"Para\u00edba pode receber primeiros computadores qu\u00e2nticos do Brasil em Jo\u00e3o Pessoa - Ello TV","og_description":"Projeto CIQuanta levar\u00e1 computadores qu\u00e2nticos \u00e0 Para\u00edba e posiciona o estado como polo de inova\u00e7\u00e3o tecnol\u00f3gica no Brasil.","og_url":"https:\/\/ellotv.com.br\/site\/2026\/04\/13\/paraiba-pode-receber-primeiros-computadores-quanticos-do-brasil-em-joao-pessoa\/","og_site_name":"Ello TV","article_published_time":"2026-04-13T19:59:06+00:00","og_image":[{"width":480,"height":639,"url":"https:\/\/ellotv.com.br\/site\/wp-content\/uploads\/2026\/04\/WhatsApp-Image-2026-04-13-at-15.54.59.jpeg","type":"image\/jpeg"}],"author":"ELLO TV","twitter_card":"summary_large_image","twitter_misc":{"Escrito por":"ELLO TV","Est. tempo de leitura":"1 minuto"},"schema":{"@context":"https:\/\/schema.org","@graph":[{"@type":"Article","@id":"https:\/\/ellotv.com.br\/site\/2026\/04\/13\/paraiba-pode-receber-primeiros-computadores-quanticos-do-brasil-em-joao-pessoa\/#article","isPartOf":{"@id":"https:\/\/ellotv.com.br\/site\/2026\/04\/13\/paraiba-pode-receber-primeiros-computadores-quanticos-do-brasil-em-joao-pessoa\/"},"author":{"name":"ELLO TV","@id":"https:\/\/ellotv.com.br\/site\/#\/schema\/person\/2dbe3abaee38dcc7332fc8205cd2b15d"},"headline":"Para\u00edba pode receber primeiros computadores qu\u00e2nticos do Brasil em Jo\u00e3o Pessoa","datePublished":"2026-04-13T19:59:06+00:00","mainEntityOfPage":{"@id":"https:\/\/ellotv.com.br\/site\/2026\/04\/13\/paraiba-pode-receber-primeiros-computadores-quanticos-do-brasil-em-joao-pessoa\/"},"wordCount":208,"commentCount":0,"publisher":{"@id":"https:\/\/ellotv.com.br\/site\/#organization"},"image":{"@id":"https:\/\/ellotv.com.br\/site\/2026\/04\/13\/paraiba-pode-receber-primeiros-computadores-quanticos-do-brasil-em-joao-pessoa\/#primaryimage"},"thumbnailUrl":"https:\/\/ellotv.com.br\/site\/wp-content\/uploads\/2026\/04\/WhatsApp-Image-2026-04-13-at-15.54.59.jpeg","articleSection":["Brasil","Noticias","Regional"],"inLanguage":"pt-BR","potentialAction":[{"@type":"CommentAction","name":"Comment","target":["https:\/\/ellotv.com.br\/site\/2026\/04\/13\/paraiba-pode-receber-primeiros-computadores-quanticos-do-brasil-em-joao-pessoa\/#respond"]}]},{"@type":"WebPage","@id":"https:\/\/ellotv.com.br\/site\/2026\/04\/13\/paraiba-pode-receber-primeiros-computadores-quanticos-do-brasil-em-joao-pessoa\/","url":"https:\/\/ellotv.com.br\/site\/2026\/04\/13\/paraiba-pode-receber-primeiros-computadores-quanticos-do-brasil-em-joao-pessoa\/","name":"Para\u00edba pode receber primeiros computadores qu\u00e2nticos do Brasil em Jo\u00e3o Pessoa - Ello TV","isPartOf":{"@id":"https:\/\/ellotv.com.br\/site\/#website"},"primaryImageOfPage":{"@id":"https:\/\/ellotv.com.br\/site\/2026\/04\/13\/paraiba-pode-receber-primeiros-computadores-quanticos-do-brasil-em-joao-pessoa\/#primaryimage"},"image":{"@id":"https:\/\/ellotv.com.br\/site\/2026\/04\/13\/paraiba-pode-receber-primeiros-computadores-quanticos-do-brasil-em-joao-pessoa\/#primaryimage"},"thumbnailUrl":"https:\/\/ellotv.com.br\/site\/wp-content\/uploads\/2026\/04\/WhatsApp-Image-2026-04-13-at-15.54.59.jpeg","datePublished":"2026-04-13T19:59:06+00:00","description":"Projeto CIQuanta levar\u00e1 computadores qu\u00e2nticos \u00e0 Para\u00edba e posiciona o estado como polo de inova\u00e7\u00e3o tecnol\u00f3gica no Brasil.","breadcrumb":{"@id":"https:\/\/ellotv.com.br\/site\/2026\/04\/13\/paraiba-pode-receber-primeiros-computadores-quanticos-do-brasil-em-joao-pessoa\/#breadcrumb"},"inLanguage":"pt-BR","potentialAction":[{"@type":"ReadAction","target":["https:\/\/ellotv.com.br\/site\/2026\/04\/13\/paraiba-pode-receber-primeiros-computadores-quanticos-do-brasil-em-joao-pessoa\/"]}]},{"@type":"ImageObject","inLanguage":"pt-BR","@id":"https:\/\/ellotv.com.br\/site\/2026\/04\/13\/paraiba-pode-receber-primeiros-computadores-quanticos-do-brasil-em-joao-pessoa\/#primaryimage","url":"https:\/\/ellotv.com.br\/site\/wp-content\/uploads\/2026\/04\/WhatsApp-Image-2026-04-13-at-15.54.59.jpeg","contentUrl":"https:\/\/ellotv.com.br\/site\/wp-content\/uploads\/2026\/04\/WhatsApp-Image-2026-04-13-at-15.54.59.jpeg","width":480,"height":639},{"@type":"BreadcrumbList","@id":"https:\/\/ellotv.com.br\/site\/2026\/04\/13\/paraiba-pode-receber-primeiros-computadores-quanticos-do-brasil-em-joao-pessoa\/#breadcrumb","itemListElement":[{"@type":"ListItem","position":1,"name":"In\u00edcio","item":"https:\/\/ellotv.com.br\/site\/"},{"@type":"ListItem","position":2,"name":"Para\u00edba pode receber primeiros computadores qu\u00e2nticos do Brasil em Jo\u00e3o Pessoa"}]},{"@type":"WebSite","@id":"https:\/\/ellotv.com.br\/site\/#website","url":"https:\/\/ellotv.com.br\/site\/","name":"ELLO TV","description":"","publisher":{"@id":"https:\/\/ellotv.com.br\/site\/#organization"},"potentialAction":[{"@type":"SearchAction","target":{"@type":"EntryPoint","urlTemplate":"https:\/\/ellotv.com.br\/site\/?s={search_term_string}"},"query-input":{"@type":"PropertyValueSpecification","valueRequired":true,"valueName":"search_term_string"}}],"inLanguage":"pt-BR"},{"@type":"Organization","@id":"https:\/\/ellotv.com.br\/site\/#organization","name":"ELLO TV","url":"https:\/\/ellotv.com.br\/site\/","logo":{"@type":"ImageObject","inLanguage":"pt-BR","@id":"https:\/\/ellotv.com.br\/site\/#\/schema\/logo\/image\/","url":"https:\/\/ellotv.com.br\/site\/wp-content\/uploads\/2025\/11\/ello-logo-2.fw_.png","contentUrl":"https:\/\/ellotv.com.br\/site\/wp-content\/uploads\/2025\/11\/ello-logo-2.fw_.png","width":400,"height":146,"caption":"ELLO TV"},"image":{"@id":"https:\/\/ellotv.com.br\/site\/#\/schema\/logo\/image\/"}},{"@type":"Person","@id":"https:\/\/ellotv.com.br\/site\/#\/schema\/person\/2dbe3abaee38dcc7332fc8205cd2b15d","name":"ELLO TV","image":{"@type":"ImageObject","inLanguage":"pt-BR","@id":"https:\/\/secure.gravatar.com\/avatar\/c38242b9da8ec217ac3f0aaee31a54f7d7befb11b2b47fdbc8fb0fad60afa1c6?s=96&d=mm&r=g","url":"https:\/\/secure.gravatar.com\/avatar\/c38242b9da8ec217ac3f0aaee31a54f7d7befb11b2b47fdbc8fb0fad60afa1c6?s=96&d=mm&r=g","contentUrl":"https:\/\/secure.gravatar.com\/avatar\/c38242b9da8ec217ac3f0aaee31a54f7d7befb11b2b47fdbc8fb0fad60afa1c6?s=96&d=mm&r=g","caption":"ELLO TV"},"url":"https:\/\/ellotv.com.br\/site\/author\/elloagencia\/"}]}},"featured_image_urls":{"full":["https:\/\/ellotv.com.br\/site\/wp-content\/uploads\/2026\/04\/WhatsApp-Image-2026-04-13-at-15.54.59.jpeg",480,639,false],"thumbnail":["https:\/\/ellotv.com.br\/site\/wp-content\/uploads\/2026\/04\/WhatsApp-Image-2026-04-13-at-15.54.59-150x150.jpeg",150,150,true],"medium":["https:\/\/ellotv.com.br\/site\/wp-content\/uploads\/2026\/04\/WhatsApp-Image-2026-04-13-at-15.54.59-225x300.jpeg",225,300,true],"medium_large":["https:\/\/ellotv.com.br\/site\/wp-content\/uploads\/2026\/04\/WhatsApp-Image-2026-04-13-at-15.54.59.jpeg",480,639,false],"large":["https:\/\/ellotv.com.br\/site\/wp-content\/uploads\/2026\/04\/WhatsApp-Image-2026-04-13-at-15.54.59.jpeg",480,639,false],"1536x1536":["https:\/\/ellotv.com.br\/site\/wp-content\/uploads\/2026\/04\/WhatsApp-Image-2026-04-13-at-15.54.59.jpeg",480,639,false],"2048x2048":["https:\/\/ellotv.com.br\/site\/wp-content\/uploads\/2026\/04\/WhatsApp-Image-2026-04-13-at-15.54.59.jpeg",480,639,false],"darknews-slider-full":["https:\/\/ellotv.com.br\/site\/wp-content\/uploads\/2026\/04\/WhatsApp-Image-2026-04-13-at-15.54.59.jpeg",480,639,false],"darknews-featured":["https:\/\/ellotv.com.br\/site\/wp-content\/uploads\/2026\/04\/WhatsApp-Image-2026-04-13-at-15.54.59.jpeg",480,639,false],"darknews-medium":["https:\/\/ellotv.com.br\/site\/wp-content\/uploads\/2026\/04\/WhatsApp-Image-2026-04-13-at-15.54.59-480x530.jpeg",480,530,true],"darknews-medium-square":["https:\/\/ellotv.com.br\/site\/wp-content\/uploads\/2026\/04\/WhatsApp-Image-2026-04-13-at-15.54.59-350x350.jpeg",350,350,true]},"author_info":{"info":["ELLO TV"]},"category_info":"<a href=\"https:\/\/ellotv.com.br\/site\/category\/brasil\/\" rel=\"category tag\">Brasil<\/a> <a href=\"https:\/\/ellotv.com.br\/site\/category\/noticias\/\" rel=\"category tag\">Noticias<\/a> <a href=\"https:\/\/ellotv.com.br\/site\/category\/regional\/\" rel=\"category tag\">Regional<\/a>","tag_info":"Regional","comment_count":"0","_links":{"self":[{"href":"https:\/\/ellotv.com.br\/site\/wp-json\/wp\/v2\/posts\/5665","targetHints":{"allow":["GET"]}}],"collection":[{"href":"https:\/\/ellotv.com.br\/site\/wp-json\/wp\/v2\/posts"}],"about":[{"href":"https:\/\/ellotv.com.br\/site\/wp-json\/wp\/v2\/types\/post"}],"author":[{"embeddable":true,"href":"https:\/\/ellotv.com.br\/site\/wp-json\/wp\/v2\/users\/2"}],"replies":[{"embeddable":true,"href":"https:\/\/ellotv.com.br\/site\/wp-json\/wp\/v2\/comments?post=5665"}],"version-history":[{"count":1,"href":"https:\/\/ellotv.com.br\/site\/wp-json\/wp\/v2\/posts\/5665\/revisions"}],"predecessor-version":[{"id":5667,"href":"https:\/\/ellotv.com.br\/site\/wp-json\/wp\/v2\/posts\/5665\/revisions\/5667"}],"wp:featuredmedia":[{"embeddable":true,"href":"https:\/\/ellotv.com.br\/site\/wp-json\/wp\/v2\/media\/5666"}],"wp:attachment":[{"href":"https:\/\/ellotv.com.br\/site\/wp-json\/wp\/v2\/media?parent=5665"}],"wp:term":[{"taxonomy":"category","embeddable":true,"href":"https:\/\/ellotv.com.br\/site\/wp-json\/wp\/v2\/categories?post=5665"},{"taxonomy":"post_tag","embeddable":true,"href":"https:\/\/ellotv.com.br\/site\/wp-json\/wp\/v2\/tags?post=5665"}],"curies":[{"name":"wp","href":"https:\/\/api.w.org\/{rel}","templated":true}]}}