{"id":5679,"date":"2026-04-14T08:33:42","date_gmt":"2026-04-14T11:33:42","guid":{"rendered":"https:\/\/ellotv.com.br\/site\/?p=5679"},"modified":"2026-04-14T08:33:42","modified_gmt":"2026-04-14T11:33:42","slug":"tre-pe-suspende-pesquisa-verita","status":"publish","type":"post","link":"https:\/\/ellotv.com.br\/site\/2026\/04\/14\/tre-pe-suspende-pesquisa-verita\/","title":{"rendered":"TRE-PE suspende pesquisa Verit\u00e1"},"content":{"rendered":"<p data-start=\"68\" data-end=\"350\">O <span class=\"hover:entity-accent entity-underline inline cursor-pointer align-baseline\"><span class=\"whitespace-normal\">Tribunal Regional Eleitoral de Pernambuco<\/span><\/span> determinou a suspens\u00e3o da divulga\u00e7\u00e3o de uma pesquisa do <span class=\"hover:entity-accent entity-underline inline cursor-pointer align-baseline\"><span class=\"whitespace-normal\">Instituto Verit\u00e1<\/span><\/span>, registrada sob o n\u00ba PE-02184\/2026, que apontava empate t\u00e9cnico entre <span class=\"hover:entity-accent entity-underline inline cursor-pointer align-baseline\"><span class=\"whitespace-normal\">Raquel Lyra<\/span><\/span> e <span class=\"hover:entity-accent entity-underline inline cursor-pointer align-baseline\"><span class=\"whitespace-normal\">Jo\u00e3o Campos<\/span><\/span>.<\/p>\n<p data-start=\"352\" data-end=\"459\">A decis\u00e3o atendeu a uma representa\u00e7\u00e3o apresentada pelo <span class=\"hover:entity-accent entity-underline inline cursor-pointer align-baseline\"><span class=\"whitespace-normal\">MDB<\/span><\/span> em Pernambuco.<\/p>\n<h3 data-section-id=\"1bx2kke\" data-start=\"461\" data-end=\"484\">\u2696\ufe0f Decis\u00e3o judicial<\/h3>\n<p data-start=\"486\" data-end=\"662\">O relator do caso, <span class=\"hover:entity-accent entity-underline inline cursor-pointer align-baseline\"><span class=\"whitespace-normal\">Fernando Braga Damasceno<\/span><\/span>, estabeleceu prazo de <strong data-start=\"565\" data-end=\"577\">24 horas<\/strong> para a retirada do conte\u00fado j\u00e1 publicado, sob pena de multa di\u00e1ria de <strong data-start=\"648\" data-end=\"661\">R$ 10 mil<\/strong>.<\/p>\n<h3 data-section-id=\"s0fxrk\" data-start=\"664\" data-end=\"691\">\ud83d\udcca Motivos da suspens\u00e3o<\/h3>\n<p data-start=\"693\" data-end=\"736\">Segundo a a\u00e7\u00e3o, o levantamento apresentava:<\/p>\n<ul data-start=\"737\" data-end=\"840\">\n<li data-section-id=\"fz05z3\" data-start=\"737\" data-end=\"765\">Falhas no plano amostral<\/li>\n<li data-section-id=\"fdnajv\" data-start=\"766\" data-end=\"806\">Aus\u00eancia de informa\u00e7\u00f5es obrigat\u00f3rias<\/li>\n<li data-section-id=\"1fxhitw\" data-start=\"807\" data-end=\"840\">Inconsist\u00eancias metodol\u00f3gicas<\/li>\n<\/ul>\n<p data-start=\"842\" data-end=\"918\">Esses pontos levantaram d\u00favidas sobre a confiabilidade dos dados divulgados.<\/p>\n<h3 data-section-id=\"1wfv5zt\" data-start=\"920\" data-end=\"955\">\ud83d\uddf3\ufe0f Impacto no cen\u00e1rio pol\u00edtico<\/h3>\n<p data-start=\"957\" data-end=\"1087\">Na decis\u00e3o, o magistrado destacou o risco de influ\u00eancia indevida sobre o eleitorado. J\u00e1 o MDB afirmou que a medida busca garantir:<\/p>\n<ul data-start=\"1088\" data-end=\"1190\">\n<li data-section-id=\"fjvp4q\" data-start=\"1088\" data-end=\"1127\">Transpar\u00eancia no processo eleitoral<\/li>\n<li data-section-id=\"5t468z\" data-start=\"1128\" data-end=\"1154\">Cumprimento das regras<\/li>\n<li data-section-id=\"2ifzmi\" data-start=\"1155\" data-end=\"1190\">Seguran\u00e7a t\u00e9cnica nas pesquisas<\/li>\n<\/ul>\n<p data-start=\"1192\" data-end=\"1310\">O caso refor\u00e7a a import\u00e2ncia de levantamentos confi\u00e1veis no cen\u00e1rio pol\u00edtico de <span class=\"hover:entity-accent entity-underline inline cursor-pointer align-baseline\"><span class=\"whitespace-normal\">Pernambuco<\/span><\/span>.<\/p>\n","protected":false},"excerpt":{"rendered":"<p>O Tribunal Regional Eleitoral de Pernambuco determinou a suspens\u00e3o da divulga\u00e7\u00e3o de uma pesquisa do Instituto Verit\u00e1, registrada<\/p>\n","protected":false},"author":2,"featured_media":5608,"comment_status":"open","ping_status":"open","sticky":false,"template":"","format":"standard","meta":{"footnotes":""},"categories":[12,9],"tags":[],"class_list":["post-5679","post","type-post","status-publish","format-standard","has-post-thumbnail","hentry","category-noticias","category-regional"],"yoast_head":"<!-- This site is optimized with the Yoast SEO plugin v28.3 - https:\/\/yoast.com\/product\/yoast-seo-wordpress\/ -->\n<title>TRE-PE suspende pesquisa Verit\u00e1 - Ello TV<\/title>\n<meta name=\"description\" content=\"TRE-PE suspende pesquisa eleitoral do Instituto Verit\u00e1 por falhas metodol\u00f3gicas e risco de influenciar eleitores em Pernambuco.\" \/>\n<meta name=\"robots\" content=\"index, follow, max-snippet:-1, max-image-preview:large, max-video-preview:-1\" \/>\n<link rel=\"canonical\" href=\"https:\/\/ellotv.com.br\/site\/2026\/04\/14\/tre-pe-suspende-pesquisa-verita\/\" \/>\n<meta property=\"og:locale\" content=\"pt_BR\" \/>\n<meta property=\"og:type\" content=\"article\" \/>\n<meta property=\"og:title\" content=\"TRE-PE suspende pesquisa Verit\u00e1 - Ello TV\" \/>\n<meta property=\"og:description\" content=\"TRE-PE suspende pesquisa eleitoral do Instituto Verit\u00e1 por falhas metodol\u00f3gicas e risco de influenciar eleitores em Pernambuco.\" \/>\n<meta property=\"og:url\" content=\"https:\/\/ellotv.com.br\/site\/2026\/04\/14\/tre-pe-suspende-pesquisa-verita\/\" \/>\n<meta property=\"og:site_name\" content=\"Ello TV\" \/>\n<meta property=\"article:published_time\" content=\"2026-04-14T11:33:42+00:00\" \/>\n<meta property=\"og:image\" content=\"https:\/\/ellotv.com.br\/site\/wp-content\/uploads\/2026\/04\/Group-48-3-1024x737-1-1.png\" \/>\n\t<meta property=\"og:image:width\" content=\"1024\" \/>\n\t<meta property=\"og:image:height\" content=\"737\" \/>\n\t<meta property=\"og:image:type\" content=\"image\/png\" \/>\n<meta name=\"author\" content=\"ELLO TV\" \/>\n<meta name=\"twitter:card\" content=\"summary_large_image\" \/>\n<meta name=\"twitter:label1\" content=\"Escrito por\" \/>\n\t<meta name=\"twitter:data1\" content=\"ELLO TV\" \/>\n\t<meta name=\"twitter:label2\" content=\"Est. tempo de leitura\" \/>\n\t<meta name=\"twitter:data2\" content=\"1 minuto\" \/>\n<script type=\"application\/ld+json\" class=\"yoast-schema-graph\">{\"@context\":\"https:\\\/\\\/schema.org\",\"@graph\":[{\"@type\":\"Article\",\"@id\":\"https:\\\/\\\/ellotv.com.br\\\/site\\\/2026\\\/04\\\/14\\\/tre-pe-suspende-pesquisa-verita\\\/#article\",\"isPartOf\":{\"@id\":\"https:\\\/\\\/ellotv.com.br\\\/site\\\/2026\\\/04\\\/14\\\/tre-pe-suspende-pesquisa-verita\\\/\"},\"author\":{\"name\":\"ELLO TV\",\"@id\":\"https:\\\/\\\/ellotv.com.br\\\/site\\\/#\\\/schema\\\/person\\\/2dbe3abaee38dcc7332fc8205cd2b15d\"},\"headline\":\"TRE-PE suspende pesquisa Verit\u00e1\",\"datePublished\":\"2026-04-14T11:33:42+00:00\",\"mainEntityOfPage\":{\"@id\":\"https:\\\/\\\/ellotv.com.br\\\/site\\\/2026\\\/04\\\/14\\\/tre-pe-suspende-pesquisa-verita\\\/\"},\"wordCount\":183,\"commentCount\":0,\"publisher\":{\"@id\":\"https:\\\/\\\/ellotv.com.br\\\/site\\\/#organization\"},\"image\":{\"@id\":\"https:\\\/\\\/ellotv.com.br\\\/site\\\/2026\\\/04\\\/14\\\/tre-pe-suspende-pesquisa-verita\\\/#primaryimage\"},\"thumbnailUrl\":\"https:\\\/\\\/ellotv.com.br\\\/site\\\/wp-content\\\/uploads\\\/2026\\\/04\\\/Group-48-3-1024x737-1-1.png\",\"articleSection\":[\"Noticias\",\"Regional\"],\"inLanguage\":\"pt-BR\",\"potentialAction\":[{\"@type\":\"CommentAction\",\"name\":\"Comment\",\"target\":[\"https:\\\/\\\/ellotv.com.br\\\/site\\\/2026\\\/04\\\/14\\\/tre-pe-suspende-pesquisa-verita\\\/#respond\"]}]},{\"@type\":\"WebPage\",\"@id\":\"https:\\\/\\\/ellotv.com.br\\\/site\\\/2026\\\/04\\\/14\\\/tre-pe-suspende-pesquisa-verita\\\/\",\"url\":\"https:\\\/\\\/ellotv.com.br\\\/site\\\/2026\\\/04\\\/14\\\/tre-pe-suspende-pesquisa-verita\\\/\",\"name\":\"TRE-PE suspende pesquisa Verit\u00e1 - Ello TV\",\"isPartOf\":{\"@id\":\"https:\\\/\\\/ellotv.com.br\\\/site\\\/#website\"},\"primaryImageOfPage\":{\"@id\":\"https:\\\/\\\/ellotv.com.br\\\/site\\\/2026\\\/04\\\/14\\\/tre-pe-suspende-pesquisa-verita\\\/#primaryimage\"},\"image\":{\"@id\":\"https:\\\/\\\/ellotv.com.br\\\/site\\\/2026\\\/04\\\/14\\\/tre-pe-suspende-pesquisa-verita\\\/#primaryimage\"},\"thumbnailUrl\":\"https:\\\/\\\/ellotv.com.br\\\/site\\\/wp-content\\\/uploads\\\/2026\\\/04\\\/Group-48-3-1024x737-1-1.png\",\"datePublished\":\"2026-04-14T11:33:42+00:00\",\"description\":\"TRE-PE suspende pesquisa eleitoral do Instituto Verit\u00e1 por falhas metodol\u00f3gicas e risco de influenciar eleitores em Pernambuco.\",\"breadcrumb\":{\"@id\":\"https:\\\/\\\/ellotv.com.br\\\/site\\\/2026\\\/04\\\/14\\\/tre-pe-suspende-pesquisa-verita\\\/#breadcrumb\"},\"inLanguage\":\"pt-BR\",\"potentialAction\":[{\"@type\":\"ReadAction\",\"target\":[\"https:\\\/\\\/ellotv.com.br\\\/site\\\/2026\\\/04\\\/14\\\/tre-pe-suspende-pesquisa-verita\\\/\"]}]},{\"@type\":\"ImageObject\",\"inLanguage\":\"pt-BR\",\"@id\":\"https:\\\/\\\/ellotv.com.br\\\/site\\\/2026\\\/04\\\/14\\\/tre-pe-suspende-pesquisa-verita\\\/#primaryimage\",\"url\":\"https:\\\/\\\/ellotv.com.br\\\/site\\\/wp-content\\\/uploads\\\/2026\\\/04\\\/Group-48-3-1024x737-1-1.png\",\"contentUrl\":\"https:\\\/\\\/ellotv.com.br\\\/site\\\/wp-content\\\/uploads\\\/2026\\\/04\\\/Group-48-3-1024x737-1-1.png\",\"width\":1024,\"height\":737},{\"@type\":\"BreadcrumbList\",\"@id\":\"https:\\\/\\\/ellotv.com.br\\\/site\\\/2026\\\/04\\\/14\\\/tre-pe-suspende-pesquisa-verita\\\/#breadcrumb\",\"itemListElement\":[{\"@type\":\"ListItem\",\"position\":1,\"name\":\"In\u00edcio\",\"item\":\"https:\\\/\\\/ellotv.com.br\\\/site\\\/\"},{\"@type\":\"ListItem\",\"position\":2,\"name\":\"TRE-PE suspende pesquisa Verit\u00e1\"}]},{\"@type\":\"WebSite\",\"@id\":\"https:\\\/\\\/ellotv.com.br\\\/site\\\/#website\",\"url\":\"https:\\\/\\\/ellotv.com.br\\\/site\\\/\",\"name\":\"ELLO TV\",\"description\":\"\",\"publisher\":{\"@id\":\"https:\\\/\\\/ellotv.com.br\\\/site\\\/#organization\"},\"potentialAction\":[{\"@type\":\"SearchAction\",\"target\":{\"@type\":\"EntryPoint\",\"urlTemplate\":\"https:\\\/\\\/ellotv.com.br\\\/site\\\/?s={search_term_string}\"},\"query-input\":{\"@type\":\"PropertyValueSpecification\",\"valueRequired\":true,\"valueName\":\"search_term_string\"}}],\"inLanguage\":\"pt-BR\"},{\"@type\":\"Organization\",\"@id\":\"https:\\\/\\\/ellotv.com.br\\\/site\\\/#organization\",\"name\":\"ELLO TV\",\"url\":\"https:\\\/\\\/ellotv.com.br\\\/site\\\/\",\"logo\":{\"@type\":\"ImageObject\",\"inLanguage\":\"pt-BR\",\"@id\":\"https:\\\/\\\/ellotv.com.br\\\/site\\\/#\\\/schema\\\/logo\\\/image\\\/\",\"url\":\"https:\\\/\\\/ellotv.com.br\\\/site\\\/wp-content\\\/uploads\\\/2025\\\/11\\\/ello-logo-2.fw_.png\",\"contentUrl\":\"https:\\\/\\\/ellotv.com.br\\\/site\\\/wp-content\\\/uploads\\\/2025\\\/11\\\/ello-logo-2.fw_.png\",\"width\":400,\"height\":146,\"caption\":\"ELLO TV\"},\"image\":{\"@id\":\"https:\\\/\\\/ellotv.com.br\\\/site\\\/#\\\/schema\\\/logo\\\/image\\\/\"}},{\"@type\":\"Person\",\"@id\":\"https:\\\/\\\/ellotv.com.br\\\/site\\\/#\\\/schema\\\/person\\\/2dbe3abaee38dcc7332fc8205cd2b15d\",\"name\":\"ELLO TV\",\"image\":{\"@type\":\"ImageObject\",\"inLanguage\":\"pt-BR\",\"@id\":\"https:\\\/\\\/secure.gravatar.com\\\/avatar\\\/c38242b9da8ec217ac3f0aaee31a54f7d7befb11b2b47fdbc8fb0fad60afa1c6?s=96&d=mm&r=g\",\"url\":\"https:\\\/\\\/secure.gravatar.com\\\/avatar\\\/c38242b9da8ec217ac3f0aaee31a54f7d7befb11b2b47fdbc8fb0fad60afa1c6?s=96&d=mm&r=g\",\"contentUrl\":\"https:\\\/\\\/secure.gravatar.com\\\/avatar\\\/c38242b9da8ec217ac3f0aaee31a54f7d7befb11b2b47fdbc8fb0fad60afa1c6?s=96&d=mm&r=g\",\"caption\":\"ELLO TV\"},\"url\":\"https:\\\/\\\/ellotv.com.br\\\/site\\\/author\\\/elloagencia\\\/\"}]}<\/script>\n<!-- \/ Yoast SEO plugin. -->","yoast_head_json":{"title":"TRE-PE suspende pesquisa Verit\u00e1 - Ello TV","description":"TRE-PE suspende pesquisa eleitoral do Instituto Verit\u00e1 por falhas metodol\u00f3gicas e risco de influenciar eleitores em Pernambuco.","robots":{"index":"index","follow":"follow","max-snippet":"max-snippet:-1","max-image-preview":"max-image-preview:large","max-video-preview":"max-video-preview:-1"},"canonical":"https:\/\/ellotv.com.br\/site\/2026\/04\/14\/tre-pe-suspende-pesquisa-verita\/","og_locale":"pt_BR","og_type":"article","og_title":"TRE-PE suspende pesquisa Verit\u00e1 - Ello TV","og_description":"TRE-PE suspende pesquisa eleitoral do Instituto Verit\u00e1 por falhas metodol\u00f3gicas e risco de influenciar eleitores em Pernambuco.","og_url":"https:\/\/ellotv.com.br\/site\/2026\/04\/14\/tre-pe-suspende-pesquisa-verita\/","og_site_name":"Ello TV","article_published_time":"2026-04-14T11:33:42+00:00","og_image":[{"width":1024,"height":737,"url":"https:\/\/ellotv.com.br\/site\/wp-content\/uploads\/2026\/04\/Group-48-3-1024x737-1-1.png","type":"image\/png"}],"author":"ELLO TV","twitter_card":"summary_large_image","twitter_misc":{"Escrito por":"ELLO TV","Est. tempo de leitura":"1 minuto"},"schema":{"@context":"https:\/\/schema.org","@graph":[{"@type":"Article","@id":"https:\/\/ellotv.com.br\/site\/2026\/04\/14\/tre-pe-suspende-pesquisa-verita\/#article","isPartOf":{"@id":"https:\/\/ellotv.com.br\/site\/2026\/04\/14\/tre-pe-suspende-pesquisa-verita\/"},"author":{"name":"ELLO TV","@id":"https:\/\/ellotv.com.br\/site\/#\/schema\/person\/2dbe3abaee38dcc7332fc8205cd2b15d"},"headline":"TRE-PE suspende pesquisa Verit\u00e1","datePublished":"2026-04-14T11:33:42+00:00","mainEntityOfPage":{"@id":"https:\/\/ellotv.com.br\/site\/2026\/04\/14\/tre-pe-suspende-pesquisa-verita\/"},"wordCount":183,"commentCount":0,"publisher":{"@id":"https:\/\/ellotv.com.br\/site\/#organization"},"image":{"@id":"https:\/\/ellotv.com.br\/site\/2026\/04\/14\/tre-pe-suspende-pesquisa-verita\/#primaryimage"},"thumbnailUrl":"https:\/\/ellotv.com.br\/site\/wp-content\/uploads\/2026\/04\/Group-48-3-1024x737-1-1.png","articleSection":["Noticias","Regional"],"inLanguage":"pt-BR","potentialAction":[{"@type":"CommentAction","name":"Comment","target":["https:\/\/ellotv.com.br\/site\/2026\/04\/14\/tre-pe-suspende-pesquisa-verita\/#respond"]}]},{"@type":"WebPage","@id":"https:\/\/ellotv.com.br\/site\/2026\/04\/14\/tre-pe-suspende-pesquisa-verita\/","url":"https:\/\/ellotv.com.br\/site\/2026\/04\/14\/tre-pe-suspende-pesquisa-verita\/","name":"TRE-PE suspende pesquisa Verit\u00e1 - Ello TV","isPartOf":{"@id":"https:\/\/ellotv.com.br\/site\/#website"},"primaryImageOfPage":{"@id":"https:\/\/ellotv.com.br\/site\/2026\/04\/14\/tre-pe-suspende-pesquisa-verita\/#primaryimage"},"image":{"@id":"https:\/\/ellotv.com.br\/site\/2026\/04\/14\/tre-pe-suspende-pesquisa-verita\/#primaryimage"},"thumbnailUrl":"https:\/\/ellotv.com.br\/site\/wp-content\/uploads\/2026\/04\/Group-48-3-1024x737-1-1.png","datePublished":"2026-04-14T11:33:42+00:00","description":"TRE-PE suspende pesquisa eleitoral do Instituto Verit\u00e1 por falhas metodol\u00f3gicas e risco de influenciar eleitores em Pernambuco.","breadcrumb":{"@id":"https:\/\/ellotv.com.br\/site\/2026\/04\/14\/tre-pe-suspende-pesquisa-verita\/#breadcrumb"},"inLanguage":"pt-BR","potentialAction":[{"@type":"ReadAction","target":["https:\/\/ellotv.com.br\/site\/2026\/04\/14\/tre-pe-suspende-pesquisa-verita\/"]}]},{"@type":"ImageObject","inLanguage":"pt-BR","@id":"https:\/\/ellotv.com.br\/site\/2026\/04\/14\/tre-pe-suspende-pesquisa-verita\/#primaryimage","url":"https:\/\/ellotv.com.br\/site\/wp-content\/uploads\/2026\/04\/Group-48-3-1024x737-1-1.png","contentUrl":"https:\/\/ellotv.com.br\/site\/wp-content\/uploads\/2026\/04\/Group-48-3-1024x737-1-1.png","width":1024,"height":737},{"@type":"BreadcrumbList","@id":"https:\/\/ellotv.com.br\/site\/2026\/04\/14\/tre-pe-suspende-pesquisa-verita\/#breadcrumb","itemListElement":[{"@type":"ListItem","position":1,"name":"In\u00edcio","item":"https:\/\/ellotv.com.br\/site\/"},{"@type":"ListItem","position":2,"name":"TRE-PE suspende pesquisa Verit\u00e1"}]},{"@type":"WebSite","@id":"https:\/\/ellotv.com.br\/site\/#website","url":"https:\/\/ellotv.com.br\/site\/","name":"ELLO TV","description":"","publisher":{"@id":"https:\/\/ellotv.com.br\/site\/#organization"},"potentialAction":[{"@type":"SearchAction","target":{"@type":"EntryPoint","urlTemplate":"https:\/\/ellotv.com.br\/site\/?s={search_term_string}"},"query-input":{"@type":"PropertyValueSpecification","valueRequired":true,"valueName":"search_term_string"}}],"inLanguage":"pt-BR"},{"@type":"Organization","@id":"https:\/\/ellotv.com.br\/site\/#organization","name":"ELLO TV","url":"https:\/\/ellotv.com.br\/site\/","logo":{"@type":"ImageObject","inLanguage":"pt-BR","@id":"https:\/\/ellotv.com.br\/site\/#\/schema\/logo\/image\/","url":"https:\/\/ellotv.com.br\/site\/wp-content\/uploads\/2025\/11\/ello-logo-2.fw_.png","contentUrl":"https:\/\/ellotv.com.br\/site\/wp-content\/uploads\/2025\/11\/ello-logo-2.fw_.png","width":400,"height":146,"caption":"ELLO TV"},"image":{"@id":"https:\/\/ellotv.com.br\/site\/#\/schema\/logo\/image\/"}},{"@type":"Person","@id":"https:\/\/ellotv.com.br\/site\/#\/schema\/person\/2dbe3abaee38dcc7332fc8205cd2b15d","name":"ELLO TV","image":{"@type":"ImageObject","inLanguage":"pt-BR","@id":"https:\/\/secure.gravatar.com\/avatar\/c38242b9da8ec217ac3f0aaee31a54f7d7befb11b2b47fdbc8fb0fad60afa1c6?s=96&d=mm&r=g","url":"https:\/\/secure.gravatar.com\/avatar\/c38242b9da8ec217ac3f0aaee31a54f7d7befb11b2b47fdbc8fb0fad60afa1c6?s=96&d=mm&r=g","contentUrl":"https:\/\/secure.gravatar.com\/avatar\/c38242b9da8ec217ac3f0aaee31a54f7d7befb11b2b47fdbc8fb0fad60afa1c6?s=96&d=mm&r=g","caption":"ELLO TV"},"url":"https:\/\/ellotv.com.br\/site\/author\/elloagencia\/"}]}},"featured_image_urls":{"full":["https:\/\/ellotv.com.br\/site\/wp-content\/uploads\/2026\/04\/Group-48-3-1024x737-1-1.png",1024,737,false],"thumbnail":["https:\/\/ellotv.com.br\/site\/wp-content\/uploads\/2026\/04\/Group-48-3-1024x737-1-1-150x150.png",150,150,true],"medium":["https:\/\/ellotv.com.br\/site\/wp-content\/uploads\/2026\/04\/Group-48-3-1024x737-1-1-300x216.png",300,216,true],"medium_large":["https:\/\/ellotv.com.br\/site\/wp-content\/uploads\/2026\/04\/Group-48-3-1024x737-1-1-768x553.png",640,461,true],"large":["https:\/\/ellotv.com.br\/site\/wp-content\/uploads\/2026\/04\/Group-48-3-1024x737-1-1.png",640,461,false],"1536x1536":["https:\/\/ellotv.com.br\/site\/wp-content\/uploads\/2026\/04\/Group-48-3-1024x737-1-1.png",1024,737,false],"2048x2048":["https:\/\/ellotv.com.br\/site\/wp-content\/uploads\/2026\/04\/Group-48-3-1024x737-1-1.png",1024,737,false],"darknews-slider-full":["https:\/\/ellotv.com.br\/site\/wp-content\/uploads\/2026\/04\/Group-48-3-1024x737-1-1-1024x720.png",1024,720,true],"darknews-featured":["https:\/\/ellotv.com.br\/site\/wp-content\/uploads\/2026\/04\/Group-48-3-1024x737-1-1.png",1024,737,false],"darknews-medium":["https:\/\/ellotv.com.br\/site\/wp-content\/uploads\/2026\/04\/Group-48-3-1024x737-1-1-720x530.png",720,530,true],"darknews-medium-square":["https:\/\/ellotv.com.br\/site\/wp-content\/uploads\/2026\/04\/Group-48-3-1024x737-1-1-350x350.png",350,350,true]},"author_info":{"info":["ELLO TV"]},"category_info":"<a href=\"https:\/\/ellotv.com.br\/site\/category\/noticias\/\" rel=\"category tag\">Noticias<\/a> <a href=\"https:\/\/ellotv.com.br\/site\/category\/regional\/\" rel=\"category tag\">Regional<\/a>","tag_info":"Regional","comment_count":"0","_links":{"self":[{"href":"https:\/\/ellotv.com.br\/site\/wp-json\/wp\/v2\/posts\/5679","targetHints":{"allow":["GET"]}}],"collection":[{"href":"https:\/\/ellotv.com.br\/site\/wp-json\/wp\/v2\/posts"}],"about":[{"href":"https:\/\/ellotv.com.br\/site\/wp-json\/wp\/v2\/types\/post"}],"author":[{"embeddable":true,"href":"https:\/\/ellotv.com.br\/site\/wp-json\/wp\/v2\/users\/2"}],"replies":[{"embeddable":true,"href":"https:\/\/ellotv.com.br\/site\/wp-json\/wp\/v2\/comments?post=5679"}],"version-history":[{"count":1,"href":"https:\/\/ellotv.com.br\/site\/wp-json\/wp\/v2\/posts\/5679\/revisions"}],"predecessor-version":[{"id":5680,"href":"https:\/\/ellotv.com.br\/site\/wp-json\/wp\/v2\/posts\/5679\/revisions\/5680"}],"wp:featuredmedia":[{"embeddable":true,"href":"https:\/\/ellotv.com.br\/site\/wp-json\/wp\/v2\/media\/5608"}],"wp:attachment":[{"href":"https:\/\/ellotv.com.br\/site\/wp-json\/wp\/v2\/media?parent=5679"}],"wp:term":[{"taxonomy":"category","embeddable":true,"href":"https:\/\/ellotv.com.br\/site\/wp-json\/wp\/v2\/categories?post=5679"},{"taxonomy":"post_tag","embeddable":true,"href":"https:\/\/ellotv.com.br\/site\/wp-json\/wp\/v2\/tags?post=5679"}],"curies":[{"name":"wp","href":"https:\/\/api.w.org\/{rel}","templated":true}]}}