{"id":5687,"date":"2026-04-15T14:27:32","date_gmt":"2026-04-15T17:27:32","guid":{"rendered":"https:\/\/ellotv.com.br\/site\/?p=5687"},"modified":"2026-04-15T14:27:32","modified_gmt":"2026-04-15T17:27:32","slug":"novo-corolla-pode-ganhar-versao-eletrica-e-design-mais-ousado","status":"publish","type":"post","link":"https:\/\/ellotv.com.br\/site\/2026\/04\/15\/novo-corolla-pode-ganhar-versao-eletrica-e-design-mais-ousado\/","title":{"rendered":"Novo Corolla pode ganhar vers\u00e3o el\u00e9trica e design mais ousado"},"content":{"rendered":"<p data-start=\"67\" data-end=\"333\">O <span class=\"hover:entity-accent entity-underline inline cursor-pointer align-baseline\"><span class=\"whitespace-normal\">Toyota Corolla<\/span><\/span> pode passar por uma das maiores transforma\u00e7\u00f5es de sua hist\u00f3ria na pr\u00f3xima gera\u00e7\u00e3o. A proposta inclui um visual mais arrojado, novas op\u00e7\u00f5es de motoriza\u00e7\u00e3o e, pela primeira vez, a possibilidade de uma vers\u00e3o totalmente el\u00e9trica.<\/p>\n<p data-start=\"335\" data-end=\"501\">A <span class=\"hover:entity-accent entity-underline inline cursor-pointer align-baseline\"><span class=\"whitespace-normal\">Toyota<\/span><\/span> apresentou o conceito do modelo durante o <span class=\"hover:entity-accent entity-underline inline cursor-pointer align-baseline\"><span class=\"whitespace-normal\">Sal\u00e3o do Autom\u00f3vel de T\u00f3quio<\/span><\/span>, indicando os caminhos para o futuro do carro.<\/p>\n<h3 data-section-id=\"o54t4u\" data-start=\"503\" data-end=\"538\">\ud83d\ude97 Design mais moderno e ousado<\/h3>\n<p data-start=\"540\" data-end=\"576\">O chamado Corolla Concept aposta em:<\/p>\n<ul data-start=\"577\" data-end=\"710\">\n<li data-section-id=\"hg1cab\" data-start=\"577\" data-end=\"603\">Linhas mais agressivas<\/li>\n<li data-section-id=\"bpgdl1\" data-start=\"604\" data-end=\"641\">Ilumina\u00e7\u00e3o em LED de perfil baixo<\/li>\n<li data-section-id=\"1ktcira\" data-start=\"642\" data-end=\"682\">Rodas maiores e elementos futuristas<\/li>\n<li data-section-id=\"1k07h5e\" data-start=\"683\" data-end=\"710\">Retrovisores ultrafinos<\/li>\n<\/ul>\n<p data-start=\"712\" data-end=\"800\">O visual refor\u00e7a uma proposta mais moderna, alinhada \u00e0s tend\u00eancias globais da ind\u00fastria.<\/p>\n<h3 data-section-id=\"1o6jm63\" data-start=\"802\" data-end=\"833\">\u26a1 Ind\u00edcios de eletrifica\u00e7\u00e3o<\/h3>\n<p data-start=\"835\" data-end=\"1054\">O conceito tamb\u00e9m traz sinais claros de eletrifica\u00e7\u00e3o, com poss\u00edveis indicadores de bateria integrados ao design. A expectativa \u00e9 que a pr\u00f3xima gera\u00e7\u00e3o amplie as op\u00e7\u00f5es h\u00edbridas e possa incluir uma vers\u00e3o 100% el\u00e9trica.<\/p>\n<h3 data-section-id=\"1cqylpi\" data-start=\"1056\" data-end=\"1083\">\ud83e\udde0 Interior tecnol\u00f3gico<\/h3>\n<p data-start=\"1085\" data-end=\"1126\">No interior, o modelo aposta em inova\u00e7\u00e3o:<\/p>\n<ul data-start=\"1127\" data-end=\"1262\">\n<li data-section-id=\"gtyzto\" data-start=\"1127\" data-end=\"1176\">Painel compacto integrado \u00e0 coluna de dire\u00e7\u00e3o<\/li>\n<li data-section-id=\"t43m3e\" data-start=\"1177\" data-end=\"1214\">Tela sens\u00edvel ao toque expans\u00edvel<\/li>\n<li data-section-id=\"ueh5ac\" data-start=\"1215\" data-end=\"1262\">Foco em conectividade e experi\u00eancia digital<\/li>\n<\/ul>\n<p data-start=\"1264\" data-end=\"1328\">A proposta refor\u00e7a o avan\u00e7o tecnol\u00f3gico dentro da linha Corolla.<\/p>\n<h3 data-section-id=\"1h5mj9g\" data-start=\"1330\" data-end=\"1355\">\ud83c\udf31 Futuro sustent\u00e1vel<\/h3>\n<p data-start=\"1357\" data-end=\"1588\">Ainda sem data oficial de lan\u00e7amento, a nova gera\u00e7\u00e3o deve acompanhar as mudan\u00e7as do mercado automotivo global, com maior presen\u00e7a de tecnologias sustent\u00e1veis \u2014 mesmo que parte do design conceitual seja adaptada para a vers\u00e3o final.<\/p>\n<p data-start=\"1357\" data-end=\"1588\"><img fetchpriority=\"high\" decoding=\"async\" class=\"aligncenter wp-image-5689 size-full\" src=\"https:\/\/ellotv.com.br\/site\/wp-content\/uploads\/2026\/04\/WhatsApp-Image-2026-04-15-at-11.45.12-1.jpeg\" alt=\"\" width=\"1080\" height=\"1350\" srcset=\"https:\/\/ellotv.com.br\/site\/wp-content\/uploads\/2026\/04\/WhatsApp-Image-2026-04-15-at-11.45.12-1.jpeg 1080w, https:\/\/ellotv.com.br\/site\/wp-content\/uploads\/2026\/04\/WhatsApp-Image-2026-04-15-at-11.45.12-1-240x300.jpeg 240w, https:\/\/ellotv.com.br\/site\/wp-content\/uploads\/2026\/04\/WhatsApp-Image-2026-04-15-at-11.45.12-1-819x1024.jpeg 819w, https:\/\/ellotv.com.br\/site\/wp-content\/uploads\/2026\/04\/WhatsApp-Image-2026-04-15-at-11.45.12-1-768x960.jpeg 768w, https:\/\/ellotv.com.br\/site\/wp-content\/uploads\/2026\/04\/WhatsApp-Image-2026-04-15-at-11.45.12-1-1024x1280.jpeg 1024w\" sizes=\"(max-width: 1080px) 100vw, 1080px\" \/> <img decoding=\"async\" class=\"aligncenter wp-image-5690 size-full\" src=\"https:\/\/ellotv.com.br\/site\/wp-content\/uploads\/2026\/04\/WhatsApp-Image-2026-04-15-at-11.45.12-2.jpeg\" alt=\"\" width=\"1080\" height=\"1350\" srcset=\"https:\/\/ellotv.com.br\/site\/wp-content\/uploads\/2026\/04\/WhatsApp-Image-2026-04-15-at-11.45.12-2.jpeg 1080w, https:\/\/ellotv.com.br\/site\/wp-content\/uploads\/2026\/04\/WhatsApp-Image-2026-04-15-at-11.45.12-2-240x300.jpeg 240w, https:\/\/ellotv.com.br\/site\/wp-content\/uploads\/2026\/04\/WhatsApp-Image-2026-04-15-at-11.45.12-2-819x1024.jpeg 819w, https:\/\/ellotv.com.br\/site\/wp-content\/uploads\/2026\/04\/WhatsApp-Image-2026-04-15-at-11.45.12-2-768x960.jpeg 768w, https:\/\/ellotv.com.br\/site\/wp-content\/uploads\/2026\/04\/WhatsApp-Image-2026-04-15-at-11.45.12-2-1024x1280.jpeg 1024w\" sizes=\"(max-width: 1080px) 100vw, 1080px\" \/> <img decoding=\"async\" class=\"aligncenter wp-image-5691 size-full\" src=\"https:\/\/ellotv.com.br\/site\/wp-content\/uploads\/2026\/04\/WhatsApp-Image-2026-04-15-at-11.45.12.jpeg\" alt=\"\" width=\"1080\" height=\"1350\" srcset=\"https:\/\/ellotv.com.br\/site\/wp-content\/uploads\/2026\/04\/WhatsApp-Image-2026-04-15-at-11.45.12.jpeg 1080w, https:\/\/ellotv.com.br\/site\/wp-content\/uploads\/2026\/04\/WhatsApp-Image-2026-04-15-at-11.45.12-240x300.jpeg 240w, https:\/\/ellotv.com.br\/site\/wp-content\/uploads\/2026\/04\/WhatsApp-Image-2026-04-15-at-11.45.12-819x1024.jpeg 819w, https:\/\/ellotv.com.br\/site\/wp-content\/uploads\/2026\/04\/WhatsApp-Image-2026-04-15-at-11.45.12-768x960.jpeg 768w, https:\/\/ellotv.com.br\/site\/wp-content\/uploads\/2026\/04\/WhatsApp-Image-2026-04-15-at-11.45.12-1024x1280.jpeg 1024w\" sizes=\"(max-width: 1080px) 100vw, 1080px\" \/><\/p>\n","protected":false},"excerpt":{"rendered":"<p>O Toyota Corolla pode passar por uma das maiores transforma\u00e7\u00f5es de sua hist\u00f3ria na pr\u00f3xima gera\u00e7\u00e3o. A proposta<\/p>\n","protected":false},"author":2,"featured_media":5688,"comment_status":"open","ping_status":"open","sticky":false,"template":"","format":"standard","meta":{"footnotes":""},"categories":[10,12],"tags":[],"class_list":["post-5687","post","type-post","status-publish","format-standard","has-post-thumbnail","hentry","category-mundo","category-noticias"],"yoast_head":"<!-- This site is optimized with the Yoast SEO plugin v28.3 - https:\/\/yoast.com\/product\/yoast-seo-wordpress\/ -->\n<title>Novo Corolla pode ganhar vers\u00e3o el\u00e9trica e design mais ousado - Ello TV<\/title>\n<meta name=\"description\" content=\"Toyota Corolla pode ganhar vers\u00e3o el\u00e9trica na pr\u00f3xima gera\u00e7\u00e3o, com novo design, tecnologia avan\u00e7ada e foco em sustentabilidade.\" \/>\n<meta name=\"robots\" content=\"index, follow, max-snippet:-1, max-image-preview:large, max-video-preview:-1\" \/>\n<link rel=\"canonical\" href=\"https:\/\/ellotv.com.br\/site\/2026\/04\/15\/novo-corolla-pode-ganhar-versao-eletrica-e-design-mais-ousado\/\" \/>\n<meta property=\"og:locale\" content=\"pt_BR\" \/>\n<meta property=\"og:type\" content=\"article\" \/>\n<meta property=\"og:title\" content=\"Novo Corolla pode ganhar vers\u00e3o el\u00e9trica e design mais ousado - Ello TV\" \/>\n<meta property=\"og:description\" content=\"Toyota Corolla pode ganhar vers\u00e3o el\u00e9trica na pr\u00f3xima gera\u00e7\u00e3o, com novo design, tecnologia avan\u00e7ada e foco em sustentabilidade.\" \/>\n<meta property=\"og:url\" content=\"https:\/\/ellotv.com.br\/site\/2026\/04\/15\/novo-corolla-pode-ganhar-versao-eletrica-e-design-mais-ousado\/\" \/>\n<meta property=\"og:site_name\" content=\"Ello TV\" \/>\n<meta property=\"article:published_time\" content=\"2026-04-15T17:27:32+00:00\" \/>\n<meta property=\"og:image\" content=\"https:\/\/ellotv.com.br\/site\/wp-content\/uploads\/2026\/04\/WhatsApp-Image-2026-04-15-at-11.45.11.jpeg\" \/>\n\t<meta property=\"og:image:width\" content=\"1080\" \/>\n\t<meta property=\"og:image:height\" content=\"1350\" \/>\n\t<meta property=\"og:image:type\" content=\"image\/jpeg\" \/>\n<meta name=\"author\" content=\"ELLO TV\" \/>\n<meta name=\"twitter:card\" content=\"summary_large_image\" \/>\n<meta name=\"twitter:label1\" content=\"Escrito por\" \/>\n\t<meta name=\"twitter:data1\" content=\"ELLO TV\" \/>\n\t<meta name=\"twitter:label2\" content=\"Est. tempo de leitura\" \/>\n\t<meta name=\"twitter:data2\" content=\"1 minuto\" \/>\n<script type=\"application\/ld+json\" class=\"yoast-schema-graph\">{\"@context\":\"https:\\\/\\\/schema.org\",\"@graph\":[{\"@type\":\"Article\",\"@id\":\"https:\\\/\\\/ellotv.com.br\\\/site\\\/2026\\\/04\\\/15\\\/novo-corolla-pode-ganhar-versao-eletrica-e-design-mais-ousado\\\/#article\",\"isPartOf\":{\"@id\":\"https:\\\/\\\/ellotv.com.br\\\/site\\\/2026\\\/04\\\/15\\\/novo-corolla-pode-ganhar-versao-eletrica-e-design-mais-ousado\\\/\"},\"author\":{\"name\":\"ELLO TV\",\"@id\":\"https:\\\/\\\/ellotv.com.br\\\/site\\\/#\\\/schema\\\/person\\\/2dbe3abaee38dcc7332fc8205cd2b15d\"},\"headline\":\"Novo Corolla pode ganhar vers\u00e3o el\u00e9trica e design mais ousado\",\"datePublished\":\"2026-04-15T17:27:32+00:00\",\"mainEntityOfPage\":{\"@id\":\"https:\\\/\\\/ellotv.com.br\\\/site\\\/2026\\\/04\\\/15\\\/novo-corolla-pode-ganhar-versao-eletrica-e-design-mais-ousado\\\/\"},\"wordCount\":262,\"commentCount\":0,\"publisher\":{\"@id\":\"https:\\\/\\\/ellotv.com.br\\\/site\\\/#organization\"},\"image\":{\"@id\":\"https:\\\/\\\/ellotv.com.br\\\/site\\\/2026\\\/04\\\/15\\\/novo-corolla-pode-ganhar-versao-eletrica-e-design-mais-ousado\\\/#primaryimage\"},\"thumbnailUrl\":\"https:\\\/\\\/ellotv.com.br\\\/site\\\/wp-content\\\/uploads\\\/2026\\\/04\\\/WhatsApp-Image-2026-04-15-at-11.45.11.jpeg\",\"articleSection\":[\"Mundo\",\"Noticias\"],\"inLanguage\":\"pt-BR\",\"potentialAction\":[{\"@type\":\"CommentAction\",\"name\":\"Comment\",\"target\":[\"https:\\\/\\\/ellotv.com.br\\\/site\\\/2026\\\/04\\\/15\\\/novo-corolla-pode-ganhar-versao-eletrica-e-design-mais-ousado\\\/#respond\"]}]},{\"@type\":\"WebPage\",\"@id\":\"https:\\\/\\\/ellotv.com.br\\\/site\\\/2026\\\/04\\\/15\\\/novo-corolla-pode-ganhar-versao-eletrica-e-design-mais-ousado\\\/\",\"url\":\"https:\\\/\\\/ellotv.com.br\\\/site\\\/2026\\\/04\\\/15\\\/novo-corolla-pode-ganhar-versao-eletrica-e-design-mais-ousado\\\/\",\"name\":\"Novo Corolla pode ganhar vers\u00e3o el\u00e9trica e design mais ousado - Ello TV\",\"isPartOf\":{\"@id\":\"https:\\\/\\\/ellotv.com.br\\\/site\\\/#website\"},\"primaryImageOfPage\":{\"@id\":\"https:\\\/\\\/ellotv.com.br\\\/site\\\/2026\\\/04\\\/15\\\/novo-corolla-pode-ganhar-versao-eletrica-e-design-mais-ousado\\\/#primaryimage\"},\"image\":{\"@id\":\"https:\\\/\\\/ellotv.com.br\\\/site\\\/2026\\\/04\\\/15\\\/novo-corolla-pode-ganhar-versao-eletrica-e-design-mais-ousado\\\/#primaryimage\"},\"thumbnailUrl\":\"https:\\\/\\\/ellotv.com.br\\\/site\\\/wp-content\\\/uploads\\\/2026\\\/04\\\/WhatsApp-Image-2026-04-15-at-11.45.11.jpeg\",\"datePublished\":\"2026-04-15T17:27:32+00:00\",\"description\":\"Toyota Corolla pode ganhar vers\u00e3o el\u00e9trica na pr\u00f3xima gera\u00e7\u00e3o, com novo design, tecnologia avan\u00e7ada e foco em sustentabilidade.\",\"breadcrumb\":{\"@id\":\"https:\\\/\\\/ellotv.com.br\\\/site\\\/2026\\\/04\\\/15\\\/novo-corolla-pode-ganhar-versao-eletrica-e-design-mais-ousado\\\/#breadcrumb\"},\"inLanguage\":\"pt-BR\",\"potentialAction\":[{\"@type\":\"ReadAction\",\"target\":[\"https:\\\/\\\/ellotv.com.br\\\/site\\\/2026\\\/04\\\/15\\\/novo-corolla-pode-ganhar-versao-eletrica-e-design-mais-ousado\\\/\"]}]},{\"@type\":\"ImageObject\",\"inLanguage\":\"pt-BR\",\"@id\":\"https:\\\/\\\/ellotv.com.br\\\/site\\\/2026\\\/04\\\/15\\\/novo-corolla-pode-ganhar-versao-eletrica-e-design-mais-ousado\\\/#primaryimage\",\"url\":\"https:\\\/\\\/ellotv.com.br\\\/site\\\/wp-content\\\/uploads\\\/2026\\\/04\\\/WhatsApp-Image-2026-04-15-at-11.45.11.jpeg\",\"contentUrl\":\"https:\\\/\\\/ellotv.com.br\\\/site\\\/wp-content\\\/uploads\\\/2026\\\/04\\\/WhatsApp-Image-2026-04-15-at-11.45.11.jpeg\",\"width\":1080,\"height\":1350},{\"@type\":\"BreadcrumbList\",\"@id\":\"https:\\\/\\\/ellotv.com.br\\\/site\\\/2026\\\/04\\\/15\\\/novo-corolla-pode-ganhar-versao-eletrica-e-design-mais-ousado\\\/#breadcrumb\",\"itemListElement\":[{\"@type\":\"ListItem\",\"position\":1,\"name\":\"In\u00edcio\",\"item\":\"https:\\\/\\\/ellotv.com.br\\\/site\\\/\"},{\"@type\":\"ListItem\",\"position\":2,\"name\":\"Novo Corolla pode ganhar vers\u00e3o el\u00e9trica e design mais ousado\"}]},{\"@type\":\"WebSite\",\"@id\":\"https:\\\/\\\/ellotv.com.br\\\/site\\\/#website\",\"url\":\"https:\\\/\\\/ellotv.com.br\\\/site\\\/\",\"name\":\"ELLO TV\",\"description\":\"\",\"publisher\":{\"@id\":\"https:\\\/\\\/ellotv.com.br\\\/site\\\/#organization\"},\"potentialAction\":[{\"@type\":\"SearchAction\",\"target\":{\"@type\":\"EntryPoint\",\"urlTemplate\":\"https:\\\/\\\/ellotv.com.br\\\/site\\\/?s={search_term_string}\"},\"query-input\":{\"@type\":\"PropertyValueSpecification\",\"valueRequired\":true,\"valueName\":\"search_term_string\"}}],\"inLanguage\":\"pt-BR\"},{\"@type\":\"Organization\",\"@id\":\"https:\\\/\\\/ellotv.com.br\\\/site\\\/#organization\",\"name\":\"ELLO TV\",\"url\":\"https:\\\/\\\/ellotv.com.br\\\/site\\\/\",\"logo\":{\"@type\":\"ImageObject\",\"inLanguage\":\"pt-BR\",\"@id\":\"https:\\\/\\\/ellotv.com.br\\\/site\\\/#\\\/schema\\\/logo\\\/image\\\/\",\"url\":\"https:\\\/\\\/ellotv.com.br\\\/site\\\/wp-content\\\/uploads\\\/2025\\\/11\\\/ello-logo-2.fw_.png\",\"contentUrl\":\"https:\\\/\\\/ellotv.com.br\\\/site\\\/wp-content\\\/uploads\\\/2025\\\/11\\\/ello-logo-2.fw_.png\",\"width\":400,\"height\":146,\"caption\":\"ELLO TV\"},\"image\":{\"@id\":\"https:\\\/\\\/ellotv.com.br\\\/site\\\/#\\\/schema\\\/logo\\\/image\\\/\"}},{\"@type\":\"Person\",\"@id\":\"https:\\\/\\\/ellotv.com.br\\\/site\\\/#\\\/schema\\\/person\\\/2dbe3abaee38dcc7332fc8205cd2b15d\",\"name\":\"ELLO TV\",\"image\":{\"@type\":\"ImageObject\",\"inLanguage\":\"pt-BR\",\"@id\":\"https:\\\/\\\/secure.gravatar.com\\\/avatar\\\/c38242b9da8ec217ac3f0aaee31a54f7d7befb11b2b47fdbc8fb0fad60afa1c6?s=96&d=mm&r=g\",\"url\":\"https:\\\/\\\/secure.gravatar.com\\\/avatar\\\/c38242b9da8ec217ac3f0aaee31a54f7d7befb11b2b47fdbc8fb0fad60afa1c6?s=96&d=mm&r=g\",\"contentUrl\":\"https:\\\/\\\/secure.gravatar.com\\\/avatar\\\/c38242b9da8ec217ac3f0aaee31a54f7d7befb11b2b47fdbc8fb0fad60afa1c6?s=96&d=mm&r=g\",\"caption\":\"ELLO TV\"},\"url\":\"https:\\\/\\\/ellotv.com.br\\\/site\\\/author\\\/elloagencia\\\/\"}]}<\/script>\n<!-- \/ Yoast SEO plugin. -->","yoast_head_json":{"title":"Novo Corolla pode ganhar vers\u00e3o el\u00e9trica e design mais ousado - Ello TV","description":"Toyota Corolla pode ganhar vers\u00e3o el\u00e9trica na pr\u00f3xima gera\u00e7\u00e3o, com novo design, tecnologia avan\u00e7ada e foco em sustentabilidade.","robots":{"index":"index","follow":"follow","max-snippet":"max-snippet:-1","max-image-preview":"max-image-preview:large","max-video-preview":"max-video-preview:-1"},"canonical":"https:\/\/ellotv.com.br\/site\/2026\/04\/15\/novo-corolla-pode-ganhar-versao-eletrica-e-design-mais-ousado\/","og_locale":"pt_BR","og_type":"article","og_title":"Novo Corolla pode ganhar vers\u00e3o el\u00e9trica e design mais ousado - Ello TV","og_description":"Toyota Corolla pode ganhar vers\u00e3o el\u00e9trica na pr\u00f3xima gera\u00e7\u00e3o, com novo design, tecnologia avan\u00e7ada e foco em sustentabilidade.","og_url":"https:\/\/ellotv.com.br\/site\/2026\/04\/15\/novo-corolla-pode-ganhar-versao-eletrica-e-design-mais-ousado\/","og_site_name":"Ello TV","article_published_time":"2026-04-15T17:27:32+00:00","og_image":[{"width":1080,"height":1350,"url":"https:\/\/ellotv.com.br\/site\/wp-content\/uploads\/2026\/04\/WhatsApp-Image-2026-04-15-at-11.45.11.jpeg","type":"image\/jpeg"}],"author":"ELLO TV","twitter_card":"summary_large_image","twitter_misc":{"Escrito por":"ELLO TV","Est. tempo de leitura":"1 minuto"},"schema":{"@context":"https:\/\/schema.org","@graph":[{"@type":"Article","@id":"https:\/\/ellotv.com.br\/site\/2026\/04\/15\/novo-corolla-pode-ganhar-versao-eletrica-e-design-mais-ousado\/#article","isPartOf":{"@id":"https:\/\/ellotv.com.br\/site\/2026\/04\/15\/novo-corolla-pode-ganhar-versao-eletrica-e-design-mais-ousado\/"},"author":{"name":"ELLO TV","@id":"https:\/\/ellotv.com.br\/site\/#\/schema\/person\/2dbe3abaee38dcc7332fc8205cd2b15d"},"headline":"Novo Corolla pode ganhar vers\u00e3o el\u00e9trica e design mais ousado","datePublished":"2026-04-15T17:27:32+00:00","mainEntityOfPage":{"@id":"https:\/\/ellotv.com.br\/site\/2026\/04\/15\/novo-corolla-pode-ganhar-versao-eletrica-e-design-mais-ousado\/"},"wordCount":262,"commentCount":0,"publisher":{"@id":"https:\/\/ellotv.com.br\/site\/#organization"},"image":{"@id":"https:\/\/ellotv.com.br\/site\/2026\/04\/15\/novo-corolla-pode-ganhar-versao-eletrica-e-design-mais-ousado\/#primaryimage"},"thumbnailUrl":"https:\/\/ellotv.com.br\/site\/wp-content\/uploads\/2026\/04\/WhatsApp-Image-2026-04-15-at-11.45.11.jpeg","articleSection":["Mundo","Noticias"],"inLanguage":"pt-BR","potentialAction":[{"@type":"CommentAction","name":"Comment","target":["https:\/\/ellotv.com.br\/site\/2026\/04\/15\/novo-corolla-pode-ganhar-versao-eletrica-e-design-mais-ousado\/#respond"]}]},{"@type":"WebPage","@id":"https:\/\/ellotv.com.br\/site\/2026\/04\/15\/novo-corolla-pode-ganhar-versao-eletrica-e-design-mais-ousado\/","url":"https:\/\/ellotv.com.br\/site\/2026\/04\/15\/novo-corolla-pode-ganhar-versao-eletrica-e-design-mais-ousado\/","name":"Novo Corolla pode ganhar vers\u00e3o el\u00e9trica e design mais ousado - Ello TV","isPartOf":{"@id":"https:\/\/ellotv.com.br\/site\/#website"},"primaryImageOfPage":{"@id":"https:\/\/ellotv.com.br\/site\/2026\/04\/15\/novo-corolla-pode-ganhar-versao-eletrica-e-design-mais-ousado\/#primaryimage"},"image":{"@id":"https:\/\/ellotv.com.br\/site\/2026\/04\/15\/novo-corolla-pode-ganhar-versao-eletrica-e-design-mais-ousado\/#primaryimage"},"thumbnailUrl":"https:\/\/ellotv.com.br\/site\/wp-content\/uploads\/2026\/04\/WhatsApp-Image-2026-04-15-at-11.45.11.jpeg","datePublished":"2026-04-15T17:27:32+00:00","description":"Toyota Corolla pode ganhar vers\u00e3o el\u00e9trica na pr\u00f3xima gera\u00e7\u00e3o, com novo design, tecnologia avan\u00e7ada e foco em sustentabilidade.","breadcrumb":{"@id":"https:\/\/ellotv.com.br\/site\/2026\/04\/15\/novo-corolla-pode-ganhar-versao-eletrica-e-design-mais-ousado\/#breadcrumb"},"inLanguage":"pt-BR","potentialAction":[{"@type":"ReadAction","target":["https:\/\/ellotv.com.br\/site\/2026\/04\/15\/novo-corolla-pode-ganhar-versao-eletrica-e-design-mais-ousado\/"]}]},{"@type":"ImageObject","inLanguage":"pt-BR","@id":"https:\/\/ellotv.com.br\/site\/2026\/04\/15\/novo-corolla-pode-ganhar-versao-eletrica-e-design-mais-ousado\/#primaryimage","url":"https:\/\/ellotv.com.br\/site\/wp-content\/uploads\/2026\/04\/WhatsApp-Image-2026-04-15-at-11.45.11.jpeg","contentUrl":"https:\/\/ellotv.com.br\/site\/wp-content\/uploads\/2026\/04\/WhatsApp-Image-2026-04-15-at-11.45.11.jpeg","width":1080,"height":1350},{"@type":"BreadcrumbList","@id":"https:\/\/ellotv.com.br\/site\/2026\/04\/15\/novo-corolla-pode-ganhar-versao-eletrica-e-design-mais-ousado\/#breadcrumb","itemListElement":[{"@type":"ListItem","position":1,"name":"In\u00edcio","item":"https:\/\/ellotv.com.br\/site\/"},{"@type":"ListItem","position":2,"name":"Novo Corolla pode ganhar vers\u00e3o el\u00e9trica e design mais ousado"}]},{"@type":"WebSite","@id":"https:\/\/ellotv.com.br\/site\/#website","url":"https:\/\/ellotv.com.br\/site\/","name":"ELLO TV","description":"","publisher":{"@id":"https:\/\/ellotv.com.br\/site\/#organization"},"potentialAction":[{"@type":"SearchAction","target":{"@type":"EntryPoint","urlTemplate":"https:\/\/ellotv.com.br\/site\/?s={search_term_string}"},"query-input":{"@type":"PropertyValueSpecification","valueRequired":true,"valueName":"search_term_string"}}],"inLanguage":"pt-BR"},{"@type":"Organization","@id":"https:\/\/ellotv.com.br\/site\/#organization","name":"ELLO TV","url":"https:\/\/ellotv.com.br\/site\/","logo":{"@type":"ImageObject","inLanguage":"pt-BR","@id":"https:\/\/ellotv.com.br\/site\/#\/schema\/logo\/image\/","url":"https:\/\/ellotv.com.br\/site\/wp-content\/uploads\/2025\/11\/ello-logo-2.fw_.png","contentUrl":"https:\/\/ellotv.com.br\/site\/wp-content\/uploads\/2025\/11\/ello-logo-2.fw_.png","width":400,"height":146,"caption":"ELLO TV"},"image":{"@id":"https:\/\/ellotv.com.br\/site\/#\/schema\/logo\/image\/"}},{"@type":"Person","@id":"https:\/\/ellotv.com.br\/site\/#\/schema\/person\/2dbe3abaee38dcc7332fc8205cd2b15d","name":"ELLO TV","image":{"@type":"ImageObject","inLanguage":"pt-BR","@id":"https:\/\/secure.gravatar.com\/avatar\/c38242b9da8ec217ac3f0aaee31a54f7d7befb11b2b47fdbc8fb0fad60afa1c6?s=96&d=mm&r=g","url":"https:\/\/secure.gravatar.com\/avatar\/c38242b9da8ec217ac3f0aaee31a54f7d7befb11b2b47fdbc8fb0fad60afa1c6?s=96&d=mm&r=g","contentUrl":"https:\/\/secure.gravatar.com\/avatar\/c38242b9da8ec217ac3f0aaee31a54f7d7befb11b2b47fdbc8fb0fad60afa1c6?s=96&d=mm&r=g","caption":"ELLO TV"},"url":"https:\/\/ellotv.com.br\/site\/author\/elloagencia\/"}]}},"featured_image_urls":{"full":["https:\/\/ellotv.com.br\/site\/wp-content\/uploads\/2026\/04\/WhatsApp-Image-2026-04-15-at-11.45.11.jpeg",1080,1350,false],"thumbnail":["https:\/\/ellotv.com.br\/site\/wp-content\/uploads\/2026\/04\/WhatsApp-Image-2026-04-15-at-11.45.11-150x150.jpeg",150,150,true],"medium":["https:\/\/ellotv.com.br\/site\/wp-content\/uploads\/2026\/04\/WhatsApp-Image-2026-04-15-at-11.45.11-240x300.jpeg",240,300,true],"medium_large":["https:\/\/ellotv.com.br\/site\/wp-content\/uploads\/2026\/04\/WhatsApp-Image-2026-04-15-at-11.45.11-768x960.jpeg",640,800,true],"large":["https:\/\/ellotv.com.br\/site\/wp-content\/uploads\/2026\/04\/WhatsApp-Image-2026-04-15-at-11.45.11-819x1024.jpeg",640,800,true],"1536x1536":["https:\/\/ellotv.com.br\/site\/wp-content\/uploads\/2026\/04\/WhatsApp-Image-2026-04-15-at-11.45.11.jpeg",1080,1350,false],"2048x2048":["https:\/\/ellotv.com.br\/site\/wp-content\/uploads\/2026\/04\/WhatsApp-Image-2026-04-15-at-11.45.11.jpeg",1080,1350,false],"darknews-slider-full":["https:\/\/ellotv.com.br\/site\/wp-content\/uploads\/2026\/04\/WhatsApp-Image-2026-04-15-at-11.45.11-1080x720.jpeg",1080,720,true],"darknews-featured":["https:\/\/ellotv.com.br\/site\/wp-content\/uploads\/2026\/04\/WhatsApp-Image-2026-04-15-at-11.45.11-1024x1280.jpeg",1024,1280,true],"darknews-medium":["https:\/\/ellotv.com.br\/site\/wp-content\/uploads\/2026\/04\/WhatsApp-Image-2026-04-15-at-11.45.11-720x530.jpeg",720,530,true],"darknews-medium-square":["https:\/\/ellotv.com.br\/site\/wp-content\/uploads\/2026\/04\/WhatsApp-Image-2026-04-15-at-11.45.11-350x350.jpeg",350,350,true]},"author_info":{"info":["ELLO TV"]},"category_info":"<a href=\"https:\/\/ellotv.com.br\/site\/category\/mundo\/\" rel=\"category tag\">Mundo<\/a> <a href=\"https:\/\/ellotv.com.br\/site\/category\/noticias\/\" rel=\"category tag\">Noticias<\/a>","tag_info":"Noticias","comment_count":"0","_links":{"self":[{"href":"https:\/\/ellotv.com.br\/site\/wp-json\/wp\/v2\/posts\/5687","targetHints":{"allow":["GET"]}}],"collection":[{"href":"https:\/\/ellotv.com.br\/site\/wp-json\/wp\/v2\/posts"}],"about":[{"href":"https:\/\/ellotv.com.br\/site\/wp-json\/wp\/v2\/types\/post"}],"author":[{"embeddable":true,"href":"https:\/\/ellotv.com.br\/site\/wp-json\/wp\/v2\/users\/2"}],"replies":[{"embeddable":true,"href":"https:\/\/ellotv.com.br\/site\/wp-json\/wp\/v2\/comments?post=5687"}],"version-history":[{"count":1,"href":"https:\/\/ellotv.com.br\/site\/wp-json\/wp\/v2\/posts\/5687\/revisions"}],"predecessor-version":[{"id":5692,"href":"https:\/\/ellotv.com.br\/site\/wp-json\/wp\/v2\/posts\/5687\/revisions\/5692"}],"wp:featuredmedia":[{"embeddable":true,"href":"https:\/\/ellotv.com.br\/site\/wp-json\/wp\/v2\/media\/5688"}],"wp:attachment":[{"href":"https:\/\/ellotv.com.br\/site\/wp-json\/wp\/v2\/media?parent=5687"}],"wp:term":[{"taxonomy":"category","embeddable":true,"href":"https:\/\/ellotv.com.br\/site\/wp-json\/wp\/v2\/categories?post=5687"},{"taxonomy":"post_tag","embeddable":true,"href":"https:\/\/ellotv.com.br\/site\/wp-json\/wp\/v2\/tags?post=5687"}],"curies":[{"name":"wp","href":"https:\/\/api.w.org\/{rel}","templated":true}]}}