{"id":5696,"date":"2026-04-15T16:56:00","date_gmt":"2026-04-15T19:56:00","guid":{"rendered":"https:\/\/ellotv.com.br\/site\/?p=5696"},"modified":"2026-04-15T16:56:00","modified_gmt":"2026-04-15T19:56:00","slug":"sandra-bullock-estreia-no-instagram-e-vira-fenomeno-com-milhoes-de-seguidores-em-menos-de-24h","status":"publish","type":"post","link":"https:\/\/ellotv.com.br\/site\/2026\/04\/15\/sandra-bullock-estreia-no-instagram-e-vira-fenomeno-com-milhoes-de-seguidores-em-menos-de-24h\/","title":{"rendered":"Sandra Bullock estreia no Instagram e vira fen\u00f4meno com milh\u00f5es de seguidores em menos de 24h"},"content":{"rendered":"<p data-start=\"78\" data-end=\"380\">A atriz <span class=\"hover:entity-accent entity-underline inline cursor-pointer align-baseline\"><span class=\"whitespace-normal\">Sandra Bullock<\/span><\/span> surpreendeu os f\u00e3s ao finalmente estrear nas redes sociais. A estrela criou seu perfil oficial no <span class=\"hover:entity-accent entity-underline inline cursor-pointer align-baseline\"><span class=\"whitespace-normal\">Instagram<\/span><\/span> para promover a aguardada sequ\u00eancia de <span class=\"hover:entity-accent entity-underline inline cursor-pointer align-baseline\"><span class=\"whitespace-normal\">Da Magia \u00e0 Sedu\u00e7\u00e3o<\/span><\/span> e rapidamente virou fen\u00f4meno na plataforma.<\/p>\n<h3 data-section-id=\"z26pii\" data-start=\"382\" data-end=\"415\">\ud83d\udcf1 Sucesso imediato nas redes<\/h3>\n<p data-start=\"417\" data-end=\"642\">Logo ap\u00f3s a conta ser verificada, Sandra conquistou n\u00fameros impressionantes, ultrapassando cerca de 4,5 milh\u00f5es de seguidores em apenas um dia. O feito evidencia a for\u00e7a do seu nome e a expectativa do p\u00fablico pelo novo longa.<\/p>\n<h3 data-section-id=\"1cceoyf\" data-start=\"644\" data-end=\"680\">\ud83c\udfac Retorno marcado por nostalgia<\/h3>\n<p data-start=\"682\" data-end=\"876\">O novo filme marca o retorno da atriz ao universo de magia e mist\u00e9rio que conquistou uma gera\u00e7\u00e3o. A sequ\u00eancia chega cercada de nostalgia e grande expectativa por parte dos f\u00e3s ao redor do mundo.<\/p>\n<h3 data-section-id=\"p083di\" data-start=\"878\" data-end=\"903\">\ud83c\udf0d Repercuss\u00e3o global<\/h3>\n<p data-start=\"905\" data-end=\"1097\">A estreia digital de Sandra Bullock movimentou as redes sociais internacionalmente, ampliando ainda mais a curiosidade em torno do lan\u00e7amento e refor\u00e7ando seu impacto duradouro na cultura pop.<\/p>\n","protected":false},"excerpt":{"rendered":"<p>A atriz Sandra Bullock surpreendeu os f\u00e3s ao finalmente estrear nas redes sociais. A estrela criou seu perfil<\/p>\n","protected":false},"author":2,"featured_media":5697,"comment_status":"open","ping_status":"open","sticky":false,"template":"","format":"standard","meta":{"footnotes":""},"categories":[10,12],"tags":[],"class_list":["post-5696","post","type-post","status-publish","format-standard","has-post-thumbnail","hentry","category-mundo","category-noticias"],"yoast_head":"<!-- This site is optimized with the Yoast SEO plugin v28.3 - https:\/\/yoast.com\/product\/yoast-seo-wordpress\/ -->\n<title>Sandra Bullock estreia no Instagram e vira fen\u00f4meno com milh\u00f5es de seguidores em menos de 24h - Ello TV<\/title>\n<meta name=\"description\" content=\"Sandra Bullock estreia no Instagram, viraliza com milh\u00f5es de seguidores e aumenta expectativa por sequ\u00eancia de Da Magia \u00e0 Sedu\u00e7\u00e3o.\" \/>\n<meta name=\"robots\" content=\"index, follow, max-snippet:-1, max-image-preview:large, max-video-preview:-1\" \/>\n<link rel=\"canonical\" href=\"https:\/\/ellotv.com.br\/site\/2026\/04\/15\/sandra-bullock-estreia-no-instagram-e-vira-fenomeno-com-milhoes-de-seguidores-em-menos-de-24h\/\" \/>\n<meta property=\"og:locale\" content=\"pt_BR\" \/>\n<meta property=\"og:type\" content=\"article\" \/>\n<meta property=\"og:title\" content=\"Sandra Bullock estreia no Instagram e vira fen\u00f4meno com milh\u00f5es de seguidores em menos de 24h - Ello TV\" \/>\n<meta property=\"og:description\" content=\"Sandra Bullock estreia no Instagram, viraliza com milh\u00f5es de seguidores e aumenta expectativa por sequ\u00eancia de Da Magia \u00e0 Sedu\u00e7\u00e3o.\" \/>\n<meta property=\"og:url\" content=\"https:\/\/ellotv.com.br\/site\/2026\/04\/15\/sandra-bullock-estreia-no-instagram-e-vira-fenomeno-com-milhoes-de-seguidores-em-menos-de-24h\/\" \/>\n<meta property=\"og:site_name\" content=\"Ello TV\" \/>\n<meta property=\"article:published_time\" content=\"2026-04-15T19:56:00+00:00\" \/>\n<meta property=\"og:image\" content=\"https:\/\/ellotv.com.br\/site\/wp-content\/uploads\/2026\/04\/WhatsApp-Image-2026-04-15-at-16.38.35.jpeg\" \/>\n\t<meta property=\"og:image:width\" content=\"960\" \/>\n\t<meta property=\"og:image:height\" content=\"1200\" \/>\n\t<meta property=\"og:image:type\" content=\"image\/jpeg\" \/>\n<meta name=\"author\" content=\"ELLO TV\" \/>\n<meta name=\"twitter:card\" content=\"summary_large_image\" \/>\n<meta name=\"twitter:label1\" content=\"Escrito por\" \/>\n\t<meta name=\"twitter:data1\" content=\"ELLO TV\" \/>\n\t<meta name=\"twitter:label2\" content=\"Est. tempo de leitura\" \/>\n\t<meta name=\"twitter:data2\" content=\"1 minuto\" \/>\n<script type=\"application\/ld+json\" class=\"yoast-schema-graph\">{\"@context\":\"https:\\\/\\\/schema.org\",\"@graph\":[{\"@type\":\"Article\",\"@id\":\"https:\\\/\\\/ellotv.com.br\\\/site\\\/2026\\\/04\\\/15\\\/sandra-bullock-estreia-no-instagram-e-vira-fenomeno-com-milhoes-de-seguidores-em-menos-de-24h\\\/#article\",\"isPartOf\":{\"@id\":\"https:\\\/\\\/ellotv.com.br\\\/site\\\/2026\\\/04\\\/15\\\/sandra-bullock-estreia-no-instagram-e-vira-fenomeno-com-milhoes-de-seguidores-em-menos-de-24h\\\/\"},\"author\":{\"name\":\"ELLO TV\",\"@id\":\"https:\\\/\\\/ellotv.com.br\\\/site\\\/#\\\/schema\\\/person\\\/2dbe3abaee38dcc7332fc8205cd2b15d\"},\"headline\":\"Sandra Bullock estreia no Instagram e vira fen\u00f4meno com milh\u00f5es de seguidores em menos de 24h\",\"datePublished\":\"2026-04-15T19:56:00+00:00\",\"mainEntityOfPage\":{\"@id\":\"https:\\\/\\\/ellotv.com.br\\\/site\\\/2026\\\/04\\\/15\\\/sandra-bullock-estreia-no-instagram-e-vira-fenomeno-com-milhoes-de-seguidores-em-menos-de-24h\\\/\"},\"wordCount\":179,\"commentCount\":0,\"publisher\":{\"@id\":\"https:\\\/\\\/ellotv.com.br\\\/site\\\/#organization\"},\"image\":{\"@id\":\"https:\\\/\\\/ellotv.com.br\\\/site\\\/2026\\\/04\\\/15\\\/sandra-bullock-estreia-no-instagram-e-vira-fenomeno-com-milhoes-de-seguidores-em-menos-de-24h\\\/#primaryimage\"},\"thumbnailUrl\":\"https:\\\/\\\/ellotv.com.br\\\/site\\\/wp-content\\\/uploads\\\/2026\\\/04\\\/WhatsApp-Image-2026-04-15-at-16.38.35.jpeg\",\"articleSection\":[\"Mundo\",\"Noticias\"],\"inLanguage\":\"pt-BR\",\"potentialAction\":[{\"@type\":\"CommentAction\",\"name\":\"Comment\",\"target\":[\"https:\\\/\\\/ellotv.com.br\\\/site\\\/2026\\\/04\\\/15\\\/sandra-bullock-estreia-no-instagram-e-vira-fenomeno-com-milhoes-de-seguidores-em-menos-de-24h\\\/#respond\"]}]},{\"@type\":\"WebPage\",\"@id\":\"https:\\\/\\\/ellotv.com.br\\\/site\\\/2026\\\/04\\\/15\\\/sandra-bullock-estreia-no-instagram-e-vira-fenomeno-com-milhoes-de-seguidores-em-menos-de-24h\\\/\",\"url\":\"https:\\\/\\\/ellotv.com.br\\\/site\\\/2026\\\/04\\\/15\\\/sandra-bullock-estreia-no-instagram-e-vira-fenomeno-com-milhoes-de-seguidores-em-menos-de-24h\\\/\",\"name\":\"Sandra Bullock estreia no Instagram e vira fen\u00f4meno com milh\u00f5es de seguidores em menos de 24h - Ello TV\",\"isPartOf\":{\"@id\":\"https:\\\/\\\/ellotv.com.br\\\/site\\\/#website\"},\"primaryImageOfPage\":{\"@id\":\"https:\\\/\\\/ellotv.com.br\\\/site\\\/2026\\\/04\\\/15\\\/sandra-bullock-estreia-no-instagram-e-vira-fenomeno-com-milhoes-de-seguidores-em-menos-de-24h\\\/#primaryimage\"},\"image\":{\"@id\":\"https:\\\/\\\/ellotv.com.br\\\/site\\\/2026\\\/04\\\/15\\\/sandra-bullock-estreia-no-instagram-e-vira-fenomeno-com-milhoes-de-seguidores-em-menos-de-24h\\\/#primaryimage\"},\"thumbnailUrl\":\"https:\\\/\\\/ellotv.com.br\\\/site\\\/wp-content\\\/uploads\\\/2026\\\/04\\\/WhatsApp-Image-2026-04-15-at-16.38.35.jpeg\",\"datePublished\":\"2026-04-15T19:56:00+00:00\",\"description\":\"Sandra Bullock estreia no Instagram, viraliza com milh\u00f5es de seguidores e aumenta expectativa por sequ\u00eancia de Da Magia \u00e0 Sedu\u00e7\u00e3o.\",\"breadcrumb\":{\"@id\":\"https:\\\/\\\/ellotv.com.br\\\/site\\\/2026\\\/04\\\/15\\\/sandra-bullock-estreia-no-instagram-e-vira-fenomeno-com-milhoes-de-seguidores-em-menos-de-24h\\\/#breadcrumb\"},\"inLanguage\":\"pt-BR\",\"potentialAction\":[{\"@type\":\"ReadAction\",\"target\":[\"https:\\\/\\\/ellotv.com.br\\\/site\\\/2026\\\/04\\\/15\\\/sandra-bullock-estreia-no-instagram-e-vira-fenomeno-com-milhoes-de-seguidores-em-menos-de-24h\\\/\"]}]},{\"@type\":\"ImageObject\",\"inLanguage\":\"pt-BR\",\"@id\":\"https:\\\/\\\/ellotv.com.br\\\/site\\\/2026\\\/04\\\/15\\\/sandra-bullock-estreia-no-instagram-e-vira-fenomeno-com-milhoes-de-seguidores-em-menos-de-24h\\\/#primaryimage\",\"url\":\"https:\\\/\\\/ellotv.com.br\\\/site\\\/wp-content\\\/uploads\\\/2026\\\/04\\\/WhatsApp-Image-2026-04-15-at-16.38.35.jpeg\",\"contentUrl\":\"https:\\\/\\\/ellotv.com.br\\\/site\\\/wp-content\\\/uploads\\\/2026\\\/04\\\/WhatsApp-Image-2026-04-15-at-16.38.35.jpeg\",\"width\":960,\"height\":1200},{\"@type\":\"BreadcrumbList\",\"@id\":\"https:\\\/\\\/ellotv.com.br\\\/site\\\/2026\\\/04\\\/15\\\/sandra-bullock-estreia-no-instagram-e-vira-fenomeno-com-milhoes-de-seguidores-em-menos-de-24h\\\/#breadcrumb\",\"itemListElement\":[{\"@type\":\"ListItem\",\"position\":1,\"name\":\"In\u00edcio\",\"item\":\"https:\\\/\\\/ellotv.com.br\\\/site\\\/\"},{\"@type\":\"ListItem\",\"position\":2,\"name\":\"Sandra Bullock estreia no Instagram e vira fen\u00f4meno com milh\u00f5es de seguidores em menos de 24h\"}]},{\"@type\":\"WebSite\",\"@id\":\"https:\\\/\\\/ellotv.com.br\\\/site\\\/#website\",\"url\":\"https:\\\/\\\/ellotv.com.br\\\/site\\\/\",\"name\":\"ELLO TV\",\"description\":\"\",\"publisher\":{\"@id\":\"https:\\\/\\\/ellotv.com.br\\\/site\\\/#organization\"},\"potentialAction\":[{\"@type\":\"SearchAction\",\"target\":{\"@type\":\"EntryPoint\",\"urlTemplate\":\"https:\\\/\\\/ellotv.com.br\\\/site\\\/?s={search_term_string}\"},\"query-input\":{\"@type\":\"PropertyValueSpecification\",\"valueRequired\":true,\"valueName\":\"search_term_string\"}}],\"inLanguage\":\"pt-BR\"},{\"@type\":\"Organization\",\"@id\":\"https:\\\/\\\/ellotv.com.br\\\/site\\\/#organization\",\"name\":\"ELLO TV\",\"url\":\"https:\\\/\\\/ellotv.com.br\\\/site\\\/\",\"logo\":{\"@type\":\"ImageObject\",\"inLanguage\":\"pt-BR\",\"@id\":\"https:\\\/\\\/ellotv.com.br\\\/site\\\/#\\\/schema\\\/logo\\\/image\\\/\",\"url\":\"https:\\\/\\\/ellotv.com.br\\\/site\\\/wp-content\\\/uploads\\\/2025\\\/11\\\/ello-logo-2.fw_.png\",\"contentUrl\":\"https:\\\/\\\/ellotv.com.br\\\/site\\\/wp-content\\\/uploads\\\/2025\\\/11\\\/ello-logo-2.fw_.png\",\"width\":400,\"height\":146,\"caption\":\"ELLO TV\"},\"image\":{\"@id\":\"https:\\\/\\\/ellotv.com.br\\\/site\\\/#\\\/schema\\\/logo\\\/image\\\/\"}},{\"@type\":\"Person\",\"@id\":\"https:\\\/\\\/ellotv.com.br\\\/site\\\/#\\\/schema\\\/person\\\/2dbe3abaee38dcc7332fc8205cd2b15d\",\"name\":\"ELLO TV\",\"image\":{\"@type\":\"ImageObject\",\"inLanguage\":\"pt-BR\",\"@id\":\"https:\\\/\\\/secure.gravatar.com\\\/avatar\\\/c38242b9da8ec217ac3f0aaee31a54f7d7befb11b2b47fdbc8fb0fad60afa1c6?s=96&d=mm&r=g\",\"url\":\"https:\\\/\\\/secure.gravatar.com\\\/avatar\\\/c38242b9da8ec217ac3f0aaee31a54f7d7befb11b2b47fdbc8fb0fad60afa1c6?s=96&d=mm&r=g\",\"contentUrl\":\"https:\\\/\\\/secure.gravatar.com\\\/avatar\\\/c38242b9da8ec217ac3f0aaee31a54f7d7befb11b2b47fdbc8fb0fad60afa1c6?s=96&d=mm&r=g\",\"caption\":\"ELLO TV\"},\"url\":\"https:\\\/\\\/ellotv.com.br\\\/site\\\/author\\\/elloagencia\\\/\"}]}<\/script>\n<!-- \/ Yoast SEO plugin. -->","yoast_head_json":{"title":"Sandra Bullock estreia no Instagram e vira fen\u00f4meno com milh\u00f5es de seguidores em menos de 24h - Ello TV","description":"Sandra Bullock estreia no Instagram, viraliza com milh\u00f5es de seguidores e aumenta expectativa por sequ\u00eancia de Da Magia \u00e0 Sedu\u00e7\u00e3o.","robots":{"index":"index","follow":"follow","max-snippet":"max-snippet:-1","max-image-preview":"max-image-preview:large","max-video-preview":"max-video-preview:-1"},"canonical":"https:\/\/ellotv.com.br\/site\/2026\/04\/15\/sandra-bullock-estreia-no-instagram-e-vira-fenomeno-com-milhoes-de-seguidores-em-menos-de-24h\/","og_locale":"pt_BR","og_type":"article","og_title":"Sandra Bullock estreia no Instagram e vira fen\u00f4meno com milh\u00f5es de seguidores em menos de 24h - Ello TV","og_description":"Sandra Bullock estreia no Instagram, viraliza com milh\u00f5es de seguidores e aumenta expectativa por sequ\u00eancia de Da Magia \u00e0 Sedu\u00e7\u00e3o.","og_url":"https:\/\/ellotv.com.br\/site\/2026\/04\/15\/sandra-bullock-estreia-no-instagram-e-vira-fenomeno-com-milhoes-de-seguidores-em-menos-de-24h\/","og_site_name":"Ello TV","article_published_time":"2026-04-15T19:56:00+00:00","og_image":[{"width":960,"height":1200,"url":"https:\/\/ellotv.com.br\/site\/wp-content\/uploads\/2026\/04\/WhatsApp-Image-2026-04-15-at-16.38.35.jpeg","type":"image\/jpeg"}],"author":"ELLO TV","twitter_card":"summary_large_image","twitter_misc":{"Escrito por":"ELLO TV","Est. tempo de leitura":"1 minuto"},"schema":{"@context":"https:\/\/schema.org","@graph":[{"@type":"Article","@id":"https:\/\/ellotv.com.br\/site\/2026\/04\/15\/sandra-bullock-estreia-no-instagram-e-vira-fenomeno-com-milhoes-de-seguidores-em-menos-de-24h\/#article","isPartOf":{"@id":"https:\/\/ellotv.com.br\/site\/2026\/04\/15\/sandra-bullock-estreia-no-instagram-e-vira-fenomeno-com-milhoes-de-seguidores-em-menos-de-24h\/"},"author":{"name":"ELLO TV","@id":"https:\/\/ellotv.com.br\/site\/#\/schema\/person\/2dbe3abaee38dcc7332fc8205cd2b15d"},"headline":"Sandra Bullock estreia no Instagram e vira fen\u00f4meno com milh\u00f5es de seguidores em menos de 24h","datePublished":"2026-04-15T19:56:00+00:00","mainEntityOfPage":{"@id":"https:\/\/ellotv.com.br\/site\/2026\/04\/15\/sandra-bullock-estreia-no-instagram-e-vira-fenomeno-com-milhoes-de-seguidores-em-menos-de-24h\/"},"wordCount":179,"commentCount":0,"publisher":{"@id":"https:\/\/ellotv.com.br\/site\/#organization"},"image":{"@id":"https:\/\/ellotv.com.br\/site\/2026\/04\/15\/sandra-bullock-estreia-no-instagram-e-vira-fenomeno-com-milhoes-de-seguidores-em-menos-de-24h\/#primaryimage"},"thumbnailUrl":"https:\/\/ellotv.com.br\/site\/wp-content\/uploads\/2026\/04\/WhatsApp-Image-2026-04-15-at-16.38.35.jpeg","articleSection":["Mundo","Noticias"],"inLanguage":"pt-BR","potentialAction":[{"@type":"CommentAction","name":"Comment","target":["https:\/\/ellotv.com.br\/site\/2026\/04\/15\/sandra-bullock-estreia-no-instagram-e-vira-fenomeno-com-milhoes-de-seguidores-em-menos-de-24h\/#respond"]}]},{"@type":"WebPage","@id":"https:\/\/ellotv.com.br\/site\/2026\/04\/15\/sandra-bullock-estreia-no-instagram-e-vira-fenomeno-com-milhoes-de-seguidores-em-menos-de-24h\/","url":"https:\/\/ellotv.com.br\/site\/2026\/04\/15\/sandra-bullock-estreia-no-instagram-e-vira-fenomeno-com-milhoes-de-seguidores-em-menos-de-24h\/","name":"Sandra Bullock estreia no Instagram e vira fen\u00f4meno com milh\u00f5es de seguidores em menos de 24h - Ello TV","isPartOf":{"@id":"https:\/\/ellotv.com.br\/site\/#website"},"primaryImageOfPage":{"@id":"https:\/\/ellotv.com.br\/site\/2026\/04\/15\/sandra-bullock-estreia-no-instagram-e-vira-fenomeno-com-milhoes-de-seguidores-em-menos-de-24h\/#primaryimage"},"image":{"@id":"https:\/\/ellotv.com.br\/site\/2026\/04\/15\/sandra-bullock-estreia-no-instagram-e-vira-fenomeno-com-milhoes-de-seguidores-em-menos-de-24h\/#primaryimage"},"thumbnailUrl":"https:\/\/ellotv.com.br\/site\/wp-content\/uploads\/2026\/04\/WhatsApp-Image-2026-04-15-at-16.38.35.jpeg","datePublished":"2026-04-15T19:56:00+00:00","description":"Sandra Bullock estreia no Instagram, viraliza com milh\u00f5es de seguidores e aumenta expectativa por sequ\u00eancia de Da Magia \u00e0 Sedu\u00e7\u00e3o.","breadcrumb":{"@id":"https:\/\/ellotv.com.br\/site\/2026\/04\/15\/sandra-bullock-estreia-no-instagram-e-vira-fenomeno-com-milhoes-de-seguidores-em-menos-de-24h\/#breadcrumb"},"inLanguage":"pt-BR","potentialAction":[{"@type":"ReadAction","target":["https:\/\/ellotv.com.br\/site\/2026\/04\/15\/sandra-bullock-estreia-no-instagram-e-vira-fenomeno-com-milhoes-de-seguidores-em-menos-de-24h\/"]}]},{"@type":"ImageObject","inLanguage":"pt-BR","@id":"https:\/\/ellotv.com.br\/site\/2026\/04\/15\/sandra-bullock-estreia-no-instagram-e-vira-fenomeno-com-milhoes-de-seguidores-em-menos-de-24h\/#primaryimage","url":"https:\/\/ellotv.com.br\/site\/wp-content\/uploads\/2026\/04\/WhatsApp-Image-2026-04-15-at-16.38.35.jpeg","contentUrl":"https:\/\/ellotv.com.br\/site\/wp-content\/uploads\/2026\/04\/WhatsApp-Image-2026-04-15-at-16.38.35.jpeg","width":960,"height":1200},{"@type":"BreadcrumbList","@id":"https:\/\/ellotv.com.br\/site\/2026\/04\/15\/sandra-bullock-estreia-no-instagram-e-vira-fenomeno-com-milhoes-de-seguidores-em-menos-de-24h\/#breadcrumb","itemListElement":[{"@type":"ListItem","position":1,"name":"In\u00edcio","item":"https:\/\/ellotv.com.br\/site\/"},{"@type":"ListItem","position":2,"name":"Sandra Bullock estreia no Instagram e vira fen\u00f4meno com milh\u00f5es de seguidores em menos de 24h"}]},{"@type":"WebSite","@id":"https:\/\/ellotv.com.br\/site\/#website","url":"https:\/\/ellotv.com.br\/site\/","name":"ELLO TV","description":"","publisher":{"@id":"https:\/\/ellotv.com.br\/site\/#organization"},"potentialAction":[{"@type":"SearchAction","target":{"@type":"EntryPoint","urlTemplate":"https:\/\/ellotv.com.br\/site\/?s={search_term_string}"},"query-input":{"@type":"PropertyValueSpecification","valueRequired":true,"valueName":"search_term_string"}}],"inLanguage":"pt-BR"},{"@type":"Organization","@id":"https:\/\/ellotv.com.br\/site\/#organization","name":"ELLO TV","url":"https:\/\/ellotv.com.br\/site\/","logo":{"@type":"ImageObject","inLanguage":"pt-BR","@id":"https:\/\/ellotv.com.br\/site\/#\/schema\/logo\/image\/","url":"https:\/\/ellotv.com.br\/site\/wp-content\/uploads\/2025\/11\/ello-logo-2.fw_.png","contentUrl":"https:\/\/ellotv.com.br\/site\/wp-content\/uploads\/2025\/11\/ello-logo-2.fw_.png","width":400,"height":146,"caption":"ELLO TV"},"image":{"@id":"https:\/\/ellotv.com.br\/site\/#\/schema\/logo\/image\/"}},{"@type":"Person","@id":"https:\/\/ellotv.com.br\/site\/#\/schema\/person\/2dbe3abaee38dcc7332fc8205cd2b15d","name":"ELLO TV","image":{"@type":"ImageObject","inLanguage":"pt-BR","@id":"https:\/\/secure.gravatar.com\/avatar\/c38242b9da8ec217ac3f0aaee31a54f7d7befb11b2b47fdbc8fb0fad60afa1c6?s=96&d=mm&r=g","url":"https:\/\/secure.gravatar.com\/avatar\/c38242b9da8ec217ac3f0aaee31a54f7d7befb11b2b47fdbc8fb0fad60afa1c6?s=96&d=mm&r=g","contentUrl":"https:\/\/secure.gravatar.com\/avatar\/c38242b9da8ec217ac3f0aaee31a54f7d7befb11b2b47fdbc8fb0fad60afa1c6?s=96&d=mm&r=g","caption":"ELLO TV"},"url":"https:\/\/ellotv.com.br\/site\/author\/elloagencia\/"}]}},"featured_image_urls":{"full":["https:\/\/ellotv.com.br\/site\/wp-content\/uploads\/2026\/04\/WhatsApp-Image-2026-04-15-at-16.38.35.jpeg",960,1200,false],"thumbnail":["https:\/\/ellotv.com.br\/site\/wp-content\/uploads\/2026\/04\/WhatsApp-Image-2026-04-15-at-16.38.35-150x150.jpeg",150,150,true],"medium":["https:\/\/ellotv.com.br\/site\/wp-content\/uploads\/2026\/04\/WhatsApp-Image-2026-04-15-at-16.38.35-240x300.jpeg",240,300,true],"medium_large":["https:\/\/ellotv.com.br\/site\/wp-content\/uploads\/2026\/04\/WhatsApp-Image-2026-04-15-at-16.38.35-768x960.jpeg",640,800,true],"large":["https:\/\/ellotv.com.br\/site\/wp-content\/uploads\/2026\/04\/WhatsApp-Image-2026-04-15-at-16.38.35-819x1024.jpeg",640,800,true],"1536x1536":["https:\/\/ellotv.com.br\/site\/wp-content\/uploads\/2026\/04\/WhatsApp-Image-2026-04-15-at-16.38.35.jpeg",960,1200,false],"2048x2048":["https:\/\/ellotv.com.br\/site\/wp-content\/uploads\/2026\/04\/WhatsApp-Image-2026-04-15-at-16.38.35.jpeg",960,1200,false],"darknews-slider-full":["https:\/\/ellotv.com.br\/site\/wp-content\/uploads\/2026\/04\/WhatsApp-Image-2026-04-15-at-16.38.35-960x720.jpeg",960,720,true],"darknews-featured":["https:\/\/ellotv.com.br\/site\/wp-content\/uploads\/2026\/04\/WhatsApp-Image-2026-04-15-at-16.38.35.jpeg",960,1200,false],"darknews-medium":["https:\/\/ellotv.com.br\/site\/wp-content\/uploads\/2026\/04\/WhatsApp-Image-2026-04-15-at-16.38.35-720x530.jpeg",720,530,true],"darknews-medium-square":["https:\/\/ellotv.com.br\/site\/wp-content\/uploads\/2026\/04\/WhatsApp-Image-2026-04-15-at-16.38.35-350x350.jpeg",350,350,true]},"author_info":{"info":["ELLO TV"]},"category_info":"<a href=\"https:\/\/ellotv.com.br\/site\/category\/mundo\/\" rel=\"category tag\">Mundo<\/a> <a href=\"https:\/\/ellotv.com.br\/site\/category\/noticias\/\" rel=\"category tag\">Noticias<\/a>","tag_info":"Noticias","comment_count":"0","_links":{"self":[{"href":"https:\/\/ellotv.com.br\/site\/wp-json\/wp\/v2\/posts\/5696","targetHints":{"allow":["GET"]}}],"collection":[{"href":"https:\/\/ellotv.com.br\/site\/wp-json\/wp\/v2\/posts"}],"about":[{"href":"https:\/\/ellotv.com.br\/site\/wp-json\/wp\/v2\/types\/post"}],"author":[{"embeddable":true,"href":"https:\/\/ellotv.com.br\/site\/wp-json\/wp\/v2\/users\/2"}],"replies":[{"embeddable":true,"href":"https:\/\/ellotv.com.br\/site\/wp-json\/wp\/v2\/comments?post=5696"}],"version-history":[{"count":1,"href":"https:\/\/ellotv.com.br\/site\/wp-json\/wp\/v2\/posts\/5696\/revisions"}],"predecessor-version":[{"id":5698,"href":"https:\/\/ellotv.com.br\/site\/wp-json\/wp\/v2\/posts\/5696\/revisions\/5698"}],"wp:featuredmedia":[{"embeddable":true,"href":"https:\/\/ellotv.com.br\/site\/wp-json\/wp\/v2\/media\/5697"}],"wp:attachment":[{"href":"https:\/\/ellotv.com.br\/site\/wp-json\/wp\/v2\/media?parent=5696"}],"wp:term":[{"taxonomy":"category","embeddable":true,"href":"https:\/\/ellotv.com.br\/site\/wp-json\/wp\/v2\/categories?post=5696"},{"taxonomy":"post_tag","embeddable":true,"href":"https:\/\/ellotv.com.br\/site\/wp-json\/wp\/v2\/tags?post=5696"}],"curies":[{"name":"wp","href":"https:\/\/api.w.org\/{rel}","templated":true}]}}