{"id":5699,"date":"2026-04-16T10:09:10","date_gmt":"2026-04-16T13:09:10","guid":{"rendered":"https:\/\/ellotv.com.br\/site\/?p=5699"},"modified":"2026-04-16T10:09:10","modified_gmt":"2026-04-16T13:09:10","slug":"dnit-aprova-duplicacao-da-br-232-entre-sao-caetano-e-belo-jardim-com-investimento-de-r-250-milhoes","status":"publish","type":"post","link":"https:\/\/ellotv.com.br\/site\/2026\/04\/16\/dnit-aprova-duplicacao-da-br-232-entre-sao-caetano-e-belo-jardim-com-investimento-de-r-250-milhoes\/","title":{"rendered":"DNIT aprova duplica\u00e7\u00e3o da BR-232 entre S\u00e3o Caetano e Belo Jardim com investimento de R$ 250 milh\u00f5es"},"content":{"rendered":"<p data-start=\"80\" data-end=\"420\">O Governo de <span class=\"hover:entity-accent entity-underline inline cursor-pointer align-baseline\"><span class=\"whitespace-normal\">Pernambuco<\/span><\/span> anunciou um novo avan\u00e7o na infraestrutura com a aprova\u00e7\u00e3o, pelo <span class=\"hover:entity-accent entity-underline inline cursor-pointer align-baseline\"><span class=\"whitespace-normal\">DNIT<\/span><\/span>, do projeto de restaura\u00e7\u00e3o e duplica\u00e7\u00e3o da <span class=\"hover:entity-accent entity-underline inline cursor-pointer align-baseline\"><span class=\"whitespace-normal\">BR-232<\/span><\/span> no trecho entre <span class=\"hover:entity-accent entity-underline inline cursor-pointer align-baseline\"><span class=\"whitespace-normal\">S\u00e3o Caetano<\/span><\/span> e <span class=\"hover:entity-accent entity-underline inline cursor-pointer align-baseline\"><span class=\"whitespace-normal\">Belo Jardim<\/span><\/span>, no Agreste.<\/p>\n<h3 data-section-id=\"1wpbbpo\" data-start=\"422\" data-end=\"458\">\ud83d\udea7 Obra hist\u00f3rica e investimento<\/h3>\n<p data-start=\"460\" data-end=\"591\">A obra, considerada uma demanda hist\u00f3rica da popula\u00e7\u00e3o e do setor produtivo, ter\u00e1 investimento estimado em cerca de R$ 250 milh\u00f5es.<\/p>\n<p data-start=\"593\" data-end=\"708\">O primeiro lote contempla 28,8 quil\u00f4metros de extens\u00e3o, entre os quil\u00f4metros 149,10 e 177,90 da rodovia, incluindo:<\/p>\n<ul data-start=\"709\" data-end=\"833\">\n<li data-section-id=\"a0d3tq\" data-start=\"709\" data-end=\"730\">Duplica\u00e7\u00e3o da via<\/li>\n<li data-section-id=\"7bjw5x\" data-start=\"731\" data-end=\"769\">Recupera\u00e7\u00e3o do pavimento existente<\/li>\n<li data-section-id=\"oh42un\" data-start=\"770\" data-end=\"795\">Melhorias estruturais<\/li>\n<li data-section-id=\"xrss8w\" data-start=\"796\" data-end=\"833\">A\u00e7\u00f5es voltadas \u00e0 seguran\u00e7a vi\u00e1ria<\/li>\n<\/ul>\n<h3 data-section-id=\"1rpma91\" data-start=\"835\" data-end=\"864\">\ud83d\udee3\ufe0f Expans\u00e3o at\u00e9 o Sert\u00e3o<\/h3>\n<p data-start=\"866\" data-end=\"1099\">O trecho faz parte de um projeto maior que seguir\u00e1 em etapas at\u00e9 o Sert\u00e3o. O segundo lote deve contemplar a liga\u00e7\u00e3o entre <span class=\"hover:entity-accent entity-underline inline cursor-pointer align-baseline\"><span class=\"whitespace-normal\">Arcoverde<\/span><\/span> e <span class=\"hover:entity-accent entity-underline inline cursor-pointer align-baseline\"><span class=\"whitespace-normal\">Serra Talhada<\/span><\/span>, ampliando a integra\u00e7\u00e3o regional.<\/p>\n<p data-start=\"1101\" data-end=\"1201\">A expectativa \u00e9 de que a licita\u00e7\u00e3o seja lan\u00e7ada em breve, com in\u00edcio das obras ainda neste semestre.<\/p>\n<h3 data-section-id=\"1utfonc\" data-start=\"1203\" data-end=\"1240\">\ud83d\udcc8 Impacto econ\u00f4mico e mobilidade<\/h3>\n<p data-start=\"1242\" data-end=\"1296\">A duplica\u00e7\u00e3o da BR-232 \u00e9 considerada estrat\u00e9gica para:<\/p>\n<ul data-start=\"1297\" data-end=\"1429\">\n<li data-section-id=\"1tpaaf7\" data-start=\"1297\" data-end=\"1322\">Melhorar a mobilidade<\/li>\n<li data-section-id=\"1tx8r61\" data-start=\"1323\" data-end=\"1344\">Reduzir acidentes<\/li>\n<li data-section-id=\"1pfdfmk\" data-start=\"1345\" data-end=\"1383\">Facilitar o escoamento da produ\u00e7\u00e3o<\/li>\n<li data-section-id=\"19drqif\" data-start=\"1384\" data-end=\"1429\">Impulsionar o desenvolvimento do interior<\/li>\n<\/ul>\n<p data-start=\"1431\" data-end=\"1569\">A obra integra o programa <span class=\"hover:entity-accent entity-underline inline cursor-pointer align-baseline\"><span class=\"whitespace-normal\">PE na Estrada<\/span><\/span>, refor\u00e7ando o compromisso com a moderniza\u00e7\u00e3o da malha rodovi\u00e1ria estadual.<\/p>\n","protected":false},"excerpt":{"rendered":"<p>O Governo de Pernambuco anunciou um novo avan\u00e7o na infraestrutura com a aprova\u00e7\u00e3o, pelo DNIT, do projeto de<\/p>\n","protected":false},"author":2,"featured_media":5700,"comment_status":"open","ping_status":"open","sticky":false,"template":"","format":"standard","meta":{"footnotes":""},"categories":[12,9],"tags":[],"class_list":["post-5699","post","type-post","status-publish","format-standard","has-post-thumbnail","hentry","category-noticias","category-regional"],"yoast_head":"<!-- This site is optimized with the Yoast SEO plugin v28.3 - https:\/\/yoast.com\/product\/yoast-seo-wordpress\/ -->\n<title>DNIT aprova duplica\u00e7\u00e3o da BR-232 entre S\u00e3o Caetano e Belo Jardim com investimento de R$ 250 milh\u00f5es - Ello TV<\/title>\n<meta name=\"description\" content=\"Pernambuco avan\u00e7a com duplica\u00e7\u00e3o da BR-232 entre S\u00e3o Caetano e Belo Jardim, com investimento de R$ 250 milh\u00f5es e foco em mobilidade.\" \/>\n<meta name=\"robots\" content=\"index, follow, max-snippet:-1, max-image-preview:large, max-video-preview:-1\" \/>\n<link rel=\"canonical\" href=\"https:\/\/ellotv.com.br\/site\/2026\/04\/16\/dnit-aprova-duplicacao-da-br-232-entre-sao-caetano-e-belo-jardim-com-investimento-de-r-250-milhoes\/\" \/>\n<meta property=\"og:locale\" content=\"pt_BR\" \/>\n<meta property=\"og:type\" content=\"article\" \/>\n<meta property=\"og:title\" content=\"DNIT aprova duplica\u00e7\u00e3o da BR-232 entre S\u00e3o Caetano e Belo Jardim com investimento de R$ 250 milh\u00f5es - Ello TV\" \/>\n<meta property=\"og:description\" content=\"Pernambuco avan\u00e7a com duplica\u00e7\u00e3o da BR-232 entre S\u00e3o Caetano e Belo Jardim, com investimento de R$ 250 milh\u00f5es e foco em mobilidade.\" \/>\n<meta property=\"og:url\" content=\"https:\/\/ellotv.com.br\/site\/2026\/04\/16\/dnit-aprova-duplicacao-da-br-232-entre-sao-caetano-e-belo-jardim-com-investimento-de-r-250-milhoes\/\" \/>\n<meta property=\"og:site_name\" content=\"Ello TV\" \/>\n<meta property=\"article:published_time\" content=\"2026-04-16T13:09:10+00:00\" \/>\n<meta property=\"og:image\" content=\"https:\/\/ellotv.com.br\/site\/wp-content\/uploads\/2026\/04\/WhatsApp-Image-2026-04-16-at-09.38.28.jpeg\" \/>\n\t<meta property=\"og:image:width\" content=\"554\" \/>\n\t<meta property=\"og:image:height\" content=\"554\" \/>\n\t<meta property=\"og:image:type\" content=\"image\/jpeg\" \/>\n<meta name=\"author\" content=\"ELLO TV\" \/>\n<meta name=\"twitter:card\" content=\"summary_large_image\" \/>\n<meta name=\"twitter:label1\" content=\"Escrito por\" \/>\n\t<meta name=\"twitter:data1\" content=\"ELLO TV\" \/>\n\t<meta name=\"twitter:label2\" content=\"Est. tempo de leitura\" \/>\n\t<meta name=\"twitter:data2\" content=\"1 minuto\" \/>\n<script type=\"application\/ld+json\" class=\"yoast-schema-graph\">{\"@context\":\"https:\\\/\\\/schema.org\",\"@graph\":[{\"@type\":\"Article\",\"@id\":\"https:\\\/\\\/ellotv.com.br\\\/site\\\/2026\\\/04\\\/16\\\/dnit-aprova-duplicacao-da-br-232-entre-sao-caetano-e-belo-jardim-com-investimento-de-r-250-milhoes\\\/#article\",\"isPartOf\":{\"@id\":\"https:\\\/\\\/ellotv.com.br\\\/site\\\/2026\\\/04\\\/16\\\/dnit-aprova-duplicacao-da-br-232-entre-sao-caetano-e-belo-jardim-com-investimento-de-r-250-milhoes\\\/\"},\"author\":{\"name\":\"ELLO TV\",\"@id\":\"https:\\\/\\\/ellotv.com.br\\\/site\\\/#\\\/schema\\\/person\\\/2dbe3abaee38dcc7332fc8205cd2b15d\"},\"headline\":\"DNIT aprova duplica\u00e7\u00e3o da BR-232 entre S\u00e3o Caetano e Belo Jardim com investimento de R$ 250 milh\u00f5es\",\"datePublished\":\"2026-04-16T13:09:10+00:00\",\"mainEntityOfPage\":{\"@id\":\"https:\\\/\\\/ellotv.com.br\\\/site\\\/2026\\\/04\\\/16\\\/dnit-aprova-duplicacao-da-br-232-entre-sao-caetano-e-belo-jardim-com-investimento-de-r-250-milhoes\\\/\"},\"wordCount\":231,\"commentCount\":0,\"publisher\":{\"@id\":\"https:\\\/\\\/ellotv.com.br\\\/site\\\/#organization\"},\"image\":{\"@id\":\"https:\\\/\\\/ellotv.com.br\\\/site\\\/2026\\\/04\\\/16\\\/dnit-aprova-duplicacao-da-br-232-entre-sao-caetano-e-belo-jardim-com-investimento-de-r-250-milhoes\\\/#primaryimage\"},\"thumbnailUrl\":\"https:\\\/\\\/ellotv.com.br\\\/site\\\/wp-content\\\/uploads\\\/2026\\\/04\\\/WhatsApp-Image-2026-04-16-at-09.38.28.jpeg\",\"articleSection\":[\"Noticias\",\"Regional\"],\"inLanguage\":\"pt-BR\",\"potentialAction\":[{\"@type\":\"CommentAction\",\"name\":\"Comment\",\"target\":[\"https:\\\/\\\/ellotv.com.br\\\/site\\\/2026\\\/04\\\/16\\\/dnit-aprova-duplicacao-da-br-232-entre-sao-caetano-e-belo-jardim-com-investimento-de-r-250-milhoes\\\/#respond\"]}]},{\"@type\":\"WebPage\",\"@id\":\"https:\\\/\\\/ellotv.com.br\\\/site\\\/2026\\\/04\\\/16\\\/dnit-aprova-duplicacao-da-br-232-entre-sao-caetano-e-belo-jardim-com-investimento-de-r-250-milhoes\\\/\",\"url\":\"https:\\\/\\\/ellotv.com.br\\\/site\\\/2026\\\/04\\\/16\\\/dnit-aprova-duplicacao-da-br-232-entre-sao-caetano-e-belo-jardim-com-investimento-de-r-250-milhoes\\\/\",\"name\":\"DNIT aprova duplica\u00e7\u00e3o da BR-232 entre S\u00e3o Caetano e Belo Jardim com investimento de R$ 250 milh\u00f5es - Ello TV\",\"isPartOf\":{\"@id\":\"https:\\\/\\\/ellotv.com.br\\\/site\\\/#website\"},\"primaryImageOfPage\":{\"@id\":\"https:\\\/\\\/ellotv.com.br\\\/site\\\/2026\\\/04\\\/16\\\/dnit-aprova-duplicacao-da-br-232-entre-sao-caetano-e-belo-jardim-com-investimento-de-r-250-milhoes\\\/#primaryimage\"},\"image\":{\"@id\":\"https:\\\/\\\/ellotv.com.br\\\/site\\\/2026\\\/04\\\/16\\\/dnit-aprova-duplicacao-da-br-232-entre-sao-caetano-e-belo-jardim-com-investimento-de-r-250-milhoes\\\/#primaryimage\"},\"thumbnailUrl\":\"https:\\\/\\\/ellotv.com.br\\\/site\\\/wp-content\\\/uploads\\\/2026\\\/04\\\/WhatsApp-Image-2026-04-16-at-09.38.28.jpeg\",\"datePublished\":\"2026-04-16T13:09:10+00:00\",\"description\":\"Pernambuco avan\u00e7a com duplica\u00e7\u00e3o da BR-232 entre S\u00e3o Caetano e Belo Jardim, com investimento de R$ 250 milh\u00f5es e foco em mobilidade.\",\"breadcrumb\":{\"@id\":\"https:\\\/\\\/ellotv.com.br\\\/site\\\/2026\\\/04\\\/16\\\/dnit-aprova-duplicacao-da-br-232-entre-sao-caetano-e-belo-jardim-com-investimento-de-r-250-milhoes\\\/#breadcrumb\"},\"inLanguage\":\"pt-BR\",\"potentialAction\":[{\"@type\":\"ReadAction\",\"target\":[\"https:\\\/\\\/ellotv.com.br\\\/site\\\/2026\\\/04\\\/16\\\/dnit-aprova-duplicacao-da-br-232-entre-sao-caetano-e-belo-jardim-com-investimento-de-r-250-milhoes\\\/\"]}]},{\"@type\":\"ImageObject\",\"inLanguage\":\"pt-BR\",\"@id\":\"https:\\\/\\\/ellotv.com.br\\\/site\\\/2026\\\/04\\\/16\\\/dnit-aprova-duplicacao-da-br-232-entre-sao-caetano-e-belo-jardim-com-investimento-de-r-250-milhoes\\\/#primaryimage\",\"url\":\"https:\\\/\\\/ellotv.com.br\\\/site\\\/wp-content\\\/uploads\\\/2026\\\/04\\\/WhatsApp-Image-2026-04-16-at-09.38.28.jpeg\",\"contentUrl\":\"https:\\\/\\\/ellotv.com.br\\\/site\\\/wp-content\\\/uploads\\\/2026\\\/04\\\/WhatsApp-Image-2026-04-16-at-09.38.28.jpeg\",\"width\":554,\"height\":554},{\"@type\":\"BreadcrumbList\",\"@id\":\"https:\\\/\\\/ellotv.com.br\\\/site\\\/2026\\\/04\\\/16\\\/dnit-aprova-duplicacao-da-br-232-entre-sao-caetano-e-belo-jardim-com-investimento-de-r-250-milhoes\\\/#breadcrumb\",\"itemListElement\":[{\"@type\":\"ListItem\",\"position\":1,\"name\":\"In\u00edcio\",\"item\":\"https:\\\/\\\/ellotv.com.br\\\/site\\\/\"},{\"@type\":\"ListItem\",\"position\":2,\"name\":\"DNIT aprova duplica\u00e7\u00e3o da BR-232 entre S\u00e3o Caetano e Belo Jardim com investimento de R$ 250 milh\u00f5es\"}]},{\"@type\":\"WebSite\",\"@id\":\"https:\\\/\\\/ellotv.com.br\\\/site\\\/#website\",\"url\":\"https:\\\/\\\/ellotv.com.br\\\/site\\\/\",\"name\":\"ELLO TV\",\"description\":\"\",\"publisher\":{\"@id\":\"https:\\\/\\\/ellotv.com.br\\\/site\\\/#organization\"},\"potentialAction\":[{\"@type\":\"SearchAction\",\"target\":{\"@type\":\"EntryPoint\",\"urlTemplate\":\"https:\\\/\\\/ellotv.com.br\\\/site\\\/?s={search_term_string}\"},\"query-input\":{\"@type\":\"PropertyValueSpecification\",\"valueRequired\":true,\"valueName\":\"search_term_string\"}}],\"inLanguage\":\"pt-BR\"},{\"@type\":\"Organization\",\"@id\":\"https:\\\/\\\/ellotv.com.br\\\/site\\\/#organization\",\"name\":\"ELLO TV\",\"url\":\"https:\\\/\\\/ellotv.com.br\\\/site\\\/\",\"logo\":{\"@type\":\"ImageObject\",\"inLanguage\":\"pt-BR\",\"@id\":\"https:\\\/\\\/ellotv.com.br\\\/site\\\/#\\\/schema\\\/logo\\\/image\\\/\",\"url\":\"https:\\\/\\\/ellotv.com.br\\\/site\\\/wp-content\\\/uploads\\\/2025\\\/11\\\/ello-logo-2.fw_.png\",\"contentUrl\":\"https:\\\/\\\/ellotv.com.br\\\/site\\\/wp-content\\\/uploads\\\/2025\\\/11\\\/ello-logo-2.fw_.png\",\"width\":400,\"height\":146,\"caption\":\"ELLO TV\"},\"image\":{\"@id\":\"https:\\\/\\\/ellotv.com.br\\\/site\\\/#\\\/schema\\\/logo\\\/image\\\/\"}},{\"@type\":\"Person\",\"@id\":\"https:\\\/\\\/ellotv.com.br\\\/site\\\/#\\\/schema\\\/person\\\/2dbe3abaee38dcc7332fc8205cd2b15d\",\"name\":\"ELLO TV\",\"image\":{\"@type\":\"ImageObject\",\"inLanguage\":\"pt-BR\",\"@id\":\"https:\\\/\\\/secure.gravatar.com\\\/avatar\\\/c38242b9da8ec217ac3f0aaee31a54f7d7befb11b2b47fdbc8fb0fad60afa1c6?s=96&d=mm&r=g\",\"url\":\"https:\\\/\\\/secure.gravatar.com\\\/avatar\\\/c38242b9da8ec217ac3f0aaee31a54f7d7befb11b2b47fdbc8fb0fad60afa1c6?s=96&d=mm&r=g\",\"contentUrl\":\"https:\\\/\\\/secure.gravatar.com\\\/avatar\\\/c38242b9da8ec217ac3f0aaee31a54f7d7befb11b2b47fdbc8fb0fad60afa1c6?s=96&d=mm&r=g\",\"caption\":\"ELLO TV\"},\"url\":\"https:\\\/\\\/ellotv.com.br\\\/site\\\/author\\\/elloagencia\\\/\"}]}<\/script>\n<!-- \/ Yoast SEO plugin. -->","yoast_head_json":{"title":"DNIT aprova duplica\u00e7\u00e3o da BR-232 entre S\u00e3o Caetano e Belo Jardim com investimento de R$ 250 milh\u00f5es - Ello TV","description":"Pernambuco avan\u00e7a com duplica\u00e7\u00e3o da BR-232 entre S\u00e3o Caetano e Belo Jardim, com investimento de R$ 250 milh\u00f5es e foco em mobilidade.","robots":{"index":"index","follow":"follow","max-snippet":"max-snippet:-1","max-image-preview":"max-image-preview:large","max-video-preview":"max-video-preview:-1"},"canonical":"https:\/\/ellotv.com.br\/site\/2026\/04\/16\/dnit-aprova-duplicacao-da-br-232-entre-sao-caetano-e-belo-jardim-com-investimento-de-r-250-milhoes\/","og_locale":"pt_BR","og_type":"article","og_title":"DNIT aprova duplica\u00e7\u00e3o da BR-232 entre S\u00e3o Caetano e Belo Jardim com investimento de R$ 250 milh\u00f5es - Ello TV","og_description":"Pernambuco avan\u00e7a com duplica\u00e7\u00e3o da BR-232 entre S\u00e3o Caetano e Belo Jardim, com investimento de R$ 250 milh\u00f5es e foco em mobilidade.","og_url":"https:\/\/ellotv.com.br\/site\/2026\/04\/16\/dnit-aprova-duplicacao-da-br-232-entre-sao-caetano-e-belo-jardim-com-investimento-de-r-250-milhoes\/","og_site_name":"Ello TV","article_published_time":"2026-04-16T13:09:10+00:00","og_image":[{"width":554,"height":554,"url":"https:\/\/ellotv.com.br\/site\/wp-content\/uploads\/2026\/04\/WhatsApp-Image-2026-04-16-at-09.38.28.jpeg","type":"image\/jpeg"}],"author":"ELLO TV","twitter_card":"summary_large_image","twitter_misc":{"Escrito por":"ELLO TV","Est. tempo de leitura":"1 minuto"},"schema":{"@context":"https:\/\/schema.org","@graph":[{"@type":"Article","@id":"https:\/\/ellotv.com.br\/site\/2026\/04\/16\/dnit-aprova-duplicacao-da-br-232-entre-sao-caetano-e-belo-jardim-com-investimento-de-r-250-milhoes\/#article","isPartOf":{"@id":"https:\/\/ellotv.com.br\/site\/2026\/04\/16\/dnit-aprova-duplicacao-da-br-232-entre-sao-caetano-e-belo-jardim-com-investimento-de-r-250-milhoes\/"},"author":{"name":"ELLO TV","@id":"https:\/\/ellotv.com.br\/site\/#\/schema\/person\/2dbe3abaee38dcc7332fc8205cd2b15d"},"headline":"DNIT aprova duplica\u00e7\u00e3o da BR-232 entre S\u00e3o Caetano e Belo Jardim com investimento de R$ 250 milh\u00f5es","datePublished":"2026-04-16T13:09:10+00:00","mainEntityOfPage":{"@id":"https:\/\/ellotv.com.br\/site\/2026\/04\/16\/dnit-aprova-duplicacao-da-br-232-entre-sao-caetano-e-belo-jardim-com-investimento-de-r-250-milhoes\/"},"wordCount":231,"commentCount":0,"publisher":{"@id":"https:\/\/ellotv.com.br\/site\/#organization"},"image":{"@id":"https:\/\/ellotv.com.br\/site\/2026\/04\/16\/dnit-aprova-duplicacao-da-br-232-entre-sao-caetano-e-belo-jardim-com-investimento-de-r-250-milhoes\/#primaryimage"},"thumbnailUrl":"https:\/\/ellotv.com.br\/site\/wp-content\/uploads\/2026\/04\/WhatsApp-Image-2026-04-16-at-09.38.28.jpeg","articleSection":["Noticias","Regional"],"inLanguage":"pt-BR","potentialAction":[{"@type":"CommentAction","name":"Comment","target":["https:\/\/ellotv.com.br\/site\/2026\/04\/16\/dnit-aprova-duplicacao-da-br-232-entre-sao-caetano-e-belo-jardim-com-investimento-de-r-250-milhoes\/#respond"]}]},{"@type":"WebPage","@id":"https:\/\/ellotv.com.br\/site\/2026\/04\/16\/dnit-aprova-duplicacao-da-br-232-entre-sao-caetano-e-belo-jardim-com-investimento-de-r-250-milhoes\/","url":"https:\/\/ellotv.com.br\/site\/2026\/04\/16\/dnit-aprova-duplicacao-da-br-232-entre-sao-caetano-e-belo-jardim-com-investimento-de-r-250-milhoes\/","name":"DNIT aprova duplica\u00e7\u00e3o da BR-232 entre S\u00e3o Caetano e Belo Jardim com investimento de R$ 250 milh\u00f5es - Ello TV","isPartOf":{"@id":"https:\/\/ellotv.com.br\/site\/#website"},"primaryImageOfPage":{"@id":"https:\/\/ellotv.com.br\/site\/2026\/04\/16\/dnit-aprova-duplicacao-da-br-232-entre-sao-caetano-e-belo-jardim-com-investimento-de-r-250-milhoes\/#primaryimage"},"image":{"@id":"https:\/\/ellotv.com.br\/site\/2026\/04\/16\/dnit-aprova-duplicacao-da-br-232-entre-sao-caetano-e-belo-jardim-com-investimento-de-r-250-milhoes\/#primaryimage"},"thumbnailUrl":"https:\/\/ellotv.com.br\/site\/wp-content\/uploads\/2026\/04\/WhatsApp-Image-2026-04-16-at-09.38.28.jpeg","datePublished":"2026-04-16T13:09:10+00:00","description":"Pernambuco avan\u00e7a com duplica\u00e7\u00e3o da BR-232 entre S\u00e3o Caetano e Belo Jardim, com investimento de R$ 250 milh\u00f5es e foco em mobilidade.","breadcrumb":{"@id":"https:\/\/ellotv.com.br\/site\/2026\/04\/16\/dnit-aprova-duplicacao-da-br-232-entre-sao-caetano-e-belo-jardim-com-investimento-de-r-250-milhoes\/#breadcrumb"},"inLanguage":"pt-BR","potentialAction":[{"@type":"ReadAction","target":["https:\/\/ellotv.com.br\/site\/2026\/04\/16\/dnit-aprova-duplicacao-da-br-232-entre-sao-caetano-e-belo-jardim-com-investimento-de-r-250-milhoes\/"]}]},{"@type":"ImageObject","inLanguage":"pt-BR","@id":"https:\/\/ellotv.com.br\/site\/2026\/04\/16\/dnit-aprova-duplicacao-da-br-232-entre-sao-caetano-e-belo-jardim-com-investimento-de-r-250-milhoes\/#primaryimage","url":"https:\/\/ellotv.com.br\/site\/wp-content\/uploads\/2026\/04\/WhatsApp-Image-2026-04-16-at-09.38.28.jpeg","contentUrl":"https:\/\/ellotv.com.br\/site\/wp-content\/uploads\/2026\/04\/WhatsApp-Image-2026-04-16-at-09.38.28.jpeg","width":554,"height":554},{"@type":"BreadcrumbList","@id":"https:\/\/ellotv.com.br\/site\/2026\/04\/16\/dnit-aprova-duplicacao-da-br-232-entre-sao-caetano-e-belo-jardim-com-investimento-de-r-250-milhoes\/#breadcrumb","itemListElement":[{"@type":"ListItem","position":1,"name":"In\u00edcio","item":"https:\/\/ellotv.com.br\/site\/"},{"@type":"ListItem","position":2,"name":"DNIT aprova duplica\u00e7\u00e3o da BR-232 entre S\u00e3o Caetano e Belo Jardim com investimento de R$ 250 milh\u00f5es"}]},{"@type":"WebSite","@id":"https:\/\/ellotv.com.br\/site\/#website","url":"https:\/\/ellotv.com.br\/site\/","name":"ELLO TV","description":"","publisher":{"@id":"https:\/\/ellotv.com.br\/site\/#organization"},"potentialAction":[{"@type":"SearchAction","target":{"@type":"EntryPoint","urlTemplate":"https:\/\/ellotv.com.br\/site\/?s={search_term_string}"},"query-input":{"@type":"PropertyValueSpecification","valueRequired":true,"valueName":"search_term_string"}}],"inLanguage":"pt-BR"},{"@type":"Organization","@id":"https:\/\/ellotv.com.br\/site\/#organization","name":"ELLO TV","url":"https:\/\/ellotv.com.br\/site\/","logo":{"@type":"ImageObject","inLanguage":"pt-BR","@id":"https:\/\/ellotv.com.br\/site\/#\/schema\/logo\/image\/","url":"https:\/\/ellotv.com.br\/site\/wp-content\/uploads\/2025\/11\/ello-logo-2.fw_.png","contentUrl":"https:\/\/ellotv.com.br\/site\/wp-content\/uploads\/2025\/11\/ello-logo-2.fw_.png","width":400,"height":146,"caption":"ELLO TV"},"image":{"@id":"https:\/\/ellotv.com.br\/site\/#\/schema\/logo\/image\/"}},{"@type":"Person","@id":"https:\/\/ellotv.com.br\/site\/#\/schema\/person\/2dbe3abaee38dcc7332fc8205cd2b15d","name":"ELLO TV","image":{"@type":"ImageObject","inLanguage":"pt-BR","@id":"https:\/\/secure.gravatar.com\/avatar\/c38242b9da8ec217ac3f0aaee31a54f7d7befb11b2b47fdbc8fb0fad60afa1c6?s=96&d=mm&r=g","url":"https:\/\/secure.gravatar.com\/avatar\/c38242b9da8ec217ac3f0aaee31a54f7d7befb11b2b47fdbc8fb0fad60afa1c6?s=96&d=mm&r=g","contentUrl":"https:\/\/secure.gravatar.com\/avatar\/c38242b9da8ec217ac3f0aaee31a54f7d7befb11b2b47fdbc8fb0fad60afa1c6?s=96&d=mm&r=g","caption":"ELLO TV"},"url":"https:\/\/ellotv.com.br\/site\/author\/elloagencia\/"}]}},"featured_image_urls":{"full":["https:\/\/ellotv.com.br\/site\/wp-content\/uploads\/2026\/04\/WhatsApp-Image-2026-04-16-at-09.38.28.jpeg",554,554,false],"thumbnail":["https:\/\/ellotv.com.br\/site\/wp-content\/uploads\/2026\/04\/WhatsApp-Image-2026-04-16-at-09.38.28-150x150.jpeg",150,150,true],"medium":["https:\/\/ellotv.com.br\/site\/wp-content\/uploads\/2026\/04\/WhatsApp-Image-2026-04-16-at-09.38.28-300x300.jpeg",300,300,true],"medium_large":["https:\/\/ellotv.com.br\/site\/wp-content\/uploads\/2026\/04\/WhatsApp-Image-2026-04-16-at-09.38.28.jpeg",554,554,false],"large":["https:\/\/ellotv.com.br\/site\/wp-content\/uploads\/2026\/04\/WhatsApp-Image-2026-04-16-at-09.38.28.jpeg",554,554,false],"1536x1536":["https:\/\/ellotv.com.br\/site\/wp-content\/uploads\/2026\/04\/WhatsApp-Image-2026-04-16-at-09.38.28.jpeg",554,554,false],"2048x2048":["https:\/\/ellotv.com.br\/site\/wp-content\/uploads\/2026\/04\/WhatsApp-Image-2026-04-16-at-09.38.28.jpeg",554,554,false],"darknews-slider-full":["https:\/\/ellotv.com.br\/site\/wp-content\/uploads\/2026\/04\/WhatsApp-Image-2026-04-16-at-09.38.28.jpeg",554,554,false],"darknews-featured":["https:\/\/ellotv.com.br\/site\/wp-content\/uploads\/2026\/04\/WhatsApp-Image-2026-04-16-at-09.38.28.jpeg",554,554,false],"darknews-medium":["https:\/\/ellotv.com.br\/site\/wp-content\/uploads\/2026\/04\/WhatsApp-Image-2026-04-16-at-09.38.28-554x530.jpeg",554,530,true],"darknews-medium-square":["https:\/\/ellotv.com.br\/site\/wp-content\/uploads\/2026\/04\/WhatsApp-Image-2026-04-16-at-09.38.28-350x350.jpeg",350,350,true]},"author_info":{"info":["ELLO TV"]},"category_info":"<a href=\"https:\/\/ellotv.com.br\/site\/category\/noticias\/\" rel=\"category tag\">Noticias<\/a> <a href=\"https:\/\/ellotv.com.br\/site\/category\/regional\/\" rel=\"category tag\">Regional<\/a>","tag_info":"Regional","comment_count":"0","_links":{"self":[{"href":"https:\/\/ellotv.com.br\/site\/wp-json\/wp\/v2\/posts\/5699","targetHints":{"allow":["GET"]}}],"collection":[{"href":"https:\/\/ellotv.com.br\/site\/wp-json\/wp\/v2\/posts"}],"about":[{"href":"https:\/\/ellotv.com.br\/site\/wp-json\/wp\/v2\/types\/post"}],"author":[{"embeddable":true,"href":"https:\/\/ellotv.com.br\/site\/wp-json\/wp\/v2\/users\/2"}],"replies":[{"embeddable":true,"href":"https:\/\/ellotv.com.br\/site\/wp-json\/wp\/v2\/comments?post=5699"}],"version-history":[{"count":1,"href":"https:\/\/ellotv.com.br\/site\/wp-json\/wp\/v2\/posts\/5699\/revisions"}],"predecessor-version":[{"id":5701,"href":"https:\/\/ellotv.com.br\/site\/wp-json\/wp\/v2\/posts\/5699\/revisions\/5701"}],"wp:featuredmedia":[{"embeddable":true,"href":"https:\/\/ellotv.com.br\/site\/wp-json\/wp\/v2\/media\/5700"}],"wp:attachment":[{"href":"https:\/\/ellotv.com.br\/site\/wp-json\/wp\/v2\/media?parent=5699"}],"wp:term":[{"taxonomy":"category","embeddable":true,"href":"https:\/\/ellotv.com.br\/site\/wp-json\/wp\/v2\/categories?post=5699"},{"taxonomy":"post_tag","embeddable":true,"href":"https:\/\/ellotv.com.br\/site\/wp-json\/wp\/v2\/tags?post=5699"}],"curies":[{"name":"wp","href":"https:\/\/api.w.org\/{rel}","templated":true}]}}