{"id":5705,"date":"2026-04-16T10:16:11","date_gmt":"2026-04-16T13:16:11","guid":{"rendered":"https:\/\/ellotv.com.br\/site\/?p=5705"},"modified":"2026-04-16T10:16:11","modified_gmt":"2026-04-16T13:16:11","slug":"causos-causas-recebe-dra-janielly-nunes-nesta-quinta-16","status":"publish","type":"post","link":"https:\/\/ellotv.com.br\/site\/2026\/04\/16\/causos-causas-recebe-dra-janielly-nunes-nesta-quinta-16\/","title":{"rendered":"Causos &#038; Causas recebe Dra. Janielly Nunes nesta quinta (16)"},"content":{"rendered":"<p data-start=\"66\" data-end=\"284\">Nesta quinta-feira (16), o programa <a href=\"https:\/\/www.instagram.com\/causos.causas?igsh=MXAyYTY4OG8yeGp0eg==\"><span class=\"hover:entity-accent entity-underline inline cursor-pointer align-baseline\"><span class=\"whitespace-normal\">Causos &amp; Causas<\/span><\/span><\/a> recebe a advogada <a href=\"https:\/\/www.instagram.com\/janielly.nuness?igsh=NTY1a3puNGNkdmtq\"><span class=\"hover:entity-accent entity-underline inline cursor-pointer align-baseline\"><span class=\"whitespace-normal\">Janielly Nunes<\/span><\/span><\/a> para um bate-papo que conecta direito, pol\u00edtica institucional e trajet\u00f3ria profissional.<\/p>\n<h3 data-section-id=\"1a1dmdb\" data-start=\"286\" data-end=\"310\">\u2696\ufe0f Temas em destaque<\/h3>\n<p data-start=\"312\" data-end=\"371\">Durante a conversa, dois assuntos centrais ser\u00e3o abordados:<\/p>\n<p data-start=\"373\" data-end=\"541\">1\ufe0f\u20e3 <strong data-start=\"377\" data-end=\"397\">Prova Emprestada<\/strong>: os limites e possibilidades entre as \u00e1reas C\u00edvel e Penal, tema que ganhou destaque em sua palestra na <span class=\"hover:entity-accent entity-underline inline cursor-pointer align-baseline\"><span class=\"whitespace-normal\">OAB S\u00e3o Jos\u00e9 do Egito<\/span><\/span>.<\/p>\n<p data-start=\"543\" data-end=\"699\">2\ufe0f\u20e3 <strong data-start=\"547\" data-end=\"572\">Quinto Constitucional<\/strong>: a experi\u00eancia de quem j\u00e1 disputou vaga de desembargadora e sua vis\u00e3o sobre o futuro do <span class=\"hover:entity-accent entity-underline inline cursor-pointer align-baseline\"><span class=\"whitespace-normal\">TJPE<\/span><\/span>.<\/p>\n<h3 data-section-id=\"e37ww0\" data-start=\"701\" data-end=\"733\">\ud83c\udf99\ufe0f Experi\u00eancia e trajet\u00f3ria<\/h3>\n<p data-start=\"735\" data-end=\"927\">Janielly re\u00fane a sensibilidade da doc\u00eancia com a firmeza de quem conhece de perto os bastidores do Judici\u00e1rio, trazendo reflex\u00f5es importantes sobre carreira, justi\u00e7a e desafios institucionais.<\/p>\n<h3 data-section-id=\"1xp3lci\" data-start=\"929\" data-end=\"943\">\ud83d\udcfa Servi\u00e7o<\/h3>\n<p data-start=\"945\" data-end=\"1071\">\ud83d\uddd3\ufe0f <strong data-start=\"949\" data-end=\"960\">Quando:<\/strong> Quinta-feira, 16 de abril<br data-start=\"986\" data-end=\"989\" \/>\ud83d\udd5b <strong data-start=\"992\" data-end=\"1001\">Hora:<\/strong> 12h<br data-start=\"1005\" data-end=\"1008\" \/>\ud83d\udccd <strong data-start=\"1011\" data-end=\"1020\">Onde:<\/strong> <a href=\"https:\/\/www.youtube.com\/@ELLOTVOF\">YouTube da <span class=\"hover:entity-accent entity-underline inline cursor-pointer align-baseline\"><span class=\"whitespace-normal\">ELLO TV<\/span><\/span><\/a><\/p>\n<p data-start=\"1073\" data-end=\"1148\">Um epis\u00f3dio marcado por conhecimento, experi\u00eancia e hist\u00f3rias de supera\u00e7\u00e3o.<\/p>\n","protected":false},"excerpt":{"rendered":"<p>Nesta quinta-feira (16), o programa Causos &amp; Causas recebe a advogada Janielly Nunes para um bate-papo que conecta<\/p>\n","protected":false},"author":2,"featured_media":5706,"comment_status":"open","ping_status":"open","sticky":false,"template":"","format":"standard","meta":{"footnotes":""},"categories":[1],"tags":[],"class_list":["post-5705","post","type-post","status-publish","format-standard","has-post-thumbnail","hentry","category-ello"],"yoast_head":"<!-- This site is optimized with the Yoast SEO plugin v28.3 - https:\/\/yoast.com\/product\/yoast-seo-wordpress\/ -->\n<title>Causos &amp; Causas recebe Dra. Janielly Nunes nesta quinta (16) - Ello TV<\/title>\n<meta name=\"description\" content=\"Causos &amp; Causas recebe Dra. Janielly Nunes para falar sobre prova emprestada e quinto constitucional nesta quinta, \u00e0s 12h, na ELLO TV.\" \/>\n<meta name=\"robots\" content=\"index, follow, max-snippet:-1, max-image-preview:large, max-video-preview:-1\" \/>\n<link rel=\"canonical\" href=\"https:\/\/ellotv.com.br\/site\/2026\/04\/16\/causos-causas-recebe-dra-janielly-nunes-nesta-quinta-16\/\" \/>\n<meta property=\"og:locale\" content=\"pt_BR\" \/>\n<meta property=\"og:type\" content=\"article\" \/>\n<meta property=\"og:title\" content=\"Causos &amp; Causas recebe Dra. Janielly Nunes nesta quinta (16) - Ello TV\" \/>\n<meta property=\"og:description\" content=\"Causos &amp; Causas recebe Dra. Janielly Nunes para falar sobre prova emprestada e quinto constitucional nesta quinta, \u00e0s 12h, na ELLO TV.\" \/>\n<meta property=\"og:url\" content=\"https:\/\/ellotv.com.br\/site\/2026\/04\/16\/causos-causas-recebe-dra-janielly-nunes-nesta-quinta-16\/\" \/>\n<meta property=\"og:site_name\" content=\"Ello TV\" \/>\n<meta property=\"article:published_time\" content=\"2026-04-16T13:16:11+00:00\" \/>\n<meta property=\"og:image\" content=\"https:\/\/ellotv.com.br\/site\/wp-content\/uploads\/2026\/04\/WhatsApp-Image-2026-04-16-at-09.16.34.jpeg\" \/>\n\t<meta property=\"og:image:width\" content=\"1080\" \/>\n\t<meta property=\"og:image:height\" content=\"1350\" \/>\n\t<meta property=\"og:image:type\" content=\"image\/jpeg\" \/>\n<meta name=\"author\" content=\"ELLO TV\" \/>\n<meta name=\"twitter:card\" content=\"summary_large_image\" \/>\n<meta name=\"twitter:label1\" content=\"Escrito por\" \/>\n\t<meta name=\"twitter:data1\" content=\"ELLO TV\" \/>\n\t<meta name=\"twitter:label2\" content=\"Est. tempo de leitura\" \/>\n\t<meta name=\"twitter:data2\" content=\"1 minuto\" \/>\n<script type=\"application\/ld+json\" class=\"yoast-schema-graph\">{\"@context\":\"https:\\\/\\\/schema.org\",\"@graph\":[{\"@type\":\"Article\",\"@id\":\"https:\\\/\\\/ellotv.com.br\\\/site\\\/2026\\\/04\\\/16\\\/causos-causas-recebe-dra-janielly-nunes-nesta-quinta-16\\\/#article\",\"isPartOf\":{\"@id\":\"https:\\\/\\\/ellotv.com.br\\\/site\\\/2026\\\/04\\\/16\\\/causos-causas-recebe-dra-janielly-nunes-nesta-quinta-16\\\/\"},\"author\":{\"name\":\"ELLO TV\",\"@id\":\"https:\\\/\\\/ellotv.com.br\\\/site\\\/#\\\/schema\\\/person\\\/2dbe3abaee38dcc7332fc8205cd2b15d\"},\"headline\":\"Causos &#038; Causas recebe Dra. Janielly Nunes nesta quinta (16)\",\"datePublished\":\"2026-04-16T13:16:11+00:00\",\"mainEntityOfPage\":{\"@id\":\"https:\\\/\\\/ellotv.com.br\\\/site\\\/2026\\\/04\\\/16\\\/causos-causas-recebe-dra-janielly-nunes-nesta-quinta-16\\\/\"},\"wordCount\":157,\"commentCount\":0,\"publisher\":{\"@id\":\"https:\\\/\\\/ellotv.com.br\\\/site\\\/#organization\"},\"image\":{\"@id\":\"https:\\\/\\\/ellotv.com.br\\\/site\\\/2026\\\/04\\\/16\\\/causos-causas-recebe-dra-janielly-nunes-nesta-quinta-16\\\/#primaryimage\"},\"thumbnailUrl\":\"https:\\\/\\\/ellotv.com.br\\\/site\\\/wp-content\\\/uploads\\\/2026\\\/04\\\/WhatsApp-Image-2026-04-16-at-09.16.34.jpeg\",\"articleSection\":[\"Ello\"],\"inLanguage\":\"pt-BR\",\"potentialAction\":[{\"@type\":\"CommentAction\",\"name\":\"Comment\",\"target\":[\"https:\\\/\\\/ellotv.com.br\\\/site\\\/2026\\\/04\\\/16\\\/causos-causas-recebe-dra-janielly-nunes-nesta-quinta-16\\\/#respond\"]}]},{\"@type\":\"WebPage\",\"@id\":\"https:\\\/\\\/ellotv.com.br\\\/site\\\/2026\\\/04\\\/16\\\/causos-causas-recebe-dra-janielly-nunes-nesta-quinta-16\\\/\",\"url\":\"https:\\\/\\\/ellotv.com.br\\\/site\\\/2026\\\/04\\\/16\\\/causos-causas-recebe-dra-janielly-nunes-nesta-quinta-16\\\/\",\"name\":\"Causos & Causas recebe Dra. Janielly Nunes nesta quinta (16) - Ello TV\",\"isPartOf\":{\"@id\":\"https:\\\/\\\/ellotv.com.br\\\/site\\\/#website\"},\"primaryImageOfPage\":{\"@id\":\"https:\\\/\\\/ellotv.com.br\\\/site\\\/2026\\\/04\\\/16\\\/causos-causas-recebe-dra-janielly-nunes-nesta-quinta-16\\\/#primaryimage\"},\"image\":{\"@id\":\"https:\\\/\\\/ellotv.com.br\\\/site\\\/2026\\\/04\\\/16\\\/causos-causas-recebe-dra-janielly-nunes-nesta-quinta-16\\\/#primaryimage\"},\"thumbnailUrl\":\"https:\\\/\\\/ellotv.com.br\\\/site\\\/wp-content\\\/uploads\\\/2026\\\/04\\\/WhatsApp-Image-2026-04-16-at-09.16.34.jpeg\",\"datePublished\":\"2026-04-16T13:16:11+00:00\",\"description\":\"Causos & Causas recebe Dra. Janielly Nunes para falar sobre prova emprestada e quinto constitucional nesta quinta, \u00e0s 12h, na ELLO TV.\",\"breadcrumb\":{\"@id\":\"https:\\\/\\\/ellotv.com.br\\\/site\\\/2026\\\/04\\\/16\\\/causos-causas-recebe-dra-janielly-nunes-nesta-quinta-16\\\/#breadcrumb\"},\"inLanguage\":\"pt-BR\",\"potentialAction\":[{\"@type\":\"ReadAction\",\"target\":[\"https:\\\/\\\/ellotv.com.br\\\/site\\\/2026\\\/04\\\/16\\\/causos-causas-recebe-dra-janielly-nunes-nesta-quinta-16\\\/\"]}]},{\"@type\":\"ImageObject\",\"inLanguage\":\"pt-BR\",\"@id\":\"https:\\\/\\\/ellotv.com.br\\\/site\\\/2026\\\/04\\\/16\\\/causos-causas-recebe-dra-janielly-nunes-nesta-quinta-16\\\/#primaryimage\",\"url\":\"https:\\\/\\\/ellotv.com.br\\\/site\\\/wp-content\\\/uploads\\\/2026\\\/04\\\/WhatsApp-Image-2026-04-16-at-09.16.34.jpeg\",\"contentUrl\":\"https:\\\/\\\/ellotv.com.br\\\/site\\\/wp-content\\\/uploads\\\/2026\\\/04\\\/WhatsApp-Image-2026-04-16-at-09.16.34.jpeg\",\"width\":1080,\"height\":1350},{\"@type\":\"BreadcrumbList\",\"@id\":\"https:\\\/\\\/ellotv.com.br\\\/site\\\/2026\\\/04\\\/16\\\/causos-causas-recebe-dra-janielly-nunes-nesta-quinta-16\\\/#breadcrumb\",\"itemListElement\":[{\"@type\":\"ListItem\",\"position\":1,\"name\":\"In\u00edcio\",\"item\":\"https:\\\/\\\/ellotv.com.br\\\/site\\\/\"},{\"@type\":\"ListItem\",\"position\":2,\"name\":\"Causos &#038; Causas recebe Dra. Janielly Nunes nesta quinta (16)\"}]},{\"@type\":\"WebSite\",\"@id\":\"https:\\\/\\\/ellotv.com.br\\\/site\\\/#website\",\"url\":\"https:\\\/\\\/ellotv.com.br\\\/site\\\/\",\"name\":\"ELLO TV\",\"description\":\"\",\"publisher\":{\"@id\":\"https:\\\/\\\/ellotv.com.br\\\/site\\\/#organization\"},\"potentialAction\":[{\"@type\":\"SearchAction\",\"target\":{\"@type\":\"EntryPoint\",\"urlTemplate\":\"https:\\\/\\\/ellotv.com.br\\\/site\\\/?s={search_term_string}\"},\"query-input\":{\"@type\":\"PropertyValueSpecification\",\"valueRequired\":true,\"valueName\":\"search_term_string\"}}],\"inLanguage\":\"pt-BR\"},{\"@type\":\"Organization\",\"@id\":\"https:\\\/\\\/ellotv.com.br\\\/site\\\/#organization\",\"name\":\"ELLO TV\",\"url\":\"https:\\\/\\\/ellotv.com.br\\\/site\\\/\",\"logo\":{\"@type\":\"ImageObject\",\"inLanguage\":\"pt-BR\",\"@id\":\"https:\\\/\\\/ellotv.com.br\\\/site\\\/#\\\/schema\\\/logo\\\/image\\\/\",\"url\":\"https:\\\/\\\/ellotv.com.br\\\/site\\\/wp-content\\\/uploads\\\/2025\\\/11\\\/ello-logo-2.fw_.png\",\"contentUrl\":\"https:\\\/\\\/ellotv.com.br\\\/site\\\/wp-content\\\/uploads\\\/2025\\\/11\\\/ello-logo-2.fw_.png\",\"width\":400,\"height\":146,\"caption\":\"ELLO TV\"},\"image\":{\"@id\":\"https:\\\/\\\/ellotv.com.br\\\/site\\\/#\\\/schema\\\/logo\\\/image\\\/\"}},{\"@type\":\"Person\",\"@id\":\"https:\\\/\\\/ellotv.com.br\\\/site\\\/#\\\/schema\\\/person\\\/2dbe3abaee38dcc7332fc8205cd2b15d\",\"name\":\"ELLO TV\",\"image\":{\"@type\":\"ImageObject\",\"inLanguage\":\"pt-BR\",\"@id\":\"https:\\\/\\\/secure.gravatar.com\\\/avatar\\\/c38242b9da8ec217ac3f0aaee31a54f7d7befb11b2b47fdbc8fb0fad60afa1c6?s=96&d=mm&r=g\",\"url\":\"https:\\\/\\\/secure.gravatar.com\\\/avatar\\\/c38242b9da8ec217ac3f0aaee31a54f7d7befb11b2b47fdbc8fb0fad60afa1c6?s=96&d=mm&r=g\",\"contentUrl\":\"https:\\\/\\\/secure.gravatar.com\\\/avatar\\\/c38242b9da8ec217ac3f0aaee31a54f7d7befb11b2b47fdbc8fb0fad60afa1c6?s=96&d=mm&r=g\",\"caption\":\"ELLO TV\"},\"url\":\"https:\\\/\\\/ellotv.com.br\\\/site\\\/author\\\/elloagencia\\\/\"}]}<\/script>\n<!-- \/ Yoast SEO plugin. -->","yoast_head_json":{"title":"Causos & Causas recebe Dra. Janielly Nunes nesta quinta (16) - Ello TV","description":"Causos & Causas recebe Dra. Janielly Nunes para falar sobre prova emprestada e quinto constitucional nesta quinta, \u00e0s 12h, na ELLO TV.","robots":{"index":"index","follow":"follow","max-snippet":"max-snippet:-1","max-image-preview":"max-image-preview:large","max-video-preview":"max-video-preview:-1"},"canonical":"https:\/\/ellotv.com.br\/site\/2026\/04\/16\/causos-causas-recebe-dra-janielly-nunes-nesta-quinta-16\/","og_locale":"pt_BR","og_type":"article","og_title":"Causos & Causas recebe Dra. Janielly Nunes nesta quinta (16) - Ello TV","og_description":"Causos & Causas recebe Dra. Janielly Nunes para falar sobre prova emprestada e quinto constitucional nesta quinta, \u00e0s 12h, na ELLO TV.","og_url":"https:\/\/ellotv.com.br\/site\/2026\/04\/16\/causos-causas-recebe-dra-janielly-nunes-nesta-quinta-16\/","og_site_name":"Ello TV","article_published_time":"2026-04-16T13:16:11+00:00","og_image":[{"width":1080,"height":1350,"url":"https:\/\/ellotv.com.br\/site\/wp-content\/uploads\/2026\/04\/WhatsApp-Image-2026-04-16-at-09.16.34.jpeg","type":"image\/jpeg"}],"author":"ELLO TV","twitter_card":"summary_large_image","twitter_misc":{"Escrito por":"ELLO TV","Est. tempo de leitura":"1 minuto"},"schema":{"@context":"https:\/\/schema.org","@graph":[{"@type":"Article","@id":"https:\/\/ellotv.com.br\/site\/2026\/04\/16\/causos-causas-recebe-dra-janielly-nunes-nesta-quinta-16\/#article","isPartOf":{"@id":"https:\/\/ellotv.com.br\/site\/2026\/04\/16\/causos-causas-recebe-dra-janielly-nunes-nesta-quinta-16\/"},"author":{"name":"ELLO TV","@id":"https:\/\/ellotv.com.br\/site\/#\/schema\/person\/2dbe3abaee38dcc7332fc8205cd2b15d"},"headline":"Causos &#038; Causas recebe Dra. Janielly Nunes nesta quinta (16)","datePublished":"2026-04-16T13:16:11+00:00","mainEntityOfPage":{"@id":"https:\/\/ellotv.com.br\/site\/2026\/04\/16\/causos-causas-recebe-dra-janielly-nunes-nesta-quinta-16\/"},"wordCount":157,"commentCount":0,"publisher":{"@id":"https:\/\/ellotv.com.br\/site\/#organization"},"image":{"@id":"https:\/\/ellotv.com.br\/site\/2026\/04\/16\/causos-causas-recebe-dra-janielly-nunes-nesta-quinta-16\/#primaryimage"},"thumbnailUrl":"https:\/\/ellotv.com.br\/site\/wp-content\/uploads\/2026\/04\/WhatsApp-Image-2026-04-16-at-09.16.34.jpeg","articleSection":["Ello"],"inLanguage":"pt-BR","potentialAction":[{"@type":"CommentAction","name":"Comment","target":["https:\/\/ellotv.com.br\/site\/2026\/04\/16\/causos-causas-recebe-dra-janielly-nunes-nesta-quinta-16\/#respond"]}]},{"@type":"WebPage","@id":"https:\/\/ellotv.com.br\/site\/2026\/04\/16\/causos-causas-recebe-dra-janielly-nunes-nesta-quinta-16\/","url":"https:\/\/ellotv.com.br\/site\/2026\/04\/16\/causos-causas-recebe-dra-janielly-nunes-nesta-quinta-16\/","name":"Causos & Causas recebe Dra. Janielly Nunes nesta quinta (16) - Ello TV","isPartOf":{"@id":"https:\/\/ellotv.com.br\/site\/#website"},"primaryImageOfPage":{"@id":"https:\/\/ellotv.com.br\/site\/2026\/04\/16\/causos-causas-recebe-dra-janielly-nunes-nesta-quinta-16\/#primaryimage"},"image":{"@id":"https:\/\/ellotv.com.br\/site\/2026\/04\/16\/causos-causas-recebe-dra-janielly-nunes-nesta-quinta-16\/#primaryimage"},"thumbnailUrl":"https:\/\/ellotv.com.br\/site\/wp-content\/uploads\/2026\/04\/WhatsApp-Image-2026-04-16-at-09.16.34.jpeg","datePublished":"2026-04-16T13:16:11+00:00","description":"Causos & Causas recebe Dra. Janielly Nunes para falar sobre prova emprestada e quinto constitucional nesta quinta, \u00e0s 12h, na ELLO TV.","breadcrumb":{"@id":"https:\/\/ellotv.com.br\/site\/2026\/04\/16\/causos-causas-recebe-dra-janielly-nunes-nesta-quinta-16\/#breadcrumb"},"inLanguage":"pt-BR","potentialAction":[{"@type":"ReadAction","target":["https:\/\/ellotv.com.br\/site\/2026\/04\/16\/causos-causas-recebe-dra-janielly-nunes-nesta-quinta-16\/"]}]},{"@type":"ImageObject","inLanguage":"pt-BR","@id":"https:\/\/ellotv.com.br\/site\/2026\/04\/16\/causos-causas-recebe-dra-janielly-nunes-nesta-quinta-16\/#primaryimage","url":"https:\/\/ellotv.com.br\/site\/wp-content\/uploads\/2026\/04\/WhatsApp-Image-2026-04-16-at-09.16.34.jpeg","contentUrl":"https:\/\/ellotv.com.br\/site\/wp-content\/uploads\/2026\/04\/WhatsApp-Image-2026-04-16-at-09.16.34.jpeg","width":1080,"height":1350},{"@type":"BreadcrumbList","@id":"https:\/\/ellotv.com.br\/site\/2026\/04\/16\/causos-causas-recebe-dra-janielly-nunes-nesta-quinta-16\/#breadcrumb","itemListElement":[{"@type":"ListItem","position":1,"name":"In\u00edcio","item":"https:\/\/ellotv.com.br\/site\/"},{"@type":"ListItem","position":2,"name":"Causos &#038; Causas recebe Dra. Janielly Nunes nesta quinta (16)"}]},{"@type":"WebSite","@id":"https:\/\/ellotv.com.br\/site\/#website","url":"https:\/\/ellotv.com.br\/site\/","name":"ELLO TV","description":"","publisher":{"@id":"https:\/\/ellotv.com.br\/site\/#organization"},"potentialAction":[{"@type":"SearchAction","target":{"@type":"EntryPoint","urlTemplate":"https:\/\/ellotv.com.br\/site\/?s={search_term_string}"},"query-input":{"@type":"PropertyValueSpecification","valueRequired":true,"valueName":"search_term_string"}}],"inLanguage":"pt-BR"},{"@type":"Organization","@id":"https:\/\/ellotv.com.br\/site\/#organization","name":"ELLO TV","url":"https:\/\/ellotv.com.br\/site\/","logo":{"@type":"ImageObject","inLanguage":"pt-BR","@id":"https:\/\/ellotv.com.br\/site\/#\/schema\/logo\/image\/","url":"https:\/\/ellotv.com.br\/site\/wp-content\/uploads\/2025\/11\/ello-logo-2.fw_.png","contentUrl":"https:\/\/ellotv.com.br\/site\/wp-content\/uploads\/2025\/11\/ello-logo-2.fw_.png","width":400,"height":146,"caption":"ELLO TV"},"image":{"@id":"https:\/\/ellotv.com.br\/site\/#\/schema\/logo\/image\/"}},{"@type":"Person","@id":"https:\/\/ellotv.com.br\/site\/#\/schema\/person\/2dbe3abaee38dcc7332fc8205cd2b15d","name":"ELLO TV","image":{"@type":"ImageObject","inLanguage":"pt-BR","@id":"https:\/\/secure.gravatar.com\/avatar\/c38242b9da8ec217ac3f0aaee31a54f7d7befb11b2b47fdbc8fb0fad60afa1c6?s=96&d=mm&r=g","url":"https:\/\/secure.gravatar.com\/avatar\/c38242b9da8ec217ac3f0aaee31a54f7d7befb11b2b47fdbc8fb0fad60afa1c6?s=96&d=mm&r=g","contentUrl":"https:\/\/secure.gravatar.com\/avatar\/c38242b9da8ec217ac3f0aaee31a54f7d7befb11b2b47fdbc8fb0fad60afa1c6?s=96&d=mm&r=g","caption":"ELLO TV"},"url":"https:\/\/ellotv.com.br\/site\/author\/elloagencia\/"}]}},"featured_image_urls":{"full":["https:\/\/ellotv.com.br\/site\/wp-content\/uploads\/2026\/04\/WhatsApp-Image-2026-04-16-at-09.16.34.jpeg",1080,1350,false],"thumbnail":["https:\/\/ellotv.com.br\/site\/wp-content\/uploads\/2026\/04\/WhatsApp-Image-2026-04-16-at-09.16.34-150x150.jpeg",150,150,true],"medium":["https:\/\/ellotv.com.br\/site\/wp-content\/uploads\/2026\/04\/WhatsApp-Image-2026-04-16-at-09.16.34-240x300.jpeg",240,300,true],"medium_large":["https:\/\/ellotv.com.br\/site\/wp-content\/uploads\/2026\/04\/WhatsApp-Image-2026-04-16-at-09.16.34-768x960.jpeg",640,800,true],"large":["https:\/\/ellotv.com.br\/site\/wp-content\/uploads\/2026\/04\/WhatsApp-Image-2026-04-16-at-09.16.34-819x1024.jpeg",640,800,true],"1536x1536":["https:\/\/ellotv.com.br\/site\/wp-content\/uploads\/2026\/04\/WhatsApp-Image-2026-04-16-at-09.16.34.jpeg",1080,1350,false],"2048x2048":["https:\/\/ellotv.com.br\/site\/wp-content\/uploads\/2026\/04\/WhatsApp-Image-2026-04-16-at-09.16.34.jpeg",1080,1350,false],"darknews-slider-full":["https:\/\/ellotv.com.br\/site\/wp-content\/uploads\/2026\/04\/WhatsApp-Image-2026-04-16-at-09.16.34-1080x720.jpeg",1080,720,true],"darknews-featured":["https:\/\/ellotv.com.br\/site\/wp-content\/uploads\/2026\/04\/WhatsApp-Image-2026-04-16-at-09.16.34-1024x1280.jpeg",1024,1280,true],"darknews-medium":["https:\/\/ellotv.com.br\/site\/wp-content\/uploads\/2026\/04\/WhatsApp-Image-2026-04-16-at-09.16.34-720x530.jpeg",720,530,true],"darknews-medium-square":["https:\/\/ellotv.com.br\/site\/wp-content\/uploads\/2026\/04\/WhatsApp-Image-2026-04-16-at-09.16.34-350x350.jpeg",350,350,true]},"author_info":{"info":["ELLO TV"]},"category_info":"<a href=\"https:\/\/ellotv.com.br\/site\/category\/ello\/\" rel=\"category tag\">Ello<\/a>","tag_info":"Ello","comment_count":"0","_links":{"self":[{"href":"https:\/\/ellotv.com.br\/site\/wp-json\/wp\/v2\/posts\/5705","targetHints":{"allow":["GET"]}}],"collection":[{"href":"https:\/\/ellotv.com.br\/site\/wp-json\/wp\/v2\/posts"}],"about":[{"href":"https:\/\/ellotv.com.br\/site\/wp-json\/wp\/v2\/types\/post"}],"author":[{"embeddable":true,"href":"https:\/\/ellotv.com.br\/site\/wp-json\/wp\/v2\/users\/2"}],"replies":[{"embeddable":true,"href":"https:\/\/ellotv.com.br\/site\/wp-json\/wp\/v2\/comments?post=5705"}],"version-history":[{"count":1,"href":"https:\/\/ellotv.com.br\/site\/wp-json\/wp\/v2\/posts\/5705\/revisions"}],"predecessor-version":[{"id":5707,"href":"https:\/\/ellotv.com.br\/site\/wp-json\/wp\/v2\/posts\/5705\/revisions\/5707"}],"wp:featuredmedia":[{"embeddable":true,"href":"https:\/\/ellotv.com.br\/site\/wp-json\/wp\/v2\/media\/5706"}],"wp:attachment":[{"href":"https:\/\/ellotv.com.br\/site\/wp-json\/wp\/v2\/media?parent=5705"}],"wp:term":[{"taxonomy":"category","embeddable":true,"href":"https:\/\/ellotv.com.br\/site\/wp-json\/wp\/v2\/categories?post=5705"},{"taxonomy":"post_tag","embeddable":true,"href":"https:\/\/ellotv.com.br\/site\/wp-json\/wp\/v2\/tags?post=5705"}],"curies":[{"name":"wp","href":"https:\/\/api.w.org\/{rel}","templated":true}]}}