{"id":5708,"date":"2026-04-16T15:22:33","date_gmt":"2026-04-16T18:22:33","guid":{"rendered":"https:\/\/ellotv.com.br\/site\/?p=5708"},"modified":"2026-04-16T15:22:33","modified_gmt":"2026-04-16T18:22:33","slug":"nova-descoberta-no-pre-sal-reforca-reservas-da-petrobras-na-bacia-de-campos","status":"publish","type":"post","link":"https:\/\/ellotv.com.br\/site\/2026\/04\/16\/nova-descoberta-no-pre-sal-reforca-reservas-da-petrobras-na-bacia-de-campos\/","title":{"rendered":"Nova descoberta no pr\u00e9-sal refor\u00e7a reservas da Petrobras na Bacia de Campos"},"content":{"rendered":"<p data-start=\"81\" data-end=\"313\">A <span class=\"hover:entity-accent entity-underline inline cursor-pointer align-baseline\"><span class=\"whitespace-normal\">Petrobras<\/span><\/span> anunciou a descoberta de hidrocarbonetos no pr\u00e9-sal da <span class=\"hover:entity-accent entity-underline inline cursor-pointer align-baseline\"><span class=\"whitespace-normal\">Bacia de Campos<\/span><\/span>, em \u00e1guas profundas a cerca de 201 quil\u00f4metros do litoral do <span class=\"hover:entity-accent entity-underline inline cursor-pointer align-baseline\"><span class=\"whitespace-normal\">Rio de Janeiro<\/span><\/span>.<\/p>\n<p data-start=\"315\" data-end=\"485\">A identifica\u00e7\u00e3o ocorreu no bloco C-M-477, ap\u00f3s an\u00e1lises t\u00e9cnicas realizadas durante a perfura\u00e7\u00e3o do po\u00e7o, incluindo perfis el\u00e9tricos, ind\u00edcios de g\u00e1s e coleta de fluidos.<\/p>\n<h3 data-section-id=\"1lqqf9j\" data-start=\"487\" data-end=\"516\">\ud83d\udee2\ufe0f An\u00e1lises em andamento<\/h3>\n<p data-start=\"518\" data-end=\"640\">De acordo com a estatal, o material recolhido ser\u00e1 encaminhado para laborat\u00f3rio, onde passar\u00e1 por estudos detalhados para:<\/p>\n<ul data-start=\"641\" data-end=\"768\">\n<li data-section-id=\"10iqomw\" data-start=\"641\" data-end=\"682\">Definir o potencial comercial da \u00e1rea<\/li>\n<li data-section-id=\"183xs2b\" data-start=\"683\" data-end=\"730\">Identificar caracter\u00edsticas do reservat\u00f3rio<\/li>\n<li data-section-id=\"csrv4b\" data-start=\"731\" data-end=\"768\">Avaliar viabilidade de explora\u00e7\u00e3o<\/li>\n<\/ul>\n<p data-start=\"770\" data-end=\"868\">A perfura\u00e7\u00e3o foi conclu\u00edda com seguran\u00e7a, seguindo rigorosos protocolos ambientais e operacionais.<\/p>\n<h3 data-section-id=\"6tn5d5\" data-start=\"870\" data-end=\"897\">\u26a1 Estrat\u00e9gia energ\u00e9tica<\/h3>\n<p data-start=\"899\" data-end=\"1042\">A nova descoberta faz parte da estrat\u00e9gia da Petrobras de ampliar suas reservas de petr\u00f3leo e g\u00e1s, refor\u00e7ando a seguran\u00e7a energ\u00e9tica do Brasil.<\/p>\n<p data-start=\"1044\" data-end=\"1237\">Ao mesmo tempo, a iniciativa se insere em um cen\u00e1rio de transi\u00e7\u00e3o energ\u00e9tica, no qual o pa\u00eds busca equilibrar a explora\u00e7\u00e3o de recursos f\u00f3sseis com o avan\u00e7o de fontes mais limpas e sustent\u00e1veis.<\/p>\n<h3 data-section-id=\"1b67ujc\" data-start=\"1239\" data-end=\"1265\">\ud83c\udf0d Impacto para o pa\u00eds<\/h3>\n<p data-start=\"1267\" data-end=\"1320\">A confirma\u00e7\u00e3o de novos reservat\u00f3rios no pr\u00e9-sal pode:<\/p>\n<ul data-start=\"1321\" data-end=\"1414\">\n<li data-section-id=\"17bokea\" data-start=\"1321\" data-end=\"1353\">Aumentar a produ\u00e7\u00e3o nacional<\/li>\n<li data-section-id=\"12w0zam\" data-start=\"1354\" data-end=\"1388\">Gerar empregos e investimentos<\/li>\n<li data-section-id=\"1jm26l3\" data-start=\"1389\" data-end=\"1414\">Fortalecer a economia<\/li>\n<\/ul>\n<p data-start=\"1416\" data-end=\"1508\">O resultado das an\u00e1lises laboratoriais ser\u00e1 determinante para os pr\u00f3ximos passos do projeto.<\/p>\n","protected":false},"excerpt":{"rendered":"<p>A Petrobras anunciou a descoberta de hidrocarbonetos no pr\u00e9-sal da Bacia de Campos, em \u00e1guas profundas a cerca<\/p>\n","protected":false},"author":2,"featured_media":5709,"comment_status":"open","ping_status":"open","sticky":false,"template":"","format":"standard","meta":{"footnotes":""},"categories":[8,12],"tags":[],"class_list":["post-5708","post","type-post","status-publish","format-standard","has-post-thumbnail","hentry","category-brasil","category-noticias"],"yoast_head":"<!-- This site is optimized with the Yoast SEO plugin v28.3 - https:\/\/yoast.com\/product\/yoast-seo-wordpress\/ -->\n<title>Nova descoberta no pr\u00e9-sal refor\u00e7a reservas da Petrobras na Bacia de Campos - Ello TV<\/title>\n<meta name=\"description\" content=\"Petrobras anuncia nova descoberta de petr\u00f3leo no pr\u00e9-sal da Bacia de Campos, refor\u00e7ando reservas e estrat\u00e9gia energ\u00e9tica do Brasil.\" \/>\n<meta name=\"robots\" content=\"index, follow, max-snippet:-1, max-image-preview:large, max-video-preview:-1\" \/>\n<link rel=\"canonical\" href=\"https:\/\/ellotv.com.br\/site\/2026\/04\/16\/nova-descoberta-no-pre-sal-reforca-reservas-da-petrobras-na-bacia-de-campos\/\" \/>\n<meta property=\"og:locale\" content=\"pt_BR\" \/>\n<meta property=\"og:type\" content=\"article\" \/>\n<meta property=\"og:title\" content=\"Nova descoberta no pr\u00e9-sal refor\u00e7a reservas da Petrobras na Bacia de Campos - Ello TV\" \/>\n<meta property=\"og:description\" content=\"Petrobras anuncia nova descoberta de petr\u00f3leo no pr\u00e9-sal da Bacia de Campos, refor\u00e7ando reservas e estrat\u00e9gia energ\u00e9tica do Brasil.\" \/>\n<meta property=\"og:url\" content=\"https:\/\/ellotv.com.br\/site\/2026\/04\/16\/nova-descoberta-no-pre-sal-reforca-reservas-da-petrobras-na-bacia-de-campos\/\" \/>\n<meta property=\"og:site_name\" content=\"Ello TV\" \/>\n<meta property=\"article:published_time\" content=\"2026-04-16T18:22:33+00:00\" \/>\n<meta property=\"og:image\" content=\"https:\/\/ellotv.com.br\/site\/wp-content\/uploads\/2026\/04\/WhatsApp-Image-2026-04-16-at-12.38.37.jpeg\" \/>\n\t<meta property=\"og:image:width\" content=\"1600\" \/>\n\t<meta property=\"og:image:height\" content=\"1066\" \/>\n\t<meta property=\"og:image:type\" content=\"image\/jpeg\" \/>\n<meta name=\"author\" content=\"ELLO TV\" \/>\n<meta name=\"twitter:card\" content=\"summary_large_image\" \/>\n<meta name=\"twitter:label1\" content=\"Escrito por\" \/>\n\t<meta name=\"twitter:data1\" content=\"ELLO TV\" \/>\n\t<meta name=\"twitter:label2\" content=\"Est. tempo de leitura\" \/>\n\t<meta name=\"twitter:data2\" content=\"1 minuto\" \/>\n<script type=\"application\/ld+json\" class=\"yoast-schema-graph\">{\"@context\":\"https:\\\/\\\/schema.org\",\"@graph\":[{\"@type\":\"Article\",\"@id\":\"https:\\\/\\\/ellotv.com.br\\\/site\\\/2026\\\/04\\\/16\\\/nova-descoberta-no-pre-sal-reforca-reservas-da-petrobras-na-bacia-de-campos\\\/#article\",\"isPartOf\":{\"@id\":\"https:\\\/\\\/ellotv.com.br\\\/site\\\/2026\\\/04\\\/16\\\/nova-descoberta-no-pre-sal-reforca-reservas-da-petrobras-na-bacia-de-campos\\\/\"},\"author\":{\"name\":\"ELLO TV\",\"@id\":\"https:\\\/\\\/ellotv.com.br\\\/site\\\/#\\\/schema\\\/person\\\/2dbe3abaee38dcc7332fc8205cd2b15d\"},\"headline\":\"Nova descoberta no pr\u00e9-sal refor\u00e7a reservas da Petrobras na Bacia de Campos\",\"datePublished\":\"2026-04-16T18:22:33+00:00\",\"mainEntityOfPage\":{\"@id\":\"https:\\\/\\\/ellotv.com.br\\\/site\\\/2026\\\/04\\\/16\\\/nova-descoberta-no-pre-sal-reforca-reservas-da-petrobras-na-bacia-de-campos\\\/\"},\"wordCount\":248,\"commentCount\":0,\"publisher\":{\"@id\":\"https:\\\/\\\/ellotv.com.br\\\/site\\\/#organization\"},\"image\":{\"@id\":\"https:\\\/\\\/ellotv.com.br\\\/site\\\/2026\\\/04\\\/16\\\/nova-descoberta-no-pre-sal-reforca-reservas-da-petrobras-na-bacia-de-campos\\\/#primaryimage\"},\"thumbnailUrl\":\"https:\\\/\\\/ellotv.com.br\\\/site\\\/wp-content\\\/uploads\\\/2026\\\/04\\\/WhatsApp-Image-2026-04-16-at-12.38.37.jpeg\",\"articleSection\":[\"Brasil\",\"Noticias\"],\"inLanguage\":\"pt-BR\",\"potentialAction\":[{\"@type\":\"CommentAction\",\"name\":\"Comment\",\"target\":[\"https:\\\/\\\/ellotv.com.br\\\/site\\\/2026\\\/04\\\/16\\\/nova-descoberta-no-pre-sal-reforca-reservas-da-petrobras-na-bacia-de-campos\\\/#respond\"]}]},{\"@type\":\"WebPage\",\"@id\":\"https:\\\/\\\/ellotv.com.br\\\/site\\\/2026\\\/04\\\/16\\\/nova-descoberta-no-pre-sal-reforca-reservas-da-petrobras-na-bacia-de-campos\\\/\",\"url\":\"https:\\\/\\\/ellotv.com.br\\\/site\\\/2026\\\/04\\\/16\\\/nova-descoberta-no-pre-sal-reforca-reservas-da-petrobras-na-bacia-de-campos\\\/\",\"name\":\"Nova descoberta no pr\u00e9-sal refor\u00e7a reservas da Petrobras na Bacia de Campos - Ello TV\",\"isPartOf\":{\"@id\":\"https:\\\/\\\/ellotv.com.br\\\/site\\\/#website\"},\"primaryImageOfPage\":{\"@id\":\"https:\\\/\\\/ellotv.com.br\\\/site\\\/2026\\\/04\\\/16\\\/nova-descoberta-no-pre-sal-reforca-reservas-da-petrobras-na-bacia-de-campos\\\/#primaryimage\"},\"image\":{\"@id\":\"https:\\\/\\\/ellotv.com.br\\\/site\\\/2026\\\/04\\\/16\\\/nova-descoberta-no-pre-sal-reforca-reservas-da-petrobras-na-bacia-de-campos\\\/#primaryimage\"},\"thumbnailUrl\":\"https:\\\/\\\/ellotv.com.br\\\/site\\\/wp-content\\\/uploads\\\/2026\\\/04\\\/WhatsApp-Image-2026-04-16-at-12.38.37.jpeg\",\"datePublished\":\"2026-04-16T18:22:33+00:00\",\"description\":\"Petrobras anuncia nova descoberta de petr\u00f3leo no pr\u00e9-sal da Bacia de Campos, refor\u00e7ando reservas e estrat\u00e9gia energ\u00e9tica do Brasil.\",\"breadcrumb\":{\"@id\":\"https:\\\/\\\/ellotv.com.br\\\/site\\\/2026\\\/04\\\/16\\\/nova-descoberta-no-pre-sal-reforca-reservas-da-petrobras-na-bacia-de-campos\\\/#breadcrumb\"},\"inLanguage\":\"pt-BR\",\"potentialAction\":[{\"@type\":\"ReadAction\",\"target\":[\"https:\\\/\\\/ellotv.com.br\\\/site\\\/2026\\\/04\\\/16\\\/nova-descoberta-no-pre-sal-reforca-reservas-da-petrobras-na-bacia-de-campos\\\/\"]}]},{\"@type\":\"ImageObject\",\"inLanguage\":\"pt-BR\",\"@id\":\"https:\\\/\\\/ellotv.com.br\\\/site\\\/2026\\\/04\\\/16\\\/nova-descoberta-no-pre-sal-reforca-reservas-da-petrobras-na-bacia-de-campos\\\/#primaryimage\",\"url\":\"https:\\\/\\\/ellotv.com.br\\\/site\\\/wp-content\\\/uploads\\\/2026\\\/04\\\/WhatsApp-Image-2026-04-16-at-12.38.37.jpeg\",\"contentUrl\":\"https:\\\/\\\/ellotv.com.br\\\/site\\\/wp-content\\\/uploads\\\/2026\\\/04\\\/WhatsApp-Image-2026-04-16-at-12.38.37.jpeg\",\"width\":1600,\"height\":1066},{\"@type\":\"BreadcrumbList\",\"@id\":\"https:\\\/\\\/ellotv.com.br\\\/site\\\/2026\\\/04\\\/16\\\/nova-descoberta-no-pre-sal-reforca-reservas-da-petrobras-na-bacia-de-campos\\\/#breadcrumb\",\"itemListElement\":[{\"@type\":\"ListItem\",\"position\":1,\"name\":\"In\u00edcio\",\"item\":\"https:\\\/\\\/ellotv.com.br\\\/site\\\/\"},{\"@type\":\"ListItem\",\"position\":2,\"name\":\"Nova descoberta no pr\u00e9-sal refor\u00e7a reservas da Petrobras na Bacia de Campos\"}]},{\"@type\":\"WebSite\",\"@id\":\"https:\\\/\\\/ellotv.com.br\\\/site\\\/#website\",\"url\":\"https:\\\/\\\/ellotv.com.br\\\/site\\\/\",\"name\":\"ELLO TV\",\"description\":\"\",\"publisher\":{\"@id\":\"https:\\\/\\\/ellotv.com.br\\\/site\\\/#organization\"},\"potentialAction\":[{\"@type\":\"SearchAction\",\"target\":{\"@type\":\"EntryPoint\",\"urlTemplate\":\"https:\\\/\\\/ellotv.com.br\\\/site\\\/?s={search_term_string}\"},\"query-input\":{\"@type\":\"PropertyValueSpecification\",\"valueRequired\":true,\"valueName\":\"search_term_string\"}}],\"inLanguage\":\"pt-BR\"},{\"@type\":\"Organization\",\"@id\":\"https:\\\/\\\/ellotv.com.br\\\/site\\\/#organization\",\"name\":\"ELLO TV\",\"url\":\"https:\\\/\\\/ellotv.com.br\\\/site\\\/\",\"logo\":{\"@type\":\"ImageObject\",\"inLanguage\":\"pt-BR\",\"@id\":\"https:\\\/\\\/ellotv.com.br\\\/site\\\/#\\\/schema\\\/logo\\\/image\\\/\",\"url\":\"https:\\\/\\\/ellotv.com.br\\\/site\\\/wp-content\\\/uploads\\\/2025\\\/11\\\/ello-logo-2.fw_.png\",\"contentUrl\":\"https:\\\/\\\/ellotv.com.br\\\/site\\\/wp-content\\\/uploads\\\/2025\\\/11\\\/ello-logo-2.fw_.png\",\"width\":400,\"height\":146,\"caption\":\"ELLO TV\"},\"image\":{\"@id\":\"https:\\\/\\\/ellotv.com.br\\\/site\\\/#\\\/schema\\\/logo\\\/image\\\/\"}},{\"@type\":\"Person\",\"@id\":\"https:\\\/\\\/ellotv.com.br\\\/site\\\/#\\\/schema\\\/person\\\/2dbe3abaee38dcc7332fc8205cd2b15d\",\"name\":\"ELLO TV\",\"image\":{\"@type\":\"ImageObject\",\"inLanguage\":\"pt-BR\",\"@id\":\"https:\\\/\\\/secure.gravatar.com\\\/avatar\\\/c38242b9da8ec217ac3f0aaee31a54f7d7befb11b2b47fdbc8fb0fad60afa1c6?s=96&d=mm&r=g\",\"url\":\"https:\\\/\\\/secure.gravatar.com\\\/avatar\\\/c38242b9da8ec217ac3f0aaee31a54f7d7befb11b2b47fdbc8fb0fad60afa1c6?s=96&d=mm&r=g\",\"contentUrl\":\"https:\\\/\\\/secure.gravatar.com\\\/avatar\\\/c38242b9da8ec217ac3f0aaee31a54f7d7befb11b2b47fdbc8fb0fad60afa1c6?s=96&d=mm&r=g\",\"caption\":\"ELLO TV\"},\"url\":\"https:\\\/\\\/ellotv.com.br\\\/site\\\/author\\\/elloagencia\\\/\"}]}<\/script>\n<!-- \/ Yoast SEO plugin. -->","yoast_head_json":{"title":"Nova descoberta no pr\u00e9-sal refor\u00e7a reservas da Petrobras na Bacia de Campos - Ello TV","description":"Petrobras anuncia nova descoberta de petr\u00f3leo no pr\u00e9-sal da Bacia de Campos, refor\u00e7ando reservas e estrat\u00e9gia energ\u00e9tica do Brasil.","robots":{"index":"index","follow":"follow","max-snippet":"max-snippet:-1","max-image-preview":"max-image-preview:large","max-video-preview":"max-video-preview:-1"},"canonical":"https:\/\/ellotv.com.br\/site\/2026\/04\/16\/nova-descoberta-no-pre-sal-reforca-reservas-da-petrobras-na-bacia-de-campos\/","og_locale":"pt_BR","og_type":"article","og_title":"Nova descoberta no pr\u00e9-sal refor\u00e7a reservas da Petrobras na Bacia de Campos - Ello TV","og_description":"Petrobras anuncia nova descoberta de petr\u00f3leo no pr\u00e9-sal da Bacia de Campos, refor\u00e7ando reservas e estrat\u00e9gia energ\u00e9tica do Brasil.","og_url":"https:\/\/ellotv.com.br\/site\/2026\/04\/16\/nova-descoberta-no-pre-sal-reforca-reservas-da-petrobras-na-bacia-de-campos\/","og_site_name":"Ello TV","article_published_time":"2026-04-16T18:22:33+00:00","og_image":[{"width":1600,"height":1066,"url":"https:\/\/ellotv.com.br\/site\/wp-content\/uploads\/2026\/04\/WhatsApp-Image-2026-04-16-at-12.38.37.jpeg","type":"image\/jpeg"}],"author":"ELLO TV","twitter_card":"summary_large_image","twitter_misc":{"Escrito por":"ELLO TV","Est. tempo de leitura":"1 minuto"},"schema":{"@context":"https:\/\/schema.org","@graph":[{"@type":"Article","@id":"https:\/\/ellotv.com.br\/site\/2026\/04\/16\/nova-descoberta-no-pre-sal-reforca-reservas-da-petrobras-na-bacia-de-campos\/#article","isPartOf":{"@id":"https:\/\/ellotv.com.br\/site\/2026\/04\/16\/nova-descoberta-no-pre-sal-reforca-reservas-da-petrobras-na-bacia-de-campos\/"},"author":{"name":"ELLO TV","@id":"https:\/\/ellotv.com.br\/site\/#\/schema\/person\/2dbe3abaee38dcc7332fc8205cd2b15d"},"headline":"Nova descoberta no pr\u00e9-sal refor\u00e7a reservas da Petrobras na Bacia de Campos","datePublished":"2026-04-16T18:22:33+00:00","mainEntityOfPage":{"@id":"https:\/\/ellotv.com.br\/site\/2026\/04\/16\/nova-descoberta-no-pre-sal-reforca-reservas-da-petrobras-na-bacia-de-campos\/"},"wordCount":248,"commentCount":0,"publisher":{"@id":"https:\/\/ellotv.com.br\/site\/#organization"},"image":{"@id":"https:\/\/ellotv.com.br\/site\/2026\/04\/16\/nova-descoberta-no-pre-sal-reforca-reservas-da-petrobras-na-bacia-de-campos\/#primaryimage"},"thumbnailUrl":"https:\/\/ellotv.com.br\/site\/wp-content\/uploads\/2026\/04\/WhatsApp-Image-2026-04-16-at-12.38.37.jpeg","articleSection":["Brasil","Noticias"],"inLanguage":"pt-BR","potentialAction":[{"@type":"CommentAction","name":"Comment","target":["https:\/\/ellotv.com.br\/site\/2026\/04\/16\/nova-descoberta-no-pre-sal-reforca-reservas-da-petrobras-na-bacia-de-campos\/#respond"]}]},{"@type":"WebPage","@id":"https:\/\/ellotv.com.br\/site\/2026\/04\/16\/nova-descoberta-no-pre-sal-reforca-reservas-da-petrobras-na-bacia-de-campos\/","url":"https:\/\/ellotv.com.br\/site\/2026\/04\/16\/nova-descoberta-no-pre-sal-reforca-reservas-da-petrobras-na-bacia-de-campos\/","name":"Nova descoberta no pr\u00e9-sal refor\u00e7a reservas da Petrobras na Bacia de Campos - Ello TV","isPartOf":{"@id":"https:\/\/ellotv.com.br\/site\/#website"},"primaryImageOfPage":{"@id":"https:\/\/ellotv.com.br\/site\/2026\/04\/16\/nova-descoberta-no-pre-sal-reforca-reservas-da-petrobras-na-bacia-de-campos\/#primaryimage"},"image":{"@id":"https:\/\/ellotv.com.br\/site\/2026\/04\/16\/nova-descoberta-no-pre-sal-reforca-reservas-da-petrobras-na-bacia-de-campos\/#primaryimage"},"thumbnailUrl":"https:\/\/ellotv.com.br\/site\/wp-content\/uploads\/2026\/04\/WhatsApp-Image-2026-04-16-at-12.38.37.jpeg","datePublished":"2026-04-16T18:22:33+00:00","description":"Petrobras anuncia nova descoberta de petr\u00f3leo no pr\u00e9-sal da Bacia de Campos, refor\u00e7ando reservas e estrat\u00e9gia energ\u00e9tica do Brasil.","breadcrumb":{"@id":"https:\/\/ellotv.com.br\/site\/2026\/04\/16\/nova-descoberta-no-pre-sal-reforca-reservas-da-petrobras-na-bacia-de-campos\/#breadcrumb"},"inLanguage":"pt-BR","potentialAction":[{"@type":"ReadAction","target":["https:\/\/ellotv.com.br\/site\/2026\/04\/16\/nova-descoberta-no-pre-sal-reforca-reservas-da-petrobras-na-bacia-de-campos\/"]}]},{"@type":"ImageObject","inLanguage":"pt-BR","@id":"https:\/\/ellotv.com.br\/site\/2026\/04\/16\/nova-descoberta-no-pre-sal-reforca-reservas-da-petrobras-na-bacia-de-campos\/#primaryimage","url":"https:\/\/ellotv.com.br\/site\/wp-content\/uploads\/2026\/04\/WhatsApp-Image-2026-04-16-at-12.38.37.jpeg","contentUrl":"https:\/\/ellotv.com.br\/site\/wp-content\/uploads\/2026\/04\/WhatsApp-Image-2026-04-16-at-12.38.37.jpeg","width":1600,"height":1066},{"@type":"BreadcrumbList","@id":"https:\/\/ellotv.com.br\/site\/2026\/04\/16\/nova-descoberta-no-pre-sal-reforca-reservas-da-petrobras-na-bacia-de-campos\/#breadcrumb","itemListElement":[{"@type":"ListItem","position":1,"name":"In\u00edcio","item":"https:\/\/ellotv.com.br\/site\/"},{"@type":"ListItem","position":2,"name":"Nova descoberta no pr\u00e9-sal refor\u00e7a reservas da Petrobras na Bacia de Campos"}]},{"@type":"WebSite","@id":"https:\/\/ellotv.com.br\/site\/#website","url":"https:\/\/ellotv.com.br\/site\/","name":"ELLO TV","description":"","publisher":{"@id":"https:\/\/ellotv.com.br\/site\/#organization"},"potentialAction":[{"@type":"SearchAction","target":{"@type":"EntryPoint","urlTemplate":"https:\/\/ellotv.com.br\/site\/?s={search_term_string}"},"query-input":{"@type":"PropertyValueSpecification","valueRequired":true,"valueName":"search_term_string"}}],"inLanguage":"pt-BR"},{"@type":"Organization","@id":"https:\/\/ellotv.com.br\/site\/#organization","name":"ELLO TV","url":"https:\/\/ellotv.com.br\/site\/","logo":{"@type":"ImageObject","inLanguage":"pt-BR","@id":"https:\/\/ellotv.com.br\/site\/#\/schema\/logo\/image\/","url":"https:\/\/ellotv.com.br\/site\/wp-content\/uploads\/2025\/11\/ello-logo-2.fw_.png","contentUrl":"https:\/\/ellotv.com.br\/site\/wp-content\/uploads\/2025\/11\/ello-logo-2.fw_.png","width":400,"height":146,"caption":"ELLO TV"},"image":{"@id":"https:\/\/ellotv.com.br\/site\/#\/schema\/logo\/image\/"}},{"@type":"Person","@id":"https:\/\/ellotv.com.br\/site\/#\/schema\/person\/2dbe3abaee38dcc7332fc8205cd2b15d","name":"ELLO TV","image":{"@type":"ImageObject","inLanguage":"pt-BR","@id":"https:\/\/secure.gravatar.com\/avatar\/c38242b9da8ec217ac3f0aaee31a54f7d7befb11b2b47fdbc8fb0fad60afa1c6?s=96&d=mm&r=g","url":"https:\/\/secure.gravatar.com\/avatar\/c38242b9da8ec217ac3f0aaee31a54f7d7befb11b2b47fdbc8fb0fad60afa1c6?s=96&d=mm&r=g","contentUrl":"https:\/\/secure.gravatar.com\/avatar\/c38242b9da8ec217ac3f0aaee31a54f7d7befb11b2b47fdbc8fb0fad60afa1c6?s=96&d=mm&r=g","caption":"ELLO TV"},"url":"https:\/\/ellotv.com.br\/site\/author\/elloagencia\/"}]}},"featured_image_urls":{"full":["https:\/\/ellotv.com.br\/site\/wp-content\/uploads\/2026\/04\/WhatsApp-Image-2026-04-16-at-12.38.37.jpeg",1600,1066,false],"thumbnail":["https:\/\/ellotv.com.br\/site\/wp-content\/uploads\/2026\/04\/WhatsApp-Image-2026-04-16-at-12.38.37-150x150.jpeg",150,150,true],"medium":["https:\/\/ellotv.com.br\/site\/wp-content\/uploads\/2026\/04\/WhatsApp-Image-2026-04-16-at-12.38.37-300x200.jpeg",300,200,true],"medium_large":["https:\/\/ellotv.com.br\/site\/wp-content\/uploads\/2026\/04\/WhatsApp-Image-2026-04-16-at-12.38.37-768x512.jpeg",640,427,true],"large":["https:\/\/ellotv.com.br\/site\/wp-content\/uploads\/2026\/04\/WhatsApp-Image-2026-04-16-at-12.38.37-1024x682.jpeg",640,426,true],"1536x1536":["https:\/\/ellotv.com.br\/site\/wp-content\/uploads\/2026\/04\/WhatsApp-Image-2026-04-16-at-12.38.37-1536x1023.jpeg",1536,1023,true],"2048x2048":["https:\/\/ellotv.com.br\/site\/wp-content\/uploads\/2026\/04\/WhatsApp-Image-2026-04-16-at-12.38.37.jpeg",1600,1066,false],"darknews-slider-full":["https:\/\/ellotv.com.br\/site\/wp-content\/uploads\/2026\/04\/WhatsApp-Image-2026-04-16-at-12.38.37-1280x720.jpeg",1280,720,true],"darknews-featured":["https:\/\/ellotv.com.br\/site\/wp-content\/uploads\/2026\/04\/WhatsApp-Image-2026-04-16-at-12.38.37-1024x682.jpeg",1024,682,true],"darknews-medium":["https:\/\/ellotv.com.br\/site\/wp-content\/uploads\/2026\/04\/WhatsApp-Image-2026-04-16-at-12.38.37-720x530.jpeg",720,530,true],"darknews-medium-square":["https:\/\/ellotv.com.br\/site\/wp-content\/uploads\/2026\/04\/WhatsApp-Image-2026-04-16-at-12.38.37-350x350.jpeg",350,350,true]},"author_info":{"info":["ELLO TV"]},"category_info":"<a href=\"https:\/\/ellotv.com.br\/site\/category\/brasil\/\" rel=\"category tag\">Brasil<\/a> <a href=\"https:\/\/ellotv.com.br\/site\/category\/noticias\/\" rel=\"category tag\">Noticias<\/a>","tag_info":"Noticias","comment_count":"0","_links":{"self":[{"href":"https:\/\/ellotv.com.br\/site\/wp-json\/wp\/v2\/posts\/5708","targetHints":{"allow":["GET"]}}],"collection":[{"href":"https:\/\/ellotv.com.br\/site\/wp-json\/wp\/v2\/posts"}],"about":[{"href":"https:\/\/ellotv.com.br\/site\/wp-json\/wp\/v2\/types\/post"}],"author":[{"embeddable":true,"href":"https:\/\/ellotv.com.br\/site\/wp-json\/wp\/v2\/users\/2"}],"replies":[{"embeddable":true,"href":"https:\/\/ellotv.com.br\/site\/wp-json\/wp\/v2\/comments?post=5708"}],"version-history":[{"count":1,"href":"https:\/\/ellotv.com.br\/site\/wp-json\/wp\/v2\/posts\/5708\/revisions"}],"predecessor-version":[{"id":5710,"href":"https:\/\/ellotv.com.br\/site\/wp-json\/wp\/v2\/posts\/5708\/revisions\/5710"}],"wp:featuredmedia":[{"embeddable":true,"href":"https:\/\/ellotv.com.br\/site\/wp-json\/wp\/v2\/media\/5709"}],"wp:attachment":[{"href":"https:\/\/ellotv.com.br\/site\/wp-json\/wp\/v2\/media?parent=5708"}],"wp:term":[{"taxonomy":"category","embeddable":true,"href":"https:\/\/ellotv.com.br\/site\/wp-json\/wp\/v2\/categories?post=5708"},{"taxonomy":"post_tag","embeddable":true,"href":"https:\/\/ellotv.com.br\/site\/wp-json\/wp\/v2\/tags?post=5708"}],"curies":[{"name":"wp","href":"https:\/\/api.w.org\/{rel}","templated":true}]}}