{"id":5716,"date":"2026-04-17T08:34:45","date_gmt":"2026-04-17T11:34:45","guid":{"rendered":"https:\/\/ellotv.com.br\/site\/?p=5716"},"modified":"2026-04-17T08:34:45","modified_gmt":"2026-04-17T11:34:45","slug":"casos-de-dengue-caem-75-no-brasil-em-2026-aponta-ministerio-da-saude","status":"publish","type":"post","link":"https:\/\/ellotv.com.br\/site\/2026\/04\/17\/casos-de-dengue-caem-75-no-brasil-em-2026-aponta-ministerio-da-saude\/","title":{"rendered":"Casos de dengue caem 75% no Brasil em 2026, aponta Minist\u00e9rio da Sa\u00fade"},"content":{"rendered":"<p data-start=\"62\" data-end=\"303\">O Brasil apresentou uma redu\u00e7\u00e3o significativa nos casos de <span class=\"hover:entity-accent entity-underline inline cursor-pointer align-baseline\"><span class=\"whitespace-normal\">dengue<\/span><\/span> em 2026. De acordo com o ministro da Sa\u00fade, <span class=\"hover:entity-accent entity-underline inline cursor-pointer align-baseline\"><span class=\"whitespace-normal\">Alexandre Padilha<\/span><\/span>, a queda foi de 75% em compara\u00e7\u00e3o com o mesmo per\u00edodo de 2025.<\/p>\n<h3 data-section-id=\"16mxjdr\" data-start=\"305\" data-end=\"333\">\ud83d\udcca Dados do levantamento<\/h3>\n<p data-start=\"335\" data-end=\"562\">O balan\u00e7o foi divulgado durante a <span class=\"hover:entity-accent entity-underline inline cursor-pointer align-baseline\"><span class=\"whitespace-normal\">Expoepi 2026<\/span><\/span>. Entre janeiro e 11 de abril deste ano, o pa\u00eds registrou cerca de 227,5 mil casos prov\u00e1veis da doen\u00e7a, contra 916,4 mil no mesmo intervalo do ano anterior.<\/p>\n<h3 data-section-id=\"11puef9\" data-start=\"564\" data-end=\"593\">\ud83e\udd9f Estrat\u00e9gias de combate<\/h3>\n<p data-start=\"595\" data-end=\"736\">Segundo o <span class=\"hover:entity-accent entity-underline inline cursor-pointer align-baseline\"><span class=\"whitespace-normal\">Minist\u00e9rio da Sa\u00fade<\/span><\/span>, o resultado \u00e9 fruto do fortalecimento de a\u00e7\u00f5es integradas entre Uni\u00e3o, estados e munic\u00edpios.<\/p>\n<p data-start=\"738\" data-end=\"785\">Entre as principais estrat\u00e9gias adotadas est\u00e3o:<\/p>\n<ul data-start=\"786\" data-end=\"971\">\n<li data-section-id=\"11ady1n\" data-start=\"786\" data-end=\"828\">Amplia\u00e7\u00e3o da vacina\u00e7\u00e3o contra a dengue<\/li>\n<li data-section-id=\"r8wd17\" data-start=\"829\" data-end=\"919\">Uso de ovitrampas para monitoramento do mosquito <span class=\"hover:entity-accent entity-underline inline cursor-pointer align-baseline\"><span class=\"whitespace-normal\">Aedes aegypti<\/span><\/span><\/li>\n<li data-section-id=\"45atut\" data-start=\"920\" data-end=\"971\">A\u00e7\u00f5es de vigil\u00e2ncia e controle em \u00e1reas urbanas<\/li>\n<\/ul>\n<p data-start=\"973\" data-end=\"1046\">Atualmente, as ovitrampas j\u00e1 est\u00e3o presentes em cerca de 1,6 mil cidades.<\/p>\n<h3 data-section-id=\"1uohh8y\" data-start=\"1048\" data-end=\"1074\">\ud83e\uddec Inova\u00e7\u00e3o no combate<\/h3>\n<p data-start=\"1076\" data-end=\"1272\">O pa\u00eds tamb\u00e9m tem investido em solu\u00e7\u00f5es tecnol\u00f3gicas, como o <span class=\"hover:entity-accent entity-underline inline cursor-pointer align-baseline\"><span class=\"whitespace-normal\">M\u00e9todo Wolbachia<\/span><\/span>, que impede que os mosquitos transmitam v\u00edrus, contribuindo diretamente para a redu\u00e7\u00e3o dos casos.<\/p>\n<h3 data-section-id=\"iplsc3\" data-start=\"1274\" data-end=\"1305\">\ud83c\udf0d Impacto na sa\u00fade p\u00fablica<\/h3>\n<p data-start=\"1307\" data-end=\"1515\">A queda expressiva nos registros refor\u00e7a a import\u00e2ncia de pol\u00edticas p\u00fablicas cont\u00ednuas e da participa\u00e7\u00e3o da popula\u00e7\u00e3o no combate aos focos do mosquito, garantindo avan\u00e7os no controle da doen\u00e7a em todo o pa\u00eds.<\/p>\n","protected":false},"excerpt":{"rendered":"<p>O Brasil apresentou uma redu\u00e7\u00e3o significativa nos casos de dengue em 2026. De acordo com o ministro da<\/p>\n","protected":false},"author":2,"featured_media":5717,"comment_status":"open","ping_status":"open","sticky":false,"template":"","format":"standard","meta":{"footnotes":""},"categories":[8,12],"tags":[],"class_list":["post-5716","post","type-post","status-publish","format-standard","has-post-thumbnail","hentry","category-brasil","category-noticias"],"yoast_head":"<!-- This site is optimized with the Yoast SEO plugin v28.3 - https:\/\/yoast.com\/product\/yoast-seo-wordpress\/ -->\n<title>Casos de dengue caem 75% no Brasil em 2026, aponta Minist\u00e9rio da Sa\u00fade - Ello TV<\/title>\n<meta name=\"description\" content=\"Brasil registra queda de 75% nos casos de dengue em 2026, com a\u00e7\u00f5es integradas, vacina\u00e7\u00e3o e uso de novas tecnologias.\" \/>\n<meta name=\"robots\" content=\"index, follow, max-snippet:-1, max-image-preview:large, max-video-preview:-1\" \/>\n<link rel=\"canonical\" href=\"https:\/\/ellotv.com.br\/site\/2026\/04\/17\/casos-de-dengue-caem-75-no-brasil-em-2026-aponta-ministerio-da-saude\/\" \/>\n<meta property=\"og:locale\" content=\"pt_BR\" \/>\n<meta property=\"og:type\" content=\"article\" \/>\n<meta property=\"og:title\" content=\"Casos de dengue caem 75% no Brasil em 2026, aponta Minist\u00e9rio da Sa\u00fade - Ello TV\" \/>\n<meta property=\"og:description\" content=\"Brasil registra queda de 75% nos casos de dengue em 2026, com a\u00e7\u00f5es integradas, vacina\u00e7\u00e3o e uso de novas tecnologias.\" \/>\n<meta property=\"og:url\" content=\"https:\/\/ellotv.com.br\/site\/2026\/04\/17\/casos-de-dengue-caem-75-no-brasil-em-2026-aponta-ministerio-da-saude\/\" \/>\n<meta property=\"og:site_name\" content=\"Ello TV\" \/>\n<meta property=\"article:published_time\" content=\"2026-04-17T11:34:45+00:00\" \/>\n<meta property=\"og:image\" content=\"https:\/\/ellotv.com.br\/site\/wp-content\/uploads\/2026\/04\/WhatsApp-Image-2026-04-16-at-19.30.27.jpeg\" \/>\n\t<meta property=\"og:image:width\" content=\"850\" \/>\n\t<meta property=\"og:image:height\" content=\"554\" \/>\n\t<meta property=\"og:image:type\" content=\"image\/jpeg\" \/>\n<meta name=\"author\" content=\"ELLO TV\" \/>\n<meta name=\"twitter:card\" content=\"summary_large_image\" \/>\n<meta name=\"twitter:label1\" content=\"Escrito por\" \/>\n\t<meta name=\"twitter:data1\" content=\"ELLO TV\" \/>\n\t<meta name=\"twitter:label2\" content=\"Est. tempo de leitura\" \/>\n\t<meta name=\"twitter:data2\" content=\"1 minuto\" \/>\n<script type=\"application\/ld+json\" class=\"yoast-schema-graph\">{\"@context\":\"https:\\\/\\\/schema.org\",\"@graph\":[{\"@type\":\"Article\",\"@id\":\"https:\\\/\\\/ellotv.com.br\\\/site\\\/2026\\\/04\\\/17\\\/casos-de-dengue-caem-75-no-brasil-em-2026-aponta-ministerio-da-saude\\\/#article\",\"isPartOf\":{\"@id\":\"https:\\\/\\\/ellotv.com.br\\\/site\\\/2026\\\/04\\\/17\\\/casos-de-dengue-caem-75-no-brasil-em-2026-aponta-ministerio-da-saude\\\/\"},\"author\":{\"name\":\"ELLO TV\",\"@id\":\"https:\\\/\\\/ellotv.com.br\\\/site\\\/#\\\/schema\\\/person\\\/2dbe3abaee38dcc7332fc8205cd2b15d\"},\"headline\":\"Casos de dengue caem 75% no Brasil em 2026, aponta Minist\u00e9rio da Sa\u00fade\",\"datePublished\":\"2026-04-17T11:34:45+00:00\",\"mainEntityOfPage\":{\"@id\":\"https:\\\/\\\/ellotv.com.br\\\/site\\\/2026\\\/04\\\/17\\\/casos-de-dengue-caem-75-no-brasil-em-2026-aponta-ministerio-da-saude\\\/\"},\"wordCount\":247,\"commentCount\":0,\"publisher\":{\"@id\":\"https:\\\/\\\/ellotv.com.br\\\/site\\\/#organization\"},\"image\":{\"@id\":\"https:\\\/\\\/ellotv.com.br\\\/site\\\/2026\\\/04\\\/17\\\/casos-de-dengue-caem-75-no-brasil-em-2026-aponta-ministerio-da-saude\\\/#primaryimage\"},\"thumbnailUrl\":\"https:\\\/\\\/ellotv.com.br\\\/site\\\/wp-content\\\/uploads\\\/2026\\\/04\\\/WhatsApp-Image-2026-04-16-at-19.30.27.jpeg\",\"articleSection\":[\"Brasil\",\"Noticias\"],\"inLanguage\":\"pt-BR\",\"potentialAction\":[{\"@type\":\"CommentAction\",\"name\":\"Comment\",\"target\":[\"https:\\\/\\\/ellotv.com.br\\\/site\\\/2026\\\/04\\\/17\\\/casos-de-dengue-caem-75-no-brasil-em-2026-aponta-ministerio-da-saude\\\/#respond\"]}]},{\"@type\":\"WebPage\",\"@id\":\"https:\\\/\\\/ellotv.com.br\\\/site\\\/2026\\\/04\\\/17\\\/casos-de-dengue-caem-75-no-brasil-em-2026-aponta-ministerio-da-saude\\\/\",\"url\":\"https:\\\/\\\/ellotv.com.br\\\/site\\\/2026\\\/04\\\/17\\\/casos-de-dengue-caem-75-no-brasil-em-2026-aponta-ministerio-da-saude\\\/\",\"name\":\"Casos de dengue caem 75% no Brasil em 2026, aponta Minist\u00e9rio da Sa\u00fade - Ello TV\",\"isPartOf\":{\"@id\":\"https:\\\/\\\/ellotv.com.br\\\/site\\\/#website\"},\"primaryImageOfPage\":{\"@id\":\"https:\\\/\\\/ellotv.com.br\\\/site\\\/2026\\\/04\\\/17\\\/casos-de-dengue-caem-75-no-brasil-em-2026-aponta-ministerio-da-saude\\\/#primaryimage\"},\"image\":{\"@id\":\"https:\\\/\\\/ellotv.com.br\\\/site\\\/2026\\\/04\\\/17\\\/casos-de-dengue-caem-75-no-brasil-em-2026-aponta-ministerio-da-saude\\\/#primaryimage\"},\"thumbnailUrl\":\"https:\\\/\\\/ellotv.com.br\\\/site\\\/wp-content\\\/uploads\\\/2026\\\/04\\\/WhatsApp-Image-2026-04-16-at-19.30.27.jpeg\",\"datePublished\":\"2026-04-17T11:34:45+00:00\",\"description\":\"Brasil registra queda de 75% nos casos de dengue em 2026, com a\u00e7\u00f5es integradas, vacina\u00e7\u00e3o e uso de novas tecnologias.\",\"breadcrumb\":{\"@id\":\"https:\\\/\\\/ellotv.com.br\\\/site\\\/2026\\\/04\\\/17\\\/casos-de-dengue-caem-75-no-brasil-em-2026-aponta-ministerio-da-saude\\\/#breadcrumb\"},\"inLanguage\":\"pt-BR\",\"potentialAction\":[{\"@type\":\"ReadAction\",\"target\":[\"https:\\\/\\\/ellotv.com.br\\\/site\\\/2026\\\/04\\\/17\\\/casos-de-dengue-caem-75-no-brasil-em-2026-aponta-ministerio-da-saude\\\/\"]}]},{\"@type\":\"ImageObject\",\"inLanguage\":\"pt-BR\",\"@id\":\"https:\\\/\\\/ellotv.com.br\\\/site\\\/2026\\\/04\\\/17\\\/casos-de-dengue-caem-75-no-brasil-em-2026-aponta-ministerio-da-saude\\\/#primaryimage\",\"url\":\"https:\\\/\\\/ellotv.com.br\\\/site\\\/wp-content\\\/uploads\\\/2026\\\/04\\\/WhatsApp-Image-2026-04-16-at-19.30.27.jpeg\",\"contentUrl\":\"https:\\\/\\\/ellotv.com.br\\\/site\\\/wp-content\\\/uploads\\\/2026\\\/04\\\/WhatsApp-Image-2026-04-16-at-19.30.27.jpeg\",\"width\":850,\"height\":554},{\"@type\":\"BreadcrumbList\",\"@id\":\"https:\\\/\\\/ellotv.com.br\\\/site\\\/2026\\\/04\\\/17\\\/casos-de-dengue-caem-75-no-brasil-em-2026-aponta-ministerio-da-saude\\\/#breadcrumb\",\"itemListElement\":[{\"@type\":\"ListItem\",\"position\":1,\"name\":\"In\u00edcio\",\"item\":\"https:\\\/\\\/ellotv.com.br\\\/site\\\/\"},{\"@type\":\"ListItem\",\"position\":2,\"name\":\"Casos de dengue caem 75% no Brasil em 2026, aponta Minist\u00e9rio da Sa\u00fade\"}]},{\"@type\":\"WebSite\",\"@id\":\"https:\\\/\\\/ellotv.com.br\\\/site\\\/#website\",\"url\":\"https:\\\/\\\/ellotv.com.br\\\/site\\\/\",\"name\":\"ELLO TV\",\"description\":\"\",\"publisher\":{\"@id\":\"https:\\\/\\\/ellotv.com.br\\\/site\\\/#organization\"},\"potentialAction\":[{\"@type\":\"SearchAction\",\"target\":{\"@type\":\"EntryPoint\",\"urlTemplate\":\"https:\\\/\\\/ellotv.com.br\\\/site\\\/?s={search_term_string}\"},\"query-input\":{\"@type\":\"PropertyValueSpecification\",\"valueRequired\":true,\"valueName\":\"search_term_string\"}}],\"inLanguage\":\"pt-BR\"},{\"@type\":\"Organization\",\"@id\":\"https:\\\/\\\/ellotv.com.br\\\/site\\\/#organization\",\"name\":\"ELLO TV\",\"url\":\"https:\\\/\\\/ellotv.com.br\\\/site\\\/\",\"logo\":{\"@type\":\"ImageObject\",\"inLanguage\":\"pt-BR\",\"@id\":\"https:\\\/\\\/ellotv.com.br\\\/site\\\/#\\\/schema\\\/logo\\\/image\\\/\",\"url\":\"https:\\\/\\\/ellotv.com.br\\\/site\\\/wp-content\\\/uploads\\\/2025\\\/11\\\/ello-logo-2.fw_.png\",\"contentUrl\":\"https:\\\/\\\/ellotv.com.br\\\/site\\\/wp-content\\\/uploads\\\/2025\\\/11\\\/ello-logo-2.fw_.png\",\"width\":400,\"height\":146,\"caption\":\"ELLO TV\"},\"image\":{\"@id\":\"https:\\\/\\\/ellotv.com.br\\\/site\\\/#\\\/schema\\\/logo\\\/image\\\/\"}},{\"@type\":\"Person\",\"@id\":\"https:\\\/\\\/ellotv.com.br\\\/site\\\/#\\\/schema\\\/person\\\/2dbe3abaee38dcc7332fc8205cd2b15d\",\"name\":\"ELLO TV\",\"image\":{\"@type\":\"ImageObject\",\"inLanguage\":\"pt-BR\",\"@id\":\"https:\\\/\\\/secure.gravatar.com\\\/avatar\\\/c38242b9da8ec217ac3f0aaee31a54f7d7befb11b2b47fdbc8fb0fad60afa1c6?s=96&d=mm&r=g\",\"url\":\"https:\\\/\\\/secure.gravatar.com\\\/avatar\\\/c38242b9da8ec217ac3f0aaee31a54f7d7befb11b2b47fdbc8fb0fad60afa1c6?s=96&d=mm&r=g\",\"contentUrl\":\"https:\\\/\\\/secure.gravatar.com\\\/avatar\\\/c38242b9da8ec217ac3f0aaee31a54f7d7befb11b2b47fdbc8fb0fad60afa1c6?s=96&d=mm&r=g\",\"caption\":\"ELLO TV\"},\"url\":\"https:\\\/\\\/ellotv.com.br\\\/site\\\/author\\\/elloagencia\\\/\"}]}<\/script>\n<!-- \/ Yoast SEO plugin. -->","yoast_head_json":{"title":"Casos de dengue caem 75% no Brasil em 2026, aponta Minist\u00e9rio da Sa\u00fade - Ello TV","description":"Brasil registra queda de 75% nos casos de dengue em 2026, com a\u00e7\u00f5es integradas, vacina\u00e7\u00e3o e uso de novas tecnologias.","robots":{"index":"index","follow":"follow","max-snippet":"max-snippet:-1","max-image-preview":"max-image-preview:large","max-video-preview":"max-video-preview:-1"},"canonical":"https:\/\/ellotv.com.br\/site\/2026\/04\/17\/casos-de-dengue-caem-75-no-brasil-em-2026-aponta-ministerio-da-saude\/","og_locale":"pt_BR","og_type":"article","og_title":"Casos de dengue caem 75% no Brasil em 2026, aponta Minist\u00e9rio da Sa\u00fade - Ello TV","og_description":"Brasil registra queda de 75% nos casos de dengue em 2026, com a\u00e7\u00f5es integradas, vacina\u00e7\u00e3o e uso de novas tecnologias.","og_url":"https:\/\/ellotv.com.br\/site\/2026\/04\/17\/casos-de-dengue-caem-75-no-brasil-em-2026-aponta-ministerio-da-saude\/","og_site_name":"Ello TV","article_published_time":"2026-04-17T11:34:45+00:00","og_image":[{"width":850,"height":554,"url":"https:\/\/ellotv.com.br\/site\/wp-content\/uploads\/2026\/04\/WhatsApp-Image-2026-04-16-at-19.30.27.jpeg","type":"image\/jpeg"}],"author":"ELLO TV","twitter_card":"summary_large_image","twitter_misc":{"Escrito por":"ELLO TV","Est. tempo de leitura":"1 minuto"},"schema":{"@context":"https:\/\/schema.org","@graph":[{"@type":"Article","@id":"https:\/\/ellotv.com.br\/site\/2026\/04\/17\/casos-de-dengue-caem-75-no-brasil-em-2026-aponta-ministerio-da-saude\/#article","isPartOf":{"@id":"https:\/\/ellotv.com.br\/site\/2026\/04\/17\/casos-de-dengue-caem-75-no-brasil-em-2026-aponta-ministerio-da-saude\/"},"author":{"name":"ELLO TV","@id":"https:\/\/ellotv.com.br\/site\/#\/schema\/person\/2dbe3abaee38dcc7332fc8205cd2b15d"},"headline":"Casos de dengue caem 75% no Brasil em 2026, aponta Minist\u00e9rio da Sa\u00fade","datePublished":"2026-04-17T11:34:45+00:00","mainEntityOfPage":{"@id":"https:\/\/ellotv.com.br\/site\/2026\/04\/17\/casos-de-dengue-caem-75-no-brasil-em-2026-aponta-ministerio-da-saude\/"},"wordCount":247,"commentCount":0,"publisher":{"@id":"https:\/\/ellotv.com.br\/site\/#organization"},"image":{"@id":"https:\/\/ellotv.com.br\/site\/2026\/04\/17\/casos-de-dengue-caem-75-no-brasil-em-2026-aponta-ministerio-da-saude\/#primaryimage"},"thumbnailUrl":"https:\/\/ellotv.com.br\/site\/wp-content\/uploads\/2026\/04\/WhatsApp-Image-2026-04-16-at-19.30.27.jpeg","articleSection":["Brasil","Noticias"],"inLanguage":"pt-BR","potentialAction":[{"@type":"CommentAction","name":"Comment","target":["https:\/\/ellotv.com.br\/site\/2026\/04\/17\/casos-de-dengue-caem-75-no-brasil-em-2026-aponta-ministerio-da-saude\/#respond"]}]},{"@type":"WebPage","@id":"https:\/\/ellotv.com.br\/site\/2026\/04\/17\/casos-de-dengue-caem-75-no-brasil-em-2026-aponta-ministerio-da-saude\/","url":"https:\/\/ellotv.com.br\/site\/2026\/04\/17\/casos-de-dengue-caem-75-no-brasil-em-2026-aponta-ministerio-da-saude\/","name":"Casos de dengue caem 75% no Brasil em 2026, aponta Minist\u00e9rio da Sa\u00fade - Ello TV","isPartOf":{"@id":"https:\/\/ellotv.com.br\/site\/#website"},"primaryImageOfPage":{"@id":"https:\/\/ellotv.com.br\/site\/2026\/04\/17\/casos-de-dengue-caem-75-no-brasil-em-2026-aponta-ministerio-da-saude\/#primaryimage"},"image":{"@id":"https:\/\/ellotv.com.br\/site\/2026\/04\/17\/casos-de-dengue-caem-75-no-brasil-em-2026-aponta-ministerio-da-saude\/#primaryimage"},"thumbnailUrl":"https:\/\/ellotv.com.br\/site\/wp-content\/uploads\/2026\/04\/WhatsApp-Image-2026-04-16-at-19.30.27.jpeg","datePublished":"2026-04-17T11:34:45+00:00","description":"Brasil registra queda de 75% nos casos de dengue em 2026, com a\u00e7\u00f5es integradas, vacina\u00e7\u00e3o e uso de novas tecnologias.","breadcrumb":{"@id":"https:\/\/ellotv.com.br\/site\/2026\/04\/17\/casos-de-dengue-caem-75-no-brasil-em-2026-aponta-ministerio-da-saude\/#breadcrumb"},"inLanguage":"pt-BR","potentialAction":[{"@type":"ReadAction","target":["https:\/\/ellotv.com.br\/site\/2026\/04\/17\/casos-de-dengue-caem-75-no-brasil-em-2026-aponta-ministerio-da-saude\/"]}]},{"@type":"ImageObject","inLanguage":"pt-BR","@id":"https:\/\/ellotv.com.br\/site\/2026\/04\/17\/casos-de-dengue-caem-75-no-brasil-em-2026-aponta-ministerio-da-saude\/#primaryimage","url":"https:\/\/ellotv.com.br\/site\/wp-content\/uploads\/2026\/04\/WhatsApp-Image-2026-04-16-at-19.30.27.jpeg","contentUrl":"https:\/\/ellotv.com.br\/site\/wp-content\/uploads\/2026\/04\/WhatsApp-Image-2026-04-16-at-19.30.27.jpeg","width":850,"height":554},{"@type":"BreadcrumbList","@id":"https:\/\/ellotv.com.br\/site\/2026\/04\/17\/casos-de-dengue-caem-75-no-brasil-em-2026-aponta-ministerio-da-saude\/#breadcrumb","itemListElement":[{"@type":"ListItem","position":1,"name":"In\u00edcio","item":"https:\/\/ellotv.com.br\/site\/"},{"@type":"ListItem","position":2,"name":"Casos de dengue caem 75% no Brasil em 2026, aponta Minist\u00e9rio da Sa\u00fade"}]},{"@type":"WebSite","@id":"https:\/\/ellotv.com.br\/site\/#website","url":"https:\/\/ellotv.com.br\/site\/","name":"ELLO TV","description":"","publisher":{"@id":"https:\/\/ellotv.com.br\/site\/#organization"},"potentialAction":[{"@type":"SearchAction","target":{"@type":"EntryPoint","urlTemplate":"https:\/\/ellotv.com.br\/site\/?s={search_term_string}"},"query-input":{"@type":"PropertyValueSpecification","valueRequired":true,"valueName":"search_term_string"}}],"inLanguage":"pt-BR"},{"@type":"Organization","@id":"https:\/\/ellotv.com.br\/site\/#organization","name":"ELLO TV","url":"https:\/\/ellotv.com.br\/site\/","logo":{"@type":"ImageObject","inLanguage":"pt-BR","@id":"https:\/\/ellotv.com.br\/site\/#\/schema\/logo\/image\/","url":"https:\/\/ellotv.com.br\/site\/wp-content\/uploads\/2025\/11\/ello-logo-2.fw_.png","contentUrl":"https:\/\/ellotv.com.br\/site\/wp-content\/uploads\/2025\/11\/ello-logo-2.fw_.png","width":400,"height":146,"caption":"ELLO TV"},"image":{"@id":"https:\/\/ellotv.com.br\/site\/#\/schema\/logo\/image\/"}},{"@type":"Person","@id":"https:\/\/ellotv.com.br\/site\/#\/schema\/person\/2dbe3abaee38dcc7332fc8205cd2b15d","name":"ELLO TV","image":{"@type":"ImageObject","inLanguage":"pt-BR","@id":"https:\/\/secure.gravatar.com\/avatar\/c38242b9da8ec217ac3f0aaee31a54f7d7befb11b2b47fdbc8fb0fad60afa1c6?s=96&d=mm&r=g","url":"https:\/\/secure.gravatar.com\/avatar\/c38242b9da8ec217ac3f0aaee31a54f7d7befb11b2b47fdbc8fb0fad60afa1c6?s=96&d=mm&r=g","contentUrl":"https:\/\/secure.gravatar.com\/avatar\/c38242b9da8ec217ac3f0aaee31a54f7d7befb11b2b47fdbc8fb0fad60afa1c6?s=96&d=mm&r=g","caption":"ELLO TV"},"url":"https:\/\/ellotv.com.br\/site\/author\/elloagencia\/"}]}},"featured_image_urls":{"full":["https:\/\/ellotv.com.br\/site\/wp-content\/uploads\/2026\/04\/WhatsApp-Image-2026-04-16-at-19.30.27.jpeg",850,554,false],"thumbnail":["https:\/\/ellotv.com.br\/site\/wp-content\/uploads\/2026\/04\/WhatsApp-Image-2026-04-16-at-19.30.27-150x150.jpeg",150,150,true],"medium":["https:\/\/ellotv.com.br\/site\/wp-content\/uploads\/2026\/04\/WhatsApp-Image-2026-04-16-at-19.30.27-300x196.jpeg",300,196,true],"medium_large":["https:\/\/ellotv.com.br\/site\/wp-content\/uploads\/2026\/04\/WhatsApp-Image-2026-04-16-at-19.30.27-768x501.jpeg",640,418,true],"large":["https:\/\/ellotv.com.br\/site\/wp-content\/uploads\/2026\/04\/WhatsApp-Image-2026-04-16-at-19.30.27.jpeg",640,417,false],"1536x1536":["https:\/\/ellotv.com.br\/site\/wp-content\/uploads\/2026\/04\/WhatsApp-Image-2026-04-16-at-19.30.27.jpeg",850,554,false],"2048x2048":["https:\/\/ellotv.com.br\/site\/wp-content\/uploads\/2026\/04\/WhatsApp-Image-2026-04-16-at-19.30.27.jpeg",850,554,false],"darknews-slider-full":["https:\/\/ellotv.com.br\/site\/wp-content\/uploads\/2026\/04\/WhatsApp-Image-2026-04-16-at-19.30.27.jpeg",850,554,false],"darknews-featured":["https:\/\/ellotv.com.br\/site\/wp-content\/uploads\/2026\/04\/WhatsApp-Image-2026-04-16-at-19.30.27.jpeg",850,554,false],"darknews-medium":["https:\/\/ellotv.com.br\/site\/wp-content\/uploads\/2026\/04\/WhatsApp-Image-2026-04-16-at-19.30.27-720x530.jpeg",720,530,true],"darknews-medium-square":["https:\/\/ellotv.com.br\/site\/wp-content\/uploads\/2026\/04\/WhatsApp-Image-2026-04-16-at-19.30.27-350x350.jpeg",350,350,true]},"author_info":{"info":["ELLO TV"]},"category_info":"<a href=\"https:\/\/ellotv.com.br\/site\/category\/brasil\/\" rel=\"category tag\">Brasil<\/a> <a href=\"https:\/\/ellotv.com.br\/site\/category\/noticias\/\" rel=\"category tag\">Noticias<\/a>","tag_info":"Noticias","comment_count":"0","_links":{"self":[{"href":"https:\/\/ellotv.com.br\/site\/wp-json\/wp\/v2\/posts\/5716","targetHints":{"allow":["GET"]}}],"collection":[{"href":"https:\/\/ellotv.com.br\/site\/wp-json\/wp\/v2\/posts"}],"about":[{"href":"https:\/\/ellotv.com.br\/site\/wp-json\/wp\/v2\/types\/post"}],"author":[{"embeddable":true,"href":"https:\/\/ellotv.com.br\/site\/wp-json\/wp\/v2\/users\/2"}],"replies":[{"embeddable":true,"href":"https:\/\/ellotv.com.br\/site\/wp-json\/wp\/v2\/comments?post=5716"}],"version-history":[{"count":1,"href":"https:\/\/ellotv.com.br\/site\/wp-json\/wp\/v2\/posts\/5716\/revisions"}],"predecessor-version":[{"id":5718,"href":"https:\/\/ellotv.com.br\/site\/wp-json\/wp\/v2\/posts\/5716\/revisions\/5718"}],"wp:featuredmedia":[{"embeddable":true,"href":"https:\/\/ellotv.com.br\/site\/wp-json\/wp\/v2\/media\/5717"}],"wp:attachment":[{"href":"https:\/\/ellotv.com.br\/site\/wp-json\/wp\/v2\/media?parent=5716"}],"wp:term":[{"taxonomy":"category","embeddable":true,"href":"https:\/\/ellotv.com.br\/site\/wp-json\/wp\/v2\/categories?post=5716"},{"taxonomy":"post_tag","embeddable":true,"href":"https:\/\/ellotv.com.br\/site\/wp-json\/wp\/v2\/tags?post=5716"}],"curies":[{"name":"wp","href":"https:\/\/api.w.org\/{rel}","templated":true}]}}