{"id":5719,"date":"2026-04-17T08:38:13","date_gmt":"2026-04-17T11:38:13","guid":{"rendered":"https:\/\/ellotv.com.br\/site\/?p=5719"},"modified":"2026-04-17T08:38:13","modified_gmt":"2026-04-17T11:38:13","slug":"igreja-matriz-de-sao-jose-e-alvo-de-arrombamento-em-sao-jose-do-egito","status":"publish","type":"post","link":"https:\/\/ellotv.com.br\/site\/2026\/04\/17\/igreja-matriz-de-sao-jose-e-alvo-de-arrombamento-em-sao-jose-do-egito\/","title":{"rendered":"Igreja Matriz de S\u00e3o Jos\u00e9 \u00e9 alvo de arrombamento em S\u00e3o Jos\u00e9 do Egito"},"content":{"rendered":"<p data-start=\"75\" data-end=\"277\">A <span class=\"hover:entity-accent entity-underline inline cursor-pointer align-baseline\"><span class=\"whitespace-normal\">Igreja Matriz de S\u00e3o Jos\u00e9<\/span><\/span> foi alvo de arrombamento e saque, gerando indigna\u00e7\u00e3o entre moradores de <span class=\"hover:entity-accent entity-underline inline cursor-pointer align-baseline\"><span class=\"whitespace-normal\">S\u00e3o Jos\u00e9 do Egito<\/span><\/span>, no Sert\u00e3o do <span class=\"hover:entity-accent entity-underline inline cursor-pointer align-baseline\"><span class=\"whitespace-normal\">Pernambuco<\/span><\/span>.<\/p>\n<p data-start=\"279\" data-end=\"393\">O caso veio \u00e0 tona nas \u00faltimas horas e rapidamente repercutiu nas redes sociais, despertando revolta na popula\u00e7\u00e3o.<\/p>\n<h3 data-section-id=\"h04cq5\" data-start=\"395\" data-end=\"429\">\ud83d\udea8 Poucas informa\u00e7\u00f5es oficiais<\/h3>\n<p data-start=\"431\" data-end=\"480\">At\u00e9 o momento, n\u00e3o h\u00e1 detalhes confirmados sobre:<\/p>\n<ul data-start=\"481\" data-end=\"543\">\n<li data-section-id=\"1h466h7\" data-start=\"481\" data-end=\"498\">Itens levados<\/li>\n<li data-section-id=\"1am1lcw\" data-start=\"499\" data-end=\"519\">Din\u00e2mica da a\u00e7\u00e3o<\/li>\n<li data-section-id=\"k5abg2\" data-start=\"520\" data-end=\"543\">Poss\u00edveis suspeitos<\/li>\n<\/ul>\n<h3 data-section-id=\"1buznwc\" data-start=\"545\" data-end=\"574\">\u26ea Indigna\u00e7\u00e3o da popula\u00e7\u00e3o<\/h3>\n<p data-start=\"576\" data-end=\"751\">Moradores e fi\u00e9is manifestam revolta diante do desrespeito a um dos principais s\u00edmbolos religiosos e hist\u00f3ricos da cidade, refor\u00e7ando a import\u00e2ncia do local para a comunidade.<\/p>\n<h3 data-section-id=\"1m30ye9\" data-start=\"753\" data-end=\"772\">\ud83d\udd0d Investiga\u00e7\u00e3o<\/h3>\n<p data-start=\"774\" data-end=\"972\">As autoridades devem apurar o caso para identificar os respons\u00e1veis e esclarecer as circunst\u00e2ncias do crime. Enquanto isso, cresce a cobran\u00e7a por mais seguran\u00e7a em patrim\u00f4nios p\u00fablicos e religiosos.<\/p>\n<p data-start=\"774\" data-end=\"972\"><img fetchpriority=\"high\" decoding=\"async\" class=\"aligncenter wp-image-5721 size-full\" src=\"https:\/\/ellotv.com.br\/site\/wp-content\/uploads\/2026\/04\/WhatsApp-Image-2026-04-16-at-20.44.45.jpeg\" alt=\"\" width=\"1272\" height=\"1590\" srcset=\"https:\/\/ellotv.com.br\/site\/wp-content\/uploads\/2026\/04\/WhatsApp-Image-2026-04-16-at-20.44.45.jpeg 1272w, https:\/\/ellotv.com.br\/site\/wp-content\/uploads\/2026\/04\/WhatsApp-Image-2026-04-16-at-20.44.45-240x300.jpeg 240w, https:\/\/ellotv.com.br\/site\/wp-content\/uploads\/2026\/04\/WhatsApp-Image-2026-04-16-at-20.44.45-819x1024.jpeg 819w, https:\/\/ellotv.com.br\/site\/wp-content\/uploads\/2026\/04\/WhatsApp-Image-2026-04-16-at-20.44.45-768x960.jpeg 768w, https:\/\/ellotv.com.br\/site\/wp-content\/uploads\/2026\/04\/WhatsApp-Image-2026-04-16-at-20.44.45-1229x1536.jpeg 1229w, https:\/\/ellotv.com.br\/site\/wp-content\/uploads\/2026\/04\/WhatsApp-Image-2026-04-16-at-20.44.45-1024x1280.jpeg 1024w\" sizes=\"(max-width: 1272px) 100vw, 1272px\" \/> <img decoding=\"async\" class=\"aligncenter wp-image-5722 size-full\" src=\"https:\/\/ellotv.com.br\/site\/wp-content\/uploads\/2026\/04\/WhatsApp-Image-2026-04-16-at-20.44.44.jpeg\" alt=\"\" width=\"1282\" height=\"1600\" srcset=\"https:\/\/ellotv.com.br\/site\/wp-content\/uploads\/2026\/04\/WhatsApp-Image-2026-04-16-at-20.44.44.jpeg 1282w, https:\/\/ellotv.com.br\/site\/wp-content\/uploads\/2026\/04\/WhatsApp-Image-2026-04-16-at-20.44.44-240x300.jpeg 240w, https:\/\/ellotv.com.br\/site\/wp-content\/uploads\/2026\/04\/WhatsApp-Image-2026-04-16-at-20.44.44-820x1024.jpeg 820w, https:\/\/ellotv.com.br\/site\/wp-content\/uploads\/2026\/04\/WhatsApp-Image-2026-04-16-at-20.44.44-768x959.jpeg 768w, https:\/\/ellotv.com.br\/site\/wp-content\/uploads\/2026\/04\/WhatsApp-Image-2026-04-16-at-20.44.44-1231x1536.jpeg 1231w, https:\/\/ellotv.com.br\/site\/wp-content\/uploads\/2026\/04\/WhatsApp-Image-2026-04-16-at-20.44.44-1024x1278.jpeg 1024w\" sizes=\"(max-width: 1282px) 100vw, 1282px\" \/><\/p>\n","protected":false},"excerpt":{"rendered":"<p>A Igreja Matriz de S\u00e3o Jos\u00e9 foi alvo de arrombamento e saque, gerando indigna\u00e7\u00e3o entre moradores de S\u00e3o<\/p>\n","protected":false},"author":2,"featured_media":5720,"comment_status":"open","ping_status":"open","sticky":false,"template":"","format":"standard","meta":{"footnotes":""},"categories":[12,9],"tags":[],"class_list":["post-5719","post","type-post","status-publish","format-standard","has-post-thumbnail","hentry","category-noticias","category-regional"],"yoast_head":"<!-- This site is optimized with the Yoast SEO plugin v28.3 - https:\/\/yoast.com\/product\/yoast-seo-wordpress\/ -->\n<title>Igreja Matriz de S\u00e3o Jos\u00e9 \u00e9 alvo de arrombamento em S\u00e3o Jos\u00e9 do Egito - Ello TV<\/title>\n<meta name=\"description\" content=\"Igreja Matriz de S\u00e3o Jos\u00e9 \u00e9 arrombada em S\u00e3o Jos\u00e9 do Egito e caso gera indigna\u00e7\u00e3o e cobran\u00e7a por seguran\u00e7a.\" \/>\n<meta name=\"robots\" content=\"index, follow, max-snippet:-1, max-image-preview:large, max-video-preview:-1\" \/>\n<link rel=\"canonical\" href=\"https:\/\/ellotv.com.br\/site\/2026\/04\/17\/igreja-matriz-de-sao-jose-e-alvo-de-arrombamento-em-sao-jose-do-egito\/\" \/>\n<meta property=\"og:locale\" content=\"pt_BR\" \/>\n<meta property=\"og:type\" content=\"article\" \/>\n<meta property=\"og:title\" content=\"Igreja Matriz de S\u00e3o Jos\u00e9 \u00e9 alvo de arrombamento em S\u00e3o Jos\u00e9 do Egito - Ello TV\" \/>\n<meta property=\"og:description\" content=\"Igreja Matriz de S\u00e3o Jos\u00e9 \u00e9 arrombada em S\u00e3o Jos\u00e9 do Egito e caso gera indigna\u00e7\u00e3o e cobran\u00e7a por seguran\u00e7a.\" \/>\n<meta property=\"og:url\" content=\"https:\/\/ellotv.com.br\/site\/2026\/04\/17\/igreja-matriz-de-sao-jose-e-alvo-de-arrombamento-em-sao-jose-do-egito\/\" \/>\n<meta property=\"og:site_name\" content=\"Ello TV\" \/>\n<meta property=\"article:published_time\" content=\"2026-04-17T11:38:13+00:00\" \/>\n<meta property=\"og:image\" content=\"https:\/\/ellotv.com.br\/site\/wp-content\/uploads\/2026\/04\/WhatsApp-Image-2026-04-16-at-20.44.45-1.jpeg\" \/>\n\t<meta property=\"og:image:width\" content=\"1282\" \/>\n\t<meta property=\"og:image:height\" content=\"1600\" \/>\n\t<meta property=\"og:image:type\" content=\"image\/jpeg\" \/>\n<meta name=\"author\" content=\"ELLO TV\" \/>\n<meta name=\"twitter:card\" content=\"summary_large_image\" \/>\n<meta name=\"twitter:label1\" content=\"Escrito por\" \/>\n\t<meta name=\"twitter:data1\" content=\"ELLO TV\" \/>\n\t<meta name=\"twitter:label2\" content=\"Est. tempo de leitura\" \/>\n\t<meta name=\"twitter:data2\" content=\"1 minuto\" \/>\n<script type=\"application\/ld+json\" class=\"yoast-schema-graph\">{\"@context\":\"https:\\\/\\\/schema.org\",\"@graph\":[{\"@type\":\"Article\",\"@id\":\"https:\\\/\\\/ellotv.com.br\\\/site\\\/2026\\\/04\\\/17\\\/igreja-matriz-de-sao-jose-e-alvo-de-arrombamento-em-sao-jose-do-egito\\\/#article\",\"isPartOf\":{\"@id\":\"https:\\\/\\\/ellotv.com.br\\\/site\\\/2026\\\/04\\\/17\\\/igreja-matriz-de-sao-jose-e-alvo-de-arrombamento-em-sao-jose-do-egito\\\/\"},\"author\":{\"name\":\"ELLO TV\",\"@id\":\"https:\\\/\\\/ellotv.com.br\\\/site\\\/#\\\/schema\\\/person\\\/2dbe3abaee38dcc7332fc8205cd2b15d\"},\"headline\":\"Igreja Matriz de S\u00e3o Jos\u00e9 \u00e9 alvo de arrombamento em S\u00e3o Jos\u00e9 do Egito\",\"datePublished\":\"2026-04-17T11:38:13+00:00\",\"mainEntityOfPage\":{\"@id\":\"https:\\\/\\\/ellotv.com.br\\\/site\\\/2026\\\/04\\\/17\\\/igreja-matriz-de-sao-jose-e-alvo-de-arrombamento-em-sao-jose-do-egito\\\/\"},\"wordCount\":158,\"commentCount\":0,\"publisher\":{\"@id\":\"https:\\\/\\\/ellotv.com.br\\\/site\\\/#organization\"},\"image\":{\"@id\":\"https:\\\/\\\/ellotv.com.br\\\/site\\\/2026\\\/04\\\/17\\\/igreja-matriz-de-sao-jose-e-alvo-de-arrombamento-em-sao-jose-do-egito\\\/#primaryimage\"},\"thumbnailUrl\":\"https:\\\/\\\/ellotv.com.br\\\/site\\\/wp-content\\\/uploads\\\/2026\\\/04\\\/WhatsApp-Image-2026-04-16-at-20.44.45-1.jpeg\",\"articleSection\":[\"Noticias\",\"Regional\"],\"inLanguage\":\"pt-BR\",\"potentialAction\":[{\"@type\":\"CommentAction\",\"name\":\"Comment\",\"target\":[\"https:\\\/\\\/ellotv.com.br\\\/site\\\/2026\\\/04\\\/17\\\/igreja-matriz-de-sao-jose-e-alvo-de-arrombamento-em-sao-jose-do-egito\\\/#respond\"]}]},{\"@type\":\"WebPage\",\"@id\":\"https:\\\/\\\/ellotv.com.br\\\/site\\\/2026\\\/04\\\/17\\\/igreja-matriz-de-sao-jose-e-alvo-de-arrombamento-em-sao-jose-do-egito\\\/\",\"url\":\"https:\\\/\\\/ellotv.com.br\\\/site\\\/2026\\\/04\\\/17\\\/igreja-matriz-de-sao-jose-e-alvo-de-arrombamento-em-sao-jose-do-egito\\\/\",\"name\":\"Igreja Matriz de S\u00e3o Jos\u00e9 \u00e9 alvo de arrombamento em S\u00e3o Jos\u00e9 do Egito - Ello TV\",\"isPartOf\":{\"@id\":\"https:\\\/\\\/ellotv.com.br\\\/site\\\/#website\"},\"primaryImageOfPage\":{\"@id\":\"https:\\\/\\\/ellotv.com.br\\\/site\\\/2026\\\/04\\\/17\\\/igreja-matriz-de-sao-jose-e-alvo-de-arrombamento-em-sao-jose-do-egito\\\/#primaryimage\"},\"image\":{\"@id\":\"https:\\\/\\\/ellotv.com.br\\\/site\\\/2026\\\/04\\\/17\\\/igreja-matriz-de-sao-jose-e-alvo-de-arrombamento-em-sao-jose-do-egito\\\/#primaryimage\"},\"thumbnailUrl\":\"https:\\\/\\\/ellotv.com.br\\\/site\\\/wp-content\\\/uploads\\\/2026\\\/04\\\/WhatsApp-Image-2026-04-16-at-20.44.45-1.jpeg\",\"datePublished\":\"2026-04-17T11:38:13+00:00\",\"description\":\"Igreja Matriz de S\u00e3o Jos\u00e9 \u00e9 arrombada em S\u00e3o Jos\u00e9 do Egito e caso gera indigna\u00e7\u00e3o e cobran\u00e7a por seguran\u00e7a.\",\"breadcrumb\":{\"@id\":\"https:\\\/\\\/ellotv.com.br\\\/site\\\/2026\\\/04\\\/17\\\/igreja-matriz-de-sao-jose-e-alvo-de-arrombamento-em-sao-jose-do-egito\\\/#breadcrumb\"},\"inLanguage\":\"pt-BR\",\"potentialAction\":[{\"@type\":\"ReadAction\",\"target\":[\"https:\\\/\\\/ellotv.com.br\\\/site\\\/2026\\\/04\\\/17\\\/igreja-matriz-de-sao-jose-e-alvo-de-arrombamento-em-sao-jose-do-egito\\\/\"]}]},{\"@type\":\"ImageObject\",\"inLanguage\":\"pt-BR\",\"@id\":\"https:\\\/\\\/ellotv.com.br\\\/site\\\/2026\\\/04\\\/17\\\/igreja-matriz-de-sao-jose-e-alvo-de-arrombamento-em-sao-jose-do-egito\\\/#primaryimage\",\"url\":\"https:\\\/\\\/ellotv.com.br\\\/site\\\/wp-content\\\/uploads\\\/2026\\\/04\\\/WhatsApp-Image-2026-04-16-at-20.44.45-1.jpeg\",\"contentUrl\":\"https:\\\/\\\/ellotv.com.br\\\/site\\\/wp-content\\\/uploads\\\/2026\\\/04\\\/WhatsApp-Image-2026-04-16-at-20.44.45-1.jpeg\",\"width\":1282,\"height\":1600},{\"@type\":\"BreadcrumbList\",\"@id\":\"https:\\\/\\\/ellotv.com.br\\\/site\\\/2026\\\/04\\\/17\\\/igreja-matriz-de-sao-jose-e-alvo-de-arrombamento-em-sao-jose-do-egito\\\/#breadcrumb\",\"itemListElement\":[{\"@type\":\"ListItem\",\"position\":1,\"name\":\"In\u00edcio\",\"item\":\"https:\\\/\\\/ellotv.com.br\\\/site\\\/\"},{\"@type\":\"ListItem\",\"position\":2,\"name\":\"Igreja Matriz de S\u00e3o Jos\u00e9 \u00e9 alvo de arrombamento em S\u00e3o Jos\u00e9 do Egito\"}]},{\"@type\":\"WebSite\",\"@id\":\"https:\\\/\\\/ellotv.com.br\\\/site\\\/#website\",\"url\":\"https:\\\/\\\/ellotv.com.br\\\/site\\\/\",\"name\":\"ELLO TV\",\"description\":\"\",\"publisher\":{\"@id\":\"https:\\\/\\\/ellotv.com.br\\\/site\\\/#organization\"},\"potentialAction\":[{\"@type\":\"SearchAction\",\"target\":{\"@type\":\"EntryPoint\",\"urlTemplate\":\"https:\\\/\\\/ellotv.com.br\\\/site\\\/?s={search_term_string}\"},\"query-input\":{\"@type\":\"PropertyValueSpecification\",\"valueRequired\":true,\"valueName\":\"search_term_string\"}}],\"inLanguage\":\"pt-BR\"},{\"@type\":\"Organization\",\"@id\":\"https:\\\/\\\/ellotv.com.br\\\/site\\\/#organization\",\"name\":\"ELLO TV\",\"url\":\"https:\\\/\\\/ellotv.com.br\\\/site\\\/\",\"logo\":{\"@type\":\"ImageObject\",\"inLanguage\":\"pt-BR\",\"@id\":\"https:\\\/\\\/ellotv.com.br\\\/site\\\/#\\\/schema\\\/logo\\\/image\\\/\",\"url\":\"https:\\\/\\\/ellotv.com.br\\\/site\\\/wp-content\\\/uploads\\\/2025\\\/11\\\/ello-logo-2.fw_.png\",\"contentUrl\":\"https:\\\/\\\/ellotv.com.br\\\/site\\\/wp-content\\\/uploads\\\/2025\\\/11\\\/ello-logo-2.fw_.png\",\"width\":400,\"height\":146,\"caption\":\"ELLO TV\"},\"image\":{\"@id\":\"https:\\\/\\\/ellotv.com.br\\\/site\\\/#\\\/schema\\\/logo\\\/image\\\/\"}},{\"@type\":\"Person\",\"@id\":\"https:\\\/\\\/ellotv.com.br\\\/site\\\/#\\\/schema\\\/person\\\/2dbe3abaee38dcc7332fc8205cd2b15d\",\"name\":\"ELLO TV\",\"image\":{\"@type\":\"ImageObject\",\"inLanguage\":\"pt-BR\",\"@id\":\"https:\\\/\\\/secure.gravatar.com\\\/avatar\\\/c38242b9da8ec217ac3f0aaee31a54f7d7befb11b2b47fdbc8fb0fad60afa1c6?s=96&d=mm&r=g\",\"url\":\"https:\\\/\\\/secure.gravatar.com\\\/avatar\\\/c38242b9da8ec217ac3f0aaee31a54f7d7befb11b2b47fdbc8fb0fad60afa1c6?s=96&d=mm&r=g\",\"contentUrl\":\"https:\\\/\\\/secure.gravatar.com\\\/avatar\\\/c38242b9da8ec217ac3f0aaee31a54f7d7befb11b2b47fdbc8fb0fad60afa1c6?s=96&d=mm&r=g\",\"caption\":\"ELLO TV\"},\"url\":\"https:\\\/\\\/ellotv.com.br\\\/site\\\/author\\\/elloagencia\\\/\"}]}<\/script>\n<!-- \/ Yoast SEO plugin. -->","yoast_head_json":{"title":"Igreja Matriz de S\u00e3o Jos\u00e9 \u00e9 alvo de arrombamento em S\u00e3o Jos\u00e9 do Egito - Ello TV","description":"Igreja Matriz de S\u00e3o Jos\u00e9 \u00e9 arrombada em S\u00e3o Jos\u00e9 do Egito e caso gera indigna\u00e7\u00e3o e cobran\u00e7a por seguran\u00e7a.","robots":{"index":"index","follow":"follow","max-snippet":"max-snippet:-1","max-image-preview":"max-image-preview:large","max-video-preview":"max-video-preview:-1"},"canonical":"https:\/\/ellotv.com.br\/site\/2026\/04\/17\/igreja-matriz-de-sao-jose-e-alvo-de-arrombamento-em-sao-jose-do-egito\/","og_locale":"pt_BR","og_type":"article","og_title":"Igreja Matriz de S\u00e3o Jos\u00e9 \u00e9 alvo de arrombamento em S\u00e3o Jos\u00e9 do Egito - Ello TV","og_description":"Igreja Matriz de S\u00e3o Jos\u00e9 \u00e9 arrombada em S\u00e3o Jos\u00e9 do Egito e caso gera indigna\u00e7\u00e3o e cobran\u00e7a por seguran\u00e7a.","og_url":"https:\/\/ellotv.com.br\/site\/2026\/04\/17\/igreja-matriz-de-sao-jose-e-alvo-de-arrombamento-em-sao-jose-do-egito\/","og_site_name":"Ello TV","article_published_time":"2026-04-17T11:38:13+00:00","og_image":[{"width":1282,"height":1600,"url":"https:\/\/ellotv.com.br\/site\/wp-content\/uploads\/2026\/04\/WhatsApp-Image-2026-04-16-at-20.44.45-1.jpeg","type":"image\/jpeg"}],"author":"ELLO TV","twitter_card":"summary_large_image","twitter_misc":{"Escrito por":"ELLO TV","Est. tempo de leitura":"1 minuto"},"schema":{"@context":"https:\/\/schema.org","@graph":[{"@type":"Article","@id":"https:\/\/ellotv.com.br\/site\/2026\/04\/17\/igreja-matriz-de-sao-jose-e-alvo-de-arrombamento-em-sao-jose-do-egito\/#article","isPartOf":{"@id":"https:\/\/ellotv.com.br\/site\/2026\/04\/17\/igreja-matriz-de-sao-jose-e-alvo-de-arrombamento-em-sao-jose-do-egito\/"},"author":{"name":"ELLO TV","@id":"https:\/\/ellotv.com.br\/site\/#\/schema\/person\/2dbe3abaee38dcc7332fc8205cd2b15d"},"headline":"Igreja Matriz de S\u00e3o Jos\u00e9 \u00e9 alvo de arrombamento em S\u00e3o Jos\u00e9 do Egito","datePublished":"2026-04-17T11:38:13+00:00","mainEntityOfPage":{"@id":"https:\/\/ellotv.com.br\/site\/2026\/04\/17\/igreja-matriz-de-sao-jose-e-alvo-de-arrombamento-em-sao-jose-do-egito\/"},"wordCount":158,"commentCount":0,"publisher":{"@id":"https:\/\/ellotv.com.br\/site\/#organization"},"image":{"@id":"https:\/\/ellotv.com.br\/site\/2026\/04\/17\/igreja-matriz-de-sao-jose-e-alvo-de-arrombamento-em-sao-jose-do-egito\/#primaryimage"},"thumbnailUrl":"https:\/\/ellotv.com.br\/site\/wp-content\/uploads\/2026\/04\/WhatsApp-Image-2026-04-16-at-20.44.45-1.jpeg","articleSection":["Noticias","Regional"],"inLanguage":"pt-BR","potentialAction":[{"@type":"CommentAction","name":"Comment","target":["https:\/\/ellotv.com.br\/site\/2026\/04\/17\/igreja-matriz-de-sao-jose-e-alvo-de-arrombamento-em-sao-jose-do-egito\/#respond"]}]},{"@type":"WebPage","@id":"https:\/\/ellotv.com.br\/site\/2026\/04\/17\/igreja-matriz-de-sao-jose-e-alvo-de-arrombamento-em-sao-jose-do-egito\/","url":"https:\/\/ellotv.com.br\/site\/2026\/04\/17\/igreja-matriz-de-sao-jose-e-alvo-de-arrombamento-em-sao-jose-do-egito\/","name":"Igreja Matriz de S\u00e3o Jos\u00e9 \u00e9 alvo de arrombamento em S\u00e3o Jos\u00e9 do Egito - Ello TV","isPartOf":{"@id":"https:\/\/ellotv.com.br\/site\/#website"},"primaryImageOfPage":{"@id":"https:\/\/ellotv.com.br\/site\/2026\/04\/17\/igreja-matriz-de-sao-jose-e-alvo-de-arrombamento-em-sao-jose-do-egito\/#primaryimage"},"image":{"@id":"https:\/\/ellotv.com.br\/site\/2026\/04\/17\/igreja-matriz-de-sao-jose-e-alvo-de-arrombamento-em-sao-jose-do-egito\/#primaryimage"},"thumbnailUrl":"https:\/\/ellotv.com.br\/site\/wp-content\/uploads\/2026\/04\/WhatsApp-Image-2026-04-16-at-20.44.45-1.jpeg","datePublished":"2026-04-17T11:38:13+00:00","description":"Igreja Matriz de S\u00e3o Jos\u00e9 \u00e9 arrombada em S\u00e3o Jos\u00e9 do Egito e caso gera indigna\u00e7\u00e3o e cobran\u00e7a por seguran\u00e7a.","breadcrumb":{"@id":"https:\/\/ellotv.com.br\/site\/2026\/04\/17\/igreja-matriz-de-sao-jose-e-alvo-de-arrombamento-em-sao-jose-do-egito\/#breadcrumb"},"inLanguage":"pt-BR","potentialAction":[{"@type":"ReadAction","target":["https:\/\/ellotv.com.br\/site\/2026\/04\/17\/igreja-matriz-de-sao-jose-e-alvo-de-arrombamento-em-sao-jose-do-egito\/"]}]},{"@type":"ImageObject","inLanguage":"pt-BR","@id":"https:\/\/ellotv.com.br\/site\/2026\/04\/17\/igreja-matriz-de-sao-jose-e-alvo-de-arrombamento-em-sao-jose-do-egito\/#primaryimage","url":"https:\/\/ellotv.com.br\/site\/wp-content\/uploads\/2026\/04\/WhatsApp-Image-2026-04-16-at-20.44.45-1.jpeg","contentUrl":"https:\/\/ellotv.com.br\/site\/wp-content\/uploads\/2026\/04\/WhatsApp-Image-2026-04-16-at-20.44.45-1.jpeg","width":1282,"height":1600},{"@type":"BreadcrumbList","@id":"https:\/\/ellotv.com.br\/site\/2026\/04\/17\/igreja-matriz-de-sao-jose-e-alvo-de-arrombamento-em-sao-jose-do-egito\/#breadcrumb","itemListElement":[{"@type":"ListItem","position":1,"name":"In\u00edcio","item":"https:\/\/ellotv.com.br\/site\/"},{"@type":"ListItem","position":2,"name":"Igreja Matriz de S\u00e3o Jos\u00e9 \u00e9 alvo de arrombamento em S\u00e3o Jos\u00e9 do Egito"}]},{"@type":"WebSite","@id":"https:\/\/ellotv.com.br\/site\/#website","url":"https:\/\/ellotv.com.br\/site\/","name":"ELLO TV","description":"","publisher":{"@id":"https:\/\/ellotv.com.br\/site\/#organization"},"potentialAction":[{"@type":"SearchAction","target":{"@type":"EntryPoint","urlTemplate":"https:\/\/ellotv.com.br\/site\/?s={search_term_string}"},"query-input":{"@type":"PropertyValueSpecification","valueRequired":true,"valueName":"search_term_string"}}],"inLanguage":"pt-BR"},{"@type":"Organization","@id":"https:\/\/ellotv.com.br\/site\/#organization","name":"ELLO TV","url":"https:\/\/ellotv.com.br\/site\/","logo":{"@type":"ImageObject","inLanguage":"pt-BR","@id":"https:\/\/ellotv.com.br\/site\/#\/schema\/logo\/image\/","url":"https:\/\/ellotv.com.br\/site\/wp-content\/uploads\/2025\/11\/ello-logo-2.fw_.png","contentUrl":"https:\/\/ellotv.com.br\/site\/wp-content\/uploads\/2025\/11\/ello-logo-2.fw_.png","width":400,"height":146,"caption":"ELLO TV"},"image":{"@id":"https:\/\/ellotv.com.br\/site\/#\/schema\/logo\/image\/"}},{"@type":"Person","@id":"https:\/\/ellotv.com.br\/site\/#\/schema\/person\/2dbe3abaee38dcc7332fc8205cd2b15d","name":"ELLO TV","image":{"@type":"ImageObject","inLanguage":"pt-BR","@id":"https:\/\/secure.gravatar.com\/avatar\/c38242b9da8ec217ac3f0aaee31a54f7d7befb11b2b47fdbc8fb0fad60afa1c6?s=96&d=mm&r=g","url":"https:\/\/secure.gravatar.com\/avatar\/c38242b9da8ec217ac3f0aaee31a54f7d7befb11b2b47fdbc8fb0fad60afa1c6?s=96&d=mm&r=g","contentUrl":"https:\/\/secure.gravatar.com\/avatar\/c38242b9da8ec217ac3f0aaee31a54f7d7befb11b2b47fdbc8fb0fad60afa1c6?s=96&d=mm&r=g","caption":"ELLO TV"},"url":"https:\/\/ellotv.com.br\/site\/author\/elloagencia\/"}]}},"featured_image_urls":{"full":["https:\/\/ellotv.com.br\/site\/wp-content\/uploads\/2026\/04\/WhatsApp-Image-2026-04-16-at-20.44.45-1.jpeg",1282,1600,false],"thumbnail":["https:\/\/ellotv.com.br\/site\/wp-content\/uploads\/2026\/04\/WhatsApp-Image-2026-04-16-at-20.44.45-1-150x150.jpeg",150,150,true],"medium":["https:\/\/ellotv.com.br\/site\/wp-content\/uploads\/2026\/04\/WhatsApp-Image-2026-04-16-at-20.44.45-1-240x300.jpeg",240,300,true],"medium_large":["https:\/\/ellotv.com.br\/site\/wp-content\/uploads\/2026\/04\/WhatsApp-Image-2026-04-16-at-20.44.45-1-768x959.jpeg",640,799,true],"large":["https:\/\/ellotv.com.br\/site\/wp-content\/uploads\/2026\/04\/WhatsApp-Image-2026-04-16-at-20.44.45-1-820x1024.jpeg",640,799,true],"1536x1536":["https:\/\/ellotv.com.br\/site\/wp-content\/uploads\/2026\/04\/WhatsApp-Image-2026-04-16-at-20.44.45-1-1231x1536.jpeg",1231,1536,true],"2048x2048":["https:\/\/ellotv.com.br\/site\/wp-content\/uploads\/2026\/04\/WhatsApp-Image-2026-04-16-at-20.44.45-1.jpeg",1282,1600,false],"darknews-slider-full":["https:\/\/ellotv.com.br\/site\/wp-content\/uploads\/2026\/04\/WhatsApp-Image-2026-04-16-at-20.44.45-1-1280x720.jpeg",1280,720,true],"darknews-featured":["https:\/\/ellotv.com.br\/site\/wp-content\/uploads\/2026\/04\/WhatsApp-Image-2026-04-16-at-20.44.45-1-1024x1278.jpeg",1024,1278,true],"darknews-medium":["https:\/\/ellotv.com.br\/site\/wp-content\/uploads\/2026\/04\/WhatsApp-Image-2026-04-16-at-20.44.45-1-720x530.jpeg",720,530,true],"darknews-medium-square":["https:\/\/ellotv.com.br\/site\/wp-content\/uploads\/2026\/04\/WhatsApp-Image-2026-04-16-at-20.44.45-1-350x350.jpeg",350,350,true]},"author_info":{"info":["ELLO TV"]},"category_info":"<a href=\"https:\/\/ellotv.com.br\/site\/category\/noticias\/\" rel=\"category tag\">Noticias<\/a> <a href=\"https:\/\/ellotv.com.br\/site\/category\/regional\/\" rel=\"category tag\">Regional<\/a>","tag_info":"Regional","comment_count":"0","_links":{"self":[{"href":"https:\/\/ellotv.com.br\/site\/wp-json\/wp\/v2\/posts\/5719","targetHints":{"allow":["GET"]}}],"collection":[{"href":"https:\/\/ellotv.com.br\/site\/wp-json\/wp\/v2\/posts"}],"about":[{"href":"https:\/\/ellotv.com.br\/site\/wp-json\/wp\/v2\/types\/post"}],"author":[{"embeddable":true,"href":"https:\/\/ellotv.com.br\/site\/wp-json\/wp\/v2\/users\/2"}],"replies":[{"embeddable":true,"href":"https:\/\/ellotv.com.br\/site\/wp-json\/wp\/v2\/comments?post=5719"}],"version-history":[{"count":1,"href":"https:\/\/ellotv.com.br\/site\/wp-json\/wp\/v2\/posts\/5719\/revisions"}],"predecessor-version":[{"id":5723,"href":"https:\/\/ellotv.com.br\/site\/wp-json\/wp\/v2\/posts\/5719\/revisions\/5723"}],"wp:featuredmedia":[{"embeddable":true,"href":"https:\/\/ellotv.com.br\/site\/wp-json\/wp\/v2\/media\/5720"}],"wp:attachment":[{"href":"https:\/\/ellotv.com.br\/site\/wp-json\/wp\/v2\/media?parent=5719"}],"wp:term":[{"taxonomy":"category","embeddable":true,"href":"https:\/\/ellotv.com.br\/site\/wp-json\/wp\/v2\/categories?post=5719"},{"taxonomy":"post_tag","embeddable":true,"href":"https:\/\/ellotv.com.br\/site\/wp-json\/wp\/v2\/tags?post=5719"}],"curies":[{"name":"wp","href":"https:\/\/api.w.org\/{rel}","templated":true}]}}