{"id":5738,"date":"2026-04-17T14:52:25","date_gmt":"2026-04-17T17:52:25","guid":{"rendered":"https:\/\/ellotv.com.br\/site\/?p=5738"},"modified":"2026-04-17T14:52:25","modified_gmt":"2026-04-17T17:52:25","slug":"historico-pela-primeira-vez-mulher-assume-o-comando-da-pm-em-sao-paulo","status":"publish","type":"post","link":"https:\/\/ellotv.com.br\/site\/2026\/04\/17\/historico-pela-primeira-vez-mulher-assume-o-comando-da-pm-em-sao-paulo\/","title":{"rendered":"Hist\u00f3rico: pela primeira vez, mulher assume o comando da PM em S\u00e3o Paulo"},"content":{"rendered":"<p data-start=\"76\" data-end=\"357\">A coronel <span class=\"hover:entity-accent entity-underline inline cursor-pointer align-baseline\"><span class=\"whitespace-normal\">Glauce Anselmo Cavalli<\/span><\/span> foi nomeada comandante-geral da <span class=\"hover:entity-accent entity-underline inline cursor-pointer align-baseline\"><span class=\"whitespace-normal\">Pol\u00edcia Militar do Estado de S\u00e3o Paulo<\/span><\/span>, tornando-se a primeira mulher a chefiar a institui\u00e7\u00e3o em quase 200 anos de hist\u00f3ria. A nomea\u00e7\u00e3o foi publicada no Di\u00e1rio Oficial do Estado nesta quinta-feira (16).<\/p>\n<h3 data-section-id=\"1dlptrq\" data-start=\"359\" data-end=\"390\">\ud83d\udc6e Trajet\u00f3ria na corpora\u00e7\u00e3o<\/h3>\n<p data-start=\"392\" data-end=\"552\">Antes de assumir o posto m\u00e1ximo, Glauce estava \u00e0 frente da Diretoria de Log\u00edstica da PM. Ao longo da carreira, acumulou experi\u00eancia em \u00e1reas estrat\u00e9gicas, como:<\/p>\n<ul data-start=\"553\" data-end=\"735\">\n<li data-section-id=\"112fx6z\" data-start=\"553\" data-end=\"604\">Comando do Policiamento da \u00c1rea Metropolitana 2<\/li>\n<li data-section-id=\"1aukc7w\" data-start=\"605\" data-end=\"672\">Atua\u00e7\u00e3o na Coordenadoria de Assuntos Jur\u00eddicos do Comando-Geral<\/li>\n<li data-section-id=\"1b28ooq\" data-start=\"673\" data-end=\"735\">Participa\u00e7\u00e3o no Centro de Comunica\u00e7\u00e3o Social da corpora\u00e7\u00e3o<\/li>\n<\/ul>\n<p data-start=\"737\" data-end=\"872\">Formada em Direito e Educa\u00e7\u00e3o F\u00edsica, a nova comandante possui mestrado e doutorado em Ci\u00eancias Policiais de Seguran\u00e7a e Ordem P\u00fablica.<\/p>\n<h3 data-section-id=\"i1ujy\" data-start=\"874\" data-end=\"899\">\ud83d\udd04 Mudan\u00e7a no comando<\/h3>\n<p data-start=\"901\" data-end=\"1015\">A nomea\u00e7\u00e3o marca a sa\u00edda do coronel <span class=\"hover:entity-accent entity-underline inline cursor-pointer align-baseline\"><span class=\"whitespace-normal\">Jos\u00e9 Augusto Coutinho<\/span><\/span>, que ocupava o cargo desde maio de 2025.<\/p>\n<h3 data-section-id=\"arubx1\" data-start=\"1017\" data-end=\"1039\">\ud83c\udf1f Marco hist\u00f3rico<\/h3>\n<p data-start=\"1041\" data-end=\"1230\">A escolha de Glauce Cavalli \u00e9 vista como um avan\u00e7o significativo na seguran\u00e7a p\u00fablica, simbolizando o fortalecimento da presen\u00e7a feminina em cargos de lideran\u00e7a dentro das for\u00e7as policiais.<\/p>\n","protected":false},"excerpt":{"rendered":"<p>A coronel Glauce Anselmo Cavalli foi nomeada comandante-geral da Pol\u00edcia Militar do Estado de S\u00e3o Paulo, tornando-se a<\/p>\n","protected":false},"author":2,"featured_media":5739,"comment_status":"open","ping_status":"open","sticky":false,"template":"","format":"standard","meta":{"footnotes":""},"categories":[8,12],"tags":[],"class_list":["post-5738","post","type-post","status-publish","format-standard","has-post-thumbnail","hentry","category-brasil","category-noticias"],"yoast_head":"<!-- This site is optimized with the Yoast SEO plugin v28.3 - https:\/\/yoast.com\/product\/yoast-seo-wordpress\/ -->\n<title>Hist\u00f3rico: pela primeira vez, mulher assume o comando da PM em S\u00e3o Paulo - Ello TV<\/title>\n<meta name=\"description\" content=\"Glauce Cavalli \u00e9 nomeada primeira mulher comandante-geral da Pol\u00edcia Militar de S\u00e3o Paulo em quase 200 anos.\" \/>\n<meta name=\"robots\" content=\"index, follow, max-snippet:-1, max-image-preview:large, max-video-preview:-1\" \/>\n<link rel=\"canonical\" href=\"https:\/\/ellotv.com.br\/site\/2026\/04\/17\/historico-pela-primeira-vez-mulher-assume-o-comando-da-pm-em-sao-paulo\/\" \/>\n<meta property=\"og:locale\" content=\"pt_BR\" \/>\n<meta property=\"og:type\" content=\"article\" \/>\n<meta property=\"og:title\" content=\"Hist\u00f3rico: pela primeira vez, mulher assume o comando da PM em S\u00e3o Paulo - Ello TV\" \/>\n<meta property=\"og:description\" content=\"Glauce Cavalli \u00e9 nomeada primeira mulher comandante-geral da Pol\u00edcia Militar de S\u00e3o Paulo em quase 200 anos.\" \/>\n<meta property=\"og:url\" content=\"https:\/\/ellotv.com.br\/site\/2026\/04\/17\/historico-pela-primeira-vez-mulher-assume-o-comando-da-pm-em-sao-paulo\/\" \/>\n<meta property=\"og:site_name\" content=\"Ello TV\" \/>\n<meta property=\"article:published_time\" content=\"2026-04-17T17:52:25+00:00\" \/>\n<meta property=\"og:image\" content=\"https:\/\/ellotv.com.br\/site\/wp-content\/uploads\/2026\/04\/WhatsApp-Image-2026-04-17-at-10.08.10.jpeg\" \/>\n\t<meta property=\"og:image:width\" content=\"1154\" \/>\n\t<meta property=\"og:image:height\" content=\"1276\" \/>\n\t<meta property=\"og:image:type\" content=\"image\/jpeg\" \/>\n<meta name=\"author\" content=\"ELLO TV\" \/>\n<meta name=\"twitter:card\" content=\"summary_large_image\" \/>\n<meta name=\"twitter:label1\" content=\"Escrito por\" \/>\n\t<meta name=\"twitter:data1\" content=\"ELLO TV\" \/>\n\t<meta name=\"twitter:label2\" content=\"Est. tempo de leitura\" \/>\n\t<meta name=\"twitter:data2\" content=\"1 minuto\" \/>\n<script type=\"application\/ld+json\" class=\"yoast-schema-graph\">{\"@context\":\"https:\\\/\\\/schema.org\",\"@graph\":[{\"@type\":\"Article\",\"@id\":\"https:\\\/\\\/ellotv.com.br\\\/site\\\/2026\\\/04\\\/17\\\/historico-pela-primeira-vez-mulher-assume-o-comando-da-pm-em-sao-paulo\\\/#article\",\"isPartOf\":{\"@id\":\"https:\\\/\\\/ellotv.com.br\\\/site\\\/2026\\\/04\\\/17\\\/historico-pela-primeira-vez-mulher-assume-o-comando-da-pm-em-sao-paulo\\\/\"},\"author\":{\"name\":\"ELLO TV\",\"@id\":\"https:\\\/\\\/ellotv.com.br\\\/site\\\/#\\\/schema\\\/person\\\/2dbe3abaee38dcc7332fc8205cd2b15d\"},\"headline\":\"Hist\u00f3rico: pela primeira vez, mulher assume o comando da PM em S\u00e3o Paulo\",\"datePublished\":\"2026-04-17T17:52:25+00:00\",\"mainEntityOfPage\":{\"@id\":\"https:\\\/\\\/ellotv.com.br\\\/site\\\/2026\\\/04\\\/17\\\/historico-pela-primeira-vez-mulher-assume-o-comando-da-pm-em-sao-paulo\\\/\"},\"wordCount\":207,\"commentCount\":0,\"publisher\":{\"@id\":\"https:\\\/\\\/ellotv.com.br\\\/site\\\/#organization\"},\"image\":{\"@id\":\"https:\\\/\\\/ellotv.com.br\\\/site\\\/2026\\\/04\\\/17\\\/historico-pela-primeira-vez-mulher-assume-o-comando-da-pm-em-sao-paulo\\\/#primaryimage\"},\"thumbnailUrl\":\"https:\\\/\\\/ellotv.com.br\\\/site\\\/wp-content\\\/uploads\\\/2026\\\/04\\\/WhatsApp-Image-2026-04-17-at-10.08.10.jpeg\",\"articleSection\":[\"Brasil\",\"Noticias\"],\"inLanguage\":\"pt-BR\",\"potentialAction\":[{\"@type\":\"CommentAction\",\"name\":\"Comment\",\"target\":[\"https:\\\/\\\/ellotv.com.br\\\/site\\\/2026\\\/04\\\/17\\\/historico-pela-primeira-vez-mulher-assume-o-comando-da-pm-em-sao-paulo\\\/#respond\"]}]},{\"@type\":\"WebPage\",\"@id\":\"https:\\\/\\\/ellotv.com.br\\\/site\\\/2026\\\/04\\\/17\\\/historico-pela-primeira-vez-mulher-assume-o-comando-da-pm-em-sao-paulo\\\/\",\"url\":\"https:\\\/\\\/ellotv.com.br\\\/site\\\/2026\\\/04\\\/17\\\/historico-pela-primeira-vez-mulher-assume-o-comando-da-pm-em-sao-paulo\\\/\",\"name\":\"Hist\u00f3rico: pela primeira vez, mulher assume o comando da PM em S\u00e3o Paulo - Ello TV\",\"isPartOf\":{\"@id\":\"https:\\\/\\\/ellotv.com.br\\\/site\\\/#website\"},\"primaryImageOfPage\":{\"@id\":\"https:\\\/\\\/ellotv.com.br\\\/site\\\/2026\\\/04\\\/17\\\/historico-pela-primeira-vez-mulher-assume-o-comando-da-pm-em-sao-paulo\\\/#primaryimage\"},\"image\":{\"@id\":\"https:\\\/\\\/ellotv.com.br\\\/site\\\/2026\\\/04\\\/17\\\/historico-pela-primeira-vez-mulher-assume-o-comando-da-pm-em-sao-paulo\\\/#primaryimage\"},\"thumbnailUrl\":\"https:\\\/\\\/ellotv.com.br\\\/site\\\/wp-content\\\/uploads\\\/2026\\\/04\\\/WhatsApp-Image-2026-04-17-at-10.08.10.jpeg\",\"datePublished\":\"2026-04-17T17:52:25+00:00\",\"description\":\"Glauce Cavalli \u00e9 nomeada primeira mulher comandante-geral da Pol\u00edcia Militar de S\u00e3o Paulo em quase 200 anos.\",\"breadcrumb\":{\"@id\":\"https:\\\/\\\/ellotv.com.br\\\/site\\\/2026\\\/04\\\/17\\\/historico-pela-primeira-vez-mulher-assume-o-comando-da-pm-em-sao-paulo\\\/#breadcrumb\"},\"inLanguage\":\"pt-BR\",\"potentialAction\":[{\"@type\":\"ReadAction\",\"target\":[\"https:\\\/\\\/ellotv.com.br\\\/site\\\/2026\\\/04\\\/17\\\/historico-pela-primeira-vez-mulher-assume-o-comando-da-pm-em-sao-paulo\\\/\"]}]},{\"@type\":\"ImageObject\",\"inLanguage\":\"pt-BR\",\"@id\":\"https:\\\/\\\/ellotv.com.br\\\/site\\\/2026\\\/04\\\/17\\\/historico-pela-primeira-vez-mulher-assume-o-comando-da-pm-em-sao-paulo\\\/#primaryimage\",\"url\":\"https:\\\/\\\/ellotv.com.br\\\/site\\\/wp-content\\\/uploads\\\/2026\\\/04\\\/WhatsApp-Image-2026-04-17-at-10.08.10.jpeg\",\"contentUrl\":\"https:\\\/\\\/ellotv.com.br\\\/site\\\/wp-content\\\/uploads\\\/2026\\\/04\\\/WhatsApp-Image-2026-04-17-at-10.08.10.jpeg\",\"width\":1154,\"height\":1276},{\"@type\":\"BreadcrumbList\",\"@id\":\"https:\\\/\\\/ellotv.com.br\\\/site\\\/2026\\\/04\\\/17\\\/historico-pela-primeira-vez-mulher-assume-o-comando-da-pm-em-sao-paulo\\\/#breadcrumb\",\"itemListElement\":[{\"@type\":\"ListItem\",\"position\":1,\"name\":\"In\u00edcio\",\"item\":\"https:\\\/\\\/ellotv.com.br\\\/site\\\/\"},{\"@type\":\"ListItem\",\"position\":2,\"name\":\"Hist\u00f3rico: pela primeira vez, mulher assume o comando da PM em S\u00e3o Paulo\"}]},{\"@type\":\"WebSite\",\"@id\":\"https:\\\/\\\/ellotv.com.br\\\/site\\\/#website\",\"url\":\"https:\\\/\\\/ellotv.com.br\\\/site\\\/\",\"name\":\"ELLO TV\",\"description\":\"\",\"publisher\":{\"@id\":\"https:\\\/\\\/ellotv.com.br\\\/site\\\/#organization\"},\"potentialAction\":[{\"@type\":\"SearchAction\",\"target\":{\"@type\":\"EntryPoint\",\"urlTemplate\":\"https:\\\/\\\/ellotv.com.br\\\/site\\\/?s={search_term_string}\"},\"query-input\":{\"@type\":\"PropertyValueSpecification\",\"valueRequired\":true,\"valueName\":\"search_term_string\"}}],\"inLanguage\":\"pt-BR\"},{\"@type\":\"Organization\",\"@id\":\"https:\\\/\\\/ellotv.com.br\\\/site\\\/#organization\",\"name\":\"ELLO TV\",\"url\":\"https:\\\/\\\/ellotv.com.br\\\/site\\\/\",\"logo\":{\"@type\":\"ImageObject\",\"inLanguage\":\"pt-BR\",\"@id\":\"https:\\\/\\\/ellotv.com.br\\\/site\\\/#\\\/schema\\\/logo\\\/image\\\/\",\"url\":\"https:\\\/\\\/ellotv.com.br\\\/site\\\/wp-content\\\/uploads\\\/2025\\\/11\\\/ello-logo-2.fw_.png\",\"contentUrl\":\"https:\\\/\\\/ellotv.com.br\\\/site\\\/wp-content\\\/uploads\\\/2025\\\/11\\\/ello-logo-2.fw_.png\",\"width\":400,\"height\":146,\"caption\":\"ELLO TV\"},\"image\":{\"@id\":\"https:\\\/\\\/ellotv.com.br\\\/site\\\/#\\\/schema\\\/logo\\\/image\\\/\"}},{\"@type\":\"Person\",\"@id\":\"https:\\\/\\\/ellotv.com.br\\\/site\\\/#\\\/schema\\\/person\\\/2dbe3abaee38dcc7332fc8205cd2b15d\",\"name\":\"ELLO TV\",\"image\":{\"@type\":\"ImageObject\",\"inLanguage\":\"pt-BR\",\"@id\":\"https:\\\/\\\/secure.gravatar.com\\\/avatar\\\/c38242b9da8ec217ac3f0aaee31a54f7d7befb11b2b47fdbc8fb0fad60afa1c6?s=96&d=mm&r=g\",\"url\":\"https:\\\/\\\/secure.gravatar.com\\\/avatar\\\/c38242b9da8ec217ac3f0aaee31a54f7d7befb11b2b47fdbc8fb0fad60afa1c6?s=96&d=mm&r=g\",\"contentUrl\":\"https:\\\/\\\/secure.gravatar.com\\\/avatar\\\/c38242b9da8ec217ac3f0aaee31a54f7d7befb11b2b47fdbc8fb0fad60afa1c6?s=96&d=mm&r=g\",\"caption\":\"ELLO TV\"},\"url\":\"https:\\\/\\\/ellotv.com.br\\\/site\\\/author\\\/elloagencia\\\/\"}]}<\/script>\n<!-- \/ Yoast SEO plugin. -->","yoast_head_json":{"title":"Hist\u00f3rico: pela primeira vez, mulher assume o comando da PM em S\u00e3o Paulo - Ello TV","description":"Glauce Cavalli \u00e9 nomeada primeira mulher comandante-geral da Pol\u00edcia Militar de S\u00e3o Paulo em quase 200 anos.","robots":{"index":"index","follow":"follow","max-snippet":"max-snippet:-1","max-image-preview":"max-image-preview:large","max-video-preview":"max-video-preview:-1"},"canonical":"https:\/\/ellotv.com.br\/site\/2026\/04\/17\/historico-pela-primeira-vez-mulher-assume-o-comando-da-pm-em-sao-paulo\/","og_locale":"pt_BR","og_type":"article","og_title":"Hist\u00f3rico: pela primeira vez, mulher assume o comando da PM em S\u00e3o Paulo - Ello TV","og_description":"Glauce Cavalli \u00e9 nomeada primeira mulher comandante-geral da Pol\u00edcia Militar de S\u00e3o Paulo em quase 200 anos.","og_url":"https:\/\/ellotv.com.br\/site\/2026\/04\/17\/historico-pela-primeira-vez-mulher-assume-o-comando-da-pm-em-sao-paulo\/","og_site_name":"Ello TV","article_published_time":"2026-04-17T17:52:25+00:00","og_image":[{"width":1154,"height":1276,"url":"https:\/\/ellotv.com.br\/site\/wp-content\/uploads\/2026\/04\/WhatsApp-Image-2026-04-17-at-10.08.10.jpeg","type":"image\/jpeg"}],"author":"ELLO TV","twitter_card":"summary_large_image","twitter_misc":{"Escrito por":"ELLO TV","Est. tempo de leitura":"1 minuto"},"schema":{"@context":"https:\/\/schema.org","@graph":[{"@type":"Article","@id":"https:\/\/ellotv.com.br\/site\/2026\/04\/17\/historico-pela-primeira-vez-mulher-assume-o-comando-da-pm-em-sao-paulo\/#article","isPartOf":{"@id":"https:\/\/ellotv.com.br\/site\/2026\/04\/17\/historico-pela-primeira-vez-mulher-assume-o-comando-da-pm-em-sao-paulo\/"},"author":{"name":"ELLO TV","@id":"https:\/\/ellotv.com.br\/site\/#\/schema\/person\/2dbe3abaee38dcc7332fc8205cd2b15d"},"headline":"Hist\u00f3rico: pela primeira vez, mulher assume o comando da PM em S\u00e3o Paulo","datePublished":"2026-04-17T17:52:25+00:00","mainEntityOfPage":{"@id":"https:\/\/ellotv.com.br\/site\/2026\/04\/17\/historico-pela-primeira-vez-mulher-assume-o-comando-da-pm-em-sao-paulo\/"},"wordCount":207,"commentCount":0,"publisher":{"@id":"https:\/\/ellotv.com.br\/site\/#organization"},"image":{"@id":"https:\/\/ellotv.com.br\/site\/2026\/04\/17\/historico-pela-primeira-vez-mulher-assume-o-comando-da-pm-em-sao-paulo\/#primaryimage"},"thumbnailUrl":"https:\/\/ellotv.com.br\/site\/wp-content\/uploads\/2026\/04\/WhatsApp-Image-2026-04-17-at-10.08.10.jpeg","articleSection":["Brasil","Noticias"],"inLanguage":"pt-BR","potentialAction":[{"@type":"CommentAction","name":"Comment","target":["https:\/\/ellotv.com.br\/site\/2026\/04\/17\/historico-pela-primeira-vez-mulher-assume-o-comando-da-pm-em-sao-paulo\/#respond"]}]},{"@type":"WebPage","@id":"https:\/\/ellotv.com.br\/site\/2026\/04\/17\/historico-pela-primeira-vez-mulher-assume-o-comando-da-pm-em-sao-paulo\/","url":"https:\/\/ellotv.com.br\/site\/2026\/04\/17\/historico-pela-primeira-vez-mulher-assume-o-comando-da-pm-em-sao-paulo\/","name":"Hist\u00f3rico: pela primeira vez, mulher assume o comando da PM em S\u00e3o Paulo - Ello TV","isPartOf":{"@id":"https:\/\/ellotv.com.br\/site\/#website"},"primaryImageOfPage":{"@id":"https:\/\/ellotv.com.br\/site\/2026\/04\/17\/historico-pela-primeira-vez-mulher-assume-o-comando-da-pm-em-sao-paulo\/#primaryimage"},"image":{"@id":"https:\/\/ellotv.com.br\/site\/2026\/04\/17\/historico-pela-primeira-vez-mulher-assume-o-comando-da-pm-em-sao-paulo\/#primaryimage"},"thumbnailUrl":"https:\/\/ellotv.com.br\/site\/wp-content\/uploads\/2026\/04\/WhatsApp-Image-2026-04-17-at-10.08.10.jpeg","datePublished":"2026-04-17T17:52:25+00:00","description":"Glauce Cavalli \u00e9 nomeada primeira mulher comandante-geral da Pol\u00edcia Militar de S\u00e3o Paulo em quase 200 anos.","breadcrumb":{"@id":"https:\/\/ellotv.com.br\/site\/2026\/04\/17\/historico-pela-primeira-vez-mulher-assume-o-comando-da-pm-em-sao-paulo\/#breadcrumb"},"inLanguage":"pt-BR","potentialAction":[{"@type":"ReadAction","target":["https:\/\/ellotv.com.br\/site\/2026\/04\/17\/historico-pela-primeira-vez-mulher-assume-o-comando-da-pm-em-sao-paulo\/"]}]},{"@type":"ImageObject","inLanguage":"pt-BR","@id":"https:\/\/ellotv.com.br\/site\/2026\/04\/17\/historico-pela-primeira-vez-mulher-assume-o-comando-da-pm-em-sao-paulo\/#primaryimage","url":"https:\/\/ellotv.com.br\/site\/wp-content\/uploads\/2026\/04\/WhatsApp-Image-2026-04-17-at-10.08.10.jpeg","contentUrl":"https:\/\/ellotv.com.br\/site\/wp-content\/uploads\/2026\/04\/WhatsApp-Image-2026-04-17-at-10.08.10.jpeg","width":1154,"height":1276},{"@type":"BreadcrumbList","@id":"https:\/\/ellotv.com.br\/site\/2026\/04\/17\/historico-pela-primeira-vez-mulher-assume-o-comando-da-pm-em-sao-paulo\/#breadcrumb","itemListElement":[{"@type":"ListItem","position":1,"name":"In\u00edcio","item":"https:\/\/ellotv.com.br\/site\/"},{"@type":"ListItem","position":2,"name":"Hist\u00f3rico: pela primeira vez, mulher assume o comando da PM em S\u00e3o Paulo"}]},{"@type":"WebSite","@id":"https:\/\/ellotv.com.br\/site\/#website","url":"https:\/\/ellotv.com.br\/site\/","name":"ELLO TV","description":"","publisher":{"@id":"https:\/\/ellotv.com.br\/site\/#organization"},"potentialAction":[{"@type":"SearchAction","target":{"@type":"EntryPoint","urlTemplate":"https:\/\/ellotv.com.br\/site\/?s={search_term_string}"},"query-input":{"@type":"PropertyValueSpecification","valueRequired":true,"valueName":"search_term_string"}}],"inLanguage":"pt-BR"},{"@type":"Organization","@id":"https:\/\/ellotv.com.br\/site\/#organization","name":"ELLO TV","url":"https:\/\/ellotv.com.br\/site\/","logo":{"@type":"ImageObject","inLanguage":"pt-BR","@id":"https:\/\/ellotv.com.br\/site\/#\/schema\/logo\/image\/","url":"https:\/\/ellotv.com.br\/site\/wp-content\/uploads\/2025\/11\/ello-logo-2.fw_.png","contentUrl":"https:\/\/ellotv.com.br\/site\/wp-content\/uploads\/2025\/11\/ello-logo-2.fw_.png","width":400,"height":146,"caption":"ELLO TV"},"image":{"@id":"https:\/\/ellotv.com.br\/site\/#\/schema\/logo\/image\/"}},{"@type":"Person","@id":"https:\/\/ellotv.com.br\/site\/#\/schema\/person\/2dbe3abaee38dcc7332fc8205cd2b15d","name":"ELLO TV","image":{"@type":"ImageObject","inLanguage":"pt-BR","@id":"https:\/\/secure.gravatar.com\/avatar\/c38242b9da8ec217ac3f0aaee31a54f7d7befb11b2b47fdbc8fb0fad60afa1c6?s=96&d=mm&r=g","url":"https:\/\/secure.gravatar.com\/avatar\/c38242b9da8ec217ac3f0aaee31a54f7d7befb11b2b47fdbc8fb0fad60afa1c6?s=96&d=mm&r=g","contentUrl":"https:\/\/secure.gravatar.com\/avatar\/c38242b9da8ec217ac3f0aaee31a54f7d7befb11b2b47fdbc8fb0fad60afa1c6?s=96&d=mm&r=g","caption":"ELLO TV"},"url":"https:\/\/ellotv.com.br\/site\/author\/elloagencia\/"}]}},"featured_image_urls":{"full":["https:\/\/ellotv.com.br\/site\/wp-content\/uploads\/2026\/04\/WhatsApp-Image-2026-04-17-at-10.08.10.jpeg",1154,1276,false],"thumbnail":["https:\/\/ellotv.com.br\/site\/wp-content\/uploads\/2026\/04\/WhatsApp-Image-2026-04-17-at-10.08.10-150x150.jpeg",150,150,true],"medium":["https:\/\/ellotv.com.br\/site\/wp-content\/uploads\/2026\/04\/WhatsApp-Image-2026-04-17-at-10.08.10-271x300.jpeg",271,300,true],"medium_large":["https:\/\/ellotv.com.br\/site\/wp-content\/uploads\/2026\/04\/WhatsApp-Image-2026-04-17-at-10.08.10-768x849.jpeg",640,708,true],"large":["https:\/\/ellotv.com.br\/site\/wp-content\/uploads\/2026\/04\/WhatsApp-Image-2026-04-17-at-10.08.10-926x1024.jpeg",640,708,true],"1536x1536":["https:\/\/ellotv.com.br\/site\/wp-content\/uploads\/2026\/04\/WhatsApp-Image-2026-04-17-at-10.08.10.jpeg",1154,1276,false],"2048x2048":["https:\/\/ellotv.com.br\/site\/wp-content\/uploads\/2026\/04\/WhatsApp-Image-2026-04-17-at-10.08.10.jpeg",1154,1276,false],"darknews-slider-full":["https:\/\/ellotv.com.br\/site\/wp-content\/uploads\/2026\/04\/WhatsApp-Image-2026-04-17-at-10.08.10-1154x720.jpeg",1154,720,true],"darknews-featured":["https:\/\/ellotv.com.br\/site\/wp-content\/uploads\/2026\/04\/WhatsApp-Image-2026-04-17-at-10.08.10-1024x1132.jpeg",1024,1132,true],"darknews-medium":["https:\/\/ellotv.com.br\/site\/wp-content\/uploads\/2026\/04\/WhatsApp-Image-2026-04-17-at-10.08.10-720x530.jpeg",720,530,true],"darknews-medium-square":["https:\/\/ellotv.com.br\/site\/wp-content\/uploads\/2026\/04\/WhatsApp-Image-2026-04-17-at-10.08.10-350x350.jpeg",350,350,true]},"author_info":{"info":["ELLO TV"]},"category_info":"<a href=\"https:\/\/ellotv.com.br\/site\/category\/brasil\/\" rel=\"category tag\">Brasil<\/a> <a href=\"https:\/\/ellotv.com.br\/site\/category\/noticias\/\" rel=\"category tag\">Noticias<\/a>","tag_info":"Noticias","comment_count":"0","_links":{"self":[{"href":"https:\/\/ellotv.com.br\/site\/wp-json\/wp\/v2\/posts\/5738","targetHints":{"allow":["GET"]}}],"collection":[{"href":"https:\/\/ellotv.com.br\/site\/wp-json\/wp\/v2\/posts"}],"about":[{"href":"https:\/\/ellotv.com.br\/site\/wp-json\/wp\/v2\/types\/post"}],"author":[{"embeddable":true,"href":"https:\/\/ellotv.com.br\/site\/wp-json\/wp\/v2\/users\/2"}],"replies":[{"embeddable":true,"href":"https:\/\/ellotv.com.br\/site\/wp-json\/wp\/v2\/comments?post=5738"}],"version-history":[{"count":1,"href":"https:\/\/ellotv.com.br\/site\/wp-json\/wp\/v2\/posts\/5738\/revisions"}],"predecessor-version":[{"id":5740,"href":"https:\/\/ellotv.com.br\/site\/wp-json\/wp\/v2\/posts\/5738\/revisions\/5740"}],"wp:featuredmedia":[{"embeddable":true,"href":"https:\/\/ellotv.com.br\/site\/wp-json\/wp\/v2\/media\/5739"}],"wp:attachment":[{"href":"https:\/\/ellotv.com.br\/site\/wp-json\/wp\/v2\/media?parent=5738"}],"wp:term":[{"taxonomy":"category","embeddable":true,"href":"https:\/\/ellotv.com.br\/site\/wp-json\/wp\/v2\/categories?post=5738"},{"taxonomy":"post_tag","embeddable":true,"href":"https:\/\/ellotv.com.br\/site\/wp-json\/wp\/v2\/tags?post=5738"}],"curies":[{"name":"wp","href":"https:\/\/api.w.org\/{rel}","templated":true}]}}