{"id":5741,"date":"2026-04-17T14:54:14","date_gmt":"2026-04-17T17:54:14","guid":{"rendered":"https:\/\/ellotv.com.br\/site\/?p=5741"},"modified":"2026-04-17T14:54:14","modified_gmt":"2026-04-17T17:54:14","slug":"fifa-planeja-show-inedito-no-intervalo-da-final-da-copa-do-mundo-de-2026","status":"publish","type":"post","link":"https:\/\/ellotv.com.br\/site\/2026\/04\/17\/fifa-planeja-show-inedito-no-intervalo-da-final-da-copa-do-mundo-de-2026\/","title":{"rendered":"Fifa planeja show in\u00e9dito no intervalo da final da Copa do Mundo de 2026"},"content":{"rendered":"<p data-start=\"69\" data-end=\"322\">A <span class=\"hover:entity-accent entity-underline inline cursor-pointer align-baseline\"><span class=\"whitespace-normal\">FIFA<\/span><\/span> avalia promover uma mudan\u00e7a hist\u00f3rica na final da <span class=\"hover:entity-accent entity-underline inline cursor-pointer align-baseline\"><span class=\"whitespace-normal\">Copa do Mundo FIFA 2026<\/span><\/span>. Pela primeira vez, a decis\u00e3o poder\u00e1 contar com um show no intervalo, inspirado em grandes eventos esportivos internacionais.<\/p>\n<h3 data-section-id=\"1wayy70\" data-start=\"324\" data-end=\"347\">\ud83c\udfa4 Proposta in\u00e9dita<\/h3>\n<p data-start=\"349\" data-end=\"628\">A ideia foi confirmada pelo presidente da entidade, <span class=\"hover:entity-accent entity-underline inline cursor-pointer align-baseline\"><span class=\"whitespace-normal\">Gianni Infantino<\/span><\/span>, que afirmou que o projeto j\u00e1 est\u00e1 em desenvolvimento. O objetivo \u00e9 transformar o intervalo da partida em um espet\u00e1culo de grande escala, ampliando o alcance do evento para al\u00e9m do futebol.<\/p>\n<h3 data-section-id=\"1w0ays4\" data-start=\"630\" data-end=\"654\">\ud83c\udfb6 Curadoria musical<\/h3>\n<p data-start=\"656\" data-end=\"936\">Segundo Infantino, a curadoria ficar\u00e1 por conta da banda <span class=\"hover:entity-accent entity-underline inline cursor-pointer align-baseline\"><span class=\"whitespace-normal\">Coldplay<\/span><\/span>, liderada por <span class=\"hover:entity-accent entity-underline inline cursor-pointer align-baseline\"><span class=\"whitespace-normal\">Chris Martin<\/span><\/span>. Ainda n\u00e3o h\u00e1 confirma\u00e7\u00e3o sobre todos os artistas que participar\u00e3o, mas a expectativa \u00e9 reunir grandes nomes da m\u00fasica internacional.<\/p>\n<h3 data-section-id=\"1vm5f12\" data-start=\"938\" data-end=\"973\">\ud83c\udf0d Estrat\u00e9gia de entretenimento<\/h3>\n<p data-start=\"975\" data-end=\"1289\">A iniciativa faz parte de uma estrat\u00e9gia da FIFA para integrar o futebol a outras \u00e1reas do entretenimento, buscando atrair um p\u00fablico ainda mais amplo. Nos \u00faltimos anos, a entidade tem investido nessa aproxima\u00e7\u00e3o com celebridades, como <span class=\"hover:entity-accent entity-underline inline cursor-pointer align-baseline\"><span class=\"whitespace-normal\">Tom Brady<\/span><\/span> e <span class=\"hover:entity-accent entity-underline inline cursor-pointer align-baseline\"><span class=\"whitespace-normal\">Shaquille O\u2019Neal<\/span><\/span>.<\/p>\n<h3 data-section-id=\"1o0q3yh\" data-start=\"1291\" data-end=\"1323\">\ud83c\udfdf\ufe0f Inspira\u00e7\u00e3o no Super Bowl<\/h3>\n<p data-start=\"1325\" data-end=\"1621\">O modelo segue o padr\u00e3o do <span class=\"hover:entity-accent entity-underline inline cursor-pointer align-baseline\"><span class=\"whitespace-normal\">Super Bowl<\/span><\/span>, cujo show de intervalo se tornou uma das atra\u00e7\u00f5es mais assistidas do mundo. A proposta \u00e9 criar um momento de entretenimento global, capaz de envolver tanto f\u00e3s de futebol quanto o p\u00fablico interessado em grandes produ\u00e7\u00f5es musicais.<\/p>\n","protected":false},"excerpt":{"rendered":"<p>A FIFA avalia promover uma mudan\u00e7a hist\u00f3rica na final da Copa do Mundo FIFA 2026. Pela primeira vez,<\/p>\n","protected":false},"author":2,"featured_media":5742,"comment_status":"open","ping_status":"open","sticky":false,"template":"","format":"standard","meta":{"footnotes":""},"categories":[10,12],"tags":[],"class_list":["post-5741","post","type-post","status-publish","format-standard","has-post-thumbnail","hentry","category-mundo","category-noticias"],"yoast_head":"<!-- This site is optimized with the Yoast SEO plugin v28.3 - https:\/\/yoast.com\/product\/yoast-seo-wordpress\/ -->\n<title>Fifa planeja show in\u00e9dito no intervalo da final da Copa do Mundo de 2026 - Ello TV<\/title>\n<meta name=\"description\" content=\"FIFA estuda incluir show no intervalo da final da Copa do Mundo de 2026, com curadoria do Coldplay e foco em entretenimento global.\" \/>\n<meta name=\"robots\" content=\"index, follow, max-snippet:-1, max-image-preview:large, max-video-preview:-1\" \/>\n<link rel=\"canonical\" href=\"https:\/\/ellotv.com.br\/site\/2026\/04\/17\/fifa-planeja-show-inedito-no-intervalo-da-final-da-copa-do-mundo-de-2026\/\" \/>\n<meta property=\"og:locale\" content=\"pt_BR\" \/>\n<meta property=\"og:type\" content=\"article\" \/>\n<meta property=\"og:title\" content=\"Fifa planeja show in\u00e9dito no intervalo da final da Copa do Mundo de 2026 - Ello TV\" \/>\n<meta property=\"og:description\" content=\"FIFA estuda incluir show no intervalo da final da Copa do Mundo de 2026, com curadoria do Coldplay e foco em entretenimento global.\" \/>\n<meta property=\"og:url\" content=\"https:\/\/ellotv.com.br\/site\/2026\/04\/17\/fifa-planeja-show-inedito-no-intervalo-da-final-da-copa-do-mundo-de-2026\/\" \/>\n<meta property=\"og:site_name\" content=\"Ello TV\" \/>\n<meta property=\"article:published_time\" content=\"2026-04-17T17:54:14+00:00\" \/>\n<meta property=\"og:image\" content=\"https:\/\/ellotv.com.br\/site\/wp-content\/uploads\/2026\/04\/WhatsApp-Image-2026-04-17-at-11.07.55.jpeg\" \/>\n\t<meta property=\"og:image:width\" content=\"1200\" \/>\n\t<meta property=\"og:image:height\" content=\"1200\" \/>\n\t<meta property=\"og:image:type\" content=\"image\/jpeg\" \/>\n<meta name=\"author\" content=\"ELLO TV\" \/>\n<meta name=\"twitter:card\" content=\"summary_large_image\" \/>\n<meta name=\"twitter:label1\" content=\"Escrito por\" \/>\n\t<meta name=\"twitter:data1\" content=\"ELLO TV\" \/>\n\t<meta name=\"twitter:label2\" content=\"Est. tempo de leitura\" \/>\n\t<meta name=\"twitter:data2\" content=\"1 minuto\" \/>\n<script type=\"application\/ld+json\" class=\"yoast-schema-graph\">{\"@context\":\"https:\\\/\\\/schema.org\",\"@graph\":[{\"@type\":\"Article\",\"@id\":\"https:\\\/\\\/ellotv.com.br\\\/site\\\/2026\\\/04\\\/17\\\/fifa-planeja-show-inedito-no-intervalo-da-final-da-copa-do-mundo-de-2026\\\/#article\",\"isPartOf\":{\"@id\":\"https:\\\/\\\/ellotv.com.br\\\/site\\\/2026\\\/04\\\/17\\\/fifa-planeja-show-inedito-no-intervalo-da-final-da-copa-do-mundo-de-2026\\\/\"},\"author\":{\"name\":\"ELLO TV\",\"@id\":\"https:\\\/\\\/ellotv.com.br\\\/site\\\/#\\\/schema\\\/person\\\/2dbe3abaee38dcc7332fc8205cd2b15d\"},\"headline\":\"Fifa planeja show in\u00e9dito no intervalo da final da Copa do Mundo de 2026\",\"datePublished\":\"2026-04-17T17:54:14+00:00\",\"mainEntityOfPage\":{\"@id\":\"https:\\\/\\\/ellotv.com.br\\\/site\\\/2026\\\/04\\\/17\\\/fifa-planeja-show-inedito-no-intervalo-da-final-da-copa-do-mundo-de-2026\\\/\"},\"wordCount\":238,\"commentCount\":0,\"publisher\":{\"@id\":\"https:\\\/\\\/ellotv.com.br\\\/site\\\/#organization\"},\"image\":{\"@id\":\"https:\\\/\\\/ellotv.com.br\\\/site\\\/2026\\\/04\\\/17\\\/fifa-planeja-show-inedito-no-intervalo-da-final-da-copa-do-mundo-de-2026\\\/#primaryimage\"},\"thumbnailUrl\":\"https:\\\/\\\/ellotv.com.br\\\/site\\\/wp-content\\\/uploads\\\/2026\\\/04\\\/WhatsApp-Image-2026-04-17-at-11.07.55.jpeg\",\"articleSection\":[\"Mundo\",\"Noticias\"],\"inLanguage\":\"pt-BR\",\"potentialAction\":[{\"@type\":\"CommentAction\",\"name\":\"Comment\",\"target\":[\"https:\\\/\\\/ellotv.com.br\\\/site\\\/2026\\\/04\\\/17\\\/fifa-planeja-show-inedito-no-intervalo-da-final-da-copa-do-mundo-de-2026\\\/#respond\"]}]},{\"@type\":\"WebPage\",\"@id\":\"https:\\\/\\\/ellotv.com.br\\\/site\\\/2026\\\/04\\\/17\\\/fifa-planeja-show-inedito-no-intervalo-da-final-da-copa-do-mundo-de-2026\\\/\",\"url\":\"https:\\\/\\\/ellotv.com.br\\\/site\\\/2026\\\/04\\\/17\\\/fifa-planeja-show-inedito-no-intervalo-da-final-da-copa-do-mundo-de-2026\\\/\",\"name\":\"Fifa planeja show in\u00e9dito no intervalo da final da Copa do Mundo de 2026 - Ello TV\",\"isPartOf\":{\"@id\":\"https:\\\/\\\/ellotv.com.br\\\/site\\\/#website\"},\"primaryImageOfPage\":{\"@id\":\"https:\\\/\\\/ellotv.com.br\\\/site\\\/2026\\\/04\\\/17\\\/fifa-planeja-show-inedito-no-intervalo-da-final-da-copa-do-mundo-de-2026\\\/#primaryimage\"},\"image\":{\"@id\":\"https:\\\/\\\/ellotv.com.br\\\/site\\\/2026\\\/04\\\/17\\\/fifa-planeja-show-inedito-no-intervalo-da-final-da-copa-do-mundo-de-2026\\\/#primaryimage\"},\"thumbnailUrl\":\"https:\\\/\\\/ellotv.com.br\\\/site\\\/wp-content\\\/uploads\\\/2026\\\/04\\\/WhatsApp-Image-2026-04-17-at-11.07.55.jpeg\",\"datePublished\":\"2026-04-17T17:54:14+00:00\",\"description\":\"FIFA estuda incluir show no intervalo da final da Copa do Mundo de 2026, com curadoria do Coldplay e foco em entretenimento global.\",\"breadcrumb\":{\"@id\":\"https:\\\/\\\/ellotv.com.br\\\/site\\\/2026\\\/04\\\/17\\\/fifa-planeja-show-inedito-no-intervalo-da-final-da-copa-do-mundo-de-2026\\\/#breadcrumb\"},\"inLanguage\":\"pt-BR\",\"potentialAction\":[{\"@type\":\"ReadAction\",\"target\":[\"https:\\\/\\\/ellotv.com.br\\\/site\\\/2026\\\/04\\\/17\\\/fifa-planeja-show-inedito-no-intervalo-da-final-da-copa-do-mundo-de-2026\\\/\"]}]},{\"@type\":\"ImageObject\",\"inLanguage\":\"pt-BR\",\"@id\":\"https:\\\/\\\/ellotv.com.br\\\/site\\\/2026\\\/04\\\/17\\\/fifa-planeja-show-inedito-no-intervalo-da-final-da-copa-do-mundo-de-2026\\\/#primaryimage\",\"url\":\"https:\\\/\\\/ellotv.com.br\\\/site\\\/wp-content\\\/uploads\\\/2026\\\/04\\\/WhatsApp-Image-2026-04-17-at-11.07.55.jpeg\",\"contentUrl\":\"https:\\\/\\\/ellotv.com.br\\\/site\\\/wp-content\\\/uploads\\\/2026\\\/04\\\/WhatsApp-Image-2026-04-17-at-11.07.55.jpeg\",\"width\":1200,\"height\":1200},{\"@type\":\"BreadcrumbList\",\"@id\":\"https:\\\/\\\/ellotv.com.br\\\/site\\\/2026\\\/04\\\/17\\\/fifa-planeja-show-inedito-no-intervalo-da-final-da-copa-do-mundo-de-2026\\\/#breadcrumb\",\"itemListElement\":[{\"@type\":\"ListItem\",\"position\":1,\"name\":\"In\u00edcio\",\"item\":\"https:\\\/\\\/ellotv.com.br\\\/site\\\/\"},{\"@type\":\"ListItem\",\"position\":2,\"name\":\"Fifa planeja show in\u00e9dito no intervalo da final da Copa do Mundo de 2026\"}]},{\"@type\":\"WebSite\",\"@id\":\"https:\\\/\\\/ellotv.com.br\\\/site\\\/#website\",\"url\":\"https:\\\/\\\/ellotv.com.br\\\/site\\\/\",\"name\":\"ELLO TV\",\"description\":\"\",\"publisher\":{\"@id\":\"https:\\\/\\\/ellotv.com.br\\\/site\\\/#organization\"},\"potentialAction\":[{\"@type\":\"SearchAction\",\"target\":{\"@type\":\"EntryPoint\",\"urlTemplate\":\"https:\\\/\\\/ellotv.com.br\\\/site\\\/?s={search_term_string}\"},\"query-input\":{\"@type\":\"PropertyValueSpecification\",\"valueRequired\":true,\"valueName\":\"search_term_string\"}}],\"inLanguage\":\"pt-BR\"},{\"@type\":\"Organization\",\"@id\":\"https:\\\/\\\/ellotv.com.br\\\/site\\\/#organization\",\"name\":\"ELLO TV\",\"url\":\"https:\\\/\\\/ellotv.com.br\\\/site\\\/\",\"logo\":{\"@type\":\"ImageObject\",\"inLanguage\":\"pt-BR\",\"@id\":\"https:\\\/\\\/ellotv.com.br\\\/site\\\/#\\\/schema\\\/logo\\\/image\\\/\",\"url\":\"https:\\\/\\\/ellotv.com.br\\\/site\\\/wp-content\\\/uploads\\\/2025\\\/11\\\/ello-logo-2.fw_.png\",\"contentUrl\":\"https:\\\/\\\/ellotv.com.br\\\/site\\\/wp-content\\\/uploads\\\/2025\\\/11\\\/ello-logo-2.fw_.png\",\"width\":400,\"height\":146,\"caption\":\"ELLO TV\"},\"image\":{\"@id\":\"https:\\\/\\\/ellotv.com.br\\\/site\\\/#\\\/schema\\\/logo\\\/image\\\/\"}},{\"@type\":\"Person\",\"@id\":\"https:\\\/\\\/ellotv.com.br\\\/site\\\/#\\\/schema\\\/person\\\/2dbe3abaee38dcc7332fc8205cd2b15d\",\"name\":\"ELLO TV\",\"image\":{\"@type\":\"ImageObject\",\"inLanguage\":\"pt-BR\",\"@id\":\"https:\\\/\\\/secure.gravatar.com\\\/avatar\\\/c38242b9da8ec217ac3f0aaee31a54f7d7befb11b2b47fdbc8fb0fad60afa1c6?s=96&d=mm&r=g\",\"url\":\"https:\\\/\\\/secure.gravatar.com\\\/avatar\\\/c38242b9da8ec217ac3f0aaee31a54f7d7befb11b2b47fdbc8fb0fad60afa1c6?s=96&d=mm&r=g\",\"contentUrl\":\"https:\\\/\\\/secure.gravatar.com\\\/avatar\\\/c38242b9da8ec217ac3f0aaee31a54f7d7befb11b2b47fdbc8fb0fad60afa1c6?s=96&d=mm&r=g\",\"caption\":\"ELLO TV\"},\"url\":\"https:\\\/\\\/ellotv.com.br\\\/site\\\/author\\\/elloagencia\\\/\"}]}<\/script>\n<!-- \/ Yoast SEO plugin. -->","yoast_head_json":{"title":"Fifa planeja show in\u00e9dito no intervalo da final da Copa do Mundo de 2026 - Ello TV","description":"FIFA estuda incluir show no intervalo da final da Copa do Mundo de 2026, com curadoria do Coldplay e foco em entretenimento global.","robots":{"index":"index","follow":"follow","max-snippet":"max-snippet:-1","max-image-preview":"max-image-preview:large","max-video-preview":"max-video-preview:-1"},"canonical":"https:\/\/ellotv.com.br\/site\/2026\/04\/17\/fifa-planeja-show-inedito-no-intervalo-da-final-da-copa-do-mundo-de-2026\/","og_locale":"pt_BR","og_type":"article","og_title":"Fifa planeja show in\u00e9dito no intervalo da final da Copa do Mundo de 2026 - Ello TV","og_description":"FIFA estuda incluir show no intervalo da final da Copa do Mundo de 2026, com curadoria do Coldplay e foco em entretenimento global.","og_url":"https:\/\/ellotv.com.br\/site\/2026\/04\/17\/fifa-planeja-show-inedito-no-intervalo-da-final-da-copa-do-mundo-de-2026\/","og_site_name":"Ello TV","article_published_time":"2026-04-17T17:54:14+00:00","og_image":[{"width":1200,"height":1200,"url":"https:\/\/ellotv.com.br\/site\/wp-content\/uploads\/2026\/04\/WhatsApp-Image-2026-04-17-at-11.07.55.jpeg","type":"image\/jpeg"}],"author":"ELLO TV","twitter_card":"summary_large_image","twitter_misc":{"Escrito por":"ELLO TV","Est. tempo de leitura":"1 minuto"},"schema":{"@context":"https:\/\/schema.org","@graph":[{"@type":"Article","@id":"https:\/\/ellotv.com.br\/site\/2026\/04\/17\/fifa-planeja-show-inedito-no-intervalo-da-final-da-copa-do-mundo-de-2026\/#article","isPartOf":{"@id":"https:\/\/ellotv.com.br\/site\/2026\/04\/17\/fifa-planeja-show-inedito-no-intervalo-da-final-da-copa-do-mundo-de-2026\/"},"author":{"name":"ELLO TV","@id":"https:\/\/ellotv.com.br\/site\/#\/schema\/person\/2dbe3abaee38dcc7332fc8205cd2b15d"},"headline":"Fifa planeja show in\u00e9dito no intervalo da final da Copa do Mundo de 2026","datePublished":"2026-04-17T17:54:14+00:00","mainEntityOfPage":{"@id":"https:\/\/ellotv.com.br\/site\/2026\/04\/17\/fifa-planeja-show-inedito-no-intervalo-da-final-da-copa-do-mundo-de-2026\/"},"wordCount":238,"commentCount":0,"publisher":{"@id":"https:\/\/ellotv.com.br\/site\/#organization"},"image":{"@id":"https:\/\/ellotv.com.br\/site\/2026\/04\/17\/fifa-planeja-show-inedito-no-intervalo-da-final-da-copa-do-mundo-de-2026\/#primaryimage"},"thumbnailUrl":"https:\/\/ellotv.com.br\/site\/wp-content\/uploads\/2026\/04\/WhatsApp-Image-2026-04-17-at-11.07.55.jpeg","articleSection":["Mundo","Noticias"],"inLanguage":"pt-BR","potentialAction":[{"@type":"CommentAction","name":"Comment","target":["https:\/\/ellotv.com.br\/site\/2026\/04\/17\/fifa-planeja-show-inedito-no-intervalo-da-final-da-copa-do-mundo-de-2026\/#respond"]}]},{"@type":"WebPage","@id":"https:\/\/ellotv.com.br\/site\/2026\/04\/17\/fifa-planeja-show-inedito-no-intervalo-da-final-da-copa-do-mundo-de-2026\/","url":"https:\/\/ellotv.com.br\/site\/2026\/04\/17\/fifa-planeja-show-inedito-no-intervalo-da-final-da-copa-do-mundo-de-2026\/","name":"Fifa planeja show in\u00e9dito no intervalo da final da Copa do Mundo de 2026 - Ello TV","isPartOf":{"@id":"https:\/\/ellotv.com.br\/site\/#website"},"primaryImageOfPage":{"@id":"https:\/\/ellotv.com.br\/site\/2026\/04\/17\/fifa-planeja-show-inedito-no-intervalo-da-final-da-copa-do-mundo-de-2026\/#primaryimage"},"image":{"@id":"https:\/\/ellotv.com.br\/site\/2026\/04\/17\/fifa-planeja-show-inedito-no-intervalo-da-final-da-copa-do-mundo-de-2026\/#primaryimage"},"thumbnailUrl":"https:\/\/ellotv.com.br\/site\/wp-content\/uploads\/2026\/04\/WhatsApp-Image-2026-04-17-at-11.07.55.jpeg","datePublished":"2026-04-17T17:54:14+00:00","description":"FIFA estuda incluir show no intervalo da final da Copa do Mundo de 2026, com curadoria do Coldplay e foco em entretenimento global.","breadcrumb":{"@id":"https:\/\/ellotv.com.br\/site\/2026\/04\/17\/fifa-planeja-show-inedito-no-intervalo-da-final-da-copa-do-mundo-de-2026\/#breadcrumb"},"inLanguage":"pt-BR","potentialAction":[{"@type":"ReadAction","target":["https:\/\/ellotv.com.br\/site\/2026\/04\/17\/fifa-planeja-show-inedito-no-intervalo-da-final-da-copa-do-mundo-de-2026\/"]}]},{"@type":"ImageObject","inLanguage":"pt-BR","@id":"https:\/\/ellotv.com.br\/site\/2026\/04\/17\/fifa-planeja-show-inedito-no-intervalo-da-final-da-copa-do-mundo-de-2026\/#primaryimage","url":"https:\/\/ellotv.com.br\/site\/wp-content\/uploads\/2026\/04\/WhatsApp-Image-2026-04-17-at-11.07.55.jpeg","contentUrl":"https:\/\/ellotv.com.br\/site\/wp-content\/uploads\/2026\/04\/WhatsApp-Image-2026-04-17-at-11.07.55.jpeg","width":1200,"height":1200},{"@type":"BreadcrumbList","@id":"https:\/\/ellotv.com.br\/site\/2026\/04\/17\/fifa-planeja-show-inedito-no-intervalo-da-final-da-copa-do-mundo-de-2026\/#breadcrumb","itemListElement":[{"@type":"ListItem","position":1,"name":"In\u00edcio","item":"https:\/\/ellotv.com.br\/site\/"},{"@type":"ListItem","position":2,"name":"Fifa planeja show in\u00e9dito no intervalo da final da Copa do Mundo de 2026"}]},{"@type":"WebSite","@id":"https:\/\/ellotv.com.br\/site\/#website","url":"https:\/\/ellotv.com.br\/site\/","name":"ELLO TV","description":"","publisher":{"@id":"https:\/\/ellotv.com.br\/site\/#organization"},"potentialAction":[{"@type":"SearchAction","target":{"@type":"EntryPoint","urlTemplate":"https:\/\/ellotv.com.br\/site\/?s={search_term_string}"},"query-input":{"@type":"PropertyValueSpecification","valueRequired":true,"valueName":"search_term_string"}}],"inLanguage":"pt-BR"},{"@type":"Organization","@id":"https:\/\/ellotv.com.br\/site\/#organization","name":"ELLO TV","url":"https:\/\/ellotv.com.br\/site\/","logo":{"@type":"ImageObject","inLanguage":"pt-BR","@id":"https:\/\/ellotv.com.br\/site\/#\/schema\/logo\/image\/","url":"https:\/\/ellotv.com.br\/site\/wp-content\/uploads\/2025\/11\/ello-logo-2.fw_.png","contentUrl":"https:\/\/ellotv.com.br\/site\/wp-content\/uploads\/2025\/11\/ello-logo-2.fw_.png","width":400,"height":146,"caption":"ELLO TV"},"image":{"@id":"https:\/\/ellotv.com.br\/site\/#\/schema\/logo\/image\/"}},{"@type":"Person","@id":"https:\/\/ellotv.com.br\/site\/#\/schema\/person\/2dbe3abaee38dcc7332fc8205cd2b15d","name":"ELLO TV","image":{"@type":"ImageObject","inLanguage":"pt-BR","@id":"https:\/\/secure.gravatar.com\/avatar\/c38242b9da8ec217ac3f0aaee31a54f7d7befb11b2b47fdbc8fb0fad60afa1c6?s=96&d=mm&r=g","url":"https:\/\/secure.gravatar.com\/avatar\/c38242b9da8ec217ac3f0aaee31a54f7d7befb11b2b47fdbc8fb0fad60afa1c6?s=96&d=mm&r=g","contentUrl":"https:\/\/secure.gravatar.com\/avatar\/c38242b9da8ec217ac3f0aaee31a54f7d7befb11b2b47fdbc8fb0fad60afa1c6?s=96&d=mm&r=g","caption":"ELLO TV"},"url":"https:\/\/ellotv.com.br\/site\/author\/elloagencia\/"}]}},"featured_image_urls":{"full":["https:\/\/ellotv.com.br\/site\/wp-content\/uploads\/2026\/04\/WhatsApp-Image-2026-04-17-at-11.07.55.jpeg",1200,1200,false],"thumbnail":["https:\/\/ellotv.com.br\/site\/wp-content\/uploads\/2026\/04\/WhatsApp-Image-2026-04-17-at-11.07.55-150x150.jpeg",150,150,true],"medium":["https:\/\/ellotv.com.br\/site\/wp-content\/uploads\/2026\/04\/WhatsApp-Image-2026-04-17-at-11.07.55-300x300.jpeg",300,300,true],"medium_large":["https:\/\/ellotv.com.br\/site\/wp-content\/uploads\/2026\/04\/WhatsApp-Image-2026-04-17-at-11.07.55-768x768.jpeg",640,640,true],"large":["https:\/\/ellotv.com.br\/site\/wp-content\/uploads\/2026\/04\/WhatsApp-Image-2026-04-17-at-11.07.55-1024x1024.jpeg",640,640,true],"1536x1536":["https:\/\/ellotv.com.br\/site\/wp-content\/uploads\/2026\/04\/WhatsApp-Image-2026-04-17-at-11.07.55.jpeg",1200,1200,false],"2048x2048":["https:\/\/ellotv.com.br\/site\/wp-content\/uploads\/2026\/04\/WhatsApp-Image-2026-04-17-at-11.07.55.jpeg",1200,1200,false],"darknews-slider-full":["https:\/\/ellotv.com.br\/site\/wp-content\/uploads\/2026\/04\/WhatsApp-Image-2026-04-17-at-11.07.55-1200x720.jpeg",1200,720,true],"darknews-featured":["https:\/\/ellotv.com.br\/site\/wp-content\/uploads\/2026\/04\/WhatsApp-Image-2026-04-17-at-11.07.55-1024x1024.jpeg",1024,1024,true],"darknews-medium":["https:\/\/ellotv.com.br\/site\/wp-content\/uploads\/2026\/04\/WhatsApp-Image-2026-04-17-at-11.07.55-720x530.jpeg",720,530,true],"darknews-medium-square":["https:\/\/ellotv.com.br\/site\/wp-content\/uploads\/2026\/04\/WhatsApp-Image-2026-04-17-at-11.07.55-350x350.jpeg",350,350,true]},"author_info":{"info":["ELLO TV"]},"category_info":"<a href=\"https:\/\/ellotv.com.br\/site\/category\/mundo\/\" rel=\"category tag\">Mundo<\/a> <a href=\"https:\/\/ellotv.com.br\/site\/category\/noticias\/\" rel=\"category tag\">Noticias<\/a>","tag_info":"Noticias","comment_count":"0","_links":{"self":[{"href":"https:\/\/ellotv.com.br\/site\/wp-json\/wp\/v2\/posts\/5741","targetHints":{"allow":["GET"]}}],"collection":[{"href":"https:\/\/ellotv.com.br\/site\/wp-json\/wp\/v2\/posts"}],"about":[{"href":"https:\/\/ellotv.com.br\/site\/wp-json\/wp\/v2\/types\/post"}],"author":[{"embeddable":true,"href":"https:\/\/ellotv.com.br\/site\/wp-json\/wp\/v2\/users\/2"}],"replies":[{"embeddable":true,"href":"https:\/\/ellotv.com.br\/site\/wp-json\/wp\/v2\/comments?post=5741"}],"version-history":[{"count":1,"href":"https:\/\/ellotv.com.br\/site\/wp-json\/wp\/v2\/posts\/5741\/revisions"}],"predecessor-version":[{"id":5743,"href":"https:\/\/ellotv.com.br\/site\/wp-json\/wp\/v2\/posts\/5741\/revisions\/5743"}],"wp:featuredmedia":[{"embeddable":true,"href":"https:\/\/ellotv.com.br\/site\/wp-json\/wp\/v2\/media\/5742"}],"wp:attachment":[{"href":"https:\/\/ellotv.com.br\/site\/wp-json\/wp\/v2\/media?parent=5741"}],"wp:term":[{"taxonomy":"category","embeddable":true,"href":"https:\/\/ellotv.com.br\/site\/wp-json\/wp\/v2\/categories?post=5741"},{"taxonomy":"post_tag","embeddable":true,"href":"https:\/\/ellotv.com.br\/site\/wp-json\/wp\/v2\/tags?post=5741"}],"curies":[{"name":"wp","href":"https:\/\/api.w.org\/{rel}","templated":true}]}}