{"id":5747,"date":"2026-04-17T14:58:13","date_gmt":"2026-04-17T17:58:13","guid":{"rendered":"https:\/\/ellotv.com.br\/site\/?p=5747"},"modified":"2026-04-17T14:58:37","modified_gmt":"2026-04-17T17:58:37","slug":"marconi-santana-nao-para-de-crescer-e-ganha-reforco-de-taty-de-ibitiranga-em-carnaiba","status":"publish","type":"post","link":"https:\/\/ellotv.com.br\/site\/2026\/04\/17\/marconi-santana-nao-para-de-crescer-e-ganha-reforco-de-taty-de-ibitiranga-em-carnaiba\/","title":{"rendered":"MARCONI SANTANA N\u00c3O PARA DE CRESCER E GANHA REFOR\u00c7O DE TATY DE IBITIRANGA EM CARNA\u00cdBA"},"content":{"rendered":"<p data-start=\"77\" data-end=\"272\">O projeto pol\u00edtico liderado por <span class=\"hover:entity-accent entity-underline inline cursor-pointer align-baseline\"><span class=\"whitespace-normal\">Marconi Santana<\/span><\/span> segue em ritmo de crescimento e consolida\u00e7\u00e3o no Sert\u00e3o, atraindo novas lideran\u00e7as e fortalecendo sua base de apoio na regi\u00e3o.<\/p>\n<h3 data-section-id=\"vtsxx9\" data-start=\"274\" data-end=\"301\">\ud83e\udd1d Nova ades\u00e3o ao grupo<\/h3>\n<p data-start=\"303\" data-end=\"622\">Desta vez, quem chega para somar \u00e9 <span class=\"hover:entity-accent entity-underline inline cursor-pointer align-baseline\"><span class=\"whitespace-normal\">Taty de Ibitiranga<\/span><\/span>, conhecida por sua atua\u00e7\u00e3o como l\u00edder comunit\u00e1ria e por sua trajet\u00f3ria como ex-candidata a vereadora em <span class=\"hover:entity-accent entity-underline inline cursor-pointer align-baseline\"><span class=\"whitespace-normal\">Carna\u00edba<\/span><\/span>. Sua entrada no grupo representa a chegada de mais uma voz conectada com a realidade da popula\u00e7\u00e3o local.<\/p>\n<h3 data-section-id=\"3yc2ts\" data-start=\"624\" data-end=\"651\">\ud83d\udde3\ufe0f For\u00e7a das parcerias<\/h3>\n<p data-start=\"653\" data-end=\"813\">Segundo Marconi, o crescimento cont\u00ednuo do grupo \u00e9 resultado de um trabalho baseado em proximidade com a popula\u00e7\u00e3o e compromisso com o desenvolvimento regional.<\/p>\n<blockquote data-start=\"815\" data-end=\"1022\">\n<p data-start=\"817\" data-end=\"1022\">\u201cReceber gente de garra como a Taty todos os dias nos d\u00e1 ainda mais certeza de que estamos no caminho certo. Nosso grupo cresce porque tem verdade, p\u00e9 no ch\u00e3o e um compromisso real com o Sert\u00e3o\u201d, destacou.<\/p>\n<\/blockquote>\n<h3 data-section-id=\"1f2kcpq\" data-start=\"1024\" data-end=\"1052\">\ud83d\udcc8 Crescimento no Sert\u00e3o<\/h3>\n<p data-start=\"1054\" data-end=\"1307\">A chegada de novas lideran\u00e7as refor\u00e7a o momento de expans\u00e3o do projeto, que tem reunido representantes de diferentes \u00e1reas e comunidades. O movimento demonstra a constru\u00e7\u00e3o de uma base pol\u00edtica cada vez mais ampla e articulada no interior de Pernambuco.<\/p>\n<p data-start=\"1309\" data-end=\"1505\">Com novas ades\u00f5es acontecendo de forma constante, o grupo segue ganhando for\u00e7a e ampliando sua presen\u00e7a nas cidades da regi\u00e3o, apostando na uni\u00e3o e no trabalho coletivo como pilares para o futuro.<\/p>\n","protected":false},"excerpt":{"rendered":"<p>O projeto pol\u00edtico liderado por Marconi Santana segue em ritmo de crescimento e consolida\u00e7\u00e3o no Sert\u00e3o, atraindo novas<\/p>\n","protected":false},"author":2,"featured_media":5749,"comment_status":"open","ping_status":"open","sticky":false,"template":"","format":"standard","meta":{"footnotes":""},"categories":[12,9],"tags":[],"class_list":["post-5747","post","type-post","status-publish","format-standard","has-post-thumbnail","hentry","category-noticias","category-regional"],"yoast_head":"<!-- This site is optimized with the Yoast SEO plugin v28.3 - https:\/\/yoast.com\/product\/yoast-seo-wordpress\/ -->\n<title>MARCONI SANTANA N\u00c3O PARA DE CRESCER E GANHA REFOR\u00c7O DE TATY DE IBITIRANGA EM CARNA\u00cdBA - Ello TV<\/title>\n<meta name=\"description\" content=\"Projeto de Marconi Santana cresce no Sert\u00e3o e ganha refor\u00e7o com a ades\u00e3o de Taty de Ibitiranga, lideran\u00e7a de Carna\u00edba.\" \/>\n<meta name=\"robots\" content=\"index, follow, max-snippet:-1, max-image-preview:large, max-video-preview:-1\" \/>\n<link rel=\"canonical\" href=\"https:\/\/ellotv.com.br\/site\/2026\/04\/17\/marconi-santana-nao-para-de-crescer-e-ganha-reforco-de-taty-de-ibitiranga-em-carnaiba\/\" \/>\n<meta property=\"og:locale\" content=\"pt_BR\" \/>\n<meta property=\"og:type\" content=\"article\" \/>\n<meta property=\"og:title\" content=\"MARCONI SANTANA N\u00c3O PARA DE CRESCER E GANHA REFOR\u00c7O DE TATY DE IBITIRANGA EM CARNA\u00cdBA - Ello TV\" \/>\n<meta property=\"og:description\" content=\"Projeto de Marconi Santana cresce no Sert\u00e3o e ganha refor\u00e7o com a ades\u00e3o de Taty de Ibitiranga, lideran\u00e7a de Carna\u00edba.\" \/>\n<meta property=\"og:url\" content=\"https:\/\/ellotv.com.br\/site\/2026\/04\/17\/marconi-santana-nao-para-de-crescer-e-ganha-reforco-de-taty-de-ibitiranga-em-carnaiba\/\" \/>\n<meta property=\"og:site_name\" content=\"Ello TV\" \/>\n<meta property=\"article:published_time\" content=\"2026-04-17T17:58:13+00:00\" \/>\n<meta property=\"article:modified_time\" content=\"2026-04-17T17:58:37+00:00\" \/>\n<meta property=\"og:image\" content=\"https:\/\/ellotv.com.br\/site\/wp-content\/uploads\/2026\/04\/WhatsApp-Image-2026-04-17-at-12.45.35.jpeg\" \/>\n\t<meta property=\"og:image:width\" content=\"960\" \/>\n\t<meta property=\"og:image:height\" content=\"1280\" \/>\n\t<meta property=\"og:image:type\" content=\"image\/jpeg\" \/>\n<meta name=\"author\" content=\"ELLO TV\" \/>\n<meta name=\"twitter:card\" content=\"summary_large_image\" \/>\n<meta name=\"twitter:label1\" content=\"Escrito por\" \/>\n\t<meta name=\"twitter:data1\" content=\"ELLO TV\" \/>\n\t<meta name=\"twitter:label2\" content=\"Est. tempo de leitura\" \/>\n\t<meta name=\"twitter:data2\" content=\"1 minuto\" \/>\n<script type=\"application\/ld+json\" class=\"yoast-schema-graph\">{\"@context\":\"https:\\\/\\\/schema.org\",\"@graph\":[{\"@type\":\"Article\",\"@id\":\"https:\\\/\\\/ellotv.com.br\\\/site\\\/2026\\\/04\\\/17\\\/marconi-santana-nao-para-de-crescer-e-ganha-reforco-de-taty-de-ibitiranga-em-carnaiba\\\/#article\",\"isPartOf\":{\"@id\":\"https:\\\/\\\/ellotv.com.br\\\/site\\\/2026\\\/04\\\/17\\\/marconi-santana-nao-para-de-crescer-e-ganha-reforco-de-taty-de-ibitiranga-em-carnaiba\\\/\"},\"author\":{\"name\":\"ELLO TV\",\"@id\":\"https:\\\/\\\/ellotv.com.br\\\/site\\\/#\\\/schema\\\/person\\\/2dbe3abaee38dcc7332fc8205cd2b15d\"},\"headline\":\"MARCONI SANTANA N\u00c3O PARA DE CRESCER E GANHA REFOR\u00c7O DE TATY DE IBITIRANGA EM CARNA\u00cdBA\",\"datePublished\":\"2026-04-17T17:58:13+00:00\",\"dateModified\":\"2026-04-17T17:58:37+00:00\",\"mainEntityOfPage\":{\"@id\":\"https:\\\/\\\/ellotv.com.br\\\/site\\\/2026\\\/04\\\/17\\\/marconi-santana-nao-para-de-crescer-e-ganha-reforco-de-taty-de-ibitiranga-em-carnaiba\\\/\"},\"wordCount\":260,\"commentCount\":0,\"publisher\":{\"@id\":\"https:\\\/\\\/ellotv.com.br\\\/site\\\/#organization\"},\"image\":{\"@id\":\"https:\\\/\\\/ellotv.com.br\\\/site\\\/2026\\\/04\\\/17\\\/marconi-santana-nao-para-de-crescer-e-ganha-reforco-de-taty-de-ibitiranga-em-carnaiba\\\/#primaryimage\"},\"thumbnailUrl\":\"https:\\\/\\\/ellotv.com.br\\\/site\\\/wp-content\\\/uploads\\\/2026\\\/04\\\/WhatsApp-Image-2026-04-17-at-12.45.35.jpeg\",\"articleSection\":[\"Noticias\",\"Regional\"],\"inLanguage\":\"pt-BR\",\"potentialAction\":[{\"@type\":\"CommentAction\",\"name\":\"Comment\",\"target\":[\"https:\\\/\\\/ellotv.com.br\\\/site\\\/2026\\\/04\\\/17\\\/marconi-santana-nao-para-de-crescer-e-ganha-reforco-de-taty-de-ibitiranga-em-carnaiba\\\/#respond\"]}]},{\"@type\":\"WebPage\",\"@id\":\"https:\\\/\\\/ellotv.com.br\\\/site\\\/2026\\\/04\\\/17\\\/marconi-santana-nao-para-de-crescer-e-ganha-reforco-de-taty-de-ibitiranga-em-carnaiba\\\/\",\"url\":\"https:\\\/\\\/ellotv.com.br\\\/site\\\/2026\\\/04\\\/17\\\/marconi-santana-nao-para-de-crescer-e-ganha-reforco-de-taty-de-ibitiranga-em-carnaiba\\\/\",\"name\":\"MARCONI SANTANA N\u00c3O PARA DE CRESCER E GANHA REFOR\u00c7O DE TATY DE IBITIRANGA EM CARNA\u00cdBA - Ello TV\",\"isPartOf\":{\"@id\":\"https:\\\/\\\/ellotv.com.br\\\/site\\\/#website\"},\"primaryImageOfPage\":{\"@id\":\"https:\\\/\\\/ellotv.com.br\\\/site\\\/2026\\\/04\\\/17\\\/marconi-santana-nao-para-de-crescer-e-ganha-reforco-de-taty-de-ibitiranga-em-carnaiba\\\/#primaryimage\"},\"image\":{\"@id\":\"https:\\\/\\\/ellotv.com.br\\\/site\\\/2026\\\/04\\\/17\\\/marconi-santana-nao-para-de-crescer-e-ganha-reforco-de-taty-de-ibitiranga-em-carnaiba\\\/#primaryimage\"},\"thumbnailUrl\":\"https:\\\/\\\/ellotv.com.br\\\/site\\\/wp-content\\\/uploads\\\/2026\\\/04\\\/WhatsApp-Image-2026-04-17-at-12.45.35.jpeg\",\"datePublished\":\"2026-04-17T17:58:13+00:00\",\"dateModified\":\"2026-04-17T17:58:37+00:00\",\"description\":\"Projeto de Marconi Santana cresce no Sert\u00e3o e ganha refor\u00e7o com a ades\u00e3o de Taty de Ibitiranga, lideran\u00e7a de Carna\u00edba.\",\"breadcrumb\":{\"@id\":\"https:\\\/\\\/ellotv.com.br\\\/site\\\/2026\\\/04\\\/17\\\/marconi-santana-nao-para-de-crescer-e-ganha-reforco-de-taty-de-ibitiranga-em-carnaiba\\\/#breadcrumb\"},\"inLanguage\":\"pt-BR\",\"potentialAction\":[{\"@type\":\"ReadAction\",\"target\":[\"https:\\\/\\\/ellotv.com.br\\\/site\\\/2026\\\/04\\\/17\\\/marconi-santana-nao-para-de-crescer-e-ganha-reforco-de-taty-de-ibitiranga-em-carnaiba\\\/\"]}]},{\"@type\":\"ImageObject\",\"inLanguage\":\"pt-BR\",\"@id\":\"https:\\\/\\\/ellotv.com.br\\\/site\\\/2026\\\/04\\\/17\\\/marconi-santana-nao-para-de-crescer-e-ganha-reforco-de-taty-de-ibitiranga-em-carnaiba\\\/#primaryimage\",\"url\":\"https:\\\/\\\/ellotv.com.br\\\/site\\\/wp-content\\\/uploads\\\/2026\\\/04\\\/WhatsApp-Image-2026-04-17-at-12.45.35.jpeg\",\"contentUrl\":\"https:\\\/\\\/ellotv.com.br\\\/site\\\/wp-content\\\/uploads\\\/2026\\\/04\\\/WhatsApp-Image-2026-04-17-at-12.45.35.jpeg\",\"width\":960,\"height\":1280},{\"@type\":\"BreadcrumbList\",\"@id\":\"https:\\\/\\\/ellotv.com.br\\\/site\\\/2026\\\/04\\\/17\\\/marconi-santana-nao-para-de-crescer-e-ganha-reforco-de-taty-de-ibitiranga-em-carnaiba\\\/#breadcrumb\",\"itemListElement\":[{\"@type\":\"ListItem\",\"position\":1,\"name\":\"In\u00edcio\",\"item\":\"https:\\\/\\\/ellotv.com.br\\\/site\\\/\"},{\"@type\":\"ListItem\",\"position\":2,\"name\":\"MARCONI SANTANA N\u00c3O PARA DE CRESCER E GANHA REFOR\u00c7O DE TATY DE IBITIRANGA EM CARNA\u00cdBA\"}]},{\"@type\":\"WebSite\",\"@id\":\"https:\\\/\\\/ellotv.com.br\\\/site\\\/#website\",\"url\":\"https:\\\/\\\/ellotv.com.br\\\/site\\\/\",\"name\":\"ELLO TV\",\"description\":\"\",\"publisher\":{\"@id\":\"https:\\\/\\\/ellotv.com.br\\\/site\\\/#organization\"},\"potentialAction\":[{\"@type\":\"SearchAction\",\"target\":{\"@type\":\"EntryPoint\",\"urlTemplate\":\"https:\\\/\\\/ellotv.com.br\\\/site\\\/?s={search_term_string}\"},\"query-input\":{\"@type\":\"PropertyValueSpecification\",\"valueRequired\":true,\"valueName\":\"search_term_string\"}}],\"inLanguage\":\"pt-BR\"},{\"@type\":\"Organization\",\"@id\":\"https:\\\/\\\/ellotv.com.br\\\/site\\\/#organization\",\"name\":\"ELLO TV\",\"url\":\"https:\\\/\\\/ellotv.com.br\\\/site\\\/\",\"logo\":{\"@type\":\"ImageObject\",\"inLanguage\":\"pt-BR\",\"@id\":\"https:\\\/\\\/ellotv.com.br\\\/site\\\/#\\\/schema\\\/logo\\\/image\\\/\",\"url\":\"https:\\\/\\\/ellotv.com.br\\\/site\\\/wp-content\\\/uploads\\\/2025\\\/11\\\/ello-logo-2.fw_.png\",\"contentUrl\":\"https:\\\/\\\/ellotv.com.br\\\/site\\\/wp-content\\\/uploads\\\/2025\\\/11\\\/ello-logo-2.fw_.png\",\"width\":400,\"height\":146,\"caption\":\"ELLO TV\"},\"image\":{\"@id\":\"https:\\\/\\\/ellotv.com.br\\\/site\\\/#\\\/schema\\\/logo\\\/image\\\/\"}},{\"@type\":\"Person\",\"@id\":\"https:\\\/\\\/ellotv.com.br\\\/site\\\/#\\\/schema\\\/person\\\/2dbe3abaee38dcc7332fc8205cd2b15d\",\"name\":\"ELLO TV\",\"image\":{\"@type\":\"ImageObject\",\"inLanguage\":\"pt-BR\",\"@id\":\"https:\\\/\\\/secure.gravatar.com\\\/avatar\\\/c38242b9da8ec217ac3f0aaee31a54f7d7befb11b2b47fdbc8fb0fad60afa1c6?s=96&d=mm&r=g\",\"url\":\"https:\\\/\\\/secure.gravatar.com\\\/avatar\\\/c38242b9da8ec217ac3f0aaee31a54f7d7befb11b2b47fdbc8fb0fad60afa1c6?s=96&d=mm&r=g\",\"contentUrl\":\"https:\\\/\\\/secure.gravatar.com\\\/avatar\\\/c38242b9da8ec217ac3f0aaee31a54f7d7befb11b2b47fdbc8fb0fad60afa1c6?s=96&d=mm&r=g\",\"caption\":\"ELLO TV\"},\"url\":\"https:\\\/\\\/ellotv.com.br\\\/site\\\/author\\\/elloagencia\\\/\"}]}<\/script>\n<!-- \/ Yoast SEO plugin. -->","yoast_head_json":{"title":"MARCONI SANTANA N\u00c3O PARA DE CRESCER E GANHA REFOR\u00c7O DE TATY DE IBITIRANGA EM CARNA\u00cdBA - Ello TV","description":"Projeto de Marconi Santana cresce no Sert\u00e3o e ganha refor\u00e7o com a ades\u00e3o de Taty de Ibitiranga, lideran\u00e7a de Carna\u00edba.","robots":{"index":"index","follow":"follow","max-snippet":"max-snippet:-1","max-image-preview":"max-image-preview:large","max-video-preview":"max-video-preview:-1"},"canonical":"https:\/\/ellotv.com.br\/site\/2026\/04\/17\/marconi-santana-nao-para-de-crescer-e-ganha-reforco-de-taty-de-ibitiranga-em-carnaiba\/","og_locale":"pt_BR","og_type":"article","og_title":"MARCONI SANTANA N\u00c3O PARA DE CRESCER E GANHA REFOR\u00c7O DE TATY DE IBITIRANGA EM CARNA\u00cdBA - Ello TV","og_description":"Projeto de Marconi Santana cresce no Sert\u00e3o e ganha refor\u00e7o com a ades\u00e3o de Taty de Ibitiranga, lideran\u00e7a de Carna\u00edba.","og_url":"https:\/\/ellotv.com.br\/site\/2026\/04\/17\/marconi-santana-nao-para-de-crescer-e-ganha-reforco-de-taty-de-ibitiranga-em-carnaiba\/","og_site_name":"Ello TV","article_published_time":"2026-04-17T17:58:13+00:00","article_modified_time":"2026-04-17T17:58:37+00:00","og_image":[{"width":960,"height":1280,"url":"https:\/\/ellotv.com.br\/site\/wp-content\/uploads\/2026\/04\/WhatsApp-Image-2026-04-17-at-12.45.35.jpeg","type":"image\/jpeg"}],"author":"ELLO TV","twitter_card":"summary_large_image","twitter_misc":{"Escrito por":"ELLO TV","Est. tempo de leitura":"1 minuto"},"schema":{"@context":"https:\/\/schema.org","@graph":[{"@type":"Article","@id":"https:\/\/ellotv.com.br\/site\/2026\/04\/17\/marconi-santana-nao-para-de-crescer-e-ganha-reforco-de-taty-de-ibitiranga-em-carnaiba\/#article","isPartOf":{"@id":"https:\/\/ellotv.com.br\/site\/2026\/04\/17\/marconi-santana-nao-para-de-crescer-e-ganha-reforco-de-taty-de-ibitiranga-em-carnaiba\/"},"author":{"name":"ELLO TV","@id":"https:\/\/ellotv.com.br\/site\/#\/schema\/person\/2dbe3abaee38dcc7332fc8205cd2b15d"},"headline":"MARCONI SANTANA N\u00c3O PARA DE CRESCER E GANHA REFOR\u00c7O DE TATY DE IBITIRANGA EM CARNA\u00cdBA","datePublished":"2026-04-17T17:58:13+00:00","dateModified":"2026-04-17T17:58:37+00:00","mainEntityOfPage":{"@id":"https:\/\/ellotv.com.br\/site\/2026\/04\/17\/marconi-santana-nao-para-de-crescer-e-ganha-reforco-de-taty-de-ibitiranga-em-carnaiba\/"},"wordCount":260,"commentCount":0,"publisher":{"@id":"https:\/\/ellotv.com.br\/site\/#organization"},"image":{"@id":"https:\/\/ellotv.com.br\/site\/2026\/04\/17\/marconi-santana-nao-para-de-crescer-e-ganha-reforco-de-taty-de-ibitiranga-em-carnaiba\/#primaryimage"},"thumbnailUrl":"https:\/\/ellotv.com.br\/site\/wp-content\/uploads\/2026\/04\/WhatsApp-Image-2026-04-17-at-12.45.35.jpeg","articleSection":["Noticias","Regional"],"inLanguage":"pt-BR","potentialAction":[{"@type":"CommentAction","name":"Comment","target":["https:\/\/ellotv.com.br\/site\/2026\/04\/17\/marconi-santana-nao-para-de-crescer-e-ganha-reforco-de-taty-de-ibitiranga-em-carnaiba\/#respond"]}]},{"@type":"WebPage","@id":"https:\/\/ellotv.com.br\/site\/2026\/04\/17\/marconi-santana-nao-para-de-crescer-e-ganha-reforco-de-taty-de-ibitiranga-em-carnaiba\/","url":"https:\/\/ellotv.com.br\/site\/2026\/04\/17\/marconi-santana-nao-para-de-crescer-e-ganha-reforco-de-taty-de-ibitiranga-em-carnaiba\/","name":"MARCONI SANTANA N\u00c3O PARA DE CRESCER E GANHA REFOR\u00c7O DE TATY DE IBITIRANGA EM CARNA\u00cdBA - Ello TV","isPartOf":{"@id":"https:\/\/ellotv.com.br\/site\/#website"},"primaryImageOfPage":{"@id":"https:\/\/ellotv.com.br\/site\/2026\/04\/17\/marconi-santana-nao-para-de-crescer-e-ganha-reforco-de-taty-de-ibitiranga-em-carnaiba\/#primaryimage"},"image":{"@id":"https:\/\/ellotv.com.br\/site\/2026\/04\/17\/marconi-santana-nao-para-de-crescer-e-ganha-reforco-de-taty-de-ibitiranga-em-carnaiba\/#primaryimage"},"thumbnailUrl":"https:\/\/ellotv.com.br\/site\/wp-content\/uploads\/2026\/04\/WhatsApp-Image-2026-04-17-at-12.45.35.jpeg","datePublished":"2026-04-17T17:58:13+00:00","dateModified":"2026-04-17T17:58:37+00:00","description":"Projeto de Marconi Santana cresce no Sert\u00e3o e ganha refor\u00e7o com a ades\u00e3o de Taty de Ibitiranga, lideran\u00e7a de Carna\u00edba.","breadcrumb":{"@id":"https:\/\/ellotv.com.br\/site\/2026\/04\/17\/marconi-santana-nao-para-de-crescer-e-ganha-reforco-de-taty-de-ibitiranga-em-carnaiba\/#breadcrumb"},"inLanguage":"pt-BR","potentialAction":[{"@type":"ReadAction","target":["https:\/\/ellotv.com.br\/site\/2026\/04\/17\/marconi-santana-nao-para-de-crescer-e-ganha-reforco-de-taty-de-ibitiranga-em-carnaiba\/"]}]},{"@type":"ImageObject","inLanguage":"pt-BR","@id":"https:\/\/ellotv.com.br\/site\/2026\/04\/17\/marconi-santana-nao-para-de-crescer-e-ganha-reforco-de-taty-de-ibitiranga-em-carnaiba\/#primaryimage","url":"https:\/\/ellotv.com.br\/site\/wp-content\/uploads\/2026\/04\/WhatsApp-Image-2026-04-17-at-12.45.35.jpeg","contentUrl":"https:\/\/ellotv.com.br\/site\/wp-content\/uploads\/2026\/04\/WhatsApp-Image-2026-04-17-at-12.45.35.jpeg","width":960,"height":1280},{"@type":"BreadcrumbList","@id":"https:\/\/ellotv.com.br\/site\/2026\/04\/17\/marconi-santana-nao-para-de-crescer-e-ganha-reforco-de-taty-de-ibitiranga-em-carnaiba\/#breadcrumb","itemListElement":[{"@type":"ListItem","position":1,"name":"In\u00edcio","item":"https:\/\/ellotv.com.br\/site\/"},{"@type":"ListItem","position":2,"name":"MARCONI SANTANA N\u00c3O PARA DE CRESCER E GANHA REFOR\u00c7O DE TATY DE IBITIRANGA EM CARNA\u00cdBA"}]},{"@type":"WebSite","@id":"https:\/\/ellotv.com.br\/site\/#website","url":"https:\/\/ellotv.com.br\/site\/","name":"ELLO TV","description":"","publisher":{"@id":"https:\/\/ellotv.com.br\/site\/#organization"},"potentialAction":[{"@type":"SearchAction","target":{"@type":"EntryPoint","urlTemplate":"https:\/\/ellotv.com.br\/site\/?s={search_term_string}"},"query-input":{"@type":"PropertyValueSpecification","valueRequired":true,"valueName":"search_term_string"}}],"inLanguage":"pt-BR"},{"@type":"Organization","@id":"https:\/\/ellotv.com.br\/site\/#organization","name":"ELLO TV","url":"https:\/\/ellotv.com.br\/site\/","logo":{"@type":"ImageObject","inLanguage":"pt-BR","@id":"https:\/\/ellotv.com.br\/site\/#\/schema\/logo\/image\/","url":"https:\/\/ellotv.com.br\/site\/wp-content\/uploads\/2025\/11\/ello-logo-2.fw_.png","contentUrl":"https:\/\/ellotv.com.br\/site\/wp-content\/uploads\/2025\/11\/ello-logo-2.fw_.png","width":400,"height":146,"caption":"ELLO TV"},"image":{"@id":"https:\/\/ellotv.com.br\/site\/#\/schema\/logo\/image\/"}},{"@type":"Person","@id":"https:\/\/ellotv.com.br\/site\/#\/schema\/person\/2dbe3abaee38dcc7332fc8205cd2b15d","name":"ELLO TV","image":{"@type":"ImageObject","inLanguage":"pt-BR","@id":"https:\/\/secure.gravatar.com\/avatar\/c38242b9da8ec217ac3f0aaee31a54f7d7befb11b2b47fdbc8fb0fad60afa1c6?s=96&d=mm&r=g","url":"https:\/\/secure.gravatar.com\/avatar\/c38242b9da8ec217ac3f0aaee31a54f7d7befb11b2b47fdbc8fb0fad60afa1c6?s=96&d=mm&r=g","contentUrl":"https:\/\/secure.gravatar.com\/avatar\/c38242b9da8ec217ac3f0aaee31a54f7d7befb11b2b47fdbc8fb0fad60afa1c6?s=96&d=mm&r=g","caption":"ELLO TV"},"url":"https:\/\/ellotv.com.br\/site\/author\/elloagencia\/"}]}},"featured_image_urls":{"full":["https:\/\/ellotv.com.br\/site\/wp-content\/uploads\/2026\/04\/WhatsApp-Image-2026-04-17-at-12.45.35.jpeg",960,1280,false],"thumbnail":["https:\/\/ellotv.com.br\/site\/wp-content\/uploads\/2026\/04\/WhatsApp-Image-2026-04-17-at-12.45.35-150x150.jpeg",150,150,true],"medium":["https:\/\/ellotv.com.br\/site\/wp-content\/uploads\/2026\/04\/WhatsApp-Image-2026-04-17-at-12.45.35-225x300.jpeg",225,300,true],"medium_large":["https:\/\/ellotv.com.br\/site\/wp-content\/uploads\/2026\/04\/WhatsApp-Image-2026-04-17-at-12.45.35-768x1024.jpeg",640,853,true],"large":["https:\/\/ellotv.com.br\/site\/wp-content\/uploads\/2026\/04\/WhatsApp-Image-2026-04-17-at-12.45.35-768x1024.jpeg",640,853,true],"1536x1536":["https:\/\/ellotv.com.br\/site\/wp-content\/uploads\/2026\/04\/WhatsApp-Image-2026-04-17-at-12.45.35.jpeg",960,1280,false],"2048x2048":["https:\/\/ellotv.com.br\/site\/wp-content\/uploads\/2026\/04\/WhatsApp-Image-2026-04-17-at-12.45.35.jpeg",960,1280,false],"darknews-slider-full":["https:\/\/ellotv.com.br\/site\/wp-content\/uploads\/2026\/04\/WhatsApp-Image-2026-04-17-at-12.45.35-960x720.jpeg",960,720,true],"darknews-featured":["https:\/\/ellotv.com.br\/site\/wp-content\/uploads\/2026\/04\/WhatsApp-Image-2026-04-17-at-12.45.35.jpeg",960,1280,false],"darknews-medium":["https:\/\/ellotv.com.br\/site\/wp-content\/uploads\/2026\/04\/WhatsApp-Image-2026-04-17-at-12.45.35-720x530.jpeg",720,530,true],"darknews-medium-square":["https:\/\/ellotv.com.br\/site\/wp-content\/uploads\/2026\/04\/WhatsApp-Image-2026-04-17-at-12.45.35-350x350.jpeg",350,350,true]},"author_info":{"info":["ELLO TV"]},"category_info":"<a href=\"https:\/\/ellotv.com.br\/site\/category\/noticias\/\" rel=\"category tag\">Noticias<\/a> <a href=\"https:\/\/ellotv.com.br\/site\/category\/regional\/\" rel=\"category tag\">Regional<\/a>","tag_info":"Regional","comment_count":"0","_links":{"self":[{"href":"https:\/\/ellotv.com.br\/site\/wp-json\/wp\/v2\/posts\/5747","targetHints":{"allow":["GET"]}}],"collection":[{"href":"https:\/\/ellotv.com.br\/site\/wp-json\/wp\/v2\/posts"}],"about":[{"href":"https:\/\/ellotv.com.br\/site\/wp-json\/wp\/v2\/types\/post"}],"author":[{"embeddable":true,"href":"https:\/\/ellotv.com.br\/site\/wp-json\/wp\/v2\/users\/2"}],"replies":[{"embeddable":true,"href":"https:\/\/ellotv.com.br\/site\/wp-json\/wp\/v2\/comments?post=5747"}],"version-history":[{"count":1,"href":"https:\/\/ellotv.com.br\/site\/wp-json\/wp\/v2\/posts\/5747\/revisions"}],"predecessor-version":[{"id":5748,"href":"https:\/\/ellotv.com.br\/site\/wp-json\/wp\/v2\/posts\/5747\/revisions\/5748"}],"wp:featuredmedia":[{"embeddable":true,"href":"https:\/\/ellotv.com.br\/site\/wp-json\/wp\/v2\/media\/5749"}],"wp:attachment":[{"href":"https:\/\/ellotv.com.br\/site\/wp-json\/wp\/v2\/media?parent=5747"}],"wp:term":[{"taxonomy":"category","embeddable":true,"href":"https:\/\/ellotv.com.br\/site\/wp-json\/wp\/v2\/categories?post=5747"},{"taxonomy":"post_tag","embeddable":true,"href":"https:\/\/ellotv.com.br\/site\/wp-json\/wp\/v2\/tags?post=5747"}],"curies":[{"name":"wp","href":"https:\/\/api.w.org\/{rel}","templated":true}]}}