{"id":5751,"date":"2026-04-17T15:15:17","date_gmt":"2026-04-17T18:15:17","guid":{"rendered":"https:\/\/ellotv.com.br\/site\/?p=5751"},"modified":"2026-04-17T15:15:17","modified_gmt":"2026-04-17T18:15:17","slug":"artista-de-sao-jose-do-egito-e-indicado-ao-premio-da-musica-de-pernambuco","status":"publish","type":"post","link":"https:\/\/ellotv.com.br\/site\/2026\/04\/17\/artista-de-sao-jose-do-egito-e-indicado-ao-premio-da-musica-de-pernambuco\/","title":{"rendered":"Artista de S\u00e3o Jos\u00e9 do Egito \u00e9 indicado ao Pr\u00eamio da M\u00fasica de Pernambuco"},"content":{"rendered":"<p data-start=\"79\" data-end=\"327\">O cantor, compositor e poeta <span class=\"hover:entity-accent entity-underline inline cursor-pointer align-baseline\"><span class=\"whitespace-normal\">Islan<\/span><\/span>, natural de <span class=\"hover:entity-accent entity-underline inline cursor-pointer align-baseline\"><span class=\"whitespace-normal\">S\u00e3o Jos\u00e9 do Egito<\/span><\/span>, foi indicado ao <span class=\"hover:entity-accent entity-underline inline cursor-pointer align-baseline\"><span class=\"whitespace-normal\">17\u00ba Pr\u00eamio da M\u00fasica de Pernambuco<\/span><\/span> com seu primeiro EP autoral, concorrendo na categoria \u00c1lbum Cultura Popular.<\/p>\n<h3 data-section-id=\"ck9w5c\" data-start=\"329\" data-end=\"360\">\ud83c\udfb6 Destaque na cena musical<\/h3>\n<p data-start=\"362\" data-end=\"539\">Em ascens\u00e3o na m\u00fasica pernambucana, Islan vem chamando aten\u00e7\u00e3o ao unir elementos da cultura nordestina com influ\u00eancias do rock, criando uma sonoridade aut\u00eantica e contempor\u00e2nea.<\/p>\n<h3 data-section-id=\"jbfttk\" data-start=\"541\" data-end=\"578\">\ud83c\udf35 Valoriza\u00e7\u00e3o da cultura popular<\/h3>\n<p data-start=\"580\" data-end=\"784\">A indica\u00e7\u00e3o refor\u00e7a o reconhecimento do seu trabalho e evidencia a for\u00e7a da produ\u00e7\u00e3o cultural do interior do estado, destacando artistas que mant\u00eam vivas as tradi\u00e7\u00f5es enquanto inovam na linguagem musical.<\/p>\n<h3 data-section-id=\"1lxfd3h\" data-start=\"786\" data-end=\"817\">\ud83d\ude80 Nova gera\u00e7\u00e3o de artistas<\/h3>\n<p data-start=\"819\" data-end=\"1029\">Com identidade pr\u00f3pria e ra\u00edzes bem definidas, Islan representa uma nova gera\u00e7\u00e3o que valoriza a cultura popular e, ao mesmo tempo, explora novas possibilidades sonoras, ampliando o alcance da m\u00fasica nordestina.<\/p>\n","protected":false},"excerpt":{"rendered":"<p>O cantor, compositor e poeta Islan, natural de S\u00e3o Jos\u00e9 do Egito, foi indicado ao 17\u00ba Pr\u00eamio da<\/p>\n","protected":false},"author":2,"featured_media":5752,"comment_status":"open","ping_status":"open","sticky":false,"template":"","format":"standard","meta":{"footnotes":""},"categories":[12,9],"tags":[],"class_list":["post-5751","post","type-post","status-publish","format-standard","has-post-thumbnail","hentry","category-noticias","category-regional"],"yoast_head":"<!-- This site is optimized with the Yoast SEO plugin v28.3 - https:\/\/yoast.com\/product\/yoast-seo-wordpress\/ -->\n<title>Artista de S\u00e3o Jos\u00e9 do Egito \u00e9 indicado ao Pr\u00eamio da M\u00fasica de Pernambuco - Ello TV<\/title>\n<meta name=\"description\" content=\"Islan, artista de S\u00e3o Jos\u00e9 do Egito, \u00e9 indicado ao 17\u00ba Pr\u00eamio da M\u00fasica de Pernambuco com EP de cultura popular.\" \/>\n<meta name=\"robots\" content=\"index, follow, max-snippet:-1, max-image-preview:large, max-video-preview:-1\" \/>\n<link rel=\"canonical\" href=\"https:\/\/ellotv.com.br\/site\/2026\/04\/17\/artista-de-sao-jose-do-egito-e-indicado-ao-premio-da-musica-de-pernambuco\/\" \/>\n<meta property=\"og:locale\" content=\"pt_BR\" \/>\n<meta property=\"og:type\" content=\"article\" \/>\n<meta property=\"og:title\" content=\"Artista de S\u00e3o Jos\u00e9 do Egito \u00e9 indicado ao Pr\u00eamio da M\u00fasica de Pernambuco - Ello TV\" \/>\n<meta property=\"og:description\" content=\"Islan, artista de S\u00e3o Jos\u00e9 do Egito, \u00e9 indicado ao 17\u00ba Pr\u00eamio da M\u00fasica de Pernambuco com EP de cultura popular.\" \/>\n<meta property=\"og:url\" content=\"https:\/\/ellotv.com.br\/site\/2026\/04\/17\/artista-de-sao-jose-do-egito-e-indicado-ao-premio-da-musica-de-pernambuco\/\" \/>\n<meta property=\"og:site_name\" content=\"Ello TV\" \/>\n<meta property=\"article:published_time\" content=\"2026-04-17T18:15:17+00:00\" \/>\n<meta property=\"og:image\" content=\"https:\/\/ellotv.com.br\/site\/wp-content\/uploads\/2026\/04\/WhatsApp-Image-2026-04-17-at-15.09.05.jpeg\" \/>\n\t<meta property=\"og:image:width\" content=\"1080\" \/>\n\t<meta property=\"og:image:height\" content=\"1350\" \/>\n\t<meta property=\"og:image:type\" content=\"image\/jpeg\" \/>\n<meta name=\"author\" content=\"ELLO TV\" \/>\n<meta name=\"twitter:card\" content=\"summary_large_image\" \/>\n<meta name=\"twitter:label1\" content=\"Escrito por\" \/>\n\t<meta name=\"twitter:data1\" content=\"ELLO TV\" \/>\n\t<meta name=\"twitter:label2\" content=\"Est. tempo de leitura\" \/>\n\t<meta name=\"twitter:data2\" content=\"1 minuto\" \/>\n<script type=\"application\/ld+json\" class=\"yoast-schema-graph\">{\"@context\":\"https:\\\/\\\/schema.org\",\"@graph\":[{\"@type\":\"Article\",\"@id\":\"https:\\\/\\\/ellotv.com.br\\\/site\\\/2026\\\/04\\\/17\\\/artista-de-sao-jose-do-egito-e-indicado-ao-premio-da-musica-de-pernambuco\\\/#article\",\"isPartOf\":{\"@id\":\"https:\\\/\\\/ellotv.com.br\\\/site\\\/2026\\\/04\\\/17\\\/artista-de-sao-jose-do-egito-e-indicado-ao-premio-da-musica-de-pernambuco\\\/\"},\"author\":{\"name\":\"ELLO TV\",\"@id\":\"https:\\\/\\\/ellotv.com.br\\\/site\\\/#\\\/schema\\\/person\\\/2dbe3abaee38dcc7332fc8205cd2b15d\"},\"headline\":\"Artista de S\u00e3o Jos\u00e9 do Egito \u00e9 indicado ao Pr\u00eamio da M\u00fasica de Pernambuco\",\"datePublished\":\"2026-04-17T18:15:17+00:00\",\"mainEntityOfPage\":{\"@id\":\"https:\\\/\\\/ellotv.com.br\\\/site\\\/2026\\\/04\\\/17\\\/artista-de-sao-jose-do-egito-e-indicado-ao-premio-da-musica-de-pernambuco\\\/\"},\"wordCount\":167,\"commentCount\":0,\"publisher\":{\"@id\":\"https:\\\/\\\/ellotv.com.br\\\/site\\\/#organization\"},\"image\":{\"@id\":\"https:\\\/\\\/ellotv.com.br\\\/site\\\/2026\\\/04\\\/17\\\/artista-de-sao-jose-do-egito-e-indicado-ao-premio-da-musica-de-pernambuco\\\/#primaryimage\"},\"thumbnailUrl\":\"https:\\\/\\\/ellotv.com.br\\\/site\\\/wp-content\\\/uploads\\\/2026\\\/04\\\/WhatsApp-Image-2026-04-17-at-15.09.05.jpeg\",\"articleSection\":[\"Noticias\",\"Regional\"],\"inLanguage\":\"pt-BR\",\"potentialAction\":[{\"@type\":\"CommentAction\",\"name\":\"Comment\",\"target\":[\"https:\\\/\\\/ellotv.com.br\\\/site\\\/2026\\\/04\\\/17\\\/artista-de-sao-jose-do-egito-e-indicado-ao-premio-da-musica-de-pernambuco\\\/#respond\"]}]},{\"@type\":\"WebPage\",\"@id\":\"https:\\\/\\\/ellotv.com.br\\\/site\\\/2026\\\/04\\\/17\\\/artista-de-sao-jose-do-egito-e-indicado-ao-premio-da-musica-de-pernambuco\\\/\",\"url\":\"https:\\\/\\\/ellotv.com.br\\\/site\\\/2026\\\/04\\\/17\\\/artista-de-sao-jose-do-egito-e-indicado-ao-premio-da-musica-de-pernambuco\\\/\",\"name\":\"Artista de S\u00e3o Jos\u00e9 do Egito \u00e9 indicado ao Pr\u00eamio da M\u00fasica de Pernambuco - Ello TV\",\"isPartOf\":{\"@id\":\"https:\\\/\\\/ellotv.com.br\\\/site\\\/#website\"},\"primaryImageOfPage\":{\"@id\":\"https:\\\/\\\/ellotv.com.br\\\/site\\\/2026\\\/04\\\/17\\\/artista-de-sao-jose-do-egito-e-indicado-ao-premio-da-musica-de-pernambuco\\\/#primaryimage\"},\"image\":{\"@id\":\"https:\\\/\\\/ellotv.com.br\\\/site\\\/2026\\\/04\\\/17\\\/artista-de-sao-jose-do-egito-e-indicado-ao-premio-da-musica-de-pernambuco\\\/#primaryimage\"},\"thumbnailUrl\":\"https:\\\/\\\/ellotv.com.br\\\/site\\\/wp-content\\\/uploads\\\/2026\\\/04\\\/WhatsApp-Image-2026-04-17-at-15.09.05.jpeg\",\"datePublished\":\"2026-04-17T18:15:17+00:00\",\"description\":\"Islan, artista de S\u00e3o Jos\u00e9 do Egito, \u00e9 indicado ao 17\u00ba Pr\u00eamio da M\u00fasica de Pernambuco com EP de cultura popular.\",\"breadcrumb\":{\"@id\":\"https:\\\/\\\/ellotv.com.br\\\/site\\\/2026\\\/04\\\/17\\\/artista-de-sao-jose-do-egito-e-indicado-ao-premio-da-musica-de-pernambuco\\\/#breadcrumb\"},\"inLanguage\":\"pt-BR\",\"potentialAction\":[{\"@type\":\"ReadAction\",\"target\":[\"https:\\\/\\\/ellotv.com.br\\\/site\\\/2026\\\/04\\\/17\\\/artista-de-sao-jose-do-egito-e-indicado-ao-premio-da-musica-de-pernambuco\\\/\"]}]},{\"@type\":\"ImageObject\",\"inLanguage\":\"pt-BR\",\"@id\":\"https:\\\/\\\/ellotv.com.br\\\/site\\\/2026\\\/04\\\/17\\\/artista-de-sao-jose-do-egito-e-indicado-ao-premio-da-musica-de-pernambuco\\\/#primaryimage\",\"url\":\"https:\\\/\\\/ellotv.com.br\\\/site\\\/wp-content\\\/uploads\\\/2026\\\/04\\\/WhatsApp-Image-2026-04-17-at-15.09.05.jpeg\",\"contentUrl\":\"https:\\\/\\\/ellotv.com.br\\\/site\\\/wp-content\\\/uploads\\\/2026\\\/04\\\/WhatsApp-Image-2026-04-17-at-15.09.05.jpeg\",\"width\":1080,\"height\":1350},{\"@type\":\"BreadcrumbList\",\"@id\":\"https:\\\/\\\/ellotv.com.br\\\/site\\\/2026\\\/04\\\/17\\\/artista-de-sao-jose-do-egito-e-indicado-ao-premio-da-musica-de-pernambuco\\\/#breadcrumb\",\"itemListElement\":[{\"@type\":\"ListItem\",\"position\":1,\"name\":\"In\u00edcio\",\"item\":\"https:\\\/\\\/ellotv.com.br\\\/site\\\/\"},{\"@type\":\"ListItem\",\"position\":2,\"name\":\"Artista de S\u00e3o Jos\u00e9 do Egito \u00e9 indicado ao Pr\u00eamio da M\u00fasica de Pernambuco\"}]},{\"@type\":\"WebSite\",\"@id\":\"https:\\\/\\\/ellotv.com.br\\\/site\\\/#website\",\"url\":\"https:\\\/\\\/ellotv.com.br\\\/site\\\/\",\"name\":\"ELLO TV\",\"description\":\"\",\"publisher\":{\"@id\":\"https:\\\/\\\/ellotv.com.br\\\/site\\\/#organization\"},\"potentialAction\":[{\"@type\":\"SearchAction\",\"target\":{\"@type\":\"EntryPoint\",\"urlTemplate\":\"https:\\\/\\\/ellotv.com.br\\\/site\\\/?s={search_term_string}\"},\"query-input\":{\"@type\":\"PropertyValueSpecification\",\"valueRequired\":true,\"valueName\":\"search_term_string\"}}],\"inLanguage\":\"pt-BR\"},{\"@type\":\"Organization\",\"@id\":\"https:\\\/\\\/ellotv.com.br\\\/site\\\/#organization\",\"name\":\"ELLO TV\",\"url\":\"https:\\\/\\\/ellotv.com.br\\\/site\\\/\",\"logo\":{\"@type\":\"ImageObject\",\"inLanguage\":\"pt-BR\",\"@id\":\"https:\\\/\\\/ellotv.com.br\\\/site\\\/#\\\/schema\\\/logo\\\/image\\\/\",\"url\":\"https:\\\/\\\/ellotv.com.br\\\/site\\\/wp-content\\\/uploads\\\/2025\\\/11\\\/ello-logo-2.fw_.png\",\"contentUrl\":\"https:\\\/\\\/ellotv.com.br\\\/site\\\/wp-content\\\/uploads\\\/2025\\\/11\\\/ello-logo-2.fw_.png\",\"width\":400,\"height\":146,\"caption\":\"ELLO TV\"},\"image\":{\"@id\":\"https:\\\/\\\/ellotv.com.br\\\/site\\\/#\\\/schema\\\/logo\\\/image\\\/\"}},{\"@type\":\"Person\",\"@id\":\"https:\\\/\\\/ellotv.com.br\\\/site\\\/#\\\/schema\\\/person\\\/2dbe3abaee38dcc7332fc8205cd2b15d\",\"name\":\"ELLO TV\",\"image\":{\"@type\":\"ImageObject\",\"inLanguage\":\"pt-BR\",\"@id\":\"https:\\\/\\\/secure.gravatar.com\\\/avatar\\\/c38242b9da8ec217ac3f0aaee31a54f7d7befb11b2b47fdbc8fb0fad60afa1c6?s=96&d=mm&r=g\",\"url\":\"https:\\\/\\\/secure.gravatar.com\\\/avatar\\\/c38242b9da8ec217ac3f0aaee31a54f7d7befb11b2b47fdbc8fb0fad60afa1c6?s=96&d=mm&r=g\",\"contentUrl\":\"https:\\\/\\\/secure.gravatar.com\\\/avatar\\\/c38242b9da8ec217ac3f0aaee31a54f7d7befb11b2b47fdbc8fb0fad60afa1c6?s=96&d=mm&r=g\",\"caption\":\"ELLO TV\"},\"url\":\"https:\\\/\\\/ellotv.com.br\\\/site\\\/author\\\/elloagencia\\\/\"}]}<\/script>\n<!-- \/ Yoast SEO plugin. -->","yoast_head_json":{"title":"Artista de S\u00e3o Jos\u00e9 do Egito \u00e9 indicado ao Pr\u00eamio da M\u00fasica de Pernambuco - Ello TV","description":"Islan, artista de S\u00e3o Jos\u00e9 do Egito, \u00e9 indicado ao 17\u00ba Pr\u00eamio da M\u00fasica de Pernambuco com EP de cultura popular.","robots":{"index":"index","follow":"follow","max-snippet":"max-snippet:-1","max-image-preview":"max-image-preview:large","max-video-preview":"max-video-preview:-1"},"canonical":"https:\/\/ellotv.com.br\/site\/2026\/04\/17\/artista-de-sao-jose-do-egito-e-indicado-ao-premio-da-musica-de-pernambuco\/","og_locale":"pt_BR","og_type":"article","og_title":"Artista de S\u00e3o Jos\u00e9 do Egito \u00e9 indicado ao Pr\u00eamio da M\u00fasica de Pernambuco - Ello TV","og_description":"Islan, artista de S\u00e3o Jos\u00e9 do Egito, \u00e9 indicado ao 17\u00ba Pr\u00eamio da M\u00fasica de Pernambuco com EP de cultura popular.","og_url":"https:\/\/ellotv.com.br\/site\/2026\/04\/17\/artista-de-sao-jose-do-egito-e-indicado-ao-premio-da-musica-de-pernambuco\/","og_site_name":"Ello TV","article_published_time":"2026-04-17T18:15:17+00:00","og_image":[{"width":1080,"height":1350,"url":"https:\/\/ellotv.com.br\/site\/wp-content\/uploads\/2026\/04\/WhatsApp-Image-2026-04-17-at-15.09.05.jpeg","type":"image\/jpeg"}],"author":"ELLO TV","twitter_card":"summary_large_image","twitter_misc":{"Escrito por":"ELLO TV","Est. tempo de leitura":"1 minuto"},"schema":{"@context":"https:\/\/schema.org","@graph":[{"@type":"Article","@id":"https:\/\/ellotv.com.br\/site\/2026\/04\/17\/artista-de-sao-jose-do-egito-e-indicado-ao-premio-da-musica-de-pernambuco\/#article","isPartOf":{"@id":"https:\/\/ellotv.com.br\/site\/2026\/04\/17\/artista-de-sao-jose-do-egito-e-indicado-ao-premio-da-musica-de-pernambuco\/"},"author":{"name":"ELLO TV","@id":"https:\/\/ellotv.com.br\/site\/#\/schema\/person\/2dbe3abaee38dcc7332fc8205cd2b15d"},"headline":"Artista de S\u00e3o Jos\u00e9 do Egito \u00e9 indicado ao Pr\u00eamio da M\u00fasica de Pernambuco","datePublished":"2026-04-17T18:15:17+00:00","mainEntityOfPage":{"@id":"https:\/\/ellotv.com.br\/site\/2026\/04\/17\/artista-de-sao-jose-do-egito-e-indicado-ao-premio-da-musica-de-pernambuco\/"},"wordCount":167,"commentCount":0,"publisher":{"@id":"https:\/\/ellotv.com.br\/site\/#organization"},"image":{"@id":"https:\/\/ellotv.com.br\/site\/2026\/04\/17\/artista-de-sao-jose-do-egito-e-indicado-ao-premio-da-musica-de-pernambuco\/#primaryimage"},"thumbnailUrl":"https:\/\/ellotv.com.br\/site\/wp-content\/uploads\/2026\/04\/WhatsApp-Image-2026-04-17-at-15.09.05.jpeg","articleSection":["Noticias","Regional"],"inLanguage":"pt-BR","potentialAction":[{"@type":"CommentAction","name":"Comment","target":["https:\/\/ellotv.com.br\/site\/2026\/04\/17\/artista-de-sao-jose-do-egito-e-indicado-ao-premio-da-musica-de-pernambuco\/#respond"]}]},{"@type":"WebPage","@id":"https:\/\/ellotv.com.br\/site\/2026\/04\/17\/artista-de-sao-jose-do-egito-e-indicado-ao-premio-da-musica-de-pernambuco\/","url":"https:\/\/ellotv.com.br\/site\/2026\/04\/17\/artista-de-sao-jose-do-egito-e-indicado-ao-premio-da-musica-de-pernambuco\/","name":"Artista de S\u00e3o Jos\u00e9 do Egito \u00e9 indicado ao Pr\u00eamio da M\u00fasica de Pernambuco - Ello TV","isPartOf":{"@id":"https:\/\/ellotv.com.br\/site\/#website"},"primaryImageOfPage":{"@id":"https:\/\/ellotv.com.br\/site\/2026\/04\/17\/artista-de-sao-jose-do-egito-e-indicado-ao-premio-da-musica-de-pernambuco\/#primaryimage"},"image":{"@id":"https:\/\/ellotv.com.br\/site\/2026\/04\/17\/artista-de-sao-jose-do-egito-e-indicado-ao-premio-da-musica-de-pernambuco\/#primaryimage"},"thumbnailUrl":"https:\/\/ellotv.com.br\/site\/wp-content\/uploads\/2026\/04\/WhatsApp-Image-2026-04-17-at-15.09.05.jpeg","datePublished":"2026-04-17T18:15:17+00:00","description":"Islan, artista de S\u00e3o Jos\u00e9 do Egito, \u00e9 indicado ao 17\u00ba Pr\u00eamio da M\u00fasica de Pernambuco com EP de cultura popular.","breadcrumb":{"@id":"https:\/\/ellotv.com.br\/site\/2026\/04\/17\/artista-de-sao-jose-do-egito-e-indicado-ao-premio-da-musica-de-pernambuco\/#breadcrumb"},"inLanguage":"pt-BR","potentialAction":[{"@type":"ReadAction","target":["https:\/\/ellotv.com.br\/site\/2026\/04\/17\/artista-de-sao-jose-do-egito-e-indicado-ao-premio-da-musica-de-pernambuco\/"]}]},{"@type":"ImageObject","inLanguage":"pt-BR","@id":"https:\/\/ellotv.com.br\/site\/2026\/04\/17\/artista-de-sao-jose-do-egito-e-indicado-ao-premio-da-musica-de-pernambuco\/#primaryimage","url":"https:\/\/ellotv.com.br\/site\/wp-content\/uploads\/2026\/04\/WhatsApp-Image-2026-04-17-at-15.09.05.jpeg","contentUrl":"https:\/\/ellotv.com.br\/site\/wp-content\/uploads\/2026\/04\/WhatsApp-Image-2026-04-17-at-15.09.05.jpeg","width":1080,"height":1350},{"@type":"BreadcrumbList","@id":"https:\/\/ellotv.com.br\/site\/2026\/04\/17\/artista-de-sao-jose-do-egito-e-indicado-ao-premio-da-musica-de-pernambuco\/#breadcrumb","itemListElement":[{"@type":"ListItem","position":1,"name":"In\u00edcio","item":"https:\/\/ellotv.com.br\/site\/"},{"@type":"ListItem","position":2,"name":"Artista de S\u00e3o Jos\u00e9 do Egito \u00e9 indicado ao Pr\u00eamio da M\u00fasica de Pernambuco"}]},{"@type":"WebSite","@id":"https:\/\/ellotv.com.br\/site\/#website","url":"https:\/\/ellotv.com.br\/site\/","name":"ELLO TV","description":"","publisher":{"@id":"https:\/\/ellotv.com.br\/site\/#organization"},"potentialAction":[{"@type":"SearchAction","target":{"@type":"EntryPoint","urlTemplate":"https:\/\/ellotv.com.br\/site\/?s={search_term_string}"},"query-input":{"@type":"PropertyValueSpecification","valueRequired":true,"valueName":"search_term_string"}}],"inLanguage":"pt-BR"},{"@type":"Organization","@id":"https:\/\/ellotv.com.br\/site\/#organization","name":"ELLO TV","url":"https:\/\/ellotv.com.br\/site\/","logo":{"@type":"ImageObject","inLanguage":"pt-BR","@id":"https:\/\/ellotv.com.br\/site\/#\/schema\/logo\/image\/","url":"https:\/\/ellotv.com.br\/site\/wp-content\/uploads\/2025\/11\/ello-logo-2.fw_.png","contentUrl":"https:\/\/ellotv.com.br\/site\/wp-content\/uploads\/2025\/11\/ello-logo-2.fw_.png","width":400,"height":146,"caption":"ELLO TV"},"image":{"@id":"https:\/\/ellotv.com.br\/site\/#\/schema\/logo\/image\/"}},{"@type":"Person","@id":"https:\/\/ellotv.com.br\/site\/#\/schema\/person\/2dbe3abaee38dcc7332fc8205cd2b15d","name":"ELLO TV","image":{"@type":"ImageObject","inLanguage":"pt-BR","@id":"https:\/\/secure.gravatar.com\/avatar\/c38242b9da8ec217ac3f0aaee31a54f7d7befb11b2b47fdbc8fb0fad60afa1c6?s=96&d=mm&r=g","url":"https:\/\/secure.gravatar.com\/avatar\/c38242b9da8ec217ac3f0aaee31a54f7d7befb11b2b47fdbc8fb0fad60afa1c6?s=96&d=mm&r=g","contentUrl":"https:\/\/secure.gravatar.com\/avatar\/c38242b9da8ec217ac3f0aaee31a54f7d7befb11b2b47fdbc8fb0fad60afa1c6?s=96&d=mm&r=g","caption":"ELLO TV"},"url":"https:\/\/ellotv.com.br\/site\/author\/elloagencia\/"}]}},"featured_image_urls":{"full":["https:\/\/ellotv.com.br\/site\/wp-content\/uploads\/2026\/04\/WhatsApp-Image-2026-04-17-at-15.09.05.jpeg",1080,1350,false],"thumbnail":["https:\/\/ellotv.com.br\/site\/wp-content\/uploads\/2026\/04\/WhatsApp-Image-2026-04-17-at-15.09.05-150x150.jpeg",150,150,true],"medium":["https:\/\/ellotv.com.br\/site\/wp-content\/uploads\/2026\/04\/WhatsApp-Image-2026-04-17-at-15.09.05-240x300.jpeg",240,300,true],"medium_large":["https:\/\/ellotv.com.br\/site\/wp-content\/uploads\/2026\/04\/WhatsApp-Image-2026-04-17-at-15.09.05-768x960.jpeg",640,800,true],"large":["https:\/\/ellotv.com.br\/site\/wp-content\/uploads\/2026\/04\/WhatsApp-Image-2026-04-17-at-15.09.05-819x1024.jpeg",640,800,true],"1536x1536":["https:\/\/ellotv.com.br\/site\/wp-content\/uploads\/2026\/04\/WhatsApp-Image-2026-04-17-at-15.09.05.jpeg",1080,1350,false],"2048x2048":["https:\/\/ellotv.com.br\/site\/wp-content\/uploads\/2026\/04\/WhatsApp-Image-2026-04-17-at-15.09.05.jpeg",1080,1350,false],"darknews-slider-full":["https:\/\/ellotv.com.br\/site\/wp-content\/uploads\/2026\/04\/WhatsApp-Image-2026-04-17-at-15.09.05-1080x720.jpeg",1080,720,true],"darknews-featured":["https:\/\/ellotv.com.br\/site\/wp-content\/uploads\/2026\/04\/WhatsApp-Image-2026-04-17-at-15.09.05-1024x1280.jpeg",1024,1280,true],"darknews-medium":["https:\/\/ellotv.com.br\/site\/wp-content\/uploads\/2026\/04\/WhatsApp-Image-2026-04-17-at-15.09.05-720x530.jpeg",720,530,true],"darknews-medium-square":["https:\/\/ellotv.com.br\/site\/wp-content\/uploads\/2026\/04\/WhatsApp-Image-2026-04-17-at-15.09.05-350x350.jpeg",350,350,true]},"author_info":{"info":["ELLO TV"]},"category_info":"<a href=\"https:\/\/ellotv.com.br\/site\/category\/noticias\/\" rel=\"category tag\">Noticias<\/a> <a href=\"https:\/\/ellotv.com.br\/site\/category\/regional\/\" rel=\"category tag\">Regional<\/a>","tag_info":"Regional","comment_count":"0","_links":{"self":[{"href":"https:\/\/ellotv.com.br\/site\/wp-json\/wp\/v2\/posts\/5751","targetHints":{"allow":["GET"]}}],"collection":[{"href":"https:\/\/ellotv.com.br\/site\/wp-json\/wp\/v2\/posts"}],"about":[{"href":"https:\/\/ellotv.com.br\/site\/wp-json\/wp\/v2\/types\/post"}],"author":[{"embeddable":true,"href":"https:\/\/ellotv.com.br\/site\/wp-json\/wp\/v2\/users\/2"}],"replies":[{"embeddable":true,"href":"https:\/\/ellotv.com.br\/site\/wp-json\/wp\/v2\/comments?post=5751"}],"version-history":[{"count":3,"href":"https:\/\/ellotv.com.br\/site\/wp-json\/wp\/v2\/posts\/5751\/revisions"}],"predecessor-version":[{"id":5755,"href":"https:\/\/ellotv.com.br\/site\/wp-json\/wp\/v2\/posts\/5751\/revisions\/5755"}],"wp:featuredmedia":[{"embeddable":true,"href":"https:\/\/ellotv.com.br\/site\/wp-json\/wp\/v2\/media\/5752"}],"wp:attachment":[{"href":"https:\/\/ellotv.com.br\/site\/wp-json\/wp\/v2\/media?parent=5751"}],"wp:term":[{"taxonomy":"category","embeddable":true,"href":"https:\/\/ellotv.com.br\/site\/wp-json\/wp\/v2\/categories?post=5751"},{"taxonomy":"post_tag","embeddable":true,"href":"https:\/\/ellotv.com.br\/site\/wp-json\/wp\/v2\/tags?post=5751"}],"curies":[{"name":"wp","href":"https:\/\/api.w.org\/{rel}","templated":true}]}}