{"id":6035,"date":"2026-05-11T08:44:51","date_gmt":"2026-05-11T11:44:51","guid":{"rendered":"https:\/\/ellotv.com.br\/site\/?p=6035"},"modified":"2026-05-11T08:44:51","modified_gmt":"2026-05-11T11:44:51","slug":"marconi-santana-mobiliza-grande-publico-na-capital-e-consolida-projeto-alem-do-sertao","status":"publish","type":"post","link":"https:\/\/ellotv.com.br\/site\/2026\/05\/11\/marconi-santana-mobiliza-grande-publico-na-capital-e-consolida-projeto-alem-do-sertao\/","title":{"rendered":"MARCONI SANTANA MOBILIZA GRANDE P\u00daBLICO NA CAPITAL E CONSOLIDA PROJETO AL\u00c9M DO SERT\u00c3O"},"content":{"rendered":"<p data-start=\"69\" data-end=\"501\">O <span class=\"hover:entity-accent entity-underline inline cursor-pointer align-baseline\"><span class=\"whitespace-normal\">Teatro Beberibe<\/span><\/span>, em <span class=\"hover:entity-accent entity-underline inline cursor-pointer align-baseline\"><span class=\"whitespace-normal\">Recife<\/span><\/span>, foi palco neste s\u00e1bado de uma grande mobiliza\u00e7\u00e3o liderada por <span class=\"hover:entity-accent entity-underline inline cursor-pointer align-baseline\"><span class=\"whitespace-normal\">Marconi Santana<\/span><\/span>, evidenciando a expans\u00e3o do seu projeto pol\u00edtico por diferentes regi\u00f5es do estado. A edi\u00e7\u00e3o do projeto \u201cConversando com o Povo, ouvindo Pernambuco\u201d reuniu um p\u00fablico expressivo e destacou a presen\u00e7a do l\u00edder sertanejo tamb\u00e9m na Regi\u00e3o Metropolitana.<\/p>\n<h3 data-section-id=\"ztsty2\" data-start=\"503\" data-end=\"535\">Crescimento e articula\u00e7\u00e3o<\/h3>\n<p data-start=\"536\" data-end=\"815\">A participa\u00e7\u00e3o popular refor\u00e7a a viabilidade da pr\u00e9-candidatura de Marconi Santana \u00e0 <span class=\"hover:entity-accent entity-underline inline cursor-pointer align-baseline\"><span class=\"whitespace-normal\">Assembleia Legislativa de Pernambuco<\/span><\/span>. O encontro demonstrou a capacidade do pr\u00e9-candidato em dialogar al\u00e9m de suas bases tradicionais, conectando pautas do interior com expectativas da capital.<\/p>\n<h3 data-section-id=\"nv2f02\" data-start=\"817\" data-end=\"844\">Estrat\u00e9gia de escuta<\/h3>\n<p data-start=\"845\" data-end=\"1103\">Com foco na escuta ativa da popula\u00e7\u00e3o, o projeto vem percorrendo diversas regi\u00f5es e consolidando uma agenda participativa. A iniciativa tem fortalecido a articula\u00e7\u00e3o pol\u00edtica de Marconi, ampliando sua rede de apoios e consolidando sua presen\u00e7a em Pernambuco.<\/p>\n<h3 data-section-id=\"orwrxc\" data-start=\"1105\" data-end=\"1129\">Proje\u00e7\u00e3o estadual<\/h3>\n<p data-start=\"1130\" data-end=\"1443\">O evento no Recife simboliza mais uma etapa importante na trajet\u00f3ria do pr\u00e9-candidato, que segue fortalecendo sua imagem pol\u00edtica e ampliando seu alcance. A mobiliza\u00e7\u00e3o na capital indica um crescimento consistente e coloca seu nome entre os que ganham visibilidade na disputa por uma vaga no legislativo estadual.<\/p>\n<h3 data-section-id=\"11l6xih\" data-start=\"1445\" data-end=\"1467\">Pr\u00f3ximos passos<\/h3>\n<p data-start=\"1468\" data-end=\"1678\">Com o \u00eaxito na Regi\u00e3o Metropolitana, a expectativa \u00e9 de continuidade das agendas em diferentes munic\u00edpios, refor\u00e7ando o di\u00e1logo com a popula\u00e7\u00e3o e a constru\u00e7\u00e3o de propostas voltadas ao desenvolvimento do estado.<\/p>\n<p data-start=\"1468\" data-end=\"1678\"><img fetchpriority=\"high\" decoding=\"async\" class=\"aligncenter wp-image-6037 size-full\" src=\"https:\/\/ellotv.com.br\/site\/wp-content\/uploads\/2026\/05\/WhatsApp-Image-2026-05-09-at-19.33.10-1.jpeg\" alt=\"\" width=\"1024\" height=\"1280\" srcset=\"https:\/\/ellotv.com.br\/site\/wp-content\/uploads\/2026\/05\/WhatsApp-Image-2026-05-09-at-19.33.10-1.jpeg 1024w, https:\/\/ellotv.com.br\/site\/wp-content\/uploads\/2026\/05\/WhatsApp-Image-2026-05-09-at-19.33.10-1-240x300.jpeg 240w, https:\/\/ellotv.com.br\/site\/wp-content\/uploads\/2026\/05\/WhatsApp-Image-2026-05-09-at-19.33.10-1-819x1024.jpeg 819w, https:\/\/ellotv.com.br\/site\/wp-content\/uploads\/2026\/05\/WhatsApp-Image-2026-05-09-at-19.33.10-1-768x960.jpeg 768w\" sizes=\"(max-width: 1024px) 100vw, 1024px\" \/> <img decoding=\"async\" class=\"aligncenter wp-image-6038 size-full\" src=\"https:\/\/ellotv.com.br\/site\/wp-content\/uploads\/2026\/05\/WhatsApp-Image-2026-05-09-at-19.33.10-2.jpeg\" alt=\"\" width=\"960\" height=\"1280\" srcset=\"https:\/\/ellotv.com.br\/site\/wp-content\/uploads\/2026\/05\/WhatsApp-Image-2026-05-09-at-19.33.10-2.jpeg 960w, https:\/\/ellotv.com.br\/site\/wp-content\/uploads\/2026\/05\/WhatsApp-Image-2026-05-09-at-19.33.10-2-225x300.jpeg 225w, https:\/\/ellotv.com.br\/site\/wp-content\/uploads\/2026\/05\/WhatsApp-Image-2026-05-09-at-19.33.10-2-768x1024.jpeg 768w\" sizes=\"(max-width: 960px) 100vw, 960px\" \/> <img decoding=\"async\" class=\"aligncenter wp-image-6039 size-full\" src=\"https:\/\/ellotv.com.br\/site\/wp-content\/uploads\/2026\/05\/WhatsApp-Image-2026-05-09-at-19.33.10-4.jpeg\" alt=\"\" width=\"960\" height=\"1280\" srcset=\"https:\/\/ellotv.com.br\/site\/wp-content\/uploads\/2026\/05\/WhatsApp-Image-2026-05-09-at-19.33.10-4.jpeg 960w, https:\/\/ellotv.com.br\/site\/wp-content\/uploads\/2026\/05\/WhatsApp-Image-2026-05-09-at-19.33.10-4-225x300.jpeg 225w, https:\/\/ellotv.com.br\/site\/wp-content\/uploads\/2026\/05\/WhatsApp-Image-2026-05-09-at-19.33.10-4-768x1024.jpeg 768w\" sizes=\"(max-width: 960px) 100vw, 960px\" \/> <img loading=\"lazy\" decoding=\"async\" class=\"aligncenter wp-image-6040 size-full\" src=\"https:\/\/ellotv.com.br\/site\/wp-content\/uploads\/2026\/05\/WhatsApp-Image-2026-05-09-at-19.33.10.jpeg\" alt=\"\" width=\"1024\" height=\"1280\" srcset=\"https:\/\/ellotv.com.br\/site\/wp-content\/uploads\/2026\/05\/WhatsApp-Image-2026-05-09-at-19.33.10.jpeg 1024w, https:\/\/ellotv.com.br\/site\/wp-content\/uploads\/2026\/05\/WhatsApp-Image-2026-05-09-at-19.33.10-240x300.jpeg 240w, https:\/\/ellotv.com.br\/site\/wp-content\/uploads\/2026\/05\/WhatsApp-Image-2026-05-09-at-19.33.10-819x1024.jpeg 819w, https:\/\/ellotv.com.br\/site\/wp-content\/uploads\/2026\/05\/WhatsApp-Image-2026-05-09-at-19.33.10-768x960.jpeg 768w\" sizes=\"(max-width: 1024px) 100vw, 1024px\" \/> <img loading=\"lazy\" decoding=\"async\" class=\"aligncenter wp-image-6041 size-full\" src=\"https:\/\/ellotv.com.br\/site\/wp-content\/uploads\/2026\/05\/WhatsApp-Image-2026-05-09-at-19.33.11-1.jpeg\" alt=\"\" width=\"1024\" height=\"1280\" srcset=\"https:\/\/ellotv.com.br\/site\/wp-content\/uploads\/2026\/05\/WhatsApp-Image-2026-05-09-at-19.33.11-1.jpeg 1024w, https:\/\/ellotv.com.br\/site\/wp-content\/uploads\/2026\/05\/WhatsApp-Image-2026-05-09-at-19.33.11-1-240x300.jpeg 240w, https:\/\/ellotv.com.br\/site\/wp-content\/uploads\/2026\/05\/WhatsApp-Image-2026-05-09-at-19.33.11-1-819x1024.jpeg 819w, https:\/\/ellotv.com.br\/site\/wp-content\/uploads\/2026\/05\/WhatsApp-Image-2026-05-09-at-19.33.11-1-768x960.jpeg 768w\" sizes=\"(max-width: 1024px) 100vw, 1024px\" \/> <img loading=\"lazy\" decoding=\"async\" class=\"aligncenter wp-image-6042 size-full\" src=\"https:\/\/ellotv.com.br\/site\/wp-content\/uploads\/2026\/05\/WhatsApp-Image-2026-05-09-at-19.33.11.jpeg\" alt=\"\" width=\"960\" height=\"1280\" srcset=\"https:\/\/ellotv.com.br\/site\/wp-content\/uploads\/2026\/05\/WhatsApp-Image-2026-05-09-at-19.33.11.jpeg 960w, https:\/\/ellotv.com.br\/site\/wp-content\/uploads\/2026\/05\/WhatsApp-Image-2026-05-09-at-19.33.11-225x300.jpeg 225w, https:\/\/ellotv.com.br\/site\/wp-content\/uploads\/2026\/05\/WhatsApp-Image-2026-05-09-at-19.33.11-768x1024.jpeg 768w\" sizes=\"(max-width: 960px) 100vw, 960px\" \/><\/p>\n","protected":false},"excerpt":{"rendered":"<p>O Teatro Beberibe, em Recife, foi palco neste s\u00e1bado de uma grande mobiliza\u00e7\u00e3o liderada por Marconi Santana, evidenciando<\/p>\n","protected":false},"author":2,"featured_media":6036,"comment_status":"open","ping_status":"open","sticky":false,"template":"","format":"standard","meta":{"footnotes":""},"categories":[8,12,9],"tags":[],"class_list":["post-6035","post","type-post","status-publish","format-standard","has-post-thumbnail","hentry","category-brasil","category-noticias","category-regional"],"yoast_head":"<!-- This site is optimized with the Yoast SEO plugin v28.3 - https:\/\/yoast.com\/product\/yoast-seo-wordpress\/ -->\n<title>MARCONI SANTANA MOBILIZA GRANDE P\u00daBLICO NA CAPITAL E CONSOLIDA PROJETO AL\u00c9M DO SERT\u00c3O - Ello TV<\/title>\n<meta name=\"description\" content=\"Marconi Santana re\u00fane p\u00fablico expressivo no Teatro Beberibe, no Recife, e fortalece pr\u00e9-candidatura \u00e0 Alepe com projeto de escuta popular em Pernambuco.\" \/>\n<meta name=\"robots\" content=\"index, follow, max-snippet:-1, max-image-preview:large, max-video-preview:-1\" \/>\n<link rel=\"canonical\" href=\"https:\/\/ellotv.com.br\/site\/2026\/05\/11\/marconi-santana-mobiliza-grande-publico-na-capital-e-consolida-projeto-alem-do-sertao\/\" \/>\n<meta property=\"og:locale\" content=\"pt_BR\" \/>\n<meta property=\"og:type\" content=\"article\" \/>\n<meta property=\"og:title\" content=\"MARCONI SANTANA MOBILIZA GRANDE P\u00daBLICO NA CAPITAL E CONSOLIDA PROJETO AL\u00c9M DO SERT\u00c3O - Ello TV\" \/>\n<meta property=\"og:description\" content=\"Marconi Santana re\u00fane p\u00fablico expressivo no Teatro Beberibe, no Recife, e fortalece pr\u00e9-candidatura \u00e0 Alepe com projeto de escuta popular em Pernambuco.\" \/>\n<meta property=\"og:url\" content=\"https:\/\/ellotv.com.br\/site\/2026\/05\/11\/marconi-santana-mobiliza-grande-publico-na-capital-e-consolida-projeto-alem-do-sertao\/\" \/>\n<meta property=\"og:site_name\" content=\"Ello TV\" \/>\n<meta property=\"article:published_time\" content=\"2026-05-11T11:44:51+00:00\" \/>\n<meta property=\"og:image\" content=\"https:\/\/ellotv.com.br\/site\/wp-content\/uploads\/2026\/05\/WhatsApp-Image-2026-05-09-at-19.33.10-3.jpeg\" \/>\n\t<meta property=\"og:image:width\" content=\"960\" \/>\n\t<meta property=\"og:image:height\" content=\"1280\" \/>\n\t<meta property=\"og:image:type\" content=\"image\/jpeg\" \/>\n<meta name=\"author\" content=\"ELLO TV\" \/>\n<meta name=\"twitter:card\" content=\"summary_large_image\" \/>\n<meta name=\"twitter:label1\" content=\"Escrito por\" \/>\n\t<meta name=\"twitter:data1\" content=\"ELLO TV\" \/>\n\t<meta name=\"twitter:label2\" content=\"Est. tempo de leitura\" \/>\n\t<meta name=\"twitter:data2\" content=\"1 minuto\" \/>\n<script type=\"application\/ld+json\" class=\"yoast-schema-graph\">{\"@context\":\"https:\\\/\\\/schema.org\",\"@graph\":[{\"@type\":\"Article\",\"@id\":\"https:\\\/\\\/ellotv.com.br\\\/site\\\/2026\\\/05\\\/11\\\/marconi-santana-mobiliza-grande-publico-na-capital-e-consolida-projeto-alem-do-sertao\\\/#article\",\"isPartOf\":{\"@id\":\"https:\\\/\\\/ellotv.com.br\\\/site\\\/2026\\\/05\\\/11\\\/marconi-santana-mobiliza-grande-publico-na-capital-e-consolida-projeto-alem-do-sertao\\\/\"},\"author\":{\"name\":\"ELLO TV\",\"@id\":\"https:\\\/\\\/ellotv.com.br\\\/site\\\/#\\\/schema\\\/person\\\/2dbe3abaee38dcc7332fc8205cd2b15d\"},\"headline\":\"MARCONI SANTANA MOBILIZA GRANDE P\u00daBLICO NA CAPITAL E CONSOLIDA PROJETO AL\u00c9M DO SERT\u00c3O\",\"datePublished\":\"2026-05-11T11:44:51+00:00\",\"mainEntityOfPage\":{\"@id\":\"https:\\\/\\\/ellotv.com.br\\\/site\\\/2026\\\/05\\\/11\\\/marconi-santana-mobiliza-grande-publico-na-capital-e-consolida-projeto-alem-do-sertao\\\/\"},\"wordCount\":269,\"commentCount\":0,\"publisher\":{\"@id\":\"https:\\\/\\\/ellotv.com.br\\\/site\\\/#organization\"},\"image\":{\"@id\":\"https:\\\/\\\/ellotv.com.br\\\/site\\\/2026\\\/05\\\/11\\\/marconi-santana-mobiliza-grande-publico-na-capital-e-consolida-projeto-alem-do-sertao\\\/#primaryimage\"},\"thumbnailUrl\":\"https:\\\/\\\/ellotv.com.br\\\/site\\\/wp-content\\\/uploads\\\/2026\\\/05\\\/WhatsApp-Image-2026-05-09-at-19.33.10-3.jpeg\",\"articleSection\":[\"Brasil\",\"Noticias\",\"Regional\"],\"inLanguage\":\"pt-BR\",\"potentialAction\":[{\"@type\":\"CommentAction\",\"name\":\"Comment\",\"target\":[\"https:\\\/\\\/ellotv.com.br\\\/site\\\/2026\\\/05\\\/11\\\/marconi-santana-mobiliza-grande-publico-na-capital-e-consolida-projeto-alem-do-sertao\\\/#respond\"]}]},{\"@type\":\"WebPage\",\"@id\":\"https:\\\/\\\/ellotv.com.br\\\/site\\\/2026\\\/05\\\/11\\\/marconi-santana-mobiliza-grande-publico-na-capital-e-consolida-projeto-alem-do-sertao\\\/\",\"url\":\"https:\\\/\\\/ellotv.com.br\\\/site\\\/2026\\\/05\\\/11\\\/marconi-santana-mobiliza-grande-publico-na-capital-e-consolida-projeto-alem-do-sertao\\\/\",\"name\":\"MARCONI SANTANA MOBILIZA GRANDE P\u00daBLICO NA CAPITAL E CONSOLIDA PROJETO AL\u00c9M DO SERT\u00c3O - Ello TV\",\"isPartOf\":{\"@id\":\"https:\\\/\\\/ellotv.com.br\\\/site\\\/#website\"},\"primaryImageOfPage\":{\"@id\":\"https:\\\/\\\/ellotv.com.br\\\/site\\\/2026\\\/05\\\/11\\\/marconi-santana-mobiliza-grande-publico-na-capital-e-consolida-projeto-alem-do-sertao\\\/#primaryimage\"},\"image\":{\"@id\":\"https:\\\/\\\/ellotv.com.br\\\/site\\\/2026\\\/05\\\/11\\\/marconi-santana-mobiliza-grande-publico-na-capital-e-consolida-projeto-alem-do-sertao\\\/#primaryimage\"},\"thumbnailUrl\":\"https:\\\/\\\/ellotv.com.br\\\/site\\\/wp-content\\\/uploads\\\/2026\\\/05\\\/WhatsApp-Image-2026-05-09-at-19.33.10-3.jpeg\",\"datePublished\":\"2026-05-11T11:44:51+00:00\",\"description\":\"Marconi Santana re\u00fane p\u00fablico expressivo no Teatro Beberibe, no Recife, e fortalece pr\u00e9-candidatura \u00e0 Alepe com projeto de escuta popular em Pernambuco.\",\"breadcrumb\":{\"@id\":\"https:\\\/\\\/ellotv.com.br\\\/site\\\/2026\\\/05\\\/11\\\/marconi-santana-mobiliza-grande-publico-na-capital-e-consolida-projeto-alem-do-sertao\\\/#breadcrumb\"},\"inLanguage\":\"pt-BR\",\"potentialAction\":[{\"@type\":\"ReadAction\",\"target\":[\"https:\\\/\\\/ellotv.com.br\\\/site\\\/2026\\\/05\\\/11\\\/marconi-santana-mobiliza-grande-publico-na-capital-e-consolida-projeto-alem-do-sertao\\\/\"]}]},{\"@type\":\"ImageObject\",\"inLanguage\":\"pt-BR\",\"@id\":\"https:\\\/\\\/ellotv.com.br\\\/site\\\/2026\\\/05\\\/11\\\/marconi-santana-mobiliza-grande-publico-na-capital-e-consolida-projeto-alem-do-sertao\\\/#primaryimage\",\"url\":\"https:\\\/\\\/ellotv.com.br\\\/site\\\/wp-content\\\/uploads\\\/2026\\\/05\\\/WhatsApp-Image-2026-05-09-at-19.33.10-3.jpeg\",\"contentUrl\":\"https:\\\/\\\/ellotv.com.br\\\/site\\\/wp-content\\\/uploads\\\/2026\\\/05\\\/WhatsApp-Image-2026-05-09-at-19.33.10-3.jpeg\",\"width\":960,\"height\":1280},{\"@type\":\"BreadcrumbList\",\"@id\":\"https:\\\/\\\/ellotv.com.br\\\/site\\\/2026\\\/05\\\/11\\\/marconi-santana-mobiliza-grande-publico-na-capital-e-consolida-projeto-alem-do-sertao\\\/#breadcrumb\",\"itemListElement\":[{\"@type\":\"ListItem\",\"position\":1,\"name\":\"In\u00edcio\",\"item\":\"https:\\\/\\\/ellotv.com.br\\\/site\\\/\"},{\"@type\":\"ListItem\",\"position\":2,\"name\":\"MARCONI SANTANA MOBILIZA GRANDE P\u00daBLICO NA CAPITAL E CONSOLIDA PROJETO AL\u00c9M DO SERT\u00c3O\"}]},{\"@type\":\"WebSite\",\"@id\":\"https:\\\/\\\/ellotv.com.br\\\/site\\\/#website\",\"url\":\"https:\\\/\\\/ellotv.com.br\\\/site\\\/\",\"name\":\"ELLO TV\",\"description\":\"\",\"publisher\":{\"@id\":\"https:\\\/\\\/ellotv.com.br\\\/site\\\/#organization\"},\"potentialAction\":[{\"@type\":\"SearchAction\",\"target\":{\"@type\":\"EntryPoint\",\"urlTemplate\":\"https:\\\/\\\/ellotv.com.br\\\/site\\\/?s={search_term_string}\"},\"query-input\":{\"@type\":\"PropertyValueSpecification\",\"valueRequired\":true,\"valueName\":\"search_term_string\"}}],\"inLanguage\":\"pt-BR\"},{\"@type\":\"Organization\",\"@id\":\"https:\\\/\\\/ellotv.com.br\\\/site\\\/#organization\",\"name\":\"ELLO TV\",\"url\":\"https:\\\/\\\/ellotv.com.br\\\/site\\\/\",\"logo\":{\"@type\":\"ImageObject\",\"inLanguage\":\"pt-BR\",\"@id\":\"https:\\\/\\\/ellotv.com.br\\\/site\\\/#\\\/schema\\\/logo\\\/image\\\/\",\"url\":\"https:\\\/\\\/ellotv.com.br\\\/site\\\/wp-content\\\/uploads\\\/2025\\\/11\\\/ello-logo-2.fw_.png\",\"contentUrl\":\"https:\\\/\\\/ellotv.com.br\\\/site\\\/wp-content\\\/uploads\\\/2025\\\/11\\\/ello-logo-2.fw_.png\",\"width\":400,\"height\":146,\"caption\":\"ELLO TV\"},\"image\":{\"@id\":\"https:\\\/\\\/ellotv.com.br\\\/site\\\/#\\\/schema\\\/logo\\\/image\\\/\"}},{\"@type\":\"Person\",\"@id\":\"https:\\\/\\\/ellotv.com.br\\\/site\\\/#\\\/schema\\\/person\\\/2dbe3abaee38dcc7332fc8205cd2b15d\",\"name\":\"ELLO TV\",\"image\":{\"@type\":\"ImageObject\",\"inLanguage\":\"pt-BR\",\"@id\":\"https:\\\/\\\/secure.gravatar.com\\\/avatar\\\/c38242b9da8ec217ac3f0aaee31a54f7d7befb11b2b47fdbc8fb0fad60afa1c6?s=96&d=mm&r=g\",\"url\":\"https:\\\/\\\/secure.gravatar.com\\\/avatar\\\/c38242b9da8ec217ac3f0aaee31a54f7d7befb11b2b47fdbc8fb0fad60afa1c6?s=96&d=mm&r=g\",\"contentUrl\":\"https:\\\/\\\/secure.gravatar.com\\\/avatar\\\/c38242b9da8ec217ac3f0aaee31a54f7d7befb11b2b47fdbc8fb0fad60afa1c6?s=96&d=mm&r=g\",\"caption\":\"ELLO TV\"},\"url\":\"https:\\\/\\\/ellotv.com.br\\\/site\\\/author\\\/elloagencia\\\/\"}]}<\/script>\n<!-- \/ Yoast SEO plugin. -->","yoast_head_json":{"title":"MARCONI SANTANA MOBILIZA GRANDE P\u00daBLICO NA CAPITAL E CONSOLIDA PROJETO AL\u00c9M DO SERT\u00c3O - Ello TV","description":"Marconi Santana re\u00fane p\u00fablico expressivo no Teatro Beberibe, no Recife, e fortalece pr\u00e9-candidatura \u00e0 Alepe com projeto de escuta popular em Pernambuco.","robots":{"index":"index","follow":"follow","max-snippet":"max-snippet:-1","max-image-preview":"max-image-preview:large","max-video-preview":"max-video-preview:-1"},"canonical":"https:\/\/ellotv.com.br\/site\/2026\/05\/11\/marconi-santana-mobiliza-grande-publico-na-capital-e-consolida-projeto-alem-do-sertao\/","og_locale":"pt_BR","og_type":"article","og_title":"MARCONI SANTANA MOBILIZA GRANDE P\u00daBLICO NA CAPITAL E CONSOLIDA PROJETO AL\u00c9M DO SERT\u00c3O - Ello TV","og_description":"Marconi Santana re\u00fane p\u00fablico expressivo no Teatro Beberibe, no Recife, e fortalece pr\u00e9-candidatura \u00e0 Alepe com projeto de escuta popular em Pernambuco.","og_url":"https:\/\/ellotv.com.br\/site\/2026\/05\/11\/marconi-santana-mobiliza-grande-publico-na-capital-e-consolida-projeto-alem-do-sertao\/","og_site_name":"Ello TV","article_published_time":"2026-05-11T11:44:51+00:00","og_image":[{"width":960,"height":1280,"url":"https:\/\/ellotv.com.br\/site\/wp-content\/uploads\/2026\/05\/WhatsApp-Image-2026-05-09-at-19.33.10-3.jpeg","type":"image\/jpeg"}],"author":"ELLO TV","twitter_card":"summary_large_image","twitter_misc":{"Escrito por":"ELLO TV","Est. tempo de leitura":"1 minuto"},"schema":{"@context":"https:\/\/schema.org","@graph":[{"@type":"Article","@id":"https:\/\/ellotv.com.br\/site\/2026\/05\/11\/marconi-santana-mobiliza-grande-publico-na-capital-e-consolida-projeto-alem-do-sertao\/#article","isPartOf":{"@id":"https:\/\/ellotv.com.br\/site\/2026\/05\/11\/marconi-santana-mobiliza-grande-publico-na-capital-e-consolida-projeto-alem-do-sertao\/"},"author":{"name":"ELLO TV","@id":"https:\/\/ellotv.com.br\/site\/#\/schema\/person\/2dbe3abaee38dcc7332fc8205cd2b15d"},"headline":"MARCONI SANTANA MOBILIZA GRANDE P\u00daBLICO NA CAPITAL E CONSOLIDA PROJETO AL\u00c9M DO SERT\u00c3O","datePublished":"2026-05-11T11:44:51+00:00","mainEntityOfPage":{"@id":"https:\/\/ellotv.com.br\/site\/2026\/05\/11\/marconi-santana-mobiliza-grande-publico-na-capital-e-consolida-projeto-alem-do-sertao\/"},"wordCount":269,"commentCount":0,"publisher":{"@id":"https:\/\/ellotv.com.br\/site\/#organization"},"image":{"@id":"https:\/\/ellotv.com.br\/site\/2026\/05\/11\/marconi-santana-mobiliza-grande-publico-na-capital-e-consolida-projeto-alem-do-sertao\/#primaryimage"},"thumbnailUrl":"https:\/\/ellotv.com.br\/site\/wp-content\/uploads\/2026\/05\/WhatsApp-Image-2026-05-09-at-19.33.10-3.jpeg","articleSection":["Brasil","Noticias","Regional"],"inLanguage":"pt-BR","potentialAction":[{"@type":"CommentAction","name":"Comment","target":["https:\/\/ellotv.com.br\/site\/2026\/05\/11\/marconi-santana-mobiliza-grande-publico-na-capital-e-consolida-projeto-alem-do-sertao\/#respond"]}]},{"@type":"WebPage","@id":"https:\/\/ellotv.com.br\/site\/2026\/05\/11\/marconi-santana-mobiliza-grande-publico-na-capital-e-consolida-projeto-alem-do-sertao\/","url":"https:\/\/ellotv.com.br\/site\/2026\/05\/11\/marconi-santana-mobiliza-grande-publico-na-capital-e-consolida-projeto-alem-do-sertao\/","name":"MARCONI SANTANA MOBILIZA GRANDE P\u00daBLICO NA CAPITAL E CONSOLIDA PROJETO AL\u00c9M DO SERT\u00c3O - Ello TV","isPartOf":{"@id":"https:\/\/ellotv.com.br\/site\/#website"},"primaryImageOfPage":{"@id":"https:\/\/ellotv.com.br\/site\/2026\/05\/11\/marconi-santana-mobiliza-grande-publico-na-capital-e-consolida-projeto-alem-do-sertao\/#primaryimage"},"image":{"@id":"https:\/\/ellotv.com.br\/site\/2026\/05\/11\/marconi-santana-mobiliza-grande-publico-na-capital-e-consolida-projeto-alem-do-sertao\/#primaryimage"},"thumbnailUrl":"https:\/\/ellotv.com.br\/site\/wp-content\/uploads\/2026\/05\/WhatsApp-Image-2026-05-09-at-19.33.10-3.jpeg","datePublished":"2026-05-11T11:44:51+00:00","description":"Marconi Santana re\u00fane p\u00fablico expressivo no Teatro Beberibe, no Recife, e fortalece pr\u00e9-candidatura \u00e0 Alepe com projeto de escuta popular em Pernambuco.","breadcrumb":{"@id":"https:\/\/ellotv.com.br\/site\/2026\/05\/11\/marconi-santana-mobiliza-grande-publico-na-capital-e-consolida-projeto-alem-do-sertao\/#breadcrumb"},"inLanguage":"pt-BR","potentialAction":[{"@type":"ReadAction","target":["https:\/\/ellotv.com.br\/site\/2026\/05\/11\/marconi-santana-mobiliza-grande-publico-na-capital-e-consolida-projeto-alem-do-sertao\/"]}]},{"@type":"ImageObject","inLanguage":"pt-BR","@id":"https:\/\/ellotv.com.br\/site\/2026\/05\/11\/marconi-santana-mobiliza-grande-publico-na-capital-e-consolida-projeto-alem-do-sertao\/#primaryimage","url":"https:\/\/ellotv.com.br\/site\/wp-content\/uploads\/2026\/05\/WhatsApp-Image-2026-05-09-at-19.33.10-3.jpeg","contentUrl":"https:\/\/ellotv.com.br\/site\/wp-content\/uploads\/2026\/05\/WhatsApp-Image-2026-05-09-at-19.33.10-3.jpeg","width":960,"height":1280},{"@type":"BreadcrumbList","@id":"https:\/\/ellotv.com.br\/site\/2026\/05\/11\/marconi-santana-mobiliza-grande-publico-na-capital-e-consolida-projeto-alem-do-sertao\/#breadcrumb","itemListElement":[{"@type":"ListItem","position":1,"name":"In\u00edcio","item":"https:\/\/ellotv.com.br\/site\/"},{"@type":"ListItem","position":2,"name":"MARCONI SANTANA MOBILIZA GRANDE P\u00daBLICO NA CAPITAL E CONSOLIDA PROJETO AL\u00c9M DO SERT\u00c3O"}]},{"@type":"WebSite","@id":"https:\/\/ellotv.com.br\/site\/#website","url":"https:\/\/ellotv.com.br\/site\/","name":"ELLO TV","description":"","publisher":{"@id":"https:\/\/ellotv.com.br\/site\/#organization"},"potentialAction":[{"@type":"SearchAction","target":{"@type":"EntryPoint","urlTemplate":"https:\/\/ellotv.com.br\/site\/?s={search_term_string}"},"query-input":{"@type":"PropertyValueSpecification","valueRequired":true,"valueName":"search_term_string"}}],"inLanguage":"pt-BR"},{"@type":"Organization","@id":"https:\/\/ellotv.com.br\/site\/#organization","name":"ELLO TV","url":"https:\/\/ellotv.com.br\/site\/","logo":{"@type":"ImageObject","inLanguage":"pt-BR","@id":"https:\/\/ellotv.com.br\/site\/#\/schema\/logo\/image\/","url":"https:\/\/ellotv.com.br\/site\/wp-content\/uploads\/2025\/11\/ello-logo-2.fw_.png","contentUrl":"https:\/\/ellotv.com.br\/site\/wp-content\/uploads\/2025\/11\/ello-logo-2.fw_.png","width":400,"height":146,"caption":"ELLO TV"},"image":{"@id":"https:\/\/ellotv.com.br\/site\/#\/schema\/logo\/image\/"}},{"@type":"Person","@id":"https:\/\/ellotv.com.br\/site\/#\/schema\/person\/2dbe3abaee38dcc7332fc8205cd2b15d","name":"ELLO TV","image":{"@type":"ImageObject","inLanguage":"pt-BR","@id":"https:\/\/secure.gravatar.com\/avatar\/c38242b9da8ec217ac3f0aaee31a54f7d7befb11b2b47fdbc8fb0fad60afa1c6?s=96&d=mm&r=g","url":"https:\/\/secure.gravatar.com\/avatar\/c38242b9da8ec217ac3f0aaee31a54f7d7befb11b2b47fdbc8fb0fad60afa1c6?s=96&d=mm&r=g","contentUrl":"https:\/\/secure.gravatar.com\/avatar\/c38242b9da8ec217ac3f0aaee31a54f7d7befb11b2b47fdbc8fb0fad60afa1c6?s=96&d=mm&r=g","caption":"ELLO TV"},"url":"https:\/\/ellotv.com.br\/site\/author\/elloagencia\/"}]}},"featured_image_urls":{"full":["https:\/\/ellotv.com.br\/site\/wp-content\/uploads\/2026\/05\/WhatsApp-Image-2026-05-09-at-19.33.10-3.jpeg",960,1280,false],"thumbnail":["https:\/\/ellotv.com.br\/site\/wp-content\/uploads\/2026\/05\/WhatsApp-Image-2026-05-09-at-19.33.10-3-150x150.jpeg",150,150,true],"medium":["https:\/\/ellotv.com.br\/site\/wp-content\/uploads\/2026\/05\/WhatsApp-Image-2026-05-09-at-19.33.10-3-225x300.jpeg",225,300,true],"medium_large":["https:\/\/ellotv.com.br\/site\/wp-content\/uploads\/2026\/05\/WhatsApp-Image-2026-05-09-at-19.33.10-3-768x1024.jpeg",640,853,true],"large":["https:\/\/ellotv.com.br\/site\/wp-content\/uploads\/2026\/05\/WhatsApp-Image-2026-05-09-at-19.33.10-3-768x1024.jpeg",640,853,true],"1536x1536":["https:\/\/ellotv.com.br\/site\/wp-content\/uploads\/2026\/05\/WhatsApp-Image-2026-05-09-at-19.33.10-3.jpeg",960,1280,false],"2048x2048":["https:\/\/ellotv.com.br\/site\/wp-content\/uploads\/2026\/05\/WhatsApp-Image-2026-05-09-at-19.33.10-3.jpeg",960,1280,false],"darknews-slider-full":["https:\/\/ellotv.com.br\/site\/wp-content\/uploads\/2026\/05\/WhatsApp-Image-2026-05-09-at-19.33.10-3-960x720.jpeg",960,720,true],"darknews-featured":["https:\/\/ellotv.com.br\/site\/wp-content\/uploads\/2026\/05\/WhatsApp-Image-2026-05-09-at-19.33.10-3.jpeg",960,1280,false],"darknews-medium":["https:\/\/ellotv.com.br\/site\/wp-content\/uploads\/2026\/05\/WhatsApp-Image-2026-05-09-at-19.33.10-3-720x530.jpeg",720,530,true],"darknews-medium-square":["https:\/\/ellotv.com.br\/site\/wp-content\/uploads\/2026\/05\/WhatsApp-Image-2026-05-09-at-19.33.10-3-350x350.jpeg",350,350,true]},"author_info":{"info":["ELLO TV"]},"category_info":"<a href=\"https:\/\/ellotv.com.br\/site\/category\/brasil\/\" rel=\"category tag\">Brasil<\/a> <a href=\"https:\/\/ellotv.com.br\/site\/category\/noticias\/\" rel=\"category tag\">Noticias<\/a> <a href=\"https:\/\/ellotv.com.br\/site\/category\/regional\/\" rel=\"category tag\">Regional<\/a>","tag_info":"Regional","comment_count":"0","_links":{"self":[{"href":"https:\/\/ellotv.com.br\/site\/wp-json\/wp\/v2\/posts\/6035","targetHints":{"allow":["GET"]}}],"collection":[{"href":"https:\/\/ellotv.com.br\/site\/wp-json\/wp\/v2\/posts"}],"about":[{"href":"https:\/\/ellotv.com.br\/site\/wp-json\/wp\/v2\/types\/post"}],"author":[{"embeddable":true,"href":"https:\/\/ellotv.com.br\/site\/wp-json\/wp\/v2\/users\/2"}],"replies":[{"embeddable":true,"href":"https:\/\/ellotv.com.br\/site\/wp-json\/wp\/v2\/comments?post=6035"}],"version-history":[{"count":2,"href":"https:\/\/ellotv.com.br\/site\/wp-json\/wp\/v2\/posts\/6035\/revisions"}],"predecessor-version":[{"id":6044,"href":"https:\/\/ellotv.com.br\/site\/wp-json\/wp\/v2\/posts\/6035\/revisions\/6044"}],"wp:featuredmedia":[{"embeddable":true,"href":"https:\/\/ellotv.com.br\/site\/wp-json\/wp\/v2\/media\/6036"}],"wp:attachment":[{"href":"https:\/\/ellotv.com.br\/site\/wp-json\/wp\/v2\/media?parent=6035"}],"wp:term":[{"taxonomy":"category","embeddable":true,"href":"https:\/\/ellotv.com.br\/site\/wp-json\/wp\/v2\/categories?post=6035"},{"taxonomy":"post_tag","embeddable":true,"href":"https:\/\/ellotv.com.br\/site\/wp-json\/wp\/v2\/tags?post=6035"}],"curies":[{"name":"wp","href":"https:\/\/api.w.org\/{rel}","templated":true}]}}